{"id":66464,"date":"2023-08-17T11:56:40","date_gmt":"2023-08-17T09:56:40","guid":{"rendered":"https:\/\/swissbaker.ch\/?p=66464"},"modified":"2023-08-23T10:15:11","modified_gmt":"2023-08-23T08:15:11","slug":"reduire-les-couts-energetiques-de-facon-simple","status":"publish","type":"post","link":"https:\/\/swissbaker.ch\/fr\/panissimo-news\/reduire-les-couts-energetiques-de-facon-simple\/","title":{"rendered":"R\u00e9duire les co\u00fbts \u00e9nerg\u00e9tiques de fa\u00e7on simple"},"content":{"rendered":"\n<p><strong>En tant que membre de l&#8217;Alliance pour les \u00e9conomies d&#8217;\u00e9nergie, l&#8217;Association suisse des patrons boulangers-confiseurs BCS tient \u00e0 ce que ses membres puissent \u00e9conomiser eux-m\u00eames de l&#8217;\u00e9nergie le plus facilement possible. Outre des mesures simples d&#8217;optimisation de l&#8217;exploitation, le site Internet de la campagne \u00abStop au gaspillage d\u2019\u00e9nergie\u00bb propose depuis peu diff\u00e9rentes offres de conseil et d&#8217;accompagnement pour les PME ainsi qu&#8217;un aper\u00e7u des programmes de soutien financier. Une visite s&#8217;impose, car \u00e9conomiser de l&#8217;\u00e9nergie, c\u2019est \u00e9conomiser des co\u00fbts.<\/strong><\/p>\n\n\n\n<p>Alors que l&#8217;hiver dernier, l&#8217;Alliance pour les \u00e9conomies d&#8217;\u00e9nergie s&#8217;est principalement concentr\u00e9e sur des mesures d&#8217;\u00e9conomie d&#8217;\u00e9nergie rapidement r\u00e9alisables, il s&#8217;agit d\u00e9sormais de plus en plus de d\u00e9tecter syst\u00e9matiquement les potentiels d&#8217;\u00e9conomie d&#8217;\u00e9nergie existants dans les processus et les installations et de les exploiter \u00e0 plus long terme. La taille de l&#8217;entreprise n&#8217;a aucune importance. Deux offres s&#8217;offrent en particulier aux PME: le conseil en \u00e9nergie de PEIK et ProKilowatt, le programme de l\u2019Office f\u00e9d\u00e9ral de l\u2019\u00e9nergie.<\/p>\n\n\n\n<h2 class=\"wp-block-heading\" id=\"h-peik-le-conseil-en-energie-pour-les-pme\"><strong>PEIK, le conseil en \u00e9nergie pour les PME<\/strong><\/h2>\n\n\n\n<p>Il vaut la peine de profiter des conseils et de l&#8217;accompagnement avantageux des professionnels de l&#8217;\u00e9nergie du programme PEIK. Ensemble, vous \u00e9laborez un plan adapt\u00e9 \u00e0 votre entreprise, qui permettra d&#8217;\u00e9conomiser de l&#8217;\u00e9nergie et de l&#8217;argent \u00e0 l&#8217;avenir. Apr\u00e8s un premier entretien gratuit, une visite sur place et une analyse des donn\u00e9es \u00e9nerg\u00e9tiques ont lieu. Les professionnels de l&#8217;\u00e9nergie peuvent ainsi d\u00e9terminer les mesures d&#8217;efficience qui sont envisageables pour l&#8217;entreprise concern\u00e9e. PEIK prend en charge jusqu&#8217;\u00e0 50% des co\u00fbts de l&#8217;audit \u00e9nerg\u00e9tique. Une fois que les propri\u00e9taires d&#8217;entreprise ont opt\u00e9 pour une variante de solution, ils sont \u00e9galement soutenus dans la mise en \u0153uvre, avec jusqu&#8217;\u00e0 dix jours d&#8217;accompagnement par un sp\u00e9cialiste en \u00e9nergie.<\/p>\n\n\n\n<p>Pour en savoir plus: <a href=\"http:\/\/www.peik.ch\" target=\"_blank\" rel=\"noreferrer noopener\">www.peik.ch<\/a><\/p>\n\n\n\n<h2 class=\"wp-block-heading\"><strong>Soutien financier<\/strong><\/h2>\n\n\n\n<p>ProKilowatt, <a href=\"https:\/\/www.bfe.admin.ch\/bfe\/fr\/home\/mesures-d-encouragement\/efficacite-energetique\/appels-offres-publics-prokilowatt.html\" target=\"_blank\" rel=\"noreferrer noopener\">le programme de l&#8217;Office f\u00e9d\u00e9ral de l&#8217;\u00e9nergie<\/a>, soutient les mesures d&#8217;efficience qui r\u00e9duisent la consommation d&#8217;\u00e9lectricit\u00e9. Les subventions peuvent s&#8217;\u00e9lever jusqu&#8217;\u00e0 30% des co\u00fbts d&#8217;investissement. Si ceux-ci sont inf\u00e9rieurs \u00e0 300&#8217;000 CHF, les int\u00e9ress\u00e9s peuvent s&#8217;inscrire au programme de leur choix. Les mesures d&#8217;efficacit\u00e9 dont les co\u00fbts d&#8217;investissement sont sup\u00e9rieurs \u00e0 70&#8217;000 CHF peuvent \u00e9galement \u00eatre soumises \u00e0 ProKilowatt en tant que projet individuel. Important: la demande doit parvenir au service concern\u00e9 avant le d\u00e9but de la mise en \u0153uvre.<\/p>\n\n\n\n<p>Pour en savoir plus: <a href=\"http:\/\/www.prokw.ch\">www.prokw.ch<\/a><\/p>\n\n\n\n<p><a href=\"https:\/\/www.prokw.ch\/calcul-rapide\" target=\"_blank\" rel=\"noreferrer noopener\">Vers le calcul rapide de ProKilowatt&#8230;\u00bb<\/a><\/p>\n\n\n\n<h2 class=\"wp-block-heading\"><strong>Infoline montre la voie de l&#8217;optimisation \u00e9nerg\u00e9tique <\/strong><strong><\/strong><\/h2>\n\n\n\n<p><strong>Pour les questions individuelles, l&#8217;Infoline 0848 444 444 est disponible gratuitement. La centrale t\u00e9l\u00e9phonique automatique enregistre les questions et les transmet \u00e0 des expert-es connaissant bien le secteur. Ceux-ci rappellent dans un d\u00e9lai de trois \u00e0 cinq jours ouvrables. Le premier conseil t\u00e9l\u00e9phonique est gratuit.<\/strong><strong><\/strong><\/p>\n\n\n\n<p><strong>Qu&#8217;il s&#8217;agisse de conseil, d&#8217;accompagnement ou de financement, vous trouverez toutes les informations sur les offres pour les PME sur: <\/strong><a href=\"http:\/\/www.stop-gaspillage.ch\/fr\/entreprises\">www.stop-gaspillage.ch\/fr\/entreprises<\/a><strong><\/strong><\/p>\n\n\n\n<h2 class=\"wp-block-heading\">Alliance pour les \u00e9conomies d&#8217;\u00e9nergie<\/h2>\n\n\n\n<p>Le principal objectif de l&#8217;Alliance pour les \u00e9conomies d&#8217;\u00e9nergie est un approvisionnement \u00e9nerg\u00e9tique s\u00fbr et durable pour la population ainsi que pour l&#8217;\u00e9conomie en Suisse. Elle r\u00e9unit des organisations &#8211; dont la BCS &#8211; qui soutiennent les efforts visant \u00e0 assurer la s\u00e9curit\u00e9 de l&#8217;approvisionnement en Suisse en prenant volontairement des mesures pour utiliser l&#8217;\u00e9nergie de mani\u00e8re plus efficiente et plus \u00e9conomique.<\/p>\n\n\n\n<p class=\"has-text-align-right\"><em>com\/cv<\/em><\/p>\n","protected":false},"excerpt":{"rendered":"<p>En tant que membre de l&#8217;Alliance pour les \u00e9conomies d&#8217;\u00e9nergie, l&#8217;Association suisse des patrons boulangers-confiseurs BCS tient \u00e0 ce que ses membres puissent \u00e9conomiser eux-m\u00eames de l&#8217;\u00e9nergie le plus facilement possible. Outre des mesures simples d&#8217;optimisation de l&#8217;exploitation, le site Internet de la campagne \u00abStop au gaspillage d\u2019\u00e9nergie\u00bb propose depuis peu diff\u00e9rentes offres de conseil et d&#8217;accompagnement pour les PME ainsi qu&#8217;un aper\u00e7u des programmes de soutien financier. Une visite s&#8217;impose, car \u00e9conomiser de l&#8217;\u00e9nergie, c\u2019est \u00e9conomiser des co\u00fbts.<\/p>\n","protected":false},"author":5,"featured_media":66465,"comment_status":"closed","ping_status":"closed","sticky":true,"template":"","format":"standard","meta":{"_acf_changed":false,"footnotes":""},"categories":[41,54],"tags":[],"class_list":["post-66464","post","type-post","status-publish","format-standard","has-post-thumbnail","hentry","category-association","category-conseils"],"acf":[],"yoast_head":"<!-- This site is optimized with the Yoast SEO Premium plugin v26.8 (Yoast SEO v26.8) - https:\/\/yoast.com\/product\/yoast-seo-premium-wordpress\/ -->\n<title>R\u00e9duire les co\u00fbts \u00e9nerg\u00e9tiques de fa\u00e7on simple | SBC<\/title>\n<meta name=\"robots\" content=\"index, follow, max-snippet:-1, max-image-preview:large, max-video-preview:-1\" \/>\n<link rel=\"canonical\" href=\"https:\/\/swissbaker.ch\/fr\/panissimo-news\/reduire-les-couts-energetiques-de-facon-simple\/\" \/>\n<meta property=\"og:locale\" content=\"fr_FR\" \/>\n<meta property=\"og:type\" content=\"article\" \/>\n<meta property=\"og:title\" content=\"R\u00e9duire les co\u00fbts \u00e9nerg\u00e9tiques de fa\u00e7on simple\" \/>\n<meta property=\"og:description\" content=\"En tant que membre de l&#039;Alliance pour les \u00e9conomies d&#039;\u00e9nergie, l&#039;Association suisse des patrons boulangers-confiseurs BCS tient \u00e0 ce que ses membres puissent \u00e9conomiser eux-m\u00eames de l&#039;\u00e9nergie le plus facilement possible. Outre des mesures simples d&#039;optimisation de l&#039;exploitation, le site Internet de la campagne \u00abStop au gaspillage d\u2019\u00e9nergie\u00bb propose depuis peu diff\u00e9rentes offres de conseil et d&#039;accompagnement pour les PME ainsi qu&#039;un aper\u00e7u des programmes de soutien financier. Une visite s&#039;impose, car \u00e9conomiser de l&#039;\u00e9nergie, c\u2019est \u00e9conomiser des co\u00fbts.\" \/>\n<meta property=\"og:url\" content=\"https:\/\/swissbaker.ch\/fr\/panissimo-news\/reduire-les-couts-energetiques-de-facon-simple\/\" \/>\n<meta property=\"og:site_name\" content=\"SBC\" \/>\n<meta property=\"article:publisher\" content=\"https:\/\/www.facebook.com\/swissbaker.ch\" \/>\n<meta property=\"article:published_time\" content=\"2023-08-17T09:56:40+00:00\" \/>\n<meta property=\"article:modified_time\" content=\"2023-08-23T08:15:11+00:00\" \/>\n<meta property=\"og:image\" content=\"https:\/\/swissbaker.ch\/wp-content\/uploads\/2023\/08\/15_1_energie_sparen_f.jpg\" \/>\n\t<meta property=\"og:image:width\" content=\"1200\" \/>\n\t<meta property=\"og:image:height\" content=\"712\" \/>\n\t<meta property=\"og:image:type\" content=\"image\/jpeg\" \/>\n<meta name=\"author\" content=\"Simon Nussbaum\" \/>\n<meta name=\"twitter:card\" content=\"summary_large_image\" \/>\n<meta name=\"twitter:creator\" content=\"@ch_swissbaker\" \/>\n<meta name=\"twitter:site\" content=\"@ch_swissbaker\" \/>\n<meta name=\"twitter:label1\" content=\"Written by\" \/>\n\t<meta name=\"twitter:data1\" content=\"Simon Nussbaum\" \/>\n\t<meta name=\"twitter:label2\" content=\"Est. reading time\" \/>\n\t<meta name=\"twitter:data2\" content=\"3 minutes\" \/>\n<script type=\"application\/ld+json\" class=\"yoast-schema-graph\">{\"@context\":\"https:\/\/schema.org\",\"@graph\":[{\"@type\":\"Article\",\"@id\":\"https:\/\/swissbaker.ch\/fr\/panissimo-news\/reduire-les-couts-energetiques-de-facon-simple\/#article\",\"isPartOf\":{\"@id\":\"https:\/\/swissbaker.ch\/fr\/panissimo-news\/reduire-les-couts-energetiques-de-facon-simple\/\"},\"author\":{\"name\":\"Simon Nussbaum\",\"@id\":\"https:\/\/swissbaker.ch\/fr\/#\/schema\/person\/74bd327b08c18ca6042c02ff6f0ed5e2\"},\"headline\":\"R\u00e9duire les co\u00fbts \u00e9nerg\u00e9tiques de fa\u00e7on simple\",\"datePublished\":\"2023-08-17T09:56:40+00:00\",\"dateModified\":\"2023-08-23T08:15:11+00:00\",\"mainEntityOfPage\":{\"@id\":\"https:\/\/swissbaker.ch\/fr\/panissimo-news\/reduire-les-couts-energetiques-de-facon-simple\/\"},\"wordCount\":620,\"publisher\":{\"@id\":\"https:\/\/swissbaker.ch\/fr\/#organization\"},\"image\":{\"@id\":\"https:\/\/swissbaker.ch\/fr\/panissimo-news\/reduire-les-couts-energetiques-de-facon-simple\/#primaryimage\"},\"thumbnailUrl\":\"https:\/\/swissbaker.ch\/wp-content\/uploads\/2023\/08\/15_1_energie_sparen_f.jpg\",\"articleSection\":[\"Association\",\"Conseils\"],\"inLanguage\":\"fr-FR\"},{\"@type\":\"WebPage\",\"@id\":\"https:\/\/swissbaker.ch\/fr\/panissimo-news\/reduire-les-couts-energetiques-de-facon-simple\/\",\"url\":\"https:\/\/swissbaker.ch\/fr\/panissimo-news\/reduire-les-couts-energetiques-de-facon-simple\/\",\"name\":\"R\u00e9duire les co\u00fbts \u00e9nerg\u00e9tiques de fa\u00e7on simple | SBC\",\"isPartOf\":{\"@id\":\"https:\/\/swissbaker.ch\/fr\/#website\"},\"primaryImageOfPage\":{\"@id\":\"https:\/\/swissbaker.ch\/fr\/panissimo-news\/reduire-les-couts-energetiques-de-facon-simple\/#primaryimage\"},\"image\":{\"@id\":\"https:\/\/swissbaker.ch\/fr\/panissimo-news\/reduire-les-couts-energetiques-de-facon-simple\/#primaryimage\"},\"thumbnailUrl\":\"https:\/\/swissbaker.ch\/wp-content\/uploads\/2023\/08\/15_1_energie_sparen_f.jpg\",\"datePublished\":\"2023-08-17T09:56:40+00:00\",\"dateModified\":\"2023-08-23T08:15:11+00:00\",\"breadcrumb\":{\"@id\":\"https:\/\/swissbaker.ch\/fr\/panissimo-news\/reduire-les-couts-energetiques-de-facon-simple\/#breadcrumb\"},\"inLanguage\":\"fr-FR\",\"potentialAction\":[{\"@type\":\"ReadAction\",\"target\":[\"https:\/\/swissbaker.ch\/fr\/panissimo-news\/reduire-les-couts-energetiques-de-facon-simple\/\"]}]},{\"@type\":\"ImageObject\",\"inLanguage\":\"fr-FR\",\"@id\":\"https:\/\/swissbaker.ch\/fr\/panissimo-news\/reduire-les-couts-energetiques-de-facon-simple\/#primaryimage\",\"url\":\"https:\/\/swissbaker.ch\/wp-content\/uploads\/2023\/08\/15_1_energie_sparen_f.jpg\",\"contentUrl\":\"https:\/\/swissbaker.ch\/wp-content\/uploads\/2023\/08\/15_1_energie_sparen_f.jpg\",\"width\":1200,\"height\":712},{\"@type\":\"BreadcrumbList\",\"@id\":\"https:\/\/swissbaker.ch\/fr\/panissimo-news\/reduire-les-couts-energetiques-de-facon-simple\/#breadcrumb\",\"itemListElement\":[{\"@type\":\"ListItem\",\"position\":1,\"name\":\"\",\"item\":\"https:\/\/swissbaker.ch\/fr\/\"},{\"@type\":\"ListItem\",\"position\":2,\"name\":\"Association\",\"item\":\"https:\/\/swissbaker.ch\/fr\/panissimo-news\/category\/association\/\"},{\"@type\":\"ListItem\",\"position\":3,\"name\":\"R\u00e9duire les co\u00fbts \u00e9nerg\u00e9tiques de fa\u00e7on simple\"}]},{\"@type\":\"WebSite\",\"@id\":\"https:\/\/swissbaker.ch\/fr\/#website\",\"url\":\"https:\/\/swissbaker.ch\/fr\/\",\"name\":\"SBC\",\"description\":\"\",\"publisher\":{\"@id\":\"https:\/\/swissbaker.ch\/fr\/#organization\"},\"potentialAction\":[{\"@type\":\"SearchAction\",\"target\":{\"@type\":\"EntryPoint\",\"urlTemplate\":\"https:\/\/swissbaker.ch\/fr\/?s={search_term_string}\"},\"query-input\":{\"@type\":\"PropertyValueSpecification\",\"valueRequired\":true,\"valueName\":\"search_term_string\"}}],\"inLanguage\":\"fr-FR\"},{\"@type\":\"Organization\",\"@id\":\"https:\/\/swissbaker.ch\/fr\/#organization\",\"name\":\"Schweizerischer B\u00e4cker-Confiseurmeister-Verband\",\"url\":\"https:\/\/swissbaker.ch\/fr\/\",\"logo\":{\"@type\":\"ImageObject\",\"inLanguage\":\"fr-FR\",\"@id\":\"https:\/\/swissbaker.ch\/fr\/#\/schema\/logo\/image\/\",\"url\":\"https:\/\/swissbaker.ch\/wp-content\/uploads\/2022\/04\/sbc-logo-yoast.jpg\",\"contentUrl\":\"https:\/\/swissbaker.ch\/wp-content\/uploads\/2022\/04\/sbc-logo-yoast.jpg\",\"width\":512,\"height\":512,\"caption\":\"Schweizerischer B\u00e4cker-Confiseurmeister-Verband\"},\"image\":{\"@id\":\"https:\/\/swissbaker.ch\/fr\/#\/schema\/logo\/image\/\"},\"sameAs\":[\"https:\/\/www.facebook.com\/swissbaker.ch\",\"https:\/\/x.com\/ch_swissbaker\"]},{\"@type\":\"Person\",\"@id\":\"https:\/\/swissbaker.ch\/fr\/#\/schema\/person\/74bd327b08c18ca6042c02ff6f0ed5e2\",\"name\":\"Simon Nussbaum\",\"image\":{\"@type\":\"ImageObject\",\"inLanguage\":\"fr-FR\",\"@id\":\"https:\/\/swissbaker.ch\/fr\/#\/schema\/person\/image\/\",\"url\":\"https:\/\/secure.gravatar.com\/avatar\/df0eced3bb556c806cb760cf503ade1ed1df25b4104d80d6fd28d93a9509aa12?s=96&d=mm&r=g\",\"contentUrl\":\"https:\/\/secure.gravatar.com\/avatar\/df0eced3bb556c806cb760cf503ade1ed1df25b4104d80d6fd28d93a9509aa12?s=96&d=mm&r=g\",\"caption\":\"Simon Nussbaum\"},\"url\":\"https:\/\/swissbaker.ch\/fr\/panissimo-news\/author\/simon-nussbaum\/\"}]}<\/script>\n<!-- \/ Yoast SEO Premium plugin. -->","yoast_head_json":{"title":"R\u00e9duire les co\u00fbts \u00e9nerg\u00e9tiques de fa\u00e7on simple | SBC","robots":{"index":"index","follow":"follow","max-snippet":"max-snippet:-1","max-image-preview":"max-image-preview:large","max-video-preview":"max-video-preview:-1"},"canonical":"https:\/\/swissbaker.ch\/fr\/panissimo-news\/reduire-les-couts-energetiques-de-facon-simple\/","og_locale":"fr_FR","og_type":"article","og_title":"R\u00e9duire les co\u00fbts \u00e9nerg\u00e9tiques de fa\u00e7on simple","og_description":"En tant que membre de l'Alliance pour les \u00e9conomies d'\u00e9nergie, l'Association suisse des patrons boulangers-confiseurs BCS tient \u00e0 ce que ses membres puissent \u00e9conomiser eux-m\u00eames de l'\u00e9nergie le plus facilement possible. Outre des mesures simples d'optimisation de l'exploitation, le site Internet de la campagne \u00abStop au gaspillage d\u2019\u00e9nergie\u00bb propose depuis peu diff\u00e9rentes offres de conseil et d'accompagnement pour les PME ainsi qu'un aper\u00e7u des programmes de soutien financier. Une visite s'impose, car \u00e9conomiser de l'\u00e9nergie, c\u2019est \u00e9conomiser des co\u00fbts.","og_url":"https:\/\/swissbaker.ch\/fr\/panissimo-news\/reduire-les-couts-energetiques-de-facon-simple\/","og_site_name":"SBC","article_publisher":"https:\/\/www.facebook.com\/swissbaker.ch","article_published_time":"2023-08-17T09:56:40+00:00","article_modified_time":"2023-08-23T08:15:11+00:00","og_image":[{"width":1200,"height":712,"url":"https:\/\/swissbaker.ch\/wp-content\/uploads\/2023\/08\/15_1_energie_sparen_f.jpg","type":"image\/jpeg"}],"author":"Simon Nussbaum","twitter_card":"summary_large_image","twitter_creator":"@ch_swissbaker","twitter_site":"@ch_swissbaker","twitter_misc":{"Written by":"Simon Nussbaum","Est. reading time":"3 minutes"},"schema":{"@context":"https:\/\/schema.org","@graph":[{"@type":"Article","@id":"https:\/\/swissbaker.ch\/fr\/panissimo-news\/reduire-les-couts-energetiques-de-facon-simple\/#article","isPartOf":{"@id":"https:\/\/swissbaker.ch\/fr\/panissimo-news\/reduire-les-couts-energetiques-de-facon-simple\/"},"author":{"name":"Simon Nussbaum","@id":"https:\/\/swissbaker.ch\/fr\/#\/schema\/person\/74bd327b08c18ca6042c02ff6f0ed5e2"},"headline":"R\u00e9duire les co\u00fbts \u00e9nerg\u00e9tiques de fa\u00e7on simple","datePublished":"2023-08-17T09:56:40+00:00","dateModified":"2023-08-23T08:15:11+00:00","mainEntityOfPage":{"@id":"https:\/\/swissbaker.ch\/fr\/panissimo-news\/reduire-les-couts-energetiques-de-facon-simple\/"},"wordCount":620,"publisher":{"@id":"https:\/\/swissbaker.ch\/fr\/#organization"},"image":{"@id":"https:\/\/swissbaker.ch\/fr\/panissimo-news\/reduire-les-couts-energetiques-de-facon-simple\/#primaryimage"},"thumbnailUrl":"https:\/\/swissbaker.ch\/wp-content\/uploads\/2023\/08\/15_1_energie_sparen_f.jpg","articleSection":["Association","Conseils"],"inLanguage":"fr-FR"},{"@type":"WebPage","@id":"https:\/\/swissbaker.ch\/fr\/panissimo-news\/reduire-les-couts-energetiques-de-facon-simple\/","url":"https:\/\/swissbaker.ch\/fr\/panissimo-news\/reduire-les-couts-energetiques-de-facon-simple\/","name":"R\u00e9duire les co\u00fbts \u00e9nerg\u00e9tiques de fa\u00e7on simple | SBC","isPartOf":{"@id":"https:\/\/swissbaker.ch\/fr\/#website"},"primaryImageOfPage":{"@id":"https:\/\/swissbaker.ch\/fr\/panissimo-news\/reduire-les-couts-energetiques-de-facon-simple\/#primaryimage"},"image":{"@id":"https:\/\/swissbaker.ch\/fr\/panissimo-news\/reduire-les-couts-energetiques-de-facon-simple\/#primaryimage"},"thumbnailUrl":"https:\/\/swissbaker.ch\/wp-content\/uploads\/2023\/08\/15_1_energie_sparen_f.jpg","datePublished":"2023-08-17T09:56:40+00:00","dateModified":"2023-08-23T08:15:11+00:00","breadcrumb":{"@id":"https:\/\/swissbaker.ch\/fr\/panissimo-news\/reduire-les-couts-energetiques-de-facon-simple\/#breadcrumb"},"inLanguage":"fr-FR","potentialAction":[{"@type":"ReadAction","target":["https:\/\/swissbaker.ch\/fr\/panissimo-news\/reduire-les-couts-energetiques-de-facon-simple\/"]}]},{"@type":"ImageObject","inLanguage":"fr-FR","@id":"https:\/\/swissbaker.ch\/fr\/panissimo-news\/reduire-les-couts-energetiques-de-facon-simple\/#primaryimage","url":"https:\/\/swissbaker.ch\/wp-content\/uploads\/2023\/08\/15_1_energie_sparen_f.jpg","contentUrl":"https:\/\/swissbaker.ch\/wp-content\/uploads\/2023\/08\/15_1_energie_sparen_f.jpg","width":1200,"height":712},{"@type":"BreadcrumbList","@id":"https:\/\/swissbaker.ch\/fr\/panissimo-news\/reduire-les-couts-energetiques-de-facon-simple\/#breadcrumb","itemListElement":[{"@type":"ListItem","position":1,"name":"","item":"https:\/\/swissbaker.ch\/fr\/"},{"@type":"ListItem","position":2,"name":"Association","item":"https:\/\/swissbaker.ch\/fr\/panissimo-news\/category\/association\/"},{"@type":"ListItem","position":3,"name":"R\u00e9duire les co\u00fbts \u00e9nerg\u00e9tiques de fa\u00e7on simple"}]},{"@type":"WebSite","@id":"https:\/\/swissbaker.ch\/fr\/#website","url":"https:\/\/swissbaker.ch\/fr\/","name":"SBC","description":"","publisher":{"@id":"https:\/\/swissbaker.ch\/fr\/#organization"},"potentialAction":[{"@type":"SearchAction","target":{"@type":"EntryPoint","urlTemplate":"https:\/\/swissbaker.ch\/fr\/?s={search_term_string}"},"query-input":{"@type":"PropertyValueSpecification","valueRequired":true,"valueName":"search_term_string"}}],"inLanguage":"fr-FR"},{"@type":"Organization","@id":"https:\/\/swissbaker.ch\/fr\/#organization","name":"Schweizerischer B\u00e4cker-Confiseurmeister-Verband","url":"https:\/\/swissbaker.ch\/fr\/","logo":{"@type":"ImageObject","inLanguage":"fr-FR","@id":"https:\/\/swissbaker.ch\/fr\/#\/schema\/logo\/image\/","url":"https:\/\/swissbaker.ch\/wp-content\/uploads\/2022\/04\/sbc-logo-yoast.jpg","contentUrl":"https:\/\/swissbaker.ch\/wp-content\/uploads\/2022\/04\/sbc-logo-yoast.jpg","width":512,"height":512,"caption":"Schweizerischer B\u00e4cker-Confiseurmeister-Verband"},"image":{"@id":"https:\/\/swissbaker.ch\/fr\/#\/schema\/logo\/image\/"},"sameAs":["https:\/\/www.facebook.com\/swissbaker.ch","https:\/\/x.com\/ch_swissbaker"]},{"@type":"Person","@id":"https:\/\/swissbaker.ch\/fr\/#\/schema\/person\/74bd327b08c18ca6042c02ff6f0ed5e2","name":"Simon Nussbaum","image":{"@type":"ImageObject","inLanguage":"fr-FR","@id":"https:\/\/swissbaker.ch\/fr\/#\/schema\/person\/image\/","url":"https:\/\/secure.gravatar.com\/avatar\/df0eced3bb556c806cb760cf503ade1ed1df25b4104d80d6fd28d93a9509aa12?s=96&d=mm&r=g","contentUrl":"https:\/\/secure.gravatar.com\/avatar\/df0eced3bb556c806cb760cf503ade1ed1df25b4104d80d6fd28d93a9509aa12?s=96&d=mm&r=g","caption":"Simon Nussbaum"},"url":"https:\/\/swissbaker.ch\/fr\/panissimo-news\/author\/simon-nussbaum\/"}]}},"_links":{"self":[{"href":"https:\/\/swissbaker.ch\/fr\/wp-json\/wp\/v2\/posts\/66464","targetHints":{"allow":["GET"]}}],"collection":[{"href":"https:\/\/swissbaker.ch\/fr\/wp-json\/wp\/v2\/posts"}],"about":[{"href":"https:\/\/swissbaker.ch\/fr\/wp-json\/wp\/v2\/types\/post"}],"author":[{"embeddable":true,"href":"https:\/\/swissbaker.ch\/fr\/wp-json\/wp\/v2\/users\/5"}],"replies":[{"embeddable":true,"href":"https:\/\/swissbaker.ch\/fr\/wp-json\/wp\/v2\/comments?post=66464"}],"version-history":[{"count":0,"href":"https:\/\/swissbaker.ch\/fr\/wp-json\/wp\/v2\/posts\/66464\/revisions"}],"wp:featuredmedia":[{"embeddable":true,"href":"https:\/\/swissbaker.ch\/fr\/wp-json\/wp\/v2\/media\/66465"}],"wp:attachment":[{"href":"https:\/\/swissbaker.ch\/fr\/wp-json\/wp\/v2\/media?parent=66464"}],"wp:term":[{"taxonomy":"category","embeddable":true,"href":"https:\/\/swissbaker.ch\/fr\/wp-json\/wp\/v2\/categories?post=66464"},{"taxonomy":"post_tag","embeddable":true,"href":"https:\/\/swissbaker.ch\/fr\/wp-json\/wp\/v2\/tags?post=66464"}],"curies":[{"name":"wp","href":"https:\/\/api.w.org\/{rel}","templated":true}]}}