{"id":66456,"date":"2023-08-17T10:33:12","date_gmt":"2023-08-17T08:33:12","guid":{"rendered":"https:\/\/swissbaker.ch\/panissimo-news\/mein-dorf-oder-nichts\/"},"modified":"2023-08-17T10:51:24","modified_gmt":"2023-08-17T08:51:24","slug":"mein-dorf-oder-nichts","status":"publish","type":"post","link":"https:\/\/swissbaker.ch\/fr\/panissimo-news\/mein-dorf-oder-nichts\/","title":{"rendered":"Mon village ou rien\u2009!\u2009"},"content":{"rendered":"\n<p><strong>Passionn\u00e9 de boulangerie, amoureux de sa r\u00e9gion, Cyril Bezen\u00e7on a ouvert avec son \u00e9pouse Nathalie un commerce dans son village natal, au c\u0153ur du Gros-de-Vaud. Quatre ans apr\u00e8s son inauguration, l\u2019unique \u00e9tablissement de Goumo\u00ebns (VD) a vu ses effectifs quadrupl\u00e9s et s\u2019appr\u00eate \u00e0 s\u2019agrandir. Gros plan sur une success-story qui a tout mis\u00e9 sur l\u2019accueil, la disponibilit\u00e9 et la proximit\u00e9\u2026<\/strong><\/p>\n\n\n\n<p>A Goumo\u00ebns (VD), le couple d\u2019artisans Nathalie et Cyril Bezen\u00e7on peut compter sur le soutien des villageois. En septembre, lors de l\u2019\u00e9v\u00e9nement la F\u00eate des f\u00eates, ils \u00e9taient 87 \u00e0 se rendre au Mus\u00e9e de l\u2019habitat rural Ballenberg (BE) pour c\u00e9l\u00e9brer l\u2019entr\u00e9e de leur boulanger dans la Confr\u00e9rie vaudoise des Chevaliers du bon pain. \u00ab\u2009Le matin \u00e0 6 heures, j\u2019ai pleur\u00e9 lorsque je les ai vus se rassembler sous la pluie pour prendre le car devant la boulangerie. Rien que d\u2019en parler, j\u2019en ai encore les frissons\u2009\u00bb, se rem\u00e9more le quadrag\u00e9naire.<\/p>\n\n\n\n<h3 class=\"wp-block-heading\" id=\"h-ame-boulangere\"><strong>\u00c2me boulang\u00e8re<\/strong><\/h3>\n\n\n\n<p>Deuxi\u00e8me gar\u00e7on d\u2019une famille de quatre enfants, Cyril Bezen\u00e7on a port\u00e9 tr\u00e8s jeune de l\u2019int\u00e9r\u00eat pour la boulangerie. Alors que son fr\u00e8re a\u00een\u00e9 aidait aux travaux de la ferme, il pr\u00e9f\u00e9rait pr\u00e9parer les repas avec sa maman. Ses premiers souvenirs sont ceux de la p\u00e2te \u00e0 tresse qui tape sur la table. \u00ab\u2009C\u2019\u00e9tait mon boulot et j\u2019adorais cela\u2009!\u2009\u00bb A cinq ans, il a not\u00e9 dans un cahier de souvenirs son d\u00e9sir d\u2019en faire sa profession. Cette envie ne l\u2019a jamais quitt\u00e9. Elle a \u00e9volu\u00e9 au point d\u2019en faire \u00ab\u2009un passionn\u00e9 de pain et de levain\u2009\u00bb. Dans son commerce, il utilise d\u2019ailleurs le sien, d\u00e9velopp\u00e9 avec sa grand-m\u00e8re Gis\u00e8le. \u00ab\u2009Elle a choisi le fruit, la pomme, et a donn\u00e9 le premier brassage. Disparue l\u2019ann\u00e9e derni\u00e8re, elle reste l\u2019\u00e2me de la boulangerie.\u2009\u00bb Son petit-fils a r\u00e9cemment acquis un fermenteur afin de conserver de fa\u00e7on optimale son levain Gigi. \u00ab\u2009Plus boulanger que p\u00e2tissier\u2009\u00bb, il aime composer avec les conditions climatiques et les variations de mouture et adapter les recettes d\u2019un jour \u00e0 l\u2019autre.<br>Echallens (VD), Eclublens (VD), Bercher (VD), Daillens (VD)\u2026 De son premier stage \u00e0 ses emplois, en passant par son apprentissage, il ne s\u2019est gu\u00e8re \u00e9loign\u00e9 de son lieu d\u2019origine. \u00ab\u2009Je ne l\u2019ai vraiment quitt\u00e9 que trois mois. A 29\u202fans, j\u2019ai suivi un stage linguistique \u00e0 Berlin pour f\u00eater la fin de ma vie au sein des jeunesses campagnardes.\u2009\u00bb Pr\u00e9sident de celle de Goumo\u00ebns, vice-pr\u00e9sident de la f\u00e9d\u00e9ration vaudoise, ses implications b\u00e9n\u00e9voles au sein des soci\u00e9t\u00e9s locales lui ont valu une certaine reconnaissance r\u00e9gionale. Quant \u00e0 son escapade allemande, elle a confirm\u00e9 ce dont il se doutait d\u00e9j\u00e0\u2009: \u00ab\u2009Je voulais habiter nulle part ailleurs qu\u2019ici\u2009!\u2009\u00bb<\/p>\n\n\n\n<p>&#8230;.<em>Lire l&#8217;article complet dans Panissimo du 18 ao\u00fbt<\/em><\/p>\n\n\n\n<p class=\"has-text-align-right\"><em>Johann Ruppen<\/em><\/p>\n","protected":false},"excerpt":{"rendered":"<p>Passionn\u00e9 de boulangerie, amoureux de sa r\u00e9gion, Cyril Bezen\u00e7on a ouvert avec son \u00e9pouse Nathalie un commerce dans son village natal, au c\u0153ur du Gros-de-Vaud.<\/p>\n","protected":false},"author":15,"featured_media":66454,"comment_status":"closed","ping_status":"closed","sticky":true,"template":"","format":"standard","meta":{"_acf_changed":false,"footnotes":""},"categories":[42],"tags":[],"class_list":["post-66456","post","type-post","status-publish","format-standard","has-post-thumbnail","hentry","category-boulangeries-confiseries"],"acf":[],"yoast_head":"<!-- This site is optimized with the Yoast SEO Premium plugin v26.8 (Yoast SEO v26.8) - https:\/\/yoast.com\/product\/yoast-seo-premium-wordpress\/ -->\n<title>Mon village ou rien\u2009!\u2009 | SBC<\/title>\n<meta name=\"description\" content=\"Gros plan sur une success-story qui a tout mis\u00e9 sur l\u2019accueil, la disponibilit\u00e9 et la proximit\u00e9\u2026\" \/>\n<meta name=\"robots\" content=\"index, follow, max-snippet:-1, max-image-preview:large, max-video-preview:-1\" \/>\n<link rel=\"canonical\" href=\"https:\/\/swissbaker.ch\/fr\/panissimo-news\/mein-dorf-oder-nichts\/\" \/>\n<meta property=\"og:locale\" content=\"fr_FR\" \/>\n<meta property=\"og:type\" content=\"article\" \/>\n<meta property=\"og:title\" content=\"Mon village ou rien\u2009!\u2009\" \/>\n<meta property=\"og:description\" content=\"Gros plan sur une success-story qui a tout mis\u00e9 sur l\u2019accueil, la disponibilit\u00e9 et la proximit\u00e9\u2026\" \/>\n<meta property=\"og:url\" content=\"https:\/\/swissbaker.ch\/fr\/panissimo-news\/mein-dorf-oder-nichts\/\" \/>\n<meta property=\"og:site_name\" content=\"SBC\" \/>\n<meta property=\"article:publisher\" content=\"https:\/\/www.facebook.com\/swissbaker.ch\" \/>\n<meta property=\"article:published_time\" content=\"2023-08-17T08:33:12+00:00\" \/>\n<meta property=\"article:modified_time\" content=\"2023-08-17T08:51:24+00:00\" \/>\n<meta property=\"og:image\" content=\"https:\/\/swissbaker.ch\/wp-content\/uploads\/2023\/08\/15_1_bezencon.jpg\" \/>\n\t<meta property=\"og:image:width\" content=\"1200\" \/>\n\t<meta property=\"og:image:height\" content=\"712\" \/>\n\t<meta property=\"og:image:type\" content=\"image\/jpeg\" \/>\n<meta name=\"author\" content=\"Diego Schwerzmann\" \/>\n<meta name=\"twitter:card\" content=\"summary_large_image\" \/>\n<meta name=\"twitter:creator\" content=\"@ch_swissbaker\" \/>\n<meta name=\"twitter:site\" content=\"@ch_swissbaker\" \/>\n<meta name=\"twitter:label1\" content=\"Written by\" \/>\n\t<meta name=\"twitter:data1\" content=\"Diego Schwerzmann\" \/>\n\t<meta name=\"twitter:label2\" content=\"Est. reading time\" \/>\n\t<meta name=\"twitter:data2\" content=\"3 minutes\" \/>\n<script type=\"application\/ld+json\" class=\"yoast-schema-graph\">{\"@context\":\"https:\/\/schema.org\",\"@graph\":[{\"@type\":\"Article\",\"@id\":\"https:\/\/swissbaker.ch\/fr\/panissimo-news\/mein-dorf-oder-nichts\/#article\",\"isPartOf\":{\"@id\":\"https:\/\/swissbaker.ch\/fr\/panissimo-news\/mein-dorf-oder-nichts\/\"},\"author\":{\"name\":\"Diego Schwerzmann\",\"@id\":\"https:\/\/swissbaker.ch\/fr\/#\/schema\/person\/cae241ac3dea35c6ff575148bc79c6fc\"},\"headline\":\"Mon village ou rien\u2009!\u2009\",\"datePublished\":\"2023-08-17T08:33:12+00:00\",\"dateModified\":\"2023-08-17T08:51:24+00:00\",\"mainEntityOfPage\":{\"@id\":\"https:\/\/swissbaker.ch\/fr\/panissimo-news\/mein-dorf-oder-nichts\/\"},\"wordCount\":514,\"publisher\":{\"@id\":\"https:\/\/swissbaker.ch\/fr\/#organization\"},\"image\":{\"@id\":\"https:\/\/swissbaker.ch\/fr\/panissimo-news\/mein-dorf-oder-nichts\/#primaryimage\"},\"thumbnailUrl\":\"https:\/\/swissbaker.ch\/wp-content\/uploads\/2023\/08\/15_1_bezencon.jpg\",\"articleSection\":[\"Boulangeries\/Confiseries\"],\"inLanguage\":\"fr-FR\"},{\"@type\":\"WebPage\",\"@id\":\"https:\/\/swissbaker.ch\/fr\/panissimo-news\/mein-dorf-oder-nichts\/\",\"url\":\"https:\/\/swissbaker.ch\/fr\/panissimo-news\/mein-dorf-oder-nichts\/\",\"name\":\"Mon village ou rien\u2009!\u2009 | SBC\",\"isPartOf\":{\"@id\":\"https:\/\/swissbaker.ch\/fr\/#website\"},\"primaryImageOfPage\":{\"@id\":\"https:\/\/swissbaker.ch\/fr\/panissimo-news\/mein-dorf-oder-nichts\/#primaryimage\"},\"image\":{\"@id\":\"https:\/\/swissbaker.ch\/fr\/panissimo-news\/mein-dorf-oder-nichts\/#primaryimage\"},\"thumbnailUrl\":\"https:\/\/swissbaker.ch\/wp-content\/uploads\/2023\/08\/15_1_bezencon.jpg\",\"datePublished\":\"2023-08-17T08:33:12+00:00\",\"dateModified\":\"2023-08-17T08:51:24+00:00\",\"description\":\"Gros plan sur une success-story qui a tout mis\u00e9 sur l\u2019accueil, la disponibilit\u00e9 et la proximit\u00e9\u2026\",\"breadcrumb\":{\"@id\":\"https:\/\/swissbaker.ch\/fr\/panissimo-news\/mein-dorf-oder-nichts\/#breadcrumb\"},\"inLanguage\":\"fr-FR\",\"potentialAction\":[{\"@type\":\"ReadAction\",\"target\":[\"https:\/\/swissbaker.ch\/fr\/panissimo-news\/mein-dorf-oder-nichts\/\"]}]},{\"@type\":\"ImageObject\",\"inLanguage\":\"fr-FR\",\"@id\":\"https:\/\/swissbaker.ch\/fr\/panissimo-news\/mein-dorf-oder-nichts\/#primaryimage\",\"url\":\"https:\/\/swissbaker.ch\/wp-content\/uploads\/2023\/08\/15_1_bezencon.jpg\",\"contentUrl\":\"https:\/\/swissbaker.ch\/wp-content\/uploads\/2023\/08\/15_1_bezencon.jpg\",\"width\":1200,\"height\":712,\"caption\":\"Team B\u00e4ckerei Bezencon\"},{\"@type\":\"BreadcrumbList\",\"@id\":\"https:\/\/swissbaker.ch\/fr\/panissimo-news\/mein-dorf-oder-nichts\/#breadcrumb\",\"itemListElement\":[{\"@type\":\"ListItem\",\"position\":1,\"name\":\"\",\"item\":\"https:\/\/swissbaker.ch\/fr\/\"},{\"@type\":\"ListItem\",\"position\":2,\"name\":\"Boulangeries\/Confiseries\",\"item\":\"https:\/\/swissbaker.ch\/fr\/panissimo-news\/category\/boulangeries-confiseries\/\"},{\"@type\":\"ListItem\",\"position\":3,\"name\":\"Mon village ou rien\u2009!\u2009\"}]},{\"@type\":\"WebSite\",\"@id\":\"https:\/\/swissbaker.ch\/fr\/#website\",\"url\":\"https:\/\/swissbaker.ch\/fr\/\",\"name\":\"SBC\",\"description\":\"\",\"publisher\":{\"@id\":\"https:\/\/swissbaker.ch\/fr\/#organization\"},\"potentialAction\":[{\"@type\":\"SearchAction\",\"target\":{\"@type\":\"EntryPoint\",\"urlTemplate\":\"https:\/\/swissbaker.ch\/fr\/?s={search_term_string}\"},\"query-input\":{\"@type\":\"PropertyValueSpecification\",\"valueRequired\":true,\"valueName\":\"search_term_string\"}}],\"inLanguage\":\"fr-FR\"},{\"@type\":\"Organization\",\"@id\":\"https:\/\/swissbaker.ch\/fr\/#organization\",\"name\":\"Schweizerischer B\u00e4cker-Confiseurmeister-Verband\",\"url\":\"https:\/\/swissbaker.ch\/fr\/\",\"logo\":{\"@type\":\"ImageObject\",\"inLanguage\":\"fr-FR\",\"@id\":\"https:\/\/swissbaker.ch\/fr\/#\/schema\/logo\/image\/\",\"url\":\"https:\/\/swissbaker.ch\/wp-content\/uploads\/2022\/04\/sbc-logo-yoast.jpg\",\"contentUrl\":\"https:\/\/swissbaker.ch\/wp-content\/uploads\/2022\/04\/sbc-logo-yoast.jpg\",\"width\":512,\"height\":512,\"caption\":\"Schweizerischer B\u00e4cker-Confiseurmeister-Verband\"},\"image\":{\"@id\":\"https:\/\/swissbaker.ch\/fr\/#\/schema\/logo\/image\/\"},\"sameAs\":[\"https:\/\/www.facebook.com\/swissbaker.ch\",\"https:\/\/x.com\/ch_swissbaker\"]},{\"@type\":\"Person\",\"@id\":\"https:\/\/swissbaker.ch\/fr\/#\/schema\/person\/cae241ac3dea35c6ff575148bc79c6fc\",\"name\":\"Diego Schwerzmann\",\"image\":{\"@type\":\"ImageObject\",\"inLanguage\":\"fr-FR\",\"@id\":\"https:\/\/swissbaker.ch\/fr\/#\/schema\/person\/image\/\",\"url\":\"https:\/\/secure.gravatar.com\/avatar\/41bc369b7d340bb06ddaa86c0442a37d3cfdf73381f0f0328f1028fa6a9f6bb5?s=96&d=mm&r=g\",\"contentUrl\":\"https:\/\/secure.gravatar.com\/avatar\/41bc369b7d340bb06ddaa86c0442a37d3cfdf73381f0f0328f1028fa6a9f6bb5?s=96&d=mm&r=g\",\"caption\":\"Diego Schwerzmann\"},\"url\":\"https:\/\/swissbaker.ch\/fr\/panissimo-news\/author\/diego-schwerzmann\/\"}]}<\/script>\n<!-- \/ Yoast SEO Premium plugin. -->","yoast_head_json":{"title":"Mon village ou rien\u2009!\u2009 | SBC","description":"Gros plan sur une success-story qui a tout mis\u00e9 sur l\u2019accueil, la disponibilit\u00e9 et la proximit\u00e9\u2026","robots":{"index":"index","follow":"follow","max-snippet":"max-snippet:-1","max-image-preview":"max-image-preview:large","max-video-preview":"max-video-preview:-1"},"canonical":"https:\/\/swissbaker.ch\/fr\/panissimo-news\/mein-dorf-oder-nichts\/","og_locale":"fr_FR","og_type":"article","og_title":"Mon village ou rien\u2009!\u2009","og_description":"Gros plan sur une success-story qui a tout mis\u00e9 sur l\u2019accueil, la disponibilit\u00e9 et la proximit\u00e9\u2026","og_url":"https:\/\/swissbaker.ch\/fr\/panissimo-news\/mein-dorf-oder-nichts\/","og_site_name":"SBC","article_publisher":"https:\/\/www.facebook.com\/swissbaker.ch","article_published_time":"2023-08-17T08:33:12+00:00","article_modified_time":"2023-08-17T08:51:24+00:00","og_image":[{"width":1200,"height":712,"url":"https:\/\/swissbaker.ch\/wp-content\/uploads\/2023\/08\/15_1_bezencon.jpg","type":"image\/jpeg"}],"author":"Diego Schwerzmann","twitter_card":"summary_large_image","twitter_creator":"@ch_swissbaker","twitter_site":"@ch_swissbaker","twitter_misc":{"Written by":"Diego Schwerzmann","Est. reading time":"3 minutes"},"schema":{"@context":"https:\/\/schema.org","@graph":[{"@type":"Article","@id":"https:\/\/swissbaker.ch\/fr\/panissimo-news\/mein-dorf-oder-nichts\/#article","isPartOf":{"@id":"https:\/\/swissbaker.ch\/fr\/panissimo-news\/mein-dorf-oder-nichts\/"},"author":{"name":"Diego Schwerzmann","@id":"https:\/\/swissbaker.ch\/fr\/#\/schema\/person\/cae241ac3dea35c6ff575148bc79c6fc"},"headline":"Mon village ou rien\u2009!\u2009","datePublished":"2023-08-17T08:33:12+00:00","dateModified":"2023-08-17T08:51:24+00:00","mainEntityOfPage":{"@id":"https:\/\/swissbaker.ch\/fr\/panissimo-news\/mein-dorf-oder-nichts\/"},"wordCount":514,"publisher":{"@id":"https:\/\/swissbaker.ch\/fr\/#organization"},"image":{"@id":"https:\/\/swissbaker.ch\/fr\/panissimo-news\/mein-dorf-oder-nichts\/#primaryimage"},"thumbnailUrl":"https:\/\/swissbaker.ch\/wp-content\/uploads\/2023\/08\/15_1_bezencon.jpg","articleSection":["Boulangeries\/Confiseries"],"inLanguage":"fr-FR"},{"@type":"WebPage","@id":"https:\/\/swissbaker.ch\/fr\/panissimo-news\/mein-dorf-oder-nichts\/","url":"https:\/\/swissbaker.ch\/fr\/panissimo-news\/mein-dorf-oder-nichts\/","name":"Mon village ou rien\u2009!\u2009 | SBC","isPartOf":{"@id":"https:\/\/swissbaker.ch\/fr\/#website"},"primaryImageOfPage":{"@id":"https:\/\/swissbaker.ch\/fr\/panissimo-news\/mein-dorf-oder-nichts\/#primaryimage"},"image":{"@id":"https:\/\/swissbaker.ch\/fr\/panissimo-news\/mein-dorf-oder-nichts\/#primaryimage"},"thumbnailUrl":"https:\/\/swissbaker.ch\/wp-content\/uploads\/2023\/08\/15_1_bezencon.jpg","datePublished":"2023-08-17T08:33:12+00:00","dateModified":"2023-08-17T08:51:24+00:00","description":"Gros plan sur une success-story qui a tout mis\u00e9 sur l\u2019accueil, la disponibilit\u00e9 et la proximit\u00e9\u2026","breadcrumb":{"@id":"https:\/\/swissbaker.ch\/fr\/panissimo-news\/mein-dorf-oder-nichts\/#breadcrumb"},"inLanguage":"fr-FR","potentialAction":[{"@type":"ReadAction","target":["https:\/\/swissbaker.ch\/fr\/panissimo-news\/mein-dorf-oder-nichts\/"]}]},{"@type":"ImageObject","inLanguage":"fr-FR","@id":"https:\/\/swissbaker.ch\/fr\/panissimo-news\/mein-dorf-oder-nichts\/#primaryimage","url":"https:\/\/swissbaker.ch\/wp-content\/uploads\/2023\/08\/15_1_bezencon.jpg","contentUrl":"https:\/\/swissbaker.ch\/wp-content\/uploads\/2023\/08\/15_1_bezencon.jpg","width":1200,"height":712,"caption":"Team B\u00e4ckerei Bezencon"},{"@type":"BreadcrumbList","@id":"https:\/\/swissbaker.ch\/fr\/panissimo-news\/mein-dorf-oder-nichts\/#breadcrumb","itemListElement":[{"@type":"ListItem","position":1,"name":"","item":"https:\/\/swissbaker.ch\/fr\/"},{"@type":"ListItem","position":2,"name":"Boulangeries\/Confiseries","item":"https:\/\/swissbaker.ch\/fr\/panissimo-news\/category\/boulangeries-confiseries\/"},{"@type":"ListItem","position":3,"name":"Mon village ou rien\u2009!\u2009"}]},{"@type":"WebSite","@id":"https:\/\/swissbaker.ch\/fr\/#website","url":"https:\/\/swissbaker.ch\/fr\/","name":"SBC","description":"","publisher":{"@id":"https:\/\/swissbaker.ch\/fr\/#organization"},"potentialAction":[{"@type":"SearchAction","target":{"@type":"EntryPoint","urlTemplate":"https:\/\/swissbaker.ch\/fr\/?s={search_term_string}"},"query-input":{"@type":"PropertyValueSpecification","valueRequired":true,"valueName":"search_term_string"}}],"inLanguage":"fr-FR"},{"@type":"Organization","@id":"https:\/\/swissbaker.ch\/fr\/#organization","name":"Schweizerischer B\u00e4cker-Confiseurmeister-Verband","url":"https:\/\/swissbaker.ch\/fr\/","logo":{"@type":"ImageObject","inLanguage":"fr-FR","@id":"https:\/\/swissbaker.ch\/fr\/#\/schema\/logo\/image\/","url":"https:\/\/swissbaker.ch\/wp-content\/uploads\/2022\/04\/sbc-logo-yoast.jpg","contentUrl":"https:\/\/swissbaker.ch\/wp-content\/uploads\/2022\/04\/sbc-logo-yoast.jpg","width":512,"height":512,"caption":"Schweizerischer B\u00e4cker-Confiseurmeister-Verband"},"image":{"@id":"https:\/\/swissbaker.ch\/fr\/#\/schema\/logo\/image\/"},"sameAs":["https:\/\/www.facebook.com\/swissbaker.ch","https:\/\/x.com\/ch_swissbaker"]},{"@type":"Person","@id":"https:\/\/swissbaker.ch\/fr\/#\/schema\/person\/cae241ac3dea35c6ff575148bc79c6fc","name":"Diego Schwerzmann","image":{"@type":"ImageObject","inLanguage":"fr-FR","@id":"https:\/\/swissbaker.ch\/fr\/#\/schema\/person\/image\/","url":"https:\/\/secure.gravatar.com\/avatar\/41bc369b7d340bb06ddaa86c0442a37d3cfdf73381f0f0328f1028fa6a9f6bb5?s=96&d=mm&r=g","contentUrl":"https:\/\/secure.gravatar.com\/avatar\/41bc369b7d340bb06ddaa86c0442a37d3cfdf73381f0f0328f1028fa6a9f6bb5?s=96&d=mm&r=g","caption":"Diego Schwerzmann"},"url":"https:\/\/swissbaker.ch\/fr\/panissimo-news\/author\/diego-schwerzmann\/"}]}},"_links":{"self":[{"href":"https:\/\/swissbaker.ch\/fr\/wp-json\/wp\/v2\/posts\/66456","targetHints":{"allow":["GET"]}}],"collection":[{"href":"https:\/\/swissbaker.ch\/fr\/wp-json\/wp\/v2\/posts"}],"about":[{"href":"https:\/\/swissbaker.ch\/fr\/wp-json\/wp\/v2\/types\/post"}],"author":[{"embeddable":true,"href":"https:\/\/swissbaker.ch\/fr\/wp-json\/wp\/v2\/users\/15"}],"replies":[{"embeddable":true,"href":"https:\/\/swissbaker.ch\/fr\/wp-json\/wp\/v2\/comments?post=66456"}],"version-history":[{"count":0,"href":"https:\/\/swissbaker.ch\/fr\/wp-json\/wp\/v2\/posts\/66456\/revisions"}],"wp:featuredmedia":[{"embeddable":true,"href":"https:\/\/swissbaker.ch\/fr\/wp-json\/wp\/v2\/media\/66454"}],"wp:attachment":[{"href":"https:\/\/swissbaker.ch\/fr\/wp-json\/wp\/v2\/media?parent=66456"}],"wp:term":[{"taxonomy":"category","embeddable":true,"href":"https:\/\/swissbaker.ch\/fr\/wp-json\/wp\/v2\/categories?post=66456"},{"taxonomy":"post_tag","embeddable":true,"href":"https:\/\/swissbaker.ch\/fr\/wp-json\/wp\/v2\/tags?post=66456"}],"curies":[{"name":"wp","href":"https:\/\/api.w.org\/{rel}","templated":true}]}}