{"id":66421,"date":"2023-08-17T08:00:45","date_gmt":"2023-08-17T06:00:45","guid":{"rendered":"https:\/\/swissbaker.ch\/?p=66421"},"modified":"2023-08-17T08:22:02","modified_gmt":"2023-08-17T06:22:02","slug":"vente-2022-lancement-de-la-nouvelle-formation-initiale","status":"publish","type":"post","link":"https:\/\/swissbaker.ch\/fr\/panissimo-news\/vente-2022-lancement-de-la-nouvelle-formation-initiale\/","title":{"rendered":"vente 2022+: lancement de la nouvelle formation initiale"},"content":{"rendered":"\n<p><strong>Pour que le lancement de la nouvelle formation initiale soit un succ\u00e8s, il faut que les formateurs et formatrices commandent pour les apprentis et apprenties le mat\u00e9riel p\u00e9dagogique (m\u00e9dias d\u2019apprentissage num\u00e9riques avec dossier de formation int\u00e9gr\u00e9) pour l\u2019\u00e9cole professionnelle. Un cloud cr\u00e9\u00e9 par l\u2019Ecole professionnelle Richemont contient tous les documents importants pour l\u2019ensemble de la formation.<\/strong><\/p>\n\n\n\n<p>Certaines \u00e9coles ont malheureusement opt\u00e9 pour un nouveau mat\u00e9riel p\u00e9dagogique. Ce choix ne concerne n\u00e9anmoins que l&#8217;\u00e9cole, le dossier de formation num\u00e9rique comprenant le compas de comp\u00e9tences, la grille de comp\u00e9tences et le nouveau cockpit de formation devant tout de m\u00eame \u00eatre command\u00e9 pour la formation en entreprise.<\/p>\n\n\n\n<p>En cas de doute, les formateurs et formatrices peuvent en tout temps s&#8217;adresser \u00e0 Markus Zimmerli, vice-directeur de l&#8217;Ecole professionnelle Richemont de Lucerne: <a href=\"mailto:zimmerli@richemont.swiss\">zimmerli@richemont.swiss<\/a>.<\/p>\n\n\n\n<hr class=\"wp-block-separator has-alpha-channel-opacity\"\/>\n\n\n\n<h2 class=\"wp-block-heading\" id=\"h-commande-des-medias-d-apprentissage-numeriques\"><strong>Commande des m\u00e9dias d\u2019apprentissage num\u00e9riques<\/strong><\/h2>\n\n\n\n<p>De la branche pour la branche \u2013 tout d\u2019une seule source\u2009: les apprentis et apprenties, les entreprises et les \u00e9coles professionnelles disposent, gr\u00e2ce \u00e0 la documentation d\u2019apprentissage \u00e9lectronique FCS et aux supports de cours FCS, de toutes les bases n\u00e9cessaires \u00e0 la formation en entreprise et \u00e0 l\u2019\u00e9cole, de mani\u00e8re centralis\u00e9e sur une seule plateforme.<\/p>\n\n\n\n<p>Les m\u00e9dias d\u2019apprentissage num\u00e9riques peuvent \u00eatre command\u00e9s dans la boutique FCS depuis le 30&nbsp;juin&nbsp;2022. <a href=\"https:\/\/bds.konvink.store\/fr\/\" target=\"_blank\" rel=\"noreferrer noopener\">Commande en ligne<\/a>&nbsp;&nbsp;<\/p>\n\n\n\n<figure class=\"wp-block-image size-large\"><a href=\"https:\/\/bds.konvink.store\/fr\/\" target=\"_blank\" rel=\"noreferrer noopener\"><img decoding=\"async\" width=\"1024\" height=\"488\" src=\"https:\/\/swissbaker.ch\/wp-content\/uploads\/2023\/08\/15_1_bestellung_konvik_fr-1024x488.jpg\" alt=\"\" class=\"wp-image-66426\" srcset=\"https:\/\/swissbaker.ch\/wp-content\/uploads\/2023\/08\/15_1_bestellung_konvik_fr-1024x488.jpg 1024w, https:\/\/swissbaker.ch\/wp-content\/uploads\/2023\/08\/15_1_bestellung_konvik_fr-768x366.jpg 768w, https:\/\/swissbaker.ch\/wp-content\/uploads\/2023\/08\/15_1_bestellung_konvik_fr.jpg 1200w\" sizes=\"(max-width: 1024px) 100vw, 1024px\" \/><\/a><\/figure>\n\n\n\n<h3 class=\"wp-block-heading\"><strong>Les formateurs et formatrices commandent les m\u00e9dias d\u2019apprentissage payants<\/strong><strong><\/strong><\/h3>\n\n\n\n<p>La facture pour les m\u00e9dias d\u2019apprentissage FCS est automatiquement \u00e9tablie au nom de l\u2019entreprise avec la confirmation de commande, et envoy\u00e9e par courriel. Les frais de licence pour les dossiers de formation \u00e9lectronique FCS s\u2019\u00e9levant \u00e0 65&nbsp;francs (CFC) ou 45&nbsp;francs (AFP) doivent imp\u00e9rativement \u00eatre pay\u00e9s par l\u2019entreprise formatrice. Le montant restant (m\u00e9dias d\u2019apprentissage pour l\u2019enseignement professionnel) s\u2019\u00e9levant \u00e0 265&nbsp;francs (CFC) ou 175&nbsp;francs (AFP) est pay\u00e9 par la personne qui prend en charge les frais de mat\u00e9riel scolaire conform\u00e9ment au chiffre 6 du contrat d\u2019apprentissage. <a href=\"https:\/\/bds.konvink.store\/fr\/\" target=\"_blank\" rel=\"noreferrer noopener\">Des instructions d\u00e9taill\u00e9es \u00e9tape par \u00e9tape sont aussi disponibles ici.<\/a><\/p>\n\n\n\n<p class=\"has-text-align-right\"><em>Markus Zimmerli, vice-directeur de l\u2019Ecole professionnelle Richemont<\/em><\/p>\n","protected":false},"excerpt":{"rendered":"<p>Pour que le lancement de la nouvelle formation initiale soit un succ\u00e8s, il faut que les formateurs et formatrices commandent pour les apprentis et apprenties le mat\u00e9riel p\u00e9dagogique (m\u00e9dias d\u2019apprentissage num\u00e9riques avec dossier de formation int\u00e9gr\u00e9) pour l\u2019\u00e9cole professionnelle. Un cloud cr\u00e9\u00e9 par l\u2019Ecole professionnelle Richemont contient tous les documents importants pour l\u2019ensemble de la formation. Certaines \u00e9coles ont malheureusement [&hellip;]<\/p>\n","protected":false},"author":5,"featured_media":66430,"comment_status":"closed","ping_status":"closed","sticky":false,"template":"","format":"standard","meta":{"_acf_changed":false,"footnotes":""},"categories":[47,50],"tags":[],"class_list":["post-66421","post","type-post","status-publish","format-standard","has-post-thumbnail","hentry","category-formation-releve","category-vente-marketing"],"acf":[],"yoast_head":"<!-- This site is optimized with the Yoast SEO Premium plugin v26.8 (Yoast SEO v26.8) - https:\/\/yoast.com\/product\/yoast-seo-premium-wordpress\/ -->\n<title>vente 2022+: lancement de la nouvelle formation initiale | SBC<\/title>\n<meta name=\"robots\" content=\"index, follow, max-snippet:-1, max-image-preview:large, max-video-preview:-1\" \/>\n<link rel=\"canonical\" href=\"https:\/\/swissbaker.ch\/fr\/panissimo-news\/vente-2022-lancement-de-la-nouvelle-formation-initiale\/\" \/>\n<meta property=\"og:locale\" content=\"fr_FR\" \/>\n<meta property=\"og:type\" content=\"article\" \/>\n<meta property=\"og:title\" content=\"vente 2022+: lancement de la nouvelle formation initiale\" \/>\n<meta property=\"og:description\" content=\"Pour que le lancement de la nouvelle formation initiale soit un succ\u00e8s, il faut que les formateurs et formatrices commandent pour les apprentis et apprenties le mat\u00e9riel p\u00e9dagogique (m\u00e9dias d\u2019apprentissage num\u00e9riques avec dossier de formation int\u00e9gr\u00e9) pour l\u2019\u00e9cole professionnelle. Un cloud cr\u00e9\u00e9 par l\u2019Ecole professionnelle Richemont contient tous les documents importants pour l\u2019ensemble de la formation. Certaines \u00e9coles ont malheureusement [&hellip;]\" \/>\n<meta property=\"og:url\" content=\"https:\/\/swissbaker.ch\/fr\/panissimo-news\/vente-2022-lancement-de-la-nouvelle-formation-initiale\/\" \/>\n<meta property=\"og:site_name\" content=\"SBC\" \/>\n<meta property=\"article:publisher\" content=\"https:\/\/www.facebook.com\/swissbaker.ch\" \/>\n<meta property=\"article:published_time\" content=\"2023-08-17T06:00:45+00:00\" \/>\n<meta property=\"article:modified_time\" content=\"2023-08-17T06:22:02+00:00\" \/>\n<meta property=\"og:image\" content=\"https:\/\/swissbaker.ch\/wp-content\/uploads\/2023\/08\/15_1_bildung_detailhandel_schweiz.jpg\" \/>\n\t<meta property=\"og:image:width\" content=\"1200\" \/>\n\t<meta property=\"og:image:height\" content=\"712\" \/>\n\t<meta property=\"og:image:type\" content=\"image\/jpeg\" \/>\n<meta name=\"author\" content=\"Simon Nussbaum\" \/>\n<meta name=\"twitter:card\" content=\"summary_large_image\" \/>\n<meta name=\"twitter:creator\" content=\"@ch_swissbaker\" \/>\n<meta name=\"twitter:site\" content=\"@ch_swissbaker\" \/>\n<meta name=\"twitter:label1\" content=\"Written by\" \/>\n\t<meta name=\"twitter:data1\" content=\"Simon Nussbaum\" \/>\n\t<meta name=\"twitter:label2\" content=\"Est. reading time\" \/>\n\t<meta name=\"twitter:data2\" content=\"2 minutes\" \/>\n<script type=\"application\/ld+json\" class=\"yoast-schema-graph\">{\"@context\":\"https:\/\/schema.org\",\"@graph\":[{\"@type\":\"Article\",\"@id\":\"https:\/\/swissbaker.ch\/fr\/panissimo-news\/vente-2022-lancement-de-la-nouvelle-formation-initiale\/#article\",\"isPartOf\":{\"@id\":\"https:\/\/swissbaker.ch\/fr\/panissimo-news\/vente-2022-lancement-de-la-nouvelle-formation-initiale\/\"},\"author\":{\"name\":\"Simon Nussbaum\",\"@id\":\"https:\/\/swissbaker.ch\/fr\/#\/schema\/person\/74bd327b08c18ca6042c02ff6f0ed5e2\"},\"headline\":\"vente 2022+: lancement de la nouvelle formation initiale\",\"datePublished\":\"2023-08-17T06:00:45+00:00\",\"dateModified\":\"2023-08-17T06:22:02+00:00\",\"mainEntityOfPage\":{\"@id\":\"https:\/\/swissbaker.ch\/fr\/panissimo-news\/vente-2022-lancement-de-la-nouvelle-formation-initiale\/\"},\"wordCount\":378,\"publisher\":{\"@id\":\"https:\/\/swissbaker.ch\/fr\/#organization\"},\"image\":{\"@id\":\"https:\/\/swissbaker.ch\/fr\/panissimo-news\/vente-2022-lancement-de-la-nouvelle-formation-initiale\/#primaryimage\"},\"thumbnailUrl\":\"https:\/\/swissbaker.ch\/wp-content\/uploads\/2023\/08\/15_1_bildung_detailhandel_schweiz.jpg\",\"articleSection\":[\"Formation\/Rel\u00e8ve\",\"Vente\/Marketing\"],\"inLanguage\":\"fr-FR\"},{\"@type\":\"WebPage\",\"@id\":\"https:\/\/swissbaker.ch\/fr\/panissimo-news\/vente-2022-lancement-de-la-nouvelle-formation-initiale\/\",\"url\":\"https:\/\/swissbaker.ch\/fr\/panissimo-news\/vente-2022-lancement-de-la-nouvelle-formation-initiale\/\",\"name\":\"vente 2022+: lancement de la nouvelle formation initiale | SBC\",\"isPartOf\":{\"@id\":\"https:\/\/swissbaker.ch\/fr\/#website\"},\"primaryImageOfPage\":{\"@id\":\"https:\/\/swissbaker.ch\/fr\/panissimo-news\/vente-2022-lancement-de-la-nouvelle-formation-initiale\/#primaryimage\"},\"image\":{\"@id\":\"https:\/\/swissbaker.ch\/fr\/panissimo-news\/vente-2022-lancement-de-la-nouvelle-formation-initiale\/#primaryimage\"},\"thumbnailUrl\":\"https:\/\/swissbaker.ch\/wp-content\/uploads\/2023\/08\/15_1_bildung_detailhandel_schweiz.jpg\",\"datePublished\":\"2023-08-17T06:00:45+00:00\",\"dateModified\":\"2023-08-17T06:22:02+00:00\",\"breadcrumb\":{\"@id\":\"https:\/\/swissbaker.ch\/fr\/panissimo-news\/vente-2022-lancement-de-la-nouvelle-formation-initiale\/#breadcrumb\"},\"inLanguage\":\"fr-FR\",\"potentialAction\":[{\"@type\":\"ReadAction\",\"target\":[\"https:\/\/swissbaker.ch\/fr\/panissimo-news\/vente-2022-lancement-de-la-nouvelle-formation-initiale\/\"]}]},{\"@type\":\"ImageObject\",\"inLanguage\":\"fr-FR\",\"@id\":\"https:\/\/swissbaker.ch\/fr\/panissimo-news\/vente-2022-lancement-de-la-nouvelle-formation-initiale\/#primaryimage\",\"url\":\"https:\/\/swissbaker.ch\/wp-content\/uploads\/2023\/08\/15_1_bildung_detailhandel_schweiz.jpg\",\"contentUrl\":\"https:\/\/swissbaker.ch\/wp-content\/uploads\/2023\/08\/15_1_bildung_detailhandel_schweiz.jpg\",\"width\":1200,\"height\":712},{\"@type\":\"BreadcrumbList\",\"@id\":\"https:\/\/swissbaker.ch\/fr\/panissimo-news\/vente-2022-lancement-de-la-nouvelle-formation-initiale\/#breadcrumb\",\"itemListElement\":[{\"@type\":\"ListItem\",\"position\":1,\"name\":\"\",\"item\":\"https:\/\/swissbaker.ch\/fr\/\"},{\"@type\":\"ListItem\",\"position\":2,\"name\":\"Formation\/Rel\u00e8ve\",\"item\":\"https:\/\/swissbaker.ch\/fr\/panissimo-news\/category\/formation-releve\/\"},{\"@type\":\"ListItem\",\"position\":3,\"name\":\"vente 2022+: lancement de la nouvelle formation initiale\"}]},{\"@type\":\"WebSite\",\"@id\":\"https:\/\/swissbaker.ch\/fr\/#website\",\"url\":\"https:\/\/swissbaker.ch\/fr\/\",\"name\":\"SBC\",\"description\":\"\",\"publisher\":{\"@id\":\"https:\/\/swissbaker.ch\/fr\/#organization\"},\"potentialAction\":[{\"@type\":\"SearchAction\",\"target\":{\"@type\":\"EntryPoint\",\"urlTemplate\":\"https:\/\/swissbaker.ch\/fr\/?s={search_term_string}\"},\"query-input\":{\"@type\":\"PropertyValueSpecification\",\"valueRequired\":true,\"valueName\":\"search_term_string\"}}],\"inLanguage\":\"fr-FR\"},{\"@type\":\"Organization\",\"@id\":\"https:\/\/swissbaker.ch\/fr\/#organization\",\"name\":\"Schweizerischer B\u00e4cker-Confiseurmeister-Verband\",\"url\":\"https:\/\/swissbaker.ch\/fr\/\",\"logo\":{\"@type\":\"ImageObject\",\"inLanguage\":\"fr-FR\",\"@id\":\"https:\/\/swissbaker.ch\/fr\/#\/schema\/logo\/image\/\",\"url\":\"https:\/\/swissbaker.ch\/wp-content\/uploads\/2022\/04\/sbc-logo-yoast.jpg\",\"contentUrl\":\"https:\/\/swissbaker.ch\/wp-content\/uploads\/2022\/04\/sbc-logo-yoast.jpg\",\"width\":512,\"height\":512,\"caption\":\"Schweizerischer B\u00e4cker-Confiseurmeister-Verband\"},\"image\":{\"@id\":\"https:\/\/swissbaker.ch\/fr\/#\/schema\/logo\/image\/\"},\"sameAs\":[\"https:\/\/www.facebook.com\/swissbaker.ch\",\"https:\/\/x.com\/ch_swissbaker\"]},{\"@type\":\"Person\",\"@id\":\"https:\/\/swissbaker.ch\/fr\/#\/schema\/person\/74bd327b08c18ca6042c02ff6f0ed5e2\",\"name\":\"Simon Nussbaum\",\"image\":{\"@type\":\"ImageObject\",\"inLanguage\":\"fr-FR\",\"@id\":\"https:\/\/swissbaker.ch\/fr\/#\/schema\/person\/image\/\",\"url\":\"https:\/\/secure.gravatar.com\/avatar\/df0eced3bb556c806cb760cf503ade1ed1df25b4104d80d6fd28d93a9509aa12?s=96&d=mm&r=g\",\"contentUrl\":\"https:\/\/secure.gravatar.com\/avatar\/df0eced3bb556c806cb760cf503ade1ed1df25b4104d80d6fd28d93a9509aa12?s=96&d=mm&r=g\",\"caption\":\"Simon Nussbaum\"},\"url\":\"https:\/\/swissbaker.ch\/fr\/panissimo-news\/author\/simon-nussbaum\/\"}]}<\/script>\n<!-- \/ Yoast SEO Premium plugin. -->","yoast_head_json":{"title":"vente 2022+: lancement de la nouvelle formation initiale | SBC","robots":{"index":"index","follow":"follow","max-snippet":"max-snippet:-1","max-image-preview":"max-image-preview:large","max-video-preview":"max-video-preview:-1"},"canonical":"https:\/\/swissbaker.ch\/fr\/panissimo-news\/vente-2022-lancement-de-la-nouvelle-formation-initiale\/","og_locale":"fr_FR","og_type":"article","og_title":"vente 2022+: lancement de la nouvelle formation initiale","og_description":"Pour que le lancement de la nouvelle formation initiale soit un succ\u00e8s, il faut que les formateurs et formatrices commandent pour les apprentis et apprenties le mat\u00e9riel p\u00e9dagogique (m\u00e9dias d\u2019apprentissage num\u00e9riques avec dossier de formation int\u00e9gr\u00e9) pour l\u2019\u00e9cole professionnelle. Un cloud cr\u00e9\u00e9 par l\u2019Ecole professionnelle Richemont contient tous les documents importants pour l\u2019ensemble de la formation. Certaines \u00e9coles ont malheureusement [&hellip;]","og_url":"https:\/\/swissbaker.ch\/fr\/panissimo-news\/vente-2022-lancement-de-la-nouvelle-formation-initiale\/","og_site_name":"SBC","article_publisher":"https:\/\/www.facebook.com\/swissbaker.ch","article_published_time":"2023-08-17T06:00:45+00:00","article_modified_time":"2023-08-17T06:22:02+00:00","og_image":[{"width":1200,"height":712,"url":"https:\/\/swissbaker.ch\/wp-content\/uploads\/2023\/08\/15_1_bildung_detailhandel_schweiz.jpg","type":"image\/jpeg"}],"author":"Simon Nussbaum","twitter_card":"summary_large_image","twitter_creator":"@ch_swissbaker","twitter_site":"@ch_swissbaker","twitter_misc":{"Written by":"Simon Nussbaum","Est. reading time":"2 minutes"},"schema":{"@context":"https:\/\/schema.org","@graph":[{"@type":"Article","@id":"https:\/\/swissbaker.ch\/fr\/panissimo-news\/vente-2022-lancement-de-la-nouvelle-formation-initiale\/#article","isPartOf":{"@id":"https:\/\/swissbaker.ch\/fr\/panissimo-news\/vente-2022-lancement-de-la-nouvelle-formation-initiale\/"},"author":{"name":"Simon Nussbaum","@id":"https:\/\/swissbaker.ch\/fr\/#\/schema\/person\/74bd327b08c18ca6042c02ff6f0ed5e2"},"headline":"vente 2022+: lancement de la nouvelle formation initiale","datePublished":"2023-08-17T06:00:45+00:00","dateModified":"2023-08-17T06:22:02+00:00","mainEntityOfPage":{"@id":"https:\/\/swissbaker.ch\/fr\/panissimo-news\/vente-2022-lancement-de-la-nouvelle-formation-initiale\/"},"wordCount":378,"publisher":{"@id":"https:\/\/swissbaker.ch\/fr\/#organization"},"image":{"@id":"https:\/\/swissbaker.ch\/fr\/panissimo-news\/vente-2022-lancement-de-la-nouvelle-formation-initiale\/#primaryimage"},"thumbnailUrl":"https:\/\/swissbaker.ch\/wp-content\/uploads\/2023\/08\/15_1_bildung_detailhandel_schweiz.jpg","articleSection":["Formation\/Rel\u00e8ve","Vente\/Marketing"],"inLanguage":"fr-FR"},{"@type":"WebPage","@id":"https:\/\/swissbaker.ch\/fr\/panissimo-news\/vente-2022-lancement-de-la-nouvelle-formation-initiale\/","url":"https:\/\/swissbaker.ch\/fr\/panissimo-news\/vente-2022-lancement-de-la-nouvelle-formation-initiale\/","name":"vente 2022+: lancement de la nouvelle formation initiale | SBC","isPartOf":{"@id":"https:\/\/swissbaker.ch\/fr\/#website"},"primaryImageOfPage":{"@id":"https:\/\/swissbaker.ch\/fr\/panissimo-news\/vente-2022-lancement-de-la-nouvelle-formation-initiale\/#primaryimage"},"image":{"@id":"https:\/\/swissbaker.ch\/fr\/panissimo-news\/vente-2022-lancement-de-la-nouvelle-formation-initiale\/#primaryimage"},"thumbnailUrl":"https:\/\/swissbaker.ch\/wp-content\/uploads\/2023\/08\/15_1_bildung_detailhandel_schweiz.jpg","datePublished":"2023-08-17T06:00:45+00:00","dateModified":"2023-08-17T06:22:02+00:00","breadcrumb":{"@id":"https:\/\/swissbaker.ch\/fr\/panissimo-news\/vente-2022-lancement-de-la-nouvelle-formation-initiale\/#breadcrumb"},"inLanguage":"fr-FR","potentialAction":[{"@type":"ReadAction","target":["https:\/\/swissbaker.ch\/fr\/panissimo-news\/vente-2022-lancement-de-la-nouvelle-formation-initiale\/"]}]},{"@type":"ImageObject","inLanguage":"fr-FR","@id":"https:\/\/swissbaker.ch\/fr\/panissimo-news\/vente-2022-lancement-de-la-nouvelle-formation-initiale\/#primaryimage","url":"https:\/\/swissbaker.ch\/wp-content\/uploads\/2023\/08\/15_1_bildung_detailhandel_schweiz.jpg","contentUrl":"https:\/\/swissbaker.ch\/wp-content\/uploads\/2023\/08\/15_1_bildung_detailhandel_schweiz.jpg","width":1200,"height":712},{"@type":"BreadcrumbList","@id":"https:\/\/swissbaker.ch\/fr\/panissimo-news\/vente-2022-lancement-de-la-nouvelle-formation-initiale\/#breadcrumb","itemListElement":[{"@type":"ListItem","position":1,"name":"","item":"https:\/\/swissbaker.ch\/fr\/"},{"@type":"ListItem","position":2,"name":"Formation\/Rel\u00e8ve","item":"https:\/\/swissbaker.ch\/fr\/panissimo-news\/category\/formation-releve\/"},{"@type":"ListItem","position":3,"name":"vente 2022+: lancement de la nouvelle formation initiale"}]},{"@type":"WebSite","@id":"https:\/\/swissbaker.ch\/fr\/#website","url":"https:\/\/swissbaker.ch\/fr\/","name":"SBC","description":"","publisher":{"@id":"https:\/\/swissbaker.ch\/fr\/#organization"},"potentialAction":[{"@type":"SearchAction","target":{"@type":"EntryPoint","urlTemplate":"https:\/\/swissbaker.ch\/fr\/?s={search_term_string}"},"query-input":{"@type":"PropertyValueSpecification","valueRequired":true,"valueName":"search_term_string"}}],"inLanguage":"fr-FR"},{"@type":"Organization","@id":"https:\/\/swissbaker.ch\/fr\/#organization","name":"Schweizerischer B\u00e4cker-Confiseurmeister-Verband","url":"https:\/\/swissbaker.ch\/fr\/","logo":{"@type":"ImageObject","inLanguage":"fr-FR","@id":"https:\/\/swissbaker.ch\/fr\/#\/schema\/logo\/image\/","url":"https:\/\/swissbaker.ch\/wp-content\/uploads\/2022\/04\/sbc-logo-yoast.jpg","contentUrl":"https:\/\/swissbaker.ch\/wp-content\/uploads\/2022\/04\/sbc-logo-yoast.jpg","width":512,"height":512,"caption":"Schweizerischer B\u00e4cker-Confiseurmeister-Verband"},"image":{"@id":"https:\/\/swissbaker.ch\/fr\/#\/schema\/logo\/image\/"},"sameAs":["https:\/\/www.facebook.com\/swissbaker.ch","https:\/\/x.com\/ch_swissbaker"]},{"@type":"Person","@id":"https:\/\/swissbaker.ch\/fr\/#\/schema\/person\/74bd327b08c18ca6042c02ff6f0ed5e2","name":"Simon Nussbaum","image":{"@type":"ImageObject","inLanguage":"fr-FR","@id":"https:\/\/swissbaker.ch\/fr\/#\/schema\/person\/image\/","url":"https:\/\/secure.gravatar.com\/avatar\/df0eced3bb556c806cb760cf503ade1ed1df25b4104d80d6fd28d93a9509aa12?s=96&d=mm&r=g","contentUrl":"https:\/\/secure.gravatar.com\/avatar\/df0eced3bb556c806cb760cf503ade1ed1df25b4104d80d6fd28d93a9509aa12?s=96&d=mm&r=g","caption":"Simon Nussbaum"},"url":"https:\/\/swissbaker.ch\/fr\/panissimo-news\/author\/simon-nussbaum\/"}]}},"_links":{"self":[{"href":"https:\/\/swissbaker.ch\/fr\/wp-json\/wp\/v2\/posts\/66421","targetHints":{"allow":["GET"]}}],"collection":[{"href":"https:\/\/swissbaker.ch\/fr\/wp-json\/wp\/v2\/posts"}],"about":[{"href":"https:\/\/swissbaker.ch\/fr\/wp-json\/wp\/v2\/types\/post"}],"author":[{"embeddable":true,"href":"https:\/\/swissbaker.ch\/fr\/wp-json\/wp\/v2\/users\/5"}],"replies":[{"embeddable":true,"href":"https:\/\/swissbaker.ch\/fr\/wp-json\/wp\/v2\/comments?post=66421"}],"version-history":[{"count":0,"href":"https:\/\/swissbaker.ch\/fr\/wp-json\/wp\/v2\/posts\/66421\/revisions"}],"wp:featuredmedia":[{"embeddable":true,"href":"https:\/\/swissbaker.ch\/fr\/wp-json\/wp\/v2\/media\/66430"}],"wp:attachment":[{"href":"https:\/\/swissbaker.ch\/fr\/wp-json\/wp\/v2\/media?parent=66421"}],"wp:term":[{"taxonomy":"category","embeddable":true,"href":"https:\/\/swissbaker.ch\/fr\/wp-json\/wp\/v2\/categories?post=66421"},{"taxonomy":"post_tag","embeddable":true,"href":"https:\/\/swissbaker.ch\/fr\/wp-json\/wp\/v2\/tags?post=66421"}],"curies":[{"name":"wp","href":"https:\/\/api.w.org\/{rel}","templated":true}]}}