{"id":65767,"date":"2023-07-18T11:29:07","date_gmt":"2023-07-18T09:29:07","guid":{"rendered":"https:\/\/swissbaker.ch\/?p=65767"},"modified":"2023-08-16T08:45:12","modified_gmt":"2023-08-16T06:45:12","slug":"la-nouvelle-loi-sur-la-protection-des-donnees-concerne-chaque-pme","status":"publish","type":"post","link":"https:\/\/swissbaker.ch\/fr\/panissimo-news\/la-nouvelle-loi-sur-la-protection-des-donnees-concerne-chaque-pme\/","title":{"rendered":"<strong>La nouvelle loi sur la protection des donn\u00e9es concerne chaque PME<\/strong>"},"content":{"rendered":"\n<p><strong>A partir du 1er septembre, une nouvelle loi sur la protection des donn\u00e9es (LPD) entrera en vigueur en Suisse. A partir de cette date, les entreprises devront s&#8217;adapter aux r\u00e8gles r\u00e9vis\u00e9es.<\/strong><\/p>\n\n\n\n<p>Qu&#8217;il s&#8217;agisse de t\u00e9l\u00e9phoner \u00e0 des clients, de payer des factures ou de mener des entretiens d&#8217;embauche, les donn\u00e9es personnelles sont souvent en jeu dans le quotidien des entreprises. La nouvelle loi sur la protection des donn\u00e9es (LPD) et ses modifications concernent donc toutes les PME.<\/p>\n\n\n\n<h2 class=\"wp-block-heading\" id=\"h-alignees-sur-l-europe\">Align\u00e9es sur l\u2019Europe<\/h2>\n\n\n\n<p>La premi\u00e8re loi f\u00e9d\u00e9rale sur la protection des donn\u00e9es date de 1992. Entre-temps, l&#8217;utilisation plus large d&#8217;Internet, des smartphones dans la vie quotidienne, les r\u00e9seaux sociaux, les services de cloud ou l&#8217;Internet des objets ont ajout\u00e9 des questions et des d\u00e9fis que la LPD doit couvrir. En outre, les dispositions doivent \u00eatre align\u00e9es sur la nouvelle loi sur la protection des donn\u00e9es de l&#8217;Union europ\u00e9enne.<\/p>\n\n\n\n<h2 class=\"wp-block-heading\">Plus de transparence<\/h2>\n\n\n\n<p>L&#8217;obligation d&#8217;information et le droit d&#8217;acc\u00e8s sont d&#8217;une importance capitale pour cr\u00e9er de la transparence. Les personnes physiques doivent \u00eatre inform\u00e9es du traitement de leurs donn\u00e9es au moyen d&#8217;une d\u00e9claration de protection des donn\u00e9es. L&#8217;Association suisse des patrons boulangers-confiseurs mettra \u00e0 la disposition de ses membres des aides et des mod\u00e8les sur l&#8217;intranet avant la fin ao\u00fbt.<\/p>\n\n\n\n<p>Les collaborateurs doivent \u00e9galement conna\u00eetre la d\u00e9claration de protection des donn\u00e9es et les processus au quotidien doivent s&#8217;y r\u00e9f\u00e9rer. Le personnel doit savoir comment les donn\u00e9es personnelles sont trait\u00e9es dans l&#8217;entreprise&nbsp;; la mani\u00e8re de les saisir et de les enregistrer, par exemple. Pour cela, il doit \u00eatre form\u00e9. Il convient de d\u00e9finir des directives et des processus pragmatiques et efficaces.<\/p>\n\n\n\n<p class=\"has-text-align-right\"><em>Harisa Reiz, directrice adjointe de la BCS et avocate<\/em><\/p>\n","protected":false},"excerpt":{"rendered":"<p>A partir du 1er septembre, une nouvelle loi sur la protection des donn\u00e9es (LPD) entrera en vigueur en Suisse. A partir de cette date, les entreprises devront s&#8217;adapter aux r\u00e8gles r\u00e9vis\u00e9es.<\/p>\n","protected":false},"author":5,"featured_media":66204,"comment_status":"closed","ping_status":"closed","sticky":true,"template":"","format":"standard","meta":{"_acf_changed":false,"footnotes":""},"categories":[54,44],"tags":[],"class_list":["post-65767","post","type-post","status-publish","format-standard","has-post-thumbnail","hentry","category-conseils","category-droit-politique"],"acf":[],"yoast_head":"<!-- This site is optimized with the Yoast SEO Premium plugin v26.8 (Yoast SEO v26.8) - https:\/\/yoast.com\/product\/yoast-seo-premium-wordpress\/ -->\n<title>La nouvelle loi sur la protection des donn\u00e9es concerne chaque PME | SBC<\/title>\n<meta name=\"description\" content=\"A partir du 1er septembre, une nouvelle loi sur la protection des donn\u00e9es (LPD) entrera en vigueur en Suisse. A partir de cette date, les entreprises devront s&#039;adapter aux r\u00e8gles r\u00e9vis\u00e9es.\" \/>\n<meta name=\"robots\" content=\"index, follow, max-snippet:-1, max-image-preview:large, max-video-preview:-1\" \/>\n<link rel=\"canonical\" href=\"https:\/\/swissbaker.ch\/fr\/panissimo-news\/la-nouvelle-loi-sur-la-protection-des-donnees-concerne-chaque-pme\/\" \/>\n<meta property=\"og:locale\" content=\"fr_FR\" \/>\n<meta property=\"og:type\" content=\"article\" \/>\n<meta property=\"og:title\" content=\"La nouvelle loi sur la protection des donn\u00e9es concerne chaque PME\" \/>\n<meta property=\"og:description\" content=\"A partir du 1er septembre, une nouvelle loi sur la protection des donn\u00e9es (LPD) entrera en vigueur en Suisse. A partir de cette date, les entreprises devront s&#039;adapter aux r\u00e8gles r\u00e9vis\u00e9es.\" \/>\n<meta property=\"og:url\" content=\"https:\/\/swissbaker.ch\/fr\/panissimo-news\/la-nouvelle-loi-sur-la-protection-des-donnees-concerne-chaque-pme\/\" \/>\n<meta property=\"og:site_name\" content=\"SBC\" \/>\n<meta property=\"article:publisher\" content=\"https:\/\/www.facebook.com\/swissbaker.ch\" \/>\n<meta property=\"article:published_time\" content=\"2023-07-18T09:29:07+00:00\" \/>\n<meta property=\"article:modified_time\" content=\"2023-08-16T06:45:12+00:00\" \/>\n<meta property=\"og:image\" content=\"https:\/\/swissbaker.ch\/wp-content\/uploads\/2023\/08\/14_2_datenschutz_ital.jpg\" \/>\n\t<meta property=\"og:image:width\" content=\"1200\" \/>\n\t<meta property=\"og:image:height\" content=\"712\" \/>\n\t<meta property=\"og:image:type\" content=\"image\/jpeg\" \/>\n<meta name=\"author\" content=\"Simon Nussbaum\" \/>\n<meta name=\"twitter:card\" content=\"summary_large_image\" \/>\n<meta name=\"twitter:creator\" content=\"@ch_swissbaker\" \/>\n<meta name=\"twitter:site\" content=\"@ch_swissbaker\" \/>\n<meta name=\"twitter:label1\" content=\"Written by\" \/>\n\t<meta name=\"twitter:data1\" content=\"Simon Nussbaum\" \/>\n\t<meta name=\"twitter:label2\" content=\"Est. reading time\" \/>\n\t<meta name=\"twitter:data2\" content=\"2 minutes\" \/>\n<script type=\"application\/ld+json\" class=\"yoast-schema-graph\">{\"@context\":\"https:\/\/schema.org\",\"@graph\":[{\"@type\":\"Article\",\"@id\":\"https:\/\/swissbaker.ch\/fr\/panissimo-news\/la-nouvelle-loi-sur-la-protection-des-donnees-concerne-chaque-pme\/#article\",\"isPartOf\":{\"@id\":\"https:\/\/swissbaker.ch\/fr\/panissimo-news\/la-nouvelle-loi-sur-la-protection-des-donnees-concerne-chaque-pme\/\"},\"author\":{\"name\":\"Simon Nussbaum\",\"@id\":\"https:\/\/swissbaker.ch\/fr\/#\/schema\/person\/74bd327b08c18ca6042c02ff6f0ed5e2\"},\"headline\":\"La nouvelle loi sur la protection des donn\u00e9es concerne chaque PME\",\"datePublished\":\"2023-07-18T09:29:07+00:00\",\"dateModified\":\"2023-08-16T06:45:12+00:00\",\"mainEntityOfPage\":{\"@id\":\"https:\/\/swissbaker.ch\/fr\/panissimo-news\/la-nouvelle-loi-sur-la-protection-des-donnees-concerne-chaque-pme\/\"},\"wordCount\":337,\"publisher\":{\"@id\":\"https:\/\/swissbaker.ch\/fr\/#organization\"},\"image\":{\"@id\":\"https:\/\/swissbaker.ch\/fr\/panissimo-news\/la-nouvelle-loi-sur-la-protection-des-donnees-concerne-chaque-pme\/#primaryimage\"},\"thumbnailUrl\":\"https:\/\/swissbaker.ch\/wp-content\/uploads\/2023\/08\/14_2_datenschutz_ital.jpg\",\"articleSection\":[\"Conseils\",\"Droit &amp; politique\"],\"inLanguage\":\"fr-FR\"},{\"@type\":\"WebPage\",\"@id\":\"https:\/\/swissbaker.ch\/fr\/panissimo-news\/la-nouvelle-loi-sur-la-protection-des-donnees-concerne-chaque-pme\/\",\"url\":\"https:\/\/swissbaker.ch\/fr\/panissimo-news\/la-nouvelle-loi-sur-la-protection-des-donnees-concerne-chaque-pme\/\",\"name\":\"La nouvelle loi sur la protection des donn\u00e9es concerne chaque PME | SBC\",\"isPartOf\":{\"@id\":\"https:\/\/swissbaker.ch\/fr\/#website\"},\"primaryImageOfPage\":{\"@id\":\"https:\/\/swissbaker.ch\/fr\/panissimo-news\/la-nouvelle-loi-sur-la-protection-des-donnees-concerne-chaque-pme\/#primaryimage\"},\"image\":{\"@id\":\"https:\/\/swissbaker.ch\/fr\/panissimo-news\/la-nouvelle-loi-sur-la-protection-des-donnees-concerne-chaque-pme\/#primaryimage\"},\"thumbnailUrl\":\"https:\/\/swissbaker.ch\/wp-content\/uploads\/2023\/08\/14_2_datenschutz_ital.jpg\",\"datePublished\":\"2023-07-18T09:29:07+00:00\",\"dateModified\":\"2023-08-16T06:45:12+00:00\",\"description\":\"A partir du 1er septembre, une nouvelle loi sur la protection des donn\u00e9es (LPD) entrera en vigueur en Suisse. A partir de cette date, les entreprises devront s'adapter aux r\u00e8gles r\u00e9vis\u00e9es.\",\"breadcrumb\":{\"@id\":\"https:\/\/swissbaker.ch\/fr\/panissimo-news\/la-nouvelle-loi-sur-la-protection-des-donnees-concerne-chaque-pme\/#breadcrumb\"},\"inLanguage\":\"fr-FR\",\"potentialAction\":[{\"@type\":\"ReadAction\",\"target\":[\"https:\/\/swissbaker.ch\/fr\/panissimo-news\/la-nouvelle-loi-sur-la-protection-des-donnees-concerne-chaque-pme\/\"]}]},{\"@type\":\"ImageObject\",\"inLanguage\":\"fr-FR\",\"@id\":\"https:\/\/swissbaker.ch\/fr\/panissimo-news\/la-nouvelle-loi-sur-la-protection-des-donnees-concerne-chaque-pme\/#primaryimage\",\"url\":\"https:\/\/swissbaker.ch\/wp-content\/uploads\/2023\/08\/14_2_datenschutz_ital.jpg\",\"contentUrl\":\"https:\/\/swissbaker.ch\/wp-content\/uploads\/2023\/08\/14_2_datenschutz_ital.jpg\",\"width\":1200,\"height\":712},{\"@type\":\"BreadcrumbList\",\"@id\":\"https:\/\/swissbaker.ch\/fr\/panissimo-news\/la-nouvelle-loi-sur-la-protection-des-donnees-concerne-chaque-pme\/#breadcrumb\",\"itemListElement\":[{\"@type\":\"ListItem\",\"position\":1,\"name\":\"\",\"item\":\"https:\/\/swissbaker.ch\/fr\/\"},{\"@type\":\"ListItem\",\"position\":2,\"name\":\"Droit &amp; politique\",\"item\":\"https:\/\/swissbaker.ch\/fr\/panissimo-news\/category\/droit-politique\/\"},{\"@type\":\"ListItem\",\"position\":3,\"name\":\"La nouvelle loi sur la protection des donn\u00e9es concerne chaque PME\"}]},{\"@type\":\"WebSite\",\"@id\":\"https:\/\/swissbaker.ch\/fr\/#website\",\"url\":\"https:\/\/swissbaker.ch\/fr\/\",\"name\":\"SBC\",\"description\":\"\",\"publisher\":{\"@id\":\"https:\/\/swissbaker.ch\/fr\/#organization\"},\"potentialAction\":[{\"@type\":\"SearchAction\",\"target\":{\"@type\":\"EntryPoint\",\"urlTemplate\":\"https:\/\/swissbaker.ch\/fr\/?s={search_term_string}\"},\"query-input\":{\"@type\":\"PropertyValueSpecification\",\"valueRequired\":true,\"valueName\":\"search_term_string\"}}],\"inLanguage\":\"fr-FR\"},{\"@type\":\"Organization\",\"@id\":\"https:\/\/swissbaker.ch\/fr\/#organization\",\"name\":\"Schweizerischer B\u00e4cker-Confiseurmeister-Verband\",\"url\":\"https:\/\/swissbaker.ch\/fr\/\",\"logo\":{\"@type\":\"ImageObject\",\"inLanguage\":\"fr-FR\",\"@id\":\"https:\/\/swissbaker.ch\/fr\/#\/schema\/logo\/image\/\",\"url\":\"https:\/\/swissbaker.ch\/wp-content\/uploads\/2022\/04\/sbc-logo-yoast.jpg\",\"contentUrl\":\"https:\/\/swissbaker.ch\/wp-content\/uploads\/2022\/04\/sbc-logo-yoast.jpg\",\"width\":512,\"height\":512,\"caption\":\"Schweizerischer B\u00e4cker-Confiseurmeister-Verband\"},\"image\":{\"@id\":\"https:\/\/swissbaker.ch\/fr\/#\/schema\/logo\/image\/\"},\"sameAs\":[\"https:\/\/www.facebook.com\/swissbaker.ch\",\"https:\/\/x.com\/ch_swissbaker\"]},{\"@type\":\"Person\",\"@id\":\"https:\/\/swissbaker.ch\/fr\/#\/schema\/person\/74bd327b08c18ca6042c02ff6f0ed5e2\",\"name\":\"Simon Nussbaum\",\"image\":{\"@type\":\"ImageObject\",\"inLanguage\":\"fr-FR\",\"@id\":\"https:\/\/swissbaker.ch\/fr\/#\/schema\/person\/image\/\",\"url\":\"https:\/\/secure.gravatar.com\/avatar\/df0eced3bb556c806cb760cf503ade1ed1df25b4104d80d6fd28d93a9509aa12?s=96&d=mm&r=g\",\"contentUrl\":\"https:\/\/secure.gravatar.com\/avatar\/df0eced3bb556c806cb760cf503ade1ed1df25b4104d80d6fd28d93a9509aa12?s=96&d=mm&r=g\",\"caption\":\"Simon Nussbaum\"},\"url\":\"https:\/\/swissbaker.ch\/fr\/panissimo-news\/author\/simon-nussbaum\/\"}]}<\/script>\n<!-- \/ Yoast SEO Premium plugin. -->","yoast_head_json":{"title":"La nouvelle loi sur la protection des donn\u00e9es concerne chaque PME | SBC","description":"A partir du 1er septembre, une nouvelle loi sur la protection des donn\u00e9es (LPD) entrera en vigueur en Suisse. A partir de cette date, les entreprises devront s'adapter aux r\u00e8gles r\u00e9vis\u00e9es.","robots":{"index":"index","follow":"follow","max-snippet":"max-snippet:-1","max-image-preview":"max-image-preview:large","max-video-preview":"max-video-preview:-1"},"canonical":"https:\/\/swissbaker.ch\/fr\/panissimo-news\/la-nouvelle-loi-sur-la-protection-des-donnees-concerne-chaque-pme\/","og_locale":"fr_FR","og_type":"article","og_title":"La nouvelle loi sur la protection des donn\u00e9es concerne chaque PME","og_description":"A partir du 1er septembre, une nouvelle loi sur la protection des donn\u00e9es (LPD) entrera en vigueur en Suisse. A partir de cette date, les entreprises devront s'adapter aux r\u00e8gles r\u00e9vis\u00e9es.","og_url":"https:\/\/swissbaker.ch\/fr\/panissimo-news\/la-nouvelle-loi-sur-la-protection-des-donnees-concerne-chaque-pme\/","og_site_name":"SBC","article_publisher":"https:\/\/www.facebook.com\/swissbaker.ch","article_published_time":"2023-07-18T09:29:07+00:00","article_modified_time":"2023-08-16T06:45:12+00:00","og_image":[{"width":1200,"height":712,"url":"https:\/\/swissbaker.ch\/wp-content\/uploads\/2023\/08\/14_2_datenschutz_ital.jpg","type":"image\/jpeg"}],"author":"Simon Nussbaum","twitter_card":"summary_large_image","twitter_creator":"@ch_swissbaker","twitter_site":"@ch_swissbaker","twitter_misc":{"Written by":"Simon Nussbaum","Est. reading time":"2 minutes"},"schema":{"@context":"https:\/\/schema.org","@graph":[{"@type":"Article","@id":"https:\/\/swissbaker.ch\/fr\/panissimo-news\/la-nouvelle-loi-sur-la-protection-des-donnees-concerne-chaque-pme\/#article","isPartOf":{"@id":"https:\/\/swissbaker.ch\/fr\/panissimo-news\/la-nouvelle-loi-sur-la-protection-des-donnees-concerne-chaque-pme\/"},"author":{"name":"Simon Nussbaum","@id":"https:\/\/swissbaker.ch\/fr\/#\/schema\/person\/74bd327b08c18ca6042c02ff6f0ed5e2"},"headline":"La nouvelle loi sur la protection des donn\u00e9es concerne chaque PME","datePublished":"2023-07-18T09:29:07+00:00","dateModified":"2023-08-16T06:45:12+00:00","mainEntityOfPage":{"@id":"https:\/\/swissbaker.ch\/fr\/panissimo-news\/la-nouvelle-loi-sur-la-protection-des-donnees-concerne-chaque-pme\/"},"wordCount":337,"publisher":{"@id":"https:\/\/swissbaker.ch\/fr\/#organization"},"image":{"@id":"https:\/\/swissbaker.ch\/fr\/panissimo-news\/la-nouvelle-loi-sur-la-protection-des-donnees-concerne-chaque-pme\/#primaryimage"},"thumbnailUrl":"https:\/\/swissbaker.ch\/wp-content\/uploads\/2023\/08\/14_2_datenschutz_ital.jpg","articleSection":["Conseils","Droit &amp; politique"],"inLanguage":"fr-FR"},{"@type":"WebPage","@id":"https:\/\/swissbaker.ch\/fr\/panissimo-news\/la-nouvelle-loi-sur-la-protection-des-donnees-concerne-chaque-pme\/","url":"https:\/\/swissbaker.ch\/fr\/panissimo-news\/la-nouvelle-loi-sur-la-protection-des-donnees-concerne-chaque-pme\/","name":"La nouvelle loi sur la protection des donn\u00e9es concerne chaque PME | SBC","isPartOf":{"@id":"https:\/\/swissbaker.ch\/fr\/#website"},"primaryImageOfPage":{"@id":"https:\/\/swissbaker.ch\/fr\/panissimo-news\/la-nouvelle-loi-sur-la-protection-des-donnees-concerne-chaque-pme\/#primaryimage"},"image":{"@id":"https:\/\/swissbaker.ch\/fr\/panissimo-news\/la-nouvelle-loi-sur-la-protection-des-donnees-concerne-chaque-pme\/#primaryimage"},"thumbnailUrl":"https:\/\/swissbaker.ch\/wp-content\/uploads\/2023\/08\/14_2_datenschutz_ital.jpg","datePublished":"2023-07-18T09:29:07+00:00","dateModified":"2023-08-16T06:45:12+00:00","description":"A partir du 1er septembre, une nouvelle loi sur la protection des donn\u00e9es (LPD) entrera en vigueur en Suisse. A partir de cette date, les entreprises devront s'adapter aux r\u00e8gles r\u00e9vis\u00e9es.","breadcrumb":{"@id":"https:\/\/swissbaker.ch\/fr\/panissimo-news\/la-nouvelle-loi-sur-la-protection-des-donnees-concerne-chaque-pme\/#breadcrumb"},"inLanguage":"fr-FR","potentialAction":[{"@type":"ReadAction","target":["https:\/\/swissbaker.ch\/fr\/panissimo-news\/la-nouvelle-loi-sur-la-protection-des-donnees-concerne-chaque-pme\/"]}]},{"@type":"ImageObject","inLanguage":"fr-FR","@id":"https:\/\/swissbaker.ch\/fr\/panissimo-news\/la-nouvelle-loi-sur-la-protection-des-donnees-concerne-chaque-pme\/#primaryimage","url":"https:\/\/swissbaker.ch\/wp-content\/uploads\/2023\/08\/14_2_datenschutz_ital.jpg","contentUrl":"https:\/\/swissbaker.ch\/wp-content\/uploads\/2023\/08\/14_2_datenschutz_ital.jpg","width":1200,"height":712},{"@type":"BreadcrumbList","@id":"https:\/\/swissbaker.ch\/fr\/panissimo-news\/la-nouvelle-loi-sur-la-protection-des-donnees-concerne-chaque-pme\/#breadcrumb","itemListElement":[{"@type":"ListItem","position":1,"name":"","item":"https:\/\/swissbaker.ch\/fr\/"},{"@type":"ListItem","position":2,"name":"Droit &amp; politique","item":"https:\/\/swissbaker.ch\/fr\/panissimo-news\/category\/droit-politique\/"},{"@type":"ListItem","position":3,"name":"La nouvelle loi sur la protection des donn\u00e9es concerne chaque PME"}]},{"@type":"WebSite","@id":"https:\/\/swissbaker.ch\/fr\/#website","url":"https:\/\/swissbaker.ch\/fr\/","name":"SBC","description":"","publisher":{"@id":"https:\/\/swissbaker.ch\/fr\/#organization"},"potentialAction":[{"@type":"SearchAction","target":{"@type":"EntryPoint","urlTemplate":"https:\/\/swissbaker.ch\/fr\/?s={search_term_string}"},"query-input":{"@type":"PropertyValueSpecification","valueRequired":true,"valueName":"search_term_string"}}],"inLanguage":"fr-FR"},{"@type":"Organization","@id":"https:\/\/swissbaker.ch\/fr\/#organization","name":"Schweizerischer B\u00e4cker-Confiseurmeister-Verband","url":"https:\/\/swissbaker.ch\/fr\/","logo":{"@type":"ImageObject","inLanguage":"fr-FR","@id":"https:\/\/swissbaker.ch\/fr\/#\/schema\/logo\/image\/","url":"https:\/\/swissbaker.ch\/wp-content\/uploads\/2022\/04\/sbc-logo-yoast.jpg","contentUrl":"https:\/\/swissbaker.ch\/wp-content\/uploads\/2022\/04\/sbc-logo-yoast.jpg","width":512,"height":512,"caption":"Schweizerischer B\u00e4cker-Confiseurmeister-Verband"},"image":{"@id":"https:\/\/swissbaker.ch\/fr\/#\/schema\/logo\/image\/"},"sameAs":["https:\/\/www.facebook.com\/swissbaker.ch","https:\/\/x.com\/ch_swissbaker"]},{"@type":"Person","@id":"https:\/\/swissbaker.ch\/fr\/#\/schema\/person\/74bd327b08c18ca6042c02ff6f0ed5e2","name":"Simon Nussbaum","image":{"@type":"ImageObject","inLanguage":"fr-FR","@id":"https:\/\/swissbaker.ch\/fr\/#\/schema\/person\/image\/","url":"https:\/\/secure.gravatar.com\/avatar\/df0eced3bb556c806cb760cf503ade1ed1df25b4104d80d6fd28d93a9509aa12?s=96&d=mm&r=g","contentUrl":"https:\/\/secure.gravatar.com\/avatar\/df0eced3bb556c806cb760cf503ade1ed1df25b4104d80d6fd28d93a9509aa12?s=96&d=mm&r=g","caption":"Simon Nussbaum"},"url":"https:\/\/swissbaker.ch\/fr\/panissimo-news\/author\/simon-nussbaum\/"}]}},"_links":{"self":[{"href":"https:\/\/swissbaker.ch\/fr\/wp-json\/wp\/v2\/posts\/65767","targetHints":{"allow":["GET"]}}],"collection":[{"href":"https:\/\/swissbaker.ch\/fr\/wp-json\/wp\/v2\/posts"}],"about":[{"href":"https:\/\/swissbaker.ch\/fr\/wp-json\/wp\/v2\/types\/post"}],"author":[{"embeddable":true,"href":"https:\/\/swissbaker.ch\/fr\/wp-json\/wp\/v2\/users\/5"}],"replies":[{"embeddable":true,"href":"https:\/\/swissbaker.ch\/fr\/wp-json\/wp\/v2\/comments?post=65767"}],"version-history":[{"count":0,"href":"https:\/\/swissbaker.ch\/fr\/wp-json\/wp\/v2\/posts\/65767\/revisions"}],"wp:featuredmedia":[{"embeddable":true,"href":"https:\/\/swissbaker.ch\/fr\/wp-json\/wp\/v2\/media\/66204"}],"wp:attachment":[{"href":"https:\/\/swissbaker.ch\/fr\/wp-json\/wp\/v2\/media?parent=65767"}],"wp:term":[{"taxonomy":"category","embeddable":true,"href":"https:\/\/swissbaker.ch\/fr\/wp-json\/wp\/v2\/categories?post=65767"},{"taxonomy":"post_tag","embeddable":true,"href":"https:\/\/swissbaker.ch\/fr\/wp-json\/wp\/v2\/tags?post=65767"}],"curies":[{"name":"wp","href":"https:\/\/api.w.org\/{rel}","templated":true}]}}