{"id":65621,"date":"2023-07-13T15:23:03","date_gmt":"2023-07-13T13:23:03","guid":{"rendered":"https:\/\/swissbaker.ch\/?p=65621"},"modified":"2023-07-13T16:03:27","modified_gmt":"2023-07-13T14:03:27","slug":"le-debut-dune-grande-aventure","status":"publish","type":"post","link":"https:\/\/swissbaker.ch\/fr\/panissimo-news\/le-debut-dune-grande-aventure\/","title":{"rendered":"Le d\u00e9but d\u2019une grande aventure"},"content":{"rendered":"\n<p><strong>Il y a trois ans, Meg Dufey achevait sa formation d\u2019assistante socio \u00e9ducatrice dans une cr\u00e8che de la Veveyse\u2009; un choix motiv\u00e9 par l\u2019envie de prendre soin des autres. Au d\u00e9marrage de la vie professionnelle son chemin a pris un virage de taille mais surtout inattendu.<\/strong><\/p>\n\n\n\n<p>Au d\u00e9part de ma vie professionnelle je me suis orient\u00e9e vers le milieu de la petite enfance. Etre \u00e0 l\u2019\u00e9coute des gens qui m\u2019entoure est un besoin plus qu\u2019une qualit\u00e9. De nature empathique, patiente, calme, et surtout consciencieuse, cet apprentissage m\u2019est apparu comme une \u00e9vidence.<br>Mon CFC en poche je me suis mise en recherche d\u2019un emploi\u2009; ce qui n\u2019a pas \u00e9t\u00e9 une t\u00e2che facile. Par le biais d\u2019une amie et un peu par hasard, mon CV s\u2019est retrouv\u00e9 dans une boulangerie.<\/p>\n\n\n\n<h2 class=\"wp-block-heading\" id=\"h-pas-de-hasard\">pas de hasard<\/h2>\n\n\n\n<p>La boulangerie-p\u00e2tisserie n\u2019\u00e9tait pas un m\u00e9tier que j\u2019envisageais. Cependant, je suis une femme curieuse et apprendre des choses m\u2019attire plus que \u00e7a ne m\u2019effraye. J\u2019ai tr\u00e8s rapidement pris \u00e9norm\u00e9ment de plaisir dans la vente et le service. Le contact avec la client\u00e8le, les techniques de ventes, la mise en place des produits, et l\u2019organisation d\u2019un magasin demandent toutes les qualit\u00e9s que je poss\u00e8de. Chacun de mes jours de travail, je prends conscience que ce m\u00e9tier, la vente, c\u2019est mon m\u00e9tier. C\u2019est ce que je veux faire et je comprends rapidement que mon avenir se trouve ici. Je me demande \u00e0 pr\u00e9sent comment me qualifier pour devenir encore plus performante, et plus professionnelle car je d\u00e9sire \u00e9voluer dans ce domaine qui me pla\u00eet tant.<\/p>\n\n\n\n<h2 class=\"wp-block-heading\">La difficult\u00e9 de ma r\u00e9alit\u00e9<\/h2>\n\n\n\n<p>Avec ma responsable, Elsa Mendez, nous avons \u00e9pluch\u00e9 toutes les possibilit\u00e9s\u2009: en premier l\u2019apprentissage de GCD. A seulement 21 ans et remplie de motivation, je souhaite faire une formation reconnue afin de me sentir valoris\u00e9e et s\u00fbre de moi dans ce m\u00e9tier. Ma r\u00e9alit\u00e9 cependant est plus complexe, parfois la motivation ne suffit pas, et je souffre de dyslexie tr\u00e8s prononc\u00e9e ce qui complique beaucoup l\u2019apprentissage des langues \u00e9trang\u00e8res en milieu scolaire. Nous trouvons alors un autre moyen de faire valoir mes comp\u00e9tences professionnelles.<\/p>\n\n\n\n<figure class=\"wp-block-pullquote has-text-color\" style=\"color:#cc9933;font-size:25px;font-style:normal;font-weight:700\"><blockquote><p>\u00ab\u2009Chacun de mes jours de travail, je prends conscience que ce m\u00e9tier, la vente, c\u2019est mon m\u00e9tier.\u2009\u00bb<\/p><cite>Meg Dufey<\/cite><\/blockquote><\/figure>\n\n\n\n<p>L\u2019\u00e9cole Richemont propose une formation de mise \u00e0 niveau pour adulte issu d\u2019un autre milieu ou secteur d\u2019activit\u00e9, exactement ce que je recherche.<\/p>\n\n\n\n<h2 class=\"wp-block-heading\">Une formation, un examen, une r\u00e9ussite<\/h2>\n\n\n\n<p>Je me lance dans cette formation avec tout mon c\u0153ur. J\u2019ai suivi des cours sp\u00e9cifiques \u00e0 la vente ainsi que des modules sp\u00e9cifiques \u00e0 la production. C\u2019\u00e9tait un enrichissement tant humain que professionnel, tous ces d\u00e9tails sur les techniques de ventes, les fa\u00e7ons d\u2019aborder la client\u00e8le et la production m\u2019ont motiv\u00e9 \u00e0 aller le plus loin possible dans ce m\u00e9tier. Les examens se sont tr\u00e8s bien pass\u00e9s et seulement une ann\u00e9e et demie apr\u00e8s mon d\u00e9marrage dans la boulangerie-p\u00e2tisserie je sais que ma carri\u00e8re est l\u00e0, dans ce m\u00e9tier\u2009!<\/p>\n\n\n\n<h2 class=\"wp-block-heading\">Continuer la formation jusqu\u2019\u00e0 la transmission<\/h2>\n\n\n\n<p>Aujourd\u2019hui je continue ma formation avec Richemont en suivant le module de leadership, l\u2019objectif \u00e9tant d\u2019\u00e9voluer et de prendre la responsabilit\u00e9 d\u2019un magasin et d\u2019une \u00e9quipe, ainsi que les cours pour formatrice en entreprise.<\/p>\n\n\n\n<p>J\u2019ai eu la chance d\u2019\u00eatre soutenue tout le long de mon parcours et je suis reconnaissante envers toutes ces personnes qui m\u2019ont fait aimer encore plus mon m\u00e9tier et je souhaite vivement un jour pouvoir soutenir \u00e0 mon tour une ou un jeune plein de motivation, et qui sait pourquoi pas aussi enseigner \u00e0 l\u2019\u00e9cole professionnelle Richemont\u2026 C\u2019est le d\u00e9but d\u2019une grande aventure pour moi. <\/p>\n\n\n\n<hr class=\"wp-block-separator has-alpha-channel-opacity\"\/>\n\n\n\n<h2 class=\"wp-block-heading\">Meg Dufey<\/h2>\n\n\n\n<ul class=\"wp-block-list\">\n<li>2017 \u2013 2020\u202f: apprentissage a\u0300 la cr\u00e8che des Petits Lions, Attalens (FR)<\/li>\n\n\n\n<li>2020\u2013 aujourd\u2019hui \u202f: vendeuse, Gilles S\u00e0rl, Ch\u00e2tel-St-Denis (FR).<\/li>\n\n\n\n<li>2022\u2013 2023\u202f: mise \u00e0 niveau chez Gilles S\u00e0rl.<\/li>\n\n\n\n<li>mai\u202f2023 \u202f: formation de leadership.<\/li>\n\n\n\n<li>ao\u00fbt\u202f2023 \u202f: formation de formatrice en entreprise.<\/li>\n\n\n\n<li><\/li>\n<\/ul>\n","protected":false},"excerpt":{"rendered":"<p>Il y a trois ans, Meg Dufey achevait sa formation d\u2019assistante socio \u00e9ducatrice dans une cr\u00e8che de la Veveyse\u2009; un choix motiv\u00e9 par l\u2019envie de prendre soin des autres. Au d\u00e9marrage de la vie professionnelle son chemin a pris un virage de taille mais surtout inattendu.<\/p>\n","protected":false},"author":5,"featured_media":65615,"comment_status":"closed","ping_status":"closed","sticky":true,"template":"","format":"standard","meta":{"_acf_changed":false,"footnotes":""},"categories":[53],"tags":[],"class_list":["post-65621","post","type-post","status-publish","format-standard","has-post-thumbnail","hentry","category-our-future-fr"],"acf":[],"yoast_head":"<!-- This site is optimized with the Yoast SEO Premium plugin v26.8 (Yoast SEO v26.8) - https:\/\/yoast.com\/product\/yoast-seo-premium-wordpress\/ -->\n<title>Le d\u00e9but d\u2019une grande aventure | SBC<\/title>\n<meta name=\"robots\" content=\"index, follow, max-snippet:-1, max-image-preview:large, max-video-preview:-1\" \/>\n<link rel=\"canonical\" href=\"https:\/\/swissbaker.ch\/fr\/panissimo-news\/le-debut-dune-grande-aventure\/\" \/>\n<meta property=\"og:locale\" content=\"fr_FR\" \/>\n<meta property=\"og:type\" content=\"article\" \/>\n<meta property=\"og:title\" content=\"Le d\u00e9but d\u2019une grande aventure\" \/>\n<meta property=\"og:description\" content=\"Il y a trois ans, Meg Dufey achevait sa formation d\u2019assistante socio \u00e9ducatrice dans une cr\u00e8che de la Veveyse\u2009; un choix motiv\u00e9 par l\u2019envie de prendre soin des autres. Au d\u00e9marrage de la vie professionnelle son chemin a pris un virage de taille mais surtout inattendu.\" \/>\n<meta property=\"og:url\" content=\"https:\/\/swissbaker.ch\/fr\/panissimo-news\/le-debut-dune-grande-aventure\/\" \/>\n<meta property=\"og:site_name\" content=\"SBC\" \/>\n<meta property=\"article:publisher\" content=\"https:\/\/www.facebook.com\/swissbaker.ch\" \/>\n<meta property=\"article:published_time\" content=\"2023-07-13T13:23:03+00:00\" \/>\n<meta property=\"article:modified_time\" content=\"2023-07-13T14:03:27+00:00\" \/>\n<meta property=\"og:image\" content=\"https:\/\/swissbaker.ch\/wp-content\/uploads\/2023\/07\/14_2_our_future_meg_dufey.jpg\" \/>\n\t<meta property=\"og:image:width\" content=\"1200\" \/>\n\t<meta property=\"og:image:height\" content=\"712\" \/>\n\t<meta property=\"og:image:type\" content=\"image\/jpeg\" \/>\n<meta name=\"author\" content=\"Simon Nussbaum\" \/>\n<meta name=\"twitter:card\" content=\"summary_large_image\" \/>\n<meta name=\"twitter:creator\" content=\"@ch_swissbaker\" \/>\n<meta name=\"twitter:site\" content=\"@ch_swissbaker\" \/>\n<meta name=\"twitter:label1\" content=\"Written by\" \/>\n\t<meta name=\"twitter:data1\" content=\"Simon Nussbaum\" \/>\n\t<meta name=\"twitter:label2\" content=\"Est. reading time\" \/>\n\t<meta name=\"twitter:data2\" content=\"4 minutes\" \/>\n<script type=\"application\/ld+json\" class=\"yoast-schema-graph\">{\"@context\":\"https:\/\/schema.org\",\"@graph\":[{\"@type\":\"Article\",\"@id\":\"https:\/\/swissbaker.ch\/fr\/panissimo-news\/le-debut-dune-grande-aventure\/#article\",\"isPartOf\":{\"@id\":\"https:\/\/swissbaker.ch\/fr\/panissimo-news\/le-debut-dune-grande-aventure\/\"},\"author\":{\"name\":\"Simon Nussbaum\",\"@id\":\"https:\/\/swissbaker.ch\/fr\/#\/schema\/person\/74bd327b08c18ca6042c02ff6f0ed5e2\"},\"headline\":\"Le d\u00e9but d\u2019une grande aventure\",\"datePublished\":\"2023-07-13T13:23:03+00:00\",\"dateModified\":\"2023-07-13T14:03:27+00:00\",\"mainEntityOfPage\":{\"@id\":\"https:\/\/swissbaker.ch\/fr\/panissimo-news\/le-debut-dune-grande-aventure\/\"},\"wordCount\":708,\"publisher\":{\"@id\":\"https:\/\/swissbaker.ch\/fr\/#organization\"},\"image\":{\"@id\":\"https:\/\/swissbaker.ch\/fr\/panissimo-news\/le-debut-dune-grande-aventure\/#primaryimage\"},\"thumbnailUrl\":\"https:\/\/swissbaker.ch\/wp-content\/uploads\/2023\/07\/14_2_our_future_meg_dufey.jpg\",\"articleSection\":[\"Our Future\"],\"inLanguage\":\"fr-FR\"},{\"@type\":\"WebPage\",\"@id\":\"https:\/\/swissbaker.ch\/fr\/panissimo-news\/le-debut-dune-grande-aventure\/\",\"url\":\"https:\/\/swissbaker.ch\/fr\/panissimo-news\/le-debut-dune-grande-aventure\/\",\"name\":\"Le d\u00e9but d\u2019une grande aventure | SBC\",\"isPartOf\":{\"@id\":\"https:\/\/swissbaker.ch\/fr\/#website\"},\"primaryImageOfPage\":{\"@id\":\"https:\/\/swissbaker.ch\/fr\/panissimo-news\/le-debut-dune-grande-aventure\/#primaryimage\"},\"image\":{\"@id\":\"https:\/\/swissbaker.ch\/fr\/panissimo-news\/le-debut-dune-grande-aventure\/#primaryimage\"},\"thumbnailUrl\":\"https:\/\/swissbaker.ch\/wp-content\/uploads\/2023\/07\/14_2_our_future_meg_dufey.jpg\",\"datePublished\":\"2023-07-13T13:23:03+00:00\",\"dateModified\":\"2023-07-13T14:03:27+00:00\",\"breadcrumb\":{\"@id\":\"https:\/\/swissbaker.ch\/fr\/panissimo-news\/le-debut-dune-grande-aventure\/#breadcrumb\"},\"inLanguage\":\"fr-FR\",\"potentialAction\":[{\"@type\":\"ReadAction\",\"target\":[\"https:\/\/swissbaker.ch\/fr\/panissimo-news\/le-debut-dune-grande-aventure\/\"]}]},{\"@type\":\"ImageObject\",\"inLanguage\":\"fr-FR\",\"@id\":\"https:\/\/swissbaker.ch\/fr\/panissimo-news\/le-debut-dune-grande-aventure\/#primaryimage\",\"url\":\"https:\/\/swissbaker.ch\/wp-content\/uploads\/2023\/07\/14_2_our_future_meg_dufey.jpg\",\"contentUrl\":\"https:\/\/swissbaker.ch\/wp-content\/uploads\/2023\/07\/14_2_our_future_meg_dufey.jpg\",\"width\":1200,\"height\":712},{\"@type\":\"BreadcrumbList\",\"@id\":\"https:\/\/swissbaker.ch\/fr\/panissimo-news\/le-debut-dune-grande-aventure\/#breadcrumb\",\"itemListElement\":[{\"@type\":\"ListItem\",\"position\":1,\"name\":\"\",\"item\":\"https:\/\/swissbaker.ch\/fr\/\"},{\"@type\":\"ListItem\",\"position\":2,\"name\":\"Our Future\",\"item\":\"https:\/\/swissbaker.ch\/fr\/panissimo-news\/category\/our-future-fr\/\"},{\"@type\":\"ListItem\",\"position\":3,\"name\":\"Le d\u00e9but d\u2019une grande aventure\"}]},{\"@type\":\"WebSite\",\"@id\":\"https:\/\/swissbaker.ch\/fr\/#website\",\"url\":\"https:\/\/swissbaker.ch\/fr\/\",\"name\":\"SBC\",\"description\":\"\",\"publisher\":{\"@id\":\"https:\/\/swissbaker.ch\/fr\/#organization\"},\"potentialAction\":[{\"@type\":\"SearchAction\",\"target\":{\"@type\":\"EntryPoint\",\"urlTemplate\":\"https:\/\/swissbaker.ch\/fr\/?s={search_term_string}\"},\"query-input\":{\"@type\":\"PropertyValueSpecification\",\"valueRequired\":true,\"valueName\":\"search_term_string\"}}],\"inLanguage\":\"fr-FR\"},{\"@type\":\"Organization\",\"@id\":\"https:\/\/swissbaker.ch\/fr\/#organization\",\"name\":\"Schweizerischer B\u00e4cker-Confiseurmeister-Verband\",\"url\":\"https:\/\/swissbaker.ch\/fr\/\",\"logo\":{\"@type\":\"ImageObject\",\"inLanguage\":\"fr-FR\",\"@id\":\"https:\/\/swissbaker.ch\/fr\/#\/schema\/logo\/image\/\",\"url\":\"https:\/\/swissbaker.ch\/wp-content\/uploads\/2022\/04\/sbc-logo-yoast.jpg\",\"contentUrl\":\"https:\/\/swissbaker.ch\/wp-content\/uploads\/2022\/04\/sbc-logo-yoast.jpg\",\"width\":512,\"height\":512,\"caption\":\"Schweizerischer B\u00e4cker-Confiseurmeister-Verband\"},\"image\":{\"@id\":\"https:\/\/swissbaker.ch\/fr\/#\/schema\/logo\/image\/\"},\"sameAs\":[\"https:\/\/www.facebook.com\/swissbaker.ch\",\"https:\/\/x.com\/ch_swissbaker\"]},{\"@type\":\"Person\",\"@id\":\"https:\/\/swissbaker.ch\/fr\/#\/schema\/person\/74bd327b08c18ca6042c02ff6f0ed5e2\",\"name\":\"Simon Nussbaum\",\"image\":{\"@type\":\"ImageObject\",\"inLanguage\":\"fr-FR\",\"@id\":\"https:\/\/swissbaker.ch\/fr\/#\/schema\/person\/image\/\",\"url\":\"https:\/\/secure.gravatar.com\/avatar\/df0eced3bb556c806cb760cf503ade1ed1df25b4104d80d6fd28d93a9509aa12?s=96&d=mm&r=g\",\"contentUrl\":\"https:\/\/secure.gravatar.com\/avatar\/df0eced3bb556c806cb760cf503ade1ed1df25b4104d80d6fd28d93a9509aa12?s=96&d=mm&r=g\",\"caption\":\"Simon Nussbaum\"},\"url\":\"https:\/\/swissbaker.ch\/fr\/panissimo-news\/author\/simon-nussbaum\/\"}]}<\/script>\n<!-- \/ Yoast SEO Premium plugin. -->","yoast_head_json":{"title":"Le d\u00e9but d\u2019une grande aventure | SBC","robots":{"index":"index","follow":"follow","max-snippet":"max-snippet:-1","max-image-preview":"max-image-preview:large","max-video-preview":"max-video-preview:-1"},"canonical":"https:\/\/swissbaker.ch\/fr\/panissimo-news\/le-debut-dune-grande-aventure\/","og_locale":"fr_FR","og_type":"article","og_title":"Le d\u00e9but d\u2019une grande aventure","og_description":"Il y a trois ans, Meg Dufey achevait sa formation d\u2019assistante socio \u00e9ducatrice dans une cr\u00e8che de la Veveyse\u2009; un choix motiv\u00e9 par l\u2019envie de prendre soin des autres. Au d\u00e9marrage de la vie professionnelle son chemin a pris un virage de taille mais surtout inattendu.","og_url":"https:\/\/swissbaker.ch\/fr\/panissimo-news\/le-debut-dune-grande-aventure\/","og_site_name":"SBC","article_publisher":"https:\/\/www.facebook.com\/swissbaker.ch","article_published_time":"2023-07-13T13:23:03+00:00","article_modified_time":"2023-07-13T14:03:27+00:00","og_image":[{"width":1200,"height":712,"url":"https:\/\/swissbaker.ch\/wp-content\/uploads\/2023\/07\/14_2_our_future_meg_dufey.jpg","type":"image\/jpeg"}],"author":"Simon Nussbaum","twitter_card":"summary_large_image","twitter_creator":"@ch_swissbaker","twitter_site":"@ch_swissbaker","twitter_misc":{"Written by":"Simon Nussbaum","Est. reading time":"4 minutes"},"schema":{"@context":"https:\/\/schema.org","@graph":[{"@type":"Article","@id":"https:\/\/swissbaker.ch\/fr\/panissimo-news\/le-debut-dune-grande-aventure\/#article","isPartOf":{"@id":"https:\/\/swissbaker.ch\/fr\/panissimo-news\/le-debut-dune-grande-aventure\/"},"author":{"name":"Simon Nussbaum","@id":"https:\/\/swissbaker.ch\/fr\/#\/schema\/person\/74bd327b08c18ca6042c02ff6f0ed5e2"},"headline":"Le d\u00e9but d\u2019une grande aventure","datePublished":"2023-07-13T13:23:03+00:00","dateModified":"2023-07-13T14:03:27+00:00","mainEntityOfPage":{"@id":"https:\/\/swissbaker.ch\/fr\/panissimo-news\/le-debut-dune-grande-aventure\/"},"wordCount":708,"publisher":{"@id":"https:\/\/swissbaker.ch\/fr\/#organization"},"image":{"@id":"https:\/\/swissbaker.ch\/fr\/panissimo-news\/le-debut-dune-grande-aventure\/#primaryimage"},"thumbnailUrl":"https:\/\/swissbaker.ch\/wp-content\/uploads\/2023\/07\/14_2_our_future_meg_dufey.jpg","articleSection":["Our Future"],"inLanguage":"fr-FR"},{"@type":"WebPage","@id":"https:\/\/swissbaker.ch\/fr\/panissimo-news\/le-debut-dune-grande-aventure\/","url":"https:\/\/swissbaker.ch\/fr\/panissimo-news\/le-debut-dune-grande-aventure\/","name":"Le d\u00e9but d\u2019une grande aventure | SBC","isPartOf":{"@id":"https:\/\/swissbaker.ch\/fr\/#website"},"primaryImageOfPage":{"@id":"https:\/\/swissbaker.ch\/fr\/panissimo-news\/le-debut-dune-grande-aventure\/#primaryimage"},"image":{"@id":"https:\/\/swissbaker.ch\/fr\/panissimo-news\/le-debut-dune-grande-aventure\/#primaryimage"},"thumbnailUrl":"https:\/\/swissbaker.ch\/wp-content\/uploads\/2023\/07\/14_2_our_future_meg_dufey.jpg","datePublished":"2023-07-13T13:23:03+00:00","dateModified":"2023-07-13T14:03:27+00:00","breadcrumb":{"@id":"https:\/\/swissbaker.ch\/fr\/panissimo-news\/le-debut-dune-grande-aventure\/#breadcrumb"},"inLanguage":"fr-FR","potentialAction":[{"@type":"ReadAction","target":["https:\/\/swissbaker.ch\/fr\/panissimo-news\/le-debut-dune-grande-aventure\/"]}]},{"@type":"ImageObject","inLanguage":"fr-FR","@id":"https:\/\/swissbaker.ch\/fr\/panissimo-news\/le-debut-dune-grande-aventure\/#primaryimage","url":"https:\/\/swissbaker.ch\/wp-content\/uploads\/2023\/07\/14_2_our_future_meg_dufey.jpg","contentUrl":"https:\/\/swissbaker.ch\/wp-content\/uploads\/2023\/07\/14_2_our_future_meg_dufey.jpg","width":1200,"height":712},{"@type":"BreadcrumbList","@id":"https:\/\/swissbaker.ch\/fr\/panissimo-news\/le-debut-dune-grande-aventure\/#breadcrumb","itemListElement":[{"@type":"ListItem","position":1,"name":"","item":"https:\/\/swissbaker.ch\/fr\/"},{"@type":"ListItem","position":2,"name":"Our Future","item":"https:\/\/swissbaker.ch\/fr\/panissimo-news\/category\/our-future-fr\/"},{"@type":"ListItem","position":3,"name":"Le d\u00e9but d\u2019une grande aventure"}]},{"@type":"WebSite","@id":"https:\/\/swissbaker.ch\/fr\/#website","url":"https:\/\/swissbaker.ch\/fr\/","name":"SBC","description":"","publisher":{"@id":"https:\/\/swissbaker.ch\/fr\/#organization"},"potentialAction":[{"@type":"SearchAction","target":{"@type":"EntryPoint","urlTemplate":"https:\/\/swissbaker.ch\/fr\/?s={search_term_string}"},"query-input":{"@type":"PropertyValueSpecification","valueRequired":true,"valueName":"search_term_string"}}],"inLanguage":"fr-FR"},{"@type":"Organization","@id":"https:\/\/swissbaker.ch\/fr\/#organization","name":"Schweizerischer B\u00e4cker-Confiseurmeister-Verband","url":"https:\/\/swissbaker.ch\/fr\/","logo":{"@type":"ImageObject","inLanguage":"fr-FR","@id":"https:\/\/swissbaker.ch\/fr\/#\/schema\/logo\/image\/","url":"https:\/\/swissbaker.ch\/wp-content\/uploads\/2022\/04\/sbc-logo-yoast.jpg","contentUrl":"https:\/\/swissbaker.ch\/wp-content\/uploads\/2022\/04\/sbc-logo-yoast.jpg","width":512,"height":512,"caption":"Schweizerischer B\u00e4cker-Confiseurmeister-Verband"},"image":{"@id":"https:\/\/swissbaker.ch\/fr\/#\/schema\/logo\/image\/"},"sameAs":["https:\/\/www.facebook.com\/swissbaker.ch","https:\/\/x.com\/ch_swissbaker"]},{"@type":"Person","@id":"https:\/\/swissbaker.ch\/fr\/#\/schema\/person\/74bd327b08c18ca6042c02ff6f0ed5e2","name":"Simon Nussbaum","image":{"@type":"ImageObject","inLanguage":"fr-FR","@id":"https:\/\/swissbaker.ch\/fr\/#\/schema\/person\/image\/","url":"https:\/\/secure.gravatar.com\/avatar\/df0eced3bb556c806cb760cf503ade1ed1df25b4104d80d6fd28d93a9509aa12?s=96&d=mm&r=g","contentUrl":"https:\/\/secure.gravatar.com\/avatar\/df0eced3bb556c806cb760cf503ade1ed1df25b4104d80d6fd28d93a9509aa12?s=96&d=mm&r=g","caption":"Simon Nussbaum"},"url":"https:\/\/swissbaker.ch\/fr\/panissimo-news\/author\/simon-nussbaum\/"}]}},"_links":{"self":[{"href":"https:\/\/swissbaker.ch\/fr\/wp-json\/wp\/v2\/posts\/65621","targetHints":{"allow":["GET"]}}],"collection":[{"href":"https:\/\/swissbaker.ch\/fr\/wp-json\/wp\/v2\/posts"}],"about":[{"href":"https:\/\/swissbaker.ch\/fr\/wp-json\/wp\/v2\/types\/post"}],"author":[{"embeddable":true,"href":"https:\/\/swissbaker.ch\/fr\/wp-json\/wp\/v2\/users\/5"}],"replies":[{"embeddable":true,"href":"https:\/\/swissbaker.ch\/fr\/wp-json\/wp\/v2\/comments?post=65621"}],"version-history":[{"count":0,"href":"https:\/\/swissbaker.ch\/fr\/wp-json\/wp\/v2\/posts\/65621\/revisions"}],"wp:featuredmedia":[{"embeddable":true,"href":"https:\/\/swissbaker.ch\/fr\/wp-json\/wp\/v2\/media\/65615"}],"wp:attachment":[{"href":"https:\/\/swissbaker.ch\/fr\/wp-json\/wp\/v2\/media?parent=65621"}],"wp:term":[{"taxonomy":"category","embeddable":true,"href":"https:\/\/swissbaker.ch\/fr\/wp-json\/wp\/v2\/categories?post=65621"},{"taxonomy":"post_tag","embeddable":true,"href":"https:\/\/swissbaker.ch\/fr\/wp-json\/wp\/v2\/tags?post=65621"}],"curies":[{"name":"wp","href":"https:\/\/api.w.org\/{rel}","templated":true}]}}