{"id":65386,"date":"2023-07-13T11:26:41","date_gmt":"2023-07-13T09:26:41","guid":{"rendered":"https:\/\/swissbaker.ch\/?p=65386"},"modified":"2023-07-19T13:13:42","modified_gmt":"2023-07-19T11:13:42","slug":"la-situation-economique-generaleet-son-importance-pour-les-entreprises","status":"publish","type":"post","link":"https:\/\/swissbaker.ch\/fr\/panissimo-news\/la-situation-economique-generaleet-son-importance-pour-les-entreprises\/","title":{"rendered":"La situation \u00e9conomique g\u00e9n\u00e9rale<br>et son importance pour les entreprises"},"content":{"rendered":"\n<p><strong>L\u2019\u00e9conomie est en plein essor, le plein-emploi est presque atteint et la p\u00e9nurie de main-d\u2019\u0153uvre qualifi\u00e9e est omnipr\u00e9sente. Les taux d\u2019int\u00e9r\u00eat ne cessent d\u2019augmenter. Qu\u2019est-ce que cela signifie exactement pour moi, pour mon entreprise\u2009? A quoi dois-je faire attention\u2009?<\/strong><\/p>\n\n\n\n<p>La Banque nationale suisse a une nouvelle fois relev\u00e9 son taux directeur de 25 points de base (pb) \u00e0 1,75\u202f% au 23\u202fjuin. En comparaison internationale, nous faisons relativement bonne figure par rapport \u00e0 la Banque centrale europ\u00e9enne avec 4\u202f%, la Grande-Bretagne avec 5\u202f% et les Etats-Unis avec 5,25\u202f%, notre taux directeur \u00e9tant tr\u00e8s bas. A peu pr\u00e8s au m\u00eame moment, la Banque centrale turque a relev\u00e9 son taux directeur \u00e0 un niveau vertigineux de 15\u202f%\u2009! L\u2019objectif de ces taux \u00e9lev\u00e9s est partout le m\u00eame, la hausse des taux d\u2019int\u00e9r\u00eat visant \u00e0 endiguer l\u2019inflation galopante dans les diff\u00e9rents pays. Or, les taux d\u2019inflation parfois tr\u00e8s \u00e9lev\u00e9s r\u00e9sultent non seulement de la masse mon\u00e9taire, mais aussi, en de nombreux endroits, de la rar\u00e9faction de l\u2019offre face \u00e0 une demande \u00e9gale, voire sup\u00e9rieure. Depuis la pand\u00e9mie de COVID-19, les productions ne sont plus au m\u00eame niveau, de nombreuses cha\u00eenes d\u2019approvisionnement ont \u00e9t\u00e9 interrompues\u2009; l\u2019offre s\u2019\u00e9tant rar\u00e9fi\u00e9e, les prix augmentent.<\/p>\n\n\n\n<p>Mais les ajustements de prix pourraient aussi s\u2019av\u00e9rer une correction d\u2019une p\u00e9riode de beau temps de plus de 10 ans \u2013 avec des taux d\u2019int\u00e9r\u00eat au plus bas, des prix constants et, dans le m\u00eame temps, une augmentation massive de la masse mon\u00e9taire. L\u2019\u00e9conomie mondiale en subit aujourd\u2019hui les cons\u00e9quences.<\/p>\n\n\n<div class=\"wp-block-image\">\n<figure class=\"aligncenter size-full is-resized\"><img decoding=\"async\" src=\"https:\/\/swissbaker.ch\/wp-content\/uploads\/2023\/07\/markus-kuenzli.jpg\" alt=\"\" class=\"wp-image-65380\" width=\"373\" height=\"353\" srcset=\"https:\/\/swissbaker.ch\/wp-content\/uploads\/2023\/07\/markus-kuenzli.jpg 923w, https:\/\/swissbaker.ch\/wp-content\/uploads\/2023\/07\/markus-kuenzli-768x728.jpg 768w\" sizes=\"(max-width: 373px) 100vw, 373px\" \/><figcaption class=\"wp-element-caption\">Markus K\u00fcnzli, directeur SBC Fiduciaire<\/figcaption><\/figure>\n<\/div>\n\n\n<p><strong>Nouvelles augmentations de prix conseill\u00e9es<\/strong><\/p>\n\n\n\n<p>Maintenant, quel est l\u2019impact pour les diff\u00e9rentes entreprises en Suisse\u2009? Bien que le taux d\u2019inflation en Suisse ait l\u00e9g\u00e8rement baiss\u00e9 au cours du deuxi\u00e8me trimestre 2023, passant de 2,9\u202f% \u00e0 2,6\u202f%, il reste globalement \u00e9lev\u00e9 pour notre pays. Cela signifie que de nouvelles adaptations de prix dans les magasins sont in\u00e9vitables, d\u2019autant plus que les effets de l\u2019\u00e9conomie nationale se font g\u00e9n\u00e9ralement sentir avec quelques mois de retard \u00e0 la base. En d\u2019autres termes, la hausse n\u2019est pas termin\u00e9e et va se poursuivre, en mati\u00e8re d\u2019adaptations de prix des fournisseurs et de prix d\u2019achat notamment. Celles et ceux ne r\u00e9percutant d\u2019ores et d\u00e9j\u00e0 plus les augmentations sur la client\u00e8le risquent de mettre en p\u00e9ril leurs marges et de devoir supporter personnellement une partie des co\u00fbts.<\/p>\n\n\n\n<p>Le manque de main-d\u2019\u0153uvre qualifi\u00e9e, vou\u00e9 \u00e0 persister jusqu\u2019\u00e0 nouvel ordre, devrait par ailleurs \u00e9galement entra\u00eener un rench\u00e9rissement du personnel ou une rar\u00e9faction de la production ou de l\u2019offre. Il faut aussi en tenir compte lors de la fixation des prix \/ des calculs.<\/p>\n\n\n\n<p>Il va donc falloir continuer \u00e0 observer les produits et, au plus tard pour les f\u00eates de fin d\u2019ann\u00e9e, augmenter \u00e0 nouveau les prix, dans leur grande majorit\u00e9, ou le faire au moins ponctuellement.<\/p>\n\n\n\n<p>D\u2019ailleurs, en l\u2019\u00e9tat actuel des choses, l\u2019exp\u00e9rience en mati\u00e8re de hausse de prix ne montre g\u00e9n\u00e9ralement pas d\u2019effondrement ou de r\u00e9duction de chiffre d\u2019affaires. Les augmentations de prix ont la plupart du temps \u00e9t\u00e9 accept\u00e9es et r\u00e9gl\u00e9es. L\u2019avenir nous dira jusqu\u2019o\u00f9 ira \u2013 ou pourra aller \u2013 le voyage, soit quand le seuil de tol\u00e9rance de la client\u00e8le sera d\u00e9finitivement atteint, sachant qu\u2019il faut s\u2019attendre \u00e0 une saturation prochaine dans les zones rurales notamment.<\/p>\n\n\n\n<p><strong>Autres mesures contre la hausse des co\u00fbts<\/strong><\/p>\n\n\n\n<p>De ce fait, les entreprises sont nombreuses \u00e0 avoir adapt\u00e9 les prix, tout en tentant d\u2019\u00e9conomiser sur les co\u00fbts. Le moyen le plus simple pour y parvenir \u00e9tant d\u2019adapter les heures d\u2019ouverture afin d\u2019\u00e9conomiser des heures de travail du personnel, les jours ou plages horaires les moins rentables ont \u00e9t\u00e9 supprim\u00e9s.<\/p>\n\n\n\n<p>L\u2019analyse du processus de cuisson et son adaptation dans la mesure du possible, \u00e0 des fins d\u2019\u00e9conomie d\u2019\u00e9lectricit\u00e9, nous ont \u00e9galement souvent \u00e9t\u00e9 rapport\u00e9es. Il s\u2019agit d\u2019une m\u00e9thode \u00e9prouv\u00e9e, dont il ne faut pas sous-estimer la valeur, en cas d\u2019augmentation des prix de l\u2019\u00e9lectricit\u00e9, pouvant s\u2019av\u00e9rer massive.<\/p>\n\n\n\n<p>Quoi qu\u2019il en soit, les d\u00e9fis restent nombreux dans le secteur.<\/p>\n\n\n\n<p class=\"has-text-align-right\">Markus K\u00fcnzli, directeur SBC Fiduciaire<\/p>\n","protected":false},"excerpt":{"rendered":"<p>L\u2019\u00e9conomie est en plein essor, le plein-emploi est presque atteint et la p\u00e9nurie de main-d\u2019\u0153uvre qualifi\u00e9e est omnipr\u00e9sente. Les taux d\u2019int\u00e9r\u00eat ne cessent d\u2019augmenter. Qu\u2019est-ce que cela signifie exactement pour moi, pour mon entreprise\u2009? A quoi dois-je faire attention\u2009?<\/p>\n","protected":false},"author":14,"featured_media":65382,"comment_status":"closed","ping_status":"closed","sticky":true,"template":"","format":"standard","meta":{"_acf_changed":false,"footnotes":""},"categories":[52,41],"tags":[],"class_list":["post-65386","post","type-post","status-publish","format-standard","has-post-thumbnail","hentry","category-actuel","category-association"],"acf":[],"yoast_head":"<!-- This site is optimized with the Yoast SEO Premium plugin v26.8 (Yoast SEO v26.8) - https:\/\/yoast.com\/product\/yoast-seo-premium-wordpress\/ -->\n<title>La situation \u00e9conomique g\u00e9n\u00e9raleet son importance pour les entreprises | SBC<\/title>\n<meta name=\"robots\" content=\"index, follow, max-snippet:-1, max-image-preview:large, max-video-preview:-1\" \/>\n<link rel=\"canonical\" href=\"https:\/\/swissbaker.ch\/fr\/panissimo-news\/la-situation-economique-generaleet-son-importance-pour-les-entreprises\/\" \/>\n<meta property=\"og:locale\" content=\"fr_FR\" \/>\n<meta property=\"og:type\" content=\"article\" \/>\n<meta property=\"og:title\" content=\"La situation \u00e9conomique g\u00e9n\u00e9raleet son importance pour les entreprises\" \/>\n<meta property=\"og:description\" content=\"L\u2019\u00e9conomie est en plein essor, le plein-emploi est presque atteint et la p\u00e9nurie de main-d\u2019\u0153uvre qualifi\u00e9e est omnipr\u00e9sente. Les taux d\u2019int\u00e9r\u00eat ne cessent d\u2019augmenter. Qu\u2019est-ce que cela signifie exactement pour moi, pour mon entreprise\u2009? A quoi dois-je faire attention\u2009?\" \/>\n<meta property=\"og:url\" content=\"https:\/\/swissbaker.ch\/fr\/panissimo-news\/la-situation-economique-generaleet-son-importance-pour-les-entreprises\/\" \/>\n<meta property=\"og:site_name\" content=\"SBC\" \/>\n<meta property=\"article:publisher\" content=\"https:\/\/www.facebook.com\/swissbaker.ch\" \/>\n<meta property=\"article:published_time\" content=\"2023-07-13T09:26:41+00:00\" \/>\n<meta property=\"article:modified_time\" content=\"2023-07-19T11:13:42+00:00\" \/>\n<meta property=\"og:image\" content=\"https:\/\/swissbaker.ch\/wp-content\/uploads\/2023\/07\/inflation_einkaufswagen_kl.jpg\" \/>\n\t<meta property=\"og:image:width\" content=\"2500\" \/>\n\t<meta property=\"og:image:height\" content=\"1667\" \/>\n\t<meta property=\"og:image:type\" content=\"image\/jpeg\" \/>\n<meta name=\"author\" content=\"Franzisca Ellenberger\" \/>\n<meta name=\"twitter:card\" content=\"summary_large_image\" \/>\n<meta name=\"twitter:creator\" content=\"@ch_swissbaker\" \/>\n<meta name=\"twitter:site\" content=\"@ch_swissbaker\" \/>\n<meta name=\"twitter:label1\" content=\"Written by\" \/>\n\t<meta name=\"twitter:data1\" content=\"Franzisca Ellenberger\" \/>\n\t<meta name=\"twitter:label2\" content=\"Est. reading time\" \/>\n\t<meta name=\"twitter:data2\" content=\"4 minutes\" \/>\n<script type=\"application\/ld+json\" class=\"yoast-schema-graph\">{\"@context\":\"https:\/\/schema.org\",\"@graph\":[{\"@type\":\"Article\",\"@id\":\"https:\/\/swissbaker.ch\/fr\/panissimo-news\/la-situation-economique-generaleet-son-importance-pour-les-entreprises\/#article\",\"isPartOf\":{\"@id\":\"https:\/\/swissbaker.ch\/fr\/panissimo-news\/la-situation-economique-generaleet-son-importance-pour-les-entreprises\/\"},\"author\":{\"name\":\"Franzisca Ellenberger\",\"@id\":\"https:\/\/swissbaker.ch\/fr\/#\/schema\/person\/882cf7a0c343605a02113006afd3cf48\"},\"headline\":\"La situation \u00e9conomique g\u00e9n\u00e9rale et son importance pour les entreprises\",\"datePublished\":\"2023-07-13T09:26:41+00:00\",\"dateModified\":\"2023-07-19T11:13:42+00:00\",\"mainEntityOfPage\":{\"@id\":\"https:\/\/swissbaker.ch\/fr\/panissimo-news\/la-situation-economique-generaleet-son-importance-pour-les-entreprises\/\"},\"wordCount\":763,\"publisher\":{\"@id\":\"https:\/\/swissbaker.ch\/fr\/#organization\"},\"image\":{\"@id\":\"https:\/\/swissbaker.ch\/fr\/panissimo-news\/la-situation-economique-generaleet-son-importance-pour-les-entreprises\/#primaryimage\"},\"thumbnailUrl\":\"https:\/\/swissbaker.ch\/wp-content\/uploads\/2023\/07\/inflation_einkaufswagen_kl.jpg\",\"articleSection\":[\"Actuel\",\"Association\"],\"inLanguage\":\"fr-FR\"},{\"@type\":\"WebPage\",\"@id\":\"https:\/\/swissbaker.ch\/fr\/panissimo-news\/la-situation-economique-generaleet-son-importance-pour-les-entreprises\/\",\"url\":\"https:\/\/swissbaker.ch\/fr\/panissimo-news\/la-situation-economique-generaleet-son-importance-pour-les-entreprises\/\",\"name\":\"La situation \u00e9conomique g\u00e9n\u00e9rale et son importance pour les entreprises | SBC\",\"isPartOf\":{\"@id\":\"https:\/\/swissbaker.ch\/fr\/#website\"},\"primaryImageOfPage\":{\"@id\":\"https:\/\/swissbaker.ch\/fr\/panissimo-news\/la-situation-economique-generaleet-son-importance-pour-les-entreprises\/#primaryimage\"},\"image\":{\"@id\":\"https:\/\/swissbaker.ch\/fr\/panissimo-news\/la-situation-economique-generaleet-son-importance-pour-les-entreprises\/#primaryimage\"},\"thumbnailUrl\":\"https:\/\/swissbaker.ch\/wp-content\/uploads\/2023\/07\/inflation_einkaufswagen_kl.jpg\",\"datePublished\":\"2023-07-13T09:26:41+00:00\",\"dateModified\":\"2023-07-19T11:13:42+00:00\",\"breadcrumb\":{\"@id\":\"https:\/\/swissbaker.ch\/fr\/panissimo-news\/la-situation-economique-generaleet-son-importance-pour-les-entreprises\/#breadcrumb\"},\"inLanguage\":\"fr-FR\",\"potentialAction\":[{\"@type\":\"ReadAction\",\"target\":[\"https:\/\/swissbaker.ch\/fr\/panissimo-news\/la-situation-economique-generaleet-son-importance-pour-les-entreprises\/\"]}]},{\"@type\":\"ImageObject\",\"inLanguage\":\"fr-FR\",\"@id\":\"https:\/\/swissbaker.ch\/fr\/panissimo-news\/la-situation-economique-generaleet-son-importance-pour-les-entreprises\/#primaryimage\",\"url\":\"https:\/\/swissbaker.ch\/wp-content\/uploads\/2023\/07\/inflation_einkaufswagen_kl.jpg\",\"contentUrl\":\"https:\/\/swissbaker.ch\/wp-content\/uploads\/2023\/07\/inflation_einkaufswagen_kl.jpg\",\"width\":2500,\"height\":1667,\"caption\":\"Rising cost of shopping. Shopping cart with red inflation arrow.\"},{\"@type\":\"BreadcrumbList\",\"@id\":\"https:\/\/swissbaker.ch\/fr\/panissimo-news\/la-situation-economique-generaleet-son-importance-pour-les-entreprises\/#breadcrumb\",\"itemListElement\":[{\"@type\":\"ListItem\",\"position\":1,\"name\":\"\",\"item\":\"https:\/\/swissbaker.ch\/fr\/\"},{\"@type\":\"ListItem\",\"position\":2,\"name\":\"Actuel\",\"item\":\"https:\/\/swissbaker.ch\/fr\/panissimo-news\/category\/actuel\/\"},{\"@type\":\"ListItem\",\"position\":3,\"name\":\"La situation \u00e9conomique g\u00e9n\u00e9raleet son importance pour les entreprises\"}]},{\"@type\":\"WebSite\",\"@id\":\"https:\/\/swissbaker.ch\/fr\/#website\",\"url\":\"https:\/\/swissbaker.ch\/fr\/\",\"name\":\"SBC\",\"description\":\"\",\"publisher\":{\"@id\":\"https:\/\/swissbaker.ch\/fr\/#organization\"},\"potentialAction\":[{\"@type\":\"SearchAction\",\"target\":{\"@type\":\"EntryPoint\",\"urlTemplate\":\"https:\/\/swissbaker.ch\/fr\/?s={search_term_string}\"},\"query-input\":{\"@type\":\"PropertyValueSpecification\",\"valueRequired\":true,\"valueName\":\"search_term_string\"}}],\"inLanguage\":\"fr-FR\"},{\"@type\":\"Organization\",\"@id\":\"https:\/\/swissbaker.ch\/fr\/#organization\",\"name\":\"Schweizerischer B\u00e4cker-Confiseurmeister-Verband\",\"url\":\"https:\/\/swissbaker.ch\/fr\/\",\"logo\":{\"@type\":\"ImageObject\",\"inLanguage\":\"fr-FR\",\"@id\":\"https:\/\/swissbaker.ch\/fr\/#\/schema\/logo\/image\/\",\"url\":\"https:\/\/swissbaker.ch\/wp-content\/uploads\/2022\/04\/sbc-logo-yoast.jpg\",\"contentUrl\":\"https:\/\/swissbaker.ch\/wp-content\/uploads\/2022\/04\/sbc-logo-yoast.jpg\",\"width\":512,\"height\":512,\"caption\":\"Schweizerischer B\u00e4cker-Confiseurmeister-Verband\"},\"image\":{\"@id\":\"https:\/\/swissbaker.ch\/fr\/#\/schema\/logo\/image\/\"},\"sameAs\":[\"https:\/\/www.facebook.com\/swissbaker.ch\",\"https:\/\/x.com\/ch_swissbaker\"]},{\"@type\":\"Person\",\"@id\":\"https:\/\/swissbaker.ch\/fr\/#\/schema\/person\/882cf7a0c343605a02113006afd3cf48\",\"name\":\"Franzisca Ellenberger\",\"image\":{\"@type\":\"ImageObject\",\"inLanguage\":\"fr-FR\",\"@id\":\"https:\/\/swissbaker.ch\/fr\/#\/schema\/person\/image\/\",\"url\":\"https:\/\/secure.gravatar.com\/avatar\/cfbbf5e1c965abf6a3e577fb088280ca678978f8d63bfc6ea7a2f0dca671ee5f?s=96&d=mm&r=g\",\"contentUrl\":\"https:\/\/secure.gravatar.com\/avatar\/cfbbf5e1c965abf6a3e577fb088280ca678978f8d63bfc6ea7a2f0dca671ee5f?s=96&d=mm&r=g\",\"caption\":\"Franzisca Ellenberger\"},\"url\":\"https:\/\/swissbaker.ch\/fr\/panissimo-news\/author\/franzisca-ellenberger\/\"}]}<\/script>\n<!-- \/ Yoast SEO Premium plugin. -->","yoast_head_json":{"title":"La situation \u00e9conomique g\u00e9n\u00e9raleet son importance pour les entreprises | SBC","robots":{"index":"index","follow":"follow","max-snippet":"max-snippet:-1","max-image-preview":"max-image-preview:large","max-video-preview":"max-video-preview:-1"},"canonical":"https:\/\/swissbaker.ch\/fr\/panissimo-news\/la-situation-economique-generaleet-son-importance-pour-les-entreprises\/","og_locale":"fr_FR","og_type":"article","og_title":"La situation \u00e9conomique g\u00e9n\u00e9raleet son importance pour les entreprises","og_description":"L\u2019\u00e9conomie est en plein essor, le plein-emploi est presque atteint et la p\u00e9nurie de main-d\u2019\u0153uvre qualifi\u00e9e est omnipr\u00e9sente. Les taux d\u2019int\u00e9r\u00eat ne cessent d\u2019augmenter. Qu\u2019est-ce que cela signifie exactement pour moi, pour mon entreprise\u2009? A quoi dois-je faire attention\u2009?","og_url":"https:\/\/swissbaker.ch\/fr\/panissimo-news\/la-situation-economique-generaleet-son-importance-pour-les-entreprises\/","og_site_name":"SBC","article_publisher":"https:\/\/www.facebook.com\/swissbaker.ch","article_published_time":"2023-07-13T09:26:41+00:00","article_modified_time":"2023-07-19T11:13:42+00:00","og_image":[{"width":2500,"height":1667,"url":"https:\/\/swissbaker.ch\/wp-content\/uploads\/2023\/07\/inflation_einkaufswagen_kl.jpg","type":"image\/jpeg"}],"author":"Franzisca Ellenberger","twitter_card":"summary_large_image","twitter_creator":"@ch_swissbaker","twitter_site":"@ch_swissbaker","twitter_misc":{"Written by":"Franzisca Ellenberger","Est. reading time":"4 minutes"},"schema":{"@context":"https:\/\/schema.org","@graph":[{"@type":"Article","@id":"https:\/\/swissbaker.ch\/fr\/panissimo-news\/la-situation-economique-generaleet-son-importance-pour-les-entreprises\/#article","isPartOf":{"@id":"https:\/\/swissbaker.ch\/fr\/panissimo-news\/la-situation-economique-generaleet-son-importance-pour-les-entreprises\/"},"author":{"name":"Franzisca Ellenberger","@id":"https:\/\/swissbaker.ch\/fr\/#\/schema\/person\/882cf7a0c343605a02113006afd3cf48"},"headline":"La situation \u00e9conomique g\u00e9n\u00e9rale et son importance pour les entreprises","datePublished":"2023-07-13T09:26:41+00:00","dateModified":"2023-07-19T11:13:42+00:00","mainEntityOfPage":{"@id":"https:\/\/swissbaker.ch\/fr\/panissimo-news\/la-situation-economique-generaleet-son-importance-pour-les-entreprises\/"},"wordCount":763,"publisher":{"@id":"https:\/\/swissbaker.ch\/fr\/#organization"},"image":{"@id":"https:\/\/swissbaker.ch\/fr\/panissimo-news\/la-situation-economique-generaleet-son-importance-pour-les-entreprises\/#primaryimage"},"thumbnailUrl":"https:\/\/swissbaker.ch\/wp-content\/uploads\/2023\/07\/inflation_einkaufswagen_kl.jpg","articleSection":["Actuel","Association"],"inLanguage":"fr-FR"},{"@type":"WebPage","@id":"https:\/\/swissbaker.ch\/fr\/panissimo-news\/la-situation-economique-generaleet-son-importance-pour-les-entreprises\/","url":"https:\/\/swissbaker.ch\/fr\/panissimo-news\/la-situation-economique-generaleet-son-importance-pour-les-entreprises\/","name":"La situation \u00e9conomique g\u00e9n\u00e9rale et son importance pour les entreprises | SBC","isPartOf":{"@id":"https:\/\/swissbaker.ch\/fr\/#website"},"primaryImageOfPage":{"@id":"https:\/\/swissbaker.ch\/fr\/panissimo-news\/la-situation-economique-generaleet-son-importance-pour-les-entreprises\/#primaryimage"},"image":{"@id":"https:\/\/swissbaker.ch\/fr\/panissimo-news\/la-situation-economique-generaleet-son-importance-pour-les-entreprises\/#primaryimage"},"thumbnailUrl":"https:\/\/swissbaker.ch\/wp-content\/uploads\/2023\/07\/inflation_einkaufswagen_kl.jpg","datePublished":"2023-07-13T09:26:41+00:00","dateModified":"2023-07-19T11:13:42+00:00","breadcrumb":{"@id":"https:\/\/swissbaker.ch\/fr\/panissimo-news\/la-situation-economique-generaleet-son-importance-pour-les-entreprises\/#breadcrumb"},"inLanguage":"fr-FR","potentialAction":[{"@type":"ReadAction","target":["https:\/\/swissbaker.ch\/fr\/panissimo-news\/la-situation-economique-generaleet-son-importance-pour-les-entreprises\/"]}]},{"@type":"ImageObject","inLanguage":"fr-FR","@id":"https:\/\/swissbaker.ch\/fr\/panissimo-news\/la-situation-economique-generaleet-son-importance-pour-les-entreprises\/#primaryimage","url":"https:\/\/swissbaker.ch\/wp-content\/uploads\/2023\/07\/inflation_einkaufswagen_kl.jpg","contentUrl":"https:\/\/swissbaker.ch\/wp-content\/uploads\/2023\/07\/inflation_einkaufswagen_kl.jpg","width":2500,"height":1667,"caption":"Rising cost of shopping. Shopping cart with red inflation arrow."},{"@type":"BreadcrumbList","@id":"https:\/\/swissbaker.ch\/fr\/panissimo-news\/la-situation-economique-generaleet-son-importance-pour-les-entreprises\/#breadcrumb","itemListElement":[{"@type":"ListItem","position":1,"name":"","item":"https:\/\/swissbaker.ch\/fr\/"},{"@type":"ListItem","position":2,"name":"Actuel","item":"https:\/\/swissbaker.ch\/fr\/panissimo-news\/category\/actuel\/"},{"@type":"ListItem","position":3,"name":"La situation \u00e9conomique g\u00e9n\u00e9raleet son importance pour les entreprises"}]},{"@type":"WebSite","@id":"https:\/\/swissbaker.ch\/fr\/#website","url":"https:\/\/swissbaker.ch\/fr\/","name":"SBC","description":"","publisher":{"@id":"https:\/\/swissbaker.ch\/fr\/#organization"},"potentialAction":[{"@type":"SearchAction","target":{"@type":"EntryPoint","urlTemplate":"https:\/\/swissbaker.ch\/fr\/?s={search_term_string}"},"query-input":{"@type":"PropertyValueSpecification","valueRequired":true,"valueName":"search_term_string"}}],"inLanguage":"fr-FR"},{"@type":"Organization","@id":"https:\/\/swissbaker.ch\/fr\/#organization","name":"Schweizerischer B\u00e4cker-Confiseurmeister-Verband","url":"https:\/\/swissbaker.ch\/fr\/","logo":{"@type":"ImageObject","inLanguage":"fr-FR","@id":"https:\/\/swissbaker.ch\/fr\/#\/schema\/logo\/image\/","url":"https:\/\/swissbaker.ch\/wp-content\/uploads\/2022\/04\/sbc-logo-yoast.jpg","contentUrl":"https:\/\/swissbaker.ch\/wp-content\/uploads\/2022\/04\/sbc-logo-yoast.jpg","width":512,"height":512,"caption":"Schweizerischer B\u00e4cker-Confiseurmeister-Verband"},"image":{"@id":"https:\/\/swissbaker.ch\/fr\/#\/schema\/logo\/image\/"},"sameAs":["https:\/\/www.facebook.com\/swissbaker.ch","https:\/\/x.com\/ch_swissbaker"]},{"@type":"Person","@id":"https:\/\/swissbaker.ch\/fr\/#\/schema\/person\/882cf7a0c343605a02113006afd3cf48","name":"Franzisca Ellenberger","image":{"@type":"ImageObject","inLanguage":"fr-FR","@id":"https:\/\/swissbaker.ch\/fr\/#\/schema\/person\/image\/","url":"https:\/\/secure.gravatar.com\/avatar\/cfbbf5e1c965abf6a3e577fb088280ca678978f8d63bfc6ea7a2f0dca671ee5f?s=96&d=mm&r=g","contentUrl":"https:\/\/secure.gravatar.com\/avatar\/cfbbf5e1c965abf6a3e577fb088280ca678978f8d63bfc6ea7a2f0dca671ee5f?s=96&d=mm&r=g","caption":"Franzisca Ellenberger"},"url":"https:\/\/swissbaker.ch\/fr\/panissimo-news\/author\/franzisca-ellenberger\/"}]}},"_links":{"self":[{"href":"https:\/\/swissbaker.ch\/fr\/wp-json\/wp\/v2\/posts\/65386","targetHints":{"allow":["GET"]}}],"collection":[{"href":"https:\/\/swissbaker.ch\/fr\/wp-json\/wp\/v2\/posts"}],"about":[{"href":"https:\/\/swissbaker.ch\/fr\/wp-json\/wp\/v2\/types\/post"}],"author":[{"embeddable":true,"href":"https:\/\/swissbaker.ch\/fr\/wp-json\/wp\/v2\/users\/14"}],"replies":[{"embeddable":true,"href":"https:\/\/swissbaker.ch\/fr\/wp-json\/wp\/v2\/comments?post=65386"}],"version-history":[{"count":0,"href":"https:\/\/swissbaker.ch\/fr\/wp-json\/wp\/v2\/posts\/65386\/revisions"}],"wp:featuredmedia":[{"embeddable":true,"href":"https:\/\/swissbaker.ch\/fr\/wp-json\/wp\/v2\/media\/65382"}],"wp:attachment":[{"href":"https:\/\/swissbaker.ch\/fr\/wp-json\/wp\/v2\/media?parent=65386"}],"wp:term":[{"taxonomy":"category","embeddable":true,"href":"https:\/\/swissbaker.ch\/fr\/wp-json\/wp\/v2\/categories?post=65386"},{"taxonomy":"post_tag","embeddable":true,"href":"https:\/\/swissbaker.ch\/fr\/wp-json\/wp\/v2\/tags?post=65386"}],"curies":[{"name":"wp","href":"https:\/\/api.w.org\/{rel}","templated":true}]}}