{"id":65327,"date":"2023-07-13T08:23:09","date_gmt":"2023-07-13T06:23:09","guid":{"rendered":"https:\/\/swissbaker.ch\/?p=65327"},"modified":"2023-07-13T08:27:50","modified_gmt":"2023-07-13T06:27:50","slug":"faconner-ensemble-lavenir-de-la-vente","status":"publish","type":"post","link":"https:\/\/swissbaker.ch\/fr\/panissimo-news\/faconner-ensemble-lavenir-de-la-vente\/","title":{"rendered":"Fa\u00e7onner ensemble l\u2019avenir de la vente"},"content":{"rendered":"\n<p><strong>Convaincues que c\u2019est ensemble que des solutions seront trouv\u00e9es pour assurer un avenir attractif, Muriel Jacob et Monika B\u00f6sch, sp\u00e9cialistes en gestion de l\u2019humain et de la vente pour l\u2019Ecole professionnelle Richemont ont souhait\u00e9 offrir une plate-forme d\u2019\u00e9change pour les forces de vente suisse.<\/strong><\/p>\n\n\n\n<p>Plus que des vendeuses, ce sont chaque jour des milliers de femmes et d\u2019hommes engag\u00e9s qui investissent leur \u00e9nergie \u00e0 accueillir les clients avec leur savoir-faire, leur savoir-\u00eatre et l\u2019ensemble de leurs extraordinaires ressources pour r\u00e9pondre aux exigences toujours plus vives des consommateurs. Tous font face \u00e0 d\u2019innombrables d\u00e9fis et s\u2019interrogent sur des questions comme\u2009:<\/p>\n\n\n\n<p>Comment mobiliser l\u2019\u00e9nergie pour rendre la vente plus attrayante\u2009? Comment diriger son \u00e9quipe aujourd\u2019hui\u2009? Comment faire participer activement la nouvelle g\u00e9n\u00e9ration\u2009? Comment continuer \u00e0 enthousiasmer les consommateurs d\u2019aujourd\u2019hui demain encore\u2009?<\/p>\n\n\n\n<h2 class=\"wp-block-heading\" id=\"h-ressources-et-bonnes-idees-mises-en-lumiere\">Ressources et bonnes id\u00e9es mises en lumi\u00e8re<\/h2>\n\n\n\n<p>Cette rencontre pour l\u2019avenir de la vente offre aux dirigeants, patrons, responsables de magasins, chefs experts et ma\u00eetres d\u2019apprentissage de la branche la possibilit\u00e9 de sortir de leur commerce et de leurs habitudes afin de penser hors du cadre et mettre en lumi\u00e8re leurs ressources et bonnes id\u00e9es dans le but d\u2019\u00e9laborer de mani\u00e8re cr\u00e9ative, interactive et instructive des solutions concr\u00e8tes.<\/p>\n\n\n\n<p>Apr\u00e8s un lancement r\u00e9ussi au printemps \u00e0 Lucerne c\u2019est au tour de la Romandie de se retrouver et d\u2019\u00e9laborer des solutions pour rendre le m\u00e9tier \u00e0 nouveau attractif.<\/p>\n\n\n\n<p>Alexandra Schmid, coach en leadership personnel et d\u2019\u00e9quipe dans toute la Suisse partagera son regard sur la situation actuelle et accompagnera les participants afin qu\u2019ils d\u00e9veloppent leurs talents de leader, abordent le futur avec confiance et optimisme. La journ\u00e9e sera agr\u00e9ment\u00e9e de collations et d\u2019une pause d\u00e9jeuner vitamin\u00e9es et r\u00e9g\u00e9n\u00e9rantes.<\/p>\n\n\n\n<p>S\u2019inscrire d\u00e8s \u00e0 pr\u00e9sent, c\u2019est s\u2019assurer d\u2019une parenth\u00e8se inspirante et cr\u00e9ative pour la rentr\u00e9e de la vente.<\/p>\n\n\n\n<p><a href=\"https:\/\/richemont.swiss\/fr\/prestations\/commerce-de-detail\/faconnons-ensemble-lavenir-de-la-vente\/\" target=\"_blank\" rel=\"noreferrer noopener\"><strong>Cours et inscription&#8230;\u00bb<\/strong><\/a><\/p>\n\n\n\n<p class=\"has-text-align-right\"><em>Muriel Jacob<\/em><\/p>\n","protected":false},"excerpt":{"rendered":"<p>Convaincues que c\u2019est ensemble que des solutions seront trouv\u00e9es pour assurer un avenir attractif, Muriel Jacob et Monika B\u00f6sch, sp\u00e9cialistes en gestion de l\u2019humain et de la vente pour l\u2019Ecole professionnelle Richemont ont souhait\u00e9 offrir une plate-forme d\u2019\u00e9change pour les forces de vente suisse.<\/p>\n","protected":false},"author":5,"featured_media":65328,"comment_status":"closed","ping_status":"closed","sticky":false,"template":"","format":"standard","meta":{"_acf_changed":false,"footnotes":""},"categories":[50],"tags":[],"class_list":["post-65327","post","type-post","status-publish","format-standard","has-post-thumbnail","hentry","category-vente-marketing"],"acf":[],"yoast_head":"<!-- This site is optimized with the Yoast SEO Premium plugin v26.8 (Yoast SEO v26.8) - https:\/\/yoast.com\/product\/yoast-seo-premium-wordpress\/ -->\n<title>Fa\u00e7onner ensemble l\u2019avenir de la vente | SBC<\/title>\n<meta name=\"description\" content=\"Convaincues que c\u2019est ensemble que des solutions seront trouv\u00e9es pour assurer un avenir attractif, Muriel Jacob et Monika B\u00f6sch, sp\u00e9cialistes en gestion de l\u2019humain et de la vente pour l\u2019Ecole professionnelle Richemont ont souhait\u00e9 offrir une plate-forme d\u2019\u00e9change pour les forces de vente suisse.\" \/>\n<meta name=\"robots\" content=\"index, follow, max-snippet:-1, max-image-preview:large, max-video-preview:-1\" \/>\n<link rel=\"canonical\" href=\"https:\/\/swissbaker.ch\/fr\/panissimo-news\/faconner-ensemble-lavenir-de-la-vente\/\" \/>\n<meta property=\"og:locale\" content=\"fr_FR\" \/>\n<meta property=\"og:type\" content=\"article\" \/>\n<meta property=\"og:title\" content=\"Fa\u00e7onner ensemble l\u2019avenir de la vente\" \/>\n<meta property=\"og:description\" content=\"Convaincues que c\u2019est ensemble que des solutions seront trouv\u00e9es pour assurer un avenir attractif, Muriel Jacob et Monika B\u00f6sch, sp\u00e9cialistes en gestion de l\u2019humain et de la vente pour l\u2019Ecole professionnelle Richemont ont souhait\u00e9 offrir une plate-forme d\u2019\u00e9change pour les forces de vente suisse.\" \/>\n<meta property=\"og:url\" content=\"https:\/\/swissbaker.ch\/fr\/panissimo-news\/faconner-ensemble-lavenir-de-la-vente\/\" \/>\n<meta property=\"og:site_name\" content=\"SBC\" \/>\n<meta property=\"article:publisher\" content=\"https:\/\/www.facebook.com\/swissbaker.ch\" \/>\n<meta property=\"article:published_time\" content=\"2023-07-13T06:23:09+00:00\" \/>\n<meta property=\"article:modified_time\" content=\"2023-07-13T06:27:50+00:00\" \/>\n<meta property=\"og:image\" content=\"https:\/\/swissbaker.ch\/wp-content\/uploads\/2023\/07\/14_1_muriel_jacob.jpg\" \/>\n\t<meta property=\"og:image:width\" content=\"1200\" \/>\n\t<meta property=\"og:image:height\" content=\"712\" \/>\n\t<meta property=\"og:image:type\" content=\"image\/jpeg\" \/>\n<meta name=\"author\" content=\"Simon Nussbaum\" \/>\n<meta name=\"twitter:card\" content=\"summary_large_image\" \/>\n<meta name=\"twitter:creator\" content=\"@ch_swissbaker\" \/>\n<meta name=\"twitter:site\" content=\"@ch_swissbaker\" \/>\n<meta name=\"twitter:label1\" content=\"Written by\" \/>\n\t<meta name=\"twitter:data1\" content=\"Simon Nussbaum\" \/>\n\t<meta name=\"twitter:label2\" content=\"Est. reading time\" \/>\n\t<meta name=\"twitter:data2\" content=\"2 minutes\" \/>\n<script type=\"application\/ld+json\" class=\"yoast-schema-graph\">{\"@context\":\"https:\/\/schema.org\",\"@graph\":[{\"@type\":\"Article\",\"@id\":\"https:\/\/swissbaker.ch\/fr\/panissimo-news\/faconner-ensemble-lavenir-de-la-vente\/#article\",\"isPartOf\":{\"@id\":\"https:\/\/swissbaker.ch\/fr\/panissimo-news\/faconner-ensemble-lavenir-de-la-vente\/\"},\"author\":{\"name\":\"Simon Nussbaum\",\"@id\":\"https:\/\/swissbaker.ch\/fr\/#\/schema\/person\/74bd327b08c18ca6042c02ff6f0ed5e2\"},\"headline\":\"Fa\u00e7onner ensemble l\u2019avenir de la vente\",\"datePublished\":\"2023-07-13T06:23:09+00:00\",\"dateModified\":\"2023-07-13T06:27:50+00:00\",\"mainEntityOfPage\":{\"@id\":\"https:\/\/swissbaker.ch\/fr\/panissimo-news\/faconner-ensemble-lavenir-de-la-vente\/\"},\"wordCount\":357,\"publisher\":{\"@id\":\"https:\/\/swissbaker.ch\/fr\/#organization\"},\"image\":{\"@id\":\"https:\/\/swissbaker.ch\/fr\/panissimo-news\/faconner-ensemble-lavenir-de-la-vente\/#primaryimage\"},\"thumbnailUrl\":\"https:\/\/swissbaker.ch\/wp-content\/uploads\/2023\/07\/14_1_muriel_jacob.jpg\",\"articleSection\":[\"Vente\/Marketing\"],\"inLanguage\":\"fr-FR\"},{\"@type\":\"WebPage\",\"@id\":\"https:\/\/swissbaker.ch\/fr\/panissimo-news\/faconner-ensemble-lavenir-de-la-vente\/\",\"url\":\"https:\/\/swissbaker.ch\/fr\/panissimo-news\/faconner-ensemble-lavenir-de-la-vente\/\",\"name\":\"Fa\u00e7onner ensemble l\u2019avenir de la vente | SBC\",\"isPartOf\":{\"@id\":\"https:\/\/swissbaker.ch\/fr\/#website\"},\"primaryImageOfPage\":{\"@id\":\"https:\/\/swissbaker.ch\/fr\/panissimo-news\/faconner-ensemble-lavenir-de-la-vente\/#primaryimage\"},\"image\":{\"@id\":\"https:\/\/swissbaker.ch\/fr\/panissimo-news\/faconner-ensemble-lavenir-de-la-vente\/#primaryimage\"},\"thumbnailUrl\":\"https:\/\/swissbaker.ch\/wp-content\/uploads\/2023\/07\/14_1_muriel_jacob.jpg\",\"datePublished\":\"2023-07-13T06:23:09+00:00\",\"dateModified\":\"2023-07-13T06:27:50+00:00\",\"description\":\"Convaincues que c\u2019est ensemble que des solutions seront trouv\u00e9es pour assurer un avenir attractif, Muriel Jacob et Monika B\u00f6sch, sp\u00e9cialistes en gestion de l\u2019humain et de la vente pour l\u2019Ecole professionnelle Richemont ont souhait\u00e9 offrir une plate-forme d\u2019\u00e9change pour les forces de vente suisse.\",\"breadcrumb\":{\"@id\":\"https:\/\/swissbaker.ch\/fr\/panissimo-news\/faconner-ensemble-lavenir-de-la-vente\/#breadcrumb\"},\"inLanguage\":\"fr-FR\",\"potentialAction\":[{\"@type\":\"ReadAction\",\"target\":[\"https:\/\/swissbaker.ch\/fr\/panissimo-news\/faconner-ensemble-lavenir-de-la-vente\/\"]}]},{\"@type\":\"ImageObject\",\"inLanguage\":\"fr-FR\",\"@id\":\"https:\/\/swissbaker.ch\/fr\/panissimo-news\/faconner-ensemble-lavenir-de-la-vente\/#primaryimage\",\"url\":\"https:\/\/swissbaker.ch\/wp-content\/uploads\/2023\/07\/14_1_muriel_jacob.jpg\",\"contentUrl\":\"https:\/\/swissbaker.ch\/wp-content\/uploads\/2023\/07\/14_1_muriel_jacob.jpg\",\"width\":1200,\"height\":712},{\"@type\":\"BreadcrumbList\",\"@id\":\"https:\/\/swissbaker.ch\/fr\/panissimo-news\/faconner-ensemble-lavenir-de-la-vente\/#breadcrumb\",\"itemListElement\":[{\"@type\":\"ListItem\",\"position\":1,\"name\":\"\",\"item\":\"https:\/\/swissbaker.ch\/fr\/\"},{\"@type\":\"ListItem\",\"position\":2,\"name\":\"Vente\/Marketing\",\"item\":\"https:\/\/swissbaker.ch\/fr\/panissimo-news\/category\/vente-marketing\/\"},{\"@type\":\"ListItem\",\"position\":3,\"name\":\"Fa\u00e7onner ensemble l\u2019avenir de la vente\"}]},{\"@type\":\"WebSite\",\"@id\":\"https:\/\/swissbaker.ch\/fr\/#website\",\"url\":\"https:\/\/swissbaker.ch\/fr\/\",\"name\":\"SBC\",\"description\":\"\",\"publisher\":{\"@id\":\"https:\/\/swissbaker.ch\/fr\/#organization\"},\"potentialAction\":[{\"@type\":\"SearchAction\",\"target\":{\"@type\":\"EntryPoint\",\"urlTemplate\":\"https:\/\/swissbaker.ch\/fr\/?s={search_term_string}\"},\"query-input\":{\"@type\":\"PropertyValueSpecification\",\"valueRequired\":true,\"valueName\":\"search_term_string\"}}],\"inLanguage\":\"fr-FR\"},{\"@type\":\"Organization\",\"@id\":\"https:\/\/swissbaker.ch\/fr\/#organization\",\"name\":\"Schweizerischer B\u00e4cker-Confiseurmeister-Verband\",\"url\":\"https:\/\/swissbaker.ch\/fr\/\",\"logo\":{\"@type\":\"ImageObject\",\"inLanguage\":\"fr-FR\",\"@id\":\"https:\/\/swissbaker.ch\/fr\/#\/schema\/logo\/image\/\",\"url\":\"https:\/\/swissbaker.ch\/wp-content\/uploads\/2022\/04\/sbc-logo-yoast.jpg\",\"contentUrl\":\"https:\/\/swissbaker.ch\/wp-content\/uploads\/2022\/04\/sbc-logo-yoast.jpg\",\"width\":512,\"height\":512,\"caption\":\"Schweizerischer B\u00e4cker-Confiseurmeister-Verband\"},\"image\":{\"@id\":\"https:\/\/swissbaker.ch\/fr\/#\/schema\/logo\/image\/\"},\"sameAs\":[\"https:\/\/www.facebook.com\/swissbaker.ch\",\"https:\/\/x.com\/ch_swissbaker\"]},{\"@type\":\"Person\",\"@id\":\"https:\/\/swissbaker.ch\/fr\/#\/schema\/person\/74bd327b08c18ca6042c02ff6f0ed5e2\",\"name\":\"Simon Nussbaum\",\"image\":{\"@type\":\"ImageObject\",\"inLanguage\":\"fr-FR\",\"@id\":\"https:\/\/swissbaker.ch\/fr\/#\/schema\/person\/image\/\",\"url\":\"https:\/\/secure.gravatar.com\/avatar\/df0eced3bb556c806cb760cf503ade1ed1df25b4104d80d6fd28d93a9509aa12?s=96&d=mm&r=g\",\"contentUrl\":\"https:\/\/secure.gravatar.com\/avatar\/df0eced3bb556c806cb760cf503ade1ed1df25b4104d80d6fd28d93a9509aa12?s=96&d=mm&r=g\",\"caption\":\"Simon Nussbaum\"},\"url\":\"https:\/\/swissbaker.ch\/fr\/panissimo-news\/author\/simon-nussbaum\/\"}]}<\/script>\n<!-- \/ Yoast SEO Premium plugin. -->","yoast_head_json":{"title":"Fa\u00e7onner ensemble l\u2019avenir de la vente | SBC","description":"Convaincues que c\u2019est ensemble que des solutions seront trouv\u00e9es pour assurer un avenir attractif, Muriel Jacob et Monika B\u00f6sch, sp\u00e9cialistes en gestion de l\u2019humain et de la vente pour l\u2019Ecole professionnelle Richemont ont souhait\u00e9 offrir une plate-forme d\u2019\u00e9change pour les forces de vente suisse.","robots":{"index":"index","follow":"follow","max-snippet":"max-snippet:-1","max-image-preview":"max-image-preview:large","max-video-preview":"max-video-preview:-1"},"canonical":"https:\/\/swissbaker.ch\/fr\/panissimo-news\/faconner-ensemble-lavenir-de-la-vente\/","og_locale":"fr_FR","og_type":"article","og_title":"Fa\u00e7onner ensemble l\u2019avenir de la vente","og_description":"Convaincues que c\u2019est ensemble que des solutions seront trouv\u00e9es pour assurer un avenir attractif, Muriel Jacob et Monika B\u00f6sch, sp\u00e9cialistes en gestion de l\u2019humain et de la vente pour l\u2019Ecole professionnelle Richemont ont souhait\u00e9 offrir une plate-forme d\u2019\u00e9change pour les forces de vente suisse.","og_url":"https:\/\/swissbaker.ch\/fr\/panissimo-news\/faconner-ensemble-lavenir-de-la-vente\/","og_site_name":"SBC","article_publisher":"https:\/\/www.facebook.com\/swissbaker.ch","article_published_time":"2023-07-13T06:23:09+00:00","article_modified_time":"2023-07-13T06:27:50+00:00","og_image":[{"width":1200,"height":712,"url":"https:\/\/swissbaker.ch\/wp-content\/uploads\/2023\/07\/14_1_muriel_jacob.jpg","type":"image\/jpeg"}],"author":"Simon Nussbaum","twitter_card":"summary_large_image","twitter_creator":"@ch_swissbaker","twitter_site":"@ch_swissbaker","twitter_misc":{"Written by":"Simon Nussbaum","Est. reading time":"2 minutes"},"schema":{"@context":"https:\/\/schema.org","@graph":[{"@type":"Article","@id":"https:\/\/swissbaker.ch\/fr\/panissimo-news\/faconner-ensemble-lavenir-de-la-vente\/#article","isPartOf":{"@id":"https:\/\/swissbaker.ch\/fr\/panissimo-news\/faconner-ensemble-lavenir-de-la-vente\/"},"author":{"name":"Simon Nussbaum","@id":"https:\/\/swissbaker.ch\/fr\/#\/schema\/person\/74bd327b08c18ca6042c02ff6f0ed5e2"},"headline":"Fa\u00e7onner ensemble l\u2019avenir de la vente","datePublished":"2023-07-13T06:23:09+00:00","dateModified":"2023-07-13T06:27:50+00:00","mainEntityOfPage":{"@id":"https:\/\/swissbaker.ch\/fr\/panissimo-news\/faconner-ensemble-lavenir-de-la-vente\/"},"wordCount":357,"publisher":{"@id":"https:\/\/swissbaker.ch\/fr\/#organization"},"image":{"@id":"https:\/\/swissbaker.ch\/fr\/panissimo-news\/faconner-ensemble-lavenir-de-la-vente\/#primaryimage"},"thumbnailUrl":"https:\/\/swissbaker.ch\/wp-content\/uploads\/2023\/07\/14_1_muriel_jacob.jpg","articleSection":["Vente\/Marketing"],"inLanguage":"fr-FR"},{"@type":"WebPage","@id":"https:\/\/swissbaker.ch\/fr\/panissimo-news\/faconner-ensemble-lavenir-de-la-vente\/","url":"https:\/\/swissbaker.ch\/fr\/panissimo-news\/faconner-ensemble-lavenir-de-la-vente\/","name":"Fa\u00e7onner ensemble l\u2019avenir de la vente | SBC","isPartOf":{"@id":"https:\/\/swissbaker.ch\/fr\/#website"},"primaryImageOfPage":{"@id":"https:\/\/swissbaker.ch\/fr\/panissimo-news\/faconner-ensemble-lavenir-de-la-vente\/#primaryimage"},"image":{"@id":"https:\/\/swissbaker.ch\/fr\/panissimo-news\/faconner-ensemble-lavenir-de-la-vente\/#primaryimage"},"thumbnailUrl":"https:\/\/swissbaker.ch\/wp-content\/uploads\/2023\/07\/14_1_muriel_jacob.jpg","datePublished":"2023-07-13T06:23:09+00:00","dateModified":"2023-07-13T06:27:50+00:00","description":"Convaincues que c\u2019est ensemble que des solutions seront trouv\u00e9es pour assurer un avenir attractif, Muriel Jacob et Monika B\u00f6sch, sp\u00e9cialistes en gestion de l\u2019humain et de la vente pour l\u2019Ecole professionnelle Richemont ont souhait\u00e9 offrir une plate-forme d\u2019\u00e9change pour les forces de vente suisse.","breadcrumb":{"@id":"https:\/\/swissbaker.ch\/fr\/panissimo-news\/faconner-ensemble-lavenir-de-la-vente\/#breadcrumb"},"inLanguage":"fr-FR","potentialAction":[{"@type":"ReadAction","target":["https:\/\/swissbaker.ch\/fr\/panissimo-news\/faconner-ensemble-lavenir-de-la-vente\/"]}]},{"@type":"ImageObject","inLanguage":"fr-FR","@id":"https:\/\/swissbaker.ch\/fr\/panissimo-news\/faconner-ensemble-lavenir-de-la-vente\/#primaryimage","url":"https:\/\/swissbaker.ch\/wp-content\/uploads\/2023\/07\/14_1_muriel_jacob.jpg","contentUrl":"https:\/\/swissbaker.ch\/wp-content\/uploads\/2023\/07\/14_1_muriel_jacob.jpg","width":1200,"height":712},{"@type":"BreadcrumbList","@id":"https:\/\/swissbaker.ch\/fr\/panissimo-news\/faconner-ensemble-lavenir-de-la-vente\/#breadcrumb","itemListElement":[{"@type":"ListItem","position":1,"name":"","item":"https:\/\/swissbaker.ch\/fr\/"},{"@type":"ListItem","position":2,"name":"Vente\/Marketing","item":"https:\/\/swissbaker.ch\/fr\/panissimo-news\/category\/vente-marketing\/"},{"@type":"ListItem","position":3,"name":"Fa\u00e7onner ensemble l\u2019avenir de la vente"}]},{"@type":"WebSite","@id":"https:\/\/swissbaker.ch\/fr\/#website","url":"https:\/\/swissbaker.ch\/fr\/","name":"SBC","description":"","publisher":{"@id":"https:\/\/swissbaker.ch\/fr\/#organization"},"potentialAction":[{"@type":"SearchAction","target":{"@type":"EntryPoint","urlTemplate":"https:\/\/swissbaker.ch\/fr\/?s={search_term_string}"},"query-input":{"@type":"PropertyValueSpecification","valueRequired":true,"valueName":"search_term_string"}}],"inLanguage":"fr-FR"},{"@type":"Organization","@id":"https:\/\/swissbaker.ch\/fr\/#organization","name":"Schweizerischer B\u00e4cker-Confiseurmeister-Verband","url":"https:\/\/swissbaker.ch\/fr\/","logo":{"@type":"ImageObject","inLanguage":"fr-FR","@id":"https:\/\/swissbaker.ch\/fr\/#\/schema\/logo\/image\/","url":"https:\/\/swissbaker.ch\/wp-content\/uploads\/2022\/04\/sbc-logo-yoast.jpg","contentUrl":"https:\/\/swissbaker.ch\/wp-content\/uploads\/2022\/04\/sbc-logo-yoast.jpg","width":512,"height":512,"caption":"Schweizerischer B\u00e4cker-Confiseurmeister-Verband"},"image":{"@id":"https:\/\/swissbaker.ch\/fr\/#\/schema\/logo\/image\/"},"sameAs":["https:\/\/www.facebook.com\/swissbaker.ch","https:\/\/x.com\/ch_swissbaker"]},{"@type":"Person","@id":"https:\/\/swissbaker.ch\/fr\/#\/schema\/person\/74bd327b08c18ca6042c02ff6f0ed5e2","name":"Simon Nussbaum","image":{"@type":"ImageObject","inLanguage":"fr-FR","@id":"https:\/\/swissbaker.ch\/fr\/#\/schema\/person\/image\/","url":"https:\/\/secure.gravatar.com\/avatar\/df0eced3bb556c806cb760cf503ade1ed1df25b4104d80d6fd28d93a9509aa12?s=96&d=mm&r=g","contentUrl":"https:\/\/secure.gravatar.com\/avatar\/df0eced3bb556c806cb760cf503ade1ed1df25b4104d80d6fd28d93a9509aa12?s=96&d=mm&r=g","caption":"Simon Nussbaum"},"url":"https:\/\/swissbaker.ch\/fr\/panissimo-news\/author\/simon-nussbaum\/"}]}},"_links":{"self":[{"href":"https:\/\/swissbaker.ch\/fr\/wp-json\/wp\/v2\/posts\/65327","targetHints":{"allow":["GET"]}}],"collection":[{"href":"https:\/\/swissbaker.ch\/fr\/wp-json\/wp\/v2\/posts"}],"about":[{"href":"https:\/\/swissbaker.ch\/fr\/wp-json\/wp\/v2\/types\/post"}],"author":[{"embeddable":true,"href":"https:\/\/swissbaker.ch\/fr\/wp-json\/wp\/v2\/users\/5"}],"replies":[{"embeddable":true,"href":"https:\/\/swissbaker.ch\/fr\/wp-json\/wp\/v2\/comments?post=65327"}],"version-history":[{"count":0,"href":"https:\/\/swissbaker.ch\/fr\/wp-json\/wp\/v2\/posts\/65327\/revisions"}],"wp:featuredmedia":[{"embeddable":true,"href":"https:\/\/swissbaker.ch\/fr\/wp-json\/wp\/v2\/media\/65328"}],"wp:attachment":[{"href":"https:\/\/swissbaker.ch\/fr\/wp-json\/wp\/v2\/media?parent=65327"}],"wp:term":[{"taxonomy":"category","embeddable":true,"href":"https:\/\/swissbaker.ch\/fr\/wp-json\/wp\/v2\/categories?post=65327"},{"taxonomy":"post_tag","embeddable":true,"href":"https:\/\/swissbaker.ch\/fr\/wp-json\/wp\/v2\/tags?post=65327"}],"curies":[{"name":"wp","href":"https:\/\/api.w.org\/{rel}","templated":true}]}}