{"id":64427,"date":"2023-06-29T10:46:49","date_gmt":"2023-06-29T08:46:49","guid":{"rendered":"https:\/\/swissbaker.ch\/?p=64427"},"modified":"2023-07-19T12:22:41","modified_gmt":"2023-07-19T10:22:41","slug":"food-save-au-lieu-de-food-waste","status":"publish","type":"post","link":"https:\/\/swissbaker.ch\/fr\/panissimo-news\/food-save-au-lieu-de-food-waste\/","title":{"rendered":"Food Save au lieu de Food Waste"},"content":{"rendered":"\n<p><strong>\u00abEnsemble contre le Food Waste\u00bb: c&#8217;est sous ce titre que s\u2019est d\u00e9roul\u00e9 la semaine derni\u00e8re l&#8217;\u00e9v\u00e9nement \u00abFokus Food Save\u00bb de United Against Waste (UAW) de cette ann\u00e9e \u00e0 Berne. \u00c0 cette occasion, les nombreux dangers ont \u00e9t\u00e9 mis en \u00e9vidence, des solutions pr\u00e9sent\u00e9es, des objectifs propos\u00e9s, le tout donnant lieu \u00e0 des discussions engag\u00e9es. Conclusion: sensibiliser ne suffit pas, il faut des mesures et des actions collectives de la Conf\u00e9d\u00e9ration, des cantons, des communes, de l&#8217;\u00e9conomie et des associations<\/strong>.<\/p>\n\n\n\n<p>Pratiquement un tiers de toutes les parties comestibles des aliments se perdent ou sont gaspill\u00e9es entre le champ et l&#8217;assiette, ce qui repr\u00e9sente quelque 2,8 millions de tonnes par an. C&#8217;est pourquoi la Conf\u00e9d\u00e9ration a mis en place un plan d&#8217;action qui vise \u00e0 r\u00e9duire de moiti\u00e9 le gaspillage alimentaire d&#8217;ici 2030 &#8211; l&#8217;ann\u00e9e 2017 servant de comparaison &#8211; gr\u00e2ce \u00e0 de nombreuses mesures. Un \u00e9l\u00e9ment important de ce plan d&#8217;action est l&#8217;accord interprofessionnel sur la r\u00e9duction des pertes de denr\u00e9es alimentaires, que l&#8217;Association suisse des patrons boulangers-confiseurs BCS a \u00e9galement sign\u00e9. Avec ce document, la Conf\u00e9d\u00e9ration veut \u00ababorder de mani\u00e8re coordonn\u00e9e la mise en \u0153uvre des mesures dont l&#8217;\u00e9conomie est responsable\u00bb. Les organisations et entreprises du commerce, de la restauration, de l&#8217;industrie de transformation et de l&#8217;agriculture qui ont sign\u00e9 ce document s&#8217;engagent \u00e0 r\u00e9duire de moiti\u00e9 les pertes alimentaires \u00e9vitables d&#8217;ici 2030. \u00c0 cet effet, les progr\u00e8s doivent \u00eatre r\u00e9guli\u00e8rement relev\u00e9s et communiqu\u00e9s.<\/p>\n\n\n\n<h2 class=\"wp-block-heading\" id=\"h-premier-starter-kit-pour-les-mesures\">Premier Starter Kit pour les mesures<\/h2>\n\n\n\n<p>Susanne Blank, cheffe de division \u00c9conomie et innovation de l&#8217;Office f\u00e9d\u00e9ral de l&#8217;environnement (OFEV), a pr\u00e9sent\u00e9 l&#8217;\u00e9tat d&#8217;avancement des travaux \u00e0 l\u2019occasion de l\u2019\u00e9v\u00e9nement de l&#8217;UAW. Trois groupes de travail ont \u00e9t\u00e9 form\u00e9s pour les secteurs de la transformation, du commerce et de la restauration. Pour chacun d&#8217;entre eux, la collecte des donn\u00e9es et les m\u00e9thodes d&#8217;\u00e9tablissement des rapports ont \u00e9t\u00e9 adopt\u00e9es. Dans la branche de la restauration, il existe en outre une premi\u00e8re version d&#8217;un Starter Kit pour les mesures des d\u00e9chets alimentaires.<\/p>\n\n\n\n<h2 class=\"wp-block-heading\">Mesurer le gaspillage alimentaire comme condition<\/h2>\n\n\n\n<p>La Conf\u00e9d\u00e9ration promeut \u00e9galement certaines mesures, par exemple dans le domaine des march\u00e9s publics. Ici, l&#8217;autorit\u00e9 dispose d&#8217;un grand levier, a soulign\u00e9 Susanne Blank. Le nouveau concept de restauration de la Conf\u00e9d\u00e9ration doit obliger les fournisseurs \u00e0 appliquer les consignes pour \u00e9viter le gaspillage alimentaire. La condition est que le gaspillage alimentaire soit mesur\u00e9. L&#8217;objectif est que les cantons et les communes l&#8217;introduisent \u00e9galement. Un autre point de la discussion concerne la dur\u00e9e de conservation.<\/p>\n\n\n\n<h2 class=\"wp-block-heading\">Dur\u00e9e de conservation: \u00c4ss-Bar avec de bonnes exp\u00e9riences<\/h2>\n\n\n\n<p>Lors de l&#8217;\u00e9v\u00e9nement de l&#8217;UAW, Johanna Otto a parl\u00e9 de l&#8217;histoire \u00e0 succ\u00e8s dans le canton de Lucerne, o\u00f9 une campagne de sensibilisation a \u00e9t\u00e9 lanc\u00e9e pour les m\u00e9nages priv\u00e9s. Le roadshow compos\u00e9 doit maintenant \u00eatre soumis \u00e0 d&#8217;autres cantons. Johanna Ott a \u00e9galement pr\u00e9sent\u00e9 un site web d\u00e9velopp\u00e9 par la Haute \u00e9cole zurichoise des sciences appliqu\u00e9es (zhaw) pour consulter les aliments (voir lien \u00e0 la fin du texte). On y trouve des informations importantes sur l&#8217;utilisation des aliments au-del\u00e0 de la date de durabilit\u00e9 minimale (DDM) et de la date limite de consommation (DLC). Le projet lucernois doit maintenant s\u2019\u00e9tendre \u00e0 l&#8217;ensemble de la Suisse centrale en 2024. \u00abSans ce guide, nous serions perdus\u00bb, a expliqu\u00e9 le fondateur de l&#8217;\u00c4ss-Bar, Sandro Furnari. Les produits pourraient ainsi \u00eatre vendus sans probl\u00e8me dans l&#8217;\u00c4ss-Bar. Il est en outre clairement ressorti de la discussion que la num\u00e9risation prend de plus en plus d&#8217;importance en mati\u00e8re de Food Save.<\/p>\n\n\n\n<p>Pour terminer, Susanne Blank a \u00e9t\u00e9 questionn\u00e9e sur les mesures \u00e0 prendre pour atteindre l&#8217;objectif de r\u00e9duction de moiti\u00e9. Selon elle, les mesures mises en place constituent un levier important, notamment au niveau de la sensibilisation et des achats. Susanne Blank a toutefois confirm\u00e9 que les consommateurs et les consommatrices constitueraient le terrain le plus difficile.<\/p>\n\n\n\n<h2 class=\"wp-block-heading\">P\u00e2tes \u00e0 base de pain<\/h2>\n\n\n\n<p>Raul Osorio de l\u2019entreprise Aemisegger Teigwaren a pr\u00e9sent\u00e9 au Fokus Food Save le projet innovant de p\u00e2tes r\u00e9alis\u00e9es \u00e0 partir de pain r\u00e9cup\u00e9r\u00e9, qui ont ensuite pu \u00eatre d\u00e9gust\u00e9es lors du d\u00e9jeuner. Il a soulign\u00e9 qu&#8217;il \u00e9tait \u00e0 la recherche de partenaires qui mettraient \u00e0 disposition leur pain restant pour son entreprise.<\/p>\n\n\n\n<h2 class=\"wp-block-heading\">Semaine Food Save aux Pays-Bas<\/h2>\n\n\n\n<p>Le Hollandais Toine Timmermans, directeur de Food Waste Free United, a pr\u00e9sent\u00e9 les mesures mises en \u0153uvre par sa fondation et les r\u00e9sultats obtenus. L&#8217;organisation a pour objectif d&#8217;\u00e9viter, de r\u00e9duire et d&#8217;augmenter la valeur des d\u00e9chets alimentaires tout au long de la cha\u00eene alimentaire. Elle mise sur une coop\u00e9ration avec l&#8217;\u00e9conomie, les organisations, la science et les gouvernements aux Pays-Bas et \u00e0 l&#8217;\u00e9tranger. \u00abEnsemble, nous ferons des Pays-Bas l&#8217;un des premiers pays au monde \u00e0 r\u00e9duire de moiti\u00e9 le gaspillage alimentaire\u00bb, a pr\u00e9dit Toine Timmermans. Une des mesures qui a \u00e9t\u00e9 mise en \u0153uvre efficacement avec des partenaires: la \u00abFood Waste free Week\u00bb en septembre, une semaine sans gaspillage alimentaire (voir le lien \u00e0 la fin du texte).<\/p>\n\n\n\n<h2 class=\"wp-block-heading\">Faire participer les consommateurs et les consommatrices<\/h2>\n\n\n\n<p>Dans son expos\u00e9, Luca Geisseler, CEO de Fehr Advice, a r\u00e9v\u00e9l\u00e9 des connaissances en sciences comportementales et des recommandations pratiques sous le titre \u00abSans eux, rien n\u2019est possible: comment faire participer les consommateurs\u00bb. Il a notamment rappel\u00e9 qu&#8217;il ne fallait pas oublier les aspects sociaux. Le comportement d\u00e9pend fortement de ce que les autres pensent de nous. Pour pouvoir le changer, il faut aussi le comprendre. \u00abSelon le positionnement dans la matrice de changement de comportement, d&#8217;autres mesures sont n\u00e9cessaires. Le plus efficace est un ensemble de mesures compl\u00e9mentaires\u00bb, a expliqu\u00e9 Luca Geisseler.<\/p>\n\n\n\n<h2 class=\"wp-block-heading\">UAW: \u00c9lection du directeur \u00e9lu<\/h2>\n\n\n\n<p>Lors de l&#8217;assembl\u00e9e g\u00e9n\u00e9rale de l&#8217;association United Against Waste (UAW) \u00e0 Berne, qui s&#8217;est tenue avant l&#8217;\u00e9v\u00e9nement Fokus Food Save 2023, le comit\u00e9 a \u00e9t\u00e9 \u00e9lu in globo: pr\u00e9sident Silvan Pfister (Pistor), vice-pr\u00e9sidente Julia Baumann (Lidl Suisse); membres du comit\u00e9: Michelle Keusch (GastroSuisse), Christian M\u00fcller (Nestl\u00e9 Suisse SA), Peter Wicki (Solfina), Sophie Bosshart (Transgourmet Schweiz AG), Janine Bolliger (HotellerieSuisse), Marcel Coray (H\u00f4pital cantonal des Grisons). Barbara Gobeli remplace Olga Steiger en tant que repr\u00e9sentante de ZFV, ainsi que Claudio Grolimund en tant que repr\u00e9sentant d&#8217;Unilever Food Solutions pour Nadia Meier. L&#8217;UAW compte 190 membres.<\/p>\n\n\n\n<h2 class=\"wp-block-heading\">192 tonnes de Food Save<\/h2>\n\n\n\n<p>Dans son allocution de bienvenue, le pr\u00e9sident Silvan Pfister a mis en avant la devise \u00abEnsemble contre le Food Wastet\u00bb. Selon lui, toute la cha\u00eene de cr\u00e9ation de valeur, du champ \u00e0 l&#8217;assiette, devrait tendre vers cet objectif. En 2022, 192 tonnes de d\u00e9chets alimentaires auraient pu \u00eatre r\u00e9duites dans le secteur de la restauration. Gr\u00e2ce \u00e0 une gestion cibl\u00e9e du Food Save dans les \u00e9tablissements. Plus de 1,4 million de CHF auraient ainsi pu \u00eatre \u00e9conomis\u00e9s rien qu&#8217;en valeur de marchandises.<\/p>\n\n\n\n<p class=\"has-text-align-right\"><em>Claudia Vernocchi<\/em><\/p>\n\n\n\n<figure class=\"wp-block-embed is-type-wp-embed is-provider-foodwaste-ch wp-block-embed-foodwaste-ch\"><div class=\"wp-block-embed__wrapper\">\n<blockquote class=\"wp-embedded-content\" data-secret=\"vrex3vNM6v\"><a href=\"https:\/\/foodwaste.ch\/haltbarkeit-lebensmittel\/\">Haltbarkeit: Vertrau auf deine Sinne<\/a><\/blockquote><iframe class=\"wp-embedded-content\" sandbox=\"allow-scripts\" security=\"restricted\" style=\"position: absolute; clip: rect(1px, 1px, 1px, 1px);\" title=\"&#8222;Haltbarkeit: Vertrau auf deine Sinne&#8220; &#8212; foodwaste.ch\" src=\"https:\/\/foodwaste.ch\/haltbarkeit-lebensmittel\/embed\/#?secret=ZuY0bXLLg1#?secret=vrex3vNM6v\" data-secret=\"vrex3vNM6v\" width=\"600\" height=\"338\" frameborder=\"0\" marginwidth=\"0\" marginheight=\"0\" scrolling=\"no\"><\/iframe>\n<\/div><\/figure>\n\n\n\n<p><a href=\"https:\/\/www.united-against-waste.de\/\" target=\"_blank\" rel=\"noreferrer noopener\">united-against-waste.de<\/a><\/p>\n\n\n\n<p><a href=\"https:\/\/samentegenvoedselverspilling.nl\/\" target=\"_blank\" rel=\"noreferrer noopener\">samentegenvoedselverspilling.nl<\/a><\/p>\n","protected":false},"excerpt":{"rendered":"<p>\u00abEnsemble contre le Food Waste\u00bb: c&#8217;est sous ce titre que s\u2019est d\u00e9roul\u00e9 la semaine derni\u00e8re l&#8217;\u00e9v\u00e9nement \u00abFokus Food Save\u00bb de United Against Waste (UAW) de cette ann\u00e9e \u00e0 Berne. \u00c0 cette occasion, les nombreux dangers ont \u00e9t\u00e9 mis en \u00e9vidence, des solutions pr\u00e9sent\u00e9es, des objectifs propos\u00e9s, le tout donnant lieu \u00e0 des discussions engag\u00e9es. Conclusion: sensibiliser ne suffit pas, il [&hellip;]<\/p>\n","protected":false},"author":5,"featured_media":64210,"comment_status":"closed","ping_status":"closed","sticky":true,"template":"","format":"standard","meta":{"_acf_changed":false,"footnotes":""},"categories":[190,50],"tags":[],"class_list":["post-64427","post","type-post","status-publish","format-standard","has-post-thumbnail","hentry","category-food-save-fr","category-vente-marketing"],"acf":[],"yoast_head":"<!-- This site is optimized with the Yoast SEO Premium plugin v26.8 (Yoast SEO v26.8) - https:\/\/yoast.com\/product\/yoast-seo-premium-wordpress\/ -->\n<title>Food Save au lieu de Food Waste | SBC<\/title>\n<meta name=\"robots\" content=\"index, follow, max-snippet:-1, max-image-preview:large, max-video-preview:-1\" \/>\n<link rel=\"canonical\" href=\"https:\/\/swissbaker.ch\/fr\/panissimo-news\/food-save-au-lieu-de-food-waste\/\" \/>\n<meta property=\"og:locale\" content=\"fr_FR\" \/>\n<meta property=\"og:type\" content=\"article\" \/>\n<meta property=\"og:title\" content=\"Food Save au lieu de Food Waste\" \/>\n<meta property=\"og:description\" content=\"\u00abEnsemble contre le Food Waste\u00bb: c&#8217;est sous ce titre que s\u2019est d\u00e9roul\u00e9 la semaine derni\u00e8re l&#8217;\u00e9v\u00e9nement \u00abFokus Food Save\u00bb de United Against Waste (UAW) de cette ann\u00e9e \u00e0 Berne. \u00c0 cette occasion, les nombreux dangers ont \u00e9t\u00e9 mis en \u00e9vidence, des solutions pr\u00e9sent\u00e9es, des objectifs propos\u00e9s, le tout donnant lieu \u00e0 des discussions engag\u00e9es. Conclusion: sensibiliser ne suffit pas, il [&hellip;]\" \/>\n<meta property=\"og:url\" content=\"https:\/\/swissbaker.ch\/fr\/panissimo-news\/food-save-au-lieu-de-food-waste\/\" \/>\n<meta property=\"og:site_name\" content=\"SBC\" \/>\n<meta property=\"article:publisher\" content=\"https:\/\/www.facebook.com\/swissbaker.ch\" \/>\n<meta property=\"article:published_time\" content=\"2023-06-29T08:46:49+00:00\" \/>\n<meta property=\"article:modified_time\" content=\"2023-07-19T10:22:41+00:00\" \/>\n<meta property=\"og:image\" content=\"https:\/\/swissbaker.ch\/wp-content\/uploads\/2023\/06\/13_1_food_save_sandwich.jpg\" \/>\n\t<meta property=\"og:image:width\" content=\"1200\" \/>\n\t<meta property=\"og:image:height\" content=\"712\" \/>\n\t<meta property=\"og:image:type\" content=\"image\/jpeg\" \/>\n<meta name=\"author\" content=\"Simon Nussbaum\" \/>\n<meta name=\"twitter:card\" content=\"summary_large_image\" \/>\n<meta name=\"twitter:creator\" content=\"@ch_swissbaker\" \/>\n<meta name=\"twitter:site\" content=\"@ch_swissbaker\" \/>\n<meta name=\"twitter:label1\" content=\"Written by\" \/>\n\t<meta name=\"twitter:data1\" content=\"Simon Nussbaum\" \/>\n\t<meta name=\"twitter:label2\" content=\"Est. reading time\" \/>\n\t<meta name=\"twitter:data2\" content=\"7 minutes\" \/>\n<script type=\"application\/ld+json\" class=\"yoast-schema-graph\">{\"@context\":\"https:\/\/schema.org\",\"@graph\":[{\"@type\":\"Article\",\"@id\":\"https:\/\/swissbaker.ch\/fr\/panissimo-news\/food-save-au-lieu-de-food-waste\/#article\",\"isPartOf\":{\"@id\":\"https:\/\/swissbaker.ch\/fr\/panissimo-news\/food-save-au-lieu-de-food-waste\/\"},\"author\":{\"name\":\"Simon Nussbaum\",\"@id\":\"https:\/\/swissbaker.ch\/fr\/#\/schema\/person\/74bd327b08c18ca6042c02ff6f0ed5e2\"},\"headline\":\"Food Save au lieu de Food Waste\",\"datePublished\":\"2023-06-29T08:46:49+00:00\",\"dateModified\":\"2023-07-19T10:22:41+00:00\",\"mainEntityOfPage\":{\"@id\":\"https:\/\/swissbaker.ch\/fr\/panissimo-news\/food-save-au-lieu-de-food-waste\/\"},\"wordCount\":1237,\"publisher\":{\"@id\":\"https:\/\/swissbaker.ch\/fr\/#organization\"},\"image\":{\"@id\":\"https:\/\/swissbaker.ch\/fr\/panissimo-news\/food-save-au-lieu-de-food-waste\/#primaryimage\"},\"thumbnailUrl\":\"https:\/\/swissbaker.ch\/wp-content\/uploads\/2023\/06\/13_1_food_save_sandwich.jpg\",\"articleSection\":[\"Food save\",\"Vente\/Marketing\"],\"inLanguage\":\"fr-FR\"},{\"@type\":\"WebPage\",\"@id\":\"https:\/\/swissbaker.ch\/fr\/panissimo-news\/food-save-au-lieu-de-food-waste\/\",\"url\":\"https:\/\/swissbaker.ch\/fr\/panissimo-news\/food-save-au-lieu-de-food-waste\/\",\"name\":\"Food Save au lieu de Food Waste | SBC\",\"isPartOf\":{\"@id\":\"https:\/\/swissbaker.ch\/fr\/#website\"},\"primaryImageOfPage\":{\"@id\":\"https:\/\/swissbaker.ch\/fr\/panissimo-news\/food-save-au-lieu-de-food-waste\/#primaryimage\"},\"image\":{\"@id\":\"https:\/\/swissbaker.ch\/fr\/panissimo-news\/food-save-au-lieu-de-food-waste\/#primaryimage\"},\"thumbnailUrl\":\"https:\/\/swissbaker.ch\/wp-content\/uploads\/2023\/06\/13_1_food_save_sandwich.jpg\",\"datePublished\":\"2023-06-29T08:46:49+00:00\",\"dateModified\":\"2023-07-19T10:22:41+00:00\",\"breadcrumb\":{\"@id\":\"https:\/\/swissbaker.ch\/fr\/panissimo-news\/food-save-au-lieu-de-food-waste\/#breadcrumb\"},\"inLanguage\":\"fr-FR\",\"potentialAction\":[{\"@type\":\"ReadAction\",\"target\":[\"https:\/\/swissbaker.ch\/fr\/panissimo-news\/food-save-au-lieu-de-food-waste\/\"]}]},{\"@type\":\"ImageObject\",\"inLanguage\":\"fr-FR\",\"@id\":\"https:\/\/swissbaker.ch\/fr\/panissimo-news\/food-save-au-lieu-de-food-waste\/#primaryimage\",\"url\":\"https:\/\/swissbaker.ch\/wp-content\/uploads\/2023\/06\/13_1_food_save_sandwich.jpg\",\"contentUrl\":\"https:\/\/swissbaker.ch\/wp-content\/uploads\/2023\/06\/13_1_food_save_sandwich.jpg\",\"width\":1200,\"height\":712},{\"@type\":\"BreadcrumbList\",\"@id\":\"https:\/\/swissbaker.ch\/fr\/panissimo-news\/food-save-au-lieu-de-food-waste\/#breadcrumb\",\"itemListElement\":[{\"@type\":\"ListItem\",\"position\":1,\"name\":\"\",\"item\":\"https:\/\/swissbaker.ch\/fr\/\"},{\"@type\":\"ListItem\",\"position\":2,\"name\":\"Vente\/Marketing\",\"item\":\"https:\/\/swissbaker.ch\/fr\/panissimo-news\/category\/vente-marketing\/\"},{\"@type\":\"ListItem\",\"position\":3,\"name\":\"Food Save au lieu de Food Waste\"}]},{\"@type\":\"WebSite\",\"@id\":\"https:\/\/swissbaker.ch\/fr\/#website\",\"url\":\"https:\/\/swissbaker.ch\/fr\/\",\"name\":\"SBC\",\"description\":\"\",\"publisher\":{\"@id\":\"https:\/\/swissbaker.ch\/fr\/#organization\"},\"potentialAction\":[{\"@type\":\"SearchAction\",\"target\":{\"@type\":\"EntryPoint\",\"urlTemplate\":\"https:\/\/swissbaker.ch\/fr\/?s={search_term_string}\"},\"query-input\":{\"@type\":\"PropertyValueSpecification\",\"valueRequired\":true,\"valueName\":\"search_term_string\"}}],\"inLanguage\":\"fr-FR\"},{\"@type\":\"Organization\",\"@id\":\"https:\/\/swissbaker.ch\/fr\/#organization\",\"name\":\"Schweizerischer B\u00e4cker-Confiseurmeister-Verband\",\"url\":\"https:\/\/swissbaker.ch\/fr\/\",\"logo\":{\"@type\":\"ImageObject\",\"inLanguage\":\"fr-FR\",\"@id\":\"https:\/\/swissbaker.ch\/fr\/#\/schema\/logo\/image\/\",\"url\":\"https:\/\/swissbaker.ch\/wp-content\/uploads\/2022\/04\/sbc-logo-yoast.jpg\",\"contentUrl\":\"https:\/\/swissbaker.ch\/wp-content\/uploads\/2022\/04\/sbc-logo-yoast.jpg\",\"width\":512,\"height\":512,\"caption\":\"Schweizerischer B\u00e4cker-Confiseurmeister-Verband\"},\"image\":{\"@id\":\"https:\/\/swissbaker.ch\/fr\/#\/schema\/logo\/image\/\"},\"sameAs\":[\"https:\/\/www.facebook.com\/swissbaker.ch\",\"https:\/\/x.com\/ch_swissbaker\"]},{\"@type\":\"Person\",\"@id\":\"https:\/\/swissbaker.ch\/fr\/#\/schema\/person\/74bd327b08c18ca6042c02ff6f0ed5e2\",\"name\":\"Simon Nussbaum\",\"image\":{\"@type\":\"ImageObject\",\"inLanguage\":\"fr-FR\",\"@id\":\"https:\/\/swissbaker.ch\/fr\/#\/schema\/person\/image\/\",\"url\":\"https:\/\/secure.gravatar.com\/avatar\/df0eced3bb556c806cb760cf503ade1ed1df25b4104d80d6fd28d93a9509aa12?s=96&d=mm&r=g\",\"contentUrl\":\"https:\/\/secure.gravatar.com\/avatar\/df0eced3bb556c806cb760cf503ade1ed1df25b4104d80d6fd28d93a9509aa12?s=96&d=mm&r=g\",\"caption\":\"Simon Nussbaum\"},\"url\":\"https:\/\/swissbaker.ch\/fr\/panissimo-news\/author\/simon-nussbaum\/\"}]}<\/script>\n<!-- \/ Yoast SEO Premium plugin. -->","yoast_head_json":{"title":"Food Save au lieu de Food Waste | SBC","robots":{"index":"index","follow":"follow","max-snippet":"max-snippet:-1","max-image-preview":"max-image-preview:large","max-video-preview":"max-video-preview:-1"},"canonical":"https:\/\/swissbaker.ch\/fr\/panissimo-news\/food-save-au-lieu-de-food-waste\/","og_locale":"fr_FR","og_type":"article","og_title":"Food Save au lieu de Food Waste","og_description":"\u00abEnsemble contre le Food Waste\u00bb: c&#8217;est sous ce titre que s\u2019est d\u00e9roul\u00e9 la semaine derni\u00e8re l&#8217;\u00e9v\u00e9nement \u00abFokus Food Save\u00bb de United Against Waste (UAW) de cette ann\u00e9e \u00e0 Berne. \u00c0 cette occasion, les nombreux dangers ont \u00e9t\u00e9 mis en \u00e9vidence, des solutions pr\u00e9sent\u00e9es, des objectifs propos\u00e9s, le tout donnant lieu \u00e0 des discussions engag\u00e9es. Conclusion: sensibiliser ne suffit pas, il [&hellip;]","og_url":"https:\/\/swissbaker.ch\/fr\/panissimo-news\/food-save-au-lieu-de-food-waste\/","og_site_name":"SBC","article_publisher":"https:\/\/www.facebook.com\/swissbaker.ch","article_published_time":"2023-06-29T08:46:49+00:00","article_modified_time":"2023-07-19T10:22:41+00:00","og_image":[{"width":1200,"height":712,"url":"https:\/\/swissbaker.ch\/wp-content\/uploads\/2023\/06\/13_1_food_save_sandwich.jpg","type":"image\/jpeg"}],"author":"Simon Nussbaum","twitter_card":"summary_large_image","twitter_creator":"@ch_swissbaker","twitter_site":"@ch_swissbaker","twitter_misc":{"Written by":"Simon Nussbaum","Est. reading time":"7 minutes"},"schema":{"@context":"https:\/\/schema.org","@graph":[{"@type":"Article","@id":"https:\/\/swissbaker.ch\/fr\/panissimo-news\/food-save-au-lieu-de-food-waste\/#article","isPartOf":{"@id":"https:\/\/swissbaker.ch\/fr\/panissimo-news\/food-save-au-lieu-de-food-waste\/"},"author":{"name":"Simon Nussbaum","@id":"https:\/\/swissbaker.ch\/fr\/#\/schema\/person\/74bd327b08c18ca6042c02ff6f0ed5e2"},"headline":"Food Save au lieu de Food Waste","datePublished":"2023-06-29T08:46:49+00:00","dateModified":"2023-07-19T10:22:41+00:00","mainEntityOfPage":{"@id":"https:\/\/swissbaker.ch\/fr\/panissimo-news\/food-save-au-lieu-de-food-waste\/"},"wordCount":1237,"publisher":{"@id":"https:\/\/swissbaker.ch\/fr\/#organization"},"image":{"@id":"https:\/\/swissbaker.ch\/fr\/panissimo-news\/food-save-au-lieu-de-food-waste\/#primaryimage"},"thumbnailUrl":"https:\/\/swissbaker.ch\/wp-content\/uploads\/2023\/06\/13_1_food_save_sandwich.jpg","articleSection":["Food save","Vente\/Marketing"],"inLanguage":"fr-FR"},{"@type":"WebPage","@id":"https:\/\/swissbaker.ch\/fr\/panissimo-news\/food-save-au-lieu-de-food-waste\/","url":"https:\/\/swissbaker.ch\/fr\/panissimo-news\/food-save-au-lieu-de-food-waste\/","name":"Food Save au lieu de Food Waste | SBC","isPartOf":{"@id":"https:\/\/swissbaker.ch\/fr\/#website"},"primaryImageOfPage":{"@id":"https:\/\/swissbaker.ch\/fr\/panissimo-news\/food-save-au-lieu-de-food-waste\/#primaryimage"},"image":{"@id":"https:\/\/swissbaker.ch\/fr\/panissimo-news\/food-save-au-lieu-de-food-waste\/#primaryimage"},"thumbnailUrl":"https:\/\/swissbaker.ch\/wp-content\/uploads\/2023\/06\/13_1_food_save_sandwich.jpg","datePublished":"2023-06-29T08:46:49+00:00","dateModified":"2023-07-19T10:22:41+00:00","breadcrumb":{"@id":"https:\/\/swissbaker.ch\/fr\/panissimo-news\/food-save-au-lieu-de-food-waste\/#breadcrumb"},"inLanguage":"fr-FR","potentialAction":[{"@type":"ReadAction","target":["https:\/\/swissbaker.ch\/fr\/panissimo-news\/food-save-au-lieu-de-food-waste\/"]}]},{"@type":"ImageObject","inLanguage":"fr-FR","@id":"https:\/\/swissbaker.ch\/fr\/panissimo-news\/food-save-au-lieu-de-food-waste\/#primaryimage","url":"https:\/\/swissbaker.ch\/wp-content\/uploads\/2023\/06\/13_1_food_save_sandwich.jpg","contentUrl":"https:\/\/swissbaker.ch\/wp-content\/uploads\/2023\/06\/13_1_food_save_sandwich.jpg","width":1200,"height":712},{"@type":"BreadcrumbList","@id":"https:\/\/swissbaker.ch\/fr\/panissimo-news\/food-save-au-lieu-de-food-waste\/#breadcrumb","itemListElement":[{"@type":"ListItem","position":1,"name":"","item":"https:\/\/swissbaker.ch\/fr\/"},{"@type":"ListItem","position":2,"name":"Vente\/Marketing","item":"https:\/\/swissbaker.ch\/fr\/panissimo-news\/category\/vente-marketing\/"},{"@type":"ListItem","position":3,"name":"Food Save au lieu de Food Waste"}]},{"@type":"WebSite","@id":"https:\/\/swissbaker.ch\/fr\/#website","url":"https:\/\/swissbaker.ch\/fr\/","name":"SBC","description":"","publisher":{"@id":"https:\/\/swissbaker.ch\/fr\/#organization"},"potentialAction":[{"@type":"SearchAction","target":{"@type":"EntryPoint","urlTemplate":"https:\/\/swissbaker.ch\/fr\/?s={search_term_string}"},"query-input":{"@type":"PropertyValueSpecification","valueRequired":true,"valueName":"search_term_string"}}],"inLanguage":"fr-FR"},{"@type":"Organization","@id":"https:\/\/swissbaker.ch\/fr\/#organization","name":"Schweizerischer B\u00e4cker-Confiseurmeister-Verband","url":"https:\/\/swissbaker.ch\/fr\/","logo":{"@type":"ImageObject","inLanguage":"fr-FR","@id":"https:\/\/swissbaker.ch\/fr\/#\/schema\/logo\/image\/","url":"https:\/\/swissbaker.ch\/wp-content\/uploads\/2022\/04\/sbc-logo-yoast.jpg","contentUrl":"https:\/\/swissbaker.ch\/wp-content\/uploads\/2022\/04\/sbc-logo-yoast.jpg","width":512,"height":512,"caption":"Schweizerischer B\u00e4cker-Confiseurmeister-Verband"},"image":{"@id":"https:\/\/swissbaker.ch\/fr\/#\/schema\/logo\/image\/"},"sameAs":["https:\/\/www.facebook.com\/swissbaker.ch","https:\/\/x.com\/ch_swissbaker"]},{"@type":"Person","@id":"https:\/\/swissbaker.ch\/fr\/#\/schema\/person\/74bd327b08c18ca6042c02ff6f0ed5e2","name":"Simon Nussbaum","image":{"@type":"ImageObject","inLanguage":"fr-FR","@id":"https:\/\/swissbaker.ch\/fr\/#\/schema\/person\/image\/","url":"https:\/\/secure.gravatar.com\/avatar\/df0eced3bb556c806cb760cf503ade1ed1df25b4104d80d6fd28d93a9509aa12?s=96&d=mm&r=g","contentUrl":"https:\/\/secure.gravatar.com\/avatar\/df0eced3bb556c806cb760cf503ade1ed1df25b4104d80d6fd28d93a9509aa12?s=96&d=mm&r=g","caption":"Simon Nussbaum"},"url":"https:\/\/swissbaker.ch\/fr\/panissimo-news\/author\/simon-nussbaum\/"}]}},"_links":{"self":[{"href":"https:\/\/swissbaker.ch\/fr\/wp-json\/wp\/v2\/posts\/64427","targetHints":{"allow":["GET"]}}],"collection":[{"href":"https:\/\/swissbaker.ch\/fr\/wp-json\/wp\/v2\/posts"}],"about":[{"href":"https:\/\/swissbaker.ch\/fr\/wp-json\/wp\/v2\/types\/post"}],"author":[{"embeddable":true,"href":"https:\/\/swissbaker.ch\/fr\/wp-json\/wp\/v2\/users\/5"}],"replies":[{"embeddable":true,"href":"https:\/\/swissbaker.ch\/fr\/wp-json\/wp\/v2\/comments?post=64427"}],"version-history":[{"count":0,"href":"https:\/\/swissbaker.ch\/fr\/wp-json\/wp\/v2\/posts\/64427\/revisions"}],"wp:featuredmedia":[{"embeddable":true,"href":"https:\/\/swissbaker.ch\/fr\/wp-json\/wp\/v2\/media\/64210"}],"wp:attachment":[{"href":"https:\/\/swissbaker.ch\/fr\/wp-json\/wp\/v2\/media?parent=64427"}],"wp:term":[{"taxonomy":"category","embeddable":true,"href":"https:\/\/swissbaker.ch\/fr\/wp-json\/wp\/v2\/categories?post=64427"},{"taxonomy":"post_tag","embeddable":true,"href":"https:\/\/swissbaker.ch\/fr\/wp-json\/wp\/v2\/tags?post=64427"}],"curies":[{"name":"wp","href":"https:\/\/api.w.org\/{rel}","templated":true}]}}