{"id":64295,"date":"2023-06-30T11:23:40","date_gmt":"2023-06-30T09:23:40","guid":{"rendered":"https:\/\/swissbaker.ch\/?p=64295"},"modified":"2023-07-04T16:04:11","modified_gmt":"2023-07-04T14:04:11","slug":"plats-a-emporter-sains-et-durables","status":"publish","type":"post","link":"https:\/\/swissbaker.ch\/fr\/panissimo-news\/plats-a-emporter-sains-et-durables\/","title":{"rendered":"Plats \u00e0 emporter\u2009: sains et durables"},"content":{"rendered":"\n<p><strong>Les personnes qui ach\u00e8tent et d\u00e9gustent des plats \u00e0 emporter font beaucoup plus attention \u00e0 la r\u00e9gionalit\u00e9 et \u00e0 la saisonnalit\u00e9 qu\u2019avant la pand\u00e9mie. La tendance v\u00e9gane se poursuit \u00e9galement pour la restauration \u00e0 emporter.<\/strong><\/p>\n\n\n\n<p>Sain, durable et abordable sont les mots-cl\u00e9s importants pour ceux qui veulent proposer des repas \u00e0 emporter, \u00e0 l\u2019\u00e9t\u00e9 2023 \u00e9galement. La conscience des consommateurs en mati\u00e8re de sant\u00e9 et de durabilit\u00e9 s\u2019est aiguis\u00e9e depuis le coronavirus, peut-on lire sur le portail en ligne allemand snackconnection. De plus en plus de personnes renoncent totalement ou partiellement \u00e0 la viande, voire suivent une alimentation v\u00e9g\u00e9talienne\u2009: pas moins de 44\u202f% des personnes interrog\u00e9es ont indiqu\u00e9 privil\u00e9gier une alimentation \u00ab\u2009flexitarienne\u2009\u00bb, et donc limiter leur consommation de viande. Selon l\u2019\u00e9tude, 89\u202f% ont r\u00e9pondu par l\u2019affirmative \u00e0 la question de savoir si une alimentation saine \u00e9tait importante pour eux.<\/p>\n\n\n\n<h3 class=\"wp-block-heading\" id=\"h-respect-du-climat\">Respect du climat<\/h3>\n\n\n\n<p>Voil\u00e0 pourquoi les id\u00e9es fra\u00eeches, et une offre savoureuse et adapt\u00e9e \u00e0 la saison sont de mise dans le secteur de la restauration \u00e0 emporter \u00e9galement. De plus en plus de gens veulent se nourrir dans le respect du climat, les jeunes g\u00e9n\u00e9rations souvent en d\u00e9placement \u00e9tant particuli\u00e8rement sensibles \u00e0 ce point.<\/p>\n\n\n\n<p>Le \u00ab\u2009Unilever Food Solutions Future Menu Trends Report 2023\u2009\u00bb confirme que les gens sont \u00e0 la recherche d\u2019options saines pour eux et pour la plan\u00e8te, l\u2019effet de surprise ne devant pas pour autant \u00eatre en reste. Les prot\u00e9ines v\u00e9g\u00e9tales telles que les haricots, les l\u00e9gumineuses, le tofu et la viande v\u00e9g\u00e9tale sont tr\u00e8s pris\u00e9es.<\/p>\n\n\n\n<h3 class=\"wp-block-heading\">Fast good plut\u00f4t que fast-food<\/h3>\n\n\n\n<p>Gastropedia (gastropedia.ch) \u00e9crit \u00e9galement que l\u2019int\u00e9r\u00eat pour les repas simples et sains, pratiques \u00e0 emporter reste grand en 2023. Les gens ont toujours \u00e0 l\u2019esprit les effets n\u00e9gatifs sur la sant\u00e9 induits par la restauration rapide dans les ann\u00e9es 90. \u00ab\u2009La tendance est aujourd\u2019hui \u00e0 des plats comme les soupes de l\u00e9gumes et les bowls de salade, et non plus aux frites, burgers et compagnie\u2009\u00bb, \u00e9crit le portail gastronomique.<\/p>\n\n\n\n<p>Patrick Zbinden, sp\u00e9cialiste de l\u2019art culinaire et de l\u2019analyse sensorielle (patrickzbinden.ch), recommande de s\u2019inspirer des grands distributeurs suisses. \u00ab\u2009Ils travaillent avec des \u00ab\u2009food scouts\u2009\u00bb pour \u00eatre toujours \u00e0 la pointe et en avance dans le domaine de la vente \u00e0 emporter\u2009\u00bb, dit-il. \u00ab\u2009Et ils le font vraiment bien\u2009: les plats sont frais et ont l\u2019air app\u00e9tissants.\u2009\u00bb Il conseille \u00e9galement \u00e0 ses \u00e9tudiants et \u00e9tudiantes en gastronomie de s\u2019inspirer des \u00ab\u2009grands\u2009\u00bb.<\/p>\n\n\n\n<p>Les l\u00e9gumes cultiv\u00e9s dans notre pays ont une empreinte carbone plus faible et une teneur en nutriments plus \u00e9lev\u00e9e que les l\u00e9gumes import\u00e9s. \u00ab\u2009Les salades peuvent par exemple \u00eatre agr\u00e9ment\u00e9es de l\u00e9gumes grill\u00e9s\u2009\u00bb, selon Patrick Zbinden. Le fait de griller les carottes et autres l\u00e9gumes permet d\u2019am\u00e9liorer facilement leurs propri\u00e9t\u00e9s sensorielles, sachant que \u00ab\u2009la chaleur s\u00e8che du four fait s\u2019\u00e9vaporer l\u2019eau qu\u2019ils contiennent et se concentrer les ar\u00f4mes.\u2009\u00bb<\/p>\n\n\n\n<h3 class=\"wp-block-heading\">Noix, graines et fines herbes<\/h3>\n\n\n\n<p>Les salades vari\u00e9es sont saines et rassasiantes. Elles sont \u00e9galement appr\u00e9ci\u00e9es parce que faciles \u00e0 emporter. Les salades vertes se pr\u00eatent moins \u00e0 la vente \u00e0 emporter, car elles perdent rapidement leur consistance croquante et s\u2019imbibent.<\/p>\n\n\n\n<p>Outre les salades de l\u00e9gumes pr\u00e9cit\u00e9es, les salades de p\u00e2tes et de pommes de terre sont \u00e9galement tr\u00e8s appr\u00e9ci\u00e9es, tout comme le couscous, le millet ou le quinoa, avec pour couronner le tout une sauce appropri\u00e9e et pauvre en calories, bien souvent parsem\u00e9e de d\u00e9licieux cro\u00fbtons, noix, graines, fines herbes et pousses. <\/p>\n\n\n\n<p class=\"has-text-align-right\"><em>Simone Hubacher<\/em><\/p>\n","protected":false},"excerpt":{"rendered":"<p>Les personnes qui ach\u00e8tent et d\u00e9gustent des plats \u00e0 emporter font beaucoup plus attention \u00e0 la r\u00e9gionalit\u00e9 et \u00e0 la saisonnalit\u00e9 qu\u2019avant la pand\u00e9mie. La tendance v\u00e9gane se poursuit \u00e9galement<br \/>\npour la restauration \u00e0 emporter.<\/p>\n","protected":false},"author":5,"featured_media":64292,"comment_status":"closed","ping_status":"closed","sticky":true,"template":"","format":"standard","meta":{"_acf_changed":false,"footnotes":""},"categories":[48,50],"tags":[],"class_list":["post-64295","post","type-post","status-publish","format-standard","has-post-thumbnail","hentry","category-production","category-vente-marketing"],"acf":[],"yoast_head":"<!-- This site is optimized with the Yoast SEO Premium plugin v26.8 (Yoast SEO v26.8) - https:\/\/yoast.com\/product\/yoast-seo-premium-wordpress\/ -->\n<title>Plats \u00e0 emporter\u2009: sains et durables | SBC<\/title>\n<meta name=\"description\" content=\"La tendance v\u00e9gane se poursuit \u00e9galement pour la restauration \u00e0 emporter.\" \/>\n<meta name=\"robots\" content=\"index, follow, max-snippet:-1, max-image-preview:large, max-video-preview:-1\" \/>\n<link rel=\"canonical\" href=\"https:\/\/swissbaker.ch\/fr\/panissimo-news\/plats-a-emporter-sains-et-durables\/\" \/>\n<meta property=\"og:locale\" content=\"fr_FR\" \/>\n<meta property=\"og:type\" content=\"article\" \/>\n<meta property=\"og:title\" content=\"Plats \u00e0 emporter\u2009: sains et durables\" \/>\n<meta property=\"og:description\" content=\"La tendance v\u00e9gane se poursuit \u00e9galement pour la restauration \u00e0 emporter.\" \/>\n<meta property=\"og:url\" content=\"https:\/\/swissbaker.ch\/fr\/panissimo-news\/plats-a-emporter-sains-et-durables\/\" \/>\n<meta property=\"og:site_name\" content=\"SBC\" \/>\n<meta property=\"article:publisher\" content=\"https:\/\/www.facebook.com\/swissbaker.ch\" \/>\n<meta property=\"article:published_time\" content=\"2023-06-30T09:23:40+00:00\" \/>\n<meta property=\"article:modified_time\" content=\"2023-07-04T14:04:11+00:00\" \/>\n<meta property=\"og:image\" content=\"https:\/\/swissbaker.ch\/wp-content\/uploads\/2023\/06\/13_2_take_away-trends.jpg\" \/>\n\t<meta property=\"og:image:width\" content=\"1200\" \/>\n\t<meta property=\"og:image:height\" content=\"712\" \/>\n\t<meta property=\"og:image:type\" content=\"image\/jpeg\" \/>\n<meta name=\"author\" content=\"Simon Nussbaum\" \/>\n<meta name=\"twitter:card\" content=\"summary_large_image\" \/>\n<meta name=\"twitter:creator\" content=\"@ch_swissbaker\" \/>\n<meta name=\"twitter:site\" content=\"@ch_swissbaker\" \/>\n<meta name=\"twitter:label1\" content=\"Written by\" \/>\n\t<meta name=\"twitter:data1\" content=\"Simon Nussbaum\" \/>\n\t<meta name=\"twitter:label2\" content=\"Est. reading time\" \/>\n\t<meta name=\"twitter:data2\" content=\"4 minutes\" \/>\n<script type=\"application\/ld+json\" class=\"yoast-schema-graph\">{\"@context\":\"https:\/\/schema.org\",\"@graph\":[{\"@type\":\"Article\",\"@id\":\"https:\/\/swissbaker.ch\/fr\/panissimo-news\/plats-a-emporter-sains-et-durables\/#article\",\"isPartOf\":{\"@id\":\"https:\/\/swissbaker.ch\/fr\/panissimo-news\/plats-a-emporter-sains-et-durables\/\"},\"author\":{\"name\":\"Simon Nussbaum\",\"@id\":\"https:\/\/swissbaker.ch\/fr\/#\/schema\/person\/74bd327b08c18ca6042c02ff6f0ed5e2\"},\"headline\":\"Plats \u00e0 emporter\u2009: sains et durables\",\"datePublished\":\"2023-06-30T09:23:40+00:00\",\"dateModified\":\"2023-07-04T14:04:11+00:00\",\"mainEntityOfPage\":{\"@id\":\"https:\/\/swissbaker.ch\/fr\/panissimo-news\/plats-a-emporter-sains-et-durables\/\"},\"wordCount\":622,\"publisher\":{\"@id\":\"https:\/\/swissbaker.ch\/fr\/#organization\"},\"image\":{\"@id\":\"https:\/\/swissbaker.ch\/fr\/panissimo-news\/plats-a-emporter-sains-et-durables\/#primaryimage\"},\"thumbnailUrl\":\"https:\/\/swissbaker.ch\/wp-content\/uploads\/2023\/06\/13_2_take_away-trends.jpg\",\"articleSection\":[\"Production\",\"Vente\/Marketing\"],\"inLanguage\":\"fr-FR\"},{\"@type\":\"WebPage\",\"@id\":\"https:\/\/swissbaker.ch\/fr\/panissimo-news\/plats-a-emporter-sains-et-durables\/\",\"url\":\"https:\/\/swissbaker.ch\/fr\/panissimo-news\/plats-a-emporter-sains-et-durables\/\",\"name\":\"Plats \u00e0 emporter\u2009: sains et durables | SBC\",\"isPartOf\":{\"@id\":\"https:\/\/swissbaker.ch\/fr\/#website\"},\"primaryImageOfPage\":{\"@id\":\"https:\/\/swissbaker.ch\/fr\/panissimo-news\/plats-a-emporter-sains-et-durables\/#primaryimage\"},\"image\":{\"@id\":\"https:\/\/swissbaker.ch\/fr\/panissimo-news\/plats-a-emporter-sains-et-durables\/#primaryimage\"},\"thumbnailUrl\":\"https:\/\/swissbaker.ch\/wp-content\/uploads\/2023\/06\/13_2_take_away-trends.jpg\",\"datePublished\":\"2023-06-30T09:23:40+00:00\",\"dateModified\":\"2023-07-04T14:04:11+00:00\",\"description\":\"La tendance v\u00e9gane se poursuit \u00e9galement pour la restauration \u00e0 emporter.\",\"breadcrumb\":{\"@id\":\"https:\/\/swissbaker.ch\/fr\/panissimo-news\/plats-a-emporter-sains-et-durables\/#breadcrumb\"},\"inLanguage\":\"fr-FR\",\"potentialAction\":[{\"@type\":\"ReadAction\",\"target\":[\"https:\/\/swissbaker.ch\/fr\/panissimo-news\/plats-a-emporter-sains-et-durables\/\"]}]},{\"@type\":\"ImageObject\",\"inLanguage\":\"fr-FR\",\"@id\":\"https:\/\/swissbaker.ch\/fr\/panissimo-news\/plats-a-emporter-sains-et-durables\/#primaryimage\",\"url\":\"https:\/\/swissbaker.ch\/wp-content\/uploads\/2023\/06\/13_2_take_away-trends.jpg\",\"contentUrl\":\"https:\/\/swissbaker.ch\/wp-content\/uploads\/2023\/06\/13_2_take_away-trends.jpg\",\"width\":1200,\"height\":712},{\"@type\":\"BreadcrumbList\",\"@id\":\"https:\/\/swissbaker.ch\/fr\/panissimo-news\/plats-a-emporter-sains-et-durables\/#breadcrumb\",\"itemListElement\":[{\"@type\":\"ListItem\",\"position\":1,\"name\":\"\",\"item\":\"https:\/\/swissbaker.ch\/fr\/\"},{\"@type\":\"ListItem\",\"position\":2,\"name\":\"Production\",\"item\":\"https:\/\/swissbaker.ch\/fr\/panissimo-news\/category\/production\/\"},{\"@type\":\"ListItem\",\"position\":3,\"name\":\"Plats \u00e0 emporter\u2009: sains et durables\"}]},{\"@type\":\"WebSite\",\"@id\":\"https:\/\/swissbaker.ch\/fr\/#website\",\"url\":\"https:\/\/swissbaker.ch\/fr\/\",\"name\":\"SBC\",\"description\":\"\",\"publisher\":{\"@id\":\"https:\/\/swissbaker.ch\/fr\/#organization\"},\"potentialAction\":[{\"@type\":\"SearchAction\",\"target\":{\"@type\":\"EntryPoint\",\"urlTemplate\":\"https:\/\/swissbaker.ch\/fr\/?s={search_term_string}\"},\"query-input\":{\"@type\":\"PropertyValueSpecification\",\"valueRequired\":true,\"valueName\":\"search_term_string\"}}],\"inLanguage\":\"fr-FR\"},{\"@type\":\"Organization\",\"@id\":\"https:\/\/swissbaker.ch\/fr\/#organization\",\"name\":\"Schweizerischer B\u00e4cker-Confiseurmeister-Verband\",\"url\":\"https:\/\/swissbaker.ch\/fr\/\",\"logo\":{\"@type\":\"ImageObject\",\"inLanguage\":\"fr-FR\",\"@id\":\"https:\/\/swissbaker.ch\/fr\/#\/schema\/logo\/image\/\",\"url\":\"https:\/\/swissbaker.ch\/wp-content\/uploads\/2022\/04\/sbc-logo-yoast.jpg\",\"contentUrl\":\"https:\/\/swissbaker.ch\/wp-content\/uploads\/2022\/04\/sbc-logo-yoast.jpg\",\"width\":512,\"height\":512,\"caption\":\"Schweizerischer B\u00e4cker-Confiseurmeister-Verband\"},\"image\":{\"@id\":\"https:\/\/swissbaker.ch\/fr\/#\/schema\/logo\/image\/\"},\"sameAs\":[\"https:\/\/www.facebook.com\/swissbaker.ch\",\"https:\/\/x.com\/ch_swissbaker\"]},{\"@type\":\"Person\",\"@id\":\"https:\/\/swissbaker.ch\/fr\/#\/schema\/person\/74bd327b08c18ca6042c02ff6f0ed5e2\",\"name\":\"Simon Nussbaum\",\"image\":{\"@type\":\"ImageObject\",\"inLanguage\":\"fr-FR\",\"@id\":\"https:\/\/swissbaker.ch\/fr\/#\/schema\/person\/image\/\",\"url\":\"https:\/\/secure.gravatar.com\/avatar\/df0eced3bb556c806cb760cf503ade1ed1df25b4104d80d6fd28d93a9509aa12?s=96&d=mm&r=g\",\"contentUrl\":\"https:\/\/secure.gravatar.com\/avatar\/df0eced3bb556c806cb760cf503ade1ed1df25b4104d80d6fd28d93a9509aa12?s=96&d=mm&r=g\",\"caption\":\"Simon Nussbaum\"},\"url\":\"https:\/\/swissbaker.ch\/fr\/panissimo-news\/author\/simon-nussbaum\/\"}]}<\/script>\n<!-- \/ Yoast SEO Premium plugin. -->","yoast_head_json":{"title":"Plats \u00e0 emporter\u2009: sains et durables | SBC","description":"La tendance v\u00e9gane se poursuit \u00e9galement pour la restauration \u00e0 emporter.","robots":{"index":"index","follow":"follow","max-snippet":"max-snippet:-1","max-image-preview":"max-image-preview:large","max-video-preview":"max-video-preview:-1"},"canonical":"https:\/\/swissbaker.ch\/fr\/panissimo-news\/plats-a-emporter-sains-et-durables\/","og_locale":"fr_FR","og_type":"article","og_title":"Plats \u00e0 emporter\u2009: sains et durables","og_description":"La tendance v\u00e9gane se poursuit \u00e9galement pour la restauration \u00e0 emporter.","og_url":"https:\/\/swissbaker.ch\/fr\/panissimo-news\/plats-a-emporter-sains-et-durables\/","og_site_name":"SBC","article_publisher":"https:\/\/www.facebook.com\/swissbaker.ch","article_published_time":"2023-06-30T09:23:40+00:00","article_modified_time":"2023-07-04T14:04:11+00:00","og_image":[{"width":1200,"height":712,"url":"https:\/\/swissbaker.ch\/wp-content\/uploads\/2023\/06\/13_2_take_away-trends.jpg","type":"image\/jpeg"}],"author":"Simon Nussbaum","twitter_card":"summary_large_image","twitter_creator":"@ch_swissbaker","twitter_site":"@ch_swissbaker","twitter_misc":{"Written by":"Simon Nussbaum","Est. reading time":"4 minutes"},"schema":{"@context":"https:\/\/schema.org","@graph":[{"@type":"Article","@id":"https:\/\/swissbaker.ch\/fr\/panissimo-news\/plats-a-emporter-sains-et-durables\/#article","isPartOf":{"@id":"https:\/\/swissbaker.ch\/fr\/panissimo-news\/plats-a-emporter-sains-et-durables\/"},"author":{"name":"Simon Nussbaum","@id":"https:\/\/swissbaker.ch\/fr\/#\/schema\/person\/74bd327b08c18ca6042c02ff6f0ed5e2"},"headline":"Plats \u00e0 emporter\u2009: sains et durables","datePublished":"2023-06-30T09:23:40+00:00","dateModified":"2023-07-04T14:04:11+00:00","mainEntityOfPage":{"@id":"https:\/\/swissbaker.ch\/fr\/panissimo-news\/plats-a-emporter-sains-et-durables\/"},"wordCount":622,"publisher":{"@id":"https:\/\/swissbaker.ch\/fr\/#organization"},"image":{"@id":"https:\/\/swissbaker.ch\/fr\/panissimo-news\/plats-a-emporter-sains-et-durables\/#primaryimage"},"thumbnailUrl":"https:\/\/swissbaker.ch\/wp-content\/uploads\/2023\/06\/13_2_take_away-trends.jpg","articleSection":["Production","Vente\/Marketing"],"inLanguage":"fr-FR"},{"@type":"WebPage","@id":"https:\/\/swissbaker.ch\/fr\/panissimo-news\/plats-a-emporter-sains-et-durables\/","url":"https:\/\/swissbaker.ch\/fr\/panissimo-news\/plats-a-emporter-sains-et-durables\/","name":"Plats \u00e0 emporter\u2009: sains et durables | SBC","isPartOf":{"@id":"https:\/\/swissbaker.ch\/fr\/#website"},"primaryImageOfPage":{"@id":"https:\/\/swissbaker.ch\/fr\/panissimo-news\/plats-a-emporter-sains-et-durables\/#primaryimage"},"image":{"@id":"https:\/\/swissbaker.ch\/fr\/panissimo-news\/plats-a-emporter-sains-et-durables\/#primaryimage"},"thumbnailUrl":"https:\/\/swissbaker.ch\/wp-content\/uploads\/2023\/06\/13_2_take_away-trends.jpg","datePublished":"2023-06-30T09:23:40+00:00","dateModified":"2023-07-04T14:04:11+00:00","description":"La tendance v\u00e9gane se poursuit \u00e9galement pour la restauration \u00e0 emporter.","breadcrumb":{"@id":"https:\/\/swissbaker.ch\/fr\/panissimo-news\/plats-a-emporter-sains-et-durables\/#breadcrumb"},"inLanguage":"fr-FR","potentialAction":[{"@type":"ReadAction","target":["https:\/\/swissbaker.ch\/fr\/panissimo-news\/plats-a-emporter-sains-et-durables\/"]}]},{"@type":"ImageObject","inLanguage":"fr-FR","@id":"https:\/\/swissbaker.ch\/fr\/panissimo-news\/plats-a-emporter-sains-et-durables\/#primaryimage","url":"https:\/\/swissbaker.ch\/wp-content\/uploads\/2023\/06\/13_2_take_away-trends.jpg","contentUrl":"https:\/\/swissbaker.ch\/wp-content\/uploads\/2023\/06\/13_2_take_away-trends.jpg","width":1200,"height":712},{"@type":"BreadcrumbList","@id":"https:\/\/swissbaker.ch\/fr\/panissimo-news\/plats-a-emporter-sains-et-durables\/#breadcrumb","itemListElement":[{"@type":"ListItem","position":1,"name":"","item":"https:\/\/swissbaker.ch\/fr\/"},{"@type":"ListItem","position":2,"name":"Production","item":"https:\/\/swissbaker.ch\/fr\/panissimo-news\/category\/production\/"},{"@type":"ListItem","position":3,"name":"Plats \u00e0 emporter\u2009: sains et durables"}]},{"@type":"WebSite","@id":"https:\/\/swissbaker.ch\/fr\/#website","url":"https:\/\/swissbaker.ch\/fr\/","name":"SBC","description":"","publisher":{"@id":"https:\/\/swissbaker.ch\/fr\/#organization"},"potentialAction":[{"@type":"SearchAction","target":{"@type":"EntryPoint","urlTemplate":"https:\/\/swissbaker.ch\/fr\/?s={search_term_string}"},"query-input":{"@type":"PropertyValueSpecification","valueRequired":true,"valueName":"search_term_string"}}],"inLanguage":"fr-FR"},{"@type":"Organization","@id":"https:\/\/swissbaker.ch\/fr\/#organization","name":"Schweizerischer B\u00e4cker-Confiseurmeister-Verband","url":"https:\/\/swissbaker.ch\/fr\/","logo":{"@type":"ImageObject","inLanguage":"fr-FR","@id":"https:\/\/swissbaker.ch\/fr\/#\/schema\/logo\/image\/","url":"https:\/\/swissbaker.ch\/wp-content\/uploads\/2022\/04\/sbc-logo-yoast.jpg","contentUrl":"https:\/\/swissbaker.ch\/wp-content\/uploads\/2022\/04\/sbc-logo-yoast.jpg","width":512,"height":512,"caption":"Schweizerischer B\u00e4cker-Confiseurmeister-Verband"},"image":{"@id":"https:\/\/swissbaker.ch\/fr\/#\/schema\/logo\/image\/"},"sameAs":["https:\/\/www.facebook.com\/swissbaker.ch","https:\/\/x.com\/ch_swissbaker"]},{"@type":"Person","@id":"https:\/\/swissbaker.ch\/fr\/#\/schema\/person\/74bd327b08c18ca6042c02ff6f0ed5e2","name":"Simon Nussbaum","image":{"@type":"ImageObject","inLanguage":"fr-FR","@id":"https:\/\/swissbaker.ch\/fr\/#\/schema\/person\/image\/","url":"https:\/\/secure.gravatar.com\/avatar\/df0eced3bb556c806cb760cf503ade1ed1df25b4104d80d6fd28d93a9509aa12?s=96&d=mm&r=g","contentUrl":"https:\/\/secure.gravatar.com\/avatar\/df0eced3bb556c806cb760cf503ade1ed1df25b4104d80d6fd28d93a9509aa12?s=96&d=mm&r=g","caption":"Simon Nussbaum"},"url":"https:\/\/swissbaker.ch\/fr\/panissimo-news\/author\/simon-nussbaum\/"}]}},"_links":{"self":[{"href":"https:\/\/swissbaker.ch\/fr\/wp-json\/wp\/v2\/posts\/64295","targetHints":{"allow":["GET"]}}],"collection":[{"href":"https:\/\/swissbaker.ch\/fr\/wp-json\/wp\/v2\/posts"}],"about":[{"href":"https:\/\/swissbaker.ch\/fr\/wp-json\/wp\/v2\/types\/post"}],"author":[{"embeddable":true,"href":"https:\/\/swissbaker.ch\/fr\/wp-json\/wp\/v2\/users\/5"}],"replies":[{"embeddable":true,"href":"https:\/\/swissbaker.ch\/fr\/wp-json\/wp\/v2\/comments?post=64295"}],"version-history":[{"count":0,"href":"https:\/\/swissbaker.ch\/fr\/wp-json\/wp\/v2\/posts\/64295\/revisions"}],"wp:featuredmedia":[{"embeddable":true,"href":"https:\/\/swissbaker.ch\/fr\/wp-json\/wp\/v2\/media\/64292"}],"wp:attachment":[{"href":"https:\/\/swissbaker.ch\/fr\/wp-json\/wp\/v2\/media?parent=64295"}],"wp:term":[{"taxonomy":"category","embeddable":true,"href":"https:\/\/swissbaker.ch\/fr\/wp-json\/wp\/v2\/categories?post=64295"},{"taxonomy":"post_tag","embeddable":true,"href":"https:\/\/swissbaker.ch\/fr\/wp-json\/wp\/v2\/tags?post=64295"}],"curies":[{"name":"wp","href":"https:\/\/api.w.org\/{rel}","templated":true}]}}