{"id":64286,"date":"2023-06-30T10:56:52","date_gmt":"2023-06-30T08:56:52","guid":{"rendered":"https:\/\/swissbaker.ch\/?p=64286"},"modified":"2023-07-06T16:38:58","modified_gmt":"2023-07-06T14:38:58","slug":"debut-de-lapprentissage-eviter-les-accidents","status":"publish","type":"post","link":"https:\/\/swissbaker.ch\/fr\/panissimo-news\/debut-de-lapprentissage-eviter-les-accidents\/","title":{"rendered":"D\u00e9but de l\u2019apprentissage, \u00e9viter les accidents"},"content":{"rendered":"\n<p><strong>A partir du mois d\u2019ao\u00fbt, une nouvelle promotion d\u2019apprentis fera son entr\u00e9e dans le secteur. Lorsqu\u2019on emploie des jeunes, il ne faut pas oublier que le manque d\u2019exp\u00e9rience et de conscience des risques entra\u00eene une probabilit\u00e9 plus \u00e9lev\u00e9e d\u2019accidents professionnels\u2009; un danger quelque peu endigu\u00e9 par l\u2019interdiction de principe des travaux particuli\u00e8rement dangereux.<\/strong><\/p>\n\n\n\n<h3 class=\"wp-block-heading\" id=\"h-instruction-importante\">Instruction importante<\/h3>\n\n\n\n<p>Il n\u2019y a d\u2019exceptions que pour les activit\u00e9s typiques de la profession, qui sont \u00e9num\u00e9r\u00e9es dans l\u2019annexe 2 du plan de formation. Pour chaque activit\u00e9 particuli\u00e8rement dangereuse effectu\u00e9e pendant la formation, des mesures compl\u00e9mentaires de protection des jeunes ont \u00e9t\u00e9 d\u00e9finies. Elles doivent \u00eatre mises en \u0153uvre et document\u00e9es. Les apprentis doivent \u00eatre soigneusement instruits d\u00e8s le d\u00e9but de leur formation et de leurs activit\u00e9s pratiques. Ils sont \u00e9galement form\u00e9s \u00e0 l\u2019utilisation et \u00e0 l\u2019entretien des \u00e9quipements de protection individuelle (EPI). Pour les apprentis en production, la visibilit\u00e9 et la distraction dans le trafic routier nocturne devraient \u00eatre abord\u00e9es.<\/p>\n\n\n\n<h3 class=\"wp-block-heading\">Cela en vaut la peine<\/h3>\n\n\n\n<p>La mise en \u0153uvre de mesures de s\u00e9curit\u00e9 au travail et de protection de la sant\u00e9 est n\u00e9cessaire d\u2019un point de vue moral, \u00e9conomique et juridique. Les efforts consentis par l\u2019entreprise en valent la peine. Chaque jour d\u2019absence \u00e9vit\u00e9 r\u00e9duit les co\u00fbts indirects li\u00e9s \u00e0 des modifications spontan\u00e9es de l\u2019affectation du personnel, par exemple. De plus, cela contribue ainsi \u00e0 une \u00e9volution positive et durable de la culture d\u2019entreprise. Avec la p\u00e9nurie croissante de personnel qualifi\u00e9, cette culture devient un argument de plus en plus important pour le recrutement de collaborateurs.<\/p>\n\n\n\n<p class=\"has-text-align-right\"><em>Benjamin Horand,<br>responsable antenne MSST et management de qualit\u00e9<\/em><\/p>\n","protected":false},"excerpt":{"rendered":"<p>A partir du mois d\u2019ao\u00fbt, une nouvelle promotion d\u2019apprentis fera son entr\u00e9e dans le secteur. Lorsqu\u2019on emploie des jeunes, il ne faut pas oublier que le manque d\u2019exp\u00e9rience et de conscience des risques entra\u00eene une probabilit\u00e9 plus \u00e9lev\u00e9e d\u2019accidents professionnels\u2009; un danger quelque peu endigu\u00e9 par l\u2019interdiction de principe des travaux particuli\u00e8rement dangereux.<\/p>\n","protected":false},"author":5,"featured_media":64284,"comment_status":"closed","ping_status":"closed","sticky":true,"template":"","format":"standard","meta":{"_acf_changed":false,"footnotes":""},"categories":[47,49],"tags":[],"class_list":["post-64286","post","type-post","status-publish","format-standard","has-post-thumbnail","hentry","category-formation-releve","category-sante-securite"],"acf":[],"yoast_head":"<!-- This site is optimized with the Yoast SEO Premium plugin v26.8 (Yoast SEO v26.8) - https:\/\/yoast.com\/product\/yoast-seo-premium-wordpress\/ -->\n<title>D\u00e9but de l\u2019apprentissage, \u00e9viter les accidents | SBC<\/title>\n<meta name=\"description\" content=\"Lorsqu\u2019on emploie des jeunes, il ne faut pas oublier que le manque d\u2019exp\u00e9rience et de conscience des risques entra\u00eene une probabilit\u00e9 plus \u00e9lev\u00e9e d\u2019accidents professionnels.\" \/>\n<meta name=\"robots\" content=\"index, follow, max-snippet:-1, max-image-preview:large, max-video-preview:-1\" \/>\n<link rel=\"canonical\" href=\"https:\/\/swissbaker.ch\/fr\/panissimo-news\/debut-de-lapprentissage-eviter-les-accidents\/\" \/>\n<meta property=\"og:locale\" content=\"fr_FR\" \/>\n<meta property=\"og:type\" content=\"article\" \/>\n<meta property=\"og:title\" content=\"D\u00e9but de l\u2019apprentissage, \u00e9viter les accidents\" \/>\n<meta property=\"og:description\" content=\"Lorsqu\u2019on emploie des jeunes, il ne faut pas oublier que le manque d\u2019exp\u00e9rience et de conscience des risques entra\u00eene une probabilit\u00e9 plus \u00e9lev\u00e9e d\u2019accidents professionnels.\" \/>\n<meta property=\"og:url\" content=\"https:\/\/swissbaker.ch\/fr\/panissimo-news\/debut-de-lapprentissage-eviter-les-accidents\/\" \/>\n<meta property=\"og:site_name\" content=\"SBC\" \/>\n<meta property=\"article:publisher\" content=\"https:\/\/www.facebook.com\/swissbaker.ch\" \/>\n<meta property=\"article:published_time\" content=\"2023-06-30T08:56:52+00:00\" \/>\n<meta property=\"article:modified_time\" content=\"2023-07-06T14:38:58+00:00\" \/>\n<meta property=\"og:image\" content=\"https:\/\/swissbaker.ch\/wp-content\/uploads\/2023\/06\/13_2_lehrstart_unfaelle_vermeiden.jpg\" \/>\n\t<meta property=\"og:image:width\" content=\"1200\" \/>\n\t<meta property=\"og:image:height\" content=\"712\" \/>\n\t<meta property=\"og:image:type\" content=\"image\/jpeg\" \/>\n<meta name=\"author\" content=\"Simon Nussbaum\" \/>\n<meta name=\"twitter:card\" content=\"summary_large_image\" \/>\n<meta name=\"twitter:creator\" content=\"@ch_swissbaker\" \/>\n<meta name=\"twitter:site\" content=\"@ch_swissbaker\" \/>\n<meta name=\"twitter:label1\" content=\"Written by\" \/>\n\t<meta name=\"twitter:data1\" content=\"Simon Nussbaum\" \/>\n\t<meta name=\"twitter:label2\" content=\"Est. reading time\" \/>\n\t<meta name=\"twitter:data2\" content=\"2 minutes\" \/>\n<script type=\"application\/ld+json\" class=\"yoast-schema-graph\">{\"@context\":\"https:\/\/schema.org\",\"@graph\":[{\"@type\":\"Article\",\"@id\":\"https:\/\/swissbaker.ch\/fr\/panissimo-news\/debut-de-lapprentissage-eviter-les-accidents\/#article\",\"isPartOf\":{\"@id\":\"https:\/\/swissbaker.ch\/fr\/panissimo-news\/debut-de-lapprentissage-eviter-les-accidents\/\"},\"author\":{\"name\":\"Simon Nussbaum\",\"@id\":\"https:\/\/swissbaker.ch\/fr\/#\/schema\/person\/74bd327b08c18ca6042c02ff6f0ed5e2\"},\"headline\":\"D\u00e9but de l\u2019apprentissage, \u00e9viter les accidents\",\"datePublished\":\"2023-06-30T08:56:52+00:00\",\"dateModified\":\"2023-07-06T14:38:58+00:00\",\"mainEntityOfPage\":{\"@id\":\"https:\/\/swissbaker.ch\/fr\/panissimo-news\/debut-de-lapprentissage-eviter-les-accidents\/\"},\"wordCount\":304,\"publisher\":{\"@id\":\"https:\/\/swissbaker.ch\/fr\/#organization\"},\"image\":{\"@id\":\"https:\/\/swissbaker.ch\/fr\/panissimo-news\/debut-de-lapprentissage-eviter-les-accidents\/#primaryimage\"},\"thumbnailUrl\":\"https:\/\/swissbaker.ch\/wp-content\/uploads\/2023\/06\/13_2_lehrstart_unfaelle_vermeiden.jpg\",\"articleSection\":[\"Formation\/Rel\u00e8ve\",\"Sant\u00e9\/S\u00e9curit\u00e9\"],\"inLanguage\":\"fr-FR\"},{\"@type\":\"WebPage\",\"@id\":\"https:\/\/swissbaker.ch\/fr\/panissimo-news\/debut-de-lapprentissage-eviter-les-accidents\/\",\"url\":\"https:\/\/swissbaker.ch\/fr\/panissimo-news\/debut-de-lapprentissage-eviter-les-accidents\/\",\"name\":\"D\u00e9but de l\u2019apprentissage, \u00e9viter les accidents | SBC\",\"isPartOf\":{\"@id\":\"https:\/\/swissbaker.ch\/fr\/#website\"},\"primaryImageOfPage\":{\"@id\":\"https:\/\/swissbaker.ch\/fr\/panissimo-news\/debut-de-lapprentissage-eviter-les-accidents\/#primaryimage\"},\"image\":{\"@id\":\"https:\/\/swissbaker.ch\/fr\/panissimo-news\/debut-de-lapprentissage-eviter-les-accidents\/#primaryimage\"},\"thumbnailUrl\":\"https:\/\/swissbaker.ch\/wp-content\/uploads\/2023\/06\/13_2_lehrstart_unfaelle_vermeiden.jpg\",\"datePublished\":\"2023-06-30T08:56:52+00:00\",\"dateModified\":\"2023-07-06T14:38:58+00:00\",\"description\":\"Lorsqu\u2019on emploie des jeunes, il ne faut pas oublier que le manque d\u2019exp\u00e9rience et de conscience des risques entra\u00eene une probabilit\u00e9 plus \u00e9lev\u00e9e d\u2019accidents professionnels.\",\"breadcrumb\":{\"@id\":\"https:\/\/swissbaker.ch\/fr\/panissimo-news\/debut-de-lapprentissage-eviter-les-accidents\/#breadcrumb\"},\"inLanguage\":\"fr-FR\",\"potentialAction\":[{\"@type\":\"ReadAction\",\"target\":[\"https:\/\/swissbaker.ch\/fr\/panissimo-news\/debut-de-lapprentissage-eviter-les-accidents\/\"]}]},{\"@type\":\"ImageObject\",\"inLanguage\":\"fr-FR\",\"@id\":\"https:\/\/swissbaker.ch\/fr\/panissimo-news\/debut-de-lapprentissage-eviter-les-accidents\/#primaryimage\",\"url\":\"https:\/\/swissbaker.ch\/wp-content\/uploads\/2023\/06\/13_2_lehrstart_unfaelle_vermeiden.jpg\",\"contentUrl\":\"https:\/\/swissbaker.ch\/wp-content\/uploads\/2023\/06\/13_2_lehrstart_unfaelle_vermeiden.jpg\",\"width\":1200,\"height\":712},{\"@type\":\"BreadcrumbList\",\"@id\":\"https:\/\/swissbaker.ch\/fr\/panissimo-news\/debut-de-lapprentissage-eviter-les-accidents\/#breadcrumb\",\"itemListElement\":[{\"@type\":\"ListItem\",\"position\":1,\"name\":\"\",\"item\":\"https:\/\/swissbaker.ch\/fr\/\"},{\"@type\":\"ListItem\",\"position\":2,\"name\":\"Formation\/Rel\u00e8ve\",\"item\":\"https:\/\/swissbaker.ch\/fr\/panissimo-news\/category\/formation-releve\/\"},{\"@type\":\"ListItem\",\"position\":3,\"name\":\"D\u00e9but de l\u2019apprentissage, \u00e9viter les accidents\"}]},{\"@type\":\"WebSite\",\"@id\":\"https:\/\/swissbaker.ch\/fr\/#website\",\"url\":\"https:\/\/swissbaker.ch\/fr\/\",\"name\":\"SBC\",\"description\":\"\",\"publisher\":{\"@id\":\"https:\/\/swissbaker.ch\/fr\/#organization\"},\"potentialAction\":[{\"@type\":\"SearchAction\",\"target\":{\"@type\":\"EntryPoint\",\"urlTemplate\":\"https:\/\/swissbaker.ch\/fr\/?s={search_term_string}\"},\"query-input\":{\"@type\":\"PropertyValueSpecification\",\"valueRequired\":true,\"valueName\":\"search_term_string\"}}],\"inLanguage\":\"fr-FR\"},{\"@type\":\"Organization\",\"@id\":\"https:\/\/swissbaker.ch\/fr\/#organization\",\"name\":\"Schweizerischer B\u00e4cker-Confiseurmeister-Verband\",\"url\":\"https:\/\/swissbaker.ch\/fr\/\",\"logo\":{\"@type\":\"ImageObject\",\"inLanguage\":\"fr-FR\",\"@id\":\"https:\/\/swissbaker.ch\/fr\/#\/schema\/logo\/image\/\",\"url\":\"https:\/\/swissbaker.ch\/wp-content\/uploads\/2022\/04\/sbc-logo-yoast.jpg\",\"contentUrl\":\"https:\/\/swissbaker.ch\/wp-content\/uploads\/2022\/04\/sbc-logo-yoast.jpg\",\"width\":512,\"height\":512,\"caption\":\"Schweizerischer B\u00e4cker-Confiseurmeister-Verband\"},\"image\":{\"@id\":\"https:\/\/swissbaker.ch\/fr\/#\/schema\/logo\/image\/\"},\"sameAs\":[\"https:\/\/www.facebook.com\/swissbaker.ch\",\"https:\/\/x.com\/ch_swissbaker\"]},{\"@type\":\"Person\",\"@id\":\"https:\/\/swissbaker.ch\/fr\/#\/schema\/person\/74bd327b08c18ca6042c02ff6f0ed5e2\",\"name\":\"Simon Nussbaum\",\"image\":{\"@type\":\"ImageObject\",\"inLanguage\":\"fr-FR\",\"@id\":\"https:\/\/swissbaker.ch\/fr\/#\/schema\/person\/image\/\",\"url\":\"https:\/\/secure.gravatar.com\/avatar\/df0eced3bb556c806cb760cf503ade1ed1df25b4104d80d6fd28d93a9509aa12?s=96&d=mm&r=g\",\"contentUrl\":\"https:\/\/secure.gravatar.com\/avatar\/df0eced3bb556c806cb760cf503ade1ed1df25b4104d80d6fd28d93a9509aa12?s=96&d=mm&r=g\",\"caption\":\"Simon Nussbaum\"},\"url\":\"https:\/\/swissbaker.ch\/fr\/panissimo-news\/author\/simon-nussbaum\/\"}]}<\/script>\n<!-- \/ Yoast SEO Premium plugin. -->","yoast_head_json":{"title":"D\u00e9but de l\u2019apprentissage, \u00e9viter les accidents | SBC","description":"Lorsqu\u2019on emploie des jeunes, il ne faut pas oublier que le manque d\u2019exp\u00e9rience et de conscience des risques entra\u00eene une probabilit\u00e9 plus \u00e9lev\u00e9e d\u2019accidents professionnels.","robots":{"index":"index","follow":"follow","max-snippet":"max-snippet:-1","max-image-preview":"max-image-preview:large","max-video-preview":"max-video-preview:-1"},"canonical":"https:\/\/swissbaker.ch\/fr\/panissimo-news\/debut-de-lapprentissage-eviter-les-accidents\/","og_locale":"fr_FR","og_type":"article","og_title":"D\u00e9but de l\u2019apprentissage, \u00e9viter les accidents","og_description":"Lorsqu\u2019on emploie des jeunes, il ne faut pas oublier que le manque d\u2019exp\u00e9rience et de conscience des risques entra\u00eene une probabilit\u00e9 plus \u00e9lev\u00e9e d\u2019accidents professionnels.","og_url":"https:\/\/swissbaker.ch\/fr\/panissimo-news\/debut-de-lapprentissage-eviter-les-accidents\/","og_site_name":"SBC","article_publisher":"https:\/\/www.facebook.com\/swissbaker.ch","article_published_time":"2023-06-30T08:56:52+00:00","article_modified_time":"2023-07-06T14:38:58+00:00","og_image":[{"width":1200,"height":712,"url":"https:\/\/swissbaker.ch\/wp-content\/uploads\/2023\/06\/13_2_lehrstart_unfaelle_vermeiden.jpg","type":"image\/jpeg"}],"author":"Simon Nussbaum","twitter_card":"summary_large_image","twitter_creator":"@ch_swissbaker","twitter_site":"@ch_swissbaker","twitter_misc":{"Written by":"Simon Nussbaum","Est. reading time":"2 minutes"},"schema":{"@context":"https:\/\/schema.org","@graph":[{"@type":"Article","@id":"https:\/\/swissbaker.ch\/fr\/panissimo-news\/debut-de-lapprentissage-eviter-les-accidents\/#article","isPartOf":{"@id":"https:\/\/swissbaker.ch\/fr\/panissimo-news\/debut-de-lapprentissage-eviter-les-accidents\/"},"author":{"name":"Simon Nussbaum","@id":"https:\/\/swissbaker.ch\/fr\/#\/schema\/person\/74bd327b08c18ca6042c02ff6f0ed5e2"},"headline":"D\u00e9but de l\u2019apprentissage, \u00e9viter les accidents","datePublished":"2023-06-30T08:56:52+00:00","dateModified":"2023-07-06T14:38:58+00:00","mainEntityOfPage":{"@id":"https:\/\/swissbaker.ch\/fr\/panissimo-news\/debut-de-lapprentissage-eviter-les-accidents\/"},"wordCount":304,"publisher":{"@id":"https:\/\/swissbaker.ch\/fr\/#organization"},"image":{"@id":"https:\/\/swissbaker.ch\/fr\/panissimo-news\/debut-de-lapprentissage-eviter-les-accidents\/#primaryimage"},"thumbnailUrl":"https:\/\/swissbaker.ch\/wp-content\/uploads\/2023\/06\/13_2_lehrstart_unfaelle_vermeiden.jpg","articleSection":["Formation\/Rel\u00e8ve","Sant\u00e9\/S\u00e9curit\u00e9"],"inLanguage":"fr-FR"},{"@type":"WebPage","@id":"https:\/\/swissbaker.ch\/fr\/panissimo-news\/debut-de-lapprentissage-eviter-les-accidents\/","url":"https:\/\/swissbaker.ch\/fr\/panissimo-news\/debut-de-lapprentissage-eviter-les-accidents\/","name":"D\u00e9but de l\u2019apprentissage, \u00e9viter les accidents | SBC","isPartOf":{"@id":"https:\/\/swissbaker.ch\/fr\/#website"},"primaryImageOfPage":{"@id":"https:\/\/swissbaker.ch\/fr\/panissimo-news\/debut-de-lapprentissage-eviter-les-accidents\/#primaryimage"},"image":{"@id":"https:\/\/swissbaker.ch\/fr\/panissimo-news\/debut-de-lapprentissage-eviter-les-accidents\/#primaryimage"},"thumbnailUrl":"https:\/\/swissbaker.ch\/wp-content\/uploads\/2023\/06\/13_2_lehrstart_unfaelle_vermeiden.jpg","datePublished":"2023-06-30T08:56:52+00:00","dateModified":"2023-07-06T14:38:58+00:00","description":"Lorsqu\u2019on emploie des jeunes, il ne faut pas oublier que le manque d\u2019exp\u00e9rience et de conscience des risques entra\u00eene une probabilit\u00e9 plus \u00e9lev\u00e9e d\u2019accidents professionnels.","breadcrumb":{"@id":"https:\/\/swissbaker.ch\/fr\/panissimo-news\/debut-de-lapprentissage-eviter-les-accidents\/#breadcrumb"},"inLanguage":"fr-FR","potentialAction":[{"@type":"ReadAction","target":["https:\/\/swissbaker.ch\/fr\/panissimo-news\/debut-de-lapprentissage-eviter-les-accidents\/"]}]},{"@type":"ImageObject","inLanguage":"fr-FR","@id":"https:\/\/swissbaker.ch\/fr\/panissimo-news\/debut-de-lapprentissage-eviter-les-accidents\/#primaryimage","url":"https:\/\/swissbaker.ch\/wp-content\/uploads\/2023\/06\/13_2_lehrstart_unfaelle_vermeiden.jpg","contentUrl":"https:\/\/swissbaker.ch\/wp-content\/uploads\/2023\/06\/13_2_lehrstart_unfaelle_vermeiden.jpg","width":1200,"height":712},{"@type":"BreadcrumbList","@id":"https:\/\/swissbaker.ch\/fr\/panissimo-news\/debut-de-lapprentissage-eviter-les-accidents\/#breadcrumb","itemListElement":[{"@type":"ListItem","position":1,"name":"","item":"https:\/\/swissbaker.ch\/fr\/"},{"@type":"ListItem","position":2,"name":"Formation\/Rel\u00e8ve","item":"https:\/\/swissbaker.ch\/fr\/panissimo-news\/category\/formation-releve\/"},{"@type":"ListItem","position":3,"name":"D\u00e9but de l\u2019apprentissage, \u00e9viter les accidents"}]},{"@type":"WebSite","@id":"https:\/\/swissbaker.ch\/fr\/#website","url":"https:\/\/swissbaker.ch\/fr\/","name":"SBC","description":"","publisher":{"@id":"https:\/\/swissbaker.ch\/fr\/#organization"},"potentialAction":[{"@type":"SearchAction","target":{"@type":"EntryPoint","urlTemplate":"https:\/\/swissbaker.ch\/fr\/?s={search_term_string}"},"query-input":{"@type":"PropertyValueSpecification","valueRequired":true,"valueName":"search_term_string"}}],"inLanguage":"fr-FR"},{"@type":"Organization","@id":"https:\/\/swissbaker.ch\/fr\/#organization","name":"Schweizerischer B\u00e4cker-Confiseurmeister-Verband","url":"https:\/\/swissbaker.ch\/fr\/","logo":{"@type":"ImageObject","inLanguage":"fr-FR","@id":"https:\/\/swissbaker.ch\/fr\/#\/schema\/logo\/image\/","url":"https:\/\/swissbaker.ch\/wp-content\/uploads\/2022\/04\/sbc-logo-yoast.jpg","contentUrl":"https:\/\/swissbaker.ch\/wp-content\/uploads\/2022\/04\/sbc-logo-yoast.jpg","width":512,"height":512,"caption":"Schweizerischer B\u00e4cker-Confiseurmeister-Verband"},"image":{"@id":"https:\/\/swissbaker.ch\/fr\/#\/schema\/logo\/image\/"},"sameAs":["https:\/\/www.facebook.com\/swissbaker.ch","https:\/\/x.com\/ch_swissbaker"]},{"@type":"Person","@id":"https:\/\/swissbaker.ch\/fr\/#\/schema\/person\/74bd327b08c18ca6042c02ff6f0ed5e2","name":"Simon Nussbaum","image":{"@type":"ImageObject","inLanguage":"fr-FR","@id":"https:\/\/swissbaker.ch\/fr\/#\/schema\/person\/image\/","url":"https:\/\/secure.gravatar.com\/avatar\/df0eced3bb556c806cb760cf503ade1ed1df25b4104d80d6fd28d93a9509aa12?s=96&d=mm&r=g","contentUrl":"https:\/\/secure.gravatar.com\/avatar\/df0eced3bb556c806cb760cf503ade1ed1df25b4104d80d6fd28d93a9509aa12?s=96&d=mm&r=g","caption":"Simon Nussbaum"},"url":"https:\/\/swissbaker.ch\/fr\/panissimo-news\/author\/simon-nussbaum\/"}]}},"_links":{"self":[{"href":"https:\/\/swissbaker.ch\/fr\/wp-json\/wp\/v2\/posts\/64286","targetHints":{"allow":["GET"]}}],"collection":[{"href":"https:\/\/swissbaker.ch\/fr\/wp-json\/wp\/v2\/posts"}],"about":[{"href":"https:\/\/swissbaker.ch\/fr\/wp-json\/wp\/v2\/types\/post"}],"author":[{"embeddable":true,"href":"https:\/\/swissbaker.ch\/fr\/wp-json\/wp\/v2\/users\/5"}],"replies":[{"embeddable":true,"href":"https:\/\/swissbaker.ch\/fr\/wp-json\/wp\/v2\/comments?post=64286"}],"version-history":[{"count":0,"href":"https:\/\/swissbaker.ch\/fr\/wp-json\/wp\/v2\/posts\/64286\/revisions"}],"wp:featuredmedia":[{"embeddable":true,"href":"https:\/\/swissbaker.ch\/fr\/wp-json\/wp\/v2\/media\/64284"}],"wp:attachment":[{"href":"https:\/\/swissbaker.ch\/fr\/wp-json\/wp\/v2\/media?parent=64286"}],"wp:term":[{"taxonomy":"category","embeddable":true,"href":"https:\/\/swissbaker.ch\/fr\/wp-json\/wp\/v2\/categories?post=64286"},{"taxonomy":"post_tag","embeddable":true,"href":"https:\/\/swissbaker.ch\/fr\/wp-json\/wp\/v2\/tags?post=64286"}],"curies":[{"name":"wp","href":"https:\/\/api.w.org\/{rel}","templated":true}]}}