{"id":64132,"date":"2023-06-29T07:31:42","date_gmt":"2023-06-29T05:31:42","guid":{"rendered":"https:\/\/swissbaker.ch\/?p=64132"},"modified":"2023-06-29T09:26:27","modified_gmt":"2023-06-29T07:26:27","slug":"a-120-dans-un-tunnel-noir","status":"publish","type":"post","link":"https:\/\/swissbaker.ch\/fr\/panissimo-news\/a-120-dans-un-tunnel-noir\/","title":{"rendered":"<strong>A 120 dans un tunnel noir<\/strong>"},"content":{"rendered":"\n<p><strong>La pand\u00e9mie et un chantier extr\u00eamement contraignant devant le magasin principal avec caf\u00e9 et lieu de production ont mis dans une situation tr\u00e8s difficile la boulangerie Abderhalden de la famille Menzi \u00e0 Wattwil (SG). \u00abNous nous sommes retrouv\u00e9s \u00e0 120&nbsp;km\/h dans un tunnel noir sans lumi\u00e8re\u00bb, explique Gregor Menzi dans une interview accord\u00e9e \u00e0 \u00abPanissimo\u00bb pour d\u00e9crire la situation v\u00e9cue, avant que sa famille et lui voient \u00e0 nouveau poindre la lumi\u00e8re \u00e0 l&#8217;horizon.<\/strong><\/p>\n\n\n\n<p>Gregor Menzi, boulanger-p\u00e2tissier de formation, occupait un poste de cadre \u00e0 la Poste Suisse avant de reprendre avec sa famille la boulangerie Abderhalden \u00e0 Wattwil en 2014, et de r\u00e9aliser ainsi un souhait de longue date. Travaillant dans le domaine des soins, son \u00e9pouse Manuela a repris le commerce de d\u00e9tail. Leur fils Josua, cuisinier de formation, a suivi une formation compl\u00e9mentaire de boulanger-p\u00e2tissier et sa s\u0153ur Salome, infirmi\u00e8re de formation, a entrepris une formation de boulang\u00e8re-p\u00e2tissi\u00e8re.<\/p>\n\n\n\n<p>D\u00e9but 2020, juste avant le d\u00e9but de la pand\u00e9mie, la deuxi\u00e8me filiale \u2013 le caf\u00e9-boulangerie Josua&#8217;s bakery \u2013 a ouvert ses portes pr\u00e8s de la gare de Wattwil (SG), pour les refermer \u00e0 peine trois mois plus tard en raison du coronavirus. Outre l\u2019impact de ce dernier, le r\u00e9am\u00e9nagement de la place devant le si\u00e8ge principal avec caf\u00e9 a \u00e9galement entra\u00een\u00e9 une charge suppl\u00e9mentaire consid\u00e9rable. Nous revenons sur ces \u00e9v\u00e8nements avec Gregor Menzi et son fils Josua, qui nous racontent comment ils se sont battus ensemble, en famille, pour sortir de ce marasme, et nous parlent de leurs projets d&#8217;avenir.<\/p>\n\n\n\n<figure class=\"wp-block-image size-large\"><img decoding=\"async\" width=\"1024\" height=\"608\" src=\"https:\/\/swissbaker.ch\/wp-content\/uploads\/2023\/06\/13_1_backerei_abderhalden_fam_menzi-1024x608.jpg\" alt=\"\" class=\"wp-image-64098\" srcset=\"https:\/\/swissbaker.ch\/wp-content\/uploads\/2023\/06\/13_1_backerei_abderhalden_fam_menzi-1024x608.jpg 1024w, https:\/\/swissbaker.ch\/wp-content\/uploads\/2023\/06\/13_1_backerei_abderhalden_fam_menzi-768x456.jpg 768w, https:\/\/swissbaker.ch\/wp-content\/uploads\/2023\/06\/13_1_backerei_abderhalden_fam_menzi.jpg 1200w\" sizes=\"(max-width: 1024px) 100vw, 1024px\" \/><figcaption class=\"wp-element-caption\"><em>Unis pour surmonter la crise (de gauche \u00e0 droite)\u2009: Manuela, Salome, Josua et Gregor Menzi.<\/em><\/figcaption><\/figure>\n\n\n\n<p><\/p>\n\n\n\n<p><strong>Vous allez f\u00eater vos dix ans d\u2019existence l\u2019ann\u00e9e prochaine. Avez-vous regrett\u00e9 d&#8217;avoir achet\u00e9 une boulangerie durant cette p\u00e9riode?<\/strong><br><strong>Gregor Menzi:<\/strong> oui, pendant la pand\u00e9mie, dont je me serais volontiers pass\u00e9. Cela a \u00e9t\u00e9 tr\u00e8s difficile et existentiel.<br><\/p>\n\n\n\n<p><strong>Vous avez ouvert la filiale Josua&#8217;s bakery pr\u00e8s de la gare juste avant le d\u00e9but de la pand\u00e9mie. Puis tout est all\u00e9 de travers\u2026<\/strong><br><strong>Josua Menzi:<\/strong> elle est rest\u00e9e ouverte pendant deux mois et demi et le 16 mars, nous avons d\u00fb fermer la partie caf\u00e9. La fr\u00e9quentation s&#8217;est compl\u00e8tement effondr\u00e9e.<\/p>\n\n\n\n<p><strong>Gregor Menzi:<\/strong> nous avons beaucoup investi dans cette filiale. Nous avons cru au succ\u00e8s.<\/p>\n\n\n\n<p><strong>JM:<\/strong> la fermeture a dur\u00e9 pr\u00e8s de quatre mois. Nous avons pu rouvrir le caf\u00e9 en \u00e9t\u00e9. Les affaires ont tr\u00e8s bien march\u00e9 pendant cette p\u00e9riode. Mais le port du masque est devenu obligatoire en hiver&#8230;<\/p>\n\n\n\n<p><strong>GM:<\/strong> \u2026 et la situation s&#8217;est aggrav\u00e9e.<\/p>\n\n\n\n<p><strong>GM:<\/strong> des travaux tr\u00e8s contraignants ont d\u00e9but\u00e9 sur la place devant notre magasin principal dans le m\u00eame temps \u2013 au milieu de l&#8217;ann\u00e9e 2020.<\/p>\n\n\n\n<p><strong>JM:<\/strong> au moment o\u00f9 le service en terrasse a \u00e9t\u00e9 autoris\u00e9, notre espace ext\u00e9rieur \u00e9tait en chantier.<br><\/p>\n\n\n\n<p><strong>La baisse de votre chiffre d&#8217;affaires a \u00e9t\u00e9 massive, je suppose\u2026<\/strong><\/p>\n\n\n\n<figure class=\"wp-block-pullquote has-text-color\" style=\"color:#cc9933;font-size:24px;font-style:normal;font-weight:700\"><blockquote><p><strong> \u00abAu final, nous avons perdu plus d&#8217;un million et demi de chiffre d&#8217;affaires.\u00bb<\/strong><\/p><cite>Gregor Menzi<\/cite><\/blockquote><\/figure>\n\n\n\n<p><strong>Vous avez re\u00e7u un soutien financier de la Conf\u00e9d\u00e9ration et du canton\u2026<\/strong><br><strong>GM:<\/strong> \u2026 sans ces fonds, nous ne serions plus l\u00e0. Heureusement, nous avions en plus une assurance pand\u00e9mie qui a tout de suite fonctionn\u00e9.<\/p>\n\n\n\n<p>JM: on n&#8217;a toutefois \u00e9t\u00e9 pay\u00e9s que lors du premier confinement. Les suivants n&#8217;ont pas \u00e9t\u00e9 indemnis\u00e9s.<br><\/p>\n\n\n\n<p><strong>Les livraisons ont \u00e9galement \u00e9t\u00e9 interrompues \u00e0 l&#8217;\u00e9poque. Quel pourcentage du chiffre d&#8217;affaires repr\u00e9sentaient-elles?<\/strong><br><strong>GM:<\/strong> elles repr\u00e9sentaient un sixi\u00e8me du chiffre d&#8217;affaires. Pratiquement toutes les livraisons \u2013 \u00e0 une exception pr\u00e8s \u2013 sont tomb\u00e9es \u00e0 l\u2019eau.<\/p>\n\n\n\n<p><em><br><\/em><strong>Avec les livraisons en berne, et le caf\u00e9 ferm\u00e9\u2026 qu&#8217;avez-vous fait?<\/strong><br><strong>GM:<\/strong> nous nous sommes retrouv\u00e9s \u00e0 120 kilom\u00e8tres \u00e0 l&#8217;heure dans un tunnel noir sans lumi\u00e8re. Il faisait tr\u00e8s sombre et nous ne savions pas ce qui allait se passer. J\u2019avais d\u00e9j\u00e0 recouru au ch\u00f4mage partiel avant de devoir fermer. J\u2019ai particip\u00e9 au projet Pain du Coin \u2013 et continue \u00e0 le faire dans le cadre de la nouvelle offre de LocalOnly.<\/p>\n\n\n\n<p>J&#8217;ai fait des calculs \u00e9conomiques: comment r\u00e9tablir les liquidit\u00e9s? Les fournisseurs \u00e9taient nombreux \u00e0 ne plus pouvoir plus payer. J&#8217;avais au moins 100&#8217;000&nbsp;francs d&#8217;impay\u00e9s. J&#8217;ai demand\u00e9 aux banques ce que nous pouvions faire si les virements tardaient \u00e0 venir.<\/p>\n\n\n\n<p>Nous avons \u00e9galement chang\u00e9 autre chose: nous nous basions jusqu\u2019alors sur un compte de r\u00e9sultat annuel. Or ce n\u2019\u00e9tait plus suffisant. Nous sommes donc pass\u00e9s \u00e0 un compte de r\u00e9sultats mensuel en vue de mieux contr\u00f4ler les co\u00fbts. Pendant la crise, nous avons \u00e9galement commenc\u00e9 \u00e0 contr\u00f4ler mensuellement les liquidit\u00e9s, et avons continu\u00e9 \u00e0 le faire. De plus, nous avons introduit d&#8217;autres \u00e9l\u00e9ments, dont le contr\u00f4le de la productivit\u00e9 dans le domaine de la client\u00e8le et de la production. &nbsp;<\/p>\n\n\n\n<p><em><br><\/em><strong>Comment avez-vous communiqu\u00e9 en interne?<br>GM:<\/strong> j&#8217;ai communiqu\u00e9 de mani\u00e8re tr\u00e8s ouverte. J&#8217;ai \u00e9labor\u00e9 un concept pour g\u00e9rer ce que j&#8217;\u00e9crivais dans le groupe WhatsApp et ce que je communiquais sur un autre canal. J&#8217;ai notamment inform\u00e9 les parties prenantes que nous \u00e9tions assur\u00e9s contre les pand\u00e9mies. J&#8217;ai transmis et continue \u00e0 transmettre les informations dans une lettre d&#8217;accompagnement sur le bulletin de salaire, dans le but de \u00abconforter\u00bb \u00e9galement les personnes devant rester \u00e0 la maison.<\/p>\n\n\n\n<figure class=\"wp-block-pullquote has-text-color\" style=\"color:#cc9933;font-size:24px;font-style:normal;font-weight:700\"><blockquote><p>\u00ab J&#8217;ai les apprenties r\u00e9unis pour suivre l\u2018enseignement dans le caf\u00e9 vide.\u00bb<\/p><cite>Gregor Menzi<\/cite><\/blockquote><\/figure>\n\n\n\n<p><strong>Et les apprentis et apprenties?<\/strong><br><strong>GM:<\/strong> ils devaient \u00e9galement rester \u00e0 la maison et b\u00e9n\u00e9ficiaient d\u2019un enseignement en ligne. J&#8217;ai toutefois constat\u00e9 que cela ne fonctionnait pas. Certains avaient un ordinateur d\u00e9fectueux, d\u2019autres n\u2019avaient pas d\u2019ordinateur ou pas d\u2019internet. Je les ai donc r\u00e9unis pour suivre l\u2018enseignement dans le caf\u00e9 vide.<br><\/p>\n\n\n\n<p><strong>Qu\u2019en \u00e9tait-il des autres collaborateurs et collaboratrices?<\/strong><br><strong>GM:<\/strong> la structure journali\u00e8re a parfois manqu\u00e9 \u00e0 ceux qui ont d\u00fb rester \u00e0 la maison. Nous, ma famille et moi, avons toujours travaill\u00e9, et cela a \u00e9t\u00e9 b\u00e9n\u00e9fique.<br><\/p>\n\n\n\n<p><strong>Mais vous aviez beaucoup de soucis\u2026<\/strong><br><strong>GM:<\/strong> oui, \u00e9videmment.<\/p>\n\n\n\n<p><em><br><\/em><strong>Pouviez-vous dormir tranquillement?<\/strong><br><strong>GM:<\/strong> je ne dormais plus tr\u00e8s bien&#8230; En tant qu&#8217;employeur, nous avons aussi un r\u00f4le social. Notre magasin est au centre du village. Nous avons donn\u00e9 les journaux et les magazines aux clients et clientes r\u00e9guliers plus \u00e2g\u00e9s qui venaient au magasin. Nous avons occup\u00e9 les collaborateurs et collaboratrices autrement parce qu&#8217;ils n\u2019en pouvaient plus de rester \u00e0 la maison \u2026<\/p>\n\n\n\n<p><em><br><\/em><strong>Qu&#8217;avez-vous fait pendant ce temps-l\u00e0!?<\/strong><br><strong>GM:<\/strong> j\u2019ai bien mang\u00e9 (rires)\u2026 bien mang\u00e9 et travaill\u00e9\u2026<\/p>\n\n\n\n<p><strong>JM:<\/strong> nous avons surtout fait du rangement, repeint des murs, red\u00e9fini des processus\u2026<\/p>\n\n\n\n<p><br><strong>Lors de la derni\u00e8re visite de \u00abPanissimo\u00bb, vous avez d\u00e9clar\u00e9 que la num\u00e9risation vous avait permis d\u2019\u00e9conomiser un poste de 50\u00a0% dans le domaine de la comptabilit\u00e9.<\/strong><br><strong>JM:<\/strong> nous avons essay\u00e9 d&#8217;optimiser partout o\u00f9 c\u2019\u00e9tait possible.<\/p>\n\n\n\n<p><em><br><\/em><strong>A l\u2019\u00e9poque, vous aviez dit vouloir adapter l&#8217;assortiment\u2026<\/strong><br><strong>GM:<\/strong> nous avons en effet pass\u00e9 en revue tous les produits et processus, et retir\u00e9 de l\u2019assortiment pratiquement tous les articles lambdas.<\/p>\n\n\n\n<p><strong>JM: <\/strong>et nous n&#8217;avons pas r\u00e9introduit ces produits apr\u00e8s la pand\u00e9mie.<br><\/p>\n\n\n\n<p><strong>De quel pourcentage avez-vous r\u00e9duit l&#8217;assortiment?<\/strong><br><strong>JM: <\/strong>la r\u00e9duction doit bien \u00eatre de 20 %.<\/p>\n\n\n\n<p><strong>GM:<\/strong> certains produits ne sont plus propos\u00e9s dans tous les formats.<\/p>\n\n\n\n<p><strong>JM:<\/strong> nous avons modifi\u00e9 la recette d&#8217;environ un quart d&#8217;entre eux.<\/p>\n\n\n\n<p><em><br><\/em><strong>Que faut-il comprendre?<\/strong><br><strong>JM:<\/strong> un exemple: il y a deux sandwichs qui ne marchent pas tr\u00e8s bien dans le magasin. Je les retire et les remplace par un nouveau sandwich plus cool.<\/p>\n\n\n\n<p><strong>GM:<\/strong> nous faisons cela r\u00e9guli\u00e8rement. \u00c0 un moment donn\u00e9, nous n&#8217;aurons plus que six sandwichs, six pains, six produits de p\u00e2tisserie \u2013 et un assortiment avec une bonne vue d\u2019ensemble, plus deux\/trois produits saisonniers.<\/p>\n\n\n\n<p><em><br><\/em><strong>Et puis il y a eu le chantier devant le magasin principal\u2026<\/strong><br><strong>GM: <\/strong>les travaux pr\u00e9paratoires ont d\u00e9j\u00e0 commenc\u00e9 \u00e0 l\u2019\u00e9t\u00e9\u00a02019 et impliqu\u00e9 une circulation \u00e0 sens unique. Les pertes \u00e9taient donc d\u00e9j\u00e0 substantielles \u00e0 l&#8217;\u00e9poque.<\/p>\n\n\n<div class=\"wp-block-image\">\n<figure class=\"aligncenter size-full\"><img decoding=\"async\" width=\"425\" height=\"264\" src=\"https:\/\/swissbaker.ch\/wp-content\/uploads\/2023\/06\/13_1_baeckerei_abderhalden_baustelle.jpg\" alt=\"\" class=\"wp-image-64152\"\/><figcaption class=\"wp-element-caption\"><em>2019: chantier devant le magasin principal<\/em> \u00e0 Wattwil<\/figcaption><\/figure>\n<\/div>\n\n\n<p><em><br><\/em><strong>Que signifie \u00absubstantielles\u00bb?<\/strong><br><strong>JM: <\/strong>\u00e0 No\u00ebl, ils (la commune) ont ferm\u00e9 la route pendant six semaines.<\/p>\n\n\n\n<p><strong>GM:<\/strong> nous avons subi une perte de chiffre d&#8217;affaires d\u2019au moins 10 %. Et comme je l\u2019ai d\u00e9j\u00e0 dit, en plus, notre terrasse \u00e9tait malheureusement en chantier au moment de la premi\u00e8re r\u00e9ouverture durant la pand\u00e9mie, nous n\u2019avons donc pas pu l\u2019utiliser.<\/p>\n\n\n\n<p><strong>GM:<\/strong> nous avons servi quelques caf\u00e9s sur la place en gravier \u00e0 c\u00f4t\u00e9 des machines de chantier. En plus de cela, le chef pr\u00e9sentait presque chaque jour un nouveau concept d&#8217;hygi\u00e8ne (rires).<\/p>\n\n\n\n<p><br><strong>La commune s\u2019est-elle montr\u00e9e conciliante?<\/strong><br><strong>GM:<\/strong> nullement. Elle a \u00e9galement mal communiqu\u00e9, sans chercher \u00e0 dialoguer avec nous. Un exemple: un courriel nous a \u00e9t\u00e9 envoy\u00e9 le vendredi soir, alors que plus personne n\u2019\u00e9tait sur l&#8217;ordinateur, pour nous informer que plus personne ne pourrait acc\u00e9der \u00e0 la propri\u00e9t\u00e9 \u00e0 partir du lundi. L\u2019acc\u00e8s \u00e9tant ainsi bloqu\u00e9 pour tous les fournisseurs, c&#8217;\u00e9tait tr\u00e8s f\u00e2cheux. Le pire, c&#8217;est que nous n\u2019avons dispos\u00e9 d\u2019aucune place de parc pendant des mois.<\/p>\n\n\n\n<p><strong>JM:<\/strong> et \u00e7a juste apr\u00e8s le coronavirus.<\/p>\n\n\n\n<p><strong>GM:<\/strong> pendant neuf mois, la livraison n\u2019a pas \u00e9t\u00e9 possible dans la cave. Nous avons d\u00fb porter nous-m\u00eames chaque bo\u00eete et chaque carton \u00e0 la cave. C&#8217;\u00e9tait p\u00e9nible!<\/p>\n\n\n\n<p><strong>JM:<\/strong> nous avons pu remettre les tables sur la terrasse en juin, mais tout \u00e9tait encore en chantier alentour.<\/p>\n\n\n\n<p><strong>GM: <\/strong>il est arriv\u00e9 plus d\u2019une fois que toute la poussi\u00e8re occasionn\u00e9e par les travaux de fraisage des ouvriers se retrouve sur les tables.<br><\/p>\n\n\n\n<p><strong>Quand le cauchemar a-t-il pris fin?<\/strong><br><strong>GM:<\/strong> fin juin 2022. La fr\u00e9quentation n&#8217;a augment\u00e9 que lentement, les habitants et habitantes des villages du bas de la vall\u00e9e s\u2019\u00e9tant entre-temps organis\u00e9s diff\u00e9remment. Et \u00e0 ce jour, tous ne sont pas encore revenus, le samedi et le dimanche notamment.<\/p>\n\n\n\n<p><br><strong>Vous n&#8217;avez pas encore atteint les r\u00e9sultats d\u2019avant la pand\u00e9mie?<\/strong><br><strong>GM:<\/strong> le magasin affiche un chiffre d\u2019affaires de 95 % par rapport \u00e0\u00a02018. Le contournement de Wattwil depuis septembre est un autre facteur aggravant, mais nous en avions connaissance, et c\u2019\u00e9tait donc pr\u00e9visible. Cela a entra\u00een\u00e9 une nette baisse de fr\u00e9quentation du caf\u00e9. Avant, les automobilistes qui montaient en direction du Toggenburg \u00e9taient nombreux \u00e0 faire une halte ici. Ce n\u2019est plus le cas aujourd\u2019hui. En semaine, la diminution est de l\u2019ordre de 10 %. Les r\u00e9unions d&#8217;affaires et les rendez-vous clients sont en recul, les haltes spontan\u00e9es \u00e0 l\u2019arr\u00eat.<\/p>\n\n\n\n<p>Le chiffre d&#8217;affaires de la succursale d&#8217;Ebnat-Kappel a augment\u00e9 de 5&nbsp;% au premier trimestre&nbsp;2023. Cela compense \u00e0 peine l&#8217;augmentation des prix, le manque de neige ayant \u00e9galement un impact n\u00e9gatif\u2026<\/p>\n\n\n\n<p><strong>JM:<\/strong> c&#8217;est pour ces raisons que nous avons ouvert une filiale \u00e0 la gare, Josua&#8217;s bakery.<\/p>\n\n\n\n<p><strong>GM:<\/strong> avant, l\u2019agitation \u00e9tait grande au magasin, jusqu&#8217;\u00e0 huit heures du matin. Maintenant, les flux sont beaucoup mieux r\u00e9partis tout au long de la journ\u00e9e. Les files de voitures ayant disparu, les habitants et habitantes de Wattwil sont d\u00e9sormais plus enclins \u00e0 venir chez nous pour y faire leurs achats.<\/p>\n\n\n\n<p><br><strong>Pour couronner le tout, la crise \u00e9nerg\u00e9tique et l&#8217;inflation&#8230;<\/strong><br><strong>GM: <\/strong>nous b\u00e9n\u00e9ficions heureusement de l&#8217;approvisionnement de base en \u00e9nergie. Nous r\u00e9percutons int\u00e9gralement les augmentations de prix des fournisseurs sur les produits. Nos marges ne nous permettent pas de faire autrement.<\/p>\n\n\n\n<p><strong>JM:<\/strong> nous travaillons avec le logiciel de recette de HS-Soft et entrons imm\u00e9diatement toutes les augmentations de prix des mati\u00e8res premi\u00e8res. Le contr\u00f4le est ainsi garanti.<\/p>\n\n\n\n<p><strong>GM:<\/strong> nous avons r\u00e9guli\u00e8rement adapt\u00e9 les prix. Il n&#8217;y a eu aucune r\u00e9clamation. Notre client\u00e8le a semble-t-il accept\u00e9 cette mesure, mais la baisse du chiffre d&#8217;affaires pourrait \u00eatre due en partie \u00e0 ces augmentations de prix.<br><\/p>\n\n\n\n<p><strong>Vous \u00e9tiez cadre \u00e0 la Poste Suisse avant de reprendre la boulangerie Abderhalden avec votre famille. Par le pass\u00e9, vous avez d\u00e9clar\u00e9 dans une interview accord\u00e9e \u00e0 \u00abPanissimo\u00bb, avoir troqu\u00e9 un canap\u00e9 contre un tabouret de traite. Quel est votre si\u00e8ge actuel?<\/strong><br><strong>GM:<\/strong> pendant la crise, le tabouret est devenu une simple chaise \u00e0 clous (rires). Mais maintenant, la situation est \u00e0 nouveau g\u00e9rable.<\/p>\n\n\n\n<hr class=\"wp-block-separator has-alpha-channel-opacity\"\/>\n\n\n\n<p class=\"has-text-align-center has-medium-font-size\"><a href=\"https:\/\/www.cafe-abderhalden.ch\" target=\"_blank\" rel=\"noreferrer noopener\"><strong>cafe-abderhalden.ch<\/strong><\/a><\/p>\n\n\n\n<hr class=\"wp-block-separator has-alpha-channel-opacity\"\/>\n\n\n\n<p><br><strong>Quel avenir pour la boulangerie Abderhalden, des projets?<\/strong><br><strong>GM:<\/strong> en principe, je pense que notre branche a une chance, mais ce ne sera pas plus facile. Les trois ou quatre grands du commerce de d\u00e9tail ne nous feront pas de cadeau, ils nous copieront. Ce sera tr\u00e8s dur. Il faut avoir un produit, son propre domaine d&#8217;activit\u00e9 permettant de gagner de l\u2019argent, pour pouvoir se permettre de petits extras pas tr\u00e8s rentables.<\/p>\n\n\n\n<p>Nous devons encore grandir pour renforcer notre viabilit\u00e9. Et nous avons encore quelques id\u00e9es passionnantes.<\/p>\n\n\n\n<p class=\"has-text-align-right\"><em>Interview: Claudia Vernocchi<\/em><\/p>\n","protected":false},"excerpt":{"rendered":"<p>La pand\u00e9mie et un chantier extr\u00eamement contraignant devant le magasin principal avec caf\u00e9 et lieu de production ont mis dans une situation tr\u00e8s difficile la boulangerie Abderhalden de la famille Menzi \u00e0 Wattwil (SG). \u00abNous nous sommes retrouv\u00e9s \u00e0 120 km\/h dans un tunnel noir sans lumi\u00e8re\u00bb, explique Gregor Menzi dans une interview accord\u00e9e \u00e0 \u00abPanissimo\u00bb pour d\u00e9crire la situation v\u00e9cue, avant que sa famille et lui voient \u00e0 nouveau poindre la lumi\u00e8re \u00e0 l&#8217;horizon.<\/p>\n","protected":false},"author":5,"featured_media":64098,"comment_status":"closed","ping_status":"closed","sticky":true,"template":"","format":"standard","meta":{"_acf_changed":false,"footnotes":""},"categories":[42],"tags":[],"class_list":["post-64132","post","type-post","status-publish","format-standard","has-post-thumbnail","hentry","category-boulangeries-confiseries"],"acf":[],"yoast_head":"<!-- This site is optimized with the Yoast SEO Premium plugin v26.8 (Yoast SEO v26.8) - https:\/\/yoast.com\/product\/yoast-seo-premium-wordpress\/ -->\n<title>A 120 dans un tunnel noir | SBC<\/title>\n<meta name=\"description\" content=\"La pand\u00e9mie et un chantier devant le magasin ont mis dans une situation tr\u00e8s difficile la boulangerie Abderhalden de la famille Menzi \u00e0 Wattwil (SG).\" \/>\n<meta name=\"robots\" content=\"index, follow, max-snippet:-1, max-image-preview:large, max-video-preview:-1\" \/>\n<link rel=\"canonical\" href=\"https:\/\/swissbaker.ch\/fr\/panissimo-news\/a-120-dans-un-tunnel-noir\/\" \/>\n<meta property=\"og:locale\" content=\"fr_FR\" \/>\n<meta property=\"og:type\" content=\"article\" \/>\n<meta property=\"og:title\" content=\"A 120 dans un tunnel noir\" \/>\n<meta property=\"og:description\" content=\"La pand\u00e9mie et un chantier devant le magasin ont mis dans une situation tr\u00e8s difficile la boulangerie Abderhalden de la famille Menzi \u00e0 Wattwil (SG).\" \/>\n<meta property=\"og:url\" content=\"https:\/\/swissbaker.ch\/fr\/panissimo-news\/a-120-dans-un-tunnel-noir\/\" \/>\n<meta property=\"og:site_name\" content=\"SBC\" \/>\n<meta property=\"article:publisher\" content=\"https:\/\/www.facebook.com\/swissbaker.ch\" \/>\n<meta property=\"article:published_time\" content=\"2023-06-29T05:31:42+00:00\" \/>\n<meta property=\"article:modified_time\" content=\"2023-06-29T07:26:27+00:00\" \/>\n<meta property=\"og:image\" content=\"https:\/\/swissbaker.ch\/wp-content\/uploads\/2023\/06\/13_1_backerei_abderhalden_fam_menzi.jpg\" \/>\n\t<meta property=\"og:image:width\" content=\"1200\" \/>\n\t<meta property=\"og:image:height\" content=\"712\" \/>\n\t<meta property=\"og:image:type\" content=\"image\/jpeg\" \/>\n<meta name=\"author\" content=\"Simon Nussbaum\" \/>\n<meta name=\"twitter:card\" content=\"summary_large_image\" \/>\n<meta name=\"twitter:creator\" content=\"@ch_swissbaker\" \/>\n<meta name=\"twitter:site\" content=\"@ch_swissbaker\" \/>\n<meta name=\"twitter:label1\" content=\"Written by\" \/>\n\t<meta name=\"twitter:data1\" content=\"Simon Nussbaum\" \/>\n\t<meta name=\"twitter:label2\" content=\"Est. reading time\" \/>\n\t<meta name=\"twitter:data2\" content=\"12 minutes\" \/>\n<script type=\"application\/ld+json\" class=\"yoast-schema-graph\">{\"@context\":\"https:\/\/schema.org\",\"@graph\":[{\"@type\":\"Article\",\"@id\":\"https:\/\/swissbaker.ch\/fr\/panissimo-news\/a-120-dans-un-tunnel-noir\/#article\",\"isPartOf\":{\"@id\":\"https:\/\/swissbaker.ch\/fr\/panissimo-news\/a-120-dans-un-tunnel-noir\/\"},\"author\":{\"name\":\"Simon Nussbaum\",\"@id\":\"https:\/\/swissbaker.ch\/fr\/#\/schema\/person\/74bd327b08c18ca6042c02ff6f0ed5e2\"},\"headline\":\"A 120 dans un tunnel noir\",\"datePublished\":\"2023-06-29T05:31:42+00:00\",\"dateModified\":\"2023-06-29T07:26:27+00:00\",\"mainEntityOfPage\":{\"@id\":\"https:\/\/swissbaker.ch\/fr\/panissimo-news\/a-120-dans-un-tunnel-noir\/\"},\"wordCount\":2223,\"publisher\":{\"@id\":\"https:\/\/swissbaker.ch\/fr\/#organization\"},\"image\":{\"@id\":\"https:\/\/swissbaker.ch\/fr\/panissimo-news\/a-120-dans-un-tunnel-noir\/#primaryimage\"},\"thumbnailUrl\":\"https:\/\/swissbaker.ch\/wp-content\/uploads\/2023\/06\/13_1_backerei_abderhalden_fam_menzi.jpg\",\"articleSection\":[\"Boulangeries\/Confiseries\"],\"inLanguage\":\"fr-FR\"},{\"@type\":\"WebPage\",\"@id\":\"https:\/\/swissbaker.ch\/fr\/panissimo-news\/a-120-dans-un-tunnel-noir\/\",\"url\":\"https:\/\/swissbaker.ch\/fr\/panissimo-news\/a-120-dans-un-tunnel-noir\/\",\"name\":\"A 120 dans un tunnel noir | SBC\",\"isPartOf\":{\"@id\":\"https:\/\/swissbaker.ch\/fr\/#website\"},\"primaryImageOfPage\":{\"@id\":\"https:\/\/swissbaker.ch\/fr\/panissimo-news\/a-120-dans-un-tunnel-noir\/#primaryimage\"},\"image\":{\"@id\":\"https:\/\/swissbaker.ch\/fr\/panissimo-news\/a-120-dans-un-tunnel-noir\/#primaryimage\"},\"thumbnailUrl\":\"https:\/\/swissbaker.ch\/wp-content\/uploads\/2023\/06\/13_1_backerei_abderhalden_fam_menzi.jpg\",\"datePublished\":\"2023-06-29T05:31:42+00:00\",\"dateModified\":\"2023-06-29T07:26:27+00:00\",\"description\":\"La pand\u00e9mie et un chantier devant le magasin ont mis dans une situation tr\u00e8s difficile la boulangerie Abderhalden de la famille Menzi \u00e0 Wattwil (SG).\",\"breadcrumb\":{\"@id\":\"https:\/\/swissbaker.ch\/fr\/panissimo-news\/a-120-dans-un-tunnel-noir\/#breadcrumb\"},\"inLanguage\":\"fr-FR\",\"potentialAction\":[{\"@type\":\"ReadAction\",\"target\":[\"https:\/\/swissbaker.ch\/fr\/panissimo-news\/a-120-dans-un-tunnel-noir\/\"]}]},{\"@type\":\"ImageObject\",\"inLanguage\":\"fr-FR\",\"@id\":\"https:\/\/swissbaker.ch\/fr\/panissimo-news\/a-120-dans-un-tunnel-noir\/#primaryimage\",\"url\":\"https:\/\/swissbaker.ch\/wp-content\/uploads\/2023\/06\/13_1_backerei_abderhalden_fam_menzi.jpg\",\"contentUrl\":\"https:\/\/swissbaker.ch\/wp-content\/uploads\/2023\/06\/13_1_backerei_abderhalden_fam_menzi.jpg\",\"width\":1200,\"height\":712},{\"@type\":\"BreadcrumbList\",\"@id\":\"https:\/\/swissbaker.ch\/fr\/panissimo-news\/a-120-dans-un-tunnel-noir\/#breadcrumb\",\"itemListElement\":[{\"@type\":\"ListItem\",\"position\":1,\"name\":\"\",\"item\":\"https:\/\/swissbaker.ch\/fr\/\"},{\"@type\":\"ListItem\",\"position\":2,\"name\":\"Boulangeries\/Confiseries\",\"item\":\"https:\/\/swissbaker.ch\/fr\/panissimo-news\/category\/boulangeries-confiseries\/\"},{\"@type\":\"ListItem\",\"position\":3,\"name\":\"A 120 dans un tunnel noir\"}]},{\"@type\":\"WebSite\",\"@id\":\"https:\/\/swissbaker.ch\/fr\/#website\",\"url\":\"https:\/\/swissbaker.ch\/fr\/\",\"name\":\"SBC\",\"description\":\"\",\"publisher\":{\"@id\":\"https:\/\/swissbaker.ch\/fr\/#organization\"},\"potentialAction\":[{\"@type\":\"SearchAction\",\"target\":{\"@type\":\"EntryPoint\",\"urlTemplate\":\"https:\/\/swissbaker.ch\/fr\/?s={search_term_string}\"},\"query-input\":{\"@type\":\"PropertyValueSpecification\",\"valueRequired\":true,\"valueName\":\"search_term_string\"}}],\"inLanguage\":\"fr-FR\"},{\"@type\":\"Organization\",\"@id\":\"https:\/\/swissbaker.ch\/fr\/#organization\",\"name\":\"Schweizerischer B\u00e4cker-Confiseurmeister-Verband\",\"url\":\"https:\/\/swissbaker.ch\/fr\/\",\"logo\":{\"@type\":\"ImageObject\",\"inLanguage\":\"fr-FR\",\"@id\":\"https:\/\/swissbaker.ch\/fr\/#\/schema\/logo\/image\/\",\"url\":\"https:\/\/swissbaker.ch\/wp-content\/uploads\/2022\/04\/sbc-logo-yoast.jpg\",\"contentUrl\":\"https:\/\/swissbaker.ch\/wp-content\/uploads\/2022\/04\/sbc-logo-yoast.jpg\",\"width\":512,\"height\":512,\"caption\":\"Schweizerischer B\u00e4cker-Confiseurmeister-Verband\"},\"image\":{\"@id\":\"https:\/\/swissbaker.ch\/fr\/#\/schema\/logo\/image\/\"},\"sameAs\":[\"https:\/\/www.facebook.com\/swissbaker.ch\",\"https:\/\/x.com\/ch_swissbaker\"]},{\"@type\":\"Person\",\"@id\":\"https:\/\/swissbaker.ch\/fr\/#\/schema\/person\/74bd327b08c18ca6042c02ff6f0ed5e2\",\"name\":\"Simon Nussbaum\",\"image\":{\"@type\":\"ImageObject\",\"inLanguage\":\"fr-FR\",\"@id\":\"https:\/\/swissbaker.ch\/fr\/#\/schema\/person\/image\/\",\"url\":\"https:\/\/secure.gravatar.com\/avatar\/df0eced3bb556c806cb760cf503ade1ed1df25b4104d80d6fd28d93a9509aa12?s=96&d=mm&r=g\",\"contentUrl\":\"https:\/\/secure.gravatar.com\/avatar\/df0eced3bb556c806cb760cf503ade1ed1df25b4104d80d6fd28d93a9509aa12?s=96&d=mm&r=g\",\"caption\":\"Simon Nussbaum\"},\"url\":\"https:\/\/swissbaker.ch\/fr\/panissimo-news\/author\/simon-nussbaum\/\"}]}<\/script>\n<!-- \/ Yoast SEO Premium plugin. -->","yoast_head_json":{"title":"A 120 dans un tunnel noir | SBC","description":"La pand\u00e9mie et un chantier devant le magasin ont mis dans une situation tr\u00e8s difficile la boulangerie Abderhalden de la famille Menzi \u00e0 Wattwil (SG).","robots":{"index":"index","follow":"follow","max-snippet":"max-snippet:-1","max-image-preview":"max-image-preview:large","max-video-preview":"max-video-preview:-1"},"canonical":"https:\/\/swissbaker.ch\/fr\/panissimo-news\/a-120-dans-un-tunnel-noir\/","og_locale":"fr_FR","og_type":"article","og_title":"A 120 dans un tunnel noir","og_description":"La pand\u00e9mie et un chantier devant le magasin ont mis dans une situation tr\u00e8s difficile la boulangerie Abderhalden de la famille Menzi \u00e0 Wattwil (SG).","og_url":"https:\/\/swissbaker.ch\/fr\/panissimo-news\/a-120-dans-un-tunnel-noir\/","og_site_name":"SBC","article_publisher":"https:\/\/www.facebook.com\/swissbaker.ch","article_published_time":"2023-06-29T05:31:42+00:00","article_modified_time":"2023-06-29T07:26:27+00:00","og_image":[{"width":1200,"height":712,"url":"https:\/\/swissbaker.ch\/wp-content\/uploads\/2023\/06\/13_1_backerei_abderhalden_fam_menzi.jpg","type":"image\/jpeg"}],"author":"Simon Nussbaum","twitter_card":"summary_large_image","twitter_creator":"@ch_swissbaker","twitter_site":"@ch_swissbaker","twitter_misc":{"Written by":"Simon Nussbaum","Est. reading time":"12 minutes"},"schema":{"@context":"https:\/\/schema.org","@graph":[{"@type":"Article","@id":"https:\/\/swissbaker.ch\/fr\/panissimo-news\/a-120-dans-un-tunnel-noir\/#article","isPartOf":{"@id":"https:\/\/swissbaker.ch\/fr\/panissimo-news\/a-120-dans-un-tunnel-noir\/"},"author":{"name":"Simon Nussbaum","@id":"https:\/\/swissbaker.ch\/fr\/#\/schema\/person\/74bd327b08c18ca6042c02ff6f0ed5e2"},"headline":"A 120 dans un tunnel noir","datePublished":"2023-06-29T05:31:42+00:00","dateModified":"2023-06-29T07:26:27+00:00","mainEntityOfPage":{"@id":"https:\/\/swissbaker.ch\/fr\/panissimo-news\/a-120-dans-un-tunnel-noir\/"},"wordCount":2223,"publisher":{"@id":"https:\/\/swissbaker.ch\/fr\/#organization"},"image":{"@id":"https:\/\/swissbaker.ch\/fr\/panissimo-news\/a-120-dans-un-tunnel-noir\/#primaryimage"},"thumbnailUrl":"https:\/\/swissbaker.ch\/wp-content\/uploads\/2023\/06\/13_1_backerei_abderhalden_fam_menzi.jpg","articleSection":["Boulangeries\/Confiseries"],"inLanguage":"fr-FR"},{"@type":"WebPage","@id":"https:\/\/swissbaker.ch\/fr\/panissimo-news\/a-120-dans-un-tunnel-noir\/","url":"https:\/\/swissbaker.ch\/fr\/panissimo-news\/a-120-dans-un-tunnel-noir\/","name":"A 120 dans un tunnel noir | SBC","isPartOf":{"@id":"https:\/\/swissbaker.ch\/fr\/#website"},"primaryImageOfPage":{"@id":"https:\/\/swissbaker.ch\/fr\/panissimo-news\/a-120-dans-un-tunnel-noir\/#primaryimage"},"image":{"@id":"https:\/\/swissbaker.ch\/fr\/panissimo-news\/a-120-dans-un-tunnel-noir\/#primaryimage"},"thumbnailUrl":"https:\/\/swissbaker.ch\/wp-content\/uploads\/2023\/06\/13_1_backerei_abderhalden_fam_menzi.jpg","datePublished":"2023-06-29T05:31:42+00:00","dateModified":"2023-06-29T07:26:27+00:00","description":"La pand\u00e9mie et un chantier devant le magasin ont mis dans une situation tr\u00e8s difficile la boulangerie Abderhalden de la famille Menzi \u00e0 Wattwil (SG).","breadcrumb":{"@id":"https:\/\/swissbaker.ch\/fr\/panissimo-news\/a-120-dans-un-tunnel-noir\/#breadcrumb"},"inLanguage":"fr-FR","potentialAction":[{"@type":"ReadAction","target":["https:\/\/swissbaker.ch\/fr\/panissimo-news\/a-120-dans-un-tunnel-noir\/"]}]},{"@type":"ImageObject","inLanguage":"fr-FR","@id":"https:\/\/swissbaker.ch\/fr\/panissimo-news\/a-120-dans-un-tunnel-noir\/#primaryimage","url":"https:\/\/swissbaker.ch\/wp-content\/uploads\/2023\/06\/13_1_backerei_abderhalden_fam_menzi.jpg","contentUrl":"https:\/\/swissbaker.ch\/wp-content\/uploads\/2023\/06\/13_1_backerei_abderhalden_fam_menzi.jpg","width":1200,"height":712},{"@type":"BreadcrumbList","@id":"https:\/\/swissbaker.ch\/fr\/panissimo-news\/a-120-dans-un-tunnel-noir\/#breadcrumb","itemListElement":[{"@type":"ListItem","position":1,"name":"","item":"https:\/\/swissbaker.ch\/fr\/"},{"@type":"ListItem","position":2,"name":"Boulangeries\/Confiseries","item":"https:\/\/swissbaker.ch\/fr\/panissimo-news\/category\/boulangeries-confiseries\/"},{"@type":"ListItem","position":3,"name":"A 120 dans un tunnel noir"}]},{"@type":"WebSite","@id":"https:\/\/swissbaker.ch\/fr\/#website","url":"https:\/\/swissbaker.ch\/fr\/","name":"SBC","description":"","publisher":{"@id":"https:\/\/swissbaker.ch\/fr\/#organization"},"potentialAction":[{"@type":"SearchAction","target":{"@type":"EntryPoint","urlTemplate":"https:\/\/swissbaker.ch\/fr\/?s={search_term_string}"},"query-input":{"@type":"PropertyValueSpecification","valueRequired":true,"valueName":"search_term_string"}}],"inLanguage":"fr-FR"},{"@type":"Organization","@id":"https:\/\/swissbaker.ch\/fr\/#organization","name":"Schweizerischer B\u00e4cker-Confiseurmeister-Verband","url":"https:\/\/swissbaker.ch\/fr\/","logo":{"@type":"ImageObject","inLanguage":"fr-FR","@id":"https:\/\/swissbaker.ch\/fr\/#\/schema\/logo\/image\/","url":"https:\/\/swissbaker.ch\/wp-content\/uploads\/2022\/04\/sbc-logo-yoast.jpg","contentUrl":"https:\/\/swissbaker.ch\/wp-content\/uploads\/2022\/04\/sbc-logo-yoast.jpg","width":512,"height":512,"caption":"Schweizerischer B\u00e4cker-Confiseurmeister-Verband"},"image":{"@id":"https:\/\/swissbaker.ch\/fr\/#\/schema\/logo\/image\/"},"sameAs":["https:\/\/www.facebook.com\/swissbaker.ch","https:\/\/x.com\/ch_swissbaker"]},{"@type":"Person","@id":"https:\/\/swissbaker.ch\/fr\/#\/schema\/person\/74bd327b08c18ca6042c02ff6f0ed5e2","name":"Simon Nussbaum","image":{"@type":"ImageObject","inLanguage":"fr-FR","@id":"https:\/\/swissbaker.ch\/fr\/#\/schema\/person\/image\/","url":"https:\/\/secure.gravatar.com\/avatar\/df0eced3bb556c806cb760cf503ade1ed1df25b4104d80d6fd28d93a9509aa12?s=96&d=mm&r=g","contentUrl":"https:\/\/secure.gravatar.com\/avatar\/df0eced3bb556c806cb760cf503ade1ed1df25b4104d80d6fd28d93a9509aa12?s=96&d=mm&r=g","caption":"Simon Nussbaum"},"url":"https:\/\/swissbaker.ch\/fr\/panissimo-news\/author\/simon-nussbaum\/"}]}},"_links":{"self":[{"href":"https:\/\/swissbaker.ch\/fr\/wp-json\/wp\/v2\/posts\/64132","targetHints":{"allow":["GET"]}}],"collection":[{"href":"https:\/\/swissbaker.ch\/fr\/wp-json\/wp\/v2\/posts"}],"about":[{"href":"https:\/\/swissbaker.ch\/fr\/wp-json\/wp\/v2\/types\/post"}],"author":[{"embeddable":true,"href":"https:\/\/swissbaker.ch\/fr\/wp-json\/wp\/v2\/users\/5"}],"replies":[{"embeddable":true,"href":"https:\/\/swissbaker.ch\/fr\/wp-json\/wp\/v2\/comments?post=64132"}],"version-history":[{"count":0,"href":"https:\/\/swissbaker.ch\/fr\/wp-json\/wp\/v2\/posts\/64132\/revisions"}],"wp:featuredmedia":[{"embeddable":true,"href":"https:\/\/swissbaker.ch\/fr\/wp-json\/wp\/v2\/media\/64098"}],"wp:attachment":[{"href":"https:\/\/swissbaker.ch\/fr\/wp-json\/wp\/v2\/media?parent=64132"}],"wp:term":[{"taxonomy":"category","embeddable":true,"href":"https:\/\/swissbaker.ch\/fr\/wp-json\/wp\/v2\/categories?post=64132"},{"taxonomy":"post_tag","embeddable":true,"href":"https:\/\/swissbaker.ch\/fr\/wp-json\/wp\/v2\/tags?post=64132"}],"curies":[{"name":"wp","href":"https:\/\/api.w.org\/{rel}","templated":true}]}}