{"id":64123,"date":"2023-06-29T13:01:15","date_gmt":"2023-06-29T11:01:15","guid":{"rendered":"https:\/\/swissbaker.ch\/?p=64123"},"modified":"2023-06-29T13:01:48","modified_gmt":"2023-06-29T11:01:48","slug":"envoi-de-videos-selfmade","status":"publish","type":"post","link":"https:\/\/swissbaker.ch\/fr\/panissimo-news\/envoi-de-videos-selfmade\/","title":{"rendered":"ENVOI DE VID\u00c9OS SELFMADE !"},"content":{"rendered":"\n<p><strong>Apr\u00e8s le succ\u00e8s de la 1re \u00e9dition de la campagne de rel\u00e8ve de la BCS en 2021, la 2e vague de 2022, compl\u00e9t\u00e9e par du mat\u00e9riel de foire et de PLV, a obtenu des r\u00e9sultats encore meilleurs. La 3e vague d\u00e9butera le 15 septembre. Elle s\u2019appuiera sur le succ\u00e8s de la campagne. Les apprentis y contribuent<br>avec des vid\u00e9os qu\u2019ils ont eux-m\u00eames mises en sc\u00e8ne.<\/strong><\/p>\n\n\n\n<p>La BCS va \u00e0 nouveau poster de courtes vid\u00e9os (de 1 \u00e0 3 minutes max.) r\u00e9alis\u00e9es par des apprentis dans leurs entreprises formatrices, pour donner un aper\u00e7u de leur vie quotidienne et de ce qui leur pla\u00eet particuli\u00e8rement.<\/p>\n\n\n\n<div class=\"wp-block-columns\">\n<div class=\"wp-block-column\" style=\"flex-basis:66.66%\">\n<h2 class=\"wp-block-heading\" id=\"h-contenu-des-videos\">CONTENU DES VID\u00c9OS<\/h2>\n\n\n\n<p>Br\u00e8ve pr\u00e9sentation : pr\u00e9nom (et nom de famille), m\u00e9tier\/orientation, entreprise formatrice et r\u00e9ponse \u00e0 une ou deux questions :<br>&#8211; Pourquoi as-tu choisi cette formation ?<br>&#8211; Qu\u2019est-ce qui te pla\u00eet le plus dans ton m\u00e9tier ?<br>&#8211; Qu\u2019est-ce que tu aimes faire le plus ?<br>&#8211; Ou tout ce que tu pourrais vouloir dire sur ton m\u00e9tier !<br><\/p>\n\n\n\n<p><strong>G\u00c9N\u00c9RATION Z<\/strong><br>L\u2019objectif est d\u2019attirer la \u00ab g\u00e9n\u00e9ration Z \u00bb vers les m\u00e9tiers de la boulangerie-confiserie avec une campagne en ligne sp\u00e9cifique au groupe cible. Le message est le suivant : \u00ab Plus qu\u2019un emploi \u2013 un \u00e9panouissement ! Nos m\u00e9tiers apportent de la joie, sont sources de fiert\u00e9, requi\u00e8rent du savoir-faire et offrent de r\u00e9elles perspectives. \u00bb<br><\/p>\n\n\n\n<p><strong>TROISI\u00c8ME VAGUE DE LA CAMPAGNE<\/strong><br>Du 15 septembre au 13 octobre, l\u2019objectif est de partager et poster un max sur les m\u00e9dias sociaux des boulangers-confiseurs suisses \u2013 Instagram, Facebook et TikTok. Des informations d\u00e9taill\u00e9es sur le sujet suivront dans l\u2019\u00e9dition de \u00ab Panissimo \u00bb d\u00e9di\u00e9e au lancement de la campagne. <\/p>\n\n\n\n<p><strong>PARTICIPEZ ET ENVOYEZ VOS VID\u00c9OS D\u00c8S \u00c0 PR\u00c9SENT<\/strong><br>Par e-mail ou www.wetransfer.com \u00e0 sarah.rosch@swissbaker.ch<br>ou par Whatsapp au 079 419 21 81.<\/p>\n\n\n\n<p><br><strong>De superbes exemples sont disponibles <a href=\"https:\/\/www.youtube.com\/watch?v=VzMHWjjCAiQ\">ici.<\/a><\/strong><\/p>\n<\/div>\n\n\n\n<div class=\"wp-block-column\" style=\"flex-basis:33.33%\">\n<figure class=\"wp-block-image size-large\"><img decoding=\"async\" width=\"644\" height=\"1024\" src=\"https:\/\/swissbaker.ch\/wp-content\/uploads\/2023\/06\/nachwuchs_hoch-1-644x1024.jpg\" alt=\"\" class=\"wp-image-64124\" srcset=\"https:\/\/swissbaker.ch\/wp-content\/uploads\/2023\/06\/nachwuchs_hoch-1-644x1024.jpg 644w, https:\/\/swissbaker.ch\/wp-content\/uploads\/2023\/06\/nachwuchs_hoch-1-768x1220.jpg 768w, https:\/\/swissbaker.ch\/wp-content\/uploads\/2023\/06\/nachwuchs_hoch-1-967x1536.jpg 967w, https:\/\/swissbaker.ch\/wp-content\/uploads\/2023\/06\/nachwuchs_hoch-1-scaled.jpg 1289w\" sizes=\"(max-width: 644px) 100vw, 644px\" \/><\/figure>\n<\/div>\n<\/div>\n","protected":false},"excerpt":{"rendered":"<p>La 3e vague d\u00e9butera le 15 septembre. Elle s\u2019appuiera sur le succ\u00e8s de la campagne. Les apprentis y contribuent<br \/>\navec des vid\u00e9os qu\u2019ils ont eux-m\u00eames mises en sc\u00e8ne.<\/p>\n","protected":false},"author":14,"featured_media":64113,"comment_status":"closed","ping_status":"closed","sticky":false,"template":"","format":"standard","meta":{"_acf_changed":false,"footnotes":""},"categories":[47],"tags":[],"class_list":["post-64123","post","type-post","status-publish","format-standard","has-post-thumbnail","hentry","category-formation-releve"],"acf":[],"yoast_head":"<!-- This site is optimized with the Yoast SEO Premium plugin v26.8 (Yoast SEO v26.8) - https:\/\/yoast.com\/product\/yoast-seo-premium-wordpress\/ -->\n<title>ENVOI DE VID\u00c9OS SELFMADE ! | SBC<\/title>\n<meta name=\"robots\" content=\"index, follow, max-snippet:-1, max-image-preview:large, max-video-preview:-1\" \/>\n<link rel=\"canonical\" href=\"https:\/\/swissbaker.ch\/fr\/panissimo-news\/envoi-de-videos-selfmade\/\" \/>\n<meta property=\"og:locale\" content=\"fr_FR\" \/>\n<meta property=\"og:type\" content=\"article\" \/>\n<meta property=\"og:title\" content=\"ENVOI DE VID\u00c9OS SELFMADE !\" \/>\n<meta property=\"og:description\" content=\"La 3e vague d\u00e9butera le 15 septembre. Elle s\u2019appuiera sur le succ\u00e8s de la campagne. Les apprentis y contribuent avec des vid\u00e9os qu\u2019ils ont eux-m\u00eames mises en sc\u00e8ne.\" \/>\n<meta property=\"og:url\" content=\"https:\/\/swissbaker.ch\/fr\/panissimo-news\/envoi-de-videos-selfmade\/\" \/>\n<meta property=\"og:site_name\" content=\"SBC\" \/>\n<meta property=\"article:publisher\" content=\"https:\/\/www.facebook.com\/swissbaker.ch\" \/>\n<meta property=\"article:published_time\" content=\"2023-06-29T11:01:15+00:00\" \/>\n<meta property=\"article:modified_time\" content=\"2023-06-29T11:01:48+00:00\" \/>\n<meta property=\"og:image\" content=\"https:\/\/swissbaker.ch\/wp-content\/uploads\/2023\/06\/nachwuchs-scaled.jpg\" \/>\n\t<meta property=\"og:image:width\" content=\"2048\" \/>\n\t<meta property=\"og:image:height\" content=\"1215\" \/>\n\t<meta property=\"og:image:type\" content=\"image\/jpeg\" \/>\n<meta name=\"author\" content=\"Franzisca Ellenberger\" \/>\n<meta name=\"twitter:card\" content=\"summary_large_image\" \/>\n<meta name=\"twitter:creator\" content=\"@ch_swissbaker\" \/>\n<meta name=\"twitter:site\" content=\"@ch_swissbaker\" \/>\n<meta name=\"twitter:label1\" content=\"Written by\" \/>\n\t<meta name=\"twitter:data1\" content=\"Franzisca Ellenberger\" \/>\n\t<meta name=\"twitter:label2\" content=\"Est. reading time\" \/>\n\t<meta name=\"twitter:data2\" content=\"2 minutes\" \/>\n<script type=\"application\/ld+json\" class=\"yoast-schema-graph\">{\"@context\":\"https:\/\/schema.org\",\"@graph\":[{\"@type\":\"Article\",\"@id\":\"https:\/\/swissbaker.ch\/fr\/panissimo-news\/envoi-de-videos-selfmade\/#article\",\"isPartOf\":{\"@id\":\"https:\/\/swissbaker.ch\/fr\/panissimo-news\/envoi-de-videos-selfmade\/\"},\"author\":{\"name\":\"Franzisca Ellenberger\",\"@id\":\"https:\/\/swissbaker.ch\/fr\/#\/schema\/person\/882cf7a0c343605a02113006afd3cf48\"},\"headline\":\"ENVOI DE VID\u00c9OS SELFMADE !\",\"datePublished\":\"2023-06-29T11:01:15+00:00\",\"dateModified\":\"2023-06-29T11:01:48+00:00\",\"mainEntityOfPage\":{\"@id\":\"https:\/\/swissbaker.ch\/fr\/panissimo-news\/envoi-de-videos-selfmade\/\"},\"wordCount\":332,\"publisher\":{\"@id\":\"https:\/\/swissbaker.ch\/fr\/#organization\"},\"image\":{\"@id\":\"https:\/\/swissbaker.ch\/fr\/panissimo-news\/envoi-de-videos-selfmade\/#primaryimage\"},\"thumbnailUrl\":\"https:\/\/swissbaker.ch\/wp-content\/uploads\/2023\/06\/nachwuchs-scaled.jpg\",\"articleSection\":[\"Formation\/Rel\u00e8ve\"],\"inLanguage\":\"fr-FR\"},{\"@type\":\"WebPage\",\"@id\":\"https:\/\/swissbaker.ch\/fr\/panissimo-news\/envoi-de-videos-selfmade\/\",\"url\":\"https:\/\/swissbaker.ch\/fr\/panissimo-news\/envoi-de-videos-selfmade\/\",\"name\":\"ENVOI DE VID\u00c9OS SELFMADE ! | SBC\",\"isPartOf\":{\"@id\":\"https:\/\/swissbaker.ch\/fr\/#website\"},\"primaryImageOfPage\":{\"@id\":\"https:\/\/swissbaker.ch\/fr\/panissimo-news\/envoi-de-videos-selfmade\/#primaryimage\"},\"image\":{\"@id\":\"https:\/\/swissbaker.ch\/fr\/panissimo-news\/envoi-de-videos-selfmade\/#primaryimage\"},\"thumbnailUrl\":\"https:\/\/swissbaker.ch\/wp-content\/uploads\/2023\/06\/nachwuchs-scaled.jpg\",\"datePublished\":\"2023-06-29T11:01:15+00:00\",\"dateModified\":\"2023-06-29T11:01:48+00:00\",\"breadcrumb\":{\"@id\":\"https:\/\/swissbaker.ch\/fr\/panissimo-news\/envoi-de-videos-selfmade\/#breadcrumb\"},\"inLanguage\":\"fr-FR\",\"potentialAction\":[{\"@type\":\"ReadAction\",\"target\":[\"https:\/\/swissbaker.ch\/fr\/panissimo-news\/envoi-de-videos-selfmade\/\"]}]},{\"@type\":\"ImageObject\",\"inLanguage\":\"fr-FR\",\"@id\":\"https:\/\/swissbaker.ch\/fr\/panissimo-news\/envoi-de-videos-selfmade\/#primaryimage\",\"url\":\"https:\/\/swissbaker.ch\/wp-content\/uploads\/2023\/06\/nachwuchs-scaled.jpg\",\"contentUrl\":\"https:\/\/swissbaker.ch\/wp-content\/uploads\/2023\/06\/nachwuchs-scaled.jpg\",\"width\":2048,\"height\":1215},{\"@type\":\"BreadcrumbList\",\"@id\":\"https:\/\/swissbaker.ch\/fr\/panissimo-news\/envoi-de-videos-selfmade\/#breadcrumb\",\"itemListElement\":[{\"@type\":\"ListItem\",\"position\":1,\"name\":\"\",\"item\":\"https:\/\/swissbaker.ch\/fr\/\"},{\"@type\":\"ListItem\",\"position\":2,\"name\":\"Formation\/Rel\u00e8ve\",\"item\":\"https:\/\/swissbaker.ch\/fr\/panissimo-news\/category\/formation-releve\/\"},{\"@type\":\"ListItem\",\"position\":3,\"name\":\"ENVOI DE VID\u00c9OS SELFMADE !\"}]},{\"@type\":\"WebSite\",\"@id\":\"https:\/\/swissbaker.ch\/fr\/#website\",\"url\":\"https:\/\/swissbaker.ch\/fr\/\",\"name\":\"SBC\",\"description\":\"\",\"publisher\":{\"@id\":\"https:\/\/swissbaker.ch\/fr\/#organization\"},\"potentialAction\":[{\"@type\":\"SearchAction\",\"target\":{\"@type\":\"EntryPoint\",\"urlTemplate\":\"https:\/\/swissbaker.ch\/fr\/?s={search_term_string}\"},\"query-input\":{\"@type\":\"PropertyValueSpecification\",\"valueRequired\":true,\"valueName\":\"search_term_string\"}}],\"inLanguage\":\"fr-FR\"},{\"@type\":\"Organization\",\"@id\":\"https:\/\/swissbaker.ch\/fr\/#organization\",\"name\":\"Schweizerischer B\u00e4cker-Confiseurmeister-Verband\",\"url\":\"https:\/\/swissbaker.ch\/fr\/\",\"logo\":{\"@type\":\"ImageObject\",\"inLanguage\":\"fr-FR\",\"@id\":\"https:\/\/swissbaker.ch\/fr\/#\/schema\/logo\/image\/\",\"url\":\"https:\/\/swissbaker.ch\/wp-content\/uploads\/2022\/04\/sbc-logo-yoast.jpg\",\"contentUrl\":\"https:\/\/swissbaker.ch\/wp-content\/uploads\/2022\/04\/sbc-logo-yoast.jpg\",\"width\":512,\"height\":512,\"caption\":\"Schweizerischer B\u00e4cker-Confiseurmeister-Verband\"},\"image\":{\"@id\":\"https:\/\/swissbaker.ch\/fr\/#\/schema\/logo\/image\/\"},\"sameAs\":[\"https:\/\/www.facebook.com\/swissbaker.ch\",\"https:\/\/x.com\/ch_swissbaker\"]},{\"@type\":\"Person\",\"@id\":\"https:\/\/swissbaker.ch\/fr\/#\/schema\/person\/882cf7a0c343605a02113006afd3cf48\",\"name\":\"Franzisca Ellenberger\",\"image\":{\"@type\":\"ImageObject\",\"inLanguage\":\"fr-FR\",\"@id\":\"https:\/\/swissbaker.ch\/fr\/#\/schema\/person\/image\/\",\"url\":\"https:\/\/secure.gravatar.com\/avatar\/cfbbf5e1c965abf6a3e577fb088280ca678978f8d63bfc6ea7a2f0dca671ee5f?s=96&d=mm&r=g\",\"contentUrl\":\"https:\/\/secure.gravatar.com\/avatar\/cfbbf5e1c965abf6a3e577fb088280ca678978f8d63bfc6ea7a2f0dca671ee5f?s=96&d=mm&r=g\",\"caption\":\"Franzisca Ellenberger\"},\"url\":\"https:\/\/swissbaker.ch\/fr\/panissimo-news\/author\/franzisca-ellenberger\/\"}]}<\/script>\n<!-- \/ Yoast SEO Premium plugin. -->","yoast_head_json":{"title":"ENVOI DE VID\u00c9OS SELFMADE ! | SBC","robots":{"index":"index","follow":"follow","max-snippet":"max-snippet:-1","max-image-preview":"max-image-preview:large","max-video-preview":"max-video-preview:-1"},"canonical":"https:\/\/swissbaker.ch\/fr\/panissimo-news\/envoi-de-videos-selfmade\/","og_locale":"fr_FR","og_type":"article","og_title":"ENVOI DE VID\u00c9OS SELFMADE !","og_description":"La 3e vague d\u00e9butera le 15 septembre. Elle s\u2019appuiera sur le succ\u00e8s de la campagne. Les apprentis y contribuent avec des vid\u00e9os qu\u2019ils ont eux-m\u00eames mises en sc\u00e8ne.","og_url":"https:\/\/swissbaker.ch\/fr\/panissimo-news\/envoi-de-videos-selfmade\/","og_site_name":"SBC","article_publisher":"https:\/\/www.facebook.com\/swissbaker.ch","article_published_time":"2023-06-29T11:01:15+00:00","article_modified_time":"2023-06-29T11:01:48+00:00","og_image":[{"width":2048,"height":1215,"url":"https:\/\/swissbaker.ch\/wp-content\/uploads\/2023\/06\/nachwuchs-scaled.jpg","type":"image\/jpeg"}],"author":"Franzisca Ellenberger","twitter_card":"summary_large_image","twitter_creator":"@ch_swissbaker","twitter_site":"@ch_swissbaker","twitter_misc":{"Written by":"Franzisca Ellenberger","Est. reading time":"2 minutes"},"schema":{"@context":"https:\/\/schema.org","@graph":[{"@type":"Article","@id":"https:\/\/swissbaker.ch\/fr\/panissimo-news\/envoi-de-videos-selfmade\/#article","isPartOf":{"@id":"https:\/\/swissbaker.ch\/fr\/panissimo-news\/envoi-de-videos-selfmade\/"},"author":{"name":"Franzisca Ellenberger","@id":"https:\/\/swissbaker.ch\/fr\/#\/schema\/person\/882cf7a0c343605a02113006afd3cf48"},"headline":"ENVOI DE VID\u00c9OS SELFMADE !","datePublished":"2023-06-29T11:01:15+00:00","dateModified":"2023-06-29T11:01:48+00:00","mainEntityOfPage":{"@id":"https:\/\/swissbaker.ch\/fr\/panissimo-news\/envoi-de-videos-selfmade\/"},"wordCount":332,"publisher":{"@id":"https:\/\/swissbaker.ch\/fr\/#organization"},"image":{"@id":"https:\/\/swissbaker.ch\/fr\/panissimo-news\/envoi-de-videos-selfmade\/#primaryimage"},"thumbnailUrl":"https:\/\/swissbaker.ch\/wp-content\/uploads\/2023\/06\/nachwuchs-scaled.jpg","articleSection":["Formation\/Rel\u00e8ve"],"inLanguage":"fr-FR"},{"@type":"WebPage","@id":"https:\/\/swissbaker.ch\/fr\/panissimo-news\/envoi-de-videos-selfmade\/","url":"https:\/\/swissbaker.ch\/fr\/panissimo-news\/envoi-de-videos-selfmade\/","name":"ENVOI DE VID\u00c9OS SELFMADE ! | SBC","isPartOf":{"@id":"https:\/\/swissbaker.ch\/fr\/#website"},"primaryImageOfPage":{"@id":"https:\/\/swissbaker.ch\/fr\/panissimo-news\/envoi-de-videos-selfmade\/#primaryimage"},"image":{"@id":"https:\/\/swissbaker.ch\/fr\/panissimo-news\/envoi-de-videos-selfmade\/#primaryimage"},"thumbnailUrl":"https:\/\/swissbaker.ch\/wp-content\/uploads\/2023\/06\/nachwuchs-scaled.jpg","datePublished":"2023-06-29T11:01:15+00:00","dateModified":"2023-06-29T11:01:48+00:00","breadcrumb":{"@id":"https:\/\/swissbaker.ch\/fr\/panissimo-news\/envoi-de-videos-selfmade\/#breadcrumb"},"inLanguage":"fr-FR","potentialAction":[{"@type":"ReadAction","target":["https:\/\/swissbaker.ch\/fr\/panissimo-news\/envoi-de-videos-selfmade\/"]}]},{"@type":"ImageObject","inLanguage":"fr-FR","@id":"https:\/\/swissbaker.ch\/fr\/panissimo-news\/envoi-de-videos-selfmade\/#primaryimage","url":"https:\/\/swissbaker.ch\/wp-content\/uploads\/2023\/06\/nachwuchs-scaled.jpg","contentUrl":"https:\/\/swissbaker.ch\/wp-content\/uploads\/2023\/06\/nachwuchs-scaled.jpg","width":2048,"height":1215},{"@type":"BreadcrumbList","@id":"https:\/\/swissbaker.ch\/fr\/panissimo-news\/envoi-de-videos-selfmade\/#breadcrumb","itemListElement":[{"@type":"ListItem","position":1,"name":"","item":"https:\/\/swissbaker.ch\/fr\/"},{"@type":"ListItem","position":2,"name":"Formation\/Rel\u00e8ve","item":"https:\/\/swissbaker.ch\/fr\/panissimo-news\/category\/formation-releve\/"},{"@type":"ListItem","position":3,"name":"ENVOI DE VID\u00c9OS SELFMADE !"}]},{"@type":"WebSite","@id":"https:\/\/swissbaker.ch\/fr\/#website","url":"https:\/\/swissbaker.ch\/fr\/","name":"SBC","description":"","publisher":{"@id":"https:\/\/swissbaker.ch\/fr\/#organization"},"potentialAction":[{"@type":"SearchAction","target":{"@type":"EntryPoint","urlTemplate":"https:\/\/swissbaker.ch\/fr\/?s={search_term_string}"},"query-input":{"@type":"PropertyValueSpecification","valueRequired":true,"valueName":"search_term_string"}}],"inLanguage":"fr-FR"},{"@type":"Organization","@id":"https:\/\/swissbaker.ch\/fr\/#organization","name":"Schweizerischer B\u00e4cker-Confiseurmeister-Verband","url":"https:\/\/swissbaker.ch\/fr\/","logo":{"@type":"ImageObject","inLanguage":"fr-FR","@id":"https:\/\/swissbaker.ch\/fr\/#\/schema\/logo\/image\/","url":"https:\/\/swissbaker.ch\/wp-content\/uploads\/2022\/04\/sbc-logo-yoast.jpg","contentUrl":"https:\/\/swissbaker.ch\/wp-content\/uploads\/2022\/04\/sbc-logo-yoast.jpg","width":512,"height":512,"caption":"Schweizerischer B\u00e4cker-Confiseurmeister-Verband"},"image":{"@id":"https:\/\/swissbaker.ch\/fr\/#\/schema\/logo\/image\/"},"sameAs":["https:\/\/www.facebook.com\/swissbaker.ch","https:\/\/x.com\/ch_swissbaker"]},{"@type":"Person","@id":"https:\/\/swissbaker.ch\/fr\/#\/schema\/person\/882cf7a0c343605a02113006afd3cf48","name":"Franzisca Ellenberger","image":{"@type":"ImageObject","inLanguage":"fr-FR","@id":"https:\/\/swissbaker.ch\/fr\/#\/schema\/person\/image\/","url":"https:\/\/secure.gravatar.com\/avatar\/cfbbf5e1c965abf6a3e577fb088280ca678978f8d63bfc6ea7a2f0dca671ee5f?s=96&d=mm&r=g","contentUrl":"https:\/\/secure.gravatar.com\/avatar\/cfbbf5e1c965abf6a3e577fb088280ca678978f8d63bfc6ea7a2f0dca671ee5f?s=96&d=mm&r=g","caption":"Franzisca Ellenberger"},"url":"https:\/\/swissbaker.ch\/fr\/panissimo-news\/author\/franzisca-ellenberger\/"}]}},"_links":{"self":[{"href":"https:\/\/swissbaker.ch\/fr\/wp-json\/wp\/v2\/posts\/64123","targetHints":{"allow":["GET"]}}],"collection":[{"href":"https:\/\/swissbaker.ch\/fr\/wp-json\/wp\/v2\/posts"}],"about":[{"href":"https:\/\/swissbaker.ch\/fr\/wp-json\/wp\/v2\/types\/post"}],"author":[{"embeddable":true,"href":"https:\/\/swissbaker.ch\/fr\/wp-json\/wp\/v2\/users\/14"}],"replies":[{"embeddable":true,"href":"https:\/\/swissbaker.ch\/fr\/wp-json\/wp\/v2\/comments?post=64123"}],"version-history":[{"count":0,"href":"https:\/\/swissbaker.ch\/fr\/wp-json\/wp\/v2\/posts\/64123\/revisions"}],"wp:featuredmedia":[{"embeddable":true,"href":"https:\/\/swissbaker.ch\/fr\/wp-json\/wp\/v2\/media\/64113"}],"wp:attachment":[{"href":"https:\/\/swissbaker.ch\/fr\/wp-json\/wp\/v2\/media?parent=64123"}],"wp:term":[{"taxonomy":"category","embeddable":true,"href":"https:\/\/swissbaker.ch\/fr\/wp-json\/wp\/v2\/categories?post=64123"},{"taxonomy":"post_tag","embeddable":true,"href":"https:\/\/swissbaker.ch\/fr\/wp-json\/wp\/v2\/tags?post=64123"}],"curies":[{"name":"wp","href":"https:\/\/api.w.org\/{rel}","templated":true}]}}