{"id":64069,"date":"2023-06-28T14:23:29","date_gmt":"2023-06-28T12:23:29","guid":{"rendered":"https:\/\/swissbaker.ch\/?p=64069"},"modified":"2023-06-28T14:25:33","modified_gmt":"2023-06-28T12:25:33","slug":"la-releve-nest-pas-quun-reve","status":"publish","type":"post","link":"https:\/\/swissbaker.ch\/fr\/panissimo-news\/la-releve-nest-pas-quun-reve\/","title":{"rendered":"La rel\u00e8ve n\u2019est pas qu\u2019un r\u00eave\u2009!"},"content":{"rendered":"\n<p><strong>Elle est l\u00e0 et son encadrement d\u00e9montre les valeurs de la formation, celle duale et celle en \u00e9cole. Dans ce projet pilote valaisan, et ceci n\u2019est pas un vain mot, il y a des choses tr\u00e8s positives \u00e0 mettre sur la port\u00e9e du temps, celui pass\u00e9 et celui pr\u00e9sent. <\/strong><\/p>\n\n\n\n<p>Voir dans les yeux des \u00e9l\u00e8ves la joie et le bonheur de pr\u00e9senter leur travail, voir que le chemin qui est trac\u00e9 est une voie de succ\u00e8s. Ceci ne veut pas dire que la formation duale est moins bonne, non car il serait irr\u00e9v\u00e9rencieux de le dire et de l\u2019\u00e9crire sachant la qualit\u00e9 des artisans formateurs. <\/p>\n\n\n\n<p>Mais il est \u00e0 constater que la formation \u00e9cole et stage permet \u00e0 ces jeunes de m\u00fbrir et de r\u00e9ellement prendre conscience du chemin \u00e0 parcourir pour la r\u00e9ussite de ce m\u00e9tier et donne le temps de faire la transition salutaire entre le monde scolaire et celui du travail.<\/p>\n\n\n\n<p>Les univers sociaux et soci\u00e9taux sont essentiels pour l\u2019\u00e9quilibre de la jeunesse d\u2019aujourd\u2019hui. Il faut en prendre conscience et non pas se bander les yeux pour ne pas voir ce qu\u2019il y a \u00e0 voir et non seulement regarder. Le monde \u00e9volue et nous nous devons aussi d\u2019\u00e9voluer, se mettre pas \u00e0 l\u2019air du temps mais dans le temps celui qui est fait des valeurs d\u2019hier et dans l\u2019esprit d\u2019aujourd\u2019hui. Tous les jours, nous sommes confront\u00e9s \u00e0 de nouveaux d\u00e9fis et aux changements. Les nier est la meilleure fa\u00e7on de tomber\u2026 <\/p>\n\n\n\n<p>Alors, oui ces jeunes de premi\u00e8re ann\u00e9e ont d\u00e9montr\u00e9 qu\u2019ils sont sur les routes du succ\u00e8s et ceci gr\u00e2ce \u00e0 leurs engagements et \u00e0 l\u2019encadrement de haute qualit\u00e9 des enseignants de l\u2019Ecole professionnelle commerciale et artisanale de Sion et les patrons artisans ou ma\u00eetres de stages. Les produits pr\u00e9sent\u00e9s ce jour, sur la base du programme de premi\u00e8re ann\u00e9e et les examens y relatifs, d\u00e9montrent la qualit\u00e9 de ces jeunes et la ma\u00eetrise d\u00e9j\u00e0 forte dans divers domaines, y compris l\u2019imagination des pr\u00e9sentations et les finesses d\u2019ex\u00e9cution. <\/p>\n\n\n\n<p>L\u2019importance accord\u00e9e \u00e0 la fiche technique comportant les recettes utilis\u00e9es, les photos, etc., mais aussi l\u2019importance de la mise en place et la pr\u00e9sentation sont des valeurs ajout\u00e9es pour les produits expos\u00e9s. Il faut aussi faire ressortir que cet examen d\u00e9montre aussi les qualit\u00e9s des mises en place et de la r\u00e9alisation proprement dite sur 3 heures d\u2019examens.<\/p>\n\n\n\n<p>Alors merci \u00e0 ces jeunes au nombre de 17 dont 3 sont en formations duales et 14 en formation \u00e9cole plus stages pour cette premi\u00e8re ann\u00e9e. Bravo pour la ma\u00eetrise d\u00e9montr\u00e9e et bons vents pour la suite, cette suite en entreprise. Mais n\u2019oublions pas le projet pilote valaisan de la premi\u00e8re ann\u00e9e en \u00e9cole qui est un coup de ma\u00eetre, parents et jeunes le disent, ainsi que les garants de tout cela que sont les enseignants et les porteurs de ce projet de l\u2019Association valaisanne des artisans boulangers-p\u00e2tissiers-<br>confiseurs aussi.<\/p>\n\n\n\n<p class=\"has-text-align-right\"><em>Bernard Pignat, Vouvry (VS)<\/em><\/p>\n","protected":false},"excerpt":{"rendered":"<p>Elle est l\u00e0 et son encadrement d\u00e9montre les valeurs de la formation, celle duale et celle en \u00e9cole. Dans ce projet pilote valaisan, et ceci n\u2019est pas un vain mot, il y a des choses tr\u00e8s positives \u00e0 mettre sur la port\u00e9e du temps, celui pass\u00e9 et celui pr\u00e9sent. <\/p>\n","protected":false},"author":5,"featured_media":7332,"comment_status":"closed","ping_status":"closed","sticky":false,"template":"","format":"standard","meta":{"_acf_changed":false,"footnotes":""},"categories":[39,40],"tags":[],"class_list":["post-64069","post","type-post","status-publish","format-standard","has-post-thumbnail","hentry","category-de-la-branche","category-des-cantons"],"acf":[],"yoast_head":"<!-- This site is optimized with the Yoast SEO Premium plugin v26.8 (Yoast SEO v26.8) - https:\/\/yoast.com\/product\/yoast-seo-premium-wordpress\/ -->\n<title>La rel\u00e8ve n\u2019est pas qu\u2019un r\u00eave\u2009! | SBC<\/title>\n<meta name=\"robots\" content=\"index, follow, max-snippet:-1, max-image-preview:large, max-video-preview:-1\" \/>\n<link rel=\"canonical\" href=\"https:\/\/swissbaker.ch\/fr\/panissimo-news\/la-releve-nest-pas-quun-reve\/\" \/>\n<meta property=\"og:locale\" content=\"fr_FR\" \/>\n<meta property=\"og:type\" content=\"article\" \/>\n<meta property=\"og:title\" content=\"La rel\u00e8ve n\u2019est pas qu\u2019un r\u00eave\u2009!\" \/>\n<meta property=\"og:description\" content=\"Elle est l\u00e0 et son encadrement d\u00e9montre les valeurs de la formation, celle duale et celle en \u00e9cole. Dans ce projet pilote valaisan, et ceci n\u2019est pas un vain mot, il y a des choses tr\u00e8s positives \u00e0 mettre sur la port\u00e9e du temps, celui pass\u00e9 et celui pr\u00e9sent.\" \/>\n<meta property=\"og:url\" content=\"https:\/\/swissbaker.ch\/fr\/panissimo-news\/la-releve-nest-pas-quun-reve\/\" \/>\n<meta property=\"og:site_name\" content=\"SBC\" \/>\n<meta property=\"article:publisher\" content=\"https:\/\/www.facebook.com\/swissbaker.ch\" \/>\n<meta property=\"article:published_time\" content=\"2023-06-28T12:23:29+00:00\" \/>\n<meta property=\"article:modified_time\" content=\"2023-06-28T12:25:33+00:00\" \/>\n<meta property=\"og:image\" content=\"https:\/\/swissbaker.ch\/wp-content\/uploads\/2022\/04\/le_chevalier-1.jpeg\" \/>\n\t<meta property=\"og:image:width\" content=\"800\" \/>\n\t<meta property=\"og:image:height\" content=\"474\" \/>\n\t<meta property=\"og:image:type\" content=\"image\/jpeg\" \/>\n<meta name=\"author\" content=\"Simon Nussbaum\" \/>\n<meta name=\"twitter:card\" content=\"summary_large_image\" \/>\n<meta name=\"twitter:creator\" content=\"@ch_swissbaker\" \/>\n<meta name=\"twitter:site\" content=\"@ch_swissbaker\" \/>\n<meta name=\"twitter:label1\" content=\"Written by\" \/>\n\t<meta name=\"twitter:data1\" content=\"Simon Nussbaum\" \/>\n\t<meta name=\"twitter:label2\" content=\"Est. reading time\" \/>\n\t<meta name=\"twitter:data2\" content=\"3 minutes\" \/>\n<script type=\"application\/ld+json\" class=\"yoast-schema-graph\">{\"@context\":\"https:\/\/schema.org\",\"@graph\":[{\"@type\":\"Article\",\"@id\":\"https:\/\/swissbaker.ch\/fr\/panissimo-news\/la-releve-nest-pas-quun-reve\/#article\",\"isPartOf\":{\"@id\":\"https:\/\/swissbaker.ch\/fr\/panissimo-news\/la-releve-nest-pas-quun-reve\/\"},\"author\":{\"name\":\"Simon Nussbaum\",\"@id\":\"https:\/\/swissbaker.ch\/fr\/#\/schema\/person\/74bd327b08c18ca6042c02ff6f0ed5e2\"},\"headline\":\"La rel\u00e8ve n\u2019est pas qu\u2019un r\u00eave\u2009!\",\"datePublished\":\"2023-06-28T12:23:29+00:00\",\"dateModified\":\"2023-06-28T12:25:33+00:00\",\"mainEntityOfPage\":{\"@id\":\"https:\/\/swissbaker.ch\/fr\/panissimo-news\/la-releve-nest-pas-quun-reve\/\"},\"wordCount\":549,\"publisher\":{\"@id\":\"https:\/\/swissbaker.ch\/fr\/#organization\"},\"image\":{\"@id\":\"https:\/\/swissbaker.ch\/fr\/panissimo-news\/la-releve-nest-pas-quun-reve\/#primaryimage\"},\"thumbnailUrl\":\"https:\/\/swissbaker.ch\/wp-content\/uploads\/2022\/04\/le_chevalier-1.jpeg\",\"articleSection\":[\"De la branche\",\"Des cantons\"],\"inLanguage\":\"fr-FR\"},{\"@type\":\"WebPage\",\"@id\":\"https:\/\/swissbaker.ch\/fr\/panissimo-news\/la-releve-nest-pas-quun-reve\/\",\"url\":\"https:\/\/swissbaker.ch\/fr\/panissimo-news\/la-releve-nest-pas-quun-reve\/\",\"name\":\"La rel\u00e8ve n\u2019est pas qu\u2019un r\u00eave\u2009! | SBC\",\"isPartOf\":{\"@id\":\"https:\/\/swissbaker.ch\/fr\/#website\"},\"primaryImageOfPage\":{\"@id\":\"https:\/\/swissbaker.ch\/fr\/panissimo-news\/la-releve-nest-pas-quun-reve\/#primaryimage\"},\"image\":{\"@id\":\"https:\/\/swissbaker.ch\/fr\/panissimo-news\/la-releve-nest-pas-quun-reve\/#primaryimage\"},\"thumbnailUrl\":\"https:\/\/swissbaker.ch\/wp-content\/uploads\/2022\/04\/le_chevalier-1.jpeg\",\"datePublished\":\"2023-06-28T12:23:29+00:00\",\"dateModified\":\"2023-06-28T12:25:33+00:00\",\"breadcrumb\":{\"@id\":\"https:\/\/swissbaker.ch\/fr\/panissimo-news\/la-releve-nest-pas-quun-reve\/#breadcrumb\"},\"inLanguage\":\"fr-FR\",\"potentialAction\":[{\"@type\":\"ReadAction\",\"target\":[\"https:\/\/swissbaker.ch\/fr\/panissimo-news\/la-releve-nest-pas-quun-reve\/\"]}]},{\"@type\":\"ImageObject\",\"inLanguage\":\"fr-FR\",\"@id\":\"https:\/\/swissbaker.ch\/fr\/panissimo-news\/la-releve-nest-pas-quun-reve\/#primaryimage\",\"url\":\"https:\/\/swissbaker.ch\/wp-content\/uploads\/2022\/04\/le_chevalier-1.jpeg\",\"contentUrl\":\"https:\/\/swissbaker.ch\/wp-content\/uploads\/2022\/04\/le_chevalier-1.jpeg\",\"width\":800,\"height\":474,\"caption\":\"Manipulations ou influences?\"},{\"@type\":\"BreadcrumbList\",\"@id\":\"https:\/\/swissbaker.ch\/fr\/panissimo-news\/la-releve-nest-pas-quun-reve\/#breadcrumb\",\"itemListElement\":[{\"@type\":\"ListItem\",\"position\":1,\"name\":\"\",\"item\":\"https:\/\/swissbaker.ch\/fr\/\"},{\"@type\":\"ListItem\",\"position\":2,\"name\":\"Des cantons\",\"item\":\"https:\/\/swissbaker.ch\/fr\/panissimo-news\/category\/des-cantons\/\"},{\"@type\":\"ListItem\",\"position\":3,\"name\":\"La rel\u00e8ve n\u2019est pas qu\u2019un r\u00eave\u2009!\"}]},{\"@type\":\"WebSite\",\"@id\":\"https:\/\/swissbaker.ch\/fr\/#website\",\"url\":\"https:\/\/swissbaker.ch\/fr\/\",\"name\":\"SBC\",\"description\":\"\",\"publisher\":{\"@id\":\"https:\/\/swissbaker.ch\/fr\/#organization\"},\"potentialAction\":[{\"@type\":\"SearchAction\",\"target\":{\"@type\":\"EntryPoint\",\"urlTemplate\":\"https:\/\/swissbaker.ch\/fr\/?s={search_term_string}\"},\"query-input\":{\"@type\":\"PropertyValueSpecification\",\"valueRequired\":true,\"valueName\":\"search_term_string\"}}],\"inLanguage\":\"fr-FR\"},{\"@type\":\"Organization\",\"@id\":\"https:\/\/swissbaker.ch\/fr\/#organization\",\"name\":\"Schweizerischer B\u00e4cker-Confiseurmeister-Verband\",\"url\":\"https:\/\/swissbaker.ch\/fr\/\",\"logo\":{\"@type\":\"ImageObject\",\"inLanguage\":\"fr-FR\",\"@id\":\"https:\/\/swissbaker.ch\/fr\/#\/schema\/logo\/image\/\",\"url\":\"https:\/\/swissbaker.ch\/wp-content\/uploads\/2022\/04\/sbc-logo-yoast.jpg\",\"contentUrl\":\"https:\/\/swissbaker.ch\/wp-content\/uploads\/2022\/04\/sbc-logo-yoast.jpg\",\"width\":512,\"height\":512,\"caption\":\"Schweizerischer B\u00e4cker-Confiseurmeister-Verband\"},\"image\":{\"@id\":\"https:\/\/swissbaker.ch\/fr\/#\/schema\/logo\/image\/\"},\"sameAs\":[\"https:\/\/www.facebook.com\/swissbaker.ch\",\"https:\/\/x.com\/ch_swissbaker\"]},{\"@type\":\"Person\",\"@id\":\"https:\/\/swissbaker.ch\/fr\/#\/schema\/person\/74bd327b08c18ca6042c02ff6f0ed5e2\",\"name\":\"Simon Nussbaum\",\"image\":{\"@type\":\"ImageObject\",\"inLanguage\":\"fr-FR\",\"@id\":\"https:\/\/swissbaker.ch\/fr\/#\/schema\/person\/image\/\",\"url\":\"https:\/\/secure.gravatar.com\/avatar\/df0eced3bb556c806cb760cf503ade1ed1df25b4104d80d6fd28d93a9509aa12?s=96&d=mm&r=g\",\"contentUrl\":\"https:\/\/secure.gravatar.com\/avatar\/df0eced3bb556c806cb760cf503ade1ed1df25b4104d80d6fd28d93a9509aa12?s=96&d=mm&r=g\",\"caption\":\"Simon Nussbaum\"},\"url\":\"https:\/\/swissbaker.ch\/fr\/panissimo-news\/author\/simon-nussbaum\/\"}]}<\/script>\n<!-- \/ Yoast SEO Premium plugin. -->","yoast_head_json":{"title":"La rel\u00e8ve n\u2019est pas qu\u2019un r\u00eave\u2009! | SBC","robots":{"index":"index","follow":"follow","max-snippet":"max-snippet:-1","max-image-preview":"max-image-preview:large","max-video-preview":"max-video-preview:-1"},"canonical":"https:\/\/swissbaker.ch\/fr\/panissimo-news\/la-releve-nest-pas-quun-reve\/","og_locale":"fr_FR","og_type":"article","og_title":"La rel\u00e8ve n\u2019est pas qu\u2019un r\u00eave\u2009!","og_description":"Elle est l\u00e0 et son encadrement d\u00e9montre les valeurs de la formation, celle duale et celle en \u00e9cole. Dans ce projet pilote valaisan, et ceci n\u2019est pas un vain mot, il y a des choses tr\u00e8s positives \u00e0 mettre sur la port\u00e9e du temps, celui pass\u00e9 et celui pr\u00e9sent.","og_url":"https:\/\/swissbaker.ch\/fr\/panissimo-news\/la-releve-nest-pas-quun-reve\/","og_site_name":"SBC","article_publisher":"https:\/\/www.facebook.com\/swissbaker.ch","article_published_time":"2023-06-28T12:23:29+00:00","article_modified_time":"2023-06-28T12:25:33+00:00","og_image":[{"width":800,"height":474,"url":"https:\/\/swissbaker.ch\/wp-content\/uploads\/2022\/04\/le_chevalier-1.jpeg","type":"image\/jpeg"}],"author":"Simon Nussbaum","twitter_card":"summary_large_image","twitter_creator":"@ch_swissbaker","twitter_site":"@ch_swissbaker","twitter_misc":{"Written by":"Simon Nussbaum","Est. reading time":"3 minutes"},"schema":{"@context":"https:\/\/schema.org","@graph":[{"@type":"Article","@id":"https:\/\/swissbaker.ch\/fr\/panissimo-news\/la-releve-nest-pas-quun-reve\/#article","isPartOf":{"@id":"https:\/\/swissbaker.ch\/fr\/panissimo-news\/la-releve-nest-pas-quun-reve\/"},"author":{"name":"Simon Nussbaum","@id":"https:\/\/swissbaker.ch\/fr\/#\/schema\/person\/74bd327b08c18ca6042c02ff6f0ed5e2"},"headline":"La rel\u00e8ve n\u2019est pas qu\u2019un r\u00eave\u2009!","datePublished":"2023-06-28T12:23:29+00:00","dateModified":"2023-06-28T12:25:33+00:00","mainEntityOfPage":{"@id":"https:\/\/swissbaker.ch\/fr\/panissimo-news\/la-releve-nest-pas-quun-reve\/"},"wordCount":549,"publisher":{"@id":"https:\/\/swissbaker.ch\/fr\/#organization"},"image":{"@id":"https:\/\/swissbaker.ch\/fr\/panissimo-news\/la-releve-nest-pas-quun-reve\/#primaryimage"},"thumbnailUrl":"https:\/\/swissbaker.ch\/wp-content\/uploads\/2022\/04\/le_chevalier-1.jpeg","articleSection":["De la branche","Des cantons"],"inLanguage":"fr-FR"},{"@type":"WebPage","@id":"https:\/\/swissbaker.ch\/fr\/panissimo-news\/la-releve-nest-pas-quun-reve\/","url":"https:\/\/swissbaker.ch\/fr\/panissimo-news\/la-releve-nest-pas-quun-reve\/","name":"La rel\u00e8ve n\u2019est pas qu\u2019un r\u00eave\u2009! | SBC","isPartOf":{"@id":"https:\/\/swissbaker.ch\/fr\/#website"},"primaryImageOfPage":{"@id":"https:\/\/swissbaker.ch\/fr\/panissimo-news\/la-releve-nest-pas-quun-reve\/#primaryimage"},"image":{"@id":"https:\/\/swissbaker.ch\/fr\/panissimo-news\/la-releve-nest-pas-quun-reve\/#primaryimage"},"thumbnailUrl":"https:\/\/swissbaker.ch\/wp-content\/uploads\/2022\/04\/le_chevalier-1.jpeg","datePublished":"2023-06-28T12:23:29+00:00","dateModified":"2023-06-28T12:25:33+00:00","breadcrumb":{"@id":"https:\/\/swissbaker.ch\/fr\/panissimo-news\/la-releve-nest-pas-quun-reve\/#breadcrumb"},"inLanguage":"fr-FR","potentialAction":[{"@type":"ReadAction","target":["https:\/\/swissbaker.ch\/fr\/panissimo-news\/la-releve-nest-pas-quun-reve\/"]}]},{"@type":"ImageObject","inLanguage":"fr-FR","@id":"https:\/\/swissbaker.ch\/fr\/panissimo-news\/la-releve-nest-pas-quun-reve\/#primaryimage","url":"https:\/\/swissbaker.ch\/wp-content\/uploads\/2022\/04\/le_chevalier-1.jpeg","contentUrl":"https:\/\/swissbaker.ch\/wp-content\/uploads\/2022\/04\/le_chevalier-1.jpeg","width":800,"height":474,"caption":"Manipulations ou influences?"},{"@type":"BreadcrumbList","@id":"https:\/\/swissbaker.ch\/fr\/panissimo-news\/la-releve-nest-pas-quun-reve\/#breadcrumb","itemListElement":[{"@type":"ListItem","position":1,"name":"","item":"https:\/\/swissbaker.ch\/fr\/"},{"@type":"ListItem","position":2,"name":"Des cantons","item":"https:\/\/swissbaker.ch\/fr\/panissimo-news\/category\/des-cantons\/"},{"@type":"ListItem","position":3,"name":"La rel\u00e8ve n\u2019est pas qu\u2019un r\u00eave\u2009!"}]},{"@type":"WebSite","@id":"https:\/\/swissbaker.ch\/fr\/#website","url":"https:\/\/swissbaker.ch\/fr\/","name":"SBC","description":"","publisher":{"@id":"https:\/\/swissbaker.ch\/fr\/#organization"},"potentialAction":[{"@type":"SearchAction","target":{"@type":"EntryPoint","urlTemplate":"https:\/\/swissbaker.ch\/fr\/?s={search_term_string}"},"query-input":{"@type":"PropertyValueSpecification","valueRequired":true,"valueName":"search_term_string"}}],"inLanguage":"fr-FR"},{"@type":"Organization","@id":"https:\/\/swissbaker.ch\/fr\/#organization","name":"Schweizerischer B\u00e4cker-Confiseurmeister-Verband","url":"https:\/\/swissbaker.ch\/fr\/","logo":{"@type":"ImageObject","inLanguage":"fr-FR","@id":"https:\/\/swissbaker.ch\/fr\/#\/schema\/logo\/image\/","url":"https:\/\/swissbaker.ch\/wp-content\/uploads\/2022\/04\/sbc-logo-yoast.jpg","contentUrl":"https:\/\/swissbaker.ch\/wp-content\/uploads\/2022\/04\/sbc-logo-yoast.jpg","width":512,"height":512,"caption":"Schweizerischer B\u00e4cker-Confiseurmeister-Verband"},"image":{"@id":"https:\/\/swissbaker.ch\/fr\/#\/schema\/logo\/image\/"},"sameAs":["https:\/\/www.facebook.com\/swissbaker.ch","https:\/\/x.com\/ch_swissbaker"]},{"@type":"Person","@id":"https:\/\/swissbaker.ch\/fr\/#\/schema\/person\/74bd327b08c18ca6042c02ff6f0ed5e2","name":"Simon Nussbaum","image":{"@type":"ImageObject","inLanguage":"fr-FR","@id":"https:\/\/swissbaker.ch\/fr\/#\/schema\/person\/image\/","url":"https:\/\/secure.gravatar.com\/avatar\/df0eced3bb556c806cb760cf503ade1ed1df25b4104d80d6fd28d93a9509aa12?s=96&d=mm&r=g","contentUrl":"https:\/\/secure.gravatar.com\/avatar\/df0eced3bb556c806cb760cf503ade1ed1df25b4104d80d6fd28d93a9509aa12?s=96&d=mm&r=g","caption":"Simon Nussbaum"},"url":"https:\/\/swissbaker.ch\/fr\/panissimo-news\/author\/simon-nussbaum\/"}]}},"_links":{"self":[{"href":"https:\/\/swissbaker.ch\/fr\/wp-json\/wp\/v2\/posts\/64069","targetHints":{"allow":["GET"]}}],"collection":[{"href":"https:\/\/swissbaker.ch\/fr\/wp-json\/wp\/v2\/posts"}],"about":[{"href":"https:\/\/swissbaker.ch\/fr\/wp-json\/wp\/v2\/types\/post"}],"author":[{"embeddable":true,"href":"https:\/\/swissbaker.ch\/fr\/wp-json\/wp\/v2\/users\/5"}],"replies":[{"embeddable":true,"href":"https:\/\/swissbaker.ch\/fr\/wp-json\/wp\/v2\/comments?post=64069"}],"version-history":[{"count":0,"href":"https:\/\/swissbaker.ch\/fr\/wp-json\/wp\/v2\/posts\/64069\/revisions"}],"wp:featuredmedia":[{"embeddable":true,"href":"https:\/\/swissbaker.ch\/fr\/wp-json\/wp\/v2\/media\/7332"}],"wp:attachment":[{"href":"https:\/\/swissbaker.ch\/fr\/wp-json\/wp\/v2\/media?parent=64069"}],"wp:term":[{"taxonomy":"category","embeddable":true,"href":"https:\/\/swissbaker.ch\/fr\/wp-json\/wp\/v2\/categories?post=64069"},{"taxonomy":"post_tag","embeddable":true,"href":"https:\/\/swissbaker.ch\/fr\/wp-json\/wp\/v2\/tags?post=64069"}],"curies":[{"name":"wp","href":"https:\/\/api.w.org\/{rel}","templated":true}]}}