{"id":63589,"date":"2023-06-19T08:01:53","date_gmt":"2023-06-19T06:01:53","guid":{"rendered":"https:\/\/swissbaker.ch\/?p=63589"},"modified":"2023-06-19T08:05:27","modified_gmt":"2023-06-19T06:05:27","slug":"moi-mon-parcours-et-mon-travail","status":"publish","type":"post","link":"https:\/\/swissbaker.ch\/fr\/panissimo-news\/moi-mon-parcours-et-mon-travail\/","title":{"rendered":"<a>Moi, mon parcours et mon travail<\/a>"},"content":{"rendered":"\n<p><strong>Je m&#8217;appelle Stefano Ponti, j&#8217;ai 20 ans et j&#8217;habite \u00e0 Tremona (TI). Je suis actuellement en troisi\u00e8me ann\u00e9e d&#8217;apprentissage de boulanger-p\u00e2tissier \u00e0 \u00abLa Bottega del Fornaio di Giuseppe Piffaretti\u00bb \u00e0 Mendrisio.<\/strong><\/p>\n\n\n\n<p>D\u00e9but septembre 2019, j&#8217;ai effectu\u00e9 un stage d&#8217;une semaine et \u00e0 partir de ce moment-l\u00e0, j&#8217;ai su ce que je voulais faire de ma vie et de ma carri\u00e8re. \u00c0 l&#8217;\u00e9poque, j&#8217;\u00e9tais un gar\u00e7on qui ne savait pas vraiment ce qu&#8217;il voulait. Le stage m&#8217;a beaucoup aid\u00e9 \u00e0 comprendre le monde du travail et \u00e0 m&#8217;y retrouver dans ce monde d\u2019\u00abadultes\u00bb.<\/p>\n\n\n\n<p>Au terme de ma semaine d&#8217;essai effectu\u00e9e avec beaucoup d&#8217;enthousiasme et d&#8217;engagement, Giuseppe Piffaretti m&#8217;a offert la possibilit\u00e9 de faire ma formation dans son entreprise. J&#8217;avais des sentiments mitig\u00e9s. Mais j&#8217;\u00e9tais surtout ravi, car c\u2019\u00e9tait ma premi\u00e8re exp\u00e9rience professionnelle et je me r\u00e9jouissais d\u2019entrer dans le monde du travail.<\/p>\n\n\n\n<p>Au d\u00e9but, les horaires de travail me faisaient un peu peur, et c\u2019est toujours le cas aujourd\u2019hui. Commencer si t\u00f4t peut \u00eatre pesant. Mais une fois que l\u2019on a commenc\u00e9 \u00e0 travailler, on ne ressent plus la fatigue, chaque job \u00abayant son revers positif\u00bb.<\/p>\n\n\n\n<p>Ce travail est gratifiant de par ce qu\u2019il permet de cr\u00e9er, de d\u00e9couvrir et d\u2019apprendre. Quand on a devant soi un produit que l\u2019on a bien pr\u00e9par\u00e9, il n&#8217;y a pas de meilleur sentiment que la satisfaction de ce que l\u2019on a r\u00e9alis\u00e9. Je ne serais \u00e9videmment pas arriv\u00e9 aussi loin sans l&#8217;aide de mes coll\u00e8gues de travail, de mon sup\u00e9rieur hi\u00e9rarchique et de Giuseppe Piffaretti.<\/p>\n\n\n\n<h2 class=\"wp-block-heading\" id=\"h-l-ecole\">L&#8217;\u00e9cole<\/h2>\n\n\n\n<p>L&#8217;\u00e9cole est un aspect tr\u00e8s important de cette formation. Les enseignants et enseignantes soutiennent les \u00e9l\u00e8ves dans leur formation, tant sur le plan didactique que social. Il y a beaucoup \u00e0 apprendre, mais il n\u2019est pas possible de comprendre le travail et tout ce qu\u2019il implique sans une base scolaire. Les enseignants Marco Pasotti, Marco Zandonella et Nikita Valentini s&#8217;investissent corps et \u00e2me pour transmettre leurs connaissances sur le travail. L&#8217;\u00e9cole est ultramoderne: nous avons un fournil avec toutes sortes de machines et d&#8217;outils, comme dans une vraie boulangerie-confiserie.<\/p>\n\n\n\n<h2 class=\"wp-block-heading\">Mes loisirs<\/h2>\n\n\n\n<p>Pendant mon temps libre, je m&#8217;occupe en \u00e9tudiant pour l&#8217;\u00e9cole, je retrouve mes amis pour une promenade dans le centre-ville et je fais du v\u00e9lo, ce qui m&#8217;aide \u00e0 me vider la t\u00eate et \u00e0 me d\u00e9tendre. Et en dehors de ces activit\u00e9s, je passe du temps avec ma famille ou je me repose. Ma formation m\u2019a permis d\u2019apprendre \u00e0 organiser mon temps libre et \u00e0 faire ce que je peux me permettre en dehors du travail.<\/p>\n\n\n\n<h2 class=\"wp-block-heading\">Passion et d\u00e9vouement<\/h2>\n\n\n\n<p>Mon travail m&#8217;a fait gagner en maturit\u00e9. J&#8217;ai appris \u00e0 m&#8217;am\u00e9liorer, \u00e0 forger mon caract\u00e8re et \u00e0 ne plus \u00eatre un enfant. Au d\u00e9but de mon apprentissage, lorsque je ne mettais pas encore la main \u00e0 la p\u00e2te, je ne me sentais pas \u00e0 ma place et ne me donnais pas la peine de faire mon travail. Mais j\u2019ai commenc\u00e9 \u00e0 aller mieux quand je me suis mis \u00e0 \u00e9voluer davantage dans le monde du travail et \u00e0 cr\u00e9er mes propres produits. Aujourd&#8217;hui, je suis presque totalement ind\u00e9pendante au fournil. Tous les d\u00e9buts sont difficiles, mais \u00e0 force de passion et de d\u00e9vouement, ce travail me pla\u00eet chaque jour davantage.<\/p>\n\n\n\n<p>Un conseil pour ceux qui n&#8217;ont pas encore commenc\u00e9 leur formation: faites autant de stages que possible, et mettez au clair vos id\u00e9es pour savoir si le m\u00e9tier de r\u00eave et vraiment fait pour vous.<\/p>\n\n\n\n<p>Il n&#8217;est pas toujours facile de suivre une formation. L&#8217;important est de trouver ce que l&#8217;on aime vraiment faire. Il est vain de s&#8217;engager dans une voie sans but pr\u00e9cis, il faut y mettre du sien.<\/p>\n\n\n\n<p class=\"has-text-align-right\"><em>Stefano Ponti, Boulanger-p\u00e2tissier en troisi\u00e8me ann\u00e9e d\u2019apprentissage<br>La Bottega del Fornaio di G. Piffaretti Sagl-Mendrisio<\/em><\/p>\n","protected":false},"excerpt":{"rendered":"<p>Je m&#8217;appelle Stefano Ponti, j&#8217;ai 20 ans et j&#8217;habite \u00e0 Tremona (TI). Je suis actuellement en troisi\u00e8me ann\u00e9e d&#8217;apprentissage de boulanger-p\u00e2tissier \u00e0 \u00abLa Bottega del Fornaio di Giuseppe Piffaretti\u00bb \u00e0 Mendrisio.<\/p>\n","protected":false},"author":5,"featured_media":63587,"comment_status":"closed","ping_status":"closed","sticky":true,"template":"","format":"standard","meta":{"_acf_changed":false,"footnotes":""},"categories":[53],"tags":[],"class_list":["post-63589","post","type-post","status-publish","format-standard","has-post-thumbnail","hentry","category-our-future-fr"],"acf":[],"yoast_head":"<!-- This site is optimized with the Yoast SEO Premium plugin v26.8 (Yoast SEO v26.8) - https:\/\/yoast.com\/product\/yoast-seo-premium-wordpress\/ -->\n<title>Moi, mon parcours et mon travail | SBC<\/title>\n<meta name=\"description\" content=\"Je m&#039;appelle Stefano Ponti, j&#039;ai 20 ans et j&#039;habite \u00e0 Tremona (TI). Je suis actuellement en troisi\u00e8me ann\u00e9e d&#039;apprentissage de boulanger-p\u00e2tissier \u00e0 \u00abLa Bottega del Fornaio di Giuseppe Piffaretti\u00bb \u00e0 Mendrisio.\" \/>\n<meta name=\"robots\" content=\"index, follow, max-snippet:-1, max-image-preview:large, max-video-preview:-1\" \/>\n<link rel=\"canonical\" href=\"https:\/\/swissbaker.ch\/fr\/panissimo-news\/moi-mon-parcours-et-mon-travail\/\" \/>\n<meta property=\"og:locale\" content=\"fr_FR\" \/>\n<meta property=\"og:type\" content=\"article\" \/>\n<meta property=\"og:title\" content=\"Moi, mon parcours et mon travail\" \/>\n<meta property=\"og:description\" content=\"Je m&#039;appelle Stefano Ponti, j&#039;ai 20 ans et j&#039;habite \u00e0 Tremona (TI). Je suis actuellement en troisi\u00e8me ann\u00e9e d&#039;apprentissage de boulanger-p\u00e2tissier \u00e0 \u00abLa Bottega del Fornaio di Giuseppe Piffaretti\u00bb \u00e0 Mendrisio.\" \/>\n<meta property=\"og:url\" content=\"https:\/\/swissbaker.ch\/fr\/panissimo-news\/moi-mon-parcours-et-mon-travail\/\" \/>\n<meta property=\"og:site_name\" content=\"SBC\" \/>\n<meta property=\"article:publisher\" content=\"https:\/\/www.facebook.com\/swissbaker.ch\" \/>\n<meta property=\"article:published_time\" content=\"2023-06-19T06:01:53+00:00\" \/>\n<meta property=\"article:modified_time\" content=\"2023-06-19T06:05:27+00:00\" \/>\n<meta property=\"og:image\" content=\"https:\/\/swissbaker.ch\/wp-content\/uploads\/2023\/06\/12_2_our_future_stafano_ponti.jpg\" \/>\n\t<meta property=\"og:image:width\" content=\"1200\" \/>\n\t<meta property=\"og:image:height\" content=\"712\" \/>\n\t<meta property=\"og:image:type\" content=\"image\/jpeg\" \/>\n<meta name=\"author\" content=\"Simon Nussbaum\" \/>\n<meta name=\"twitter:card\" content=\"summary_large_image\" \/>\n<meta name=\"twitter:creator\" content=\"@ch_swissbaker\" \/>\n<meta name=\"twitter:site\" content=\"@ch_swissbaker\" \/>\n<meta name=\"twitter:label1\" content=\"Written by\" \/>\n\t<meta name=\"twitter:data1\" content=\"Simon Nussbaum\" \/>\n\t<meta name=\"twitter:label2\" content=\"Est. reading time\" \/>\n\t<meta name=\"twitter:data2\" content=\"4 minutes\" \/>\n<script type=\"application\/ld+json\" class=\"yoast-schema-graph\">{\"@context\":\"https:\/\/schema.org\",\"@graph\":[{\"@type\":\"Article\",\"@id\":\"https:\/\/swissbaker.ch\/fr\/panissimo-news\/moi-mon-parcours-et-mon-travail\/#article\",\"isPartOf\":{\"@id\":\"https:\/\/swissbaker.ch\/fr\/panissimo-news\/moi-mon-parcours-et-mon-travail\/\"},\"author\":{\"name\":\"Simon Nussbaum\",\"@id\":\"https:\/\/swissbaker.ch\/fr\/#\/schema\/person\/74bd327b08c18ca6042c02ff6f0ed5e2\"},\"headline\":\"Moi, mon parcours et mon travail\",\"datePublished\":\"2023-06-19T06:01:53+00:00\",\"dateModified\":\"2023-06-19T06:05:27+00:00\",\"mainEntityOfPage\":{\"@id\":\"https:\/\/swissbaker.ch\/fr\/panissimo-news\/moi-mon-parcours-et-mon-travail\/\"},\"wordCount\":696,\"publisher\":{\"@id\":\"https:\/\/swissbaker.ch\/fr\/#organization\"},\"image\":{\"@id\":\"https:\/\/swissbaker.ch\/fr\/panissimo-news\/moi-mon-parcours-et-mon-travail\/#primaryimage\"},\"thumbnailUrl\":\"https:\/\/swissbaker.ch\/wp-content\/uploads\/2023\/06\/12_2_our_future_stafano_ponti.jpg\",\"articleSection\":[\"Our Future\"],\"inLanguage\":\"fr-FR\"},{\"@type\":\"WebPage\",\"@id\":\"https:\/\/swissbaker.ch\/fr\/panissimo-news\/moi-mon-parcours-et-mon-travail\/\",\"url\":\"https:\/\/swissbaker.ch\/fr\/panissimo-news\/moi-mon-parcours-et-mon-travail\/\",\"name\":\"Moi, mon parcours et mon travail | SBC\",\"isPartOf\":{\"@id\":\"https:\/\/swissbaker.ch\/fr\/#website\"},\"primaryImageOfPage\":{\"@id\":\"https:\/\/swissbaker.ch\/fr\/panissimo-news\/moi-mon-parcours-et-mon-travail\/#primaryimage\"},\"image\":{\"@id\":\"https:\/\/swissbaker.ch\/fr\/panissimo-news\/moi-mon-parcours-et-mon-travail\/#primaryimage\"},\"thumbnailUrl\":\"https:\/\/swissbaker.ch\/wp-content\/uploads\/2023\/06\/12_2_our_future_stafano_ponti.jpg\",\"datePublished\":\"2023-06-19T06:01:53+00:00\",\"dateModified\":\"2023-06-19T06:05:27+00:00\",\"description\":\"Je m'appelle Stefano Ponti, j'ai 20 ans et j'habite \u00e0 Tremona (TI). Je suis actuellement en troisi\u00e8me ann\u00e9e d'apprentissage de boulanger-p\u00e2tissier \u00e0 \u00abLa Bottega del Fornaio di Giuseppe Piffaretti\u00bb \u00e0 Mendrisio.\",\"breadcrumb\":{\"@id\":\"https:\/\/swissbaker.ch\/fr\/panissimo-news\/moi-mon-parcours-et-mon-travail\/#breadcrumb\"},\"inLanguage\":\"fr-FR\",\"potentialAction\":[{\"@type\":\"ReadAction\",\"target\":[\"https:\/\/swissbaker.ch\/fr\/panissimo-news\/moi-mon-parcours-et-mon-travail\/\"]}]},{\"@type\":\"ImageObject\",\"inLanguage\":\"fr-FR\",\"@id\":\"https:\/\/swissbaker.ch\/fr\/panissimo-news\/moi-mon-parcours-et-mon-travail\/#primaryimage\",\"url\":\"https:\/\/swissbaker.ch\/wp-content\/uploads\/2023\/06\/12_2_our_future_stafano_ponti.jpg\",\"contentUrl\":\"https:\/\/swissbaker.ch\/wp-content\/uploads\/2023\/06\/12_2_our_future_stafano_ponti.jpg\",\"width\":1200,\"height\":712},{\"@type\":\"BreadcrumbList\",\"@id\":\"https:\/\/swissbaker.ch\/fr\/panissimo-news\/moi-mon-parcours-et-mon-travail\/#breadcrumb\",\"itemListElement\":[{\"@type\":\"ListItem\",\"position\":1,\"name\":\"\",\"item\":\"https:\/\/swissbaker.ch\/fr\/\"},{\"@type\":\"ListItem\",\"position\":2,\"name\":\"Our Future\",\"item\":\"https:\/\/swissbaker.ch\/fr\/panissimo-news\/category\/our-future-fr\/\"},{\"@type\":\"ListItem\",\"position\":3,\"name\":\"Moi, mon parcours et mon travail\"}]},{\"@type\":\"WebSite\",\"@id\":\"https:\/\/swissbaker.ch\/fr\/#website\",\"url\":\"https:\/\/swissbaker.ch\/fr\/\",\"name\":\"SBC\",\"description\":\"\",\"publisher\":{\"@id\":\"https:\/\/swissbaker.ch\/fr\/#organization\"},\"potentialAction\":[{\"@type\":\"SearchAction\",\"target\":{\"@type\":\"EntryPoint\",\"urlTemplate\":\"https:\/\/swissbaker.ch\/fr\/?s={search_term_string}\"},\"query-input\":{\"@type\":\"PropertyValueSpecification\",\"valueRequired\":true,\"valueName\":\"search_term_string\"}}],\"inLanguage\":\"fr-FR\"},{\"@type\":\"Organization\",\"@id\":\"https:\/\/swissbaker.ch\/fr\/#organization\",\"name\":\"Schweizerischer B\u00e4cker-Confiseurmeister-Verband\",\"url\":\"https:\/\/swissbaker.ch\/fr\/\",\"logo\":{\"@type\":\"ImageObject\",\"inLanguage\":\"fr-FR\",\"@id\":\"https:\/\/swissbaker.ch\/fr\/#\/schema\/logo\/image\/\",\"url\":\"https:\/\/swissbaker.ch\/wp-content\/uploads\/2022\/04\/sbc-logo-yoast.jpg\",\"contentUrl\":\"https:\/\/swissbaker.ch\/wp-content\/uploads\/2022\/04\/sbc-logo-yoast.jpg\",\"width\":512,\"height\":512,\"caption\":\"Schweizerischer B\u00e4cker-Confiseurmeister-Verband\"},\"image\":{\"@id\":\"https:\/\/swissbaker.ch\/fr\/#\/schema\/logo\/image\/\"},\"sameAs\":[\"https:\/\/www.facebook.com\/swissbaker.ch\",\"https:\/\/x.com\/ch_swissbaker\"]},{\"@type\":\"Person\",\"@id\":\"https:\/\/swissbaker.ch\/fr\/#\/schema\/person\/74bd327b08c18ca6042c02ff6f0ed5e2\",\"name\":\"Simon Nussbaum\",\"image\":{\"@type\":\"ImageObject\",\"inLanguage\":\"fr-FR\",\"@id\":\"https:\/\/swissbaker.ch\/fr\/#\/schema\/person\/image\/\",\"url\":\"https:\/\/secure.gravatar.com\/avatar\/df0eced3bb556c806cb760cf503ade1ed1df25b4104d80d6fd28d93a9509aa12?s=96&d=mm&r=g\",\"contentUrl\":\"https:\/\/secure.gravatar.com\/avatar\/df0eced3bb556c806cb760cf503ade1ed1df25b4104d80d6fd28d93a9509aa12?s=96&d=mm&r=g\",\"caption\":\"Simon Nussbaum\"},\"url\":\"https:\/\/swissbaker.ch\/fr\/panissimo-news\/author\/simon-nussbaum\/\"}]}<\/script>\n<!-- \/ Yoast SEO Premium plugin. -->","yoast_head_json":{"title":"Moi, mon parcours et mon travail | SBC","description":"Je m'appelle Stefano Ponti, j'ai 20 ans et j'habite \u00e0 Tremona (TI). Je suis actuellement en troisi\u00e8me ann\u00e9e d'apprentissage de boulanger-p\u00e2tissier \u00e0 \u00abLa Bottega del Fornaio di Giuseppe Piffaretti\u00bb \u00e0 Mendrisio.","robots":{"index":"index","follow":"follow","max-snippet":"max-snippet:-1","max-image-preview":"max-image-preview:large","max-video-preview":"max-video-preview:-1"},"canonical":"https:\/\/swissbaker.ch\/fr\/panissimo-news\/moi-mon-parcours-et-mon-travail\/","og_locale":"fr_FR","og_type":"article","og_title":"Moi, mon parcours et mon travail","og_description":"Je m'appelle Stefano Ponti, j'ai 20 ans et j'habite \u00e0 Tremona (TI). Je suis actuellement en troisi\u00e8me ann\u00e9e d'apprentissage de boulanger-p\u00e2tissier \u00e0 \u00abLa Bottega del Fornaio di Giuseppe Piffaretti\u00bb \u00e0 Mendrisio.","og_url":"https:\/\/swissbaker.ch\/fr\/panissimo-news\/moi-mon-parcours-et-mon-travail\/","og_site_name":"SBC","article_publisher":"https:\/\/www.facebook.com\/swissbaker.ch","article_published_time":"2023-06-19T06:01:53+00:00","article_modified_time":"2023-06-19T06:05:27+00:00","og_image":[{"width":1200,"height":712,"url":"https:\/\/swissbaker.ch\/wp-content\/uploads\/2023\/06\/12_2_our_future_stafano_ponti.jpg","type":"image\/jpeg"}],"author":"Simon Nussbaum","twitter_card":"summary_large_image","twitter_creator":"@ch_swissbaker","twitter_site":"@ch_swissbaker","twitter_misc":{"Written by":"Simon Nussbaum","Est. reading time":"4 minutes"},"schema":{"@context":"https:\/\/schema.org","@graph":[{"@type":"Article","@id":"https:\/\/swissbaker.ch\/fr\/panissimo-news\/moi-mon-parcours-et-mon-travail\/#article","isPartOf":{"@id":"https:\/\/swissbaker.ch\/fr\/panissimo-news\/moi-mon-parcours-et-mon-travail\/"},"author":{"name":"Simon Nussbaum","@id":"https:\/\/swissbaker.ch\/fr\/#\/schema\/person\/74bd327b08c18ca6042c02ff6f0ed5e2"},"headline":"Moi, mon parcours et mon travail","datePublished":"2023-06-19T06:01:53+00:00","dateModified":"2023-06-19T06:05:27+00:00","mainEntityOfPage":{"@id":"https:\/\/swissbaker.ch\/fr\/panissimo-news\/moi-mon-parcours-et-mon-travail\/"},"wordCount":696,"publisher":{"@id":"https:\/\/swissbaker.ch\/fr\/#organization"},"image":{"@id":"https:\/\/swissbaker.ch\/fr\/panissimo-news\/moi-mon-parcours-et-mon-travail\/#primaryimage"},"thumbnailUrl":"https:\/\/swissbaker.ch\/wp-content\/uploads\/2023\/06\/12_2_our_future_stafano_ponti.jpg","articleSection":["Our Future"],"inLanguage":"fr-FR"},{"@type":"WebPage","@id":"https:\/\/swissbaker.ch\/fr\/panissimo-news\/moi-mon-parcours-et-mon-travail\/","url":"https:\/\/swissbaker.ch\/fr\/panissimo-news\/moi-mon-parcours-et-mon-travail\/","name":"Moi, mon parcours et mon travail | SBC","isPartOf":{"@id":"https:\/\/swissbaker.ch\/fr\/#website"},"primaryImageOfPage":{"@id":"https:\/\/swissbaker.ch\/fr\/panissimo-news\/moi-mon-parcours-et-mon-travail\/#primaryimage"},"image":{"@id":"https:\/\/swissbaker.ch\/fr\/panissimo-news\/moi-mon-parcours-et-mon-travail\/#primaryimage"},"thumbnailUrl":"https:\/\/swissbaker.ch\/wp-content\/uploads\/2023\/06\/12_2_our_future_stafano_ponti.jpg","datePublished":"2023-06-19T06:01:53+00:00","dateModified":"2023-06-19T06:05:27+00:00","description":"Je m'appelle Stefano Ponti, j'ai 20 ans et j'habite \u00e0 Tremona (TI). Je suis actuellement en troisi\u00e8me ann\u00e9e d'apprentissage de boulanger-p\u00e2tissier \u00e0 \u00abLa Bottega del Fornaio di Giuseppe Piffaretti\u00bb \u00e0 Mendrisio.","breadcrumb":{"@id":"https:\/\/swissbaker.ch\/fr\/panissimo-news\/moi-mon-parcours-et-mon-travail\/#breadcrumb"},"inLanguage":"fr-FR","potentialAction":[{"@type":"ReadAction","target":["https:\/\/swissbaker.ch\/fr\/panissimo-news\/moi-mon-parcours-et-mon-travail\/"]}]},{"@type":"ImageObject","inLanguage":"fr-FR","@id":"https:\/\/swissbaker.ch\/fr\/panissimo-news\/moi-mon-parcours-et-mon-travail\/#primaryimage","url":"https:\/\/swissbaker.ch\/wp-content\/uploads\/2023\/06\/12_2_our_future_stafano_ponti.jpg","contentUrl":"https:\/\/swissbaker.ch\/wp-content\/uploads\/2023\/06\/12_2_our_future_stafano_ponti.jpg","width":1200,"height":712},{"@type":"BreadcrumbList","@id":"https:\/\/swissbaker.ch\/fr\/panissimo-news\/moi-mon-parcours-et-mon-travail\/#breadcrumb","itemListElement":[{"@type":"ListItem","position":1,"name":"","item":"https:\/\/swissbaker.ch\/fr\/"},{"@type":"ListItem","position":2,"name":"Our Future","item":"https:\/\/swissbaker.ch\/fr\/panissimo-news\/category\/our-future-fr\/"},{"@type":"ListItem","position":3,"name":"Moi, mon parcours et mon travail"}]},{"@type":"WebSite","@id":"https:\/\/swissbaker.ch\/fr\/#website","url":"https:\/\/swissbaker.ch\/fr\/","name":"SBC","description":"","publisher":{"@id":"https:\/\/swissbaker.ch\/fr\/#organization"},"potentialAction":[{"@type":"SearchAction","target":{"@type":"EntryPoint","urlTemplate":"https:\/\/swissbaker.ch\/fr\/?s={search_term_string}"},"query-input":{"@type":"PropertyValueSpecification","valueRequired":true,"valueName":"search_term_string"}}],"inLanguage":"fr-FR"},{"@type":"Organization","@id":"https:\/\/swissbaker.ch\/fr\/#organization","name":"Schweizerischer B\u00e4cker-Confiseurmeister-Verband","url":"https:\/\/swissbaker.ch\/fr\/","logo":{"@type":"ImageObject","inLanguage":"fr-FR","@id":"https:\/\/swissbaker.ch\/fr\/#\/schema\/logo\/image\/","url":"https:\/\/swissbaker.ch\/wp-content\/uploads\/2022\/04\/sbc-logo-yoast.jpg","contentUrl":"https:\/\/swissbaker.ch\/wp-content\/uploads\/2022\/04\/sbc-logo-yoast.jpg","width":512,"height":512,"caption":"Schweizerischer B\u00e4cker-Confiseurmeister-Verband"},"image":{"@id":"https:\/\/swissbaker.ch\/fr\/#\/schema\/logo\/image\/"},"sameAs":["https:\/\/www.facebook.com\/swissbaker.ch","https:\/\/x.com\/ch_swissbaker"]},{"@type":"Person","@id":"https:\/\/swissbaker.ch\/fr\/#\/schema\/person\/74bd327b08c18ca6042c02ff6f0ed5e2","name":"Simon Nussbaum","image":{"@type":"ImageObject","inLanguage":"fr-FR","@id":"https:\/\/swissbaker.ch\/fr\/#\/schema\/person\/image\/","url":"https:\/\/secure.gravatar.com\/avatar\/df0eced3bb556c806cb760cf503ade1ed1df25b4104d80d6fd28d93a9509aa12?s=96&d=mm&r=g","contentUrl":"https:\/\/secure.gravatar.com\/avatar\/df0eced3bb556c806cb760cf503ade1ed1df25b4104d80d6fd28d93a9509aa12?s=96&d=mm&r=g","caption":"Simon Nussbaum"},"url":"https:\/\/swissbaker.ch\/fr\/panissimo-news\/author\/simon-nussbaum\/"}]}},"_links":{"self":[{"href":"https:\/\/swissbaker.ch\/fr\/wp-json\/wp\/v2\/posts\/63589","targetHints":{"allow":["GET"]}}],"collection":[{"href":"https:\/\/swissbaker.ch\/fr\/wp-json\/wp\/v2\/posts"}],"about":[{"href":"https:\/\/swissbaker.ch\/fr\/wp-json\/wp\/v2\/types\/post"}],"author":[{"embeddable":true,"href":"https:\/\/swissbaker.ch\/fr\/wp-json\/wp\/v2\/users\/5"}],"replies":[{"embeddable":true,"href":"https:\/\/swissbaker.ch\/fr\/wp-json\/wp\/v2\/comments?post=63589"}],"version-history":[{"count":0,"href":"https:\/\/swissbaker.ch\/fr\/wp-json\/wp\/v2\/posts\/63589\/revisions"}],"wp:featuredmedia":[{"embeddable":true,"href":"https:\/\/swissbaker.ch\/fr\/wp-json\/wp\/v2\/media\/63587"}],"wp:attachment":[{"href":"https:\/\/swissbaker.ch\/fr\/wp-json\/wp\/v2\/media?parent=63589"}],"wp:term":[{"taxonomy":"category","embeddable":true,"href":"https:\/\/swissbaker.ch\/fr\/wp-json\/wp\/v2\/categories?post=63589"},{"taxonomy":"post_tag","embeddable":true,"href":"https:\/\/swissbaker.ch\/fr\/wp-json\/wp\/v2\/tags?post=63589"}],"curies":[{"name":"wp","href":"https:\/\/api.w.org\/{rel}","templated":true}]}}