{"id":63253,"date":"2023-06-15T07:57:29","date_gmt":"2023-06-15T05:57:29","guid":{"rendered":"https:\/\/swissbaker.ch\/?p=63253"},"modified":"2023-06-19T07:50:01","modified_gmt":"2023-06-19T05:50:01","slug":"quels-roles-jouent-nos-politiciens","status":"publish","type":"post","link":"https:\/\/swissbaker.ch\/fr\/panissimo-news\/quels-roles-jouent-nos-politiciens\/","title":{"rendered":"Quels r\u00f4les jouent nos politiciens?"},"content":{"rendered":"\n<p>Ch\u00e8re lectrice, cher lecteur,<\/p>\n\n\n\n<p>Le Conseil national a accept\u00e9 par 94 voix contre 82 la proposition du conseiller national bernois du Centre, Heinz Siegenthaler, d\u2019instaurer un nouveau jour f\u00e9ri\u00e9 national en date du 12\u202fseptembre. Sa motivation, soutenir la d\u00e9mocratie qui, il est vrai, ne se porte pas vraiment bien dans ce monde. Je ne pense pas que lui d\u00e9dier un jour f\u00e9ri\u00e9 changera la consid\u00e9ration que lui porte la population suisse. Ce jour f\u00e9ri\u00e9 suppl\u00e9mentaire renforcera plut\u00f4t les in\u00e9galit\u00e9s.<\/p>\n\n\n\n<p>Les personnes qui en b\u00e9n\u00e9ficieront, voudront en profiter au maximum. Elles auront recours aux offres de loisirs et de tourisme, elles se d\u00e9placeront en voiture, elles iront manger au restaurant et feront des achats plus ou moins indispensables. Et naturellement en cas de probl\u00e8me, elles s\u2019attendront \u00e0 \u00eatre prises en charge par nos services de sant\u00e9 et de s\u00e9curit\u00e9\u2009\u2026<\/p>\n\n\n\n<p>Il est \u00e9vident que pour assumer tous ces d\u00e9placements, ces achats, d\u2019autres personnes devront travailler. Les m\u00eames qui sont d\u00e9j\u00e0 de service les week-ends et les autres jours f\u00e9ri\u00e9s et qui une fois de plus ne pourront pas profiter de leur journ\u00e9e avec leur proche.<\/p>\n\n\n\n<p>Sans compter que pour les entreprises qui doivent assurer un travail continu comme la production et la commercialisation de denr\u00e9es alimentaires fra\u00eeches, les soins aux personnes et animaux, les services d\u2019ordre et l\u2019approvisionnement de la population et bien d\u2019autres encore, une semaine comprenant un jour f\u00e9ri\u00e9 signifie un stress suppl\u00e9mentaire. Il faut effectivement r\u00e9aliser son travail sur quatre jours au lieu de cinq et remanier son organisation ce qui n\u2019est pas simple \u00e0 mettre en place\u2009!<\/p>\n\n\n\n<p>La petite majorit\u00e9 des conseillers nationaux qui ont accept\u00e9 cette proposition semblent bien peu se soucier de toutes les professions concern\u00e9es. Ils devraient remettre l\u2019ouvrage sur le m\u00e9tier pour trouver une autre fa\u00e7on plus \u00e9galitaire et moins populiste de prendre soin de notre d\u00e9mocratie.<\/p>\n\n\n\n<p>J\u2019esp\u00e8re vraiment que la chambre des cantons refusera cette motion et que d\u2019autres ne verront pas le jour durant cette ann\u00e9e \u00e9lectorale\u2009!<\/p>\n\n\n\n<p class=\"has-text-align-right\"><em>Jean-Fran\u00e7ois Leuenberger<br>vice-pr\u00e9sident de la BCS<\/em><\/p>\n","protected":false},"excerpt":{"rendered":"<p>Le Conseil national a accept\u00e9 par 94 voix contre 82 la proposition du conseiller national bernois du Centre, Heinz Siegenthaler, d\u2019instaurer un nouveau jour f\u00e9ri\u00e9 national en date du 12\u202fseptembre. Sa motivation, soutenir la d\u00e9mocratie qui, il est vrai, ne se porte pas vraiment bien dans ce monde. Je ne pense pas que lui d\u00e9dier un jour f\u00e9ri\u00e9 changera la consid\u00e9ration que lui porte la population suisse. Ce jour f\u00e9ri\u00e9 suppl\u00e9mentaire renforcera plut\u00f4t les in\u00e9galit\u00e9s.<\/p>\n","protected":false},"author":5,"featured_media":63251,"comment_status":"closed","ping_status":"closed","sticky":true,"template":"","format":"standard","meta":{"_acf_changed":false,"footnotes":""},"categories":[41,44],"tags":[],"class_list":["post-63253","post","type-post","status-publish","format-standard","has-post-thumbnail","hentry","category-association","category-droit-politique"],"acf":[],"yoast_head":"<!-- This site is optimized with the Yoast SEO Premium plugin v26.8 (Yoast SEO v26.8) - https:\/\/yoast.com\/product\/yoast-seo-premium-wordpress\/ -->\n<title>Quels r\u00f4les jouent nos politiciens? | SBC<\/title>\n<meta name=\"description\" content=\"Je ne pense pas que lui d\u00e9dier un jour f\u00e9ri\u00e9 changera la consid\u00e9ration que lui porte la population suisse.\" \/>\n<meta name=\"robots\" content=\"index, follow, max-snippet:-1, max-image-preview:large, max-video-preview:-1\" \/>\n<link rel=\"canonical\" href=\"https:\/\/swissbaker.ch\/fr\/panissimo-news\/quels-roles-jouent-nos-politiciens\/\" \/>\n<meta property=\"og:locale\" content=\"fr_FR\" \/>\n<meta property=\"og:type\" content=\"article\" \/>\n<meta property=\"og:title\" content=\"Quels r\u00f4les jouent nos politiciens?\" \/>\n<meta property=\"og:description\" content=\"Je ne pense pas que lui d\u00e9dier un jour f\u00e9ri\u00e9 changera la consid\u00e9ration que lui porte la population suisse.\" \/>\n<meta property=\"og:url\" content=\"https:\/\/swissbaker.ch\/fr\/panissimo-news\/quels-roles-jouent-nos-politiciens\/\" \/>\n<meta property=\"og:site_name\" content=\"SBC\" \/>\n<meta property=\"article:publisher\" content=\"https:\/\/www.facebook.com\/swissbaker.ch\" \/>\n<meta property=\"article:published_time\" content=\"2023-06-15T05:57:29+00:00\" \/>\n<meta property=\"article:modified_time\" content=\"2023-06-19T05:50:01+00:00\" \/>\n<meta property=\"og:image\" content=\"https:\/\/swissbaker.ch\/wp-content\/uploads\/2023\/06\/jean_francois_leuenberger_2023.jpg\" \/>\n\t<meta property=\"og:image:width\" content=\"1200\" \/>\n\t<meta property=\"og:image:height\" content=\"712\" \/>\n\t<meta property=\"og:image:type\" content=\"image\/jpeg\" \/>\n<meta name=\"author\" content=\"Simon Nussbaum\" \/>\n<meta name=\"twitter:card\" content=\"summary_large_image\" \/>\n<meta name=\"twitter:creator\" content=\"@ch_swissbaker\" \/>\n<meta name=\"twitter:site\" content=\"@ch_swissbaker\" \/>\n<meta name=\"twitter:label1\" content=\"Written by\" \/>\n\t<meta name=\"twitter:data1\" content=\"Simon Nussbaum\" \/>\n\t<meta name=\"twitter:label2\" content=\"Est. reading time\" \/>\n\t<meta name=\"twitter:data2\" content=\"2 minutes\" \/>\n<script type=\"application\/ld+json\" class=\"yoast-schema-graph\">{\"@context\":\"https:\/\/schema.org\",\"@graph\":[{\"@type\":\"Article\",\"@id\":\"https:\/\/swissbaker.ch\/fr\/panissimo-news\/quels-roles-jouent-nos-politiciens\/#article\",\"isPartOf\":{\"@id\":\"https:\/\/swissbaker.ch\/fr\/panissimo-news\/quels-roles-jouent-nos-politiciens\/\"},\"author\":{\"name\":\"Simon Nussbaum\",\"@id\":\"https:\/\/swissbaker.ch\/fr\/#\/schema\/person\/74bd327b08c18ca6042c02ff6f0ed5e2\"},\"headline\":\"Quels r\u00f4les jouent nos politiciens?\",\"datePublished\":\"2023-06-15T05:57:29+00:00\",\"dateModified\":\"2023-06-19T05:50:01+00:00\",\"mainEntityOfPage\":{\"@id\":\"https:\/\/swissbaker.ch\/fr\/panissimo-news\/quels-roles-jouent-nos-politiciens\/\"},\"wordCount\":377,\"publisher\":{\"@id\":\"https:\/\/swissbaker.ch\/fr\/#organization\"},\"image\":{\"@id\":\"https:\/\/swissbaker.ch\/fr\/panissimo-news\/quels-roles-jouent-nos-politiciens\/#primaryimage\"},\"thumbnailUrl\":\"https:\/\/swissbaker.ch\/wp-content\/uploads\/2023\/06\/jean_francois_leuenberger_2023.jpg\",\"articleSection\":[\"Association\",\"Droit &amp; politique\"],\"inLanguage\":\"fr-FR\"},{\"@type\":\"WebPage\",\"@id\":\"https:\/\/swissbaker.ch\/fr\/panissimo-news\/quels-roles-jouent-nos-politiciens\/\",\"url\":\"https:\/\/swissbaker.ch\/fr\/panissimo-news\/quels-roles-jouent-nos-politiciens\/\",\"name\":\"Quels r\u00f4les jouent nos politiciens? | SBC\",\"isPartOf\":{\"@id\":\"https:\/\/swissbaker.ch\/fr\/#website\"},\"primaryImageOfPage\":{\"@id\":\"https:\/\/swissbaker.ch\/fr\/panissimo-news\/quels-roles-jouent-nos-politiciens\/#primaryimage\"},\"image\":{\"@id\":\"https:\/\/swissbaker.ch\/fr\/panissimo-news\/quels-roles-jouent-nos-politiciens\/#primaryimage\"},\"thumbnailUrl\":\"https:\/\/swissbaker.ch\/wp-content\/uploads\/2023\/06\/jean_francois_leuenberger_2023.jpg\",\"datePublished\":\"2023-06-15T05:57:29+00:00\",\"dateModified\":\"2023-06-19T05:50:01+00:00\",\"description\":\"Je ne pense pas que lui d\u00e9dier un jour f\u00e9ri\u00e9 changera la consid\u00e9ration que lui porte la population suisse.\",\"breadcrumb\":{\"@id\":\"https:\/\/swissbaker.ch\/fr\/panissimo-news\/quels-roles-jouent-nos-politiciens\/#breadcrumb\"},\"inLanguage\":\"fr-FR\",\"potentialAction\":[{\"@type\":\"ReadAction\",\"target\":[\"https:\/\/swissbaker.ch\/fr\/panissimo-news\/quels-roles-jouent-nos-politiciens\/\"]}]},{\"@type\":\"ImageObject\",\"inLanguage\":\"fr-FR\",\"@id\":\"https:\/\/swissbaker.ch\/fr\/panissimo-news\/quels-roles-jouent-nos-politiciens\/#primaryimage\",\"url\":\"https:\/\/swissbaker.ch\/wp-content\/uploads\/2023\/06\/jean_francois_leuenberger_2023.jpg\",\"contentUrl\":\"https:\/\/swissbaker.ch\/wp-content\/uploads\/2023\/06\/jean_francois_leuenberger_2023.jpg\",\"width\":1200,\"height\":712},{\"@type\":\"BreadcrumbList\",\"@id\":\"https:\/\/swissbaker.ch\/fr\/panissimo-news\/quels-roles-jouent-nos-politiciens\/#breadcrumb\",\"itemListElement\":[{\"@type\":\"ListItem\",\"position\":1,\"name\":\"\",\"item\":\"https:\/\/swissbaker.ch\/fr\/\"},{\"@type\":\"ListItem\",\"position\":2,\"name\":\"Droit &amp; politique\",\"item\":\"https:\/\/swissbaker.ch\/fr\/panissimo-news\/category\/droit-politique\/\"},{\"@type\":\"ListItem\",\"position\":3,\"name\":\"Quels r\u00f4les jouent nos politiciens?\"}]},{\"@type\":\"WebSite\",\"@id\":\"https:\/\/swissbaker.ch\/fr\/#website\",\"url\":\"https:\/\/swissbaker.ch\/fr\/\",\"name\":\"SBC\",\"description\":\"\",\"publisher\":{\"@id\":\"https:\/\/swissbaker.ch\/fr\/#organization\"},\"potentialAction\":[{\"@type\":\"SearchAction\",\"target\":{\"@type\":\"EntryPoint\",\"urlTemplate\":\"https:\/\/swissbaker.ch\/fr\/?s={search_term_string}\"},\"query-input\":{\"@type\":\"PropertyValueSpecification\",\"valueRequired\":true,\"valueName\":\"search_term_string\"}}],\"inLanguage\":\"fr-FR\"},{\"@type\":\"Organization\",\"@id\":\"https:\/\/swissbaker.ch\/fr\/#organization\",\"name\":\"Schweizerischer B\u00e4cker-Confiseurmeister-Verband\",\"url\":\"https:\/\/swissbaker.ch\/fr\/\",\"logo\":{\"@type\":\"ImageObject\",\"inLanguage\":\"fr-FR\",\"@id\":\"https:\/\/swissbaker.ch\/fr\/#\/schema\/logo\/image\/\",\"url\":\"https:\/\/swissbaker.ch\/wp-content\/uploads\/2022\/04\/sbc-logo-yoast.jpg\",\"contentUrl\":\"https:\/\/swissbaker.ch\/wp-content\/uploads\/2022\/04\/sbc-logo-yoast.jpg\",\"width\":512,\"height\":512,\"caption\":\"Schweizerischer B\u00e4cker-Confiseurmeister-Verband\"},\"image\":{\"@id\":\"https:\/\/swissbaker.ch\/fr\/#\/schema\/logo\/image\/\"},\"sameAs\":[\"https:\/\/www.facebook.com\/swissbaker.ch\",\"https:\/\/x.com\/ch_swissbaker\"]},{\"@type\":\"Person\",\"@id\":\"https:\/\/swissbaker.ch\/fr\/#\/schema\/person\/74bd327b08c18ca6042c02ff6f0ed5e2\",\"name\":\"Simon Nussbaum\",\"image\":{\"@type\":\"ImageObject\",\"inLanguage\":\"fr-FR\",\"@id\":\"https:\/\/swissbaker.ch\/fr\/#\/schema\/person\/image\/\",\"url\":\"https:\/\/secure.gravatar.com\/avatar\/df0eced3bb556c806cb760cf503ade1ed1df25b4104d80d6fd28d93a9509aa12?s=96&d=mm&r=g\",\"contentUrl\":\"https:\/\/secure.gravatar.com\/avatar\/df0eced3bb556c806cb760cf503ade1ed1df25b4104d80d6fd28d93a9509aa12?s=96&d=mm&r=g\",\"caption\":\"Simon Nussbaum\"},\"url\":\"https:\/\/swissbaker.ch\/fr\/panissimo-news\/author\/simon-nussbaum\/\"}]}<\/script>\n<!-- \/ Yoast SEO Premium plugin. -->","yoast_head_json":{"title":"Quels r\u00f4les jouent nos politiciens? | SBC","description":"Je ne pense pas que lui d\u00e9dier un jour f\u00e9ri\u00e9 changera la consid\u00e9ration que lui porte la population suisse.","robots":{"index":"index","follow":"follow","max-snippet":"max-snippet:-1","max-image-preview":"max-image-preview:large","max-video-preview":"max-video-preview:-1"},"canonical":"https:\/\/swissbaker.ch\/fr\/panissimo-news\/quels-roles-jouent-nos-politiciens\/","og_locale":"fr_FR","og_type":"article","og_title":"Quels r\u00f4les jouent nos politiciens?","og_description":"Je ne pense pas que lui d\u00e9dier un jour f\u00e9ri\u00e9 changera la consid\u00e9ration que lui porte la population suisse.","og_url":"https:\/\/swissbaker.ch\/fr\/panissimo-news\/quels-roles-jouent-nos-politiciens\/","og_site_name":"SBC","article_publisher":"https:\/\/www.facebook.com\/swissbaker.ch","article_published_time":"2023-06-15T05:57:29+00:00","article_modified_time":"2023-06-19T05:50:01+00:00","og_image":[{"width":1200,"height":712,"url":"https:\/\/swissbaker.ch\/wp-content\/uploads\/2023\/06\/jean_francois_leuenberger_2023.jpg","type":"image\/jpeg"}],"author":"Simon Nussbaum","twitter_card":"summary_large_image","twitter_creator":"@ch_swissbaker","twitter_site":"@ch_swissbaker","twitter_misc":{"Written by":"Simon Nussbaum","Est. reading time":"2 minutes"},"schema":{"@context":"https:\/\/schema.org","@graph":[{"@type":"Article","@id":"https:\/\/swissbaker.ch\/fr\/panissimo-news\/quels-roles-jouent-nos-politiciens\/#article","isPartOf":{"@id":"https:\/\/swissbaker.ch\/fr\/panissimo-news\/quels-roles-jouent-nos-politiciens\/"},"author":{"name":"Simon Nussbaum","@id":"https:\/\/swissbaker.ch\/fr\/#\/schema\/person\/74bd327b08c18ca6042c02ff6f0ed5e2"},"headline":"Quels r\u00f4les jouent nos politiciens?","datePublished":"2023-06-15T05:57:29+00:00","dateModified":"2023-06-19T05:50:01+00:00","mainEntityOfPage":{"@id":"https:\/\/swissbaker.ch\/fr\/panissimo-news\/quels-roles-jouent-nos-politiciens\/"},"wordCount":377,"publisher":{"@id":"https:\/\/swissbaker.ch\/fr\/#organization"},"image":{"@id":"https:\/\/swissbaker.ch\/fr\/panissimo-news\/quels-roles-jouent-nos-politiciens\/#primaryimage"},"thumbnailUrl":"https:\/\/swissbaker.ch\/wp-content\/uploads\/2023\/06\/jean_francois_leuenberger_2023.jpg","articleSection":["Association","Droit &amp; politique"],"inLanguage":"fr-FR"},{"@type":"WebPage","@id":"https:\/\/swissbaker.ch\/fr\/panissimo-news\/quels-roles-jouent-nos-politiciens\/","url":"https:\/\/swissbaker.ch\/fr\/panissimo-news\/quels-roles-jouent-nos-politiciens\/","name":"Quels r\u00f4les jouent nos politiciens? | SBC","isPartOf":{"@id":"https:\/\/swissbaker.ch\/fr\/#website"},"primaryImageOfPage":{"@id":"https:\/\/swissbaker.ch\/fr\/panissimo-news\/quels-roles-jouent-nos-politiciens\/#primaryimage"},"image":{"@id":"https:\/\/swissbaker.ch\/fr\/panissimo-news\/quels-roles-jouent-nos-politiciens\/#primaryimage"},"thumbnailUrl":"https:\/\/swissbaker.ch\/wp-content\/uploads\/2023\/06\/jean_francois_leuenberger_2023.jpg","datePublished":"2023-06-15T05:57:29+00:00","dateModified":"2023-06-19T05:50:01+00:00","description":"Je ne pense pas que lui d\u00e9dier un jour f\u00e9ri\u00e9 changera la consid\u00e9ration que lui porte la population suisse.","breadcrumb":{"@id":"https:\/\/swissbaker.ch\/fr\/panissimo-news\/quels-roles-jouent-nos-politiciens\/#breadcrumb"},"inLanguage":"fr-FR","potentialAction":[{"@type":"ReadAction","target":["https:\/\/swissbaker.ch\/fr\/panissimo-news\/quels-roles-jouent-nos-politiciens\/"]}]},{"@type":"ImageObject","inLanguage":"fr-FR","@id":"https:\/\/swissbaker.ch\/fr\/panissimo-news\/quels-roles-jouent-nos-politiciens\/#primaryimage","url":"https:\/\/swissbaker.ch\/wp-content\/uploads\/2023\/06\/jean_francois_leuenberger_2023.jpg","contentUrl":"https:\/\/swissbaker.ch\/wp-content\/uploads\/2023\/06\/jean_francois_leuenberger_2023.jpg","width":1200,"height":712},{"@type":"BreadcrumbList","@id":"https:\/\/swissbaker.ch\/fr\/panissimo-news\/quels-roles-jouent-nos-politiciens\/#breadcrumb","itemListElement":[{"@type":"ListItem","position":1,"name":"","item":"https:\/\/swissbaker.ch\/fr\/"},{"@type":"ListItem","position":2,"name":"Droit &amp; politique","item":"https:\/\/swissbaker.ch\/fr\/panissimo-news\/category\/droit-politique\/"},{"@type":"ListItem","position":3,"name":"Quels r\u00f4les jouent nos politiciens?"}]},{"@type":"WebSite","@id":"https:\/\/swissbaker.ch\/fr\/#website","url":"https:\/\/swissbaker.ch\/fr\/","name":"SBC","description":"","publisher":{"@id":"https:\/\/swissbaker.ch\/fr\/#organization"},"potentialAction":[{"@type":"SearchAction","target":{"@type":"EntryPoint","urlTemplate":"https:\/\/swissbaker.ch\/fr\/?s={search_term_string}"},"query-input":{"@type":"PropertyValueSpecification","valueRequired":true,"valueName":"search_term_string"}}],"inLanguage":"fr-FR"},{"@type":"Organization","@id":"https:\/\/swissbaker.ch\/fr\/#organization","name":"Schweizerischer B\u00e4cker-Confiseurmeister-Verband","url":"https:\/\/swissbaker.ch\/fr\/","logo":{"@type":"ImageObject","inLanguage":"fr-FR","@id":"https:\/\/swissbaker.ch\/fr\/#\/schema\/logo\/image\/","url":"https:\/\/swissbaker.ch\/wp-content\/uploads\/2022\/04\/sbc-logo-yoast.jpg","contentUrl":"https:\/\/swissbaker.ch\/wp-content\/uploads\/2022\/04\/sbc-logo-yoast.jpg","width":512,"height":512,"caption":"Schweizerischer B\u00e4cker-Confiseurmeister-Verband"},"image":{"@id":"https:\/\/swissbaker.ch\/fr\/#\/schema\/logo\/image\/"},"sameAs":["https:\/\/www.facebook.com\/swissbaker.ch","https:\/\/x.com\/ch_swissbaker"]},{"@type":"Person","@id":"https:\/\/swissbaker.ch\/fr\/#\/schema\/person\/74bd327b08c18ca6042c02ff6f0ed5e2","name":"Simon Nussbaum","image":{"@type":"ImageObject","inLanguage":"fr-FR","@id":"https:\/\/swissbaker.ch\/fr\/#\/schema\/person\/image\/","url":"https:\/\/secure.gravatar.com\/avatar\/df0eced3bb556c806cb760cf503ade1ed1df25b4104d80d6fd28d93a9509aa12?s=96&d=mm&r=g","contentUrl":"https:\/\/secure.gravatar.com\/avatar\/df0eced3bb556c806cb760cf503ade1ed1df25b4104d80d6fd28d93a9509aa12?s=96&d=mm&r=g","caption":"Simon Nussbaum"},"url":"https:\/\/swissbaker.ch\/fr\/panissimo-news\/author\/simon-nussbaum\/"}]}},"_links":{"self":[{"href":"https:\/\/swissbaker.ch\/fr\/wp-json\/wp\/v2\/posts\/63253","targetHints":{"allow":["GET"]}}],"collection":[{"href":"https:\/\/swissbaker.ch\/fr\/wp-json\/wp\/v2\/posts"}],"about":[{"href":"https:\/\/swissbaker.ch\/fr\/wp-json\/wp\/v2\/types\/post"}],"author":[{"embeddable":true,"href":"https:\/\/swissbaker.ch\/fr\/wp-json\/wp\/v2\/users\/5"}],"replies":[{"embeddable":true,"href":"https:\/\/swissbaker.ch\/fr\/wp-json\/wp\/v2\/comments?post=63253"}],"version-history":[{"count":0,"href":"https:\/\/swissbaker.ch\/fr\/wp-json\/wp\/v2\/posts\/63253\/revisions"}],"wp:featuredmedia":[{"embeddable":true,"href":"https:\/\/swissbaker.ch\/fr\/wp-json\/wp\/v2\/media\/63251"}],"wp:attachment":[{"href":"https:\/\/swissbaker.ch\/fr\/wp-json\/wp\/v2\/media?parent=63253"}],"wp:term":[{"taxonomy":"category","embeddable":true,"href":"https:\/\/swissbaker.ch\/fr\/wp-json\/wp\/v2\/categories?post=63253"},{"taxonomy":"post_tag","embeddable":true,"href":"https:\/\/swissbaker.ch\/fr\/wp-json\/wp\/v2\/tags?post=63253"}],"curies":[{"name":"wp","href":"https:\/\/api.w.org\/{rel}","templated":true}]}}