{"id":62804,"date":"2023-06-13T20:12:24","date_gmt":"2023-06-13T18:12:24","guid":{"rendered":"https:\/\/swissbaker.ch\/?p=62804"},"modified":"2023-06-15T09:20:01","modified_gmt":"2023-06-15T07:20:01","slug":"reelection-du-vice-president-de-la-bcs-de-courtelary-2","status":"publish","type":"post","link":"https:\/\/swissbaker.ch\/fr\/panissimo-news\/reelection-du-vice-president-de-la-bcs-de-courtelary-2\/","title":{"rendered":"R\u00e9\u00e9lection du vice-pr\u00e9sident de la BCS, de Courtelary"},"content":{"rendered":"\n<p><strong>Lors de leur 137<sup>e<\/sup> congr\u00e8s de ce mardi, les boulangers-confiseurs suisses ont r\u00e9\u00e9lu \u00e0 l\u2019unanimit\u00e9 in globo les 13 membres du comit\u00e9 central, dont l\u2019actuel pr\u00e9sident de la BCS Silvan Hotz, de Baar (ZG), et le vice-pr\u00e9sident Jean-Fran\u00e7ois Leuenberger, de Courtelary (JU), pour un nouveau mandat de deux ans. Deux nouveaux membres du comit\u00e9 ont \u00e9t\u00e9 d\u00e9sign\u00e9s, l&#8217;un \u00e9tant saint-gallois et l&#8217;autre zurichois.<\/strong><\/p>\n\n\n\n<p>Comme le veut la tradition, l\u2019\u00e9lection du pr\u00e9sident de la BCS et des membres du comit\u00e9 central pour un<br>mandat de deux ans a constitu\u00e9 le point fort de l\u2019assembl\u00e9e des d\u00e9l\u00e9gu\u00e9s de l\u2019Association suisse des patrons boulangers-confiseurs (BCS), qui s\u2019est tenue le 13 juin \u00e0 Berne. Silvan Hotz, pr\u00e9sident de la BCS, et JeanFran\u00e7ois, vice-pr\u00e9sident de la BCS, se r\u00e9jouissent de continuer \u00e0 s&#8217;atteler aux t\u00e2ches de l&#8217;association, en collaboration avec l\u2019\u00e9quipe du comit\u00e9.<br><\/p>\n\n\n\n<h2 class=\"wp-block-heading\" id=\"h-organe-strategique-de-l-association\">Organe strat\u00e9gique de l\u2019association<\/h2>\n\n\n\n<p><strong>Les 15 membres du comit\u00e9 central forment l\u2019organe strat\u00e9gique de la BCS; ils repr\u00e9sentent leur r\u00e9gion ou sont responsables des d\u00e9partements qui leur sont assign\u00e9s.<\/strong><\/p>\n\n\n\n<ul class=\"wp-block-list\">\n<li>Hotz Silvan, B\u00e4ckerei Hotz Rust AG, Baar (ZG) Pr\u00e9sident<\/li>\n\n\n\n<li>Ehrbar Edgar, R\u00f6ssli Beck D\u00f6rr AG, Sulgen (TG) D\u00e9partement CCT<\/li>\n\n\n\n<li>Frei Dominik, B\u00e4ckerei-Konditorei Frei AG, Nussbaumen (AG) Repr\u00e9sentant Argovie-B\u00e2le<\/li>\n\n\n\n<li>Frunz Lisa, Bebi\u00e9 Konditorei Confiserie GmbH, Lucerne D\u00e9partement commerce de d\u00e9tail<\/li>\n\n\n\n<li>Hasler Manfred, Ueli der Beck AG, Urtenen-Sch\u00f6nb\u00fchl (BE) Repr\u00e9sentant Berne-Soleure<\/li>\n\n\n\n<li>Leuenberger Jean-Fran\u00e7ois, Boulangerie chez Jean-Pierre, Courtelary (JU) Repr\u00e9sentant Suisse romande\/vice-pr\u00e9sident<\/li>\n\n\n\n<li>Lyner Peter, Beck Lyner, Winterthour (ZH) Repr\u00e9sentant Zurich-Schaffhouse<\/li>\n\n\n\n<li><a href=\"https:\/\/swissbaker.ch\/fr\/panissimo-news\/ce-sont-les-deux-nouveaux-nommes-au-comite-central\/\">Menzi Gregor, B\u00e4ckerei Abderhalden AG, Wattwil (SG) <\/a>&gt;<strong> nouveau Repr\u00e9sentant Suisse orientale<\/strong><\/li>\n\n\n\n<li>Schnyder Martin, Confiserie Roggwiller AG, Saint-Gall D\u00e9partement finances<\/li>\n\n\n\n<li>Signer Peter, B\u00e4ckerei-Konditorei-Caf\u00e9 Signer, Zizers (GR) D\u00e9partement formation production<\/li>\n\n\n\n<li>Ohnmacht Wilhelm, Boulangerie-p\u00e2tisserie des Planches, Montreux (VD) Repr\u00e9sentant Suisse romande<\/li>\n\n\n\n<li><a href=\"https:\/\/swissbaker.ch\/fr\/panissimo-news\/ce-sont-les-deux-nouveaux-nommes-au-comite-central\/\">Pfister Konrad, B\u00e4ckerei-Conditorei Fleischli AG, Niederglatt (ZH) <\/a>&gt; <strong>nouveau Repr\u00e9sentant grandes entreprises<\/strong><\/li>\n\n\n\n<li>R\u00e4ber Roland, B\u00e4ckerei-Konditorei-Caf\u00e9 Jonerhof, Jona (SG) D\u00e9partement assurances sociales et de personnes<\/li>\n\n\n\n<li>Ricigliano Daniel, Pasticceria Ricigliano SA, Lugano (TI) Repr\u00e9sentant Tessin<\/li>\n\n\n\n<li>Willi Franz, Willi Beck AG, Sempach (LU) D\u00e9partement MSST\/repr\u00e9sentant Suisse centrale<\/li>\n<\/ul>\n","protected":false},"excerpt":{"rendered":"<p>Lors de leur 137e congr\u00e8s de ce mardi, les boulangers-confiseurs suisses ont r\u00e9\u00e9lu \u00e0 l\u2019unanimit\u00e9 in globo les 13 membres du comit\u00e9 central, dont l\u2019actuel pr\u00e9sident de la BCS Silvan Hotz, de Baar (ZG), et le vice-pr\u00e9sident Jean-Fran\u00e7ois Leuenberger, de Courtelary (JU), pour un nouveau mandat de deux ans. Deux nouveaux membres du comit\u00e9 ont \u00e9t\u00e9 d\u00e9sign\u00e9s, l&#8217;un \u00e9tant saint-gallois et l&#8217;autre zurichois.<\/p>\n","protected":false},"author":5,"featured_media":63325,"comment_status":"closed","ping_status":"closed","sticky":true,"template":"","format":"standard","meta":{"_acf_changed":false,"footnotes":""},"categories":[41],"tags":[],"class_list":["post-62804","post","type-post","status-publish","format-standard","has-post-thumbnail","hentry","category-association"],"acf":[],"yoast_head":"<!-- This site is optimized with the Yoast SEO Premium plugin v26.8 (Yoast SEO v26.8) - https:\/\/yoast.com\/product\/yoast-seo-premium-wordpress\/ -->\n<title>R\u00e9\u00e9lection du vice-pr\u00e9sident de la BCS, de Courtelary | SBC<\/title>\n<meta name=\"robots\" content=\"index, follow, max-snippet:-1, max-image-preview:large, max-video-preview:-1\" \/>\n<link rel=\"canonical\" href=\"https:\/\/swissbaker.ch\/fr\/panissimo-news\/reelection-du-vice-president-de-la-bcs-de-courtelary-2\/\" \/>\n<meta property=\"og:locale\" content=\"fr_FR\" \/>\n<meta property=\"og:type\" content=\"article\" \/>\n<meta property=\"og:title\" content=\"R\u00e9\u00e9lection du vice-pr\u00e9sident de la BCS, de Courtelary\" \/>\n<meta property=\"og:description\" content=\"Lors de leur 137e congr\u00e8s de ce mardi, les boulangers-confiseurs suisses ont r\u00e9\u00e9lu \u00e0 l\u2019unanimit\u00e9 in globo les 13 membres du comit\u00e9 central, dont l\u2019actuel pr\u00e9sident de la BCS Silvan Hotz, de Baar (ZG), et le vice-pr\u00e9sident Jean-Fran\u00e7ois Leuenberger, de Courtelary (JU), pour un nouveau mandat de deux ans. Deux nouveaux membres du comit\u00e9 ont \u00e9t\u00e9 d\u00e9sign\u00e9s, l&#039;un \u00e9tant saint-gallois et l&#039;autre zurichois.\" \/>\n<meta property=\"og:url\" content=\"https:\/\/swissbaker.ch\/fr\/panissimo-news\/reelection-du-vice-president-de-la-bcs-de-courtelary-2\/\" \/>\n<meta property=\"og:site_name\" content=\"SBC\" \/>\n<meta property=\"article:publisher\" content=\"https:\/\/www.facebook.com\/swissbaker.ch\" \/>\n<meta property=\"article:published_time\" content=\"2023-06-13T18:12:24+00:00\" \/>\n<meta property=\"article:modified_time\" content=\"2023-06-15T07:20:01+00:00\" \/>\n<meta property=\"og:image\" content=\"https:\/\/swissbaker.ch\/wp-content\/uploads\/2023\/06\/12_1_zentralvorstand.jpg\" \/>\n\t<meta property=\"og:image:width\" content=\"1200\" \/>\n\t<meta property=\"og:image:height\" content=\"712\" \/>\n\t<meta property=\"og:image:type\" content=\"image\/jpeg\" \/>\n<meta name=\"author\" content=\"Simon Nussbaum\" \/>\n<meta name=\"twitter:card\" content=\"summary_large_image\" \/>\n<meta name=\"twitter:creator\" content=\"@ch_swissbaker\" \/>\n<meta name=\"twitter:site\" content=\"@ch_swissbaker\" \/>\n<meta name=\"twitter:label1\" content=\"Written by\" \/>\n\t<meta name=\"twitter:data1\" content=\"Simon Nussbaum\" \/>\n\t<meta name=\"twitter:label2\" content=\"Est. reading time\" \/>\n\t<meta name=\"twitter:data2\" content=\"2 minutes\" \/>\n<script type=\"application\/ld+json\" class=\"yoast-schema-graph\">{\"@context\":\"https:\/\/schema.org\",\"@graph\":[{\"@type\":\"Article\",\"@id\":\"https:\/\/swissbaker.ch\/fr\/panissimo-news\/reelection-du-vice-president-de-la-bcs-de-courtelary-2\/#article\",\"isPartOf\":{\"@id\":\"https:\/\/swissbaker.ch\/fr\/panissimo-news\/reelection-du-vice-president-de-la-bcs-de-courtelary-2\/\"},\"author\":{\"name\":\"Simon Nussbaum\",\"@id\":\"https:\/\/swissbaker.ch\/fr\/#\/schema\/person\/74bd327b08c18ca6042c02ff6f0ed5e2\"},\"headline\":\"R\u00e9\u00e9lection du vice-pr\u00e9sident de la BCS, de Courtelary\",\"datePublished\":\"2023-06-13T18:12:24+00:00\",\"dateModified\":\"2023-06-15T07:20:01+00:00\",\"mainEntityOfPage\":{\"@id\":\"https:\/\/swissbaker.ch\/fr\/panissimo-news\/reelection-du-vice-president-de-la-bcs-de-courtelary-2\/\"},\"wordCount\":390,\"publisher\":{\"@id\":\"https:\/\/swissbaker.ch\/fr\/#organization\"},\"image\":{\"@id\":\"https:\/\/swissbaker.ch\/fr\/panissimo-news\/reelection-du-vice-president-de-la-bcs-de-courtelary-2\/#primaryimage\"},\"thumbnailUrl\":\"https:\/\/swissbaker.ch\/wp-content\/uploads\/2023\/06\/12_1_zentralvorstand.jpg\",\"articleSection\":[\"Association\"],\"inLanguage\":\"fr-FR\"},{\"@type\":\"WebPage\",\"@id\":\"https:\/\/swissbaker.ch\/fr\/panissimo-news\/reelection-du-vice-president-de-la-bcs-de-courtelary-2\/\",\"url\":\"https:\/\/swissbaker.ch\/fr\/panissimo-news\/reelection-du-vice-president-de-la-bcs-de-courtelary-2\/\",\"name\":\"R\u00e9\u00e9lection du vice-pr\u00e9sident de la BCS, de Courtelary | SBC\",\"isPartOf\":{\"@id\":\"https:\/\/swissbaker.ch\/fr\/#website\"},\"primaryImageOfPage\":{\"@id\":\"https:\/\/swissbaker.ch\/fr\/panissimo-news\/reelection-du-vice-president-de-la-bcs-de-courtelary-2\/#primaryimage\"},\"image\":{\"@id\":\"https:\/\/swissbaker.ch\/fr\/panissimo-news\/reelection-du-vice-president-de-la-bcs-de-courtelary-2\/#primaryimage\"},\"thumbnailUrl\":\"https:\/\/swissbaker.ch\/wp-content\/uploads\/2023\/06\/12_1_zentralvorstand.jpg\",\"datePublished\":\"2023-06-13T18:12:24+00:00\",\"dateModified\":\"2023-06-15T07:20:01+00:00\",\"breadcrumb\":{\"@id\":\"https:\/\/swissbaker.ch\/fr\/panissimo-news\/reelection-du-vice-president-de-la-bcs-de-courtelary-2\/#breadcrumb\"},\"inLanguage\":\"fr-FR\",\"potentialAction\":[{\"@type\":\"ReadAction\",\"target\":[\"https:\/\/swissbaker.ch\/fr\/panissimo-news\/reelection-du-vice-president-de-la-bcs-de-courtelary-2\/\"]}]},{\"@type\":\"ImageObject\",\"inLanguage\":\"fr-FR\",\"@id\":\"https:\/\/swissbaker.ch\/fr\/panissimo-news\/reelection-du-vice-president-de-la-bcs-de-courtelary-2\/#primaryimage\",\"url\":\"https:\/\/swissbaker.ch\/wp-content\/uploads\/2023\/06\/12_1_zentralvorstand.jpg\",\"contentUrl\":\"https:\/\/swissbaker.ch\/wp-content\/uploads\/2023\/06\/12_1_zentralvorstand.jpg\",\"width\":1200,\"height\":712},{\"@type\":\"BreadcrumbList\",\"@id\":\"https:\/\/swissbaker.ch\/fr\/panissimo-news\/reelection-du-vice-president-de-la-bcs-de-courtelary-2\/#breadcrumb\",\"itemListElement\":[{\"@type\":\"ListItem\",\"position\":1,\"name\":\"\",\"item\":\"https:\/\/swissbaker.ch\/fr\/\"},{\"@type\":\"ListItem\",\"position\":2,\"name\":\"Association\",\"item\":\"https:\/\/swissbaker.ch\/fr\/panissimo-news\/category\/association\/\"},{\"@type\":\"ListItem\",\"position\":3,\"name\":\"R\u00e9\u00e9lection du vice-pr\u00e9sident de la BCS, de Courtelary\"}]},{\"@type\":\"WebSite\",\"@id\":\"https:\/\/swissbaker.ch\/fr\/#website\",\"url\":\"https:\/\/swissbaker.ch\/fr\/\",\"name\":\"SBC\",\"description\":\"\",\"publisher\":{\"@id\":\"https:\/\/swissbaker.ch\/fr\/#organization\"},\"potentialAction\":[{\"@type\":\"SearchAction\",\"target\":{\"@type\":\"EntryPoint\",\"urlTemplate\":\"https:\/\/swissbaker.ch\/fr\/?s={search_term_string}\"},\"query-input\":{\"@type\":\"PropertyValueSpecification\",\"valueRequired\":true,\"valueName\":\"search_term_string\"}}],\"inLanguage\":\"fr-FR\"},{\"@type\":\"Organization\",\"@id\":\"https:\/\/swissbaker.ch\/fr\/#organization\",\"name\":\"Schweizerischer B\u00e4cker-Confiseurmeister-Verband\",\"url\":\"https:\/\/swissbaker.ch\/fr\/\",\"logo\":{\"@type\":\"ImageObject\",\"inLanguage\":\"fr-FR\",\"@id\":\"https:\/\/swissbaker.ch\/fr\/#\/schema\/logo\/image\/\",\"url\":\"https:\/\/swissbaker.ch\/wp-content\/uploads\/2022\/04\/sbc-logo-yoast.jpg\",\"contentUrl\":\"https:\/\/swissbaker.ch\/wp-content\/uploads\/2022\/04\/sbc-logo-yoast.jpg\",\"width\":512,\"height\":512,\"caption\":\"Schweizerischer B\u00e4cker-Confiseurmeister-Verband\"},\"image\":{\"@id\":\"https:\/\/swissbaker.ch\/fr\/#\/schema\/logo\/image\/\"},\"sameAs\":[\"https:\/\/www.facebook.com\/swissbaker.ch\",\"https:\/\/x.com\/ch_swissbaker\"]},{\"@type\":\"Person\",\"@id\":\"https:\/\/swissbaker.ch\/fr\/#\/schema\/person\/74bd327b08c18ca6042c02ff6f0ed5e2\",\"name\":\"Simon Nussbaum\",\"image\":{\"@type\":\"ImageObject\",\"inLanguage\":\"fr-FR\",\"@id\":\"https:\/\/swissbaker.ch\/fr\/#\/schema\/person\/image\/\",\"url\":\"https:\/\/secure.gravatar.com\/avatar\/df0eced3bb556c806cb760cf503ade1ed1df25b4104d80d6fd28d93a9509aa12?s=96&d=mm&r=g\",\"contentUrl\":\"https:\/\/secure.gravatar.com\/avatar\/df0eced3bb556c806cb760cf503ade1ed1df25b4104d80d6fd28d93a9509aa12?s=96&d=mm&r=g\",\"caption\":\"Simon Nussbaum\"},\"url\":\"https:\/\/swissbaker.ch\/fr\/panissimo-news\/author\/simon-nussbaum\/\"}]}<\/script>\n<!-- \/ Yoast SEO Premium plugin. -->","yoast_head_json":{"title":"R\u00e9\u00e9lection du vice-pr\u00e9sident de la BCS, de Courtelary | SBC","robots":{"index":"index","follow":"follow","max-snippet":"max-snippet:-1","max-image-preview":"max-image-preview:large","max-video-preview":"max-video-preview:-1"},"canonical":"https:\/\/swissbaker.ch\/fr\/panissimo-news\/reelection-du-vice-president-de-la-bcs-de-courtelary-2\/","og_locale":"fr_FR","og_type":"article","og_title":"R\u00e9\u00e9lection du vice-pr\u00e9sident de la BCS, de Courtelary","og_description":"Lors de leur 137e congr\u00e8s de ce mardi, les boulangers-confiseurs suisses ont r\u00e9\u00e9lu \u00e0 l\u2019unanimit\u00e9 in globo les 13 membres du comit\u00e9 central, dont l\u2019actuel pr\u00e9sident de la BCS Silvan Hotz, de Baar (ZG), et le vice-pr\u00e9sident Jean-Fran\u00e7ois Leuenberger, de Courtelary (JU), pour un nouveau mandat de deux ans. Deux nouveaux membres du comit\u00e9 ont \u00e9t\u00e9 d\u00e9sign\u00e9s, l'un \u00e9tant saint-gallois et l'autre zurichois.","og_url":"https:\/\/swissbaker.ch\/fr\/panissimo-news\/reelection-du-vice-president-de-la-bcs-de-courtelary-2\/","og_site_name":"SBC","article_publisher":"https:\/\/www.facebook.com\/swissbaker.ch","article_published_time":"2023-06-13T18:12:24+00:00","article_modified_time":"2023-06-15T07:20:01+00:00","og_image":[{"width":1200,"height":712,"url":"https:\/\/swissbaker.ch\/wp-content\/uploads\/2023\/06\/12_1_zentralvorstand.jpg","type":"image\/jpeg"}],"author":"Simon Nussbaum","twitter_card":"summary_large_image","twitter_creator":"@ch_swissbaker","twitter_site":"@ch_swissbaker","twitter_misc":{"Written by":"Simon Nussbaum","Est. reading time":"2 minutes"},"schema":{"@context":"https:\/\/schema.org","@graph":[{"@type":"Article","@id":"https:\/\/swissbaker.ch\/fr\/panissimo-news\/reelection-du-vice-president-de-la-bcs-de-courtelary-2\/#article","isPartOf":{"@id":"https:\/\/swissbaker.ch\/fr\/panissimo-news\/reelection-du-vice-president-de-la-bcs-de-courtelary-2\/"},"author":{"name":"Simon Nussbaum","@id":"https:\/\/swissbaker.ch\/fr\/#\/schema\/person\/74bd327b08c18ca6042c02ff6f0ed5e2"},"headline":"R\u00e9\u00e9lection du vice-pr\u00e9sident de la BCS, de Courtelary","datePublished":"2023-06-13T18:12:24+00:00","dateModified":"2023-06-15T07:20:01+00:00","mainEntityOfPage":{"@id":"https:\/\/swissbaker.ch\/fr\/panissimo-news\/reelection-du-vice-president-de-la-bcs-de-courtelary-2\/"},"wordCount":390,"publisher":{"@id":"https:\/\/swissbaker.ch\/fr\/#organization"},"image":{"@id":"https:\/\/swissbaker.ch\/fr\/panissimo-news\/reelection-du-vice-president-de-la-bcs-de-courtelary-2\/#primaryimage"},"thumbnailUrl":"https:\/\/swissbaker.ch\/wp-content\/uploads\/2023\/06\/12_1_zentralvorstand.jpg","articleSection":["Association"],"inLanguage":"fr-FR"},{"@type":"WebPage","@id":"https:\/\/swissbaker.ch\/fr\/panissimo-news\/reelection-du-vice-president-de-la-bcs-de-courtelary-2\/","url":"https:\/\/swissbaker.ch\/fr\/panissimo-news\/reelection-du-vice-president-de-la-bcs-de-courtelary-2\/","name":"R\u00e9\u00e9lection du vice-pr\u00e9sident de la BCS, de Courtelary | SBC","isPartOf":{"@id":"https:\/\/swissbaker.ch\/fr\/#website"},"primaryImageOfPage":{"@id":"https:\/\/swissbaker.ch\/fr\/panissimo-news\/reelection-du-vice-president-de-la-bcs-de-courtelary-2\/#primaryimage"},"image":{"@id":"https:\/\/swissbaker.ch\/fr\/panissimo-news\/reelection-du-vice-president-de-la-bcs-de-courtelary-2\/#primaryimage"},"thumbnailUrl":"https:\/\/swissbaker.ch\/wp-content\/uploads\/2023\/06\/12_1_zentralvorstand.jpg","datePublished":"2023-06-13T18:12:24+00:00","dateModified":"2023-06-15T07:20:01+00:00","breadcrumb":{"@id":"https:\/\/swissbaker.ch\/fr\/panissimo-news\/reelection-du-vice-president-de-la-bcs-de-courtelary-2\/#breadcrumb"},"inLanguage":"fr-FR","potentialAction":[{"@type":"ReadAction","target":["https:\/\/swissbaker.ch\/fr\/panissimo-news\/reelection-du-vice-president-de-la-bcs-de-courtelary-2\/"]}]},{"@type":"ImageObject","inLanguage":"fr-FR","@id":"https:\/\/swissbaker.ch\/fr\/panissimo-news\/reelection-du-vice-president-de-la-bcs-de-courtelary-2\/#primaryimage","url":"https:\/\/swissbaker.ch\/wp-content\/uploads\/2023\/06\/12_1_zentralvorstand.jpg","contentUrl":"https:\/\/swissbaker.ch\/wp-content\/uploads\/2023\/06\/12_1_zentralvorstand.jpg","width":1200,"height":712},{"@type":"BreadcrumbList","@id":"https:\/\/swissbaker.ch\/fr\/panissimo-news\/reelection-du-vice-president-de-la-bcs-de-courtelary-2\/#breadcrumb","itemListElement":[{"@type":"ListItem","position":1,"name":"","item":"https:\/\/swissbaker.ch\/fr\/"},{"@type":"ListItem","position":2,"name":"Association","item":"https:\/\/swissbaker.ch\/fr\/panissimo-news\/category\/association\/"},{"@type":"ListItem","position":3,"name":"R\u00e9\u00e9lection du vice-pr\u00e9sident de la BCS, de Courtelary"}]},{"@type":"WebSite","@id":"https:\/\/swissbaker.ch\/fr\/#website","url":"https:\/\/swissbaker.ch\/fr\/","name":"SBC","description":"","publisher":{"@id":"https:\/\/swissbaker.ch\/fr\/#organization"},"potentialAction":[{"@type":"SearchAction","target":{"@type":"EntryPoint","urlTemplate":"https:\/\/swissbaker.ch\/fr\/?s={search_term_string}"},"query-input":{"@type":"PropertyValueSpecification","valueRequired":true,"valueName":"search_term_string"}}],"inLanguage":"fr-FR"},{"@type":"Organization","@id":"https:\/\/swissbaker.ch\/fr\/#organization","name":"Schweizerischer B\u00e4cker-Confiseurmeister-Verband","url":"https:\/\/swissbaker.ch\/fr\/","logo":{"@type":"ImageObject","inLanguage":"fr-FR","@id":"https:\/\/swissbaker.ch\/fr\/#\/schema\/logo\/image\/","url":"https:\/\/swissbaker.ch\/wp-content\/uploads\/2022\/04\/sbc-logo-yoast.jpg","contentUrl":"https:\/\/swissbaker.ch\/wp-content\/uploads\/2022\/04\/sbc-logo-yoast.jpg","width":512,"height":512,"caption":"Schweizerischer B\u00e4cker-Confiseurmeister-Verband"},"image":{"@id":"https:\/\/swissbaker.ch\/fr\/#\/schema\/logo\/image\/"},"sameAs":["https:\/\/www.facebook.com\/swissbaker.ch","https:\/\/x.com\/ch_swissbaker"]},{"@type":"Person","@id":"https:\/\/swissbaker.ch\/fr\/#\/schema\/person\/74bd327b08c18ca6042c02ff6f0ed5e2","name":"Simon Nussbaum","image":{"@type":"ImageObject","inLanguage":"fr-FR","@id":"https:\/\/swissbaker.ch\/fr\/#\/schema\/person\/image\/","url":"https:\/\/secure.gravatar.com\/avatar\/df0eced3bb556c806cb760cf503ade1ed1df25b4104d80d6fd28d93a9509aa12?s=96&d=mm&r=g","contentUrl":"https:\/\/secure.gravatar.com\/avatar\/df0eced3bb556c806cb760cf503ade1ed1df25b4104d80d6fd28d93a9509aa12?s=96&d=mm&r=g","caption":"Simon Nussbaum"},"url":"https:\/\/swissbaker.ch\/fr\/panissimo-news\/author\/simon-nussbaum\/"}]}},"_links":{"self":[{"href":"https:\/\/swissbaker.ch\/fr\/wp-json\/wp\/v2\/posts\/62804","targetHints":{"allow":["GET"]}}],"collection":[{"href":"https:\/\/swissbaker.ch\/fr\/wp-json\/wp\/v2\/posts"}],"about":[{"href":"https:\/\/swissbaker.ch\/fr\/wp-json\/wp\/v2\/types\/post"}],"author":[{"embeddable":true,"href":"https:\/\/swissbaker.ch\/fr\/wp-json\/wp\/v2\/users\/5"}],"replies":[{"embeddable":true,"href":"https:\/\/swissbaker.ch\/fr\/wp-json\/wp\/v2\/comments?post=62804"}],"version-history":[{"count":0,"href":"https:\/\/swissbaker.ch\/fr\/wp-json\/wp\/v2\/posts\/62804\/revisions"}],"wp:featuredmedia":[{"embeddable":true,"href":"https:\/\/swissbaker.ch\/fr\/wp-json\/wp\/v2\/media\/63325"}],"wp:attachment":[{"href":"https:\/\/swissbaker.ch\/fr\/wp-json\/wp\/v2\/media?parent=62804"}],"wp:term":[{"taxonomy":"category","embeddable":true,"href":"https:\/\/swissbaker.ch\/fr\/wp-json\/wp\/v2\/categories?post=62804"},{"taxonomy":"post_tag","embeddable":true,"href":"https:\/\/swissbaker.ch\/fr\/wp-json\/wp\/v2\/tags?post=62804"}],"curies":[{"name":"wp","href":"https:\/\/api.w.org\/{rel}","templated":true}]}}