{"id":62799,"date":"2023-06-13T19:03:00","date_gmt":"2023-06-13T17:03:00","guid":{"rendered":"https:\/\/swissbaker.ch\/?p=62799"},"modified":"2023-06-15T10:38:28","modified_gmt":"2023-06-15T08:38:28","slug":"cuche-et-barbezat-sont-ambassadeurs-du-pain-et-du-chocolat","status":"publish","type":"post","link":"https:\/\/swissbaker.ch\/fr\/panissimo-news\/cuche-et-barbezat-sont-ambassadeurs-du-pain-et-du-chocolat\/","title":{"rendered":"\u00abCuche et Barbezat\u00bb sont \u00abAmbassadeurs du pain et du chocolat\u00bb"},"content":{"rendered":"\n<p><strong>Dans le cadre de leur congr\u00e8s annuel \u00e0 Berne, les boulangers-confiseurs suisses ont nomm\u00e9 \u00abAmbassadeurs du pain et du chocolat 2023\u00bb les deux comiques \u00abCuche et Barbezat\u00bb, qui for-ment un duo bien connu en Suisse romande et en France. Se produisant ensemble sur sc\u00e8ne avec succ\u00e8s depuis plus de 35 ans, les nouveaux ambassadeurs du secteur partagent \u00e9galement une r\u00e9elle passion pour les d\u00e9lices de la boulangerie-confiserie artisanale.<\/strong><\/p>\n\n\n\n<p>\u00abCuche et Barbezat\u00bb ont \u00e9t\u00e9 nomm\u00e9s \u00abAmbassadeurs du pain et du chocolat 2023\u00bb lors de l&#8217;assembl\u00e9e des d\u00e9l\u00e9gu\u00e9s et d\u00e9l\u00e9gu\u00e9es de l&#8217;Association suisse des patrons boulangers-confiseurs (BCS) du 13 juin \u00e0 Berne. Le titre revient ainsi pour la premi\u00e8re fois \u00e0 deux repr\u00e9sentants de la Suisse romande.<\/p>\n\n\n\n<h2 class=\"wp-block-heading\" id=\"h-la-recette-du-succes\">La recette du succ\u00e8s<\/h2>\n\n\n\n<p>Benjamin Cuche a appris le m\u00e9tier de boulanger-p\u00e2tissier en Suisse romande et obtenu \u00e0 l\u2019\u00e9poque le deuxi\u00e8me meilleur r\u00e9sultat \u00e0 l\u2019examen de fin d&#8217;apprentissage du canton de Neuch\u00e2tel. Le tout nouvel ambassadeur avoue d\u2019ailleurs avoir \u00abun grand respect et beaucoup d\u2019admiration pour les boulangeriesconfiseries artisanales\u00bb, et aujourd\u2019hui encore souvent confectionner du pain, des g\u00e2teaux, des caracs, des coquins ou des fl\u00fbtes en priv\u00e9. \u00abCuche et Barbezat\u00bb partagent non seulement la sc\u00e8ne, mais aussi une r\u00e9elle passion pour les d\u00e9lices de la boulangerie-confiserie artisanale, dont le carac. <\/p>\n\n\n\n<figure class=\"wp-block-image size-large\"><img decoding=\"async\" width=\"1024\" height=\"734\" src=\"https:\/\/swissbaker.ch\/wp-content\/uploads\/2023\/06\/ambassedeurs_carac-1024x734.jpg\" alt=\"\" class=\"wp-image-63295\" srcset=\"https:\/\/swissbaker.ch\/wp-content\/uploads\/2023\/06\/ambassedeurs_carac-1024x734.jpg 1024w, https:\/\/swissbaker.ch\/wp-content\/uploads\/2023\/06\/ambassedeurs_carac-768x550.jpg 768w, https:\/\/swissbaker.ch\/wp-content\/uploads\/2023\/06\/ambassedeurs_carac.jpg 1200w\" sizes=\"(max-width: 1024px) 100vw, 1024px\" \/><figcaption class=\"wp-element-caption\"><em>Jean-Fran\u00e7ois Leuenberger a remis \u00e0 Cuche et Barbezat un grand carac comme cadeau.<\/em><\/figcaption><\/figure>\n\n\n\n<p>\u00abLe carac\u2026 De loin pas, \u00e0 l&#8217;origine, ma p\u00e2tisserie pr\u00e9f\u00e9r\u00e9e! Mais comme elle est, historiquement, le p\u00e9ch\u00e9 mignon de Cuche et puis, depuis maintenant presque une vingtaine d\u2019ann\u00e9es, celui de ma fille Alice, \u00e0 force d\u2019en acheter pour eux, j\u2019ai fini par tomber en amour avec ce petit g\u00e2teau vert\u00bb, confie Jean-Luc Barbezat.<\/p>\n\n\n\n<hr class=\"wp-block-separator has-alpha-channel-opacity\"\/>\n\n\n\n<p><strong>La recette de \u00abCuche et Barbezat\u00bb pour 1 kg de succ\u00e8s:<\/strong><br>700 g de culot<br>120 g d\u2019opportunit\u00e9 saisie<br>50 g d\u2019inconscience<br>180 g de concentr\u00e9 de plaisir<br>Travailler le tout jusqu\u2019\u00e0 ce que cela fonctionne.<\/p>\n\n\n\n<hr class=\"wp-block-separator has-alpha-channel-opacity\"\/>\n\n\n\n<h2 class=\"wp-block-heading\">Plus de 35 ans de succ\u00e8s sur sc\u00e8ne<\/h2>\n\n\n\n<p>En 1978, Benjamin Cuche a particip\u00e9 au spectacle du Groupe Th\u00e9\u00e2tral du P\u00e2quier (NE), o\u00f9 il a grandi. Applaudi et f\u00e9licit\u00e9 par les gens du village, c\u2019est \u00e0 ce moment-l\u00e0 qu\u2019est n\u00e9 son engouement pour le th\u00e9\u00e2tre et qu\u2019il s\u2019est dit: \u00abCom\u00e9dien, c\u2019est \u00e7a le m\u00e9tier que je veux faire!\u00bb. Il a plus tard fait la connaissance de Jean-Luc Barbezat au cours de th\u00e9\u00e2tre de l&#8217;\u00e9cole secondaire \u2013 cette rencontre marquant le d\u00e9but de la belle carri\u00e8re de \u00abCuche et Barbezat\u00bb. S\u2019en sont suivies d&#8217;innombrables apparitions en Suisse romande, en France et en Belgique, et dans diff\u00e9rentes \u00e9missions (de la RTS et de la t\u00e9l\u00e9vision fran\u00e7aise notamment). Pour f\u00eater les 35 ans de vie commune sur sc\u00e8ne, les comiques iconiques ont un nouveau spectacle: \u00abHommage \u00e0 Cuche et Barbezat par Cuche et Barbezat avant qu\u2019il ne soit trop tard.\u00bb<\/p>\n\n\n\n<figure class=\"wp-block-image size-large\"><img decoding=\"async\" width=\"1024\" height=\"608\" src=\"https:\/\/swissbaker.ch\/wp-content\/uploads\/2023\/06\/ambassedeurs_show-1024x608.jpg\" alt=\"\" class=\"wp-image-63308\" srcset=\"https:\/\/swissbaker.ch\/wp-content\/uploads\/2023\/06\/ambassedeurs_show-1024x608.jpg 1024w, https:\/\/swissbaker.ch\/wp-content\/uploads\/2023\/06\/ambassedeurs_show-768x456.jpg 768w, https:\/\/swissbaker.ch\/wp-content\/uploads\/2023\/06\/ambassedeurs_show.jpg 1200w\" sizes=\"(max-width: 1024px) 100vw, 1024px\" \/><figcaption class=\"wp-element-caption\"><em>Lors du congr\u00e8s du CSB, Cuche et Barbezat ont offert un spectacle \u00e0 la fois humoristique et acrobatique sur sc\u00e8ne.<\/em><\/figcaption><\/figure>\n\n\n\n<h2 class=\"wp-block-heading\">Garder le sens de l\u2019humour<\/h2>\n\n\n\n<p>\u00abLes s\u00e9quelles de la pand\u00e9mie de COVID-19, et la hausse des prix de l&#8217;\u00e9nergie et des mati\u00e8res premi\u00e8res continuent d&#8217;occuper le secteur de la boulangerie-confiserie. Et c\u2019est quand les temps sont durs qu\u2019il faut garder le sens de l\u2019humour\u00bb, note Urs Wellauer-Boschung, directeur de la BCS. \u00abNous sommes fiers de pouvoir nommer Cuche et Barbezat ambassadeurs de notre secteur, le moment n&#8217;aurait pas pu \u00eatre<br>mieux choisi.\u00bb<\/p>\n\n\n\n<p><a href=\"https:\/\/swissbaker.ch\/fr\/panissimo-news\/galerie\/cuche-et-barbezat-ambassadeurs-du-pain-et-du-chocolat-2023\/\" target=\"_blank\" rel=\"noreferrer noopener\">Galerie de photos&#8230;\u00bb<\/a><\/p>\n\n\n\n<p><a href=\"http:\/\/cuchebarbezat.ch\/\" target=\"_blank\" rel=\"noreferrer noopener\">cuchebarbezat.ch<\/a><\/p>\n\n\n\n<p class=\"has-text-align-right\"><em>SBC<\/em><\/p>\n","protected":false},"excerpt":{"rendered":"<p>Dans le cadre de leur congr\u00e8s annuel \u00e0 Berne, les boulangers-confiseurs suisses ont nomm\u00e9 \u00abAmbassadeurs du pain et du chocolat 2023\u00bb les deux comiques \u00abCuche et Barbezat\u00bb, qui for-ment un duo bien connu en Suisse romande et en France.<\/p>\n","protected":false},"author":5,"featured_media":63313,"comment_status":"closed","ping_status":"closed","sticky":true,"template":"","format":"standard","meta":{"_acf_changed":false,"footnotes":""},"categories":[41],"tags":[],"class_list":["post-62799","post","type-post","status-publish","format-standard","has-post-thumbnail","hentry","category-association"],"acf":[],"yoast_head":"<!-- This site is optimized with the Yoast SEO Premium plugin v26.8 (Yoast SEO v26.8) - https:\/\/yoast.com\/product\/yoast-seo-premium-wordpress\/ -->\n<title>\u00abCuche et Barbezat\u00bb sont \u00abAmbassadeurs du pain et du chocolat\u00bb | SBC<\/title>\n<meta name=\"description\" content=\"Dans le cadre de leur congr\u00e8s annuel \u00e0 Berne, les boulangers-confiseurs suisses ont nomm\u00e9 \u00abAmbassadeurs du pain et du chocolat 2023\u00bb les deux comiques \u00abCuche et Barbezat\u00bb, qui for-ment un duo bien connu en Suisse romande et en France.\" \/>\n<meta name=\"robots\" content=\"index, follow, max-snippet:-1, max-image-preview:large, max-video-preview:-1\" \/>\n<link rel=\"canonical\" href=\"https:\/\/swissbaker.ch\/fr\/panissimo-news\/cuche-et-barbezat-sont-ambassadeurs-du-pain-et-du-chocolat\/\" \/>\n<meta property=\"og:locale\" content=\"fr_FR\" \/>\n<meta property=\"og:type\" content=\"article\" \/>\n<meta property=\"og:title\" content=\"\u00abCuche et Barbezat\u00bb sont \u00abAmbassadeurs du pain et du chocolat\u00bb\" \/>\n<meta property=\"og:description\" content=\"Dans le cadre de leur congr\u00e8s annuel \u00e0 Berne, les boulangers-confiseurs suisses ont nomm\u00e9 \u00abAmbassadeurs du pain et du chocolat 2023\u00bb les deux comiques \u00abCuche et Barbezat\u00bb, qui for-ment un duo bien connu en Suisse romande et en France.\" \/>\n<meta property=\"og:url\" content=\"https:\/\/swissbaker.ch\/fr\/panissimo-news\/cuche-et-barbezat-sont-ambassadeurs-du-pain-et-du-chocolat\/\" \/>\n<meta property=\"og:site_name\" content=\"SBC\" \/>\n<meta property=\"article:publisher\" content=\"https:\/\/www.facebook.com\/swissbaker.ch\" \/>\n<meta property=\"article:published_time\" content=\"2023-06-13T17:03:00+00:00\" \/>\n<meta property=\"article:modified_time\" content=\"2023-06-15T08:38:28+00:00\" \/>\n<meta property=\"og:image\" content=\"https:\/\/swissbaker.ch\/wp-content\/uploads\/2023\/06\/ambassedeurs_show_2.jpg\" \/>\n\t<meta property=\"og:image:width\" content=\"1200\" \/>\n\t<meta property=\"og:image:height\" content=\"712\" \/>\n\t<meta property=\"og:image:type\" content=\"image\/jpeg\" \/>\n<meta name=\"author\" content=\"Simon Nussbaum\" \/>\n<meta name=\"twitter:card\" content=\"summary_large_image\" \/>\n<meta name=\"twitter:creator\" content=\"@ch_swissbaker\" \/>\n<meta name=\"twitter:site\" content=\"@ch_swissbaker\" \/>\n<meta name=\"twitter:label1\" content=\"Written by\" \/>\n\t<meta name=\"twitter:data1\" content=\"Simon Nussbaum\" \/>\n\t<meta name=\"twitter:label2\" content=\"Est. reading time\" \/>\n\t<meta name=\"twitter:data2\" content=\"4 minutes\" \/>\n<script type=\"application\/ld+json\" class=\"yoast-schema-graph\">{\"@context\":\"https:\/\/schema.org\",\"@graph\":[{\"@type\":\"Article\",\"@id\":\"https:\/\/swissbaker.ch\/fr\/panissimo-news\/cuche-et-barbezat-sont-ambassadeurs-du-pain-et-du-chocolat\/#article\",\"isPartOf\":{\"@id\":\"https:\/\/swissbaker.ch\/fr\/panissimo-news\/cuche-et-barbezat-sont-ambassadeurs-du-pain-et-du-chocolat\/\"},\"author\":{\"name\":\"Simon Nussbaum\",\"@id\":\"https:\/\/swissbaker.ch\/fr\/#\/schema\/person\/74bd327b08c18ca6042c02ff6f0ed5e2\"},\"headline\":\"\u00abCuche et Barbezat\u00bb sont \u00abAmbassadeurs du pain et du chocolat\u00bb\",\"datePublished\":\"2023-06-13T17:03:00+00:00\",\"dateModified\":\"2023-06-15T08:38:28+00:00\",\"mainEntityOfPage\":{\"@id\":\"https:\/\/swissbaker.ch\/fr\/panissimo-news\/cuche-et-barbezat-sont-ambassadeurs-du-pain-et-du-chocolat\/\"},\"wordCount\":624,\"publisher\":{\"@id\":\"https:\/\/swissbaker.ch\/fr\/#organization\"},\"image\":{\"@id\":\"https:\/\/swissbaker.ch\/fr\/panissimo-news\/cuche-et-barbezat-sont-ambassadeurs-du-pain-et-du-chocolat\/#primaryimage\"},\"thumbnailUrl\":\"https:\/\/swissbaker.ch\/wp-content\/uploads\/2023\/06\/ambassedeurs_show_2.jpg\",\"articleSection\":[\"Association\"],\"inLanguage\":\"fr-FR\"},{\"@type\":\"WebPage\",\"@id\":\"https:\/\/swissbaker.ch\/fr\/panissimo-news\/cuche-et-barbezat-sont-ambassadeurs-du-pain-et-du-chocolat\/\",\"url\":\"https:\/\/swissbaker.ch\/fr\/panissimo-news\/cuche-et-barbezat-sont-ambassadeurs-du-pain-et-du-chocolat\/\",\"name\":\"\u00abCuche et Barbezat\u00bb sont \u00abAmbassadeurs du pain et du chocolat\u00bb | SBC\",\"isPartOf\":{\"@id\":\"https:\/\/swissbaker.ch\/fr\/#website\"},\"primaryImageOfPage\":{\"@id\":\"https:\/\/swissbaker.ch\/fr\/panissimo-news\/cuche-et-barbezat-sont-ambassadeurs-du-pain-et-du-chocolat\/#primaryimage\"},\"image\":{\"@id\":\"https:\/\/swissbaker.ch\/fr\/panissimo-news\/cuche-et-barbezat-sont-ambassadeurs-du-pain-et-du-chocolat\/#primaryimage\"},\"thumbnailUrl\":\"https:\/\/swissbaker.ch\/wp-content\/uploads\/2023\/06\/ambassedeurs_show_2.jpg\",\"datePublished\":\"2023-06-13T17:03:00+00:00\",\"dateModified\":\"2023-06-15T08:38:28+00:00\",\"description\":\"Dans le cadre de leur congr\u00e8s annuel \u00e0 Berne, les boulangers-confiseurs suisses ont nomm\u00e9 \u00abAmbassadeurs du pain et du chocolat 2023\u00bb les deux comiques \u00abCuche et Barbezat\u00bb, qui for-ment un duo bien connu en Suisse romande et en France.\",\"breadcrumb\":{\"@id\":\"https:\/\/swissbaker.ch\/fr\/panissimo-news\/cuche-et-barbezat-sont-ambassadeurs-du-pain-et-du-chocolat\/#breadcrumb\"},\"inLanguage\":\"fr-FR\",\"potentialAction\":[{\"@type\":\"ReadAction\",\"target\":[\"https:\/\/swissbaker.ch\/fr\/panissimo-news\/cuche-et-barbezat-sont-ambassadeurs-du-pain-et-du-chocolat\/\"]}]},{\"@type\":\"ImageObject\",\"inLanguage\":\"fr-FR\",\"@id\":\"https:\/\/swissbaker.ch\/fr\/panissimo-news\/cuche-et-barbezat-sont-ambassadeurs-du-pain-et-du-chocolat\/#primaryimage\",\"url\":\"https:\/\/swissbaker.ch\/wp-content\/uploads\/2023\/06\/ambassedeurs_show_2.jpg\",\"contentUrl\":\"https:\/\/swissbaker.ch\/wp-content\/uploads\/2023\/06\/ambassedeurs_show_2.jpg\",\"width\":1200,\"height\":712},{\"@type\":\"BreadcrumbList\",\"@id\":\"https:\/\/swissbaker.ch\/fr\/panissimo-news\/cuche-et-barbezat-sont-ambassadeurs-du-pain-et-du-chocolat\/#breadcrumb\",\"itemListElement\":[{\"@type\":\"ListItem\",\"position\":1,\"name\":\"\",\"item\":\"https:\/\/swissbaker.ch\/fr\/\"},{\"@type\":\"ListItem\",\"position\":2,\"name\":\"Association\",\"item\":\"https:\/\/swissbaker.ch\/fr\/panissimo-news\/category\/association\/\"},{\"@type\":\"ListItem\",\"position\":3,\"name\":\"\u00abCuche et Barbezat\u00bb sont \u00abAmbassadeurs du pain et du chocolat\u00bb\"}]},{\"@type\":\"WebSite\",\"@id\":\"https:\/\/swissbaker.ch\/fr\/#website\",\"url\":\"https:\/\/swissbaker.ch\/fr\/\",\"name\":\"SBC\",\"description\":\"\",\"publisher\":{\"@id\":\"https:\/\/swissbaker.ch\/fr\/#organization\"},\"potentialAction\":[{\"@type\":\"SearchAction\",\"target\":{\"@type\":\"EntryPoint\",\"urlTemplate\":\"https:\/\/swissbaker.ch\/fr\/?s={search_term_string}\"},\"query-input\":{\"@type\":\"PropertyValueSpecification\",\"valueRequired\":true,\"valueName\":\"search_term_string\"}}],\"inLanguage\":\"fr-FR\"},{\"@type\":\"Organization\",\"@id\":\"https:\/\/swissbaker.ch\/fr\/#organization\",\"name\":\"Schweizerischer B\u00e4cker-Confiseurmeister-Verband\",\"url\":\"https:\/\/swissbaker.ch\/fr\/\",\"logo\":{\"@type\":\"ImageObject\",\"inLanguage\":\"fr-FR\",\"@id\":\"https:\/\/swissbaker.ch\/fr\/#\/schema\/logo\/image\/\",\"url\":\"https:\/\/swissbaker.ch\/wp-content\/uploads\/2022\/04\/sbc-logo-yoast.jpg\",\"contentUrl\":\"https:\/\/swissbaker.ch\/wp-content\/uploads\/2022\/04\/sbc-logo-yoast.jpg\",\"width\":512,\"height\":512,\"caption\":\"Schweizerischer B\u00e4cker-Confiseurmeister-Verband\"},\"image\":{\"@id\":\"https:\/\/swissbaker.ch\/fr\/#\/schema\/logo\/image\/\"},\"sameAs\":[\"https:\/\/www.facebook.com\/swissbaker.ch\",\"https:\/\/x.com\/ch_swissbaker\"]},{\"@type\":\"Person\",\"@id\":\"https:\/\/swissbaker.ch\/fr\/#\/schema\/person\/74bd327b08c18ca6042c02ff6f0ed5e2\",\"name\":\"Simon Nussbaum\",\"image\":{\"@type\":\"ImageObject\",\"inLanguage\":\"fr-FR\",\"@id\":\"https:\/\/swissbaker.ch\/fr\/#\/schema\/person\/image\/\",\"url\":\"https:\/\/secure.gravatar.com\/avatar\/df0eced3bb556c806cb760cf503ade1ed1df25b4104d80d6fd28d93a9509aa12?s=96&d=mm&r=g\",\"contentUrl\":\"https:\/\/secure.gravatar.com\/avatar\/df0eced3bb556c806cb760cf503ade1ed1df25b4104d80d6fd28d93a9509aa12?s=96&d=mm&r=g\",\"caption\":\"Simon Nussbaum\"},\"url\":\"https:\/\/swissbaker.ch\/fr\/panissimo-news\/author\/simon-nussbaum\/\"}]}<\/script>\n<!-- \/ Yoast SEO Premium plugin. -->","yoast_head_json":{"title":"\u00abCuche et Barbezat\u00bb sont \u00abAmbassadeurs du pain et du chocolat\u00bb | SBC","description":"Dans le cadre de leur congr\u00e8s annuel \u00e0 Berne, les boulangers-confiseurs suisses ont nomm\u00e9 \u00abAmbassadeurs du pain et du chocolat 2023\u00bb les deux comiques \u00abCuche et Barbezat\u00bb, qui for-ment un duo bien connu en Suisse romande et en France.","robots":{"index":"index","follow":"follow","max-snippet":"max-snippet:-1","max-image-preview":"max-image-preview:large","max-video-preview":"max-video-preview:-1"},"canonical":"https:\/\/swissbaker.ch\/fr\/panissimo-news\/cuche-et-barbezat-sont-ambassadeurs-du-pain-et-du-chocolat\/","og_locale":"fr_FR","og_type":"article","og_title":"\u00abCuche et Barbezat\u00bb sont \u00abAmbassadeurs du pain et du chocolat\u00bb","og_description":"Dans le cadre de leur congr\u00e8s annuel \u00e0 Berne, les boulangers-confiseurs suisses ont nomm\u00e9 \u00abAmbassadeurs du pain et du chocolat 2023\u00bb les deux comiques \u00abCuche et Barbezat\u00bb, qui for-ment un duo bien connu en Suisse romande et en France.","og_url":"https:\/\/swissbaker.ch\/fr\/panissimo-news\/cuche-et-barbezat-sont-ambassadeurs-du-pain-et-du-chocolat\/","og_site_name":"SBC","article_publisher":"https:\/\/www.facebook.com\/swissbaker.ch","article_published_time":"2023-06-13T17:03:00+00:00","article_modified_time":"2023-06-15T08:38:28+00:00","og_image":[{"width":1200,"height":712,"url":"https:\/\/swissbaker.ch\/wp-content\/uploads\/2023\/06\/ambassedeurs_show_2.jpg","type":"image\/jpeg"}],"author":"Simon Nussbaum","twitter_card":"summary_large_image","twitter_creator":"@ch_swissbaker","twitter_site":"@ch_swissbaker","twitter_misc":{"Written by":"Simon Nussbaum","Est. reading time":"4 minutes"},"schema":{"@context":"https:\/\/schema.org","@graph":[{"@type":"Article","@id":"https:\/\/swissbaker.ch\/fr\/panissimo-news\/cuche-et-barbezat-sont-ambassadeurs-du-pain-et-du-chocolat\/#article","isPartOf":{"@id":"https:\/\/swissbaker.ch\/fr\/panissimo-news\/cuche-et-barbezat-sont-ambassadeurs-du-pain-et-du-chocolat\/"},"author":{"name":"Simon Nussbaum","@id":"https:\/\/swissbaker.ch\/fr\/#\/schema\/person\/74bd327b08c18ca6042c02ff6f0ed5e2"},"headline":"\u00abCuche et Barbezat\u00bb sont \u00abAmbassadeurs du pain et du chocolat\u00bb","datePublished":"2023-06-13T17:03:00+00:00","dateModified":"2023-06-15T08:38:28+00:00","mainEntityOfPage":{"@id":"https:\/\/swissbaker.ch\/fr\/panissimo-news\/cuche-et-barbezat-sont-ambassadeurs-du-pain-et-du-chocolat\/"},"wordCount":624,"publisher":{"@id":"https:\/\/swissbaker.ch\/fr\/#organization"},"image":{"@id":"https:\/\/swissbaker.ch\/fr\/panissimo-news\/cuche-et-barbezat-sont-ambassadeurs-du-pain-et-du-chocolat\/#primaryimage"},"thumbnailUrl":"https:\/\/swissbaker.ch\/wp-content\/uploads\/2023\/06\/ambassedeurs_show_2.jpg","articleSection":["Association"],"inLanguage":"fr-FR"},{"@type":"WebPage","@id":"https:\/\/swissbaker.ch\/fr\/panissimo-news\/cuche-et-barbezat-sont-ambassadeurs-du-pain-et-du-chocolat\/","url":"https:\/\/swissbaker.ch\/fr\/panissimo-news\/cuche-et-barbezat-sont-ambassadeurs-du-pain-et-du-chocolat\/","name":"\u00abCuche et Barbezat\u00bb sont \u00abAmbassadeurs du pain et du chocolat\u00bb | SBC","isPartOf":{"@id":"https:\/\/swissbaker.ch\/fr\/#website"},"primaryImageOfPage":{"@id":"https:\/\/swissbaker.ch\/fr\/panissimo-news\/cuche-et-barbezat-sont-ambassadeurs-du-pain-et-du-chocolat\/#primaryimage"},"image":{"@id":"https:\/\/swissbaker.ch\/fr\/panissimo-news\/cuche-et-barbezat-sont-ambassadeurs-du-pain-et-du-chocolat\/#primaryimage"},"thumbnailUrl":"https:\/\/swissbaker.ch\/wp-content\/uploads\/2023\/06\/ambassedeurs_show_2.jpg","datePublished":"2023-06-13T17:03:00+00:00","dateModified":"2023-06-15T08:38:28+00:00","description":"Dans le cadre de leur congr\u00e8s annuel \u00e0 Berne, les boulangers-confiseurs suisses ont nomm\u00e9 \u00abAmbassadeurs du pain et du chocolat 2023\u00bb les deux comiques \u00abCuche et Barbezat\u00bb, qui for-ment un duo bien connu en Suisse romande et en France.","breadcrumb":{"@id":"https:\/\/swissbaker.ch\/fr\/panissimo-news\/cuche-et-barbezat-sont-ambassadeurs-du-pain-et-du-chocolat\/#breadcrumb"},"inLanguage":"fr-FR","potentialAction":[{"@type":"ReadAction","target":["https:\/\/swissbaker.ch\/fr\/panissimo-news\/cuche-et-barbezat-sont-ambassadeurs-du-pain-et-du-chocolat\/"]}]},{"@type":"ImageObject","inLanguage":"fr-FR","@id":"https:\/\/swissbaker.ch\/fr\/panissimo-news\/cuche-et-barbezat-sont-ambassadeurs-du-pain-et-du-chocolat\/#primaryimage","url":"https:\/\/swissbaker.ch\/wp-content\/uploads\/2023\/06\/ambassedeurs_show_2.jpg","contentUrl":"https:\/\/swissbaker.ch\/wp-content\/uploads\/2023\/06\/ambassedeurs_show_2.jpg","width":1200,"height":712},{"@type":"BreadcrumbList","@id":"https:\/\/swissbaker.ch\/fr\/panissimo-news\/cuche-et-barbezat-sont-ambassadeurs-du-pain-et-du-chocolat\/#breadcrumb","itemListElement":[{"@type":"ListItem","position":1,"name":"","item":"https:\/\/swissbaker.ch\/fr\/"},{"@type":"ListItem","position":2,"name":"Association","item":"https:\/\/swissbaker.ch\/fr\/panissimo-news\/category\/association\/"},{"@type":"ListItem","position":3,"name":"\u00abCuche et Barbezat\u00bb sont \u00abAmbassadeurs du pain et du chocolat\u00bb"}]},{"@type":"WebSite","@id":"https:\/\/swissbaker.ch\/fr\/#website","url":"https:\/\/swissbaker.ch\/fr\/","name":"SBC","description":"","publisher":{"@id":"https:\/\/swissbaker.ch\/fr\/#organization"},"potentialAction":[{"@type":"SearchAction","target":{"@type":"EntryPoint","urlTemplate":"https:\/\/swissbaker.ch\/fr\/?s={search_term_string}"},"query-input":{"@type":"PropertyValueSpecification","valueRequired":true,"valueName":"search_term_string"}}],"inLanguage":"fr-FR"},{"@type":"Organization","@id":"https:\/\/swissbaker.ch\/fr\/#organization","name":"Schweizerischer B\u00e4cker-Confiseurmeister-Verband","url":"https:\/\/swissbaker.ch\/fr\/","logo":{"@type":"ImageObject","inLanguage":"fr-FR","@id":"https:\/\/swissbaker.ch\/fr\/#\/schema\/logo\/image\/","url":"https:\/\/swissbaker.ch\/wp-content\/uploads\/2022\/04\/sbc-logo-yoast.jpg","contentUrl":"https:\/\/swissbaker.ch\/wp-content\/uploads\/2022\/04\/sbc-logo-yoast.jpg","width":512,"height":512,"caption":"Schweizerischer B\u00e4cker-Confiseurmeister-Verband"},"image":{"@id":"https:\/\/swissbaker.ch\/fr\/#\/schema\/logo\/image\/"},"sameAs":["https:\/\/www.facebook.com\/swissbaker.ch","https:\/\/x.com\/ch_swissbaker"]},{"@type":"Person","@id":"https:\/\/swissbaker.ch\/fr\/#\/schema\/person\/74bd327b08c18ca6042c02ff6f0ed5e2","name":"Simon Nussbaum","image":{"@type":"ImageObject","inLanguage":"fr-FR","@id":"https:\/\/swissbaker.ch\/fr\/#\/schema\/person\/image\/","url":"https:\/\/secure.gravatar.com\/avatar\/df0eced3bb556c806cb760cf503ade1ed1df25b4104d80d6fd28d93a9509aa12?s=96&d=mm&r=g","contentUrl":"https:\/\/secure.gravatar.com\/avatar\/df0eced3bb556c806cb760cf503ade1ed1df25b4104d80d6fd28d93a9509aa12?s=96&d=mm&r=g","caption":"Simon Nussbaum"},"url":"https:\/\/swissbaker.ch\/fr\/panissimo-news\/author\/simon-nussbaum\/"}]}},"_links":{"self":[{"href":"https:\/\/swissbaker.ch\/fr\/wp-json\/wp\/v2\/posts\/62799","targetHints":{"allow":["GET"]}}],"collection":[{"href":"https:\/\/swissbaker.ch\/fr\/wp-json\/wp\/v2\/posts"}],"about":[{"href":"https:\/\/swissbaker.ch\/fr\/wp-json\/wp\/v2\/types\/post"}],"author":[{"embeddable":true,"href":"https:\/\/swissbaker.ch\/fr\/wp-json\/wp\/v2\/users\/5"}],"replies":[{"embeddable":true,"href":"https:\/\/swissbaker.ch\/fr\/wp-json\/wp\/v2\/comments?post=62799"}],"version-history":[{"count":0,"href":"https:\/\/swissbaker.ch\/fr\/wp-json\/wp\/v2\/posts\/62799\/revisions"}],"wp:featuredmedia":[{"embeddable":true,"href":"https:\/\/swissbaker.ch\/fr\/wp-json\/wp\/v2\/media\/63313"}],"wp:attachment":[{"href":"https:\/\/swissbaker.ch\/fr\/wp-json\/wp\/v2\/media?parent=62799"}],"wp:term":[{"taxonomy":"category","embeddable":true,"href":"https:\/\/swissbaker.ch\/fr\/wp-json\/wp\/v2\/categories?post=62799"},{"taxonomy":"post_tag","embeddable":true,"href":"https:\/\/swissbaker.ch\/fr\/wp-json\/wp\/v2\/tags?post=62799"}],"curies":[{"name":"wp","href":"https:\/\/api.w.org\/{rel}","templated":true}]}}