{"id":62563,"date":"2023-06-07T07:56:44","date_gmt":"2023-06-07T05:56:44","guid":{"rendered":"https:\/\/swissbaker.ch\/panissimo-news\/herbstrichtpreise-brotgetreide-bleiben-unterveraendert\/"},"modified":"2023-06-08T11:14:15","modified_gmt":"2023-06-08T09:14:15","slug":"herbstrichtpreise-brotgetreide-bleiben-unterveraendert","status":"publish","type":"post","link":"https:\/\/swissbaker.ch\/fr\/panissimo-news\/herbstrichtpreise-brotgetreide-bleiben-unterveraendert\/","title":{"rendered":"Les prix indicatifs \u00abapr\u00e8s-r\u00e9colte\u00bb pour les c\u00e9r\u00e9ales panifiables restent inchang\u00e9s"},"content":{"rendered":"\n<p><strong>La commission \u00abMarch\u00e9-Qualit\u00e9 C\u00e9r\u00e9ales\u00bb de swiss granum a fix\u00e9 les prix indicatifs \u00abr\u00e9colte\u00bb des c\u00e9r\u00e9ales panifiables pour la r\u00e9colte 2023. Les prix indicatifs \u00abapr\u00e8s-r\u00e9colte\u00bb de l\u2019ann\u00e9e pass\u00e9e ont \u00e9t\u00e9 confirm\u00e9s pour toutes les cultures de c\u00e9r\u00e9ales panifiables \u2013 restant inchang\u00e9s.<\/strong><\/p>\n\n\n\n<p>La commission \u00abMarch\u00e9-Qualit\u00e9 c\u00e9r\u00e9ales\u00bb de swiss granum a confirm\u00e9 les prix indicatifs \u00abapr\u00e8s-r\u00e9colte\u00bb de l\u2019ann\u00e9e pass\u00e9e et a fix\u00e9 au m\u00eame niveau les prix indicatifs \u00abr\u00e9colte\u00bb 2023. Cette d\u00e9cision r\u00e9sulte d\u2019un compromis entre les producteurs des c\u00e9r\u00e9ales et les transformateurs. Deux effets contraires ont \u00e9t\u00e9 pris en compte. D\u2019une part, les co\u00fbts pour les engrais et les carburants ont baiss\u00e9 par rapport \u00e0 l\u2019ann\u00e9e derni\u00e8re, alors que les co\u00fbts de la main d\u2019\u0153uvre et en particulier les co\u00fbts d\u2019\u00e9nergie ont augment\u00e9 \u00e0 tous les \u00e9chelons. D\u2019autre part, les effets attendus de la trajectoire de r\u00e9duction ont \u00e9t\u00e9 inclus.<\/p>\n\n\n\n<p>Lors de la s\u00e9ance du 6 juin, tous les partenaires le long de la cha\u00eene de valeur ont soulign\u00e9 l\u2019importance du maintien de la motivation pour une production indig\u00e8ne de c\u00e9r\u00e9ales panifiables, \u00e9crit swiss granum dans son communiqu\u00e9 de presse. La trajectoire de r\u00e9duction doit \u00eatre mise en \u0153uvre en commun. Avec les conditions de prise en charge de swiss granum, les prix indicatifs \u00abr\u00e9colte\u00bb constituent la base pour garantir la commercialisation de la r\u00e9colte de cette ann\u00e9e.<\/p>\n\n\n\n<h2 class=\"wp-block-heading\" id=\"h-eprix-indicatifs-recolte-des-cereales-panifiables-de-la-recolte-2023\">Eprix indicatifs \u00abr\u00e9colte\u00bb des c\u00e9r\u00e9ales panifiables de la r\u00e9colte 2023<\/h2>\n\n\n\n<figure class=\"wp-block-table has-small-font-size\"><table class=\"has-background\" style=\"background-color:#f9d886\"><tbody><tr><td><strong>Culture<\/strong><\/td><td><strong>Prix indicatif \u00abr\u00e9colte\u00bb (CHF\/100 kg)<\/strong><\/td><\/tr><tr><td>Bl\u00e9 TOP<\/td><td>58.50<\/td><\/tr><tr><td>Bl\u00e9 I<\/td><td>55.50<\/td><\/tr><tr><td>Bl\u00e9 II<\/td><td>53.00<\/td><\/tr><tr><td>Bl\u00e9 bisquit <\/td><td>53.00<\/td><\/tr><tr><td>Seigle<\/td><td>44.00<\/td><\/tr><tr><td>Epeautre<\/td><td>62.00<\/td><\/tr><\/tbody><\/table><figcaption class=\"wp-element-caption\"><em>D\u00e9finition du prix indicatif:&nbsp;Prix indicatif aux producteurs pour une marchandise livr\u00e9e au centre collecteur et r\u00e9pondant aux conditions de prise en charge de swiss granum. Les co\u00fbts de r\u00e9ception, de nettoyage, de s\u00e9chage et les cotisations producteurs sont d\u00e9duits aux producteurs. (swissgranum)<\/em><\/figcaption><\/figure>\n\n\n\n<p>Des informations d\u00e9taill\u00e9ese vous trouverez sur <a href=\"http:\/\/www.swissgranum.ch\" target=\"_blank\" rel=\"noreferrer noopener\">www.swissgranum.ch<\/a><\/p>\n\n\n\n<p class=\"has-text-align-right\"><em>com\/cv<\/em><\/p>\n","protected":false},"excerpt":{"rendered":"<p>La commission \u00abMarch\u00e9-Qualit\u00e9 C\u00e9r\u00e9ales\u00bb de swiss granum a fix\u00e9 les prix indicatifs \u00abr\u00e9colte\u00bb des c\u00e9r\u00e9ales panifiables pour la r\u00e9colte 2023. Les prix indicatifs \u00abapr\u00e8s-r\u00e9colte\u00bb de l\u2019ann\u00e9e pass\u00e9e ont \u00e9t\u00e9 confirm\u00e9s pour toutes les cultures de c\u00e9r\u00e9ales panifiables \u2013 restant inchang\u00e9s.\u00a0<\/p>\n","protected":false},"author":5,"featured_media":62545,"comment_status":"closed","ping_status":"closed","sticky":true,"template":"","format":"standard","meta":{"_acf_changed":false,"footnotes":""},"categories":[45,48],"tags":[],"class_list":["post-62563","post","type-post","status-publish","format-standard","has-post-thumbnail","hentry","category-environnement-professionnel","category-production"],"acf":[],"yoast_head":"<!-- This site is optimized with the Yoast SEO Premium plugin v26.8 (Yoast SEO v26.8) - https:\/\/yoast.com\/product\/yoast-seo-premium-wordpress\/ -->\n<title>Les prix indicatifs \u00abapr\u00e8s-r\u00e9colte\u00bb pour les c\u00e9r\u00e9ales panifiables restent inchang\u00e9s | SBC<\/title>\n<meta name=\"description\" content=\"La commission \u00abMarch\u00e9-Qualit\u00e9 C\u00e9r\u00e9ales\u00bb de swiss granum a fix\u00e9 les prix indicatifs \u00abr\u00e9colte\u00bb des c\u00e9r\u00e9ales panifiables pour la r\u00e9colte 2023.\" \/>\n<meta name=\"robots\" content=\"index, follow, max-snippet:-1, max-image-preview:large, max-video-preview:-1\" \/>\n<link rel=\"canonical\" href=\"https:\/\/swissbaker.ch\/fr\/panissimo-news\/herbstrichtpreise-brotgetreide-bleiben-unterveraendert\/\" \/>\n<meta property=\"og:locale\" content=\"fr_FR\" \/>\n<meta property=\"og:type\" content=\"article\" \/>\n<meta property=\"og:title\" content=\"Les prix indicatifs \u00abapr\u00e8s-r\u00e9colte\u00bb pour les c\u00e9r\u00e9ales panifiables restent inchang\u00e9s\" \/>\n<meta property=\"og:description\" content=\"La commission \u00abMarch\u00e9-Qualit\u00e9 C\u00e9r\u00e9ales\u00bb de swiss granum a fix\u00e9 les prix indicatifs \u00abr\u00e9colte\u00bb des c\u00e9r\u00e9ales panifiables pour la r\u00e9colte 2023.\" \/>\n<meta property=\"og:url\" content=\"https:\/\/swissbaker.ch\/fr\/panissimo-news\/herbstrichtpreise-brotgetreide-bleiben-unterveraendert\/\" \/>\n<meta property=\"og:site_name\" content=\"SBC\" \/>\n<meta property=\"article:publisher\" content=\"https:\/\/www.facebook.com\/swissbaker.ch\" \/>\n<meta property=\"article:published_time\" content=\"2023-06-07T05:56:44+00:00\" \/>\n<meta property=\"article:modified_time\" content=\"2023-06-08T09:14:15+00:00\" \/>\n<meta property=\"og:image\" content=\"https:\/\/swissbaker.ch\/wp-content\/uploads\/2023\/06\/getreideernte.jpg\" \/>\n\t<meta property=\"og:image:width\" content=\"1200\" \/>\n\t<meta property=\"og:image:height\" content=\"712\" \/>\n\t<meta property=\"og:image:type\" content=\"image\/jpeg\" \/>\n<meta name=\"author\" content=\"Simon Nussbaum\" \/>\n<meta name=\"twitter:card\" content=\"summary_large_image\" \/>\n<meta name=\"twitter:creator\" content=\"@ch_swissbaker\" \/>\n<meta name=\"twitter:site\" content=\"@ch_swissbaker\" \/>\n<meta name=\"twitter:label1\" content=\"Written by\" \/>\n\t<meta name=\"twitter:data1\" content=\"Simon Nussbaum\" \/>\n\t<meta name=\"twitter:label2\" content=\"Est. reading time\" \/>\n\t<meta name=\"twitter:data2\" content=\"2 minutes\" \/>\n<script type=\"application\/ld+json\" class=\"yoast-schema-graph\">{\"@context\":\"https:\/\/schema.org\",\"@graph\":[{\"@type\":\"Article\",\"@id\":\"https:\/\/swissbaker.ch\/fr\/panissimo-news\/herbstrichtpreise-brotgetreide-bleiben-unterveraendert\/#article\",\"isPartOf\":{\"@id\":\"https:\/\/swissbaker.ch\/fr\/panissimo-news\/herbstrichtpreise-brotgetreide-bleiben-unterveraendert\/\"},\"author\":{\"name\":\"Simon Nussbaum\",\"@id\":\"https:\/\/swissbaker.ch\/fr\/#\/schema\/person\/74bd327b08c18ca6042c02ff6f0ed5e2\"},\"headline\":\"Les prix indicatifs \u00abapr\u00e8s-r\u00e9colte\u00bb pour les c\u00e9r\u00e9ales panifiables restent inchang\u00e9s\",\"datePublished\":\"2023-06-07T05:56:44+00:00\",\"dateModified\":\"2023-06-08T09:14:15+00:00\",\"mainEntityOfPage\":{\"@id\":\"https:\/\/swissbaker.ch\/fr\/panissimo-news\/herbstrichtpreise-brotgetreide-bleiben-unterveraendert\/\"},\"wordCount\":371,\"publisher\":{\"@id\":\"https:\/\/swissbaker.ch\/fr\/#organization\"},\"image\":{\"@id\":\"https:\/\/swissbaker.ch\/fr\/panissimo-news\/herbstrichtpreise-brotgetreide-bleiben-unterveraendert\/#primaryimage\"},\"thumbnailUrl\":\"https:\/\/swissbaker.ch\/wp-content\/uploads\/2023\/06\/getreideernte.jpg\",\"articleSection\":[\"Environnement professionnel\",\"Production\"],\"inLanguage\":\"fr-FR\"},{\"@type\":\"WebPage\",\"@id\":\"https:\/\/swissbaker.ch\/fr\/panissimo-news\/herbstrichtpreise-brotgetreide-bleiben-unterveraendert\/\",\"url\":\"https:\/\/swissbaker.ch\/fr\/panissimo-news\/herbstrichtpreise-brotgetreide-bleiben-unterveraendert\/\",\"name\":\"Les prix indicatifs \u00abapr\u00e8s-r\u00e9colte\u00bb pour les c\u00e9r\u00e9ales panifiables restent inchang\u00e9s | SBC\",\"isPartOf\":{\"@id\":\"https:\/\/swissbaker.ch\/fr\/#website\"},\"primaryImageOfPage\":{\"@id\":\"https:\/\/swissbaker.ch\/fr\/panissimo-news\/herbstrichtpreise-brotgetreide-bleiben-unterveraendert\/#primaryimage\"},\"image\":{\"@id\":\"https:\/\/swissbaker.ch\/fr\/panissimo-news\/herbstrichtpreise-brotgetreide-bleiben-unterveraendert\/#primaryimage\"},\"thumbnailUrl\":\"https:\/\/swissbaker.ch\/wp-content\/uploads\/2023\/06\/getreideernte.jpg\",\"datePublished\":\"2023-06-07T05:56:44+00:00\",\"dateModified\":\"2023-06-08T09:14:15+00:00\",\"description\":\"La commission \u00abMarch\u00e9-Qualit\u00e9 C\u00e9r\u00e9ales\u00bb de swiss granum a fix\u00e9 les prix indicatifs \u00abr\u00e9colte\u00bb des c\u00e9r\u00e9ales panifiables pour la r\u00e9colte 2023.\",\"breadcrumb\":{\"@id\":\"https:\/\/swissbaker.ch\/fr\/panissimo-news\/herbstrichtpreise-brotgetreide-bleiben-unterveraendert\/#breadcrumb\"},\"inLanguage\":\"fr-FR\",\"potentialAction\":[{\"@type\":\"ReadAction\",\"target\":[\"https:\/\/swissbaker.ch\/fr\/panissimo-news\/herbstrichtpreise-brotgetreide-bleiben-unterveraendert\/\"]}]},{\"@type\":\"ImageObject\",\"inLanguage\":\"fr-FR\",\"@id\":\"https:\/\/swissbaker.ch\/fr\/panissimo-news\/herbstrichtpreise-brotgetreide-bleiben-unterveraendert\/#primaryimage\",\"url\":\"https:\/\/swissbaker.ch\/wp-content\/uploads\/2023\/06\/getreideernte.jpg\",\"contentUrl\":\"https:\/\/swissbaker.ch\/wp-content\/uploads\/2023\/06\/getreideernte.jpg\",\"width\":1200,\"height\":712},{\"@type\":\"BreadcrumbList\",\"@id\":\"https:\/\/swissbaker.ch\/fr\/panissimo-news\/herbstrichtpreise-brotgetreide-bleiben-unterveraendert\/#breadcrumb\",\"itemListElement\":[{\"@type\":\"ListItem\",\"position\":1,\"name\":\"\",\"item\":\"https:\/\/swissbaker.ch\/fr\/\"},{\"@type\":\"ListItem\",\"position\":2,\"name\":\"Production\",\"item\":\"https:\/\/swissbaker.ch\/fr\/panissimo-news\/category\/production\/\"},{\"@type\":\"ListItem\",\"position\":3,\"name\":\"Les prix indicatifs \u00abapr\u00e8s-r\u00e9colte\u00bb pour les c\u00e9r\u00e9ales panifiables restent inchang\u00e9s\"}]},{\"@type\":\"WebSite\",\"@id\":\"https:\/\/swissbaker.ch\/fr\/#website\",\"url\":\"https:\/\/swissbaker.ch\/fr\/\",\"name\":\"SBC\",\"description\":\"\",\"publisher\":{\"@id\":\"https:\/\/swissbaker.ch\/fr\/#organization\"},\"potentialAction\":[{\"@type\":\"SearchAction\",\"target\":{\"@type\":\"EntryPoint\",\"urlTemplate\":\"https:\/\/swissbaker.ch\/fr\/?s={search_term_string}\"},\"query-input\":{\"@type\":\"PropertyValueSpecification\",\"valueRequired\":true,\"valueName\":\"search_term_string\"}}],\"inLanguage\":\"fr-FR\"},{\"@type\":\"Organization\",\"@id\":\"https:\/\/swissbaker.ch\/fr\/#organization\",\"name\":\"Schweizerischer B\u00e4cker-Confiseurmeister-Verband\",\"url\":\"https:\/\/swissbaker.ch\/fr\/\",\"logo\":{\"@type\":\"ImageObject\",\"inLanguage\":\"fr-FR\",\"@id\":\"https:\/\/swissbaker.ch\/fr\/#\/schema\/logo\/image\/\",\"url\":\"https:\/\/swissbaker.ch\/wp-content\/uploads\/2022\/04\/sbc-logo-yoast.jpg\",\"contentUrl\":\"https:\/\/swissbaker.ch\/wp-content\/uploads\/2022\/04\/sbc-logo-yoast.jpg\",\"width\":512,\"height\":512,\"caption\":\"Schweizerischer B\u00e4cker-Confiseurmeister-Verband\"},\"image\":{\"@id\":\"https:\/\/swissbaker.ch\/fr\/#\/schema\/logo\/image\/\"},\"sameAs\":[\"https:\/\/www.facebook.com\/swissbaker.ch\",\"https:\/\/x.com\/ch_swissbaker\"]},{\"@type\":\"Person\",\"@id\":\"https:\/\/swissbaker.ch\/fr\/#\/schema\/person\/74bd327b08c18ca6042c02ff6f0ed5e2\",\"name\":\"Simon Nussbaum\",\"image\":{\"@type\":\"ImageObject\",\"inLanguage\":\"fr-FR\",\"@id\":\"https:\/\/swissbaker.ch\/fr\/#\/schema\/person\/image\/\",\"url\":\"https:\/\/secure.gravatar.com\/avatar\/df0eced3bb556c806cb760cf503ade1ed1df25b4104d80d6fd28d93a9509aa12?s=96&d=mm&r=g\",\"contentUrl\":\"https:\/\/secure.gravatar.com\/avatar\/df0eced3bb556c806cb760cf503ade1ed1df25b4104d80d6fd28d93a9509aa12?s=96&d=mm&r=g\",\"caption\":\"Simon Nussbaum\"},\"url\":\"https:\/\/swissbaker.ch\/fr\/panissimo-news\/author\/simon-nussbaum\/\"}]}<\/script>\n<!-- \/ Yoast SEO Premium plugin. -->","yoast_head_json":{"title":"Les prix indicatifs \u00abapr\u00e8s-r\u00e9colte\u00bb pour les c\u00e9r\u00e9ales panifiables restent inchang\u00e9s | SBC","description":"La commission \u00abMarch\u00e9-Qualit\u00e9 C\u00e9r\u00e9ales\u00bb de swiss granum a fix\u00e9 les prix indicatifs \u00abr\u00e9colte\u00bb des c\u00e9r\u00e9ales panifiables pour la r\u00e9colte 2023.","robots":{"index":"index","follow":"follow","max-snippet":"max-snippet:-1","max-image-preview":"max-image-preview:large","max-video-preview":"max-video-preview:-1"},"canonical":"https:\/\/swissbaker.ch\/fr\/panissimo-news\/herbstrichtpreise-brotgetreide-bleiben-unterveraendert\/","og_locale":"fr_FR","og_type":"article","og_title":"Les prix indicatifs \u00abapr\u00e8s-r\u00e9colte\u00bb pour les c\u00e9r\u00e9ales panifiables restent inchang\u00e9s","og_description":"La commission \u00abMarch\u00e9-Qualit\u00e9 C\u00e9r\u00e9ales\u00bb de swiss granum a fix\u00e9 les prix indicatifs \u00abr\u00e9colte\u00bb des c\u00e9r\u00e9ales panifiables pour la r\u00e9colte 2023.","og_url":"https:\/\/swissbaker.ch\/fr\/panissimo-news\/herbstrichtpreise-brotgetreide-bleiben-unterveraendert\/","og_site_name":"SBC","article_publisher":"https:\/\/www.facebook.com\/swissbaker.ch","article_published_time":"2023-06-07T05:56:44+00:00","article_modified_time":"2023-06-08T09:14:15+00:00","og_image":[{"width":1200,"height":712,"url":"https:\/\/swissbaker.ch\/wp-content\/uploads\/2023\/06\/getreideernte.jpg","type":"image\/jpeg"}],"author":"Simon Nussbaum","twitter_card":"summary_large_image","twitter_creator":"@ch_swissbaker","twitter_site":"@ch_swissbaker","twitter_misc":{"Written by":"Simon Nussbaum","Est. reading time":"2 minutes"},"schema":{"@context":"https:\/\/schema.org","@graph":[{"@type":"Article","@id":"https:\/\/swissbaker.ch\/fr\/panissimo-news\/herbstrichtpreise-brotgetreide-bleiben-unterveraendert\/#article","isPartOf":{"@id":"https:\/\/swissbaker.ch\/fr\/panissimo-news\/herbstrichtpreise-brotgetreide-bleiben-unterveraendert\/"},"author":{"name":"Simon Nussbaum","@id":"https:\/\/swissbaker.ch\/fr\/#\/schema\/person\/74bd327b08c18ca6042c02ff6f0ed5e2"},"headline":"Les prix indicatifs \u00abapr\u00e8s-r\u00e9colte\u00bb pour les c\u00e9r\u00e9ales panifiables restent inchang\u00e9s","datePublished":"2023-06-07T05:56:44+00:00","dateModified":"2023-06-08T09:14:15+00:00","mainEntityOfPage":{"@id":"https:\/\/swissbaker.ch\/fr\/panissimo-news\/herbstrichtpreise-brotgetreide-bleiben-unterveraendert\/"},"wordCount":371,"publisher":{"@id":"https:\/\/swissbaker.ch\/fr\/#organization"},"image":{"@id":"https:\/\/swissbaker.ch\/fr\/panissimo-news\/herbstrichtpreise-brotgetreide-bleiben-unterveraendert\/#primaryimage"},"thumbnailUrl":"https:\/\/swissbaker.ch\/wp-content\/uploads\/2023\/06\/getreideernte.jpg","articleSection":["Environnement professionnel","Production"],"inLanguage":"fr-FR"},{"@type":"WebPage","@id":"https:\/\/swissbaker.ch\/fr\/panissimo-news\/herbstrichtpreise-brotgetreide-bleiben-unterveraendert\/","url":"https:\/\/swissbaker.ch\/fr\/panissimo-news\/herbstrichtpreise-brotgetreide-bleiben-unterveraendert\/","name":"Les prix indicatifs \u00abapr\u00e8s-r\u00e9colte\u00bb pour les c\u00e9r\u00e9ales panifiables restent inchang\u00e9s | SBC","isPartOf":{"@id":"https:\/\/swissbaker.ch\/fr\/#website"},"primaryImageOfPage":{"@id":"https:\/\/swissbaker.ch\/fr\/panissimo-news\/herbstrichtpreise-brotgetreide-bleiben-unterveraendert\/#primaryimage"},"image":{"@id":"https:\/\/swissbaker.ch\/fr\/panissimo-news\/herbstrichtpreise-brotgetreide-bleiben-unterveraendert\/#primaryimage"},"thumbnailUrl":"https:\/\/swissbaker.ch\/wp-content\/uploads\/2023\/06\/getreideernte.jpg","datePublished":"2023-06-07T05:56:44+00:00","dateModified":"2023-06-08T09:14:15+00:00","description":"La commission \u00abMarch\u00e9-Qualit\u00e9 C\u00e9r\u00e9ales\u00bb de swiss granum a fix\u00e9 les prix indicatifs \u00abr\u00e9colte\u00bb des c\u00e9r\u00e9ales panifiables pour la r\u00e9colte 2023.","breadcrumb":{"@id":"https:\/\/swissbaker.ch\/fr\/panissimo-news\/herbstrichtpreise-brotgetreide-bleiben-unterveraendert\/#breadcrumb"},"inLanguage":"fr-FR","potentialAction":[{"@type":"ReadAction","target":["https:\/\/swissbaker.ch\/fr\/panissimo-news\/herbstrichtpreise-brotgetreide-bleiben-unterveraendert\/"]}]},{"@type":"ImageObject","inLanguage":"fr-FR","@id":"https:\/\/swissbaker.ch\/fr\/panissimo-news\/herbstrichtpreise-brotgetreide-bleiben-unterveraendert\/#primaryimage","url":"https:\/\/swissbaker.ch\/wp-content\/uploads\/2023\/06\/getreideernte.jpg","contentUrl":"https:\/\/swissbaker.ch\/wp-content\/uploads\/2023\/06\/getreideernte.jpg","width":1200,"height":712},{"@type":"BreadcrumbList","@id":"https:\/\/swissbaker.ch\/fr\/panissimo-news\/herbstrichtpreise-brotgetreide-bleiben-unterveraendert\/#breadcrumb","itemListElement":[{"@type":"ListItem","position":1,"name":"","item":"https:\/\/swissbaker.ch\/fr\/"},{"@type":"ListItem","position":2,"name":"Production","item":"https:\/\/swissbaker.ch\/fr\/panissimo-news\/category\/production\/"},{"@type":"ListItem","position":3,"name":"Les prix indicatifs \u00abapr\u00e8s-r\u00e9colte\u00bb pour les c\u00e9r\u00e9ales panifiables restent inchang\u00e9s"}]},{"@type":"WebSite","@id":"https:\/\/swissbaker.ch\/fr\/#website","url":"https:\/\/swissbaker.ch\/fr\/","name":"SBC","description":"","publisher":{"@id":"https:\/\/swissbaker.ch\/fr\/#organization"},"potentialAction":[{"@type":"SearchAction","target":{"@type":"EntryPoint","urlTemplate":"https:\/\/swissbaker.ch\/fr\/?s={search_term_string}"},"query-input":{"@type":"PropertyValueSpecification","valueRequired":true,"valueName":"search_term_string"}}],"inLanguage":"fr-FR"},{"@type":"Organization","@id":"https:\/\/swissbaker.ch\/fr\/#organization","name":"Schweizerischer B\u00e4cker-Confiseurmeister-Verband","url":"https:\/\/swissbaker.ch\/fr\/","logo":{"@type":"ImageObject","inLanguage":"fr-FR","@id":"https:\/\/swissbaker.ch\/fr\/#\/schema\/logo\/image\/","url":"https:\/\/swissbaker.ch\/wp-content\/uploads\/2022\/04\/sbc-logo-yoast.jpg","contentUrl":"https:\/\/swissbaker.ch\/wp-content\/uploads\/2022\/04\/sbc-logo-yoast.jpg","width":512,"height":512,"caption":"Schweizerischer B\u00e4cker-Confiseurmeister-Verband"},"image":{"@id":"https:\/\/swissbaker.ch\/fr\/#\/schema\/logo\/image\/"},"sameAs":["https:\/\/www.facebook.com\/swissbaker.ch","https:\/\/x.com\/ch_swissbaker"]},{"@type":"Person","@id":"https:\/\/swissbaker.ch\/fr\/#\/schema\/person\/74bd327b08c18ca6042c02ff6f0ed5e2","name":"Simon Nussbaum","image":{"@type":"ImageObject","inLanguage":"fr-FR","@id":"https:\/\/swissbaker.ch\/fr\/#\/schema\/person\/image\/","url":"https:\/\/secure.gravatar.com\/avatar\/df0eced3bb556c806cb760cf503ade1ed1df25b4104d80d6fd28d93a9509aa12?s=96&d=mm&r=g","contentUrl":"https:\/\/secure.gravatar.com\/avatar\/df0eced3bb556c806cb760cf503ade1ed1df25b4104d80d6fd28d93a9509aa12?s=96&d=mm&r=g","caption":"Simon Nussbaum"},"url":"https:\/\/swissbaker.ch\/fr\/panissimo-news\/author\/simon-nussbaum\/"}]}},"_links":{"self":[{"href":"https:\/\/swissbaker.ch\/fr\/wp-json\/wp\/v2\/posts\/62563","targetHints":{"allow":["GET"]}}],"collection":[{"href":"https:\/\/swissbaker.ch\/fr\/wp-json\/wp\/v2\/posts"}],"about":[{"href":"https:\/\/swissbaker.ch\/fr\/wp-json\/wp\/v2\/types\/post"}],"author":[{"embeddable":true,"href":"https:\/\/swissbaker.ch\/fr\/wp-json\/wp\/v2\/users\/5"}],"replies":[{"embeddable":true,"href":"https:\/\/swissbaker.ch\/fr\/wp-json\/wp\/v2\/comments?post=62563"}],"version-history":[{"count":0,"href":"https:\/\/swissbaker.ch\/fr\/wp-json\/wp\/v2\/posts\/62563\/revisions"}],"wp:featuredmedia":[{"embeddable":true,"href":"https:\/\/swissbaker.ch\/fr\/wp-json\/wp\/v2\/media\/62545"}],"wp:attachment":[{"href":"https:\/\/swissbaker.ch\/fr\/wp-json\/wp\/v2\/media?parent=62563"}],"wp:term":[{"taxonomy":"category","embeddable":true,"href":"https:\/\/swissbaker.ch\/fr\/wp-json\/wp\/v2\/categories?post=62563"},{"taxonomy":"post_tag","embeddable":true,"href":"https:\/\/swissbaker.ch\/fr\/wp-json\/wp\/v2\/tags?post=62563"}],"curies":[{"name":"wp","href":"https:\/\/api.w.org\/{rel}","templated":true}]}}