{"id":62529,"date":"2023-06-06T10:47:16","date_gmt":"2023-06-06T08:47:16","guid":{"rendered":"https:\/\/swissbaker.ch\/?p=62529"},"modified":"2023-06-06T10:49:35","modified_gmt":"2023-06-06T08:49:35","slug":"passion-et-amour-indissociables","status":"publish","type":"post","link":"https:\/\/swissbaker.ch\/fr\/panissimo-news\/passion-et-amour-indissociables\/","title":{"rendered":"Passion et amour, indissociables"},"content":{"rendered":"\n<p><strong>L\u2019amour est le fruit d\u2019une passion, qui parfois est d\u00e9vorante. Avez-vous la passion\u2009? Je l\u2019esp\u00e8re car elle va vous guider sur les plus beaux des chemins. Ces chemins qui sont ceux de l\u2019apprentissage et du d\u00e9veloppement. Ceux qui vont un jour vous guider vers l\u2019\u00e9choppe et le labo d\u2019un artisan.<\/strong><\/p>\n\n\n\n<p>Mais cette passion est d\u00e9j\u00e0 ancr\u00e9e en vous, elle ne demande qu\u2019\u00e0 se r\u00e9v\u00e9ler. Elle va na\u00eetre au plus profond de votre \u00eatre, parfois m\u00eame sans que vous vous en rendiez compte. Elle peut \u00eatre le fruit de partages et d\u2019\u00e9changes dans la cuisine de votre maison avec vos mamans, qui vont vous ouvrir le chemin de la confection de douceurs ou de produits sal\u00e9s \u00e0 quatre mains. Cela sera aussi en admirant la vitrine et l\u2019\u00e9tal d\u2019un artisan. Mais l\u2019\u00e9veil est multiple et divers pour les uns et les autres. Une \u00e9mission de t\u00e9l\u00e9vision, une orientation scolaire, un stage c\u2019est \u00e0 travers cela que naissent les envies pour un m\u00e9tier. Le chemin n\u2019est jamais simple et encore moins simpliste, il est un acte, une volont\u00e9, une d\u00e9termination. Celle qui va un jour se transformer et vous permettre de dire \u00e0 vos parents et vos enseignants, j\u2019ai d\u00e9cid\u00e9\u2026 Je veux \u00eatre boulanger-p\u00e2tissier-confiseur et chocolatier et de fait j\u2019aurais un m\u00e9tier complet.<\/p>\n\n\n\n<p>Avec cet acte de foi en vue de votre avenir, vous allez ouvrir l\u2019horizon qui vous m\u00e8ne vers le futur et poser les premi\u00e8res pierres de votre \u00e9difice professionnel et faire des stages pour rendre d\u00e9cisive votre d\u00e9cision. Puis, vous allez chercher une place d\u2019apprentissage chez le meilleur des artisans car vous en voulez pour construire vos demains. A travers les jours et les heures, vous allez cheminer vers la connaissance th\u00e9orique et pratique du m\u00e9tier. Les \u00e9tapes vont se franchir et comme une petite flamme \u00e0 travers ces derni\u00e8res elle va se transformer en passion.<\/p>\n\n\n\n<p>Cette passion va vous ouvrir la marche vers l\u2019excellence avec la volont\u00e9, la rigueur qui sied et la r\u00e9ussite sera au bout. Ceci ne sera qu\u2019une \u00e9tape car la passion va se nourrir de d\u00e9couvertes techniques et technologiques, mais aussi d\u2019\u00e9changes et de partages pour aller plus loin. L\u00e0, alors la passion deviendra amour, amour de ce m\u00e9tier, de ce qu\u2019il est, mais aussi \u00e0 travers cette passion devenue amour, vous serez les moteurs de l\u2019esp\u00e9rance, du renouveau et de la rel\u00e8ve artisanale. Et sur les chemins de vos vies, vous serez des passeurs de savoir, du bon, du beau et du go\u00fbt. Ainsi votre chemin sera lumineux car aur\u00e9ol\u00e9 de la force de la passion et de la beaut\u00e9 de l\u2019amour d\u2019un m\u00e9tier.<\/p>\n\n\n\n<p class=\"has-text-align-right\"><em>Bernard Pignat, Chevalier d\u2019honneur<br>de la Confr\u00e9rie valaisanne des chevaliers du bon pain<\/em><\/p>\n","protected":false},"excerpt":{"rendered":"<p>L\u2019amour est le fruit d\u2019une passion, qui parfois est d\u00e9vorante. Avez-vous la passion\u2009?<\/p>\n","protected":false},"author":5,"featured_media":7213,"comment_status":"closed","ping_status":"closed","sticky":false,"template":"","format":"standard","meta":{"_acf_changed":false,"footnotes":""},"categories":[39],"tags":[],"class_list":["post-62529","post","type-post","status-publish","format-standard","has-post-thumbnail","hentry","category-de-la-branche"],"acf":[],"yoast_head":"<!-- This site is optimized with the Yoast SEO Premium plugin v26.8 (Yoast SEO v26.8) - https:\/\/yoast.com\/product\/yoast-seo-premium-wordpress\/ -->\n<title>Passion et amour, indissociables | SBC<\/title>\n<meta name=\"description\" content=\"L\u2019amour est le fruit d\u2019une passion, qui parfois est d\u00e9vorante. Avez-vous la passion\u2009?\" \/>\n<meta name=\"robots\" content=\"index, follow, max-snippet:-1, max-image-preview:large, max-video-preview:-1\" \/>\n<link rel=\"canonical\" href=\"https:\/\/swissbaker.ch\/fr\/panissimo-news\/passion-et-amour-indissociables\/\" \/>\n<meta property=\"og:locale\" content=\"fr_FR\" \/>\n<meta property=\"og:type\" content=\"article\" \/>\n<meta property=\"og:title\" content=\"Passion et amour, indissociables\" \/>\n<meta property=\"og:description\" content=\"L\u2019amour est le fruit d\u2019une passion, qui parfois est d\u00e9vorante. Avez-vous la passion\u2009?\" \/>\n<meta property=\"og:url\" content=\"https:\/\/swissbaker.ch\/fr\/panissimo-news\/passion-et-amour-indissociables\/\" \/>\n<meta property=\"og:site_name\" content=\"SBC\" \/>\n<meta property=\"article:publisher\" content=\"https:\/\/www.facebook.com\/swissbaker.ch\" \/>\n<meta property=\"article:published_time\" content=\"2023-06-06T08:47:16+00:00\" \/>\n<meta property=\"article:modified_time\" content=\"2023-06-06T08:49:35+00:00\" \/>\n<meta property=\"og:image\" content=\"https:\/\/swissbaker.ch\/wp-content\/uploads\/2022\/04\/le_chevalier.jpeg\" \/>\n\t<meta property=\"og:image:width\" content=\"800\" \/>\n\t<meta property=\"og:image:height\" content=\"474\" \/>\n\t<meta property=\"og:image:type\" content=\"image\/jpeg\" \/>\n<meta name=\"author\" content=\"Simon Nussbaum\" \/>\n<meta name=\"twitter:card\" content=\"summary_large_image\" \/>\n<meta name=\"twitter:creator\" content=\"@ch_swissbaker\" \/>\n<meta name=\"twitter:site\" content=\"@ch_swissbaker\" \/>\n<meta name=\"twitter:label1\" content=\"Written by\" \/>\n\t<meta name=\"twitter:data1\" content=\"Simon Nussbaum\" \/>\n\t<meta name=\"twitter:label2\" content=\"Est. reading time\" \/>\n\t<meta name=\"twitter:data2\" content=\"3 minutes\" \/>\n<script type=\"application\/ld+json\" class=\"yoast-schema-graph\">{\"@context\":\"https:\/\/schema.org\",\"@graph\":[{\"@type\":\"Article\",\"@id\":\"https:\/\/swissbaker.ch\/fr\/panissimo-news\/passion-et-amour-indissociables\/#article\",\"isPartOf\":{\"@id\":\"https:\/\/swissbaker.ch\/fr\/panissimo-news\/passion-et-amour-indissociables\/\"},\"author\":{\"name\":\"Simon Nussbaum\",\"@id\":\"https:\/\/swissbaker.ch\/fr\/#\/schema\/person\/74bd327b08c18ca6042c02ff6f0ed5e2\"},\"headline\":\"Passion et amour, indissociables\",\"datePublished\":\"2023-06-06T08:47:16+00:00\",\"dateModified\":\"2023-06-06T08:49:35+00:00\",\"mainEntityOfPage\":{\"@id\":\"https:\/\/swissbaker.ch\/fr\/panissimo-news\/passion-et-amour-indissociables\/\"},\"wordCount\":499,\"publisher\":{\"@id\":\"https:\/\/swissbaker.ch\/fr\/#organization\"},\"image\":{\"@id\":\"https:\/\/swissbaker.ch\/fr\/panissimo-news\/passion-et-amour-indissociables\/#primaryimage\"},\"thumbnailUrl\":\"https:\/\/swissbaker.ch\/wp-content\/uploads\/2022\/04\/le_chevalier.jpeg\",\"articleSection\":[\"De la branche\"],\"inLanguage\":\"fr-FR\"},{\"@type\":\"WebPage\",\"@id\":\"https:\/\/swissbaker.ch\/fr\/panissimo-news\/passion-et-amour-indissociables\/\",\"url\":\"https:\/\/swissbaker.ch\/fr\/panissimo-news\/passion-et-amour-indissociables\/\",\"name\":\"Passion et amour, indissociables | SBC\",\"isPartOf\":{\"@id\":\"https:\/\/swissbaker.ch\/fr\/#website\"},\"primaryImageOfPage\":{\"@id\":\"https:\/\/swissbaker.ch\/fr\/panissimo-news\/passion-et-amour-indissociables\/#primaryimage\"},\"image\":{\"@id\":\"https:\/\/swissbaker.ch\/fr\/panissimo-news\/passion-et-amour-indissociables\/#primaryimage\"},\"thumbnailUrl\":\"https:\/\/swissbaker.ch\/wp-content\/uploads\/2022\/04\/le_chevalier.jpeg\",\"datePublished\":\"2023-06-06T08:47:16+00:00\",\"dateModified\":\"2023-06-06T08:49:35+00:00\",\"description\":\"L\u2019amour est le fruit d\u2019une passion, qui parfois est d\u00e9vorante. Avez-vous la passion\u2009?\",\"breadcrumb\":{\"@id\":\"https:\/\/swissbaker.ch\/fr\/panissimo-news\/passion-et-amour-indissociables\/#breadcrumb\"},\"inLanguage\":\"fr-FR\",\"potentialAction\":[{\"@type\":\"ReadAction\",\"target\":[\"https:\/\/swissbaker.ch\/fr\/panissimo-news\/passion-et-amour-indissociables\/\"]}]},{\"@type\":\"ImageObject\",\"inLanguage\":\"fr-FR\",\"@id\":\"https:\/\/swissbaker.ch\/fr\/panissimo-news\/passion-et-amour-indissociables\/#primaryimage\",\"url\":\"https:\/\/swissbaker.ch\/wp-content\/uploads\/2022\/04\/le_chevalier.jpeg\",\"contentUrl\":\"https:\/\/swissbaker.ch\/wp-content\/uploads\/2022\/04\/le_chevalier.jpeg\",\"width\":800,\"height\":474,\"caption\":\"Traction avant\u2026Ou quatre fois quatre !\"},{\"@type\":\"BreadcrumbList\",\"@id\":\"https:\/\/swissbaker.ch\/fr\/panissimo-news\/passion-et-amour-indissociables\/#breadcrumb\",\"itemListElement\":[{\"@type\":\"ListItem\",\"position\":1,\"name\":\"\",\"item\":\"https:\/\/swissbaker.ch\/fr\/\"},{\"@type\":\"ListItem\",\"position\":2,\"name\":\"De la branche\",\"item\":\"https:\/\/swissbaker.ch\/fr\/panissimo-news\/category\/de-la-branche\/\"},{\"@type\":\"ListItem\",\"position\":3,\"name\":\"Passion et amour, indissociables\"}]},{\"@type\":\"WebSite\",\"@id\":\"https:\/\/swissbaker.ch\/fr\/#website\",\"url\":\"https:\/\/swissbaker.ch\/fr\/\",\"name\":\"SBC\",\"description\":\"\",\"publisher\":{\"@id\":\"https:\/\/swissbaker.ch\/fr\/#organization\"},\"potentialAction\":[{\"@type\":\"SearchAction\",\"target\":{\"@type\":\"EntryPoint\",\"urlTemplate\":\"https:\/\/swissbaker.ch\/fr\/?s={search_term_string}\"},\"query-input\":{\"@type\":\"PropertyValueSpecification\",\"valueRequired\":true,\"valueName\":\"search_term_string\"}}],\"inLanguage\":\"fr-FR\"},{\"@type\":\"Organization\",\"@id\":\"https:\/\/swissbaker.ch\/fr\/#organization\",\"name\":\"Schweizerischer B\u00e4cker-Confiseurmeister-Verband\",\"url\":\"https:\/\/swissbaker.ch\/fr\/\",\"logo\":{\"@type\":\"ImageObject\",\"inLanguage\":\"fr-FR\",\"@id\":\"https:\/\/swissbaker.ch\/fr\/#\/schema\/logo\/image\/\",\"url\":\"https:\/\/swissbaker.ch\/wp-content\/uploads\/2022\/04\/sbc-logo-yoast.jpg\",\"contentUrl\":\"https:\/\/swissbaker.ch\/wp-content\/uploads\/2022\/04\/sbc-logo-yoast.jpg\",\"width\":512,\"height\":512,\"caption\":\"Schweizerischer B\u00e4cker-Confiseurmeister-Verband\"},\"image\":{\"@id\":\"https:\/\/swissbaker.ch\/fr\/#\/schema\/logo\/image\/\"},\"sameAs\":[\"https:\/\/www.facebook.com\/swissbaker.ch\",\"https:\/\/x.com\/ch_swissbaker\"]},{\"@type\":\"Person\",\"@id\":\"https:\/\/swissbaker.ch\/fr\/#\/schema\/person\/74bd327b08c18ca6042c02ff6f0ed5e2\",\"name\":\"Simon Nussbaum\",\"image\":{\"@type\":\"ImageObject\",\"inLanguage\":\"fr-FR\",\"@id\":\"https:\/\/swissbaker.ch\/fr\/#\/schema\/person\/image\/\",\"url\":\"https:\/\/secure.gravatar.com\/avatar\/df0eced3bb556c806cb760cf503ade1ed1df25b4104d80d6fd28d93a9509aa12?s=96&d=mm&r=g\",\"contentUrl\":\"https:\/\/secure.gravatar.com\/avatar\/df0eced3bb556c806cb760cf503ade1ed1df25b4104d80d6fd28d93a9509aa12?s=96&d=mm&r=g\",\"caption\":\"Simon Nussbaum\"},\"url\":\"https:\/\/swissbaker.ch\/fr\/panissimo-news\/author\/simon-nussbaum\/\"}]}<\/script>\n<!-- \/ Yoast SEO Premium plugin. -->","yoast_head_json":{"title":"Passion et amour, indissociables | SBC","description":"L\u2019amour est le fruit d\u2019une passion, qui parfois est d\u00e9vorante. Avez-vous la passion\u2009?","robots":{"index":"index","follow":"follow","max-snippet":"max-snippet:-1","max-image-preview":"max-image-preview:large","max-video-preview":"max-video-preview:-1"},"canonical":"https:\/\/swissbaker.ch\/fr\/panissimo-news\/passion-et-amour-indissociables\/","og_locale":"fr_FR","og_type":"article","og_title":"Passion et amour, indissociables","og_description":"L\u2019amour est le fruit d\u2019une passion, qui parfois est d\u00e9vorante. Avez-vous la passion\u2009?","og_url":"https:\/\/swissbaker.ch\/fr\/panissimo-news\/passion-et-amour-indissociables\/","og_site_name":"SBC","article_publisher":"https:\/\/www.facebook.com\/swissbaker.ch","article_published_time":"2023-06-06T08:47:16+00:00","article_modified_time":"2023-06-06T08:49:35+00:00","og_image":[{"width":800,"height":474,"url":"https:\/\/swissbaker.ch\/wp-content\/uploads\/2022\/04\/le_chevalier.jpeg","type":"image\/jpeg"}],"author":"Simon Nussbaum","twitter_card":"summary_large_image","twitter_creator":"@ch_swissbaker","twitter_site":"@ch_swissbaker","twitter_misc":{"Written by":"Simon Nussbaum","Est. reading time":"3 minutes"},"schema":{"@context":"https:\/\/schema.org","@graph":[{"@type":"Article","@id":"https:\/\/swissbaker.ch\/fr\/panissimo-news\/passion-et-amour-indissociables\/#article","isPartOf":{"@id":"https:\/\/swissbaker.ch\/fr\/panissimo-news\/passion-et-amour-indissociables\/"},"author":{"name":"Simon Nussbaum","@id":"https:\/\/swissbaker.ch\/fr\/#\/schema\/person\/74bd327b08c18ca6042c02ff6f0ed5e2"},"headline":"Passion et amour, indissociables","datePublished":"2023-06-06T08:47:16+00:00","dateModified":"2023-06-06T08:49:35+00:00","mainEntityOfPage":{"@id":"https:\/\/swissbaker.ch\/fr\/panissimo-news\/passion-et-amour-indissociables\/"},"wordCount":499,"publisher":{"@id":"https:\/\/swissbaker.ch\/fr\/#organization"},"image":{"@id":"https:\/\/swissbaker.ch\/fr\/panissimo-news\/passion-et-amour-indissociables\/#primaryimage"},"thumbnailUrl":"https:\/\/swissbaker.ch\/wp-content\/uploads\/2022\/04\/le_chevalier.jpeg","articleSection":["De la branche"],"inLanguage":"fr-FR"},{"@type":"WebPage","@id":"https:\/\/swissbaker.ch\/fr\/panissimo-news\/passion-et-amour-indissociables\/","url":"https:\/\/swissbaker.ch\/fr\/panissimo-news\/passion-et-amour-indissociables\/","name":"Passion et amour, indissociables | SBC","isPartOf":{"@id":"https:\/\/swissbaker.ch\/fr\/#website"},"primaryImageOfPage":{"@id":"https:\/\/swissbaker.ch\/fr\/panissimo-news\/passion-et-amour-indissociables\/#primaryimage"},"image":{"@id":"https:\/\/swissbaker.ch\/fr\/panissimo-news\/passion-et-amour-indissociables\/#primaryimage"},"thumbnailUrl":"https:\/\/swissbaker.ch\/wp-content\/uploads\/2022\/04\/le_chevalier.jpeg","datePublished":"2023-06-06T08:47:16+00:00","dateModified":"2023-06-06T08:49:35+00:00","description":"L\u2019amour est le fruit d\u2019une passion, qui parfois est d\u00e9vorante. Avez-vous la passion\u2009?","breadcrumb":{"@id":"https:\/\/swissbaker.ch\/fr\/panissimo-news\/passion-et-amour-indissociables\/#breadcrumb"},"inLanguage":"fr-FR","potentialAction":[{"@type":"ReadAction","target":["https:\/\/swissbaker.ch\/fr\/panissimo-news\/passion-et-amour-indissociables\/"]}]},{"@type":"ImageObject","inLanguage":"fr-FR","@id":"https:\/\/swissbaker.ch\/fr\/panissimo-news\/passion-et-amour-indissociables\/#primaryimage","url":"https:\/\/swissbaker.ch\/wp-content\/uploads\/2022\/04\/le_chevalier.jpeg","contentUrl":"https:\/\/swissbaker.ch\/wp-content\/uploads\/2022\/04\/le_chevalier.jpeg","width":800,"height":474,"caption":"Traction avant\u2026Ou quatre fois quatre !"},{"@type":"BreadcrumbList","@id":"https:\/\/swissbaker.ch\/fr\/panissimo-news\/passion-et-amour-indissociables\/#breadcrumb","itemListElement":[{"@type":"ListItem","position":1,"name":"","item":"https:\/\/swissbaker.ch\/fr\/"},{"@type":"ListItem","position":2,"name":"De la branche","item":"https:\/\/swissbaker.ch\/fr\/panissimo-news\/category\/de-la-branche\/"},{"@type":"ListItem","position":3,"name":"Passion et amour, indissociables"}]},{"@type":"WebSite","@id":"https:\/\/swissbaker.ch\/fr\/#website","url":"https:\/\/swissbaker.ch\/fr\/","name":"SBC","description":"","publisher":{"@id":"https:\/\/swissbaker.ch\/fr\/#organization"},"potentialAction":[{"@type":"SearchAction","target":{"@type":"EntryPoint","urlTemplate":"https:\/\/swissbaker.ch\/fr\/?s={search_term_string}"},"query-input":{"@type":"PropertyValueSpecification","valueRequired":true,"valueName":"search_term_string"}}],"inLanguage":"fr-FR"},{"@type":"Organization","@id":"https:\/\/swissbaker.ch\/fr\/#organization","name":"Schweizerischer B\u00e4cker-Confiseurmeister-Verband","url":"https:\/\/swissbaker.ch\/fr\/","logo":{"@type":"ImageObject","inLanguage":"fr-FR","@id":"https:\/\/swissbaker.ch\/fr\/#\/schema\/logo\/image\/","url":"https:\/\/swissbaker.ch\/wp-content\/uploads\/2022\/04\/sbc-logo-yoast.jpg","contentUrl":"https:\/\/swissbaker.ch\/wp-content\/uploads\/2022\/04\/sbc-logo-yoast.jpg","width":512,"height":512,"caption":"Schweizerischer B\u00e4cker-Confiseurmeister-Verband"},"image":{"@id":"https:\/\/swissbaker.ch\/fr\/#\/schema\/logo\/image\/"},"sameAs":["https:\/\/www.facebook.com\/swissbaker.ch","https:\/\/x.com\/ch_swissbaker"]},{"@type":"Person","@id":"https:\/\/swissbaker.ch\/fr\/#\/schema\/person\/74bd327b08c18ca6042c02ff6f0ed5e2","name":"Simon Nussbaum","image":{"@type":"ImageObject","inLanguage":"fr-FR","@id":"https:\/\/swissbaker.ch\/fr\/#\/schema\/person\/image\/","url":"https:\/\/secure.gravatar.com\/avatar\/df0eced3bb556c806cb760cf503ade1ed1df25b4104d80d6fd28d93a9509aa12?s=96&d=mm&r=g","contentUrl":"https:\/\/secure.gravatar.com\/avatar\/df0eced3bb556c806cb760cf503ade1ed1df25b4104d80d6fd28d93a9509aa12?s=96&d=mm&r=g","caption":"Simon Nussbaum"},"url":"https:\/\/swissbaker.ch\/fr\/panissimo-news\/author\/simon-nussbaum\/"}]}},"_links":{"self":[{"href":"https:\/\/swissbaker.ch\/fr\/wp-json\/wp\/v2\/posts\/62529","targetHints":{"allow":["GET"]}}],"collection":[{"href":"https:\/\/swissbaker.ch\/fr\/wp-json\/wp\/v2\/posts"}],"about":[{"href":"https:\/\/swissbaker.ch\/fr\/wp-json\/wp\/v2\/types\/post"}],"author":[{"embeddable":true,"href":"https:\/\/swissbaker.ch\/fr\/wp-json\/wp\/v2\/users\/5"}],"replies":[{"embeddable":true,"href":"https:\/\/swissbaker.ch\/fr\/wp-json\/wp\/v2\/comments?post=62529"}],"version-history":[{"count":0,"href":"https:\/\/swissbaker.ch\/fr\/wp-json\/wp\/v2\/posts\/62529\/revisions"}],"wp:featuredmedia":[{"embeddable":true,"href":"https:\/\/swissbaker.ch\/fr\/wp-json\/wp\/v2\/media\/7213"}],"wp:attachment":[{"href":"https:\/\/swissbaker.ch\/fr\/wp-json\/wp\/v2\/media?parent=62529"}],"wp:term":[{"taxonomy":"category","embeddable":true,"href":"https:\/\/swissbaker.ch\/fr\/wp-json\/wp\/v2\/categories?post=62529"},{"taxonomy":"post_tag","embeddable":true,"href":"https:\/\/swissbaker.ch\/fr\/wp-json\/wp\/v2\/tags?post=62529"}],"curies":[{"name":"wp","href":"https:\/\/api.w.org\/{rel}","templated":true}]}}