{"id":62498,"date":"2023-06-06T07:40:03","date_gmt":"2023-06-06T05:40:03","guid":{"rendered":"https:\/\/swissbaker.ch\/?p=62498"},"modified":"2023-06-08T15:07:46","modified_gmt":"2023-06-08T13:07:46","slug":"soyez-les-bienvenus-2","status":"publish","type":"post","link":"https:\/\/swissbaker.ch\/fr\/panissimo-news\/soyez-les-bienvenus-2\/","title":{"rendered":"Soyez les bienvenus"},"content":{"rendered":"\n<p>Ch\u00e8re lectrice, cher lecteur,<\/p>\n\n\n\n<p>Au d\u00e9but de la semaine prochaine, d\u00e9l\u00e9gu\u00e9es et d\u00e9l\u00e9gu\u00e9s se rendront \u00e0 notre 137<sup>e<\/sup> congr\u00e8s \u00e0 Berne. La veille aura lieu cette fois-ci un \u00e9v\u00e9nement de r\u00e9seautage pour nos membres \u2013 un \u00e9change entre coll\u00e8gues professionnels \u2013 sur le Gurten, la colline qui surplombe la ville de Berne. L\u2019id\u00e9e est excellente et je me r\u00e9jouis de passer un moment convivial au-dessus des lumi\u00e8res de la ville, avant de vivre le lendemain une journ\u00e9e tout aussi int\u00e9ressante, qui verra la nomination du successeur de l\u2019actuel Ambassadeur du pain et du chocolat, Patrick Zbinden, c\u00e9l\u00e8bre analyste sensoriel. Il s\u2019agira d\u2019une double premi\u00e8re, mais je n\u2019en dirai pas plus.<\/p>\n\n\n\n<p>Le nom de celui ou celle qui portera la couronne boulang\u00e8re en 2023 sera \u00e9galement d\u00e9voil\u00e9 lors du congr\u00e8s \u2013 l\u2019excentrique Daniel Amrein, connu bien au-del\u00e0 de la r\u00e9gion, ayant d\u00e9croch\u00e9 l\u2019ann\u00e9e derni\u00e8re cette distinction d\u00e9cern\u00e9e conjointement par la BCS et l\u2019Union suisse de la levure (SHV). Un grand merci \u00e0 cette derni\u00e8re pour ce prix important.<\/p>\n\n\n\n<p>Dans la partie statutaire, les d\u00e9l\u00e9gu\u00e9es et d\u00e9l\u00e9gu\u00e9s vont devoir confirmer dans leurs fonctions les membres actuels du comit\u00e9 central (CC), \u00e0 savoir ma coll\u00e8gue f\u00e9minine Lisa Frunz, mes onze coll\u00e8gues masculins et moi-m\u00eame, et en \u00e9lire deux nouveaux\u2009: Gregor Menzi (B\u00e4ckerei Abderhalden, Wattwil) en tant que repr\u00e9sentant de la r\u00e9gion Suisse orientale et Konrad Pfister (Fleischli, Niederglatt) pour la CI des grandes entreprises. Je remercie d\u2019ores et d\u00e9j\u00e0 mes coll\u00e8gues du CC pour leur engagement en faveur du secteur artisanal, pour leurs nombreuses heures de travail, pour leur coll\u00e9gialit\u00e9 et pour leur excellente collaboration.<\/p>\n\n\n\n<p>Je me r\u00e9jouis de notre rencontre sectorielle, de m\u00eame que de la remise de la couronne boulang\u00e8re et de la nomination du nouvel ambassadeur, ainsi que des \u00e9changes avec les d\u00e9l\u00e9gu\u00e9es et d\u00e9l\u00e9gu\u00e9s et invit\u00e9es et invit\u00e9s le jour du congr\u00e8s et la veille au soir sur le Gurten.<\/p>\n\n\n\n<p>A bient\u00f4t \u00e0 Berne\u2009!<\/p>\n\n\n\n<p class=\"has-text-align-right\"><em>Votre pr\u00e9sident<br>Silvan Hotz<\/em><\/p>\n","protected":false},"excerpt":{"rendered":"<p>Au d\u00e9but de la semaine prochaine, d\u00e9l\u00e9gu\u00e9es et d\u00e9l\u00e9gu\u00e9s se rendront \u00e0 notre 137e congr\u00e8s \u00e0 Berne. La veille aura lieu cette fois-ci un \u00e9v\u00e9nement de r\u00e9seautage pour nos membres \u2013 un \u00e9change entre coll\u00e8gues professionnels \u2013 sur le Gurten, la colline qui surplombe la ville de Berne.<\/p>\n","protected":false},"author":5,"featured_media":29651,"comment_status":"closed","ping_status":"closed","sticky":true,"template":"","format":"standard","meta":{"_acf_changed":false,"footnotes":""},"categories":[41],"tags":[],"class_list":["post-62498","post","type-post","status-publish","format-standard","has-post-thumbnail","hentry","category-association"],"acf":[],"yoast_head":"<!-- This site is optimized with the Yoast SEO Premium plugin v26.8 (Yoast SEO v26.8) - https:\/\/yoast.com\/product\/yoast-seo-premium-wordpress\/ -->\n<title>Soyez les bienvenus | SBC<\/title>\n<meta name=\"description\" content=\"Au d\u00e9but de la semaine prochaine, d\u00e9l\u00e9gu\u00e9es et d\u00e9l\u00e9gu\u00e9s se rendront \u00e0 notre 137e congr\u00e8s \u00e0 Berne.\" \/>\n<meta name=\"robots\" content=\"index, follow, max-snippet:-1, max-image-preview:large, max-video-preview:-1\" \/>\n<link rel=\"canonical\" href=\"https:\/\/swissbaker.ch\/fr\/panissimo-news\/soyez-les-bienvenus-2\/\" \/>\n<meta property=\"og:locale\" content=\"fr_FR\" \/>\n<meta property=\"og:type\" content=\"article\" \/>\n<meta property=\"og:title\" content=\"Soyez les bienvenus\" \/>\n<meta property=\"og:description\" content=\"Au d\u00e9but de la semaine prochaine, d\u00e9l\u00e9gu\u00e9es et d\u00e9l\u00e9gu\u00e9s se rendront \u00e0 notre 137e congr\u00e8s \u00e0 Berne.\" \/>\n<meta property=\"og:url\" content=\"https:\/\/swissbaker.ch\/fr\/panissimo-news\/soyez-les-bienvenus-2\/\" \/>\n<meta property=\"og:site_name\" content=\"SBC\" \/>\n<meta property=\"article:publisher\" content=\"https:\/\/www.facebook.com\/swissbaker.ch\" \/>\n<meta property=\"article:published_time\" content=\"2023-06-06T05:40:03+00:00\" \/>\n<meta property=\"article:modified_time\" content=\"2023-06-08T13:07:46+00:00\" \/>\n<meta property=\"og:image\" content=\"https:\/\/swissbaker.ch\/wp-content\/uploads\/2022\/05\/zv_silvan_hotz_p8190159.jpg\" \/>\n\t<meta property=\"og:image:width\" content=\"2560\" \/>\n\t<meta property=\"og:image:height\" content=\"1920\" \/>\n\t<meta property=\"og:image:type\" content=\"image\/jpeg\" \/>\n<meta name=\"author\" content=\"Simon Nussbaum\" \/>\n<meta name=\"twitter:card\" content=\"summary_large_image\" \/>\n<meta name=\"twitter:creator\" content=\"@ch_swissbaker\" \/>\n<meta name=\"twitter:site\" content=\"@ch_swissbaker\" \/>\n<meta name=\"twitter:label1\" content=\"Written by\" \/>\n\t<meta name=\"twitter:data1\" content=\"Simon Nussbaum\" \/>\n\t<meta name=\"twitter:label2\" content=\"Est. reading time\" \/>\n\t<meta name=\"twitter:data2\" content=\"2 minutes\" \/>\n<script type=\"application\/ld+json\" class=\"yoast-schema-graph\">{\"@context\":\"https:\/\/schema.org\",\"@graph\":[{\"@type\":\"Article\",\"@id\":\"https:\/\/swissbaker.ch\/fr\/panissimo-news\/soyez-les-bienvenus-2\/#article\",\"isPartOf\":{\"@id\":\"https:\/\/swissbaker.ch\/fr\/panissimo-news\/soyez-les-bienvenus-2\/\"},\"author\":{\"name\":\"Simon Nussbaum\",\"@id\":\"https:\/\/swissbaker.ch\/fr\/#\/schema\/person\/74bd327b08c18ca6042c02ff6f0ed5e2\"},\"headline\":\"Soyez les bienvenus\",\"datePublished\":\"2023-06-06T05:40:03+00:00\",\"dateModified\":\"2023-06-08T13:07:46+00:00\",\"mainEntityOfPage\":{\"@id\":\"https:\/\/swissbaker.ch\/fr\/panissimo-news\/soyez-les-bienvenus-2\/\"},\"wordCount\":381,\"publisher\":{\"@id\":\"https:\/\/swissbaker.ch\/fr\/#organization\"},\"image\":{\"@id\":\"https:\/\/swissbaker.ch\/fr\/panissimo-news\/soyez-les-bienvenus-2\/#primaryimage\"},\"thumbnailUrl\":\"https:\/\/swissbaker.ch\/wp-content\/uploads\/2022\/05\/zv_silvan_hotz_p8190159.jpg\",\"articleSection\":[\"Association\"],\"inLanguage\":\"fr-FR\"},{\"@type\":\"WebPage\",\"@id\":\"https:\/\/swissbaker.ch\/fr\/panissimo-news\/soyez-les-bienvenus-2\/\",\"url\":\"https:\/\/swissbaker.ch\/fr\/panissimo-news\/soyez-les-bienvenus-2\/\",\"name\":\"Soyez les bienvenus | SBC\",\"isPartOf\":{\"@id\":\"https:\/\/swissbaker.ch\/fr\/#website\"},\"primaryImageOfPage\":{\"@id\":\"https:\/\/swissbaker.ch\/fr\/panissimo-news\/soyez-les-bienvenus-2\/#primaryimage\"},\"image\":{\"@id\":\"https:\/\/swissbaker.ch\/fr\/panissimo-news\/soyez-les-bienvenus-2\/#primaryimage\"},\"thumbnailUrl\":\"https:\/\/swissbaker.ch\/wp-content\/uploads\/2022\/05\/zv_silvan_hotz_p8190159.jpg\",\"datePublished\":\"2023-06-06T05:40:03+00:00\",\"dateModified\":\"2023-06-08T13:07:46+00:00\",\"description\":\"Au d\u00e9but de la semaine prochaine, d\u00e9l\u00e9gu\u00e9es et d\u00e9l\u00e9gu\u00e9s se rendront \u00e0 notre 137e congr\u00e8s \u00e0 Berne.\",\"breadcrumb\":{\"@id\":\"https:\/\/swissbaker.ch\/fr\/panissimo-news\/soyez-les-bienvenus-2\/#breadcrumb\"},\"inLanguage\":\"fr-FR\",\"potentialAction\":[{\"@type\":\"ReadAction\",\"target\":[\"https:\/\/swissbaker.ch\/fr\/panissimo-news\/soyez-les-bienvenus-2\/\"]}]},{\"@type\":\"ImageObject\",\"inLanguage\":\"fr-FR\",\"@id\":\"https:\/\/swissbaker.ch\/fr\/panissimo-news\/soyez-les-bienvenus-2\/#primaryimage\",\"url\":\"https:\/\/swissbaker.ch\/wp-content\/uploads\/2022\/05\/zv_silvan_hotz_p8190159.jpg\",\"contentUrl\":\"https:\/\/swissbaker.ch\/wp-content\/uploads\/2022\/05\/zv_silvan_hotz_p8190159.jpg\",\"width\":2560,\"height\":1920,\"caption\":\"OLYMPUS DIGITAL CAMERA\"},{\"@type\":\"BreadcrumbList\",\"@id\":\"https:\/\/swissbaker.ch\/fr\/panissimo-news\/soyez-les-bienvenus-2\/#breadcrumb\",\"itemListElement\":[{\"@type\":\"ListItem\",\"position\":1,\"name\":\"\",\"item\":\"https:\/\/swissbaker.ch\/fr\/\"},{\"@type\":\"ListItem\",\"position\":2,\"name\":\"Association\",\"item\":\"https:\/\/swissbaker.ch\/fr\/panissimo-news\/category\/association\/\"},{\"@type\":\"ListItem\",\"position\":3,\"name\":\"Soyez les bienvenus\"}]},{\"@type\":\"WebSite\",\"@id\":\"https:\/\/swissbaker.ch\/fr\/#website\",\"url\":\"https:\/\/swissbaker.ch\/fr\/\",\"name\":\"SBC\",\"description\":\"\",\"publisher\":{\"@id\":\"https:\/\/swissbaker.ch\/fr\/#organization\"},\"potentialAction\":[{\"@type\":\"SearchAction\",\"target\":{\"@type\":\"EntryPoint\",\"urlTemplate\":\"https:\/\/swissbaker.ch\/fr\/?s={search_term_string}\"},\"query-input\":{\"@type\":\"PropertyValueSpecification\",\"valueRequired\":true,\"valueName\":\"search_term_string\"}}],\"inLanguage\":\"fr-FR\"},{\"@type\":\"Organization\",\"@id\":\"https:\/\/swissbaker.ch\/fr\/#organization\",\"name\":\"Schweizerischer B\u00e4cker-Confiseurmeister-Verband\",\"url\":\"https:\/\/swissbaker.ch\/fr\/\",\"logo\":{\"@type\":\"ImageObject\",\"inLanguage\":\"fr-FR\",\"@id\":\"https:\/\/swissbaker.ch\/fr\/#\/schema\/logo\/image\/\",\"url\":\"https:\/\/swissbaker.ch\/wp-content\/uploads\/2022\/04\/sbc-logo-yoast.jpg\",\"contentUrl\":\"https:\/\/swissbaker.ch\/wp-content\/uploads\/2022\/04\/sbc-logo-yoast.jpg\",\"width\":512,\"height\":512,\"caption\":\"Schweizerischer B\u00e4cker-Confiseurmeister-Verband\"},\"image\":{\"@id\":\"https:\/\/swissbaker.ch\/fr\/#\/schema\/logo\/image\/\"},\"sameAs\":[\"https:\/\/www.facebook.com\/swissbaker.ch\",\"https:\/\/x.com\/ch_swissbaker\"]},{\"@type\":\"Person\",\"@id\":\"https:\/\/swissbaker.ch\/fr\/#\/schema\/person\/74bd327b08c18ca6042c02ff6f0ed5e2\",\"name\":\"Simon Nussbaum\",\"image\":{\"@type\":\"ImageObject\",\"inLanguage\":\"fr-FR\",\"@id\":\"https:\/\/swissbaker.ch\/fr\/#\/schema\/person\/image\/\",\"url\":\"https:\/\/secure.gravatar.com\/avatar\/df0eced3bb556c806cb760cf503ade1ed1df25b4104d80d6fd28d93a9509aa12?s=96&d=mm&r=g\",\"contentUrl\":\"https:\/\/secure.gravatar.com\/avatar\/df0eced3bb556c806cb760cf503ade1ed1df25b4104d80d6fd28d93a9509aa12?s=96&d=mm&r=g\",\"caption\":\"Simon Nussbaum\"},\"url\":\"https:\/\/swissbaker.ch\/fr\/panissimo-news\/author\/simon-nussbaum\/\"}]}<\/script>\n<!-- \/ Yoast SEO Premium plugin. -->","yoast_head_json":{"title":"Soyez les bienvenus | SBC","description":"Au d\u00e9but de la semaine prochaine, d\u00e9l\u00e9gu\u00e9es et d\u00e9l\u00e9gu\u00e9s se rendront \u00e0 notre 137e congr\u00e8s \u00e0 Berne.","robots":{"index":"index","follow":"follow","max-snippet":"max-snippet:-1","max-image-preview":"max-image-preview:large","max-video-preview":"max-video-preview:-1"},"canonical":"https:\/\/swissbaker.ch\/fr\/panissimo-news\/soyez-les-bienvenus-2\/","og_locale":"fr_FR","og_type":"article","og_title":"Soyez les bienvenus","og_description":"Au d\u00e9but de la semaine prochaine, d\u00e9l\u00e9gu\u00e9es et d\u00e9l\u00e9gu\u00e9s se rendront \u00e0 notre 137e congr\u00e8s \u00e0 Berne.","og_url":"https:\/\/swissbaker.ch\/fr\/panissimo-news\/soyez-les-bienvenus-2\/","og_site_name":"SBC","article_publisher":"https:\/\/www.facebook.com\/swissbaker.ch","article_published_time":"2023-06-06T05:40:03+00:00","article_modified_time":"2023-06-08T13:07:46+00:00","og_image":[{"width":2560,"height":1920,"url":"https:\/\/swissbaker.ch\/wp-content\/uploads\/2022\/05\/zv_silvan_hotz_p8190159.jpg","type":"image\/jpeg"}],"author":"Simon Nussbaum","twitter_card":"summary_large_image","twitter_creator":"@ch_swissbaker","twitter_site":"@ch_swissbaker","twitter_misc":{"Written by":"Simon Nussbaum","Est. reading time":"2 minutes"},"schema":{"@context":"https:\/\/schema.org","@graph":[{"@type":"Article","@id":"https:\/\/swissbaker.ch\/fr\/panissimo-news\/soyez-les-bienvenus-2\/#article","isPartOf":{"@id":"https:\/\/swissbaker.ch\/fr\/panissimo-news\/soyez-les-bienvenus-2\/"},"author":{"name":"Simon Nussbaum","@id":"https:\/\/swissbaker.ch\/fr\/#\/schema\/person\/74bd327b08c18ca6042c02ff6f0ed5e2"},"headline":"Soyez les bienvenus","datePublished":"2023-06-06T05:40:03+00:00","dateModified":"2023-06-08T13:07:46+00:00","mainEntityOfPage":{"@id":"https:\/\/swissbaker.ch\/fr\/panissimo-news\/soyez-les-bienvenus-2\/"},"wordCount":381,"publisher":{"@id":"https:\/\/swissbaker.ch\/fr\/#organization"},"image":{"@id":"https:\/\/swissbaker.ch\/fr\/panissimo-news\/soyez-les-bienvenus-2\/#primaryimage"},"thumbnailUrl":"https:\/\/swissbaker.ch\/wp-content\/uploads\/2022\/05\/zv_silvan_hotz_p8190159.jpg","articleSection":["Association"],"inLanguage":"fr-FR"},{"@type":"WebPage","@id":"https:\/\/swissbaker.ch\/fr\/panissimo-news\/soyez-les-bienvenus-2\/","url":"https:\/\/swissbaker.ch\/fr\/panissimo-news\/soyez-les-bienvenus-2\/","name":"Soyez les bienvenus | SBC","isPartOf":{"@id":"https:\/\/swissbaker.ch\/fr\/#website"},"primaryImageOfPage":{"@id":"https:\/\/swissbaker.ch\/fr\/panissimo-news\/soyez-les-bienvenus-2\/#primaryimage"},"image":{"@id":"https:\/\/swissbaker.ch\/fr\/panissimo-news\/soyez-les-bienvenus-2\/#primaryimage"},"thumbnailUrl":"https:\/\/swissbaker.ch\/wp-content\/uploads\/2022\/05\/zv_silvan_hotz_p8190159.jpg","datePublished":"2023-06-06T05:40:03+00:00","dateModified":"2023-06-08T13:07:46+00:00","description":"Au d\u00e9but de la semaine prochaine, d\u00e9l\u00e9gu\u00e9es et d\u00e9l\u00e9gu\u00e9s se rendront \u00e0 notre 137e congr\u00e8s \u00e0 Berne.","breadcrumb":{"@id":"https:\/\/swissbaker.ch\/fr\/panissimo-news\/soyez-les-bienvenus-2\/#breadcrumb"},"inLanguage":"fr-FR","potentialAction":[{"@type":"ReadAction","target":["https:\/\/swissbaker.ch\/fr\/panissimo-news\/soyez-les-bienvenus-2\/"]}]},{"@type":"ImageObject","inLanguage":"fr-FR","@id":"https:\/\/swissbaker.ch\/fr\/panissimo-news\/soyez-les-bienvenus-2\/#primaryimage","url":"https:\/\/swissbaker.ch\/wp-content\/uploads\/2022\/05\/zv_silvan_hotz_p8190159.jpg","contentUrl":"https:\/\/swissbaker.ch\/wp-content\/uploads\/2022\/05\/zv_silvan_hotz_p8190159.jpg","width":2560,"height":1920,"caption":"OLYMPUS DIGITAL CAMERA"},{"@type":"BreadcrumbList","@id":"https:\/\/swissbaker.ch\/fr\/panissimo-news\/soyez-les-bienvenus-2\/#breadcrumb","itemListElement":[{"@type":"ListItem","position":1,"name":"","item":"https:\/\/swissbaker.ch\/fr\/"},{"@type":"ListItem","position":2,"name":"Association","item":"https:\/\/swissbaker.ch\/fr\/panissimo-news\/category\/association\/"},{"@type":"ListItem","position":3,"name":"Soyez les bienvenus"}]},{"@type":"WebSite","@id":"https:\/\/swissbaker.ch\/fr\/#website","url":"https:\/\/swissbaker.ch\/fr\/","name":"SBC","description":"","publisher":{"@id":"https:\/\/swissbaker.ch\/fr\/#organization"},"potentialAction":[{"@type":"SearchAction","target":{"@type":"EntryPoint","urlTemplate":"https:\/\/swissbaker.ch\/fr\/?s={search_term_string}"},"query-input":{"@type":"PropertyValueSpecification","valueRequired":true,"valueName":"search_term_string"}}],"inLanguage":"fr-FR"},{"@type":"Organization","@id":"https:\/\/swissbaker.ch\/fr\/#organization","name":"Schweizerischer B\u00e4cker-Confiseurmeister-Verband","url":"https:\/\/swissbaker.ch\/fr\/","logo":{"@type":"ImageObject","inLanguage":"fr-FR","@id":"https:\/\/swissbaker.ch\/fr\/#\/schema\/logo\/image\/","url":"https:\/\/swissbaker.ch\/wp-content\/uploads\/2022\/04\/sbc-logo-yoast.jpg","contentUrl":"https:\/\/swissbaker.ch\/wp-content\/uploads\/2022\/04\/sbc-logo-yoast.jpg","width":512,"height":512,"caption":"Schweizerischer B\u00e4cker-Confiseurmeister-Verband"},"image":{"@id":"https:\/\/swissbaker.ch\/fr\/#\/schema\/logo\/image\/"},"sameAs":["https:\/\/www.facebook.com\/swissbaker.ch","https:\/\/x.com\/ch_swissbaker"]},{"@type":"Person","@id":"https:\/\/swissbaker.ch\/fr\/#\/schema\/person\/74bd327b08c18ca6042c02ff6f0ed5e2","name":"Simon Nussbaum","image":{"@type":"ImageObject","inLanguage":"fr-FR","@id":"https:\/\/swissbaker.ch\/fr\/#\/schema\/person\/image\/","url":"https:\/\/secure.gravatar.com\/avatar\/df0eced3bb556c806cb760cf503ade1ed1df25b4104d80d6fd28d93a9509aa12?s=96&d=mm&r=g","contentUrl":"https:\/\/secure.gravatar.com\/avatar\/df0eced3bb556c806cb760cf503ade1ed1df25b4104d80d6fd28d93a9509aa12?s=96&d=mm&r=g","caption":"Simon Nussbaum"},"url":"https:\/\/swissbaker.ch\/fr\/panissimo-news\/author\/simon-nussbaum\/"}]}},"_links":{"self":[{"href":"https:\/\/swissbaker.ch\/fr\/wp-json\/wp\/v2\/posts\/62498","targetHints":{"allow":["GET"]}}],"collection":[{"href":"https:\/\/swissbaker.ch\/fr\/wp-json\/wp\/v2\/posts"}],"about":[{"href":"https:\/\/swissbaker.ch\/fr\/wp-json\/wp\/v2\/types\/post"}],"author":[{"embeddable":true,"href":"https:\/\/swissbaker.ch\/fr\/wp-json\/wp\/v2\/users\/5"}],"replies":[{"embeddable":true,"href":"https:\/\/swissbaker.ch\/fr\/wp-json\/wp\/v2\/comments?post=62498"}],"version-history":[{"count":0,"href":"https:\/\/swissbaker.ch\/fr\/wp-json\/wp\/v2\/posts\/62498\/revisions"}],"wp:featuredmedia":[{"embeddable":true,"href":"https:\/\/swissbaker.ch\/fr\/wp-json\/wp\/v2\/media\/29651"}],"wp:attachment":[{"href":"https:\/\/swissbaker.ch\/fr\/wp-json\/wp\/v2\/media?parent=62498"}],"wp:term":[{"taxonomy":"category","embeddable":true,"href":"https:\/\/swissbaker.ch\/fr\/wp-json\/wp\/v2\/categories?post=62498"},{"taxonomy":"post_tag","embeddable":true,"href":"https:\/\/swissbaker.ch\/fr\/wp-json\/wp\/v2\/tags?post=62498"}],"curies":[{"name":"wp","href":"https:\/\/api.w.org\/{rel}","templated":true}]}}