{"id":62093,"date":"2023-06-01T07:42:31","date_gmt":"2023-06-01T05:42:31","guid":{"rendered":"https:\/\/swissbaker.ch\/?p=62093"},"modified":"2023-06-01T07:58:40","modified_gmt":"2023-06-01T05:58:40","slug":"pain-de-seigle-valaisan-aop-meilleure-note-pour-la-boulangerie-fuchs","status":"publish","type":"post","link":"https:\/\/swissbaker.ch\/fr\/panissimo-news\/pain-de-seigle-valaisan-aop-meilleure-note-pour-la-boulangerie-fuchs\/","title":{"rendered":"Pain de seigle valaisan AOP \u2013 meilleure note pour la boulangerie Fuchs"},"content":{"rendered":"\n<p>A la veille de son vingti\u00e8me anniversaire, l\u2019Association du Pain de seigle valaisan AOP doit faire face \u00e0 de nombreux d\u00e9fis\u2009: le projet de nouveau moulin doit \u00eatre consolid\u00e9, la consommation de pain de seigle et le nombre de boulangeries diminuent et les variations climatiques continuent d\u2019augmenter. <\/p>\n\n\n\n<p>Lors de l\u2019assembl\u00e9e g\u00e9n\u00e9rale, le pr\u00e9sident Jacques-Roland Coudray s\u2019est toutefois dit confiant dans le fait que des solutions pourront \u00eatre trouv\u00e9es pour continuer \u00e0 assurer un bel avenir \u00e0 la sp\u00e9cialit\u00e9 boulang\u00e8re du Vieux Pays. Il a \u00e9galement d\u00e9clar\u00e9\u2009: \u00ab\u2009Ce produit de qualit\u00e9 est un symbole de notre r\u00e9gion et a d\u00e9j\u00e0 800 ans d\u2019histoire derri\u00e8re lui\u2009\u00bb. <\/p>\n\n\n\n<h2 class=\"wp-block-heading\" id=\"h-remise-du-prix\">Remise du Prix<\/h2>\n\n\n\n<p>L\u2019assembl\u00e9e s\u2019est termin\u00e9e sur une note festive, avec la remise du prix \u00e0 la boulangerie Fuchs de Zermatt. Elle a obtenu la meilleure note lors de la derni\u00e8re taxation (99 points sur 100).<\/p>\n\n\n\n<figure class=\"wp-block-image size-large\"><img decoding=\"async\" width=\"1024\" height=\"608\" src=\"https:\/\/swissbaker.ch\/wp-content\/uploads\/2023\/06\/11_1_fuchs_aop-1024x608.jpg\" alt=\"\" class=\"wp-image-62088\" srcset=\"https:\/\/swissbaker.ch\/wp-content\/uploads\/2023\/06\/11_1_fuchs_aop-1024x608.jpg 1024w, https:\/\/swissbaker.ch\/wp-content\/uploads\/2023\/06\/11_1_fuchs_aop-768x456.jpg 768w, https:\/\/swissbaker.ch\/wp-content\/uploads\/2023\/06\/11_1_fuchs_aop.jpg 1200w\" sizes=\"(max-width: 1024px) 100vw, 1024px\" \/><figcaption class=\"wp-element-caption\"><em>Philipp Fuchs et Jacques-Roland Coudray<\/em><\/figcaption><\/figure>\n\n\n\n<p class=\"has-text-align-right\"><em>com\/fe<\/em><\/p>\n","protected":false},"excerpt":{"rendered":"<p>A la veille de son vingti\u00e8me anniversaire, l\u2019Association du Pain de seigle valaisan AOP doit faire face \u00e0 de nombreux d\u00e9fis.<\/p>\n","protected":false},"author":5,"featured_media":62088,"comment_status":"closed","ping_status":"closed","sticky":true,"template":"","format":"standard","meta":{"_acf_changed":false,"footnotes":""},"categories":[40],"tags":[],"class_list":["post-62093","post","type-post","status-publish","format-standard","has-post-thumbnail","hentry","category-des-cantons"],"acf":[],"yoast_head":"<!-- This site is optimized with the Yoast SEO Premium plugin v26.8 (Yoast SEO v26.8) - https:\/\/yoast.com\/product\/yoast-seo-premium-wordpress\/ -->\n<title>Pain de seigle valaisan AOP \u2013 meilleure note pour la boulangerie Fuchs | SBC<\/title>\n<meta name=\"description\" content=\"La boulangerie Fuchs de Zermatt a obtenu la meilleure note lors de la derni\u00e8re taxation de pain.\" \/>\n<meta name=\"robots\" content=\"index, follow, max-snippet:-1, max-image-preview:large, max-video-preview:-1\" \/>\n<link rel=\"canonical\" href=\"https:\/\/swissbaker.ch\/fr\/panissimo-news\/pain-de-seigle-valaisan-aop-meilleure-note-pour-la-boulangerie-fuchs\/\" \/>\n<meta property=\"og:locale\" content=\"fr_FR\" \/>\n<meta property=\"og:type\" content=\"article\" \/>\n<meta property=\"og:title\" content=\"Pain de seigle valaisan AOP \u2013 meilleure note pour la boulangerie Fuchs\" \/>\n<meta property=\"og:description\" content=\"La boulangerie Fuchs de Zermatt a obtenu la meilleure note lors de la derni\u00e8re taxation de pain.\" \/>\n<meta property=\"og:url\" content=\"https:\/\/swissbaker.ch\/fr\/panissimo-news\/pain-de-seigle-valaisan-aop-meilleure-note-pour-la-boulangerie-fuchs\/\" \/>\n<meta property=\"og:site_name\" content=\"SBC\" \/>\n<meta property=\"article:publisher\" content=\"https:\/\/www.facebook.com\/swissbaker.ch\" \/>\n<meta property=\"article:published_time\" content=\"2023-06-01T05:42:31+00:00\" \/>\n<meta property=\"article:modified_time\" content=\"2023-06-01T05:58:40+00:00\" \/>\n<meta property=\"og:image\" content=\"https:\/\/swissbaker.ch\/wp-content\/uploads\/2023\/06\/11_1_fuchs_aop.jpg\" \/>\n\t<meta property=\"og:image:width\" content=\"1200\" \/>\n\t<meta property=\"og:image:height\" content=\"712\" \/>\n\t<meta property=\"og:image:type\" content=\"image\/jpeg\" \/>\n<meta name=\"author\" content=\"Simon Nussbaum\" \/>\n<meta name=\"twitter:card\" content=\"summary_large_image\" \/>\n<meta name=\"twitter:creator\" content=\"@ch_swissbaker\" \/>\n<meta name=\"twitter:site\" content=\"@ch_swissbaker\" \/>\n<meta name=\"twitter:label1\" content=\"Written by\" \/>\n\t<meta name=\"twitter:data1\" content=\"Simon Nussbaum\" \/>\n\t<meta name=\"twitter:label2\" content=\"Est. reading time\" \/>\n\t<meta name=\"twitter:data2\" content=\"2 minutes\" \/>\n<script type=\"application\/ld+json\" class=\"yoast-schema-graph\">{\"@context\":\"https:\/\/schema.org\",\"@graph\":[{\"@type\":\"Article\",\"@id\":\"https:\/\/swissbaker.ch\/fr\/panissimo-news\/pain-de-seigle-valaisan-aop-meilleure-note-pour-la-boulangerie-fuchs\/#article\",\"isPartOf\":{\"@id\":\"https:\/\/swissbaker.ch\/fr\/panissimo-news\/pain-de-seigle-valaisan-aop-meilleure-note-pour-la-boulangerie-fuchs\/\"},\"author\":{\"name\":\"Simon Nussbaum\",\"@id\":\"https:\/\/swissbaker.ch\/fr\/#\/schema\/person\/74bd327b08c18ca6042c02ff6f0ed5e2\"},\"headline\":\"Pain de seigle valaisan AOP \u2013 meilleure note pour la boulangerie Fuchs\",\"datePublished\":\"2023-06-01T05:42:31+00:00\",\"dateModified\":\"2023-06-01T05:58:40+00:00\",\"mainEntityOfPage\":{\"@id\":\"https:\/\/swissbaker.ch\/fr\/panissimo-news\/pain-de-seigle-valaisan-aop-meilleure-note-pour-la-boulangerie-fuchs\/\"},\"wordCount\":174,\"publisher\":{\"@id\":\"https:\/\/swissbaker.ch\/fr\/#organization\"},\"image\":{\"@id\":\"https:\/\/swissbaker.ch\/fr\/panissimo-news\/pain-de-seigle-valaisan-aop-meilleure-note-pour-la-boulangerie-fuchs\/#primaryimage\"},\"thumbnailUrl\":\"https:\/\/swissbaker.ch\/wp-content\/uploads\/2023\/06\/11_1_fuchs_aop.jpg\",\"articleSection\":[\"Des cantons\"],\"inLanguage\":\"fr-FR\"},{\"@type\":\"WebPage\",\"@id\":\"https:\/\/swissbaker.ch\/fr\/panissimo-news\/pain-de-seigle-valaisan-aop-meilleure-note-pour-la-boulangerie-fuchs\/\",\"url\":\"https:\/\/swissbaker.ch\/fr\/panissimo-news\/pain-de-seigle-valaisan-aop-meilleure-note-pour-la-boulangerie-fuchs\/\",\"name\":\"Pain de seigle valaisan AOP \u2013 meilleure note pour la boulangerie Fuchs | SBC\",\"isPartOf\":{\"@id\":\"https:\/\/swissbaker.ch\/fr\/#website\"},\"primaryImageOfPage\":{\"@id\":\"https:\/\/swissbaker.ch\/fr\/panissimo-news\/pain-de-seigle-valaisan-aop-meilleure-note-pour-la-boulangerie-fuchs\/#primaryimage\"},\"image\":{\"@id\":\"https:\/\/swissbaker.ch\/fr\/panissimo-news\/pain-de-seigle-valaisan-aop-meilleure-note-pour-la-boulangerie-fuchs\/#primaryimage\"},\"thumbnailUrl\":\"https:\/\/swissbaker.ch\/wp-content\/uploads\/2023\/06\/11_1_fuchs_aop.jpg\",\"datePublished\":\"2023-06-01T05:42:31+00:00\",\"dateModified\":\"2023-06-01T05:58:40+00:00\",\"description\":\"La boulangerie Fuchs de Zermatt a obtenu la meilleure note lors de la derni\u00e8re taxation de pain.\",\"breadcrumb\":{\"@id\":\"https:\/\/swissbaker.ch\/fr\/panissimo-news\/pain-de-seigle-valaisan-aop-meilleure-note-pour-la-boulangerie-fuchs\/#breadcrumb\"},\"inLanguage\":\"fr-FR\",\"potentialAction\":[{\"@type\":\"ReadAction\",\"target\":[\"https:\/\/swissbaker.ch\/fr\/panissimo-news\/pain-de-seigle-valaisan-aop-meilleure-note-pour-la-boulangerie-fuchs\/\"]}]},{\"@type\":\"ImageObject\",\"inLanguage\":\"fr-FR\",\"@id\":\"https:\/\/swissbaker.ch\/fr\/panissimo-news\/pain-de-seigle-valaisan-aop-meilleure-note-pour-la-boulangerie-fuchs\/#primaryimage\",\"url\":\"https:\/\/swissbaker.ch\/wp-content\/uploads\/2023\/06\/11_1_fuchs_aop.jpg\",\"contentUrl\":\"https:\/\/swissbaker.ch\/wp-content\/uploads\/2023\/06\/11_1_fuchs_aop.jpg\",\"width\":1200,\"height\":712},{\"@type\":\"BreadcrumbList\",\"@id\":\"https:\/\/swissbaker.ch\/fr\/panissimo-news\/pain-de-seigle-valaisan-aop-meilleure-note-pour-la-boulangerie-fuchs\/#breadcrumb\",\"itemListElement\":[{\"@type\":\"ListItem\",\"position\":1,\"name\":\"\",\"item\":\"https:\/\/swissbaker.ch\/fr\/\"},{\"@type\":\"ListItem\",\"position\":2,\"name\":\"Des cantons\",\"item\":\"https:\/\/swissbaker.ch\/fr\/panissimo-news\/category\/des-cantons\/\"},{\"@type\":\"ListItem\",\"position\":3,\"name\":\"Pain de seigle valaisan AOP \u2013 meilleure note pour la boulangerie Fuchs\"}]},{\"@type\":\"WebSite\",\"@id\":\"https:\/\/swissbaker.ch\/fr\/#website\",\"url\":\"https:\/\/swissbaker.ch\/fr\/\",\"name\":\"SBC\",\"description\":\"\",\"publisher\":{\"@id\":\"https:\/\/swissbaker.ch\/fr\/#organization\"},\"potentialAction\":[{\"@type\":\"SearchAction\",\"target\":{\"@type\":\"EntryPoint\",\"urlTemplate\":\"https:\/\/swissbaker.ch\/fr\/?s={search_term_string}\"},\"query-input\":{\"@type\":\"PropertyValueSpecification\",\"valueRequired\":true,\"valueName\":\"search_term_string\"}}],\"inLanguage\":\"fr-FR\"},{\"@type\":\"Organization\",\"@id\":\"https:\/\/swissbaker.ch\/fr\/#organization\",\"name\":\"Schweizerischer B\u00e4cker-Confiseurmeister-Verband\",\"url\":\"https:\/\/swissbaker.ch\/fr\/\",\"logo\":{\"@type\":\"ImageObject\",\"inLanguage\":\"fr-FR\",\"@id\":\"https:\/\/swissbaker.ch\/fr\/#\/schema\/logo\/image\/\",\"url\":\"https:\/\/swissbaker.ch\/wp-content\/uploads\/2022\/04\/sbc-logo-yoast.jpg\",\"contentUrl\":\"https:\/\/swissbaker.ch\/wp-content\/uploads\/2022\/04\/sbc-logo-yoast.jpg\",\"width\":512,\"height\":512,\"caption\":\"Schweizerischer B\u00e4cker-Confiseurmeister-Verband\"},\"image\":{\"@id\":\"https:\/\/swissbaker.ch\/fr\/#\/schema\/logo\/image\/\"},\"sameAs\":[\"https:\/\/www.facebook.com\/swissbaker.ch\",\"https:\/\/x.com\/ch_swissbaker\"]},{\"@type\":\"Person\",\"@id\":\"https:\/\/swissbaker.ch\/fr\/#\/schema\/person\/74bd327b08c18ca6042c02ff6f0ed5e2\",\"name\":\"Simon Nussbaum\",\"image\":{\"@type\":\"ImageObject\",\"inLanguage\":\"fr-FR\",\"@id\":\"https:\/\/swissbaker.ch\/fr\/#\/schema\/person\/image\/\",\"url\":\"https:\/\/secure.gravatar.com\/avatar\/df0eced3bb556c806cb760cf503ade1ed1df25b4104d80d6fd28d93a9509aa12?s=96&d=mm&r=g\",\"contentUrl\":\"https:\/\/secure.gravatar.com\/avatar\/df0eced3bb556c806cb760cf503ade1ed1df25b4104d80d6fd28d93a9509aa12?s=96&d=mm&r=g\",\"caption\":\"Simon Nussbaum\"},\"url\":\"https:\/\/swissbaker.ch\/fr\/panissimo-news\/author\/simon-nussbaum\/\"}]}<\/script>\n<!-- \/ Yoast SEO Premium plugin. -->","yoast_head_json":{"title":"Pain de seigle valaisan AOP \u2013 meilleure note pour la boulangerie Fuchs | SBC","description":"La boulangerie Fuchs de Zermatt a obtenu la meilleure note lors de la derni\u00e8re taxation de pain.","robots":{"index":"index","follow":"follow","max-snippet":"max-snippet:-1","max-image-preview":"max-image-preview:large","max-video-preview":"max-video-preview:-1"},"canonical":"https:\/\/swissbaker.ch\/fr\/panissimo-news\/pain-de-seigle-valaisan-aop-meilleure-note-pour-la-boulangerie-fuchs\/","og_locale":"fr_FR","og_type":"article","og_title":"Pain de seigle valaisan AOP \u2013 meilleure note pour la boulangerie Fuchs","og_description":"La boulangerie Fuchs de Zermatt a obtenu la meilleure note lors de la derni\u00e8re taxation de pain.","og_url":"https:\/\/swissbaker.ch\/fr\/panissimo-news\/pain-de-seigle-valaisan-aop-meilleure-note-pour-la-boulangerie-fuchs\/","og_site_name":"SBC","article_publisher":"https:\/\/www.facebook.com\/swissbaker.ch","article_published_time":"2023-06-01T05:42:31+00:00","article_modified_time":"2023-06-01T05:58:40+00:00","og_image":[{"width":1200,"height":712,"url":"https:\/\/swissbaker.ch\/wp-content\/uploads\/2023\/06\/11_1_fuchs_aop.jpg","type":"image\/jpeg"}],"author":"Simon Nussbaum","twitter_card":"summary_large_image","twitter_creator":"@ch_swissbaker","twitter_site":"@ch_swissbaker","twitter_misc":{"Written by":"Simon Nussbaum","Est. reading time":"2 minutes"},"schema":{"@context":"https:\/\/schema.org","@graph":[{"@type":"Article","@id":"https:\/\/swissbaker.ch\/fr\/panissimo-news\/pain-de-seigle-valaisan-aop-meilleure-note-pour-la-boulangerie-fuchs\/#article","isPartOf":{"@id":"https:\/\/swissbaker.ch\/fr\/panissimo-news\/pain-de-seigle-valaisan-aop-meilleure-note-pour-la-boulangerie-fuchs\/"},"author":{"name":"Simon Nussbaum","@id":"https:\/\/swissbaker.ch\/fr\/#\/schema\/person\/74bd327b08c18ca6042c02ff6f0ed5e2"},"headline":"Pain de seigle valaisan AOP \u2013 meilleure note pour la boulangerie Fuchs","datePublished":"2023-06-01T05:42:31+00:00","dateModified":"2023-06-01T05:58:40+00:00","mainEntityOfPage":{"@id":"https:\/\/swissbaker.ch\/fr\/panissimo-news\/pain-de-seigle-valaisan-aop-meilleure-note-pour-la-boulangerie-fuchs\/"},"wordCount":174,"publisher":{"@id":"https:\/\/swissbaker.ch\/fr\/#organization"},"image":{"@id":"https:\/\/swissbaker.ch\/fr\/panissimo-news\/pain-de-seigle-valaisan-aop-meilleure-note-pour-la-boulangerie-fuchs\/#primaryimage"},"thumbnailUrl":"https:\/\/swissbaker.ch\/wp-content\/uploads\/2023\/06\/11_1_fuchs_aop.jpg","articleSection":["Des cantons"],"inLanguage":"fr-FR"},{"@type":"WebPage","@id":"https:\/\/swissbaker.ch\/fr\/panissimo-news\/pain-de-seigle-valaisan-aop-meilleure-note-pour-la-boulangerie-fuchs\/","url":"https:\/\/swissbaker.ch\/fr\/panissimo-news\/pain-de-seigle-valaisan-aop-meilleure-note-pour-la-boulangerie-fuchs\/","name":"Pain de seigle valaisan AOP \u2013 meilleure note pour la boulangerie Fuchs | SBC","isPartOf":{"@id":"https:\/\/swissbaker.ch\/fr\/#website"},"primaryImageOfPage":{"@id":"https:\/\/swissbaker.ch\/fr\/panissimo-news\/pain-de-seigle-valaisan-aop-meilleure-note-pour-la-boulangerie-fuchs\/#primaryimage"},"image":{"@id":"https:\/\/swissbaker.ch\/fr\/panissimo-news\/pain-de-seigle-valaisan-aop-meilleure-note-pour-la-boulangerie-fuchs\/#primaryimage"},"thumbnailUrl":"https:\/\/swissbaker.ch\/wp-content\/uploads\/2023\/06\/11_1_fuchs_aop.jpg","datePublished":"2023-06-01T05:42:31+00:00","dateModified":"2023-06-01T05:58:40+00:00","description":"La boulangerie Fuchs de Zermatt a obtenu la meilleure note lors de la derni\u00e8re taxation de pain.","breadcrumb":{"@id":"https:\/\/swissbaker.ch\/fr\/panissimo-news\/pain-de-seigle-valaisan-aop-meilleure-note-pour-la-boulangerie-fuchs\/#breadcrumb"},"inLanguage":"fr-FR","potentialAction":[{"@type":"ReadAction","target":["https:\/\/swissbaker.ch\/fr\/panissimo-news\/pain-de-seigle-valaisan-aop-meilleure-note-pour-la-boulangerie-fuchs\/"]}]},{"@type":"ImageObject","inLanguage":"fr-FR","@id":"https:\/\/swissbaker.ch\/fr\/panissimo-news\/pain-de-seigle-valaisan-aop-meilleure-note-pour-la-boulangerie-fuchs\/#primaryimage","url":"https:\/\/swissbaker.ch\/wp-content\/uploads\/2023\/06\/11_1_fuchs_aop.jpg","contentUrl":"https:\/\/swissbaker.ch\/wp-content\/uploads\/2023\/06\/11_1_fuchs_aop.jpg","width":1200,"height":712},{"@type":"BreadcrumbList","@id":"https:\/\/swissbaker.ch\/fr\/panissimo-news\/pain-de-seigle-valaisan-aop-meilleure-note-pour-la-boulangerie-fuchs\/#breadcrumb","itemListElement":[{"@type":"ListItem","position":1,"name":"","item":"https:\/\/swissbaker.ch\/fr\/"},{"@type":"ListItem","position":2,"name":"Des cantons","item":"https:\/\/swissbaker.ch\/fr\/panissimo-news\/category\/des-cantons\/"},{"@type":"ListItem","position":3,"name":"Pain de seigle valaisan AOP \u2013 meilleure note pour la boulangerie Fuchs"}]},{"@type":"WebSite","@id":"https:\/\/swissbaker.ch\/fr\/#website","url":"https:\/\/swissbaker.ch\/fr\/","name":"SBC","description":"","publisher":{"@id":"https:\/\/swissbaker.ch\/fr\/#organization"},"potentialAction":[{"@type":"SearchAction","target":{"@type":"EntryPoint","urlTemplate":"https:\/\/swissbaker.ch\/fr\/?s={search_term_string}"},"query-input":{"@type":"PropertyValueSpecification","valueRequired":true,"valueName":"search_term_string"}}],"inLanguage":"fr-FR"},{"@type":"Organization","@id":"https:\/\/swissbaker.ch\/fr\/#organization","name":"Schweizerischer B\u00e4cker-Confiseurmeister-Verband","url":"https:\/\/swissbaker.ch\/fr\/","logo":{"@type":"ImageObject","inLanguage":"fr-FR","@id":"https:\/\/swissbaker.ch\/fr\/#\/schema\/logo\/image\/","url":"https:\/\/swissbaker.ch\/wp-content\/uploads\/2022\/04\/sbc-logo-yoast.jpg","contentUrl":"https:\/\/swissbaker.ch\/wp-content\/uploads\/2022\/04\/sbc-logo-yoast.jpg","width":512,"height":512,"caption":"Schweizerischer B\u00e4cker-Confiseurmeister-Verband"},"image":{"@id":"https:\/\/swissbaker.ch\/fr\/#\/schema\/logo\/image\/"},"sameAs":["https:\/\/www.facebook.com\/swissbaker.ch","https:\/\/x.com\/ch_swissbaker"]},{"@type":"Person","@id":"https:\/\/swissbaker.ch\/fr\/#\/schema\/person\/74bd327b08c18ca6042c02ff6f0ed5e2","name":"Simon Nussbaum","image":{"@type":"ImageObject","inLanguage":"fr-FR","@id":"https:\/\/swissbaker.ch\/fr\/#\/schema\/person\/image\/","url":"https:\/\/secure.gravatar.com\/avatar\/df0eced3bb556c806cb760cf503ade1ed1df25b4104d80d6fd28d93a9509aa12?s=96&d=mm&r=g","contentUrl":"https:\/\/secure.gravatar.com\/avatar\/df0eced3bb556c806cb760cf503ade1ed1df25b4104d80d6fd28d93a9509aa12?s=96&d=mm&r=g","caption":"Simon Nussbaum"},"url":"https:\/\/swissbaker.ch\/fr\/panissimo-news\/author\/simon-nussbaum\/"}]}},"_links":{"self":[{"href":"https:\/\/swissbaker.ch\/fr\/wp-json\/wp\/v2\/posts\/62093","targetHints":{"allow":["GET"]}}],"collection":[{"href":"https:\/\/swissbaker.ch\/fr\/wp-json\/wp\/v2\/posts"}],"about":[{"href":"https:\/\/swissbaker.ch\/fr\/wp-json\/wp\/v2\/types\/post"}],"author":[{"embeddable":true,"href":"https:\/\/swissbaker.ch\/fr\/wp-json\/wp\/v2\/users\/5"}],"replies":[{"embeddable":true,"href":"https:\/\/swissbaker.ch\/fr\/wp-json\/wp\/v2\/comments?post=62093"}],"version-history":[{"count":0,"href":"https:\/\/swissbaker.ch\/fr\/wp-json\/wp\/v2\/posts\/62093\/revisions"}],"wp:featuredmedia":[{"embeddable":true,"href":"https:\/\/swissbaker.ch\/fr\/wp-json\/wp\/v2\/media\/62088"}],"wp:attachment":[{"href":"https:\/\/swissbaker.ch\/fr\/wp-json\/wp\/v2\/media?parent=62093"}],"wp:term":[{"taxonomy":"category","embeddable":true,"href":"https:\/\/swissbaker.ch\/fr\/wp-json\/wp\/v2\/categories?post=62093"},{"taxonomy":"post_tag","embeddable":true,"href":"https:\/\/swissbaker.ch\/fr\/wp-json\/wp\/v2\/tags?post=62093"}],"curies":[{"name":"wp","href":"https:\/\/api.w.org\/{rel}","templated":true}]}}