{"id":62068,"date":"2023-06-01T14:00:43","date_gmt":"2023-06-01T12:00:43","guid":{"rendered":"https:\/\/swissbaker.ch\/panissimo-news\/baeckerkrone-2023-das-sind-die-drei-finalisten\/"},"modified":"2023-06-01T10:45:00","modified_gmt":"2023-06-01T08:45:00","slug":"baeckerkrone-2023-das-sind-die-drei-finalisten","status":"publish","type":"post","link":"https:\/\/swissbaker.ch\/fr\/panissimo-news\/baeckerkrone-2023-das-sind-die-drei-finalisten\/","title":{"rendered":"Couronne boulang\u00e8re 2023 \u2013 les trois finalistes sont connus"},"content":{"rendered":"\n<p>La couronne boulang\u00e8re 2023 sera d\u00e9cern\u00e9e le 13 juin dans le cadre du 137<sup>e<\/sup> congr\u00e8s de l\u2019Association suisse des patrons boulangers-confiseurs (BCS). Le prix allou\u00e9 par l\u2019Union suisse de la levure (SHV) r\u00e9compense des boulangeries-confiseries innovantes et exemplaires. Cette ann\u00e9e, le jury, compos\u00e9 de trois repr\u00e9sentants de la SHV et de trois repr\u00e9sentants de la BCS, a eu l\u2019embarras du choix parmi 61 entreprises propos\u00e9es. Il a nomm\u00e9 trois d\u2019entre elles pour la distinction.<\/p>\n\n\n\n<figure class=\"wp-block-image size-large\"><img decoding=\"async\" width=\"1024\" height=\"693\" src=\"https:\/\/swissbaker.ch\/wp-content\/uploads\/2023\/05\/baeckerkrone_f-1-e1685608839471-1024x693.jpg\" alt=\"\" class=\"wp-image-62133\" srcset=\"https:\/\/swissbaker.ch\/wp-content\/uploads\/2023\/05\/baeckerkrone_f-1-e1685608839471-1024x693.jpg 1024w, https:\/\/swissbaker.ch\/wp-content\/uploads\/2023\/05\/baeckerkrone_f-1-e1685608839471-768x520.jpg 768w, https:\/\/swissbaker.ch\/wp-content\/uploads\/2023\/05\/baeckerkrone_f-1-e1685608839471-300x203.jpg 300w, https:\/\/swissbaker.ch\/wp-content\/uploads\/2023\/05\/baeckerkrone_f-1-e1685608839471.jpg 1197w\" sizes=\"(max-width: 1024px) 100vw, 1024px\" \/><\/figure>\n\n\n\n<div style=\"height:25px\" aria-hidden=\"true\" class=\"wp-block-spacer\"><\/div>\n\n\n\n<div class=\"wp-block-columns\">\n<div class=\"wp-block-column\"><div class=\"wp-block-image\">\n<figure class=\"alignleft size-large\"><img decoding=\"async\" width=\"768\" height=\"1024\" src=\"https:\/\/swissbaker.ch\/wp-content\/uploads\/2023\/05\/img_1785_roman-und-gregor-maier-768x1024.jpg\" alt=\"\" class=\"wp-image-61965\" srcset=\"https:\/\/swissbaker.ch\/wp-content\/uploads\/2023\/05\/img_1785_roman-und-gregor-maier-768x1024.jpg 768w, https:\/\/swissbaker.ch\/wp-content\/uploads\/2023\/05\/img_1785_roman-und-gregor-maier-1152x1536.jpg 1152w, https:\/\/swissbaker.ch\/wp-content\/uploads\/2023\/05\/img_1785_roman-und-gregor-maier-scaled.jpg 1536w\" sizes=\"(max-width: 768px) 100vw, 768px\" \/><figcaption class=\"wp-element-caption\"><em>Roman (\u00e0 gauche) et Gregor Maier<\/em><\/figcaption><\/figure>\n<\/div><\/div>\n\n\n\n<div class=\"wp-block-column\">\n<h4 class=\"wp-block-heading\" id=\"h-beck-maier-laufenburg-ag\">BECK MAIER, LAUFENBURG (AG)<\/h4>\n\n\n\n<p>Roman Maier (directeur) et Gregor Maier (chef de production) repr\u00e9sentent la cinqui\u00e8me g\u00e9n\u00e9ration \u00e0 la t\u00eate de l\u2019entreprise familiale fond\u00e9e en 1898, avec l\u2019oncle Andr\u00e9 Maier (finances et projets) et Petra Baumgartner (responsable du secteur des filiales). Ils emploient plus de 200 collaborateurs et collaboratrices, et exploitent dix filiales de boulangerie et de caf\u00e9. Beck Maier fait confiance \u00e0 son personnel, et mise sur lui\u2009; cela se traduit notamment par une communication ouverte, un engagement en faveur de la formation des apprentis et apprenties, et une gestion transparente du temps. Le d\u00e9veloppement durable est \u00e9galement l\u2019une de ses priorit\u00e9s\u2009; la construction d\u2019une installation photovolta\u00efque en avril\u202f2023 en a \u00e9t\u00e9 le pr\u00e9lude. La possibilit\u00e9 de stocker l\u2019\u00e9nergie exc\u00e9dentaire sous forme d\u2019hydrog\u00e8ne est actuellement \u00e0 l\u2019\u00e9tude. Beck Maier innove \u00e9galement dans le domaine de la restauration, par exemple en proposant de d\u00e9licieux menus dans des bocaux en verre. Gregor Maier s\u2019engage dans le comit\u00e9 de l\u2019association argovienne des patrons boulangers-confiseurs, est actif dans celui du club Richemont, et participe actuellement au projet pilote \u00ab\u2009Food Save Manage-ment\u2009\u00bb dans le secteur de la boulangerie confiserie, dans le cadre d\u2019une formation continue.<br><a href=\"https:\/\/beck-maier.ch\/\" target=\"_blank\" rel=\"noreferrer noopener\">beck-maier.ch<\/a><\/p>\n<\/div>\n<\/div>\n\n\n\n<div class=\"wp-block-columns\">\n<div class=\"wp-block-column\"><div class=\"wp-block-image\">\n<figure class=\"alignleft size-large\"><img decoding=\"async\" width=\"768\" height=\"1024\" src=\"https:\/\/swissbaker.ch\/wp-content\/uploads\/2023\/05\/img_1650_giuseppe-piffaretti-768x1024.jpg\" alt=\"\" class=\"wp-image-61967\" srcset=\"https:\/\/swissbaker.ch\/wp-content\/uploads\/2023\/05\/img_1650_giuseppe-piffaretti-768x1024.jpg 768w, https:\/\/swissbaker.ch\/wp-content\/uploads\/2023\/05\/img_1650_giuseppe-piffaretti-1152x1536.jpg 1152w, https:\/\/swissbaker.ch\/wp-content\/uploads\/2023\/05\/img_1650_giuseppe-piffaretti-scaled.jpg 1536w\" sizes=\"(max-width: 768px) 100vw, 768px\" \/><figcaption class=\"wp-element-caption\"><em>A gauche Giuseppe Piffaretti en compagnie d\u2019une partie du jury.<\/em><\/figcaption><\/figure>\n<\/div><\/div>\n\n\n\n<div class=\"wp-block-column\">\n<h4 class=\"wp-block-heading\" id=\"h-la-bottega-del-fornaio-mendrisio-ti\">LA BOTTEGA DEL FORNAIO, MENDRISIO (TI)<\/h4>\n\n\n\n<p>Le fondateur de la Panettone World Cup (PWC), Giuseppe Piffaretti, est connu dans le secteur, au-del\u00e0 des fronti\u00e8res suisses, pour ses cr\u00e9ations de panettone prim\u00e9es. Il est \u00e9galement un visage connu de la t\u00e9l\u00e9vision tessinoise, et les m\u00e9dias italiens et le \u00ab\u2009New York Times\u2009\u00bb parlent r\u00e9guli\u00e8rement de sa PWC. Sa p\u00e2tisserie-confiserie \u00ab\u2009La Bottega del Fornaio\u2009\u00bb \u00e0 Mendrisio attire de nombreux gourmets d\u2019ici et d\u2019ailleurs. Giuseppe Piffaretti s\u2019illustre \u00e9galement comme conseiller de son association cantonale. \u00ab\u2009Mastro Piff\u2009\u00bb, comme on l\u2019appelle aussi, transmet en outre \u00e0 la rel\u00e8ve du secteur son \u00e9norme savoir sur les colombes et panettones moelleux, \u00e0 l\u2019Ecole professionnelle Richemont de Lucerne et \u00e0 la Chocolate Academy de Zurich notamment, ainsi que dans de nombreux autres lieux prestigieux de diff\u00e9rents pays europ\u00e9ens. En mars\u202f2023, le Grand Ma\u00eetre des Cavalieri del Buon Pane a re\u00e7u des mains du conseiller f\u00e9d\u00e9ral Guy Parmelin le prestigieux prix du \u00ab\u2009M\u00e9rite culinaire suisse\u2009\u00bb.<br><a href=\"https:\/\/www.labottegadelfornaio.ch\" target=\"_blank\" rel=\"noreferrer noopener\">labottegadelfornaio.ch<\/a><\/p>\n<\/div>\n<\/div>\n\n\n\n<div class=\"wp-block-columns\">\n<div class=\"wp-block-column\"><div class=\"wp-block-image\">\n<figure class=\"alignleft size-large\"><img decoding=\"async\" width=\"768\" height=\"1024\" src=\"https:\/\/swissbaker.ch\/wp-content\/uploads\/2023\/05\/img_1702_patrik-bohnenblust_korr-768x1024.jpg\" alt=\"\" class=\"wp-image-61969\" srcset=\"https:\/\/swissbaker.ch\/wp-content\/uploads\/2023\/05\/img_1702_patrik-bohnenblust_korr-768x1024.jpg 768w, https:\/\/swissbaker.ch\/wp-content\/uploads\/2023\/05\/img_1702_patrik-bohnenblust_korr-1152x1536.jpg 1152w, https:\/\/swissbaker.ch\/wp-content\/uploads\/2023\/05\/img_1702_patrik-bohnenblust_korr-scaled.jpg 1536w\" sizes=\"(max-width: 768px) 100vw, 768px\" \/><figcaption class=\"wp-element-caption\"><em>Patrik Bohnenblust<\/em><\/figcaption><\/figure>\n<\/div><\/div>\n\n\n\n<div class=\"wp-block-column\">\n<h4 class=\"wp-block-heading\" id=\"h-bread-a-porter-bern-be\">BREAD A PORTER, BERN (BE)<\/h4>\n\n\n\n<p>Le ma\u00eetre d\u2019\u0153uvre du fournil de Bread \u00e0 Porter s\u2019appelle Patrik Bohnenblust. Sp\u00e9cialiste du levain, il est l\u2019un des rares sommeliers du pain en Suisse. Ce professionnel du pain imagine constamment des innovations qui attirent l\u2019attention de la client\u00e8le et des m\u00e9dias. Ses cr\u00e9ations de pain portent des noms \u00e9vocateurs comme \u00ab\u2009Ligu Lehm\u2009\u00bb, \u00ab\u2009Chueflade\u2009\u00bb et \u00ab\u2009Bsetzi\u2009\u00bb. Toutes sont produites dans le seul fournil subsistant dans la vieille ville de Berne et propos\u00e9es dans deux points de vente. L\u2019inventeur privil\u00e9gie les ingr\u00e9dients particuliers\u2009; il a en effet notamment lanc\u00e9, un pain au gin, avec du marc de gin provenant d\u2019une distillerie locale. Autre exemple\u2009: pour No\u00ebl, Patrik Bohnenblust a propos\u00e9 le M\u00fcnsterstollen, un Christstollen au levain ayant m\u00fbri dans la cave de la v\u00e9n\u00e9rable cath\u00e9drale de Berne. L\u2019acteur du secteur donne \u00e9galement des cours\u2009; il fait notamment d\u00e9couvrir aux profanes les subtilit\u00e9s et les avantages du levain avec beaucoup de passion et d\u2019humour. Sa derni\u00e8re trouvaille\u2009: un tour du pain \u00e0 Berne\u2026<br><a href=\"https:\/\/www.bread-a-porter.ch\/\" target=\"_blank\" rel=\"noreferrer noopener\">bread-a-porter.ch<\/a><\/p>\n\n\n\n<p class=\"has-text-align-right\"><em>Christian B\u00e4rtschi<\/em><\/p>\n<\/div>\n<\/div>\n\n\n\n<h2 class=\"wp-block-heading\" id=\"h-qu-est-ce-que-la-couronne-boulangere\">QU\u2019EST-CE QUE LA COURONNE BOULANG\u00c8RE\u2009?<\/h2>\n\n\n\n<p>Inventivit\u00e9, professionnalisme, talent et engagement extraordinaire sont les ma\u00eetres mots de la distinction que repr\u00e9sente la \u00ab\u2009couronne boulang\u00e8re\u2009\u00bb \u2013 dot\u00e9e d\u2019un prix de 15\u2009000\u202ffrancs. La BCS et l\u2019Union suisse de la levure (SHV) d\u00e9cernent pour la onzi\u00e8me fois le prix cr\u00e9\u00e9 par cette derni\u00e8re. La \u00ab\u2009couronne boulang\u00e8re\u2009\u00bb r\u00e9compense des boulangers et boulang\u00e8res et des confiseurs et confiseuses qui se distinguent par leurs actions exceptionnelles dans le domaine social, \u00e9conomique, professionnel ou \u00e9cologique.<br>L\u2019actuel laur\u00e9at est Daniel Amrein, avec \u00ab\u2009eigenbr\u00f6tler Backwerke GmbH\u2009\u00bb, \u00e0 Wauwil (LU).<\/p>\n\n\n\n<p><a href=\"https:\/\/www.couronneboulangere.ch\" target=\"_blank\" rel=\"noreferrer noopener\">couronneboulangere.ch<\/a><\/p>\n\n\n\n<p><\/p>\n\n\n\n<h2 class=\"wp-block-heading\" id=\"h-quatre-questions-a-daniel-amrein-sur-la-couronne-boulangere\">Quatre questions \u00e0 Daniel Amrein sur la couronne boulang\u00e8re<\/h2>\n\n\n\n<div class=\"wp-block-columns\">\n<div class=\"wp-block-column\">\n<figure class=\"wp-block-image size-large\"><img decoding=\"async\" width=\"1024\" height=\"683\" src=\"https:\/\/swissbaker.ch\/wp-content\/uploads\/2023\/05\/dsc_2842_korr-1024x683.jpg\" alt=\"\" class=\"wp-image-61981\" srcset=\"https:\/\/swissbaker.ch\/wp-content\/uploads\/2023\/05\/dsc_2842_korr-1024x683.jpg 1024w, https:\/\/swissbaker.ch\/wp-content\/uploads\/2023\/05\/dsc_2842_korr-768x512.jpg 768w, https:\/\/swissbaker.ch\/wp-content\/uploads\/2023\/05\/dsc_2842_korr-1536x1024.jpg 1536w, https:\/\/swissbaker.ch\/wp-content\/uploads\/2023\/05\/dsc_2842_korr-scaled.jpg 2048w\" sizes=\"(max-width: 1024px) 100vw, 1024px\" \/><figcaption class=\"wp-element-caption\"><em>Daniel Amrein, laur\u00e9at 2022<\/em><\/figcaption><\/figure>\n<\/div>\n\n\n\n<div class=\"wp-block-column\"><\/div>\n<\/div>\n\n\n\n<p><strong>MONSIEUR AMREIN, LE FAIT D\u2019AVOIR REMPORT\u00c9 LA COURONNE BOULANG\u00c8RE 2022 A-T-IL CHANG\u00c9 VOTRE QUOTIDIEN PROFESSIONNEL<\/strong><br>Nous \u00e9tions d\u00e9j\u00e0 connus dans toute la Suisse, mais cela a pris une autre dimension\u2009: nous avons re\u00e7u de nombreuses candidatures spontan\u00e9es, beaucoup de gens voulant absolument venir travailler chez nous. Autre fait particulier, nous avons maintenant r\u00e9guli\u00e8rement des demandes de stages de cuisiniers qui veulent apprendre \u00e0 faire du pain chez nous. Nous collaborons \u00e0 cet effet avec Andreas Caminada.<\/p>\n\n\n\n<p><\/p>\n\n\n\n<p><strong>QUE SIGNIFIE POUR VOUS LE FAIT D\u2019AVOIR REMPORT\u00c9 LA COURONNE BOULANG\u00c8RE\u2009?<\/strong><br>Etant plut\u00f4t marginaux, cela a \u00e9t\u00e9 pour nous une sorte de \u00ab\u2009cons\u00e9cration\u2009\u00bb. C\u2019\u00e9tait et c\u2019est toujours une belle confirmation que notre mani\u00e8re de faire et nos choix ont de l\u2019avenir\u2009!<\/p>\n\n\n\n<p><\/p>\n\n\n\n<p><strong>QUELLES SONT LES F\u00c9LICITATIONS QUI VOUS ONT FAIT LE PLUS PLAISIR\u2009?<\/strong><br>Nous avons re\u00e7u un grand nombre de f\u00e9licitations. Ce qui est frappant, c\u2019est que depuis, nous sommes \u00e9galement connus en Allemagne et en Autriche, d\u2019o\u00f9 nous recevons des demandes et des invitations, la derni\u00e8re en date ayant trait \u00e0 des cours sur four \u00e0 bois de \u00ab\u2009Rauris\u2009\u00bb en Autriche. Cette attention internationale et cette notori\u00e9t\u00e9 me r\u00e9jouissent beaucoup\u2009! J\u2019ai \u00e9galement re\u00e7u de nombreuses f\u00e9licitations de la part du secteur et de personnes qui m\u2019ont aussi vant\u00e9 leur propre boulanger de village.<\/p>\n\n\n\n<p><\/p>\n\n\n\n<p><strong>QUELS CONSEILS DONNERIEZ-VOUS AUX FUTURS LAUR\u00c9ATS ET LAUR\u00c9ATES DE LA COURONNE BOULANG\u00c8RE\u2009?<\/strong><br>Je leur conseillerais d\u2019\u00eatre fiers de ce prix, et de faire de la publicit\u00e9 pour la couronne boulang\u00e8re, sur les v\u00e9hicules de livraison ou sur internet notamment. Il ne faut pas \u00eatre trop modeste, un peu d\u2019investissement personnel \u00e9tant requis. Nous avons par exemple appos\u00e9 sur notre v\u00e9hicule le logo de la couronne boulang\u00e8re, que nous avons \u00e9galement utilis\u00e9 en ligne. De plus, nous avons imprim\u00e9 des autocollants et les avons plac\u00e9s sur nos sacs \u00e0 pain.<\/p>\n","protected":false},"excerpt":{"rendered":"<p>le jury, compos\u00e9 de trois repr\u00e9sentants de la SHV et de trois repr\u00e9sentants de la BCS, a eu l\u2019embarras du choix parmi 61 entreprises propos\u00e9es. Il a nomm\u00e9 trois d\u2019entre elles pour la distinction.<\/p>\n","protected":false},"author":14,"featured_media":62133,"comment_status":"closed","ping_status":"closed","sticky":true,"template":"","format":"standard","meta":{"_acf_changed":false,"footnotes":""},"categories":[42,39],"tags":[],"class_list":["post-62068","post","type-post","status-publish","format-standard","has-post-thumbnail","hentry","category-boulangeries-confiseries","category-de-la-branche"],"acf":[],"yoast_head":"<!-- This site is optimized with the Yoast SEO Premium plugin v26.8 (Yoast SEO v26.8) - https:\/\/yoast.com\/product\/yoast-seo-premium-wordpress\/ -->\n<title>Couronne boulang\u00e8re 2023 \u2013 les trois finalistes sont connus | SBC<\/title>\n<meta name=\"description\" content=\"La couronne boulang\u00e8re 2023 sera d\u00e9cern\u00e9e le 13 juin dans le cadre du 137e congr\u00e8s de l\u2019Association suisse des patrons boulangers-confiseurs (BCS).\" \/>\n<meta name=\"robots\" content=\"index, follow, max-snippet:-1, max-image-preview:large, max-video-preview:-1\" \/>\n<link rel=\"canonical\" href=\"https:\/\/swissbaker.ch\/fr\/panissimo-news\/baeckerkrone-2023-das-sind-die-drei-finalisten\/\" \/>\n<meta property=\"og:locale\" content=\"fr_FR\" \/>\n<meta property=\"og:type\" content=\"article\" \/>\n<meta property=\"og:title\" content=\"Couronne boulang\u00e8re 2023 \u2013 les trois finalistes sont connus\" \/>\n<meta property=\"og:description\" content=\"La couronne boulang\u00e8re 2023 sera d\u00e9cern\u00e9e le 13 juin dans le cadre du 137e congr\u00e8s de l\u2019Association suisse des patrons boulangers-confiseurs (BCS).\" \/>\n<meta property=\"og:url\" content=\"https:\/\/swissbaker.ch\/fr\/panissimo-news\/baeckerkrone-2023-das-sind-die-drei-finalisten\/\" \/>\n<meta property=\"og:site_name\" content=\"SBC\" \/>\n<meta property=\"article:publisher\" content=\"https:\/\/www.facebook.com\/swissbaker.ch\" \/>\n<meta property=\"article:published_time\" content=\"2023-06-01T12:00:43+00:00\" \/>\n<meta property=\"og:image\" content=\"https:\/\/swissbaker.ch\/wp-content\/uploads\/2023\/05\/baeckerkrone_f-1-e1685608839471.jpg\" \/>\n\t<meta property=\"og:image:width\" content=\"1197\" \/>\n\t<meta property=\"og:image:height\" content=\"810\" \/>\n\t<meta property=\"og:image:type\" content=\"image\/jpeg\" \/>\n<meta name=\"author\" content=\"Franzisca Ellenberger\" \/>\n<meta name=\"twitter:card\" content=\"summary_large_image\" \/>\n<meta name=\"twitter:creator\" content=\"@ch_swissbaker\" \/>\n<meta name=\"twitter:site\" content=\"@ch_swissbaker\" \/>\n<meta name=\"twitter:label1\" content=\"Written by\" \/>\n\t<meta name=\"twitter:data1\" content=\"Franzisca Ellenberger\" \/>\n\t<meta name=\"twitter:label2\" content=\"Est. reading time\" \/>\n\t<meta name=\"twitter:data2\" content=\"7 minutes\" \/>\n<script type=\"application\/ld+json\" class=\"yoast-schema-graph\">{\"@context\":\"https:\/\/schema.org\",\"@graph\":[{\"@type\":\"Article\",\"@id\":\"https:\/\/swissbaker.ch\/fr\/panissimo-news\/baeckerkrone-2023-das-sind-die-drei-finalisten\/#article\",\"isPartOf\":{\"@id\":\"https:\/\/swissbaker.ch\/fr\/panissimo-news\/baeckerkrone-2023-das-sind-die-drei-finalisten\/\"},\"author\":{\"name\":\"Franzisca Ellenberger\",\"@id\":\"https:\/\/swissbaker.ch\/fr\/#\/schema\/person\/882cf7a0c343605a02113006afd3cf48\"},\"headline\":\"Couronne boulang\u00e8re 2023 \u2013 les trois finalistes sont connus\",\"datePublished\":\"2023-06-01T12:00:43+00:00\",\"mainEntityOfPage\":{\"@id\":\"https:\/\/swissbaker.ch\/fr\/panissimo-news\/baeckerkrone-2023-das-sind-die-drei-finalisten\/\"},\"wordCount\":1138,\"publisher\":{\"@id\":\"https:\/\/swissbaker.ch\/fr\/#organization\"},\"image\":{\"@id\":\"https:\/\/swissbaker.ch\/fr\/panissimo-news\/baeckerkrone-2023-das-sind-die-drei-finalisten\/#primaryimage\"},\"thumbnailUrl\":\"https:\/\/swissbaker.ch\/wp-content\/uploads\/2023\/05\/baeckerkrone_f-1-e1685608839471.jpg\",\"articleSection\":[\"Boulangeries\/Confiseries\",\"De la branche\"],\"inLanguage\":\"fr-FR\"},{\"@type\":\"WebPage\",\"@id\":\"https:\/\/swissbaker.ch\/fr\/panissimo-news\/baeckerkrone-2023-das-sind-die-drei-finalisten\/\",\"url\":\"https:\/\/swissbaker.ch\/fr\/panissimo-news\/baeckerkrone-2023-das-sind-die-drei-finalisten\/\",\"name\":\"Couronne boulang\u00e8re 2023 \u2013 les trois finalistes sont connus | SBC\",\"isPartOf\":{\"@id\":\"https:\/\/swissbaker.ch\/fr\/#website\"},\"primaryImageOfPage\":{\"@id\":\"https:\/\/swissbaker.ch\/fr\/panissimo-news\/baeckerkrone-2023-das-sind-die-drei-finalisten\/#primaryimage\"},\"image\":{\"@id\":\"https:\/\/swissbaker.ch\/fr\/panissimo-news\/baeckerkrone-2023-das-sind-die-drei-finalisten\/#primaryimage\"},\"thumbnailUrl\":\"https:\/\/swissbaker.ch\/wp-content\/uploads\/2023\/05\/baeckerkrone_f-1-e1685608839471.jpg\",\"datePublished\":\"2023-06-01T12:00:43+00:00\",\"description\":\"La couronne boulang\u00e8re 2023 sera d\u00e9cern\u00e9e le 13 juin dans le cadre du 137e congr\u00e8s de l\u2019Association suisse des patrons boulangers-confiseurs (BCS).\",\"breadcrumb\":{\"@id\":\"https:\/\/swissbaker.ch\/fr\/panissimo-news\/baeckerkrone-2023-das-sind-die-drei-finalisten\/#breadcrumb\"},\"inLanguage\":\"fr-FR\",\"potentialAction\":[{\"@type\":\"ReadAction\",\"target\":[\"https:\/\/swissbaker.ch\/fr\/panissimo-news\/baeckerkrone-2023-das-sind-die-drei-finalisten\/\"]}]},{\"@type\":\"ImageObject\",\"inLanguage\":\"fr-FR\",\"@id\":\"https:\/\/swissbaker.ch\/fr\/panissimo-news\/baeckerkrone-2023-das-sind-die-drei-finalisten\/#primaryimage\",\"url\":\"https:\/\/swissbaker.ch\/wp-content\/uploads\/2023\/05\/baeckerkrone_f-1-e1685608839471.jpg\",\"contentUrl\":\"https:\/\/swissbaker.ch\/wp-content\/uploads\/2023\/05\/baeckerkrone_f-1-e1685608839471.jpg\",\"width\":1197,\"height\":810},{\"@type\":\"BreadcrumbList\",\"@id\":\"https:\/\/swissbaker.ch\/fr\/panissimo-news\/baeckerkrone-2023-das-sind-die-drei-finalisten\/#breadcrumb\",\"itemListElement\":[{\"@type\":\"ListItem\",\"position\":1,\"name\":\"\",\"item\":\"https:\/\/swissbaker.ch\/fr\/\"},{\"@type\":\"ListItem\",\"position\":2,\"name\":\"De la branche\",\"item\":\"https:\/\/swissbaker.ch\/fr\/panissimo-news\/category\/de-la-branche\/\"},{\"@type\":\"ListItem\",\"position\":3,\"name\":\"Couronne boulang\u00e8re 2023 \u2013 les trois finalistes sont connus\"}]},{\"@type\":\"WebSite\",\"@id\":\"https:\/\/swissbaker.ch\/fr\/#website\",\"url\":\"https:\/\/swissbaker.ch\/fr\/\",\"name\":\"SBC\",\"description\":\"\",\"publisher\":{\"@id\":\"https:\/\/swissbaker.ch\/fr\/#organization\"},\"potentialAction\":[{\"@type\":\"SearchAction\",\"target\":{\"@type\":\"EntryPoint\",\"urlTemplate\":\"https:\/\/swissbaker.ch\/fr\/?s={search_term_string}\"},\"query-input\":{\"@type\":\"PropertyValueSpecification\",\"valueRequired\":true,\"valueName\":\"search_term_string\"}}],\"inLanguage\":\"fr-FR\"},{\"@type\":\"Organization\",\"@id\":\"https:\/\/swissbaker.ch\/fr\/#organization\",\"name\":\"Schweizerischer B\u00e4cker-Confiseurmeister-Verband\",\"url\":\"https:\/\/swissbaker.ch\/fr\/\",\"logo\":{\"@type\":\"ImageObject\",\"inLanguage\":\"fr-FR\",\"@id\":\"https:\/\/swissbaker.ch\/fr\/#\/schema\/logo\/image\/\",\"url\":\"https:\/\/swissbaker.ch\/wp-content\/uploads\/2022\/04\/sbc-logo-yoast.jpg\",\"contentUrl\":\"https:\/\/swissbaker.ch\/wp-content\/uploads\/2022\/04\/sbc-logo-yoast.jpg\",\"width\":512,\"height\":512,\"caption\":\"Schweizerischer B\u00e4cker-Confiseurmeister-Verband\"},\"image\":{\"@id\":\"https:\/\/swissbaker.ch\/fr\/#\/schema\/logo\/image\/\"},\"sameAs\":[\"https:\/\/www.facebook.com\/swissbaker.ch\",\"https:\/\/x.com\/ch_swissbaker\"]},{\"@type\":\"Person\",\"@id\":\"https:\/\/swissbaker.ch\/fr\/#\/schema\/person\/882cf7a0c343605a02113006afd3cf48\",\"name\":\"Franzisca Ellenberger\",\"image\":{\"@type\":\"ImageObject\",\"inLanguage\":\"fr-FR\",\"@id\":\"https:\/\/swissbaker.ch\/fr\/#\/schema\/person\/image\/\",\"url\":\"https:\/\/secure.gravatar.com\/avatar\/cfbbf5e1c965abf6a3e577fb088280ca678978f8d63bfc6ea7a2f0dca671ee5f?s=96&d=mm&r=g\",\"contentUrl\":\"https:\/\/secure.gravatar.com\/avatar\/cfbbf5e1c965abf6a3e577fb088280ca678978f8d63bfc6ea7a2f0dca671ee5f?s=96&d=mm&r=g\",\"caption\":\"Franzisca Ellenberger\"},\"url\":\"https:\/\/swissbaker.ch\/fr\/panissimo-news\/author\/franzisca-ellenberger\/\"}]}<\/script>\n<!-- \/ Yoast SEO Premium plugin. -->","yoast_head_json":{"title":"Couronne boulang\u00e8re 2023 \u2013 les trois finalistes sont connus | SBC","description":"La couronne boulang\u00e8re 2023 sera d\u00e9cern\u00e9e le 13 juin dans le cadre du 137e congr\u00e8s de l\u2019Association suisse des patrons boulangers-confiseurs (BCS).","robots":{"index":"index","follow":"follow","max-snippet":"max-snippet:-1","max-image-preview":"max-image-preview:large","max-video-preview":"max-video-preview:-1"},"canonical":"https:\/\/swissbaker.ch\/fr\/panissimo-news\/baeckerkrone-2023-das-sind-die-drei-finalisten\/","og_locale":"fr_FR","og_type":"article","og_title":"Couronne boulang\u00e8re 2023 \u2013 les trois finalistes sont connus","og_description":"La couronne boulang\u00e8re 2023 sera d\u00e9cern\u00e9e le 13 juin dans le cadre du 137e congr\u00e8s de l\u2019Association suisse des patrons boulangers-confiseurs (BCS).","og_url":"https:\/\/swissbaker.ch\/fr\/panissimo-news\/baeckerkrone-2023-das-sind-die-drei-finalisten\/","og_site_name":"SBC","article_publisher":"https:\/\/www.facebook.com\/swissbaker.ch","article_published_time":"2023-06-01T12:00:43+00:00","og_image":[{"width":1197,"height":810,"url":"https:\/\/swissbaker.ch\/wp-content\/uploads\/2023\/05\/baeckerkrone_f-1-e1685608839471.jpg","type":"image\/jpeg"}],"author":"Franzisca Ellenberger","twitter_card":"summary_large_image","twitter_creator":"@ch_swissbaker","twitter_site":"@ch_swissbaker","twitter_misc":{"Written by":"Franzisca Ellenberger","Est. reading time":"7 minutes"},"schema":{"@context":"https:\/\/schema.org","@graph":[{"@type":"Article","@id":"https:\/\/swissbaker.ch\/fr\/panissimo-news\/baeckerkrone-2023-das-sind-die-drei-finalisten\/#article","isPartOf":{"@id":"https:\/\/swissbaker.ch\/fr\/panissimo-news\/baeckerkrone-2023-das-sind-die-drei-finalisten\/"},"author":{"name":"Franzisca Ellenberger","@id":"https:\/\/swissbaker.ch\/fr\/#\/schema\/person\/882cf7a0c343605a02113006afd3cf48"},"headline":"Couronne boulang\u00e8re 2023 \u2013 les trois finalistes sont connus","datePublished":"2023-06-01T12:00:43+00:00","mainEntityOfPage":{"@id":"https:\/\/swissbaker.ch\/fr\/panissimo-news\/baeckerkrone-2023-das-sind-die-drei-finalisten\/"},"wordCount":1138,"publisher":{"@id":"https:\/\/swissbaker.ch\/fr\/#organization"},"image":{"@id":"https:\/\/swissbaker.ch\/fr\/panissimo-news\/baeckerkrone-2023-das-sind-die-drei-finalisten\/#primaryimage"},"thumbnailUrl":"https:\/\/swissbaker.ch\/wp-content\/uploads\/2023\/05\/baeckerkrone_f-1-e1685608839471.jpg","articleSection":["Boulangeries\/Confiseries","De la branche"],"inLanguage":"fr-FR"},{"@type":"WebPage","@id":"https:\/\/swissbaker.ch\/fr\/panissimo-news\/baeckerkrone-2023-das-sind-die-drei-finalisten\/","url":"https:\/\/swissbaker.ch\/fr\/panissimo-news\/baeckerkrone-2023-das-sind-die-drei-finalisten\/","name":"Couronne boulang\u00e8re 2023 \u2013 les trois finalistes sont connus | SBC","isPartOf":{"@id":"https:\/\/swissbaker.ch\/fr\/#website"},"primaryImageOfPage":{"@id":"https:\/\/swissbaker.ch\/fr\/panissimo-news\/baeckerkrone-2023-das-sind-die-drei-finalisten\/#primaryimage"},"image":{"@id":"https:\/\/swissbaker.ch\/fr\/panissimo-news\/baeckerkrone-2023-das-sind-die-drei-finalisten\/#primaryimage"},"thumbnailUrl":"https:\/\/swissbaker.ch\/wp-content\/uploads\/2023\/05\/baeckerkrone_f-1-e1685608839471.jpg","datePublished":"2023-06-01T12:00:43+00:00","description":"La couronne boulang\u00e8re 2023 sera d\u00e9cern\u00e9e le 13 juin dans le cadre du 137e congr\u00e8s de l\u2019Association suisse des patrons boulangers-confiseurs (BCS).","breadcrumb":{"@id":"https:\/\/swissbaker.ch\/fr\/panissimo-news\/baeckerkrone-2023-das-sind-die-drei-finalisten\/#breadcrumb"},"inLanguage":"fr-FR","potentialAction":[{"@type":"ReadAction","target":["https:\/\/swissbaker.ch\/fr\/panissimo-news\/baeckerkrone-2023-das-sind-die-drei-finalisten\/"]}]},{"@type":"ImageObject","inLanguage":"fr-FR","@id":"https:\/\/swissbaker.ch\/fr\/panissimo-news\/baeckerkrone-2023-das-sind-die-drei-finalisten\/#primaryimage","url":"https:\/\/swissbaker.ch\/wp-content\/uploads\/2023\/05\/baeckerkrone_f-1-e1685608839471.jpg","contentUrl":"https:\/\/swissbaker.ch\/wp-content\/uploads\/2023\/05\/baeckerkrone_f-1-e1685608839471.jpg","width":1197,"height":810},{"@type":"BreadcrumbList","@id":"https:\/\/swissbaker.ch\/fr\/panissimo-news\/baeckerkrone-2023-das-sind-die-drei-finalisten\/#breadcrumb","itemListElement":[{"@type":"ListItem","position":1,"name":"","item":"https:\/\/swissbaker.ch\/fr\/"},{"@type":"ListItem","position":2,"name":"De la branche","item":"https:\/\/swissbaker.ch\/fr\/panissimo-news\/category\/de-la-branche\/"},{"@type":"ListItem","position":3,"name":"Couronne boulang\u00e8re 2023 \u2013 les trois finalistes sont connus"}]},{"@type":"WebSite","@id":"https:\/\/swissbaker.ch\/fr\/#website","url":"https:\/\/swissbaker.ch\/fr\/","name":"SBC","description":"","publisher":{"@id":"https:\/\/swissbaker.ch\/fr\/#organization"},"potentialAction":[{"@type":"SearchAction","target":{"@type":"EntryPoint","urlTemplate":"https:\/\/swissbaker.ch\/fr\/?s={search_term_string}"},"query-input":{"@type":"PropertyValueSpecification","valueRequired":true,"valueName":"search_term_string"}}],"inLanguage":"fr-FR"},{"@type":"Organization","@id":"https:\/\/swissbaker.ch\/fr\/#organization","name":"Schweizerischer B\u00e4cker-Confiseurmeister-Verband","url":"https:\/\/swissbaker.ch\/fr\/","logo":{"@type":"ImageObject","inLanguage":"fr-FR","@id":"https:\/\/swissbaker.ch\/fr\/#\/schema\/logo\/image\/","url":"https:\/\/swissbaker.ch\/wp-content\/uploads\/2022\/04\/sbc-logo-yoast.jpg","contentUrl":"https:\/\/swissbaker.ch\/wp-content\/uploads\/2022\/04\/sbc-logo-yoast.jpg","width":512,"height":512,"caption":"Schweizerischer B\u00e4cker-Confiseurmeister-Verband"},"image":{"@id":"https:\/\/swissbaker.ch\/fr\/#\/schema\/logo\/image\/"},"sameAs":["https:\/\/www.facebook.com\/swissbaker.ch","https:\/\/x.com\/ch_swissbaker"]},{"@type":"Person","@id":"https:\/\/swissbaker.ch\/fr\/#\/schema\/person\/882cf7a0c343605a02113006afd3cf48","name":"Franzisca Ellenberger","image":{"@type":"ImageObject","inLanguage":"fr-FR","@id":"https:\/\/swissbaker.ch\/fr\/#\/schema\/person\/image\/","url":"https:\/\/secure.gravatar.com\/avatar\/cfbbf5e1c965abf6a3e577fb088280ca678978f8d63bfc6ea7a2f0dca671ee5f?s=96&d=mm&r=g","contentUrl":"https:\/\/secure.gravatar.com\/avatar\/cfbbf5e1c965abf6a3e577fb088280ca678978f8d63bfc6ea7a2f0dca671ee5f?s=96&d=mm&r=g","caption":"Franzisca Ellenberger"},"url":"https:\/\/swissbaker.ch\/fr\/panissimo-news\/author\/franzisca-ellenberger\/"}]}},"_links":{"self":[{"href":"https:\/\/swissbaker.ch\/fr\/wp-json\/wp\/v2\/posts\/62068","targetHints":{"allow":["GET"]}}],"collection":[{"href":"https:\/\/swissbaker.ch\/fr\/wp-json\/wp\/v2\/posts"}],"about":[{"href":"https:\/\/swissbaker.ch\/fr\/wp-json\/wp\/v2\/types\/post"}],"author":[{"embeddable":true,"href":"https:\/\/swissbaker.ch\/fr\/wp-json\/wp\/v2\/users\/14"}],"replies":[{"embeddable":true,"href":"https:\/\/swissbaker.ch\/fr\/wp-json\/wp\/v2\/comments?post=62068"}],"version-history":[{"count":0,"href":"https:\/\/swissbaker.ch\/fr\/wp-json\/wp\/v2\/posts\/62068\/revisions"}],"wp:featuredmedia":[{"embeddable":true,"href":"https:\/\/swissbaker.ch\/fr\/wp-json\/wp\/v2\/media\/62133"}],"wp:attachment":[{"href":"https:\/\/swissbaker.ch\/fr\/wp-json\/wp\/v2\/media?parent=62068"}],"wp:term":[{"taxonomy":"category","embeddable":true,"href":"https:\/\/swissbaker.ch\/fr\/wp-json\/wp\/v2\/categories?post=62068"},{"taxonomy":"post_tag","embeddable":true,"href":"https:\/\/swissbaker.ch\/fr\/wp-json\/wp\/v2\/tags?post=62068"}],"curies":[{"name":"wp","href":"https:\/\/api.w.org\/{rel}","templated":true}]}}