{"id":61812,"date":"2023-05-24T08:42:27","date_gmt":"2023-05-24T06:42:27","guid":{"rendered":"https:\/\/swissbaker.ch\/?p=61812"},"modified":"2023-05-24T08:52:42","modified_gmt":"2023-05-24T06:52:42","slug":"electromobilite-pistor-investit-plus-de-six-millions-de-francs","status":"publish","type":"post","link":"https:\/\/swissbaker.ch\/fr\/panissimo-news\/electromobilite-pistor-investit-plus-de-six-millions-de-francs\/","title":{"rendered":"\u00c9lectromobilit\u00e9: Pistor investit plus de six millions de francs"},"content":{"rendered":"\n<p><strong>Pistor acquiert huit nouveaux camions \u00e9lectriques pour un montant de 6,4 millions de francs. D&#8217;ici au milieu de l&#8217;ann\u00e9e, 10% des v\u00e9hicules de la flotte de l&#8217;entreprise ne g\u00e9n\u00e9reront plus d&#8217;\u00e9missions. Cette d\u00e9marche r\u00e9pond \u00e0 un besoin essentiel de la client\u00e8le tout en r\u00e9duisant de 300 tonnes les \u00e9missions annuelles de CO2.<\/strong><\/p>\n\n\n\n<p>Sur les 101 camions que compte au total la flotte de Pistor, onze sont d\u00e9sormais \u00e9lectriques. Dans ses efforts en mati\u00e8re de durabilit\u00e9, Pistor a accept\u00e9 d&#8217;investir une somme de d\u00e9part plus importante: les huit nouveaux camions \u00e9lectriques co\u00fbtent plus de six millions de francs, soit pr\u00e8s du double du prix de mod\u00e8les \u00e0 moteur thermique. <\/p>\n\n\n\n<p>Les frais d&#8217;entretien en baisse et les \u00e9conomies r\u00e9alis\u00e9es au niveau de la redevance sur les poids lourds compensent cet investissement de d\u00e9part sup\u00e9rieur. Richard Betschart estime que ce n&#8217;est pas l\u00e0 le seul avantage de cet investissement: \u00abL&#8217;avenir de la circulation routi\u00e8re r\u00e9side dans les motorisations alternatives z\u00e9ro \u00e9mission. Pistor a commenc\u00e9 \u00e0 emprunter cette voie tr\u00e8s t\u00f4t et entend la poursuivre avec r\u00e9solution.\u00bb <\/p>\n\n\n\n<p>L&#8217;entreprise remplace progressivement par des mod\u00e8les \u00e9lectriques les camions \u00e0 moteur thermique sortant de la flotte.<\/p>\n\n\n\n<p class=\"has-text-align-right\"><em>com<\/em><\/p>\n","protected":false},"excerpt":{"rendered":"<p>Pistor acquiert huit nouveaux camions \u00e9lectriques pour un montant de 6,4 millions de francs. D&#8217;ici au milieu de l&#8217;ann\u00e9e, 10% des v\u00e9hicules de la flotte de l&#8217;entreprise ne g\u00e9n\u00e9reront plus d&#8217;\u00e9missions. Cette d\u00e9marche r\u00e9pond \u00e0 un besoin essentiel de la client\u00e8le tout en r\u00e9duisant de 300 tonnes les \u00e9missions annuelles de CO2.<\/p>\n","protected":false},"author":5,"featured_media":61807,"comment_status":"closed","ping_status":"closed","sticky":true,"template":"","format":"standard","meta":{"_acf_changed":false,"footnotes":""},"categories":[39],"tags":[],"class_list":["post-61812","post","type-post","status-publish","format-standard","has-post-thumbnail","hentry","category-de-la-branche"],"acf":[],"yoast_head":"<!-- This site is optimized with the Yoast SEO Premium plugin v26.8 (Yoast SEO v26.8) - https:\/\/yoast.com\/product\/yoast-seo-premium-wordpress\/ -->\n<title>\u00c9lectromobilit\u00e9: Pistor investit plus de six millions de francs | SBC<\/title>\n<meta name=\"description\" content=\"D&#039;ici au milieu de l&#039;ann\u00e9e, 10% des v\u00e9hicules de la flotte de l&#039;entreprise ne g\u00e9n\u00e9reront plus d&#039;\u00e9missions.\" \/>\n<meta name=\"robots\" content=\"index, follow, max-snippet:-1, max-image-preview:large, max-video-preview:-1\" \/>\n<link rel=\"canonical\" href=\"https:\/\/swissbaker.ch\/fr\/panissimo-news\/electromobilite-pistor-investit-plus-de-six-millions-de-francs\/\" \/>\n<meta property=\"og:locale\" content=\"fr_FR\" \/>\n<meta property=\"og:type\" content=\"article\" \/>\n<meta property=\"og:title\" content=\"\u00c9lectromobilit\u00e9: Pistor investit plus de six millions de francs\" \/>\n<meta property=\"og:description\" content=\"D&#039;ici au milieu de l&#039;ann\u00e9e, 10% des v\u00e9hicules de la flotte de l&#039;entreprise ne g\u00e9n\u00e9reront plus d&#039;\u00e9missions.\" \/>\n<meta property=\"og:url\" content=\"https:\/\/swissbaker.ch\/fr\/panissimo-news\/electromobilite-pistor-investit-plus-de-six-millions-de-francs\/\" \/>\n<meta property=\"og:site_name\" content=\"SBC\" \/>\n<meta property=\"article:publisher\" content=\"https:\/\/www.facebook.com\/swissbaker.ch\" \/>\n<meta property=\"article:published_time\" content=\"2023-05-24T06:42:27+00:00\" \/>\n<meta property=\"article:modified_time\" content=\"2023-05-24T06:52:42+00:00\" \/>\n<meta property=\"og:image\" content=\"https:\/\/swissbaker.ch\/wp-content\/uploads\/2023\/05\/10_2_pistor_lastwagen.jpg\" \/>\n\t<meta property=\"og:image:width\" content=\"1200\" \/>\n\t<meta property=\"og:image:height\" content=\"712\" \/>\n\t<meta property=\"og:image:type\" content=\"image\/jpeg\" \/>\n<meta name=\"author\" content=\"Simon Nussbaum\" \/>\n<meta name=\"twitter:card\" content=\"summary_large_image\" \/>\n<meta name=\"twitter:creator\" content=\"@ch_swissbaker\" \/>\n<meta name=\"twitter:site\" content=\"@ch_swissbaker\" \/>\n<meta name=\"twitter:label1\" content=\"Written by\" \/>\n\t<meta name=\"twitter:data1\" content=\"Simon Nussbaum\" \/>\n\t<meta name=\"twitter:label2\" content=\"Est. reading time\" \/>\n\t<meta name=\"twitter:data2\" content=\"2 minutes\" \/>\n<script type=\"application\/ld+json\" class=\"yoast-schema-graph\">{\"@context\":\"https:\/\/schema.org\",\"@graph\":[{\"@type\":\"Article\",\"@id\":\"https:\/\/swissbaker.ch\/fr\/panissimo-news\/electromobilite-pistor-investit-plus-de-six-millions-de-francs\/#article\",\"isPartOf\":{\"@id\":\"https:\/\/swissbaker.ch\/fr\/panissimo-news\/electromobilite-pistor-investit-plus-de-six-millions-de-francs\/\"},\"author\":{\"name\":\"Simon Nussbaum\",\"@id\":\"https:\/\/swissbaker.ch\/fr\/#\/schema\/person\/74bd327b08c18ca6042c02ff6f0ed5e2\"},\"headline\":\"\u00c9lectromobilit\u00e9: Pistor investit plus de six millions de francs\",\"datePublished\":\"2023-05-24T06:42:27+00:00\",\"dateModified\":\"2023-05-24T06:52:42+00:00\",\"mainEntityOfPage\":{\"@id\":\"https:\/\/swissbaker.ch\/fr\/panissimo-news\/electromobilite-pistor-investit-plus-de-six-millions-de-francs\/\"},\"wordCount\":225,\"publisher\":{\"@id\":\"https:\/\/swissbaker.ch\/fr\/#organization\"},\"image\":{\"@id\":\"https:\/\/swissbaker.ch\/fr\/panissimo-news\/electromobilite-pistor-investit-plus-de-six-millions-de-francs\/#primaryimage\"},\"thumbnailUrl\":\"https:\/\/swissbaker.ch\/wp-content\/uploads\/2023\/05\/10_2_pistor_lastwagen.jpg\",\"articleSection\":[\"De la branche\"],\"inLanguage\":\"fr-FR\"},{\"@type\":\"WebPage\",\"@id\":\"https:\/\/swissbaker.ch\/fr\/panissimo-news\/electromobilite-pistor-investit-plus-de-six-millions-de-francs\/\",\"url\":\"https:\/\/swissbaker.ch\/fr\/panissimo-news\/electromobilite-pistor-investit-plus-de-six-millions-de-francs\/\",\"name\":\"\u00c9lectromobilit\u00e9: Pistor investit plus de six millions de francs | SBC\",\"isPartOf\":{\"@id\":\"https:\/\/swissbaker.ch\/fr\/#website\"},\"primaryImageOfPage\":{\"@id\":\"https:\/\/swissbaker.ch\/fr\/panissimo-news\/electromobilite-pistor-investit-plus-de-six-millions-de-francs\/#primaryimage\"},\"image\":{\"@id\":\"https:\/\/swissbaker.ch\/fr\/panissimo-news\/electromobilite-pistor-investit-plus-de-six-millions-de-francs\/#primaryimage\"},\"thumbnailUrl\":\"https:\/\/swissbaker.ch\/wp-content\/uploads\/2023\/05\/10_2_pistor_lastwagen.jpg\",\"datePublished\":\"2023-05-24T06:42:27+00:00\",\"dateModified\":\"2023-05-24T06:52:42+00:00\",\"description\":\"D'ici au milieu de l'ann\u00e9e, 10% des v\u00e9hicules de la flotte de l'entreprise ne g\u00e9n\u00e9reront plus d'\u00e9missions.\",\"breadcrumb\":{\"@id\":\"https:\/\/swissbaker.ch\/fr\/panissimo-news\/electromobilite-pistor-investit-plus-de-six-millions-de-francs\/#breadcrumb\"},\"inLanguage\":\"fr-FR\",\"potentialAction\":[{\"@type\":\"ReadAction\",\"target\":[\"https:\/\/swissbaker.ch\/fr\/panissimo-news\/electromobilite-pistor-investit-plus-de-six-millions-de-francs\/\"]}]},{\"@type\":\"ImageObject\",\"inLanguage\":\"fr-FR\",\"@id\":\"https:\/\/swissbaker.ch\/fr\/panissimo-news\/electromobilite-pistor-investit-plus-de-six-millions-de-francs\/#primaryimage\",\"url\":\"https:\/\/swissbaker.ch\/wp-content\/uploads\/2023\/05\/10_2_pistor_lastwagen.jpg\",\"contentUrl\":\"https:\/\/swissbaker.ch\/wp-content\/uploads\/2023\/05\/10_2_pistor_lastwagen.jpg\",\"width\":1200,\"height\":712},{\"@type\":\"BreadcrumbList\",\"@id\":\"https:\/\/swissbaker.ch\/fr\/panissimo-news\/electromobilite-pistor-investit-plus-de-six-millions-de-francs\/#breadcrumb\",\"itemListElement\":[{\"@type\":\"ListItem\",\"position\":1,\"name\":\"\",\"item\":\"https:\/\/swissbaker.ch\/fr\/\"},{\"@type\":\"ListItem\",\"position\":2,\"name\":\"De la branche\",\"item\":\"https:\/\/swissbaker.ch\/fr\/panissimo-news\/category\/de-la-branche\/\"},{\"@type\":\"ListItem\",\"position\":3,\"name\":\"\u00c9lectromobilit\u00e9: Pistor investit plus de six millions de francs\"}]},{\"@type\":\"WebSite\",\"@id\":\"https:\/\/swissbaker.ch\/fr\/#website\",\"url\":\"https:\/\/swissbaker.ch\/fr\/\",\"name\":\"SBC\",\"description\":\"\",\"publisher\":{\"@id\":\"https:\/\/swissbaker.ch\/fr\/#organization\"},\"potentialAction\":[{\"@type\":\"SearchAction\",\"target\":{\"@type\":\"EntryPoint\",\"urlTemplate\":\"https:\/\/swissbaker.ch\/fr\/?s={search_term_string}\"},\"query-input\":{\"@type\":\"PropertyValueSpecification\",\"valueRequired\":true,\"valueName\":\"search_term_string\"}}],\"inLanguage\":\"fr-FR\"},{\"@type\":\"Organization\",\"@id\":\"https:\/\/swissbaker.ch\/fr\/#organization\",\"name\":\"Schweizerischer B\u00e4cker-Confiseurmeister-Verband\",\"url\":\"https:\/\/swissbaker.ch\/fr\/\",\"logo\":{\"@type\":\"ImageObject\",\"inLanguage\":\"fr-FR\",\"@id\":\"https:\/\/swissbaker.ch\/fr\/#\/schema\/logo\/image\/\",\"url\":\"https:\/\/swissbaker.ch\/wp-content\/uploads\/2022\/04\/sbc-logo-yoast.jpg\",\"contentUrl\":\"https:\/\/swissbaker.ch\/wp-content\/uploads\/2022\/04\/sbc-logo-yoast.jpg\",\"width\":512,\"height\":512,\"caption\":\"Schweizerischer B\u00e4cker-Confiseurmeister-Verband\"},\"image\":{\"@id\":\"https:\/\/swissbaker.ch\/fr\/#\/schema\/logo\/image\/\"},\"sameAs\":[\"https:\/\/www.facebook.com\/swissbaker.ch\",\"https:\/\/x.com\/ch_swissbaker\"]},{\"@type\":\"Person\",\"@id\":\"https:\/\/swissbaker.ch\/fr\/#\/schema\/person\/74bd327b08c18ca6042c02ff6f0ed5e2\",\"name\":\"Simon Nussbaum\",\"image\":{\"@type\":\"ImageObject\",\"inLanguage\":\"fr-FR\",\"@id\":\"https:\/\/swissbaker.ch\/fr\/#\/schema\/person\/image\/\",\"url\":\"https:\/\/secure.gravatar.com\/avatar\/df0eced3bb556c806cb760cf503ade1ed1df25b4104d80d6fd28d93a9509aa12?s=96&d=mm&r=g\",\"contentUrl\":\"https:\/\/secure.gravatar.com\/avatar\/df0eced3bb556c806cb760cf503ade1ed1df25b4104d80d6fd28d93a9509aa12?s=96&d=mm&r=g\",\"caption\":\"Simon Nussbaum\"},\"url\":\"https:\/\/swissbaker.ch\/fr\/panissimo-news\/author\/simon-nussbaum\/\"}]}<\/script>\n<!-- \/ Yoast SEO Premium plugin. -->","yoast_head_json":{"title":"\u00c9lectromobilit\u00e9: Pistor investit plus de six millions de francs | SBC","description":"D'ici au milieu de l'ann\u00e9e, 10% des v\u00e9hicules de la flotte de l'entreprise ne g\u00e9n\u00e9reront plus d'\u00e9missions.","robots":{"index":"index","follow":"follow","max-snippet":"max-snippet:-1","max-image-preview":"max-image-preview:large","max-video-preview":"max-video-preview:-1"},"canonical":"https:\/\/swissbaker.ch\/fr\/panissimo-news\/electromobilite-pistor-investit-plus-de-six-millions-de-francs\/","og_locale":"fr_FR","og_type":"article","og_title":"\u00c9lectromobilit\u00e9: Pistor investit plus de six millions de francs","og_description":"D'ici au milieu de l'ann\u00e9e, 10% des v\u00e9hicules de la flotte de l'entreprise ne g\u00e9n\u00e9reront plus d'\u00e9missions.","og_url":"https:\/\/swissbaker.ch\/fr\/panissimo-news\/electromobilite-pistor-investit-plus-de-six-millions-de-francs\/","og_site_name":"SBC","article_publisher":"https:\/\/www.facebook.com\/swissbaker.ch","article_published_time":"2023-05-24T06:42:27+00:00","article_modified_time":"2023-05-24T06:52:42+00:00","og_image":[{"width":1200,"height":712,"url":"https:\/\/swissbaker.ch\/wp-content\/uploads\/2023\/05\/10_2_pistor_lastwagen.jpg","type":"image\/jpeg"}],"author":"Simon Nussbaum","twitter_card":"summary_large_image","twitter_creator":"@ch_swissbaker","twitter_site":"@ch_swissbaker","twitter_misc":{"Written by":"Simon Nussbaum","Est. reading time":"2 minutes"},"schema":{"@context":"https:\/\/schema.org","@graph":[{"@type":"Article","@id":"https:\/\/swissbaker.ch\/fr\/panissimo-news\/electromobilite-pistor-investit-plus-de-six-millions-de-francs\/#article","isPartOf":{"@id":"https:\/\/swissbaker.ch\/fr\/panissimo-news\/electromobilite-pistor-investit-plus-de-six-millions-de-francs\/"},"author":{"name":"Simon Nussbaum","@id":"https:\/\/swissbaker.ch\/fr\/#\/schema\/person\/74bd327b08c18ca6042c02ff6f0ed5e2"},"headline":"\u00c9lectromobilit\u00e9: Pistor investit plus de six millions de francs","datePublished":"2023-05-24T06:42:27+00:00","dateModified":"2023-05-24T06:52:42+00:00","mainEntityOfPage":{"@id":"https:\/\/swissbaker.ch\/fr\/panissimo-news\/electromobilite-pistor-investit-plus-de-six-millions-de-francs\/"},"wordCount":225,"publisher":{"@id":"https:\/\/swissbaker.ch\/fr\/#organization"},"image":{"@id":"https:\/\/swissbaker.ch\/fr\/panissimo-news\/electromobilite-pistor-investit-plus-de-six-millions-de-francs\/#primaryimage"},"thumbnailUrl":"https:\/\/swissbaker.ch\/wp-content\/uploads\/2023\/05\/10_2_pistor_lastwagen.jpg","articleSection":["De la branche"],"inLanguage":"fr-FR"},{"@type":"WebPage","@id":"https:\/\/swissbaker.ch\/fr\/panissimo-news\/electromobilite-pistor-investit-plus-de-six-millions-de-francs\/","url":"https:\/\/swissbaker.ch\/fr\/panissimo-news\/electromobilite-pistor-investit-plus-de-six-millions-de-francs\/","name":"\u00c9lectromobilit\u00e9: Pistor investit plus de six millions de francs | SBC","isPartOf":{"@id":"https:\/\/swissbaker.ch\/fr\/#website"},"primaryImageOfPage":{"@id":"https:\/\/swissbaker.ch\/fr\/panissimo-news\/electromobilite-pistor-investit-plus-de-six-millions-de-francs\/#primaryimage"},"image":{"@id":"https:\/\/swissbaker.ch\/fr\/panissimo-news\/electromobilite-pistor-investit-plus-de-six-millions-de-francs\/#primaryimage"},"thumbnailUrl":"https:\/\/swissbaker.ch\/wp-content\/uploads\/2023\/05\/10_2_pistor_lastwagen.jpg","datePublished":"2023-05-24T06:42:27+00:00","dateModified":"2023-05-24T06:52:42+00:00","description":"D'ici au milieu de l'ann\u00e9e, 10% des v\u00e9hicules de la flotte de l'entreprise ne g\u00e9n\u00e9reront plus d'\u00e9missions.","breadcrumb":{"@id":"https:\/\/swissbaker.ch\/fr\/panissimo-news\/electromobilite-pistor-investit-plus-de-six-millions-de-francs\/#breadcrumb"},"inLanguage":"fr-FR","potentialAction":[{"@type":"ReadAction","target":["https:\/\/swissbaker.ch\/fr\/panissimo-news\/electromobilite-pistor-investit-plus-de-six-millions-de-francs\/"]}]},{"@type":"ImageObject","inLanguage":"fr-FR","@id":"https:\/\/swissbaker.ch\/fr\/panissimo-news\/electromobilite-pistor-investit-plus-de-six-millions-de-francs\/#primaryimage","url":"https:\/\/swissbaker.ch\/wp-content\/uploads\/2023\/05\/10_2_pistor_lastwagen.jpg","contentUrl":"https:\/\/swissbaker.ch\/wp-content\/uploads\/2023\/05\/10_2_pistor_lastwagen.jpg","width":1200,"height":712},{"@type":"BreadcrumbList","@id":"https:\/\/swissbaker.ch\/fr\/panissimo-news\/electromobilite-pistor-investit-plus-de-six-millions-de-francs\/#breadcrumb","itemListElement":[{"@type":"ListItem","position":1,"name":"","item":"https:\/\/swissbaker.ch\/fr\/"},{"@type":"ListItem","position":2,"name":"De la branche","item":"https:\/\/swissbaker.ch\/fr\/panissimo-news\/category\/de-la-branche\/"},{"@type":"ListItem","position":3,"name":"\u00c9lectromobilit\u00e9: Pistor investit plus de six millions de francs"}]},{"@type":"WebSite","@id":"https:\/\/swissbaker.ch\/fr\/#website","url":"https:\/\/swissbaker.ch\/fr\/","name":"SBC","description":"","publisher":{"@id":"https:\/\/swissbaker.ch\/fr\/#organization"},"potentialAction":[{"@type":"SearchAction","target":{"@type":"EntryPoint","urlTemplate":"https:\/\/swissbaker.ch\/fr\/?s={search_term_string}"},"query-input":{"@type":"PropertyValueSpecification","valueRequired":true,"valueName":"search_term_string"}}],"inLanguage":"fr-FR"},{"@type":"Organization","@id":"https:\/\/swissbaker.ch\/fr\/#organization","name":"Schweizerischer B\u00e4cker-Confiseurmeister-Verband","url":"https:\/\/swissbaker.ch\/fr\/","logo":{"@type":"ImageObject","inLanguage":"fr-FR","@id":"https:\/\/swissbaker.ch\/fr\/#\/schema\/logo\/image\/","url":"https:\/\/swissbaker.ch\/wp-content\/uploads\/2022\/04\/sbc-logo-yoast.jpg","contentUrl":"https:\/\/swissbaker.ch\/wp-content\/uploads\/2022\/04\/sbc-logo-yoast.jpg","width":512,"height":512,"caption":"Schweizerischer B\u00e4cker-Confiseurmeister-Verband"},"image":{"@id":"https:\/\/swissbaker.ch\/fr\/#\/schema\/logo\/image\/"},"sameAs":["https:\/\/www.facebook.com\/swissbaker.ch","https:\/\/x.com\/ch_swissbaker"]},{"@type":"Person","@id":"https:\/\/swissbaker.ch\/fr\/#\/schema\/person\/74bd327b08c18ca6042c02ff6f0ed5e2","name":"Simon Nussbaum","image":{"@type":"ImageObject","inLanguage":"fr-FR","@id":"https:\/\/swissbaker.ch\/fr\/#\/schema\/person\/image\/","url":"https:\/\/secure.gravatar.com\/avatar\/df0eced3bb556c806cb760cf503ade1ed1df25b4104d80d6fd28d93a9509aa12?s=96&d=mm&r=g","contentUrl":"https:\/\/secure.gravatar.com\/avatar\/df0eced3bb556c806cb760cf503ade1ed1df25b4104d80d6fd28d93a9509aa12?s=96&d=mm&r=g","caption":"Simon Nussbaum"},"url":"https:\/\/swissbaker.ch\/fr\/panissimo-news\/author\/simon-nussbaum\/"}]}},"_links":{"self":[{"href":"https:\/\/swissbaker.ch\/fr\/wp-json\/wp\/v2\/posts\/61812","targetHints":{"allow":["GET"]}}],"collection":[{"href":"https:\/\/swissbaker.ch\/fr\/wp-json\/wp\/v2\/posts"}],"about":[{"href":"https:\/\/swissbaker.ch\/fr\/wp-json\/wp\/v2\/types\/post"}],"author":[{"embeddable":true,"href":"https:\/\/swissbaker.ch\/fr\/wp-json\/wp\/v2\/users\/5"}],"replies":[{"embeddable":true,"href":"https:\/\/swissbaker.ch\/fr\/wp-json\/wp\/v2\/comments?post=61812"}],"version-history":[{"count":0,"href":"https:\/\/swissbaker.ch\/fr\/wp-json\/wp\/v2\/posts\/61812\/revisions"}],"wp:featuredmedia":[{"embeddable":true,"href":"https:\/\/swissbaker.ch\/fr\/wp-json\/wp\/v2\/media\/61807"}],"wp:attachment":[{"href":"https:\/\/swissbaker.ch\/fr\/wp-json\/wp\/v2\/media?parent=61812"}],"wp:term":[{"taxonomy":"category","embeddable":true,"href":"https:\/\/swissbaker.ch\/fr\/wp-json\/wp\/v2\/categories?post=61812"},{"taxonomy":"post_tag","embeddable":true,"href":"https:\/\/swissbaker.ch\/fr\/wp-json\/wp\/v2\/tags?post=61812"}],"curies":[{"name":"wp","href":"https:\/\/api.w.org\/{rel}","templated":true}]}}