{"id":61635,"date":"2023-05-16T15:43:08","date_gmt":"2023-05-16T13:43:08","guid":{"rendered":"https:\/\/swissbaker.ch\/?p=61635"},"modified":"2023-05-17T10:57:53","modified_gmt":"2023-05-17T08:57:53","slug":"ventes-de-cuchaules-en-hausse","status":"publish","type":"post","link":"https:\/\/swissbaker.ch\/fr\/panissimo-news\/ventes-de-cuchaules-en-hausse\/","title":{"rendered":"<strong>Ventes de cuchaules en hausse<\/strong>"},"content":{"rendered":"\n<p><strong>Lors de l\u2019assembl\u00e9e g\u00e9n\u00e9rale de l\u2019Interprofession de la Cuchaule AOP du 10 mai \u00e0 Romont (FR), Daniel Blanc a fait le point sur les activit\u00e9s 2022. Le pr\u00e9sident a \u00e9galement soulign\u00e9 l\u2019augmentation des ventes sur l\u2019ensemble de l\u2019ann\u00e9e, et fait le point sur l\u2019avanc\u00e9e des certifications.<\/strong><\/p>\n\n\n\n<p>L\u2019ann\u00e9e 2022 a \u00e9t\u00e9 riche et dynamique pour la Cuchaule AOP, pr\u00e9sente \u00e0 de nombreuses occasions. Son interprofession a organis\u00e9 une distribution de mini cuchaules dans les \u00e9coles professionnelles de Bulle (FR) et Fribourg \u00e0 l\u2019occasion de la Semaine du go\u00fbt, par exemple. La sp\u00e9cialit\u00e9 a \u00e9galement pr\u00e9sente \u00e0 la F\u00eate des F\u00eates \u00e0 Ballenberg ainsi qu\u2019au Salon Suisse des Go\u00fbts et Terroirs \u00e0 Bulle. Quant au Concours de la Cuchaule AOP, la quatri\u00e8me \u00e9dition s\u2019est d\u00e9roul\u00e9e au Comptoir gru\u00e9rien \u00e0 Bulle.<\/p>\n\n\n\n<p>Dans son rapport annuel, l\u2019interprofession a pr\u00e9sent\u00e9 quelques statistiques concernant la production, ainsi que la vente de pastilles AOP. Elles donnent une id\u00e9e de la tendance des ventes du produit. Le pr\u00e9sident, Daniel Blanc, a ainsi soulign\u00e9 l\u2019augmentation des ventes, et ce sur toute l\u2019ann\u00e9e, y compris en-dehors de la p\u00e9riode de la B\u00e9nichon.<\/p>\n\n\n\n<p><strong>Le nombre d\u2019entreprises certifi\u00e9es continue d\u2019augmenter<\/strong><\/p>\n\n\n\n<p>En 2022, quatre entreprises suppl\u00e9mentaires ont \u00e9t\u00e9 certifi\u00e9es, portant le nombre total de producteurs certifi\u00e9s \u00e0 52. Une d\u00e9mission et une exclusion ont \u00e9t\u00e9 enregistr\u00e9es. Toutes les entreprises ont connu un audit de re-certification par ProCert l\u2019ann\u00e9e derni\u00e8re, visant \u00e0 assurer la conformit\u00e9 au cahier des charges. Aucun probl\u00e8me n\u2019a \u00e9t\u00e9 d\u00e9tect\u00e9.<\/p>\n\n\n\n<p class=\"has-text-align-right\"><em>com<\/em><\/p>\n","protected":false},"excerpt":{"rendered":"<p>Lors de l\u2019assembl\u00e9e g\u00e9n\u00e9rale de l\u2019Interprofession de la Cuchaule AOP du 10 mai \u00e0 Romont (FR), Daniel Blanc a fait le point sur les activit\u00e9s 2022. Le pr\u00e9sident a \u00e9galement soulign\u00e9 l\u2019augmentation des ventes sur l\u2019ensemble de l\u2019ann\u00e9e, et fait le point sur l\u2019avanc\u00e9e des certifications.<\/p>\n","protected":false},"author":5,"featured_media":61638,"comment_status":"closed","ping_status":"closed","sticky":true,"template":"","format":"standard","meta":{"_acf_changed":false,"footnotes":""},"categories":[39,40],"tags":[],"class_list":["post-61635","post","type-post","status-publish","format-standard","has-post-thumbnail","hentry","category-de-la-branche","category-des-cantons"],"acf":[],"yoast_head":"<!-- This site is optimized with the Yoast SEO Premium plugin v26.8 (Yoast SEO v26.8) - https:\/\/yoast.com\/product\/yoast-seo-premium-wordpress\/ -->\n<title>Ventes de cuchaules en hausse | SBC<\/title>\n<meta name=\"description\" content=\"Lors de l\u2019assembl\u00e9e g\u00e9n\u00e9rale de l\u2019Interprofession de la Cuchaule AOP du 10 mai \u00e0 Romont (FR), Daniel Blanc a fait le point sur les activit\u00e9s 2022.\" \/>\n<meta name=\"robots\" content=\"index, follow, max-snippet:-1, max-image-preview:large, max-video-preview:-1\" \/>\n<link rel=\"canonical\" href=\"https:\/\/swissbaker.ch\/fr\/panissimo-news\/ventes-de-cuchaules-en-hausse\/\" \/>\n<meta property=\"og:locale\" content=\"fr_FR\" \/>\n<meta property=\"og:type\" content=\"article\" \/>\n<meta property=\"og:title\" content=\"Ventes de cuchaules en hausse\" \/>\n<meta property=\"og:description\" content=\"Lors de l\u2019assembl\u00e9e g\u00e9n\u00e9rale de l\u2019Interprofession de la Cuchaule AOP du 10 mai \u00e0 Romont (FR), Daniel Blanc a fait le point sur les activit\u00e9s 2022.\" \/>\n<meta property=\"og:url\" content=\"https:\/\/swissbaker.ch\/fr\/panissimo-news\/ventes-de-cuchaules-en-hausse\/\" \/>\n<meta property=\"og:site_name\" content=\"SBC\" \/>\n<meta property=\"article:publisher\" content=\"https:\/\/www.facebook.com\/swissbaker.ch\" \/>\n<meta property=\"article:published_time\" content=\"2023-05-16T13:43:08+00:00\" \/>\n<meta property=\"article:modified_time\" content=\"2023-05-17T08:57:53+00:00\" \/>\n<meta property=\"og:image\" content=\"https:\/\/swissbaker.ch\/wp-content\/uploads\/2023\/05\/10_1_cuchaule.jpg\" \/>\n\t<meta property=\"og:image:width\" content=\"1200\" \/>\n\t<meta property=\"og:image:height\" content=\"712\" \/>\n\t<meta property=\"og:image:type\" content=\"image\/jpeg\" \/>\n<meta name=\"author\" content=\"Simon Nussbaum\" \/>\n<meta name=\"twitter:card\" content=\"summary_large_image\" \/>\n<meta name=\"twitter:creator\" content=\"@ch_swissbaker\" \/>\n<meta name=\"twitter:site\" content=\"@ch_swissbaker\" \/>\n<meta name=\"twitter:label1\" content=\"Written by\" \/>\n\t<meta name=\"twitter:data1\" content=\"Simon Nussbaum\" \/>\n<script type=\"application\/ld+json\" class=\"yoast-schema-graph\">{\"@context\":\"https:\/\/schema.org\",\"@graph\":[{\"@type\":\"Article\",\"@id\":\"https:\/\/swissbaker.ch\/fr\/panissimo-news\/ventes-de-cuchaules-en-hausse\/#article\",\"isPartOf\":{\"@id\":\"https:\/\/swissbaker.ch\/fr\/panissimo-news\/ventes-de-cuchaules-en-hausse\/\"},\"author\":{\"name\":\"Simon Nussbaum\",\"@id\":\"https:\/\/swissbaker.ch\/fr\/#\/schema\/person\/74bd327b08c18ca6042c02ff6f0ed5e2\"},\"headline\":\"Ventes de cuchaules en hausse\",\"datePublished\":\"2023-05-16T13:43:08+00:00\",\"dateModified\":\"2023-05-17T08:57:53+00:00\",\"mainEntityOfPage\":{\"@id\":\"https:\/\/swissbaker.ch\/fr\/panissimo-news\/ventes-de-cuchaules-en-hausse\/\"},\"wordCount\":284,\"publisher\":{\"@id\":\"https:\/\/swissbaker.ch\/fr\/#organization\"},\"image\":{\"@id\":\"https:\/\/swissbaker.ch\/fr\/panissimo-news\/ventes-de-cuchaules-en-hausse\/#primaryimage\"},\"thumbnailUrl\":\"https:\/\/swissbaker.ch\/wp-content\/uploads\/2023\/05\/10_1_cuchaule.jpg\",\"articleSection\":[\"De la branche\",\"Des cantons\"],\"inLanguage\":\"fr-FR\"},{\"@type\":\"WebPage\",\"@id\":\"https:\/\/swissbaker.ch\/fr\/panissimo-news\/ventes-de-cuchaules-en-hausse\/\",\"url\":\"https:\/\/swissbaker.ch\/fr\/panissimo-news\/ventes-de-cuchaules-en-hausse\/\",\"name\":\"Ventes de cuchaules en hausse | SBC\",\"isPartOf\":{\"@id\":\"https:\/\/swissbaker.ch\/fr\/#website\"},\"primaryImageOfPage\":{\"@id\":\"https:\/\/swissbaker.ch\/fr\/panissimo-news\/ventes-de-cuchaules-en-hausse\/#primaryimage\"},\"image\":{\"@id\":\"https:\/\/swissbaker.ch\/fr\/panissimo-news\/ventes-de-cuchaules-en-hausse\/#primaryimage\"},\"thumbnailUrl\":\"https:\/\/swissbaker.ch\/wp-content\/uploads\/2023\/05\/10_1_cuchaule.jpg\",\"datePublished\":\"2023-05-16T13:43:08+00:00\",\"dateModified\":\"2023-05-17T08:57:53+00:00\",\"description\":\"Lors de l\u2019assembl\u00e9e g\u00e9n\u00e9rale de l\u2019Interprofession de la Cuchaule AOP du 10 mai \u00e0 Romont (FR), Daniel Blanc a fait le point sur les activit\u00e9s 2022.\",\"breadcrumb\":{\"@id\":\"https:\/\/swissbaker.ch\/fr\/panissimo-news\/ventes-de-cuchaules-en-hausse\/#breadcrumb\"},\"inLanguage\":\"fr-FR\",\"potentialAction\":[{\"@type\":\"ReadAction\",\"target\":[\"https:\/\/swissbaker.ch\/fr\/panissimo-news\/ventes-de-cuchaules-en-hausse\/\"]}]},{\"@type\":\"ImageObject\",\"inLanguage\":\"fr-FR\",\"@id\":\"https:\/\/swissbaker.ch\/fr\/panissimo-news\/ventes-de-cuchaules-en-hausse\/#primaryimage\",\"url\":\"https:\/\/swissbaker.ch\/wp-content\/uploads\/2023\/05\/10_1_cuchaule.jpg\",\"contentUrl\":\"https:\/\/swissbaker.ch\/wp-content\/uploads\/2023\/05\/10_1_cuchaule.jpg\",\"width\":1200,\"height\":712},{\"@type\":\"BreadcrumbList\",\"@id\":\"https:\/\/swissbaker.ch\/fr\/panissimo-news\/ventes-de-cuchaules-en-hausse\/#breadcrumb\",\"itemListElement\":[{\"@type\":\"ListItem\",\"position\":1,\"name\":\"\",\"item\":\"https:\/\/swissbaker.ch\/fr\/\"},{\"@type\":\"ListItem\",\"position\":2,\"name\":\"De la branche\",\"item\":\"https:\/\/swissbaker.ch\/fr\/panissimo-news\/category\/de-la-branche\/\"},{\"@type\":\"ListItem\",\"position\":3,\"name\":\"Ventes de cuchaules en hausse\"}]},{\"@type\":\"WebSite\",\"@id\":\"https:\/\/swissbaker.ch\/fr\/#website\",\"url\":\"https:\/\/swissbaker.ch\/fr\/\",\"name\":\"SBC\",\"description\":\"\",\"publisher\":{\"@id\":\"https:\/\/swissbaker.ch\/fr\/#organization\"},\"potentialAction\":[{\"@type\":\"SearchAction\",\"target\":{\"@type\":\"EntryPoint\",\"urlTemplate\":\"https:\/\/swissbaker.ch\/fr\/?s={search_term_string}\"},\"query-input\":{\"@type\":\"PropertyValueSpecification\",\"valueRequired\":true,\"valueName\":\"search_term_string\"}}],\"inLanguage\":\"fr-FR\"},{\"@type\":\"Organization\",\"@id\":\"https:\/\/swissbaker.ch\/fr\/#organization\",\"name\":\"Schweizerischer B\u00e4cker-Confiseurmeister-Verband\",\"url\":\"https:\/\/swissbaker.ch\/fr\/\",\"logo\":{\"@type\":\"ImageObject\",\"inLanguage\":\"fr-FR\",\"@id\":\"https:\/\/swissbaker.ch\/fr\/#\/schema\/logo\/image\/\",\"url\":\"https:\/\/swissbaker.ch\/wp-content\/uploads\/2022\/04\/sbc-logo-yoast.jpg\",\"contentUrl\":\"https:\/\/swissbaker.ch\/wp-content\/uploads\/2022\/04\/sbc-logo-yoast.jpg\",\"width\":512,\"height\":512,\"caption\":\"Schweizerischer B\u00e4cker-Confiseurmeister-Verband\"},\"image\":{\"@id\":\"https:\/\/swissbaker.ch\/fr\/#\/schema\/logo\/image\/\"},\"sameAs\":[\"https:\/\/www.facebook.com\/swissbaker.ch\",\"https:\/\/x.com\/ch_swissbaker\"]},{\"@type\":\"Person\",\"@id\":\"https:\/\/swissbaker.ch\/fr\/#\/schema\/person\/74bd327b08c18ca6042c02ff6f0ed5e2\",\"name\":\"Simon Nussbaum\",\"image\":{\"@type\":\"ImageObject\",\"inLanguage\":\"fr-FR\",\"@id\":\"https:\/\/swissbaker.ch\/fr\/#\/schema\/person\/image\/\",\"url\":\"https:\/\/secure.gravatar.com\/avatar\/df0eced3bb556c806cb760cf503ade1ed1df25b4104d80d6fd28d93a9509aa12?s=96&d=mm&r=g\",\"contentUrl\":\"https:\/\/secure.gravatar.com\/avatar\/df0eced3bb556c806cb760cf503ade1ed1df25b4104d80d6fd28d93a9509aa12?s=96&d=mm&r=g\",\"caption\":\"Simon Nussbaum\"},\"url\":\"https:\/\/swissbaker.ch\/fr\/panissimo-news\/author\/simon-nussbaum\/\"}]}<\/script>\n<!-- \/ Yoast SEO Premium plugin. -->","yoast_head_json":{"title":"Ventes de cuchaules en hausse | SBC","description":"Lors de l\u2019assembl\u00e9e g\u00e9n\u00e9rale de l\u2019Interprofession de la Cuchaule AOP du 10 mai \u00e0 Romont (FR), Daniel Blanc a fait le point sur les activit\u00e9s 2022.","robots":{"index":"index","follow":"follow","max-snippet":"max-snippet:-1","max-image-preview":"max-image-preview:large","max-video-preview":"max-video-preview:-1"},"canonical":"https:\/\/swissbaker.ch\/fr\/panissimo-news\/ventes-de-cuchaules-en-hausse\/","og_locale":"fr_FR","og_type":"article","og_title":"Ventes de cuchaules en hausse","og_description":"Lors de l\u2019assembl\u00e9e g\u00e9n\u00e9rale de l\u2019Interprofession de la Cuchaule AOP du 10 mai \u00e0 Romont (FR), Daniel Blanc a fait le point sur les activit\u00e9s 2022.","og_url":"https:\/\/swissbaker.ch\/fr\/panissimo-news\/ventes-de-cuchaules-en-hausse\/","og_site_name":"SBC","article_publisher":"https:\/\/www.facebook.com\/swissbaker.ch","article_published_time":"2023-05-16T13:43:08+00:00","article_modified_time":"2023-05-17T08:57:53+00:00","og_image":[{"width":1200,"height":712,"url":"https:\/\/swissbaker.ch\/wp-content\/uploads\/2023\/05\/10_1_cuchaule.jpg","type":"image\/jpeg"}],"author":"Simon Nussbaum","twitter_card":"summary_large_image","twitter_creator":"@ch_swissbaker","twitter_site":"@ch_swissbaker","twitter_misc":{"Written by":"Simon Nussbaum"},"schema":{"@context":"https:\/\/schema.org","@graph":[{"@type":"Article","@id":"https:\/\/swissbaker.ch\/fr\/panissimo-news\/ventes-de-cuchaules-en-hausse\/#article","isPartOf":{"@id":"https:\/\/swissbaker.ch\/fr\/panissimo-news\/ventes-de-cuchaules-en-hausse\/"},"author":{"name":"Simon Nussbaum","@id":"https:\/\/swissbaker.ch\/fr\/#\/schema\/person\/74bd327b08c18ca6042c02ff6f0ed5e2"},"headline":"Ventes de cuchaules en hausse","datePublished":"2023-05-16T13:43:08+00:00","dateModified":"2023-05-17T08:57:53+00:00","mainEntityOfPage":{"@id":"https:\/\/swissbaker.ch\/fr\/panissimo-news\/ventes-de-cuchaules-en-hausse\/"},"wordCount":284,"publisher":{"@id":"https:\/\/swissbaker.ch\/fr\/#organization"},"image":{"@id":"https:\/\/swissbaker.ch\/fr\/panissimo-news\/ventes-de-cuchaules-en-hausse\/#primaryimage"},"thumbnailUrl":"https:\/\/swissbaker.ch\/wp-content\/uploads\/2023\/05\/10_1_cuchaule.jpg","articleSection":["De la branche","Des cantons"],"inLanguage":"fr-FR"},{"@type":"WebPage","@id":"https:\/\/swissbaker.ch\/fr\/panissimo-news\/ventes-de-cuchaules-en-hausse\/","url":"https:\/\/swissbaker.ch\/fr\/panissimo-news\/ventes-de-cuchaules-en-hausse\/","name":"Ventes de cuchaules en hausse | SBC","isPartOf":{"@id":"https:\/\/swissbaker.ch\/fr\/#website"},"primaryImageOfPage":{"@id":"https:\/\/swissbaker.ch\/fr\/panissimo-news\/ventes-de-cuchaules-en-hausse\/#primaryimage"},"image":{"@id":"https:\/\/swissbaker.ch\/fr\/panissimo-news\/ventes-de-cuchaules-en-hausse\/#primaryimage"},"thumbnailUrl":"https:\/\/swissbaker.ch\/wp-content\/uploads\/2023\/05\/10_1_cuchaule.jpg","datePublished":"2023-05-16T13:43:08+00:00","dateModified":"2023-05-17T08:57:53+00:00","description":"Lors de l\u2019assembl\u00e9e g\u00e9n\u00e9rale de l\u2019Interprofession de la Cuchaule AOP du 10 mai \u00e0 Romont (FR), Daniel Blanc a fait le point sur les activit\u00e9s 2022.","breadcrumb":{"@id":"https:\/\/swissbaker.ch\/fr\/panissimo-news\/ventes-de-cuchaules-en-hausse\/#breadcrumb"},"inLanguage":"fr-FR","potentialAction":[{"@type":"ReadAction","target":["https:\/\/swissbaker.ch\/fr\/panissimo-news\/ventes-de-cuchaules-en-hausse\/"]}]},{"@type":"ImageObject","inLanguage":"fr-FR","@id":"https:\/\/swissbaker.ch\/fr\/panissimo-news\/ventes-de-cuchaules-en-hausse\/#primaryimage","url":"https:\/\/swissbaker.ch\/wp-content\/uploads\/2023\/05\/10_1_cuchaule.jpg","contentUrl":"https:\/\/swissbaker.ch\/wp-content\/uploads\/2023\/05\/10_1_cuchaule.jpg","width":1200,"height":712},{"@type":"BreadcrumbList","@id":"https:\/\/swissbaker.ch\/fr\/panissimo-news\/ventes-de-cuchaules-en-hausse\/#breadcrumb","itemListElement":[{"@type":"ListItem","position":1,"name":"","item":"https:\/\/swissbaker.ch\/fr\/"},{"@type":"ListItem","position":2,"name":"De la branche","item":"https:\/\/swissbaker.ch\/fr\/panissimo-news\/category\/de-la-branche\/"},{"@type":"ListItem","position":3,"name":"Ventes de cuchaules en hausse"}]},{"@type":"WebSite","@id":"https:\/\/swissbaker.ch\/fr\/#website","url":"https:\/\/swissbaker.ch\/fr\/","name":"SBC","description":"","publisher":{"@id":"https:\/\/swissbaker.ch\/fr\/#organization"},"potentialAction":[{"@type":"SearchAction","target":{"@type":"EntryPoint","urlTemplate":"https:\/\/swissbaker.ch\/fr\/?s={search_term_string}"},"query-input":{"@type":"PropertyValueSpecification","valueRequired":true,"valueName":"search_term_string"}}],"inLanguage":"fr-FR"},{"@type":"Organization","@id":"https:\/\/swissbaker.ch\/fr\/#organization","name":"Schweizerischer B\u00e4cker-Confiseurmeister-Verband","url":"https:\/\/swissbaker.ch\/fr\/","logo":{"@type":"ImageObject","inLanguage":"fr-FR","@id":"https:\/\/swissbaker.ch\/fr\/#\/schema\/logo\/image\/","url":"https:\/\/swissbaker.ch\/wp-content\/uploads\/2022\/04\/sbc-logo-yoast.jpg","contentUrl":"https:\/\/swissbaker.ch\/wp-content\/uploads\/2022\/04\/sbc-logo-yoast.jpg","width":512,"height":512,"caption":"Schweizerischer B\u00e4cker-Confiseurmeister-Verband"},"image":{"@id":"https:\/\/swissbaker.ch\/fr\/#\/schema\/logo\/image\/"},"sameAs":["https:\/\/www.facebook.com\/swissbaker.ch","https:\/\/x.com\/ch_swissbaker"]},{"@type":"Person","@id":"https:\/\/swissbaker.ch\/fr\/#\/schema\/person\/74bd327b08c18ca6042c02ff6f0ed5e2","name":"Simon Nussbaum","image":{"@type":"ImageObject","inLanguage":"fr-FR","@id":"https:\/\/swissbaker.ch\/fr\/#\/schema\/person\/image\/","url":"https:\/\/secure.gravatar.com\/avatar\/df0eced3bb556c806cb760cf503ade1ed1df25b4104d80d6fd28d93a9509aa12?s=96&d=mm&r=g","contentUrl":"https:\/\/secure.gravatar.com\/avatar\/df0eced3bb556c806cb760cf503ade1ed1df25b4104d80d6fd28d93a9509aa12?s=96&d=mm&r=g","caption":"Simon Nussbaum"},"url":"https:\/\/swissbaker.ch\/fr\/panissimo-news\/author\/simon-nussbaum\/"}]}},"_links":{"self":[{"href":"https:\/\/swissbaker.ch\/fr\/wp-json\/wp\/v2\/posts\/61635","targetHints":{"allow":["GET"]}}],"collection":[{"href":"https:\/\/swissbaker.ch\/fr\/wp-json\/wp\/v2\/posts"}],"about":[{"href":"https:\/\/swissbaker.ch\/fr\/wp-json\/wp\/v2\/types\/post"}],"author":[{"embeddable":true,"href":"https:\/\/swissbaker.ch\/fr\/wp-json\/wp\/v2\/users\/5"}],"replies":[{"embeddable":true,"href":"https:\/\/swissbaker.ch\/fr\/wp-json\/wp\/v2\/comments?post=61635"}],"version-history":[{"count":0,"href":"https:\/\/swissbaker.ch\/fr\/wp-json\/wp\/v2\/posts\/61635\/revisions"}],"wp:featuredmedia":[{"embeddable":true,"href":"https:\/\/swissbaker.ch\/fr\/wp-json\/wp\/v2\/media\/61638"}],"wp:attachment":[{"href":"https:\/\/swissbaker.ch\/fr\/wp-json\/wp\/v2\/media?parent=61635"}],"wp:term":[{"taxonomy":"category","embeddable":true,"href":"https:\/\/swissbaker.ch\/fr\/wp-json\/wp\/v2\/categories?post=61635"},{"taxonomy":"post_tag","embeddable":true,"href":"https:\/\/swissbaker.ch\/fr\/wp-json\/wp\/v2\/tags?post=61635"}],"curies":[{"name":"wp","href":"https:\/\/api.w.org\/{rel}","templated":true}]}}