{"id":61491,"date":"2023-05-16T14:39:02","date_gmt":"2023-05-16T12:39:02","guid":{"rendered":"https:\/\/swissbaker.ch\/?p=61491"},"modified":"2023-05-17T08:37:51","modified_gmt":"2023-05-17T06:37:51","slug":"informations-actuelles-sur-la-vente-2022","status":"publish","type":"post","link":"https:\/\/swissbaker.ch\/fr\/panissimo-news\/informations-actuelles-sur-la-vente-2022\/","title":{"rendered":"Informations actuelles sur la vente 2022+"},"content":{"rendered":"\n<p><strong>Les CI du commerce de d\u00e9tail ont bien d\u00e9marr\u00e9, une majorit\u00e9 des apprentis est bien pr\u00e9par\u00e9e et se d\u00e9brouille aussi bien avec les outils num\u00e9riques. Le contr\u00f4le des travaux de pr\u00e9paration par la formatrice ou le formateur est un \u00e9l\u00e9ment important. Cela montre \u00e0 la personne en formation que l&#8217;entreprise s&#8217;int\u00e9resse \u00e0 son travail de pr\u00e9paration et peut l&#8217;appr\u00e9cier en cons\u00e9quence.<\/strong><\/p>\n\n\n\n<p>Au plus tard fin mai, les prochains jours de CI (2<sup>e<\/sup> ann\u00e9e d&#8217;apprentissage) seront mis en ligne. Les formateurs sont tenus d&#8217;inscrire leurs apprentis rapidement.<\/p>\n\n\n\n<h2 class=\"wp-block-heading\" id=\"h-evaluation-dans-l-entreprise\"><strong>Evaluation dans l&#8217;entreprise<\/strong><\/h2>\n\n\n\n<p>Formation du commerce de d\u00e9tail suisse (FCS) organise, en collaboration avec Konvink, des s\u00e9ances d&#8217;information sur le th\u00e8me \u00ab&nbsp;Evaluer en entreprise&nbsp;\u00bb : Comment les formateurs attribuent-ils correctement la note d&#8217;exp\u00e9rience en entreprise ? Comment se d\u00e9roule techniquement l&#8217;attribution des notes ? Comment Konvink vous soutient-il dans cette d\u00e9marche ?<\/p>\n\n\n\n<p>Les manifestations sont organis\u00e9es sous forme de webinaires en ligne et sont gratuites. Il n&#8217;est pas n\u00e9cessaire de s&#8217;inscrire. Cliquez sur la date qui vous convient et vous serez directement reli\u00e9 au webinaire.<\/p>\n\n\n\n<p>L&#8217;activation des liens se fera en temps voulu.<br><a href=\"https:\/\/www.bds-fcs.ch\/fr\/Infocomm-vente\/Seances-de-questions-rponses-vente-1\/fcs-evaluer-en-entreprise\" target=\"_blank\" rel=\"noreferrer noopener\">Dates des s\u00e9ances d&#8217;information \u00ab\u00c9valuer en l&#8217;entreprise\u00bb<\/a><br>Elles ont lieu en mai-juin.<\/p>\n\n\n\n<p>La date limite de d\u00e9p\u00f4t de la note d&#8217;exp\u00e9rience en entreprise est le 15 ao\u00fbt 2023 (pour les 1<sup>\u00e8res<\/sup> ann\u00e9es d&#8217;apprentissage).<\/p>\n\n\n\n<p><strong><em>Important : pour vous info de FCS en annexe<\/em><\/strong><\/p>\n\n\n\n<p><strong>Pour les nouveaux formateurs\/trices*, nous proposons \u00e0 nouveau en \u00e9t\u00e9 un cours d&#8217;une journ\u00e9e de formation continue pour formateurs\/trices de la vente 2022+.<\/strong><\/p>\n\n\n\n<ul class=\"wp-block-list\">\n<li>Lundi 10 juillet 2023 <a href=\"https:\/\/richemont.swiss\/fr\/event\/dossier-de-formation-pour-la-vente-2022-konvink-2\/\" target=\"_blank\" rel=\"noreferrer noopener\">richemont.swiss<\/a>&nbsp;<\/li>\n\n\n\n<li>Lundi 25 septembre 2023 <a href=\"https:\/\/richemont.swiss\/fr\/event\/dossier-de-formation-pour-la-vente-2022-konvink\/\" target=\"_blank\" rel=\"noreferrer noopener\">richemont.swiss<\/a><\/li>\n<\/ul>\n\n\n\n<p>Les personnes qui ne peuvent pas venir ces jours-l\u00e0 s&#8217;annoncent aupr\u00e8s de S\u00e9bastien Knecht <a href=\"mailto:knecht@richemont.swiss\">knecht@richemont.swiss<\/a> , il est \u00e9galement possible de suivre la journ\u00e9e de cours dans le cadre du cours de pour formateur d&#8217;apprenti (approfondissement sp\u00e9cifique pour notre branche).<\/p>\n\n\n\n<h2 class=\"wp-block-heading\" id=\"h-cours-pour-formateurs-et-formatrice-en-entreprise-cffe\"><strong>Cours pour formateurs et formatrice en entreprise CFFE<\/strong><\/h2>\n\n\n\n<p>Il est recommand\u00e9 de le r\u00e9server chez Richemont l&#8217;approfondissement compl\u00e9mentaire \u00e0 la formation de base obligatoire. D\u2019une part le cours est sp\u00e9cifique \u00e0 la branche et, d\u2019autre part, il est subventionn\u00e9 par la Commission paritaire Boulangers-Confiseurs suisses (CPBC).<br><a href=\"https:\/\/richemont.swiss\/fr\/product-category\/responsables-de-la-formation-professionnelle\/\" target=\"_blank\" rel=\"noreferrer noopener\">Responsables de la formation professionnelle &#8211; Boulangers Confiseurs suisse (production et vente)<\/a><\/p>\n\n\n\n<h2 class=\"wp-block-heading\" id=\"h-mandats-de-travail-afp\"><strong>Mandats de travail AFP<\/strong><\/h2>\n\n\n\n<p>Le nombre de mandats pratiques pr\u00e9vus en 2<sup>e<\/sup> ann\u00e9e d&#8217;apprentissage AFP, mais aussi l&#8217;harmonisation des mandats pratiques en cas de passage des apprentis AFP \u00e0 la formation initiale raccourcie de gestionnaire du commerce de d\u00e9tail CFC, ont suscit\u00e9 des questions et des discussions. Pour ces raisons, FCS a soumis les mandats pratiques de la formation initiale d&#8217;assistante et d\u2019assistant du commerce de d\u00e9tail AFP de 2<sup>e<\/sup> ann\u00e9e \u00e0 un examen avec un groupe d&#8217;experts techniques compos\u00e9 de repr\u00e9sentants de la branche et des entreprises.<\/p>\n\n\n\n<p>En annexe, vous trouverez un aper\u00e7u des r\u00e9sultats de cet examen. D&#8217;une part, le contenu de certains mandats pratiques a \u00e9t\u00e9 adapt\u00e9 afin de garantir une meilleure coordination en cas de passage des apprentis AFP \u00e0 la formation initiale raccourcie de gestionnaire du commerce de d\u00e9tail CFC. D&#8217;autre part, le nombre de mandats pratiques en 2<sup>e<\/sup> ann\u00e9e d&#8217;apprentissage AFP a \u00e9t\u00e9 r\u00e9duit de 6, pour un total de 16 mandats pratiques.<\/p>\n\n\n\n<p>Les mandats pratiques de la formation initiale d&#8217;assistante et assistant du commerce de d\u00e9tail AFP pour la 1<sup>\u00e8re<\/sup> ann\u00e9e d&#8217;apprentissage et de la formation initiale de gestionnaire du commerce de d\u00e9tail CFC ne sont pas concern\u00e9s par la r\u00e9vision. Ils restent inchang\u00e9s.<\/p>\n\n\n\n<p>Les mandats pratiques r\u00e9vis\u00e9s peuvent \u00eatre t\u00e9l\u00e9charg\u00e9s dans le cloud de Richemont ou dans le centre de t\u00e9l\u00e9chargement sur le site web de FCS <a href=\"https:\/\/www.bds-fcs.ch\/fr\/Medias-digitaux\/Download-Center?category=53\" target=\"_blank\" rel=\"noreferrer noopener\">Mandats pratiques &#8211; BDS FCS (bds-fcs.ch)<\/a>. De m\u00eame, les mandats pratiques ont \u00e9t\u00e9 mis \u00e0 jour en cons\u00e9quence dans le dossier de formation en ligne dans l&#8217;environnement d&#8217;apprentissage num\u00e9rique Konvink.<\/p>\n\n\n\n<p>Le cloud Richemont avec les documents \u00abVente2022+\u00bb est constamment mis \u00e0 jour et accessible \u00e0 tous les formateurs\/trices*. <a href=\"https:\/\/e-study.ch\/cy\" target=\"_blank\" rel=\"noreferrer noopener\"><strong>https:\/\/e-study.ch\/cy<\/strong><\/a><\/p>\n\n\n\n<h2 class=\"wp-block-heading\">Exigences minimales pour l&#8217;assortiment de produits<\/h2>\n\n\n\n<p>Comme les experts de la proc\u00e9dure de qualification doivent baser leurs connaissances de l&#8217;assortiment sur celui de l&#8217;entreprise, nous enverrons un questionnaire avec la convocation au CIE (2<sup>e<\/sup> ann\u00e9e d&#8217;apprentissage).<\/p>\n\n\n\n<p>Les entreprises devront y indiquer quel est leur domaine obligatoire dans l&#8217;assortiment et quels sont les autres domaines (AFP 1\/CFC 2). Ces d\u00e9clarations seront saisies et seront envoy\u00e9es aux chefs experts (comme jusqu&#8217;\u00e0 pr\u00e9sent avec les indications sur les modules).<\/p>\n\n\n\n<h2 class=\"wp-block-heading\">Commander la documentation d&#8217;apprentissage chez FCS et les supports de cours du FCS<\/h2>\n\n\n\n<p>De la branche pour la branche &#8211; tout d&#8217;une seule source : les apprentis, les entreprises et les \u00e9coles professionnelles disposent, gr\u00e2ce \u00e0 la documentation d&#8217;apprentissage \u00e9lectronique de FCS et aux m\u00e9dias d&#8217;apprentissage de FCS, de toutes les bases n\u00e9cessaires \u00e0 la formation en entreprise et \u00e0 l&#8217;\u00e9cole de mani\u00e8re centralis\u00e9e sur une seule plateforme.<\/p>\n\n\n\n<h2 class=\"wp-block-heading\" id=\"h-supports-d-apprentissage-pour-debut-de-formation-initiale-2023\"><strong>Supports d&#8217;apprentissage pour d\u00e9but de formation initiale 2023<\/strong><\/h2>\n\n\n\n<p>Les supports didactiques du FCS pour les personnes en formation d\u00e9butant en 2023 peuvent \u00eatre command\u00e9s \u00e0 partir du 1<sup>er<\/sup> juin 2023 ( <a href=\"https:\/\/www.bds-fcs.ch\/images\/content\/BDS_Lernmedien_Bestellprozess\/FactsheetBestellprozess_f.pdf\" target=\"_blank\" rel=\"noreferrer noopener\">Processus de commande<\/a> ).<\/p>\n\n\n\n<p>Les supports didactiques du BDS pour les personnes en formation d\u00e9butant en 2023 peuvent \u00eatre command\u00e9s \u00e0 partir du 1<sup>er<\/sup> juin 2023 .&nbsp;Nous vous remercions de votre engagement dans la formation professionnelle initiale, nous sommes \u00e0 votre disposition pour r\u00e9pondre \u00e0 vos questions..<\/p>\n\n\n\n<p class=\"has-text-align-right\"><em>Markus Zimmerli<\/em><\/p>\n","protected":false},"excerpt":{"rendered":"<p>Les CI du commerce de d\u00e9tail ont bien d\u00e9marr\u00e9, une grande majorit\u00e9 des apprentis sont bien pr\u00e9par\u00e9es et se d\u00e9brouilles \u00e9galement bien avec les outils num\u00e9riques. Le contr\u00f4le des travaux de pr\u00e9paration par le formateur ou la formatrice* est un \u00e9l\u00e9ment important. Cela montre \u00e0 la personne en formation que l&#8217;entreprise s&#8217;int\u00e9resse \u00e0 son travail de pr\u00e9paration et peut l&#8217;appr\u00e9cier en cons\u00e9quence.<\/p>\n","protected":false},"author":5,"featured_media":61682,"comment_status":"closed","ping_status":"closed","sticky":false,"template":"","format":"standard","meta":{"_acf_changed":false,"footnotes":""},"categories":[47,50],"tags":[],"class_list":["post-61491","post","type-post","status-publish","format-standard","has-post-thumbnail","hentry","category-formation-releve","category-vente-marketing"],"acf":[],"yoast_head":"<!-- This site is optimized with the Yoast SEO Premium plugin v26.8 (Yoast SEO v26.8) - https:\/\/yoast.com\/product\/yoast-seo-premium-wordpress\/ -->\n<title>Informations actuelles sur la vente 2022+ | SBC<\/title>\n<meta name=\"robots\" content=\"index, follow, max-snippet:-1, max-image-preview:large, max-video-preview:-1\" \/>\n<link rel=\"canonical\" href=\"https:\/\/swissbaker.ch\/fr\/panissimo-news\/informations-actuelles-sur-la-vente-2022\/\" \/>\n<meta property=\"og:locale\" content=\"fr_FR\" \/>\n<meta property=\"og:type\" content=\"article\" \/>\n<meta property=\"og:title\" content=\"Informations actuelles sur la vente 2022+\" \/>\n<meta property=\"og:description\" content=\"Les CI du commerce de d\u00e9tail ont bien d\u00e9marr\u00e9, une grande majorit\u00e9 des apprentis sont bien pr\u00e9par\u00e9es et se d\u00e9brouilles \u00e9galement bien avec les outils num\u00e9riques. Le contr\u00f4le des travaux de pr\u00e9paration par le formateur ou la formatrice* est un \u00e9l\u00e9ment important. Cela montre \u00e0 la personne en formation que l&#039;entreprise s&#039;int\u00e9resse \u00e0 son travail de pr\u00e9paration et peut l&#039;appr\u00e9cier en cons\u00e9quence.\" \/>\n<meta property=\"og:url\" content=\"https:\/\/swissbaker.ch\/fr\/panissimo-news\/informations-actuelles-sur-la-vente-2022\/\" \/>\n<meta property=\"og:site_name\" content=\"SBC\" \/>\n<meta property=\"article:publisher\" content=\"https:\/\/www.facebook.com\/swissbaker.ch\" \/>\n<meta property=\"article:published_time\" content=\"2023-05-16T12:39:02+00:00\" \/>\n<meta property=\"article:modified_time\" content=\"2023-05-17T06:37:51+00:00\" \/>\n<meta property=\"og:image\" content=\"https:\/\/swissbaker.ch\/wp-content\/uploads\/2023\/05\/10_1_verkauf_schulung.jpg\" \/>\n\t<meta property=\"og:image:width\" content=\"1200\" \/>\n\t<meta property=\"og:image:height\" content=\"712\" \/>\n\t<meta property=\"og:image:type\" content=\"image\/jpeg\" \/>\n<meta name=\"author\" content=\"Simon Nussbaum\" \/>\n<meta name=\"twitter:card\" content=\"summary_large_image\" \/>\n<meta name=\"twitter:creator\" content=\"@ch_swissbaker\" \/>\n<meta name=\"twitter:site\" content=\"@ch_swissbaker\" \/>\n<meta name=\"twitter:label1\" content=\"Written by\" \/>\n\t<meta name=\"twitter:data1\" content=\"Simon Nussbaum\" \/>\n\t<meta name=\"twitter:label2\" content=\"Est. reading time\" \/>\n\t<meta name=\"twitter:data2\" content=\"5 minutes\" \/>\n<script type=\"application\/ld+json\" class=\"yoast-schema-graph\">{\"@context\":\"https:\/\/schema.org\",\"@graph\":[{\"@type\":\"Article\",\"@id\":\"https:\/\/swissbaker.ch\/fr\/panissimo-news\/informations-actuelles-sur-la-vente-2022\/#article\",\"isPartOf\":{\"@id\":\"https:\/\/swissbaker.ch\/fr\/panissimo-news\/informations-actuelles-sur-la-vente-2022\/\"},\"author\":{\"name\":\"Simon Nussbaum\",\"@id\":\"https:\/\/swissbaker.ch\/fr\/#\/schema\/person\/74bd327b08c18ca6042c02ff6f0ed5e2\"},\"headline\":\"Informations actuelles sur la vente 2022+\",\"datePublished\":\"2023-05-16T12:39:02+00:00\",\"dateModified\":\"2023-05-17T06:37:51+00:00\",\"mainEntityOfPage\":{\"@id\":\"https:\/\/swissbaker.ch\/fr\/panissimo-news\/informations-actuelles-sur-la-vente-2022\/\"},\"wordCount\":952,\"publisher\":{\"@id\":\"https:\/\/swissbaker.ch\/fr\/#organization\"},\"image\":{\"@id\":\"https:\/\/swissbaker.ch\/fr\/panissimo-news\/informations-actuelles-sur-la-vente-2022\/#primaryimage\"},\"thumbnailUrl\":\"https:\/\/swissbaker.ch\/wp-content\/uploads\/2023\/05\/10_1_verkauf_schulung.jpg\",\"articleSection\":[\"Formation\/Rel\u00e8ve\",\"Vente\/Marketing\"],\"inLanguage\":\"fr-FR\"},{\"@type\":\"WebPage\",\"@id\":\"https:\/\/swissbaker.ch\/fr\/panissimo-news\/informations-actuelles-sur-la-vente-2022\/\",\"url\":\"https:\/\/swissbaker.ch\/fr\/panissimo-news\/informations-actuelles-sur-la-vente-2022\/\",\"name\":\"Informations actuelles sur la vente 2022+ | SBC\",\"isPartOf\":{\"@id\":\"https:\/\/swissbaker.ch\/fr\/#website\"},\"primaryImageOfPage\":{\"@id\":\"https:\/\/swissbaker.ch\/fr\/panissimo-news\/informations-actuelles-sur-la-vente-2022\/#primaryimage\"},\"image\":{\"@id\":\"https:\/\/swissbaker.ch\/fr\/panissimo-news\/informations-actuelles-sur-la-vente-2022\/#primaryimage\"},\"thumbnailUrl\":\"https:\/\/swissbaker.ch\/wp-content\/uploads\/2023\/05\/10_1_verkauf_schulung.jpg\",\"datePublished\":\"2023-05-16T12:39:02+00:00\",\"dateModified\":\"2023-05-17T06:37:51+00:00\",\"breadcrumb\":{\"@id\":\"https:\/\/swissbaker.ch\/fr\/panissimo-news\/informations-actuelles-sur-la-vente-2022\/#breadcrumb\"},\"inLanguage\":\"fr-FR\",\"potentialAction\":[{\"@type\":\"ReadAction\",\"target\":[\"https:\/\/swissbaker.ch\/fr\/panissimo-news\/informations-actuelles-sur-la-vente-2022\/\"]}]},{\"@type\":\"ImageObject\",\"inLanguage\":\"fr-FR\",\"@id\":\"https:\/\/swissbaker.ch\/fr\/panissimo-news\/informations-actuelles-sur-la-vente-2022\/#primaryimage\",\"url\":\"https:\/\/swissbaker.ch\/wp-content\/uploads\/2023\/05\/10_1_verkauf_schulung.jpg\",\"contentUrl\":\"https:\/\/swissbaker.ch\/wp-content\/uploads\/2023\/05\/10_1_verkauf_schulung.jpg\",\"width\":1200,\"height\":712},{\"@type\":\"BreadcrumbList\",\"@id\":\"https:\/\/swissbaker.ch\/fr\/panissimo-news\/informations-actuelles-sur-la-vente-2022\/#breadcrumb\",\"itemListElement\":[{\"@type\":\"ListItem\",\"position\":1,\"name\":\"\",\"item\":\"https:\/\/swissbaker.ch\/fr\/\"},{\"@type\":\"ListItem\",\"position\":2,\"name\":\"Formation\/Rel\u00e8ve\",\"item\":\"https:\/\/swissbaker.ch\/fr\/panissimo-news\/category\/formation-releve\/\"},{\"@type\":\"ListItem\",\"position\":3,\"name\":\"Informations actuelles sur la vente 2022+\"}]},{\"@type\":\"WebSite\",\"@id\":\"https:\/\/swissbaker.ch\/fr\/#website\",\"url\":\"https:\/\/swissbaker.ch\/fr\/\",\"name\":\"SBC\",\"description\":\"\",\"publisher\":{\"@id\":\"https:\/\/swissbaker.ch\/fr\/#organization\"},\"potentialAction\":[{\"@type\":\"SearchAction\",\"target\":{\"@type\":\"EntryPoint\",\"urlTemplate\":\"https:\/\/swissbaker.ch\/fr\/?s={search_term_string}\"},\"query-input\":{\"@type\":\"PropertyValueSpecification\",\"valueRequired\":true,\"valueName\":\"search_term_string\"}}],\"inLanguage\":\"fr-FR\"},{\"@type\":\"Organization\",\"@id\":\"https:\/\/swissbaker.ch\/fr\/#organization\",\"name\":\"Schweizerischer B\u00e4cker-Confiseurmeister-Verband\",\"url\":\"https:\/\/swissbaker.ch\/fr\/\",\"logo\":{\"@type\":\"ImageObject\",\"inLanguage\":\"fr-FR\",\"@id\":\"https:\/\/swissbaker.ch\/fr\/#\/schema\/logo\/image\/\",\"url\":\"https:\/\/swissbaker.ch\/wp-content\/uploads\/2022\/04\/sbc-logo-yoast.jpg\",\"contentUrl\":\"https:\/\/swissbaker.ch\/wp-content\/uploads\/2022\/04\/sbc-logo-yoast.jpg\",\"width\":512,\"height\":512,\"caption\":\"Schweizerischer B\u00e4cker-Confiseurmeister-Verband\"},\"image\":{\"@id\":\"https:\/\/swissbaker.ch\/fr\/#\/schema\/logo\/image\/\"},\"sameAs\":[\"https:\/\/www.facebook.com\/swissbaker.ch\",\"https:\/\/x.com\/ch_swissbaker\"]},{\"@type\":\"Person\",\"@id\":\"https:\/\/swissbaker.ch\/fr\/#\/schema\/person\/74bd327b08c18ca6042c02ff6f0ed5e2\",\"name\":\"Simon Nussbaum\",\"image\":{\"@type\":\"ImageObject\",\"inLanguage\":\"fr-FR\",\"@id\":\"https:\/\/swissbaker.ch\/fr\/#\/schema\/person\/image\/\",\"url\":\"https:\/\/secure.gravatar.com\/avatar\/df0eced3bb556c806cb760cf503ade1ed1df25b4104d80d6fd28d93a9509aa12?s=96&d=mm&r=g\",\"contentUrl\":\"https:\/\/secure.gravatar.com\/avatar\/df0eced3bb556c806cb760cf503ade1ed1df25b4104d80d6fd28d93a9509aa12?s=96&d=mm&r=g\",\"caption\":\"Simon Nussbaum\"},\"url\":\"https:\/\/swissbaker.ch\/fr\/panissimo-news\/author\/simon-nussbaum\/\"}]}<\/script>\n<!-- \/ Yoast SEO Premium plugin. -->","yoast_head_json":{"title":"Informations actuelles sur la vente 2022+ | SBC","robots":{"index":"index","follow":"follow","max-snippet":"max-snippet:-1","max-image-preview":"max-image-preview:large","max-video-preview":"max-video-preview:-1"},"canonical":"https:\/\/swissbaker.ch\/fr\/panissimo-news\/informations-actuelles-sur-la-vente-2022\/","og_locale":"fr_FR","og_type":"article","og_title":"Informations actuelles sur la vente 2022+","og_description":"Les CI du commerce de d\u00e9tail ont bien d\u00e9marr\u00e9, une grande majorit\u00e9 des apprentis sont bien pr\u00e9par\u00e9es et se d\u00e9brouilles \u00e9galement bien avec les outils num\u00e9riques. Le contr\u00f4le des travaux de pr\u00e9paration par le formateur ou la formatrice* est un \u00e9l\u00e9ment important. Cela montre \u00e0 la personne en formation que l'entreprise s'int\u00e9resse \u00e0 son travail de pr\u00e9paration et peut l'appr\u00e9cier en cons\u00e9quence.","og_url":"https:\/\/swissbaker.ch\/fr\/panissimo-news\/informations-actuelles-sur-la-vente-2022\/","og_site_name":"SBC","article_publisher":"https:\/\/www.facebook.com\/swissbaker.ch","article_published_time":"2023-05-16T12:39:02+00:00","article_modified_time":"2023-05-17T06:37:51+00:00","og_image":[{"width":1200,"height":712,"url":"https:\/\/swissbaker.ch\/wp-content\/uploads\/2023\/05\/10_1_verkauf_schulung.jpg","type":"image\/jpeg"}],"author":"Simon Nussbaum","twitter_card":"summary_large_image","twitter_creator":"@ch_swissbaker","twitter_site":"@ch_swissbaker","twitter_misc":{"Written by":"Simon Nussbaum","Est. reading time":"5 minutes"},"schema":{"@context":"https:\/\/schema.org","@graph":[{"@type":"Article","@id":"https:\/\/swissbaker.ch\/fr\/panissimo-news\/informations-actuelles-sur-la-vente-2022\/#article","isPartOf":{"@id":"https:\/\/swissbaker.ch\/fr\/panissimo-news\/informations-actuelles-sur-la-vente-2022\/"},"author":{"name":"Simon Nussbaum","@id":"https:\/\/swissbaker.ch\/fr\/#\/schema\/person\/74bd327b08c18ca6042c02ff6f0ed5e2"},"headline":"Informations actuelles sur la vente 2022+","datePublished":"2023-05-16T12:39:02+00:00","dateModified":"2023-05-17T06:37:51+00:00","mainEntityOfPage":{"@id":"https:\/\/swissbaker.ch\/fr\/panissimo-news\/informations-actuelles-sur-la-vente-2022\/"},"wordCount":952,"publisher":{"@id":"https:\/\/swissbaker.ch\/fr\/#organization"},"image":{"@id":"https:\/\/swissbaker.ch\/fr\/panissimo-news\/informations-actuelles-sur-la-vente-2022\/#primaryimage"},"thumbnailUrl":"https:\/\/swissbaker.ch\/wp-content\/uploads\/2023\/05\/10_1_verkauf_schulung.jpg","articleSection":["Formation\/Rel\u00e8ve","Vente\/Marketing"],"inLanguage":"fr-FR"},{"@type":"WebPage","@id":"https:\/\/swissbaker.ch\/fr\/panissimo-news\/informations-actuelles-sur-la-vente-2022\/","url":"https:\/\/swissbaker.ch\/fr\/panissimo-news\/informations-actuelles-sur-la-vente-2022\/","name":"Informations actuelles sur la vente 2022+ | SBC","isPartOf":{"@id":"https:\/\/swissbaker.ch\/fr\/#website"},"primaryImageOfPage":{"@id":"https:\/\/swissbaker.ch\/fr\/panissimo-news\/informations-actuelles-sur-la-vente-2022\/#primaryimage"},"image":{"@id":"https:\/\/swissbaker.ch\/fr\/panissimo-news\/informations-actuelles-sur-la-vente-2022\/#primaryimage"},"thumbnailUrl":"https:\/\/swissbaker.ch\/wp-content\/uploads\/2023\/05\/10_1_verkauf_schulung.jpg","datePublished":"2023-05-16T12:39:02+00:00","dateModified":"2023-05-17T06:37:51+00:00","breadcrumb":{"@id":"https:\/\/swissbaker.ch\/fr\/panissimo-news\/informations-actuelles-sur-la-vente-2022\/#breadcrumb"},"inLanguage":"fr-FR","potentialAction":[{"@type":"ReadAction","target":["https:\/\/swissbaker.ch\/fr\/panissimo-news\/informations-actuelles-sur-la-vente-2022\/"]}]},{"@type":"ImageObject","inLanguage":"fr-FR","@id":"https:\/\/swissbaker.ch\/fr\/panissimo-news\/informations-actuelles-sur-la-vente-2022\/#primaryimage","url":"https:\/\/swissbaker.ch\/wp-content\/uploads\/2023\/05\/10_1_verkauf_schulung.jpg","contentUrl":"https:\/\/swissbaker.ch\/wp-content\/uploads\/2023\/05\/10_1_verkauf_schulung.jpg","width":1200,"height":712},{"@type":"BreadcrumbList","@id":"https:\/\/swissbaker.ch\/fr\/panissimo-news\/informations-actuelles-sur-la-vente-2022\/#breadcrumb","itemListElement":[{"@type":"ListItem","position":1,"name":"","item":"https:\/\/swissbaker.ch\/fr\/"},{"@type":"ListItem","position":2,"name":"Formation\/Rel\u00e8ve","item":"https:\/\/swissbaker.ch\/fr\/panissimo-news\/category\/formation-releve\/"},{"@type":"ListItem","position":3,"name":"Informations actuelles sur la vente 2022+"}]},{"@type":"WebSite","@id":"https:\/\/swissbaker.ch\/fr\/#website","url":"https:\/\/swissbaker.ch\/fr\/","name":"SBC","description":"","publisher":{"@id":"https:\/\/swissbaker.ch\/fr\/#organization"},"potentialAction":[{"@type":"SearchAction","target":{"@type":"EntryPoint","urlTemplate":"https:\/\/swissbaker.ch\/fr\/?s={search_term_string}"},"query-input":{"@type":"PropertyValueSpecification","valueRequired":true,"valueName":"search_term_string"}}],"inLanguage":"fr-FR"},{"@type":"Organization","@id":"https:\/\/swissbaker.ch\/fr\/#organization","name":"Schweizerischer B\u00e4cker-Confiseurmeister-Verband","url":"https:\/\/swissbaker.ch\/fr\/","logo":{"@type":"ImageObject","inLanguage":"fr-FR","@id":"https:\/\/swissbaker.ch\/fr\/#\/schema\/logo\/image\/","url":"https:\/\/swissbaker.ch\/wp-content\/uploads\/2022\/04\/sbc-logo-yoast.jpg","contentUrl":"https:\/\/swissbaker.ch\/wp-content\/uploads\/2022\/04\/sbc-logo-yoast.jpg","width":512,"height":512,"caption":"Schweizerischer B\u00e4cker-Confiseurmeister-Verband"},"image":{"@id":"https:\/\/swissbaker.ch\/fr\/#\/schema\/logo\/image\/"},"sameAs":["https:\/\/www.facebook.com\/swissbaker.ch","https:\/\/x.com\/ch_swissbaker"]},{"@type":"Person","@id":"https:\/\/swissbaker.ch\/fr\/#\/schema\/person\/74bd327b08c18ca6042c02ff6f0ed5e2","name":"Simon Nussbaum","image":{"@type":"ImageObject","inLanguage":"fr-FR","@id":"https:\/\/swissbaker.ch\/fr\/#\/schema\/person\/image\/","url":"https:\/\/secure.gravatar.com\/avatar\/df0eced3bb556c806cb760cf503ade1ed1df25b4104d80d6fd28d93a9509aa12?s=96&d=mm&r=g","contentUrl":"https:\/\/secure.gravatar.com\/avatar\/df0eced3bb556c806cb760cf503ade1ed1df25b4104d80d6fd28d93a9509aa12?s=96&d=mm&r=g","caption":"Simon Nussbaum"},"url":"https:\/\/swissbaker.ch\/fr\/panissimo-news\/author\/simon-nussbaum\/"}]}},"_links":{"self":[{"href":"https:\/\/swissbaker.ch\/fr\/wp-json\/wp\/v2\/posts\/61491","targetHints":{"allow":["GET"]}}],"collection":[{"href":"https:\/\/swissbaker.ch\/fr\/wp-json\/wp\/v2\/posts"}],"about":[{"href":"https:\/\/swissbaker.ch\/fr\/wp-json\/wp\/v2\/types\/post"}],"author":[{"embeddable":true,"href":"https:\/\/swissbaker.ch\/fr\/wp-json\/wp\/v2\/users\/5"}],"replies":[{"embeddable":true,"href":"https:\/\/swissbaker.ch\/fr\/wp-json\/wp\/v2\/comments?post=61491"}],"version-history":[{"count":0,"href":"https:\/\/swissbaker.ch\/fr\/wp-json\/wp\/v2\/posts\/61491\/revisions"}],"wp:featuredmedia":[{"embeddable":true,"href":"https:\/\/swissbaker.ch\/fr\/wp-json\/wp\/v2\/media\/61682"}],"wp:attachment":[{"href":"https:\/\/swissbaker.ch\/fr\/wp-json\/wp\/v2\/media?parent=61491"}],"wp:term":[{"taxonomy":"category","embeddable":true,"href":"https:\/\/swissbaker.ch\/fr\/wp-json\/wp\/v2\/categories?post=61491"},{"taxonomy":"post_tag","embeddable":true,"href":"https:\/\/swissbaker.ch\/fr\/wp-json\/wp\/v2\/tags?post=61491"}],"curies":[{"name":"wp","href":"https:\/\/api.w.org\/{rel}","templated":true}]}}