{"id":61251,"date":"2023-05-11T08:57:01","date_gmt":"2023-05-11T06:57:01","guid":{"rendered":"https:\/\/swissbaker.ch\/?p=61251"},"modified":"2023-05-15T14:44:06","modified_gmt":"2023-05-15T12:44:06","slug":"ag-des-boulangers-confiseurs-fribourgeois-annonce-de-demission","status":"publish","type":"post","link":"https:\/\/swissbaker.ch\/fr\/panissimo-news\/ag-des-boulangers-confiseurs-fribourgeois-annonce-de-demission\/","title":{"rendered":"AG des boulangers-confiseurs fribourgeois: annonce de d\u00e9mission"},"content":{"rendered":"\n<p><strong>La baisse du nombre d&#8217;apprentis et la situation \u00e9conomique actuelle du secteur ont occup\u00e9 les participants \u00e0 l&#8217;assembl\u00e9e g\u00e9n\u00e9rale des boulangers-confiseurs fribourgeois qui s&#8217;est tenue la semaine derni\u00e8re \u00e0 Le Cr\u00eat. Le pr\u00e9sident Didier Ecoffey a annonc\u00e9 la fin de sa pr\u00e9sidence pour 2024 apr\u00e8s 18 ans de bons et loyaux services.<\/strong><\/p>\n\n\n\n<p>La rel\u00e8ve reste importante, m\u00eame si les lois et les ordonnances compliquent la formation des jeunes, a expliqu\u00e9 le pr\u00e9sident Didier Ecoffey dans son discours de bienvenue \u00e0 l\u2019AG qui s\u2019est tenue \u00e0 Le Cr\u00eat. Ce sont en effet les apprentis et apprenties qui permettent de trouver des professionnels et professionnelles comp\u00e9tents et de futurs entrepreneurs et entrepreneuses. Il a par ailleurs soulign\u00e9 l&#8217;importance de la formation continue des collaborateurs et collaboratrices et de l&#8217;\u00e9cole professionnelle Richemont \u00e0 Yverdon. Le responsable de cette derni\u00e8re, S\u00e9bastien Knecht, a pour sa part mis en avant les g\u00e9n\u00e9reuses r\u00e9ductions de prix accord\u00e9es pour les cours sp\u00e9cialis\u00e9s et les cours de langues.<\/p>\n\n\n\n<figure class=\"wp-block-image size-large\"><img decoding=\"async\" width=\"1024\" height=\"608\" src=\"https:\/\/swissbaker.ch\/wp-content\/uploads\/2023\/05\/9_2_gv_fribourg-1024x608.jpg\" alt=\"\" class=\"wp-image-61248\" srcset=\"https:\/\/swissbaker.ch\/wp-content\/uploads\/2023\/05\/9_2_gv_fribourg-1024x608.jpg 1024w, https:\/\/swissbaker.ch\/wp-content\/uploads\/2023\/05\/9_2_gv_fribourg-768x456.jpg 768w, https:\/\/swissbaker.ch\/wp-content\/uploads\/2023\/05\/9_2_gv_fribourg.jpg 1200w\" sizes=\"(max-width: 1024px) 100vw, 1024px\" \/><figcaption class=\"wp-element-caption\"><em>De gauche \u00e0 droite: .Jean-Fran\u00e7ois Leuenberger, vice-pr\u00e9sident de la BCS, Didier Ecoffey, pr\u00e9sident de l&#8217;association fribourgeoise et de l&#8217;association romande, Marc Fahrni, syndic de la commune de La Verrerie, Nadia Savary, pr\u00e9sidente du Grand Conseil fribourgeois, et Fran\u00e7ois Genoud, pr\u00e9fet de la Veveyse <\/em><\/figcaption><\/figure>\n\n\n\n<p>Didier Ecoffey a \u00e9galement appel\u00e9 les membres \u00e0 respecter les prescriptions de la convention collective de travail (et de la DFO) en vue d\u2019\u00e9viter les mauvaises surprises en cas de contr\u00f4le de la commission paritaire des boulangers-confiseurs (cpbc), cette derni\u00e8re trouvant une ou plusieurs erreurs dans pratiquement chaque entreprise. Il a annonc\u00e9 pour 2024 sa d\u00e9mission de l\u2019association fribourgeoise, qu\u2019il pr\u00e9side depuis 18 ans, et de l&#8217;association romande, qu&#8217;il dirige depuis onze ans.<\/p>\n\n\n\n<h2 class=\"wp-block-heading\" id=\"h-avec-passion\">Avec passion<\/h2>\n\n\n\n<p>La pand\u00e9mie et l&#8217;inflation n\u2019ont pas facilit\u00e9 la t\u00e2che des formateurs et formatrices. \u00abNous continuons n\u00e9anmoins \u00e0 former la rel\u00e8ve avec passion\u00bb, a expliqu\u00e9 Richard Uldry, responsable de la formation professionnelle des boulangers-confiseurs. Dans sa r\u00e9trospective, il a notamment \u00e9voqu\u00e9 la pr\u00e9sentation des travaux des apprentis et apprenties au Salon suisse des go\u00fbts et terroirs \u00e0 Bulle l&#8217;automne dernier, et la PdQ de l&#8217;ann\u00e9e derni\u00e8re: 48 examens CFC et AFP ont \u00e9t\u00e9 organis\u00e9s, quatre candidats ont \u00e9chou\u00e9. En 2023, les examens pratiques ont permis \u00e0 six apprentis et apprenties de passer l&#8217;examen AFP et \u00e0 34 apprentis et apprenties de passer l&#8217;examen CFC. Au total, le canton de Fribourg compte 92 apprentis (110 en 2021), 59 en boulangerie-p\u00e2tisserie, 23 en p\u00e2tisserie-confiserie, 10 en boulangerie-p\u00e2tisserie-confiserie AFP.<\/p>\n\n\n\n<h2 class=\"wp-block-heading\">Nombre d&#8217;apprentis et apprenties sous la barre des 100 pour la premi\u00e8re fois<\/h2>\n\n\n\n<p>Le nombre d&#8217;apprentis et apprenties est pour la premi\u00e8re fois pass\u00e9 sous la barre des 100. Il a baiss\u00e9 de plus de 30 % depuis 2015. \u00abCette situation est tr\u00e8s pr\u00e9occupante\u00bb, a constat\u00e9 M. Uldry, avant d\u2019ajouter: \u00abNous avons la chance de pouvoir exercer un m\u00e9tier merveilleux! Engageons-nous et transmettons cette passion \u00e0 la nouvelle g\u00e9n\u00e9ration!\u00bb<\/p>\n\n\n\n<h2 class=\"wp-block-heading\">Pro Infirmis et Wake up and run<\/h2>\n\n\n\n<p>Reynald Grangier, responsable de la publicit\u00e9, a \u00e9num\u00e9r\u00e9 les diff\u00e9rents \u00e9v\u00e9nements promotionnels organis\u00e9s en 2022, dont la campagne de d\u00e9cembre avec Pro Infirmis et la participation \u00e0 l&#8217;\u00e9v\u00e9nement Wake up and run, \u00e0 l\u2019occasion duquel quelque 9000 petits pains (ballons) ont \u00e9t\u00e9 distribu\u00e9s dans toute la Suisse romande \u2013 seuls 14 membres ayant malheureusement \u00e9t\u00e9 de la partie, \u00e0 son grand regret.<\/p>\n\n\n\n<h2 class=\"wp-block-heading\">Vente: plus de respect et d&#8217;estime<\/h2>\n\n\n\n<p>Margrit Saudan, responsable du commerce de d\u00e9tail, tient \u00e0 ce que \u00abnotre m\u00e9tier soit davantage respect\u00e9 et valoris\u00e9\u00bb, et a annonc\u00e9 qu\u2019il y aurait neuf examens pratiques cette ann\u00e9e. Quelques vendeuses ont par ailleurs \u00e9t\u00e9 consult\u00e9es dans le cadre de Start! \u2013 Forum des m\u00e9tiers.<\/p>\n\n\n\n<h2 class=\"wp-block-heading\">Chevaliers du bon pain<\/h2>\n\n\n\n<p>Les Chevaliers du bon pain fribourgeois comptent actuellement 84 membres, 35 Chevaliers actifs, 18 passifs, 5 Chevaliers d&#8217;honneur, un Compagnon et 25 Compagnons d&#8217;honneur. Le Grand Ma\u00eetre Christian Audergon a donn\u00e9 des nouvelles r\u00e9jouissantes des contr\u00f4les de qualit\u00e9 fribourgeois qui ont eu lieu en f\u00e9vrier et mars de cette ann\u00e9e. Les Chevaliers suivants ont obtenu des \u00e9toiles: cinqui\u00e8me \u00e9toile pour Didier Ecoffey (Romont), Jonin Bertrand (M\u00e9zi\u00e8res) et Marchon &amp; Favre (Cottens), troisi\u00e8me \u00e9toile pour Patrick Boschung (La Tour-de-Tr\u00eame), Nicolas Hauser (Ch\u00e2bles) et Fr\u00e9d\u00e9ric Mettraux (Bulle) et deuxi\u00e8me \u00e9toile pour Cl\u00e9ment Jean-Marc (Ependes). Eric Buchs (Jaun), Burg AG (Rechthalten), C\u00e9dric Audergon (Grolley) et David Grandjean (Romont) se sont vu attribuer le titre de Chevalier du bon pain. L&#8217;intronisation aura lieu le 21 octobre en Veveyse. Les Chevaliers fribourgeois organiseront le 28 juin un cours d&#8217;\u00e9valuation en commun avec les Valaisans.<\/p>\n\n\n\n<p>La seule \u00e9lection ayant eu lieu lors de l&#8217;AG est celle de Simon Spring en tant que r\u00e9viseur suppl\u00e9ant pour les ann\u00e9es 2024 \u00e0 2025. L&#8217;association cantonale fribourgeoise compte 102 membres, 73 actifs, dont deux membres d&#8217;honneur, 29 membres sans entreprise, dont dix membres d&#8217;honneur.<br>Parmi les invit\u00e9s se trouvait \u00e9galement la pr\u00e9sidente du Grand Conseil fribourgeois, Nadia Savary. Plusieurs intervenants se sont montr\u00e9s impressionn\u00e9s par la force et la flamme palpables lors de l&#8217;AG.<\/p>\n\n\n\n<h2 class=\"wp-block-heading\">Certifier les produits r\u00e9gionaux<\/h2>\n\n\n\n<p>Didier Ecoffey et Christian Deillon, pr\u00e9sident de Terroir Fribourg, ont invit\u00e9 les membres \u00e0 faire certifier leurs produits r\u00e9gionaux, en vue de r\u00e9pondre \u00e0 la demande de la client\u00e8le, d&#8217;am\u00e9liorer l&#8217;identification des entreprises et de les diff\u00e9rencier de la concurrence sur le march\u00e9, qui se montre de plus en plus agressive. Terroir Fribourg compte \u00e0 ce jour 72 producteurs pour plus de 800 produits. Marion Chavanne, responsable de la certification, a pr\u00e9sent\u00e9 le label \u00abFribourg &#8211; regio.garantie\u00bb.<\/p>\n\n\n\n<h2 class=\"wp-block-heading\">D\u00e9fendre les int\u00e9r\u00eats de la Suisse romande<\/h2>\n\n\n\n<p>Le vice-pr\u00e9sident de la BCS et pr\u00e9sident de l&#8217;association r\u00e9gionale romande, Jean-Fran\u00e7ois Leuenberger, s&#8217;est r\u00e9joui de sentir que \u00abnotre secteur bouge\u00bb, et a f\u00e9licit\u00e9 et remerci\u00e9 Didier Ecoffey pour son travail et son engagement \u2013 Wilhelm Ohnmacht et lui d\u00e9fendant les int\u00e9r\u00eats de la Suisse romande en tant que repr\u00e9sentants de cette derni\u00e8re au comit\u00e9 central.<\/p>\n\n\n\n<h2 class=\"wp-block-heading\">Entretenir la flamme<\/h2>\n\n\n\n<p>Il sent chez les apprentis et apprenties de l&#8217;\u00e9cole professionnelle \u00abune certaine flamme et une certaine fiert\u00e9\u00bb pour leur m\u00e9tier, a soulign\u00e9 Serge Andrey, responsable de la section bois, alimentation et peintres en b\u00e2timent \u00e0 l&#8217;Ecole professionnelle artisanale et industrielle (EPAI) de Fribourg. Chacun et chacune sait qu&#8217;il ou elle travaille dans une excellente entreprise. Il est important d\u2019entretenir cette flamme, qu\u2019il per\u00e7oit \u00e9galement au sein du comit\u00e9 fribourgeois, qu\u2019il a compliment\u00e9 \u00e0 cet effet, avant de f\u00e9liciter les membres et leur pr\u00e9sident ainsi que Catherine Oberson (secr\u00e9tariat) pour leur collaboration.<br><\/p>\n\n\n\n<h2 class=\"wp-block-heading\">Eloge du pr\u00e9fet<\/h2>\n\n\n\n<p>Fran\u00e7ois Genoud, pr\u00e9fet de la Veveyse, a fait l&#8217;\u00e9loge de l&#8217;apprentissage et de la formation en g\u00e9n\u00e9ral dans notre secteur, et exprim\u00e9 sa reconnaissance aux membres pour le temps et l&#8217;\u00e9nergie consacr\u00e9s \u00e0 la rel\u00e8ve et aux jeunes motiv\u00e9s ainsi qu&#8217;\u00e0 Terroir Fribourg. <\/p>\n\n\n\n<p class=\"has-text-align-right\"><em>Claudia Vernocchi<\/em><\/p>\n","protected":false},"excerpt":{"rendered":"<p>La baisse du nombre d&#8217;apprentis et la situation \u00e9conomique actuelle du secteur ont occup\u00e9 les participants \u00e0 l&#8217;assembl\u00e9e g\u00e9n\u00e9rale des boulangers-confiseurs fribourgeois qui s&#8217;est tenue la semaine derni\u00e8re \u00e0 Le Cr\u00eat. Le pr\u00e9sident Didier Ecoffey a annonc\u00e9 la fin de sa pr\u00e9sidence pour 2024 apr\u00e8s 18 ans de bons et loyaux services.<\/p>\n","protected":false},"author":5,"featured_media":61248,"comment_status":"closed","ping_status":"closed","sticky":true,"template":"","format":"standard","meta":{"_acf_changed":false,"footnotes":""},"categories":[40],"tags":[],"class_list":["post-61251","post","type-post","status-publish","format-standard","has-post-thumbnail","hentry","category-des-cantons"],"acf":[],"yoast_head":"<!-- This site is optimized with the Yoast SEO Premium plugin v26.8 (Yoast SEO v26.8) - https:\/\/yoast.com\/product\/yoast-seo-premium-wordpress\/ -->\n<title>AG des boulangers-confiseurs fribourgeois: annonce de d\u00e9mission | SBC<\/title>\n<meta name=\"description\" content=\"L&#039;assembl\u00e9e g\u00e9n\u00e9rale des boulangers-confiseurs fribourgeois qui s&#039;est tenue la semaine derni\u00e8re \u00e0 Le Cr\u00eat.\" \/>\n<meta name=\"robots\" content=\"index, follow, max-snippet:-1, max-image-preview:large, max-video-preview:-1\" \/>\n<link rel=\"canonical\" href=\"https:\/\/swissbaker.ch\/fr\/panissimo-news\/ag-des-boulangers-confiseurs-fribourgeois-annonce-de-demission\/\" \/>\n<meta property=\"og:locale\" content=\"fr_FR\" \/>\n<meta property=\"og:type\" content=\"article\" \/>\n<meta property=\"og:title\" content=\"AG des boulangers-confiseurs fribourgeois: annonce de d\u00e9mission\" \/>\n<meta property=\"og:description\" content=\"L&#039;assembl\u00e9e g\u00e9n\u00e9rale des boulangers-confiseurs fribourgeois qui s&#039;est tenue la semaine derni\u00e8re \u00e0 Le Cr\u00eat.\" \/>\n<meta property=\"og:url\" content=\"https:\/\/swissbaker.ch\/fr\/panissimo-news\/ag-des-boulangers-confiseurs-fribourgeois-annonce-de-demission\/\" \/>\n<meta property=\"og:site_name\" content=\"SBC\" \/>\n<meta property=\"article:publisher\" content=\"https:\/\/www.facebook.com\/swissbaker.ch\" \/>\n<meta property=\"article:published_time\" content=\"2023-05-11T06:57:01+00:00\" \/>\n<meta property=\"article:modified_time\" content=\"2023-05-15T12:44:06+00:00\" \/>\n<meta property=\"og:image\" content=\"https:\/\/swissbaker.ch\/wp-content\/uploads\/2023\/05\/9_2_gv_fribourg.jpg\" \/>\n\t<meta property=\"og:image:width\" content=\"1200\" \/>\n\t<meta property=\"og:image:height\" content=\"712\" \/>\n\t<meta property=\"og:image:type\" content=\"image\/jpeg\" \/>\n<meta name=\"author\" content=\"Simon Nussbaum\" \/>\n<meta name=\"twitter:card\" content=\"summary_large_image\" \/>\n<meta name=\"twitter:creator\" content=\"@ch_swissbaker\" \/>\n<meta name=\"twitter:site\" content=\"@ch_swissbaker\" \/>\n<meta name=\"twitter:label1\" content=\"Written by\" \/>\n\t<meta name=\"twitter:data1\" content=\"Simon Nussbaum\" \/>\n\t<meta name=\"twitter:label2\" content=\"Est. reading time\" \/>\n\t<meta name=\"twitter:data2\" content=\"6 minutes\" \/>\n<script type=\"application\/ld+json\" class=\"yoast-schema-graph\">{\"@context\":\"https:\/\/schema.org\",\"@graph\":[{\"@type\":\"Article\",\"@id\":\"https:\/\/swissbaker.ch\/fr\/panissimo-news\/ag-des-boulangers-confiseurs-fribourgeois-annonce-de-demission\/#article\",\"isPartOf\":{\"@id\":\"https:\/\/swissbaker.ch\/fr\/panissimo-news\/ag-des-boulangers-confiseurs-fribourgeois-annonce-de-demission\/\"},\"author\":{\"name\":\"Simon Nussbaum\",\"@id\":\"https:\/\/swissbaker.ch\/fr\/#\/schema\/person\/74bd327b08c18ca6042c02ff6f0ed5e2\"},\"headline\":\"AG des boulangers-confiseurs fribourgeois: annonce de d\u00e9mission\",\"datePublished\":\"2023-05-11T06:57:01+00:00\",\"dateModified\":\"2023-05-15T12:44:06+00:00\",\"mainEntityOfPage\":{\"@id\":\"https:\/\/swissbaker.ch\/fr\/panissimo-news\/ag-des-boulangers-confiseurs-fribourgeois-annonce-de-demission\/\"},\"wordCount\":1215,\"publisher\":{\"@id\":\"https:\/\/swissbaker.ch\/fr\/#organization\"},\"image\":{\"@id\":\"https:\/\/swissbaker.ch\/fr\/panissimo-news\/ag-des-boulangers-confiseurs-fribourgeois-annonce-de-demission\/#primaryimage\"},\"thumbnailUrl\":\"https:\/\/swissbaker.ch\/wp-content\/uploads\/2023\/05\/9_2_gv_fribourg.jpg\",\"articleSection\":[\"Des cantons\"],\"inLanguage\":\"fr-FR\"},{\"@type\":\"WebPage\",\"@id\":\"https:\/\/swissbaker.ch\/fr\/panissimo-news\/ag-des-boulangers-confiseurs-fribourgeois-annonce-de-demission\/\",\"url\":\"https:\/\/swissbaker.ch\/fr\/panissimo-news\/ag-des-boulangers-confiseurs-fribourgeois-annonce-de-demission\/\",\"name\":\"AG des boulangers-confiseurs fribourgeois: annonce de d\u00e9mission | SBC\",\"isPartOf\":{\"@id\":\"https:\/\/swissbaker.ch\/fr\/#website\"},\"primaryImageOfPage\":{\"@id\":\"https:\/\/swissbaker.ch\/fr\/panissimo-news\/ag-des-boulangers-confiseurs-fribourgeois-annonce-de-demission\/#primaryimage\"},\"image\":{\"@id\":\"https:\/\/swissbaker.ch\/fr\/panissimo-news\/ag-des-boulangers-confiseurs-fribourgeois-annonce-de-demission\/#primaryimage\"},\"thumbnailUrl\":\"https:\/\/swissbaker.ch\/wp-content\/uploads\/2023\/05\/9_2_gv_fribourg.jpg\",\"datePublished\":\"2023-05-11T06:57:01+00:00\",\"dateModified\":\"2023-05-15T12:44:06+00:00\",\"description\":\"L'assembl\u00e9e g\u00e9n\u00e9rale des boulangers-confiseurs fribourgeois qui s'est tenue la semaine derni\u00e8re \u00e0 Le Cr\u00eat.\",\"breadcrumb\":{\"@id\":\"https:\/\/swissbaker.ch\/fr\/panissimo-news\/ag-des-boulangers-confiseurs-fribourgeois-annonce-de-demission\/#breadcrumb\"},\"inLanguage\":\"fr-FR\",\"potentialAction\":[{\"@type\":\"ReadAction\",\"target\":[\"https:\/\/swissbaker.ch\/fr\/panissimo-news\/ag-des-boulangers-confiseurs-fribourgeois-annonce-de-demission\/\"]}]},{\"@type\":\"ImageObject\",\"inLanguage\":\"fr-FR\",\"@id\":\"https:\/\/swissbaker.ch\/fr\/panissimo-news\/ag-des-boulangers-confiseurs-fribourgeois-annonce-de-demission\/#primaryimage\",\"url\":\"https:\/\/swissbaker.ch\/wp-content\/uploads\/2023\/05\/9_2_gv_fribourg.jpg\",\"contentUrl\":\"https:\/\/swissbaker.ch\/wp-content\/uploads\/2023\/05\/9_2_gv_fribourg.jpg\",\"width\":1200,\"height\":712},{\"@type\":\"BreadcrumbList\",\"@id\":\"https:\/\/swissbaker.ch\/fr\/panissimo-news\/ag-des-boulangers-confiseurs-fribourgeois-annonce-de-demission\/#breadcrumb\",\"itemListElement\":[{\"@type\":\"ListItem\",\"position\":1,\"name\":\"\",\"item\":\"https:\/\/swissbaker.ch\/fr\/\"},{\"@type\":\"ListItem\",\"position\":2,\"name\":\"Des cantons\",\"item\":\"https:\/\/swissbaker.ch\/fr\/panissimo-news\/category\/des-cantons\/\"},{\"@type\":\"ListItem\",\"position\":3,\"name\":\"AG des boulangers-confiseurs fribourgeois: annonce de d\u00e9mission\"}]},{\"@type\":\"WebSite\",\"@id\":\"https:\/\/swissbaker.ch\/fr\/#website\",\"url\":\"https:\/\/swissbaker.ch\/fr\/\",\"name\":\"SBC\",\"description\":\"\",\"publisher\":{\"@id\":\"https:\/\/swissbaker.ch\/fr\/#organization\"},\"potentialAction\":[{\"@type\":\"SearchAction\",\"target\":{\"@type\":\"EntryPoint\",\"urlTemplate\":\"https:\/\/swissbaker.ch\/fr\/?s={search_term_string}\"},\"query-input\":{\"@type\":\"PropertyValueSpecification\",\"valueRequired\":true,\"valueName\":\"search_term_string\"}}],\"inLanguage\":\"fr-FR\"},{\"@type\":\"Organization\",\"@id\":\"https:\/\/swissbaker.ch\/fr\/#organization\",\"name\":\"Schweizerischer B\u00e4cker-Confiseurmeister-Verband\",\"url\":\"https:\/\/swissbaker.ch\/fr\/\",\"logo\":{\"@type\":\"ImageObject\",\"inLanguage\":\"fr-FR\",\"@id\":\"https:\/\/swissbaker.ch\/fr\/#\/schema\/logo\/image\/\",\"url\":\"https:\/\/swissbaker.ch\/wp-content\/uploads\/2022\/04\/sbc-logo-yoast.jpg\",\"contentUrl\":\"https:\/\/swissbaker.ch\/wp-content\/uploads\/2022\/04\/sbc-logo-yoast.jpg\",\"width\":512,\"height\":512,\"caption\":\"Schweizerischer B\u00e4cker-Confiseurmeister-Verband\"},\"image\":{\"@id\":\"https:\/\/swissbaker.ch\/fr\/#\/schema\/logo\/image\/\"},\"sameAs\":[\"https:\/\/www.facebook.com\/swissbaker.ch\",\"https:\/\/x.com\/ch_swissbaker\"]},{\"@type\":\"Person\",\"@id\":\"https:\/\/swissbaker.ch\/fr\/#\/schema\/person\/74bd327b08c18ca6042c02ff6f0ed5e2\",\"name\":\"Simon Nussbaum\",\"image\":{\"@type\":\"ImageObject\",\"inLanguage\":\"fr-FR\",\"@id\":\"https:\/\/swissbaker.ch\/fr\/#\/schema\/person\/image\/\",\"url\":\"https:\/\/secure.gravatar.com\/avatar\/df0eced3bb556c806cb760cf503ade1ed1df25b4104d80d6fd28d93a9509aa12?s=96&d=mm&r=g\",\"contentUrl\":\"https:\/\/secure.gravatar.com\/avatar\/df0eced3bb556c806cb760cf503ade1ed1df25b4104d80d6fd28d93a9509aa12?s=96&d=mm&r=g\",\"caption\":\"Simon Nussbaum\"},\"url\":\"https:\/\/swissbaker.ch\/fr\/panissimo-news\/author\/simon-nussbaum\/\"}]}<\/script>\n<!-- \/ Yoast SEO Premium plugin. -->","yoast_head_json":{"title":"AG des boulangers-confiseurs fribourgeois: annonce de d\u00e9mission | SBC","description":"L'assembl\u00e9e g\u00e9n\u00e9rale des boulangers-confiseurs fribourgeois qui s'est tenue la semaine derni\u00e8re \u00e0 Le Cr\u00eat.","robots":{"index":"index","follow":"follow","max-snippet":"max-snippet:-1","max-image-preview":"max-image-preview:large","max-video-preview":"max-video-preview:-1"},"canonical":"https:\/\/swissbaker.ch\/fr\/panissimo-news\/ag-des-boulangers-confiseurs-fribourgeois-annonce-de-demission\/","og_locale":"fr_FR","og_type":"article","og_title":"AG des boulangers-confiseurs fribourgeois: annonce de d\u00e9mission","og_description":"L'assembl\u00e9e g\u00e9n\u00e9rale des boulangers-confiseurs fribourgeois qui s'est tenue la semaine derni\u00e8re \u00e0 Le Cr\u00eat.","og_url":"https:\/\/swissbaker.ch\/fr\/panissimo-news\/ag-des-boulangers-confiseurs-fribourgeois-annonce-de-demission\/","og_site_name":"SBC","article_publisher":"https:\/\/www.facebook.com\/swissbaker.ch","article_published_time":"2023-05-11T06:57:01+00:00","article_modified_time":"2023-05-15T12:44:06+00:00","og_image":[{"width":1200,"height":712,"url":"https:\/\/swissbaker.ch\/wp-content\/uploads\/2023\/05\/9_2_gv_fribourg.jpg","type":"image\/jpeg"}],"author":"Simon Nussbaum","twitter_card":"summary_large_image","twitter_creator":"@ch_swissbaker","twitter_site":"@ch_swissbaker","twitter_misc":{"Written by":"Simon Nussbaum","Est. reading time":"6 minutes"},"schema":{"@context":"https:\/\/schema.org","@graph":[{"@type":"Article","@id":"https:\/\/swissbaker.ch\/fr\/panissimo-news\/ag-des-boulangers-confiseurs-fribourgeois-annonce-de-demission\/#article","isPartOf":{"@id":"https:\/\/swissbaker.ch\/fr\/panissimo-news\/ag-des-boulangers-confiseurs-fribourgeois-annonce-de-demission\/"},"author":{"name":"Simon Nussbaum","@id":"https:\/\/swissbaker.ch\/fr\/#\/schema\/person\/74bd327b08c18ca6042c02ff6f0ed5e2"},"headline":"AG des boulangers-confiseurs fribourgeois: annonce de d\u00e9mission","datePublished":"2023-05-11T06:57:01+00:00","dateModified":"2023-05-15T12:44:06+00:00","mainEntityOfPage":{"@id":"https:\/\/swissbaker.ch\/fr\/panissimo-news\/ag-des-boulangers-confiseurs-fribourgeois-annonce-de-demission\/"},"wordCount":1215,"publisher":{"@id":"https:\/\/swissbaker.ch\/fr\/#organization"},"image":{"@id":"https:\/\/swissbaker.ch\/fr\/panissimo-news\/ag-des-boulangers-confiseurs-fribourgeois-annonce-de-demission\/#primaryimage"},"thumbnailUrl":"https:\/\/swissbaker.ch\/wp-content\/uploads\/2023\/05\/9_2_gv_fribourg.jpg","articleSection":["Des cantons"],"inLanguage":"fr-FR"},{"@type":"WebPage","@id":"https:\/\/swissbaker.ch\/fr\/panissimo-news\/ag-des-boulangers-confiseurs-fribourgeois-annonce-de-demission\/","url":"https:\/\/swissbaker.ch\/fr\/panissimo-news\/ag-des-boulangers-confiseurs-fribourgeois-annonce-de-demission\/","name":"AG des boulangers-confiseurs fribourgeois: annonce de d\u00e9mission | SBC","isPartOf":{"@id":"https:\/\/swissbaker.ch\/fr\/#website"},"primaryImageOfPage":{"@id":"https:\/\/swissbaker.ch\/fr\/panissimo-news\/ag-des-boulangers-confiseurs-fribourgeois-annonce-de-demission\/#primaryimage"},"image":{"@id":"https:\/\/swissbaker.ch\/fr\/panissimo-news\/ag-des-boulangers-confiseurs-fribourgeois-annonce-de-demission\/#primaryimage"},"thumbnailUrl":"https:\/\/swissbaker.ch\/wp-content\/uploads\/2023\/05\/9_2_gv_fribourg.jpg","datePublished":"2023-05-11T06:57:01+00:00","dateModified":"2023-05-15T12:44:06+00:00","description":"L'assembl\u00e9e g\u00e9n\u00e9rale des boulangers-confiseurs fribourgeois qui s'est tenue la semaine derni\u00e8re \u00e0 Le Cr\u00eat.","breadcrumb":{"@id":"https:\/\/swissbaker.ch\/fr\/panissimo-news\/ag-des-boulangers-confiseurs-fribourgeois-annonce-de-demission\/#breadcrumb"},"inLanguage":"fr-FR","potentialAction":[{"@type":"ReadAction","target":["https:\/\/swissbaker.ch\/fr\/panissimo-news\/ag-des-boulangers-confiseurs-fribourgeois-annonce-de-demission\/"]}]},{"@type":"ImageObject","inLanguage":"fr-FR","@id":"https:\/\/swissbaker.ch\/fr\/panissimo-news\/ag-des-boulangers-confiseurs-fribourgeois-annonce-de-demission\/#primaryimage","url":"https:\/\/swissbaker.ch\/wp-content\/uploads\/2023\/05\/9_2_gv_fribourg.jpg","contentUrl":"https:\/\/swissbaker.ch\/wp-content\/uploads\/2023\/05\/9_2_gv_fribourg.jpg","width":1200,"height":712},{"@type":"BreadcrumbList","@id":"https:\/\/swissbaker.ch\/fr\/panissimo-news\/ag-des-boulangers-confiseurs-fribourgeois-annonce-de-demission\/#breadcrumb","itemListElement":[{"@type":"ListItem","position":1,"name":"","item":"https:\/\/swissbaker.ch\/fr\/"},{"@type":"ListItem","position":2,"name":"Des cantons","item":"https:\/\/swissbaker.ch\/fr\/panissimo-news\/category\/des-cantons\/"},{"@type":"ListItem","position":3,"name":"AG des boulangers-confiseurs fribourgeois: annonce de d\u00e9mission"}]},{"@type":"WebSite","@id":"https:\/\/swissbaker.ch\/fr\/#website","url":"https:\/\/swissbaker.ch\/fr\/","name":"SBC","description":"","publisher":{"@id":"https:\/\/swissbaker.ch\/fr\/#organization"},"potentialAction":[{"@type":"SearchAction","target":{"@type":"EntryPoint","urlTemplate":"https:\/\/swissbaker.ch\/fr\/?s={search_term_string}"},"query-input":{"@type":"PropertyValueSpecification","valueRequired":true,"valueName":"search_term_string"}}],"inLanguage":"fr-FR"},{"@type":"Organization","@id":"https:\/\/swissbaker.ch\/fr\/#organization","name":"Schweizerischer B\u00e4cker-Confiseurmeister-Verband","url":"https:\/\/swissbaker.ch\/fr\/","logo":{"@type":"ImageObject","inLanguage":"fr-FR","@id":"https:\/\/swissbaker.ch\/fr\/#\/schema\/logo\/image\/","url":"https:\/\/swissbaker.ch\/wp-content\/uploads\/2022\/04\/sbc-logo-yoast.jpg","contentUrl":"https:\/\/swissbaker.ch\/wp-content\/uploads\/2022\/04\/sbc-logo-yoast.jpg","width":512,"height":512,"caption":"Schweizerischer B\u00e4cker-Confiseurmeister-Verband"},"image":{"@id":"https:\/\/swissbaker.ch\/fr\/#\/schema\/logo\/image\/"},"sameAs":["https:\/\/www.facebook.com\/swissbaker.ch","https:\/\/x.com\/ch_swissbaker"]},{"@type":"Person","@id":"https:\/\/swissbaker.ch\/fr\/#\/schema\/person\/74bd327b08c18ca6042c02ff6f0ed5e2","name":"Simon Nussbaum","image":{"@type":"ImageObject","inLanguage":"fr-FR","@id":"https:\/\/swissbaker.ch\/fr\/#\/schema\/person\/image\/","url":"https:\/\/secure.gravatar.com\/avatar\/df0eced3bb556c806cb760cf503ade1ed1df25b4104d80d6fd28d93a9509aa12?s=96&d=mm&r=g","contentUrl":"https:\/\/secure.gravatar.com\/avatar\/df0eced3bb556c806cb760cf503ade1ed1df25b4104d80d6fd28d93a9509aa12?s=96&d=mm&r=g","caption":"Simon Nussbaum"},"url":"https:\/\/swissbaker.ch\/fr\/panissimo-news\/author\/simon-nussbaum\/"}]}},"_links":{"self":[{"href":"https:\/\/swissbaker.ch\/fr\/wp-json\/wp\/v2\/posts\/61251","targetHints":{"allow":["GET"]}}],"collection":[{"href":"https:\/\/swissbaker.ch\/fr\/wp-json\/wp\/v2\/posts"}],"about":[{"href":"https:\/\/swissbaker.ch\/fr\/wp-json\/wp\/v2\/types\/post"}],"author":[{"embeddable":true,"href":"https:\/\/swissbaker.ch\/fr\/wp-json\/wp\/v2\/users\/5"}],"replies":[{"embeddable":true,"href":"https:\/\/swissbaker.ch\/fr\/wp-json\/wp\/v2\/comments?post=61251"}],"version-history":[{"count":0,"href":"https:\/\/swissbaker.ch\/fr\/wp-json\/wp\/v2\/posts\/61251\/revisions"}],"wp:featuredmedia":[{"embeddable":true,"href":"https:\/\/swissbaker.ch\/fr\/wp-json\/wp\/v2\/media\/61248"}],"wp:attachment":[{"href":"https:\/\/swissbaker.ch\/fr\/wp-json\/wp\/v2\/media?parent=61251"}],"wp:term":[{"taxonomy":"category","embeddable":true,"href":"https:\/\/swissbaker.ch\/fr\/wp-json\/wp\/v2\/categories?post=61251"},{"taxonomy":"post_tag","embeddable":true,"href":"https:\/\/swissbaker.ch\/fr\/wp-json\/wp\/v2\/tags?post=61251"}],"curies":[{"name":"wp","href":"https:\/\/api.w.org\/{rel}","templated":true}]}}