{"id":60896,"date":"2023-05-04T09:05:29","date_gmt":"2023-05-04T07:05:29","guid":{"rendered":"https:\/\/swissbaker.ch\/?p=60896"},"modified":"2023-05-04T14:41:40","modified_gmt":"2023-05-04T12:41:40","slug":"nouvelle-administratrice-pour-pistor","status":"publish","type":"post","link":"https:\/\/swissbaker.ch\/fr\/panissimo-news\/nouvelle-administratrice-pour-pistor\/","title":{"rendered":"<strong>Nouvelle administratrice pour Pistor<\/strong>"},"content":{"rendered":"\n<p><strong>Katharina Barmettler-Sutter, directrice de la boulangerie Sutter AG dont le si\u00e8ge principal est \u00e0 M\u00fcnchenstein (BL), a \u00e9t\u00e9 \u00e9lue au conseil d&#8217;administration lors de la 107<sup>e<\/sup> assembl\u00e9e g\u00e9n\u00e9rale ordinaire de Pistor Holding Genossenschaft qui s&#8217;est tenue hier mercredi \u00e0 Sursee. Elle succ\u00e8de \u00e0 Manuela Roost M\u00fcller (boulangerie M\u00fcller \u00e0 Schaffhouse)<\/strong><strong>. Outre un r\u00e9sultat record, le CEO Patrick Lobsiger a pr\u00e9sent\u00e9 quelques projets d&#8217;avenir lors de l&#8217;AG: \u00abPistor est une success story.\u00bb<\/strong><\/p>\n\n\n\n<p>En la personne de Katharina Barmettler-Sutter, une candidate comp\u00e9tente et exp\u00e9riment\u00e9e, et surtout issue de la grande boulangerie a pu \u00eatre propos\u00e9e pour le conseil d&#8217;administration de Pistor, s&#8217;est r\u00e9joui le pr\u00e9sident du conseil d&#8217;administration Daniel Eichenberger lors de l&#8217;assembl\u00e9e g\u00e9n\u00e9rale de Pistor Holding Genossenschaft. Les soci\u00e9taires ont suivi la recommandation de vote et accord\u00e9 \u00e0 l&#8217;unanimit\u00e9 leur confiance \u00e0 la nouvelle administratrice, tout comme aux membres actuels se pr\u00e9sentant \u00e0 la r\u00e9\u00e9lection: le pr\u00e9sident Daniel Eichenberger, le vice-pr\u00e9sident Anton Froschauer, Antonia Signer et Marco Berwert ont ainsi \u00e9t\u00e9 r\u00e9\u00e9lus. Le conseil d&#8217;administration est compl\u00e9t\u00e9 par David Koller, G\u00e9rald Saudan et Nicolas Taillens. <\/p>\n\n\n<div class=\"wp-block-image\">\n<figure class=\"aligncenter size-large is-resized\"><img decoding=\"async\" src=\"https:\/\/swissbaker.ch\/wp-content\/uploads\/2023\/05\/pistor_gv_2023_roost_barmettler-sutter_cv2-2-1024x768.jpg\" alt=\"\" class=\"wp-image-60850\" width=\"556\" height=\"417\" srcset=\"https:\/\/swissbaker.ch\/wp-content\/uploads\/2023\/05\/pistor_gv_2023_roost_barmettler-sutter_cv2-2-1024x768.jpg 1024w, https:\/\/swissbaker.ch\/wp-content\/uploads\/2023\/05\/pistor_gv_2023_roost_barmettler-sutter_cv2-2-768x576.jpg 768w, https:\/\/swissbaker.ch\/wp-content\/uploads\/2023\/05\/pistor_gv_2023_roost_barmettler-sutter_cv2-2-1536x1152.jpg 1536w, https:\/\/swissbaker.ch\/wp-content\/uploads\/2023\/05\/pistor_gv_2023_roost_barmettler-sutter_cv2-2-scaled.jpg 2048w, https:\/\/swissbaker.ch\/wp-content\/uploads\/2023\/05\/pistor_gv_2023_roost_barmettler-sutter_cv2-2-1000x750.jpg 1000w\" sizes=\"(max-width: 556px) 100vw, 556px\" \/><figcaption class=\"wp-element-caption\"><em>Manuela Roost M\u00fcller (\u00e0 gauche), qui quitte le conseil d&#8217;administration, et sa successeure Katharina Barmettler-Sutter<\/em><\/figcaption><\/figure>\n<\/div>\n\n\n<p>Dans son bref discours, Katharina Barmettler-Sutter a soulign\u00e9 qu&#8217;elle avait pour ainsi dire grandi avec Pistor. Elle a v\u00e9cu l&#8217;\u00e9volution de l&#8217;entreprise et se r\u00e9jouit de pouvoir fa\u00e7onner Pistor \u00e0 un autre niveau. Manuela Roost M\u00fcller (Schaffhouse) a \u00e9t\u00e9 membre du conseil d&#8217;administration et pr\u00e9sidente de Proback pendant dix ans. Elle a remerci\u00e9 l\u2019assembl\u00e9e pour \u00abces ann\u00e9es extraordinaires, intenses, enrichissantes et bien remplies\u00bb.<br><\/p>\n\n\n\n<h2 class=\"wp-block-heading\" id=\"h-la-boulangerie-confiserie-reste-un-pilier-important\">La boulangerie-confiserie reste un pilier important<\/h2>\n\n\n\n<p>Comme beaucoup d&#8217;autres entreprises, Pistor a d\u00fb naviguer dans des eaux tumultueuses, et su \u00e9viter les \u00e9cueils, a d\u00e9clar\u00e9 Daniel Eichenberger en revenant sur l&#8217;ann\u00e9e \u00e9coul\u00e9e. Avec un chiffre d&#8217;affaires de pr\u00e8s de 725 millions, l\u2019entreprise a m\u00eame enregistr\u00e9 un nouveau record. Cela a notamment \u00e9t\u00e9 possible gr\u00e2ce \u00e0 sa large assise, Pistor approvisionnant non seulement les boulangeries et les confiseries, mais aussi la restauration et les \u00e9tablissements de sant\u00e9. Cette large assise lui conf\u00e8re stabilit\u00e9 et r\u00e9sistance. \u00abEn tant que coop\u00e9rative, nous investissons cet argent dans l&#8217;avenir, l&#8217;infrastructure, la num\u00e9risation, le d\u00e9veloppement durable et le personnel\u00bb, a relev\u00e9 le confiseur bernois. Il a soulign\u00e9 le fort soutien de Pistor au secteur: 100 millions de francs ont \u00e9t\u00e9 revers\u00e9s au cours des cinq derni\u00e8res ann\u00e9es, le montant allou\u00e9 s\u2019\u00e9tant \u00e9lev\u00e9 \u00e0 25 millions de francs rien qu&#8217;en 2022. \u00abNous nous consid\u00e9rons comme un rocher dans la temp\u00eate\u00bb, a-t-il lanc\u00e9 en conclusion. Lors de l&#8217;AG, tous les orateurs ont assur\u00e9 que le secteur de la boulangerie-confiserie continuerait de repr\u00e9senter \u00e0 l&#8217;avenir un \u00e9l\u00e9ment fondamental de la strat\u00e9gie de Pistor.<\/p>\n\n\n\n<h2 class=\"wp-block-heading\">Assortiment \u00e9tendu \u00e0 27\u2019000 articles<\/h2>\n\n\n\n<p>Lors de l&#8217;AG, Patrick Lobsiger est revenu sur sa premi\u00e8re ann\u00e9e en tant que CEO. Pistor est selon lui une entreprise tr\u00e8s solide ne pr\u00e9sentant que peu de d\u00e9ficiences. Il va n\u00e9anmoins falloir relever quelques d\u00e9fis et poursuivre le d\u00e9veloppement en fonction de la client\u00e8le. La migration de Mercanto, les importants projets d&#8217;infrastructure et la progression de la num\u00e9risation sont trois des th\u00e8mes strat\u00e9giques lanc\u00e9s qu&#8217;il a cit\u00e9s. Selon Lobsiger, l&#8217;ann\u00e9e a \u00e9t\u00e9 \u00e9prouvante, mais fructueuse. \u00abNous avons su saisir notre chance dans cet environnement de march\u00e9 dynamique.\u00bb 600 nouveaux clients ont pu \u00eatre acquis, l\u2019assortiment a \u00e9t\u00e9 \u00e9tendu \u00e0 27\u2019000 articles et la fiabilit\u00e9 des livraisons a \u00e9t\u00e9 am\u00e9lior\u00e9e. Ces chiffres exceptionnellement bons ont \u00e9t\u00e9 obtenus gr\u00e2ce \u00e0 une discipline cons\u00e9quente en mati\u00e8re de co\u00fbts, \u00e0 la reprise post-coronavirus et \u00e0 la collaboration de l&#8217;\u00e9quipe Pistor.<\/p>\n\n\n<div class=\"wp-block-image\">\n<figure class=\"aligncenter size-large is-resized\"><img decoding=\"async\" src=\"https:\/\/swissbaker.ch\/wp-content\/uploads\/2023\/05\/pistor_gv_2023_6021-1-1024x683.jpg\" alt=\"\" class=\"wp-image-60856\" width=\"581\" height=\"387\" srcset=\"https:\/\/swissbaker.ch\/wp-content\/uploads\/2023\/05\/pistor_gv_2023_6021-1-1024x683.jpg 1024w, https:\/\/swissbaker.ch\/wp-content\/uploads\/2023\/05\/pistor_gv_2023_6021-1-768x512.jpg 768w, https:\/\/swissbaker.ch\/wp-content\/uploads\/2023\/05\/pistor_gv_2023_6021-1-1536x1024.jpg 1536w, https:\/\/swissbaker.ch\/wp-content\/uploads\/2023\/05\/pistor_gv_2023_6021-1-scaled.jpg 2048w\" sizes=\"(max-width: 581px) 100vw, 581px\" \/><figcaption class=\"wp-element-caption\"><em>Le pr\u00e9sident du conseil d&#8217;administration Daniel Eichenberger (\u00e0 gauche) et le CEO Patrick Lobsiger (\u00e0 droite) ont pu pr\u00e9senter un r\u00e9sultat record.<\/em><\/figcaption><\/figure>\n<\/div>\n\n\n<p>L&#8217;ann\u00e9e derni\u00e8re, l&#8217;organisation de Pistor a \u00e9t\u00e9 \u00e0 la fois fortement mise \u00e0 contribution et augment\u00e9e de pr\u00e8s de 20 %, a expliqu\u00e9 Patrick Lobsiger. Les ressources ont \u00e9t\u00e9 sollicit\u00e9es au-del\u00e0 de la moyenne. Il s&#8217;agit maintenant d&#8217;assurer une stabilit\u00e9 \u00e0 long terme. Pour cela, il va falloir d\u00e9velopper les services, \u00e9tendre l&#8217;infrastructure physique et num\u00e9rique et investir dans les collaborateurs et collaboratrices au cours des prochaines ann\u00e9es. Lobsiger a relev\u00e9 l&#8217;importance du d\u00e9veloppement durable en mati\u00e8re d&#8217;\u00e9cologie, d&#8217;\u00e9conomie et de soci\u00e9t\u00e9.<\/p>\n\n\n\n<h2 class=\"wp-block-heading\">Attentes d\u00e9pass\u00e9es<\/h2>\n\n\n\n<p>Les attentes ont \u00e9t\u00e9 d\u00e9pass\u00e9es au cours de l&#8217;exercice \u00e9coul\u00e9, a soulign\u00e9 le CFO Peter Steinmann. Le chiffre d&#8217;affaires de Pistor Holding Genossenschaft \u2013 qui comprend Pistor AG, Fairtrade SA et Proback AG \u2013 a augment\u00e9 de 113,5 millions de francs pour atteindre 744,7 millions de francs. \u00abEn hausse de 12 %, la valeur d\u2019avant la pand\u00e9mie a ainsi \u00e9t\u00e9 largement d\u00e9pass\u00e9e. Le b\u00e9n\u00e9fice annuel s&#8217;\u00e9l\u00e8ve \u00e0 16 millions de francs, et a pratiquement doubl\u00e9 par rapport \u00e0 l&#8217;ann\u00e9e pr\u00e9c\u00e9dente.<\/p>\n\n\n\n<p>Pistor AG a r\u00e9alis\u00e9 un chiffre d\u2019affaires record de 725,7 millions de francs, en hausse de 18,2 % par rapport \u00e0 l\u2019exercice pr\u00e9c\u00e9dent. Ce succ\u00e8s s\u2019explique principalement par la croissance organique des trois p\u00f4les d\u2019activit\u00e9, \u00e0 savoir la boulangerie-confiserie, la gastronomie et les \u00e9tablissements de sant\u00e9, selon Steinmann. Le segment des boulangeries-confiseries a progress\u00e9 de 20 millions de francs, soit 6 %, et celui de la restauration de 36 % (92 millions de francs) pour atteindre 348 millions de francs. Dans le segment \u00abcare\u00bb, le chiffre d&#8217;affaires s&#8217;\u00e9l\u00e8ve \u00e0 11 millions de francs. Le b\u00e9n\u00e9fice annuel de Pistor AG s&#8217;\u00e9l\u00e8ve \u00e0 23 millions de francs. \u00abPistor a surv\u00e9cu \u00e0 la pand\u00e9mie\u00bb, a constat\u00e9 Peter Steinmann en guise de conclusion. <br>Proback AG a connu une ann\u00e9e intense, avec 170 mandats de conseil. La contribution de Pistor \u00e0 Proback s&#8217;est \u00e9lev\u00e9e \u00e0 649&#8217;000 francs. <\/p>\n\n\n\n<p>Le pr\u00e9sident de la BCS, Silvan Hotz, a f\u00e9licit\u00e9 Pistor pour ce r\u00e9sultat record et a soulign\u00e9 sa proximit\u00e9 avec le secteur. <\/p>\n\n\n\n<p><a href=\"https:\/\/swissbaker.ch\/fr\/panissimo-news\/chiffre-daffaires-record-pour-pistor\/\" target=\"_blank\" rel=\"noreferrer noopener\"><strong>Article \u00abChiffre d\u2019affaires record pour Pistor\u00bb&#8230;\u00bb<\/strong><\/a><\/p>\n\n\n\n<p class=\"has-text-align-right\"><em>Claudia Vernocchi<\/em><\/p>\n","protected":false},"excerpt":{"rendered":"<p>Katharina Barmettler-Sutter, directrice de la boulangerie Sutter AG dont le si\u00e8ge principal est \u00e0 M\u00fcnchenstein (BL), a \u00e9t\u00e9 \u00e9lue au conseil d&#8217;administration lors de la 107e assembl\u00e9e g\u00e9n\u00e9rale ordinaire de Pistor Holding Genossenschaft qui s&#8217;est tenue hier mercredi \u00e0 Sursee. Elle succ\u00e8de \u00e0 Manuela Roost M\u00fcller (boulangerie M\u00fcller \u00e0 Schaffhouse). Outre un r\u00e9sultat record, le CEO Patrick Lobsiger a pr\u00e9sent\u00e9 [&hellip;]<\/p>\n","protected":false},"author":5,"featured_media":60812,"comment_status":"closed","ping_status":"closed","sticky":true,"template":"","format":"standard","meta":{"_acf_changed":false,"footnotes":""},"categories":[39],"tags":[],"class_list":["post-60896","post","type-post","status-publish","format-standard","has-post-thumbnail","hentry","category-de-la-branche"],"acf":[],"yoast_head":"<!-- This site is optimized with the Yoast SEO Premium plugin v26.8 (Yoast SEO v26.8) - https:\/\/yoast.com\/product\/yoast-seo-premium-wordpress\/ -->\n<title>Nouvelle administratrice pour Pistor | SBC<\/title>\n<meta name=\"robots\" content=\"index, follow, max-snippet:-1, max-image-preview:large, max-video-preview:-1\" \/>\n<link rel=\"canonical\" href=\"https:\/\/swissbaker.ch\/fr\/panissimo-news\/nouvelle-administratrice-pour-pistor\/\" \/>\n<meta property=\"og:locale\" content=\"fr_FR\" \/>\n<meta property=\"og:type\" content=\"article\" \/>\n<meta property=\"og:title\" content=\"Nouvelle administratrice pour Pistor\" \/>\n<meta property=\"og:description\" content=\"Katharina Barmettler-Sutter, directrice de la boulangerie Sutter AG dont le si\u00e8ge principal est \u00e0 M\u00fcnchenstein (BL), a \u00e9t\u00e9 \u00e9lue au conseil d&#8217;administration lors de la 107e assembl\u00e9e g\u00e9n\u00e9rale ordinaire de Pistor Holding Genossenschaft qui s&#8217;est tenue hier mercredi \u00e0 Sursee. Elle succ\u00e8de \u00e0 Manuela Roost M\u00fcller (boulangerie M\u00fcller \u00e0 Schaffhouse). Outre un r\u00e9sultat record, le CEO Patrick Lobsiger a pr\u00e9sent\u00e9 [&hellip;]\" \/>\n<meta property=\"og:url\" content=\"https:\/\/swissbaker.ch\/fr\/panissimo-news\/nouvelle-administratrice-pour-pistor\/\" \/>\n<meta property=\"og:site_name\" content=\"SBC\" \/>\n<meta property=\"article:publisher\" content=\"https:\/\/www.facebook.com\/swissbaker.ch\" \/>\n<meta property=\"article:published_time\" content=\"2023-05-04T07:05:29+00:00\" \/>\n<meta property=\"article:modified_time\" content=\"2023-05-04T12:41:40+00:00\" \/>\n<meta property=\"og:image\" content=\"https:\/\/swissbaker.ch\/wp-content\/uploads\/2023\/05\/9_1_pistor_sutter-barmettler.jpg\" \/>\n\t<meta property=\"og:image:width\" content=\"1200\" \/>\n\t<meta property=\"og:image:height\" content=\"712\" \/>\n\t<meta property=\"og:image:type\" content=\"image\/jpeg\" \/>\n<meta name=\"author\" content=\"Simon Nussbaum\" \/>\n<meta name=\"twitter:card\" content=\"summary_large_image\" \/>\n<meta name=\"twitter:creator\" content=\"@ch_swissbaker\" \/>\n<meta name=\"twitter:site\" content=\"@ch_swissbaker\" \/>\n<meta name=\"twitter:label1\" content=\"Written by\" \/>\n\t<meta name=\"twitter:data1\" content=\"Simon Nussbaum\" \/>\n\t<meta name=\"twitter:label2\" content=\"Est. reading time\" \/>\n\t<meta name=\"twitter:data2\" content=\"6 minutes\" \/>\n<script type=\"application\/ld+json\" class=\"yoast-schema-graph\">{\"@context\":\"https:\/\/schema.org\",\"@graph\":[{\"@type\":\"Article\",\"@id\":\"https:\/\/swissbaker.ch\/fr\/panissimo-news\/nouvelle-administratrice-pour-pistor\/#article\",\"isPartOf\":{\"@id\":\"https:\/\/swissbaker.ch\/fr\/panissimo-news\/nouvelle-administratrice-pour-pistor\/\"},\"author\":{\"name\":\"Simon Nussbaum\",\"@id\":\"https:\/\/swissbaker.ch\/fr\/#\/schema\/person\/74bd327b08c18ca6042c02ff6f0ed5e2\"},\"headline\":\"Nouvelle administratrice pour Pistor\",\"datePublished\":\"2023-05-04T07:05:29+00:00\",\"dateModified\":\"2023-05-04T12:41:40+00:00\",\"mainEntityOfPage\":{\"@id\":\"https:\/\/swissbaker.ch\/fr\/panissimo-news\/nouvelle-administratrice-pour-pistor\/\"},\"wordCount\":1052,\"publisher\":{\"@id\":\"https:\/\/swissbaker.ch\/fr\/#organization\"},\"image\":{\"@id\":\"https:\/\/swissbaker.ch\/fr\/panissimo-news\/nouvelle-administratrice-pour-pistor\/#primaryimage\"},\"thumbnailUrl\":\"https:\/\/swissbaker.ch\/wp-content\/uploads\/2023\/05\/9_1_pistor_sutter-barmettler.jpg\",\"articleSection\":[\"De la branche\"],\"inLanguage\":\"fr-FR\"},{\"@type\":\"WebPage\",\"@id\":\"https:\/\/swissbaker.ch\/fr\/panissimo-news\/nouvelle-administratrice-pour-pistor\/\",\"url\":\"https:\/\/swissbaker.ch\/fr\/panissimo-news\/nouvelle-administratrice-pour-pistor\/\",\"name\":\"Nouvelle administratrice pour Pistor | SBC\",\"isPartOf\":{\"@id\":\"https:\/\/swissbaker.ch\/fr\/#website\"},\"primaryImageOfPage\":{\"@id\":\"https:\/\/swissbaker.ch\/fr\/panissimo-news\/nouvelle-administratrice-pour-pistor\/#primaryimage\"},\"image\":{\"@id\":\"https:\/\/swissbaker.ch\/fr\/panissimo-news\/nouvelle-administratrice-pour-pistor\/#primaryimage\"},\"thumbnailUrl\":\"https:\/\/swissbaker.ch\/wp-content\/uploads\/2023\/05\/9_1_pistor_sutter-barmettler.jpg\",\"datePublished\":\"2023-05-04T07:05:29+00:00\",\"dateModified\":\"2023-05-04T12:41:40+00:00\",\"breadcrumb\":{\"@id\":\"https:\/\/swissbaker.ch\/fr\/panissimo-news\/nouvelle-administratrice-pour-pistor\/#breadcrumb\"},\"inLanguage\":\"fr-FR\",\"potentialAction\":[{\"@type\":\"ReadAction\",\"target\":[\"https:\/\/swissbaker.ch\/fr\/panissimo-news\/nouvelle-administratrice-pour-pistor\/\"]}]},{\"@type\":\"ImageObject\",\"inLanguage\":\"fr-FR\",\"@id\":\"https:\/\/swissbaker.ch\/fr\/panissimo-news\/nouvelle-administratrice-pour-pistor\/#primaryimage\",\"url\":\"https:\/\/swissbaker.ch\/wp-content\/uploads\/2023\/05\/9_1_pistor_sutter-barmettler.jpg\",\"contentUrl\":\"https:\/\/swissbaker.ch\/wp-content\/uploads\/2023\/05\/9_1_pistor_sutter-barmettler.jpg\",\"width\":1200,\"height\":712},{\"@type\":\"BreadcrumbList\",\"@id\":\"https:\/\/swissbaker.ch\/fr\/panissimo-news\/nouvelle-administratrice-pour-pistor\/#breadcrumb\",\"itemListElement\":[{\"@type\":\"ListItem\",\"position\":1,\"name\":\"\",\"item\":\"https:\/\/swissbaker.ch\/fr\/\"},{\"@type\":\"ListItem\",\"position\":2,\"name\":\"De la branche\",\"item\":\"https:\/\/swissbaker.ch\/fr\/panissimo-news\/category\/de-la-branche\/\"},{\"@type\":\"ListItem\",\"position\":3,\"name\":\"Nouvelle administratrice pour Pistor\"}]},{\"@type\":\"WebSite\",\"@id\":\"https:\/\/swissbaker.ch\/fr\/#website\",\"url\":\"https:\/\/swissbaker.ch\/fr\/\",\"name\":\"SBC\",\"description\":\"\",\"publisher\":{\"@id\":\"https:\/\/swissbaker.ch\/fr\/#organization\"},\"potentialAction\":[{\"@type\":\"SearchAction\",\"target\":{\"@type\":\"EntryPoint\",\"urlTemplate\":\"https:\/\/swissbaker.ch\/fr\/?s={search_term_string}\"},\"query-input\":{\"@type\":\"PropertyValueSpecification\",\"valueRequired\":true,\"valueName\":\"search_term_string\"}}],\"inLanguage\":\"fr-FR\"},{\"@type\":\"Organization\",\"@id\":\"https:\/\/swissbaker.ch\/fr\/#organization\",\"name\":\"Schweizerischer B\u00e4cker-Confiseurmeister-Verband\",\"url\":\"https:\/\/swissbaker.ch\/fr\/\",\"logo\":{\"@type\":\"ImageObject\",\"inLanguage\":\"fr-FR\",\"@id\":\"https:\/\/swissbaker.ch\/fr\/#\/schema\/logo\/image\/\",\"url\":\"https:\/\/swissbaker.ch\/wp-content\/uploads\/2022\/04\/sbc-logo-yoast.jpg\",\"contentUrl\":\"https:\/\/swissbaker.ch\/wp-content\/uploads\/2022\/04\/sbc-logo-yoast.jpg\",\"width\":512,\"height\":512,\"caption\":\"Schweizerischer B\u00e4cker-Confiseurmeister-Verband\"},\"image\":{\"@id\":\"https:\/\/swissbaker.ch\/fr\/#\/schema\/logo\/image\/\"},\"sameAs\":[\"https:\/\/www.facebook.com\/swissbaker.ch\",\"https:\/\/x.com\/ch_swissbaker\"]},{\"@type\":\"Person\",\"@id\":\"https:\/\/swissbaker.ch\/fr\/#\/schema\/person\/74bd327b08c18ca6042c02ff6f0ed5e2\",\"name\":\"Simon Nussbaum\",\"image\":{\"@type\":\"ImageObject\",\"inLanguage\":\"fr-FR\",\"@id\":\"https:\/\/swissbaker.ch\/fr\/#\/schema\/person\/image\/\",\"url\":\"https:\/\/secure.gravatar.com\/avatar\/df0eced3bb556c806cb760cf503ade1ed1df25b4104d80d6fd28d93a9509aa12?s=96&d=mm&r=g\",\"contentUrl\":\"https:\/\/secure.gravatar.com\/avatar\/df0eced3bb556c806cb760cf503ade1ed1df25b4104d80d6fd28d93a9509aa12?s=96&d=mm&r=g\",\"caption\":\"Simon Nussbaum\"},\"url\":\"https:\/\/swissbaker.ch\/fr\/panissimo-news\/author\/simon-nussbaum\/\"}]}<\/script>\n<!-- \/ Yoast SEO Premium plugin. -->","yoast_head_json":{"title":"Nouvelle administratrice pour Pistor | SBC","robots":{"index":"index","follow":"follow","max-snippet":"max-snippet:-1","max-image-preview":"max-image-preview:large","max-video-preview":"max-video-preview:-1"},"canonical":"https:\/\/swissbaker.ch\/fr\/panissimo-news\/nouvelle-administratrice-pour-pistor\/","og_locale":"fr_FR","og_type":"article","og_title":"Nouvelle administratrice pour Pistor","og_description":"Katharina Barmettler-Sutter, directrice de la boulangerie Sutter AG dont le si\u00e8ge principal est \u00e0 M\u00fcnchenstein (BL), a \u00e9t\u00e9 \u00e9lue au conseil d&#8217;administration lors de la 107e assembl\u00e9e g\u00e9n\u00e9rale ordinaire de Pistor Holding Genossenschaft qui s&#8217;est tenue hier mercredi \u00e0 Sursee. Elle succ\u00e8de \u00e0 Manuela Roost M\u00fcller (boulangerie M\u00fcller \u00e0 Schaffhouse). Outre un r\u00e9sultat record, le CEO Patrick Lobsiger a pr\u00e9sent\u00e9 [&hellip;]","og_url":"https:\/\/swissbaker.ch\/fr\/panissimo-news\/nouvelle-administratrice-pour-pistor\/","og_site_name":"SBC","article_publisher":"https:\/\/www.facebook.com\/swissbaker.ch","article_published_time":"2023-05-04T07:05:29+00:00","article_modified_time":"2023-05-04T12:41:40+00:00","og_image":[{"width":1200,"height":712,"url":"https:\/\/swissbaker.ch\/wp-content\/uploads\/2023\/05\/9_1_pistor_sutter-barmettler.jpg","type":"image\/jpeg"}],"author":"Simon Nussbaum","twitter_card":"summary_large_image","twitter_creator":"@ch_swissbaker","twitter_site":"@ch_swissbaker","twitter_misc":{"Written by":"Simon Nussbaum","Est. reading time":"6 minutes"},"schema":{"@context":"https:\/\/schema.org","@graph":[{"@type":"Article","@id":"https:\/\/swissbaker.ch\/fr\/panissimo-news\/nouvelle-administratrice-pour-pistor\/#article","isPartOf":{"@id":"https:\/\/swissbaker.ch\/fr\/panissimo-news\/nouvelle-administratrice-pour-pistor\/"},"author":{"name":"Simon Nussbaum","@id":"https:\/\/swissbaker.ch\/fr\/#\/schema\/person\/74bd327b08c18ca6042c02ff6f0ed5e2"},"headline":"Nouvelle administratrice pour Pistor","datePublished":"2023-05-04T07:05:29+00:00","dateModified":"2023-05-04T12:41:40+00:00","mainEntityOfPage":{"@id":"https:\/\/swissbaker.ch\/fr\/panissimo-news\/nouvelle-administratrice-pour-pistor\/"},"wordCount":1052,"publisher":{"@id":"https:\/\/swissbaker.ch\/fr\/#organization"},"image":{"@id":"https:\/\/swissbaker.ch\/fr\/panissimo-news\/nouvelle-administratrice-pour-pistor\/#primaryimage"},"thumbnailUrl":"https:\/\/swissbaker.ch\/wp-content\/uploads\/2023\/05\/9_1_pistor_sutter-barmettler.jpg","articleSection":["De la branche"],"inLanguage":"fr-FR"},{"@type":"WebPage","@id":"https:\/\/swissbaker.ch\/fr\/panissimo-news\/nouvelle-administratrice-pour-pistor\/","url":"https:\/\/swissbaker.ch\/fr\/panissimo-news\/nouvelle-administratrice-pour-pistor\/","name":"Nouvelle administratrice pour Pistor | SBC","isPartOf":{"@id":"https:\/\/swissbaker.ch\/fr\/#website"},"primaryImageOfPage":{"@id":"https:\/\/swissbaker.ch\/fr\/panissimo-news\/nouvelle-administratrice-pour-pistor\/#primaryimage"},"image":{"@id":"https:\/\/swissbaker.ch\/fr\/panissimo-news\/nouvelle-administratrice-pour-pistor\/#primaryimage"},"thumbnailUrl":"https:\/\/swissbaker.ch\/wp-content\/uploads\/2023\/05\/9_1_pistor_sutter-barmettler.jpg","datePublished":"2023-05-04T07:05:29+00:00","dateModified":"2023-05-04T12:41:40+00:00","breadcrumb":{"@id":"https:\/\/swissbaker.ch\/fr\/panissimo-news\/nouvelle-administratrice-pour-pistor\/#breadcrumb"},"inLanguage":"fr-FR","potentialAction":[{"@type":"ReadAction","target":["https:\/\/swissbaker.ch\/fr\/panissimo-news\/nouvelle-administratrice-pour-pistor\/"]}]},{"@type":"ImageObject","inLanguage":"fr-FR","@id":"https:\/\/swissbaker.ch\/fr\/panissimo-news\/nouvelle-administratrice-pour-pistor\/#primaryimage","url":"https:\/\/swissbaker.ch\/wp-content\/uploads\/2023\/05\/9_1_pistor_sutter-barmettler.jpg","contentUrl":"https:\/\/swissbaker.ch\/wp-content\/uploads\/2023\/05\/9_1_pistor_sutter-barmettler.jpg","width":1200,"height":712},{"@type":"BreadcrumbList","@id":"https:\/\/swissbaker.ch\/fr\/panissimo-news\/nouvelle-administratrice-pour-pistor\/#breadcrumb","itemListElement":[{"@type":"ListItem","position":1,"name":"","item":"https:\/\/swissbaker.ch\/fr\/"},{"@type":"ListItem","position":2,"name":"De la branche","item":"https:\/\/swissbaker.ch\/fr\/panissimo-news\/category\/de-la-branche\/"},{"@type":"ListItem","position":3,"name":"Nouvelle administratrice pour Pistor"}]},{"@type":"WebSite","@id":"https:\/\/swissbaker.ch\/fr\/#website","url":"https:\/\/swissbaker.ch\/fr\/","name":"SBC","description":"","publisher":{"@id":"https:\/\/swissbaker.ch\/fr\/#organization"},"potentialAction":[{"@type":"SearchAction","target":{"@type":"EntryPoint","urlTemplate":"https:\/\/swissbaker.ch\/fr\/?s={search_term_string}"},"query-input":{"@type":"PropertyValueSpecification","valueRequired":true,"valueName":"search_term_string"}}],"inLanguage":"fr-FR"},{"@type":"Organization","@id":"https:\/\/swissbaker.ch\/fr\/#organization","name":"Schweizerischer B\u00e4cker-Confiseurmeister-Verband","url":"https:\/\/swissbaker.ch\/fr\/","logo":{"@type":"ImageObject","inLanguage":"fr-FR","@id":"https:\/\/swissbaker.ch\/fr\/#\/schema\/logo\/image\/","url":"https:\/\/swissbaker.ch\/wp-content\/uploads\/2022\/04\/sbc-logo-yoast.jpg","contentUrl":"https:\/\/swissbaker.ch\/wp-content\/uploads\/2022\/04\/sbc-logo-yoast.jpg","width":512,"height":512,"caption":"Schweizerischer B\u00e4cker-Confiseurmeister-Verband"},"image":{"@id":"https:\/\/swissbaker.ch\/fr\/#\/schema\/logo\/image\/"},"sameAs":["https:\/\/www.facebook.com\/swissbaker.ch","https:\/\/x.com\/ch_swissbaker"]},{"@type":"Person","@id":"https:\/\/swissbaker.ch\/fr\/#\/schema\/person\/74bd327b08c18ca6042c02ff6f0ed5e2","name":"Simon Nussbaum","image":{"@type":"ImageObject","inLanguage":"fr-FR","@id":"https:\/\/swissbaker.ch\/fr\/#\/schema\/person\/image\/","url":"https:\/\/secure.gravatar.com\/avatar\/df0eced3bb556c806cb760cf503ade1ed1df25b4104d80d6fd28d93a9509aa12?s=96&d=mm&r=g","contentUrl":"https:\/\/secure.gravatar.com\/avatar\/df0eced3bb556c806cb760cf503ade1ed1df25b4104d80d6fd28d93a9509aa12?s=96&d=mm&r=g","caption":"Simon Nussbaum"},"url":"https:\/\/swissbaker.ch\/fr\/panissimo-news\/author\/simon-nussbaum\/"}]}},"_links":{"self":[{"href":"https:\/\/swissbaker.ch\/fr\/wp-json\/wp\/v2\/posts\/60896","targetHints":{"allow":["GET"]}}],"collection":[{"href":"https:\/\/swissbaker.ch\/fr\/wp-json\/wp\/v2\/posts"}],"about":[{"href":"https:\/\/swissbaker.ch\/fr\/wp-json\/wp\/v2\/types\/post"}],"author":[{"embeddable":true,"href":"https:\/\/swissbaker.ch\/fr\/wp-json\/wp\/v2\/users\/5"}],"replies":[{"embeddable":true,"href":"https:\/\/swissbaker.ch\/fr\/wp-json\/wp\/v2\/comments?post=60896"}],"version-history":[{"count":0,"href":"https:\/\/swissbaker.ch\/fr\/wp-json\/wp\/v2\/posts\/60896\/revisions"}],"wp:featuredmedia":[{"embeddable":true,"href":"https:\/\/swissbaker.ch\/fr\/wp-json\/wp\/v2\/media\/60812"}],"wp:attachment":[{"href":"https:\/\/swissbaker.ch\/fr\/wp-json\/wp\/v2\/media?parent=60896"}],"wp:term":[{"taxonomy":"category","embeddable":true,"href":"https:\/\/swissbaker.ch\/fr\/wp-json\/wp\/v2\/categories?post=60896"},{"taxonomy":"post_tag","embeddable":true,"href":"https:\/\/swissbaker.ch\/fr\/wp-json\/wp\/v2\/tags?post=60896"}],"curies":[{"name":"wp","href":"https:\/\/api.w.org\/{rel}","templated":true}]}}