{"id":60858,"date":"2023-05-04T11:40:31","date_gmt":"2023-05-04T09:40:31","guid":{"rendered":"https:\/\/swissbaker.ch\/?p=60858"},"modified":"2023-05-16T11:18:00","modified_gmt":"2023-05-16T09:18:00","slug":"nathalie-suter-1ere-femme-a-la-tete-dune-association-romande","status":"publish","type":"post","link":"https:\/\/swissbaker.ch\/fr\/panissimo-news\/nathalie-suter-1ere-femme-a-la-tete-dune-association-romande\/","title":{"rendered":"Nathalie Suter \u00e0 la t\u00eate des boulangers-confiseurs neuch\u00e2telois"},"content":{"rendered":"\n<p><strong>A la Chaux-de-Fonds, Nicolas Perriard a dirig\u00e9 sa derni\u00e8re assembl\u00e9e des boulangers-confiseurs neuch\u00e2telois le 2 mai, avant de rejoindre le cercle des pr\u00e9sidents d\u2019honneur. Apr\u00e8s onze ann\u00e9es \u00e0 ce poste, il a pass\u00e9 le flambeau \u00e0 Nathalie Suter. <\/strong><\/p>\n\n\n\n<p>\u00ab&nbsp;Je vous remercie pour la confiance accord\u00e9e (\u2026) et de m\u2019avoir permis de vivre cette exp\u00e9rience. Cela a \u00e9t\u00e9 un honneur de d\u00e9fendre notre canton et notre branche&nbsp;\u00bb, a-t-il d\u00e9clar\u00e9, tr\u00e8s \u00e9mu. Sous une salve d\u2019applaudissements, la fondatrice et patronne de la Gourmandise \u00e0 Boudevilliers (NE) est alors devenue la premi\u00e8re femme \u00e0 la t\u00eate d\u2019une association de boulangers-confiseurs en Suisse romande. Neuch\u00e2tel fait d\u00e9sormais la part belle \u00e0 la gent f\u00e9minine&nbsp;: outre Mme Suter, le comit\u00e9 se compose de Val\u00e9rie Henchoz, vice-pr\u00e9sidente \u00e9lue en 2022, de Patrick Bachmann, de C\u00e9dric Chammartin, de Sylviane Jeanneret, de Marie Perriard, de Carlos Rodriguez et de Christophe Zurcher. Roxane Zappella s\u2019occupe du secr\u00e9tariat et de la comptabilit\u00e9.<\/p>\n\n\n<div class=\"wp-block-image\">\n<figure class=\"aligncenter size-large is-resized\"><img decoding=\"async\" src=\"https:\/\/swissbaker.ch\/wp-content\/uploads\/2023\/05\/9_1_gv_neuchatel-1024x608.jpg\" alt=\"\" class=\"wp-image-60859\" width=\"572\" height=\"339\" srcset=\"https:\/\/swissbaker.ch\/wp-content\/uploads\/2023\/05\/9_1_gv_neuchatel-1024x608.jpg 1024w, https:\/\/swissbaker.ch\/wp-content\/uploads\/2023\/05\/9_1_gv_neuchatel-768x456.jpg 768w, https:\/\/swissbaker.ch\/wp-content\/uploads\/2023\/05\/9_1_gv_neuchatel.jpg 1200w\" sizes=\"(max-width: 572px) 100vw, 572px\" \/><figcaption class=\"wp-element-caption\"><em>De g \u00e0 d&nbsp;: Sylviane Jeanneret, Val\u00e9rie Henchoz, Marie Perriard, Nicolas Perriard, Roxane Zappella et Nathalie Suter.<\/em><\/figcaption><\/figure>\n<\/div>\n\n\n<h2 class=\"wp-block-heading\" id=\"h-releve-preoccupante\"><strong>Rel\u00e8ve pr\u00e9occupante<\/strong><\/h2>\n\n\n\n<p>Second sujet \u00e0 avoir marqu\u00e9 cette r\u00e9union de printemps&nbsp;: la rel\u00e8ve. Dans la vente, trois gestionnaires et deux assistantes sont form\u00e9es dans le secteur de la boulangerie-confiserie. Leur r\u00e9partition est telle qu\u2019en&nbsp;2024, seuls des examens d\u2019assistante auront lieu, a relev\u00e9 Marie Perriard. La responsable de la vente a lanc\u00e9 un appel aux nouvelles expertes, avant de se r\u00e9jouir&nbsp;: \u00ab&nbsp;Deux entreprises envisagent de devenir formatrices pour la vente&nbsp;; ce qui devient rare.&nbsp;\u00bb<\/p>\n\n\n\n<p>En production, la promotion 2023 comptait quatre CFC p\u00e2tissiers-confiseurs, six AFP et neuf CFC boulangers-p\u00e2tissiers. Dans ce dernier groupe, trois apprentis ont arr\u00eat\u00e9 au cours du dernier semestre. \u00ab&nbsp;C\u2019est la premi\u00e8re fois que cela m\u2019arrive en tant que responsable de la formation&nbsp;\u00bb, commente Sylviane Jeanneret. Quant aux places d\u2019apprentissage, elles diminuent, depuis plusieurs ann\u00e9es. La baisse du nombre de soci\u00e9t\u00e9s formatrices et le manque d\u2019attrait des jeunes pour les professions de la branche expliqueraient le ph\u00e9nom\u00e8ne. \u00ab&nbsp;Une attention particuli\u00e8re doit donc \u00eatre entreprise pour la promotion de nos m\u00e9tiers.&nbsp;\u00bb<\/p>\n\n\n\n<p>Celle-ci se fait notamment au travers de Capa\u2019cit\u00e9, le forum des m\u00e9tiers du canton. Or, la prochaine \u00e9dition, en septembre, a nourri les d\u00e9bats. Pour certains, la formule envisag\u00e9e ne mettrait pas suffisamment en avant le savoir-faire de la branche ; au point d\u2019envisager de faire l\u2019impasse sur la manifestation. Des discussions entre les intervenants devraient avoir lieu.<\/p>\n\n\n\n<h2 class=\"wp-block-heading\"><strong>Dix sur dix<\/strong><\/h2>\n\n\n\n<p>A noter encore que du c\u00f4t\u00e9 des Chevaliers du bon pain, le Grand Ma\u00eetre neuch\u00e2telois Patrick Bachmann a fait savoir que les r\u00e9sultats de la taxation 2022 ont \u00e9t\u00e9 \u00ab&nbsp;surprenants et positifs&nbsp;\u00bb. Les dix participants ont tous r\u00e9ussi l\u2019\u00e9preuve de la d\u00e9gustation. Une intronisation sera organis\u00e9e dans le courant de l\u2019ann\u00e9e.<\/p>\n\n\n\n<p class=\"has-text-align-right\"><em>Johann Ruppen<\/em><\/p>\n","protected":false},"excerpt":{"rendered":"<p>A la Chaux-de-Fonds, Nicolas Perriard a dirig\u00e9 sa derni\u00e8re assembl\u00e9e des boulangers-confiseurs neuch\u00e2telois le 2 mai, avant de rejoindre le cercle des pr\u00e9sidents d\u2019honneur. Apr\u00e8s onze ann\u00e9es \u00e0 ce poste, il a pass\u00e9 le flambeau \u00e0 Nathalie Suter.<\/p>\n","protected":false},"author":5,"featured_media":60859,"comment_status":"closed","ping_status":"closed","sticky":true,"template":"","format":"standard","meta":{"_acf_changed":false,"footnotes":""},"categories":[40],"tags":[],"class_list":["post-60858","post","type-post","status-publish","format-standard","has-post-thumbnail","hentry","category-des-cantons"],"acf":[],"yoast_head":"<!-- This site is optimized with the Yoast SEO Premium plugin v26.8 (Yoast SEO v26.8) - https:\/\/yoast.com\/product\/yoast-seo-premium-wordpress\/ -->\n<title>Nathalie Suter \u00e0 la t\u00eate des boulangers-confiseurs neuch\u00e2telois | SBC<\/title>\n<meta name=\"robots\" content=\"index, follow, max-snippet:-1, max-image-preview:large, max-video-preview:-1\" \/>\n<link rel=\"canonical\" href=\"https:\/\/swissbaker.ch\/fr\/panissimo-news\/nathalie-suter-1ere-femme-a-la-tete-dune-association-romande\/\" \/>\n<meta property=\"og:locale\" content=\"fr_FR\" \/>\n<meta property=\"og:type\" content=\"article\" \/>\n<meta property=\"og:title\" content=\"Nathalie Suter \u00e0 la t\u00eate des boulangers-confiseurs neuch\u00e2telois\" \/>\n<meta property=\"og:description\" content=\"A la Chaux-de-Fonds, Nicolas Perriard a dirig\u00e9 sa derni\u00e8re assembl\u00e9e des boulangers-confiseurs neuch\u00e2telois le 2 mai, avant de rejoindre le cercle des pr\u00e9sidents d\u2019honneur. Apr\u00e8s onze ann\u00e9es \u00e0 ce poste, il a pass\u00e9 le flambeau \u00e0 Nathalie Suter.\" \/>\n<meta property=\"og:url\" content=\"https:\/\/swissbaker.ch\/fr\/panissimo-news\/nathalie-suter-1ere-femme-a-la-tete-dune-association-romande\/\" \/>\n<meta property=\"og:site_name\" content=\"SBC\" \/>\n<meta property=\"article:publisher\" content=\"https:\/\/www.facebook.com\/swissbaker.ch\" \/>\n<meta property=\"article:published_time\" content=\"2023-05-04T09:40:31+00:00\" \/>\n<meta property=\"article:modified_time\" content=\"2023-05-16T09:18:00+00:00\" \/>\n<meta property=\"og:image\" content=\"https:\/\/swissbaker.ch\/wp-content\/uploads\/2023\/05\/9_1_gv_neuchatel.jpg\" \/>\n\t<meta property=\"og:image:width\" content=\"1200\" \/>\n\t<meta property=\"og:image:height\" content=\"712\" \/>\n\t<meta property=\"og:image:type\" content=\"image\/jpeg\" \/>\n<meta name=\"author\" content=\"Simon Nussbaum\" \/>\n<meta name=\"twitter:card\" content=\"summary_large_image\" \/>\n<meta name=\"twitter:creator\" content=\"@ch_swissbaker\" \/>\n<meta name=\"twitter:site\" content=\"@ch_swissbaker\" \/>\n<meta name=\"twitter:label1\" content=\"Written by\" \/>\n\t<meta name=\"twitter:data1\" content=\"Simon Nussbaum\" \/>\n\t<meta name=\"twitter:label2\" content=\"Est. reading time\" \/>\n\t<meta name=\"twitter:data2\" content=\"3 minutes\" \/>\n<script type=\"application\/ld+json\" class=\"yoast-schema-graph\">{\"@context\":\"https:\/\/schema.org\",\"@graph\":[{\"@type\":\"Article\",\"@id\":\"https:\/\/swissbaker.ch\/fr\/panissimo-news\/nathalie-suter-1ere-femme-a-la-tete-dune-association-romande\/#article\",\"isPartOf\":{\"@id\":\"https:\/\/swissbaker.ch\/fr\/panissimo-news\/nathalie-suter-1ere-femme-a-la-tete-dune-association-romande\/\"},\"author\":{\"name\":\"Simon Nussbaum\",\"@id\":\"https:\/\/swissbaker.ch\/fr\/#\/schema\/person\/74bd327b08c18ca6042c02ff6f0ed5e2\"},\"headline\":\"Nathalie Suter \u00e0 la t\u00eate des boulangers-confiseurs neuch\u00e2telois\",\"datePublished\":\"2023-05-04T09:40:31+00:00\",\"dateModified\":\"2023-05-16T09:18:00+00:00\",\"mainEntityOfPage\":{\"@id\":\"https:\/\/swissbaker.ch\/fr\/panissimo-news\/nathalie-suter-1ere-femme-a-la-tete-dune-association-romande\/\"},\"wordCount\":523,\"publisher\":{\"@id\":\"https:\/\/swissbaker.ch\/fr\/#organization\"},\"image\":{\"@id\":\"https:\/\/swissbaker.ch\/fr\/panissimo-news\/nathalie-suter-1ere-femme-a-la-tete-dune-association-romande\/#primaryimage\"},\"thumbnailUrl\":\"https:\/\/swissbaker.ch\/wp-content\/uploads\/2023\/05\/9_1_gv_neuchatel.jpg\",\"articleSection\":[\"Des cantons\"],\"inLanguage\":\"fr-FR\"},{\"@type\":\"WebPage\",\"@id\":\"https:\/\/swissbaker.ch\/fr\/panissimo-news\/nathalie-suter-1ere-femme-a-la-tete-dune-association-romande\/\",\"url\":\"https:\/\/swissbaker.ch\/fr\/panissimo-news\/nathalie-suter-1ere-femme-a-la-tete-dune-association-romande\/\",\"name\":\"Nathalie Suter \u00e0 la t\u00eate des boulangers-confiseurs neuch\u00e2telois | SBC\",\"isPartOf\":{\"@id\":\"https:\/\/swissbaker.ch\/fr\/#website\"},\"primaryImageOfPage\":{\"@id\":\"https:\/\/swissbaker.ch\/fr\/panissimo-news\/nathalie-suter-1ere-femme-a-la-tete-dune-association-romande\/#primaryimage\"},\"image\":{\"@id\":\"https:\/\/swissbaker.ch\/fr\/panissimo-news\/nathalie-suter-1ere-femme-a-la-tete-dune-association-romande\/#primaryimage\"},\"thumbnailUrl\":\"https:\/\/swissbaker.ch\/wp-content\/uploads\/2023\/05\/9_1_gv_neuchatel.jpg\",\"datePublished\":\"2023-05-04T09:40:31+00:00\",\"dateModified\":\"2023-05-16T09:18:00+00:00\",\"breadcrumb\":{\"@id\":\"https:\/\/swissbaker.ch\/fr\/panissimo-news\/nathalie-suter-1ere-femme-a-la-tete-dune-association-romande\/#breadcrumb\"},\"inLanguage\":\"fr-FR\",\"potentialAction\":[{\"@type\":\"ReadAction\",\"target\":[\"https:\/\/swissbaker.ch\/fr\/panissimo-news\/nathalie-suter-1ere-femme-a-la-tete-dune-association-romande\/\"]}]},{\"@type\":\"ImageObject\",\"inLanguage\":\"fr-FR\",\"@id\":\"https:\/\/swissbaker.ch\/fr\/panissimo-news\/nathalie-suter-1ere-femme-a-la-tete-dune-association-romande\/#primaryimage\",\"url\":\"https:\/\/swissbaker.ch\/wp-content\/uploads\/2023\/05\/9_1_gv_neuchatel.jpg\",\"contentUrl\":\"https:\/\/swissbaker.ch\/wp-content\/uploads\/2023\/05\/9_1_gv_neuchatel.jpg\",\"width\":1200,\"height\":712},{\"@type\":\"BreadcrumbList\",\"@id\":\"https:\/\/swissbaker.ch\/fr\/panissimo-news\/nathalie-suter-1ere-femme-a-la-tete-dune-association-romande\/#breadcrumb\",\"itemListElement\":[{\"@type\":\"ListItem\",\"position\":1,\"name\":\"\",\"item\":\"https:\/\/swissbaker.ch\/fr\/\"},{\"@type\":\"ListItem\",\"position\":2,\"name\":\"Des cantons\",\"item\":\"https:\/\/swissbaker.ch\/fr\/panissimo-news\/category\/des-cantons\/\"},{\"@type\":\"ListItem\",\"position\":3,\"name\":\"Nathalie Suter \u00e0 la t\u00eate des boulangers-confiseurs neuch\u00e2telois\"}]},{\"@type\":\"WebSite\",\"@id\":\"https:\/\/swissbaker.ch\/fr\/#website\",\"url\":\"https:\/\/swissbaker.ch\/fr\/\",\"name\":\"SBC\",\"description\":\"\",\"publisher\":{\"@id\":\"https:\/\/swissbaker.ch\/fr\/#organization\"},\"potentialAction\":[{\"@type\":\"SearchAction\",\"target\":{\"@type\":\"EntryPoint\",\"urlTemplate\":\"https:\/\/swissbaker.ch\/fr\/?s={search_term_string}\"},\"query-input\":{\"@type\":\"PropertyValueSpecification\",\"valueRequired\":true,\"valueName\":\"search_term_string\"}}],\"inLanguage\":\"fr-FR\"},{\"@type\":\"Organization\",\"@id\":\"https:\/\/swissbaker.ch\/fr\/#organization\",\"name\":\"Schweizerischer B\u00e4cker-Confiseurmeister-Verband\",\"url\":\"https:\/\/swissbaker.ch\/fr\/\",\"logo\":{\"@type\":\"ImageObject\",\"inLanguage\":\"fr-FR\",\"@id\":\"https:\/\/swissbaker.ch\/fr\/#\/schema\/logo\/image\/\",\"url\":\"https:\/\/swissbaker.ch\/wp-content\/uploads\/2022\/04\/sbc-logo-yoast.jpg\",\"contentUrl\":\"https:\/\/swissbaker.ch\/wp-content\/uploads\/2022\/04\/sbc-logo-yoast.jpg\",\"width\":512,\"height\":512,\"caption\":\"Schweizerischer B\u00e4cker-Confiseurmeister-Verband\"},\"image\":{\"@id\":\"https:\/\/swissbaker.ch\/fr\/#\/schema\/logo\/image\/\"},\"sameAs\":[\"https:\/\/www.facebook.com\/swissbaker.ch\",\"https:\/\/x.com\/ch_swissbaker\"]},{\"@type\":\"Person\",\"@id\":\"https:\/\/swissbaker.ch\/fr\/#\/schema\/person\/74bd327b08c18ca6042c02ff6f0ed5e2\",\"name\":\"Simon Nussbaum\",\"image\":{\"@type\":\"ImageObject\",\"inLanguage\":\"fr-FR\",\"@id\":\"https:\/\/swissbaker.ch\/fr\/#\/schema\/person\/image\/\",\"url\":\"https:\/\/secure.gravatar.com\/avatar\/df0eced3bb556c806cb760cf503ade1ed1df25b4104d80d6fd28d93a9509aa12?s=96&d=mm&r=g\",\"contentUrl\":\"https:\/\/secure.gravatar.com\/avatar\/df0eced3bb556c806cb760cf503ade1ed1df25b4104d80d6fd28d93a9509aa12?s=96&d=mm&r=g\",\"caption\":\"Simon Nussbaum\"},\"url\":\"https:\/\/swissbaker.ch\/fr\/panissimo-news\/author\/simon-nussbaum\/\"}]}<\/script>\n<!-- \/ Yoast SEO Premium plugin. -->","yoast_head_json":{"title":"Nathalie Suter \u00e0 la t\u00eate des boulangers-confiseurs neuch\u00e2telois | SBC","robots":{"index":"index","follow":"follow","max-snippet":"max-snippet:-1","max-image-preview":"max-image-preview:large","max-video-preview":"max-video-preview:-1"},"canonical":"https:\/\/swissbaker.ch\/fr\/panissimo-news\/nathalie-suter-1ere-femme-a-la-tete-dune-association-romande\/","og_locale":"fr_FR","og_type":"article","og_title":"Nathalie Suter \u00e0 la t\u00eate des boulangers-confiseurs neuch\u00e2telois","og_description":"A la Chaux-de-Fonds, Nicolas Perriard a dirig\u00e9 sa derni\u00e8re assembl\u00e9e des boulangers-confiseurs neuch\u00e2telois le 2 mai, avant de rejoindre le cercle des pr\u00e9sidents d\u2019honneur. Apr\u00e8s onze ann\u00e9es \u00e0 ce poste, il a pass\u00e9 le flambeau \u00e0 Nathalie Suter.","og_url":"https:\/\/swissbaker.ch\/fr\/panissimo-news\/nathalie-suter-1ere-femme-a-la-tete-dune-association-romande\/","og_site_name":"SBC","article_publisher":"https:\/\/www.facebook.com\/swissbaker.ch","article_published_time":"2023-05-04T09:40:31+00:00","article_modified_time":"2023-05-16T09:18:00+00:00","og_image":[{"width":1200,"height":712,"url":"https:\/\/swissbaker.ch\/wp-content\/uploads\/2023\/05\/9_1_gv_neuchatel.jpg","type":"image\/jpeg"}],"author":"Simon Nussbaum","twitter_card":"summary_large_image","twitter_creator":"@ch_swissbaker","twitter_site":"@ch_swissbaker","twitter_misc":{"Written by":"Simon Nussbaum","Est. reading time":"3 minutes"},"schema":{"@context":"https:\/\/schema.org","@graph":[{"@type":"Article","@id":"https:\/\/swissbaker.ch\/fr\/panissimo-news\/nathalie-suter-1ere-femme-a-la-tete-dune-association-romande\/#article","isPartOf":{"@id":"https:\/\/swissbaker.ch\/fr\/panissimo-news\/nathalie-suter-1ere-femme-a-la-tete-dune-association-romande\/"},"author":{"name":"Simon Nussbaum","@id":"https:\/\/swissbaker.ch\/fr\/#\/schema\/person\/74bd327b08c18ca6042c02ff6f0ed5e2"},"headline":"Nathalie Suter \u00e0 la t\u00eate des boulangers-confiseurs neuch\u00e2telois","datePublished":"2023-05-04T09:40:31+00:00","dateModified":"2023-05-16T09:18:00+00:00","mainEntityOfPage":{"@id":"https:\/\/swissbaker.ch\/fr\/panissimo-news\/nathalie-suter-1ere-femme-a-la-tete-dune-association-romande\/"},"wordCount":523,"publisher":{"@id":"https:\/\/swissbaker.ch\/fr\/#organization"},"image":{"@id":"https:\/\/swissbaker.ch\/fr\/panissimo-news\/nathalie-suter-1ere-femme-a-la-tete-dune-association-romande\/#primaryimage"},"thumbnailUrl":"https:\/\/swissbaker.ch\/wp-content\/uploads\/2023\/05\/9_1_gv_neuchatel.jpg","articleSection":["Des cantons"],"inLanguage":"fr-FR"},{"@type":"WebPage","@id":"https:\/\/swissbaker.ch\/fr\/panissimo-news\/nathalie-suter-1ere-femme-a-la-tete-dune-association-romande\/","url":"https:\/\/swissbaker.ch\/fr\/panissimo-news\/nathalie-suter-1ere-femme-a-la-tete-dune-association-romande\/","name":"Nathalie Suter \u00e0 la t\u00eate des boulangers-confiseurs neuch\u00e2telois | SBC","isPartOf":{"@id":"https:\/\/swissbaker.ch\/fr\/#website"},"primaryImageOfPage":{"@id":"https:\/\/swissbaker.ch\/fr\/panissimo-news\/nathalie-suter-1ere-femme-a-la-tete-dune-association-romande\/#primaryimage"},"image":{"@id":"https:\/\/swissbaker.ch\/fr\/panissimo-news\/nathalie-suter-1ere-femme-a-la-tete-dune-association-romande\/#primaryimage"},"thumbnailUrl":"https:\/\/swissbaker.ch\/wp-content\/uploads\/2023\/05\/9_1_gv_neuchatel.jpg","datePublished":"2023-05-04T09:40:31+00:00","dateModified":"2023-05-16T09:18:00+00:00","breadcrumb":{"@id":"https:\/\/swissbaker.ch\/fr\/panissimo-news\/nathalie-suter-1ere-femme-a-la-tete-dune-association-romande\/#breadcrumb"},"inLanguage":"fr-FR","potentialAction":[{"@type":"ReadAction","target":["https:\/\/swissbaker.ch\/fr\/panissimo-news\/nathalie-suter-1ere-femme-a-la-tete-dune-association-romande\/"]}]},{"@type":"ImageObject","inLanguage":"fr-FR","@id":"https:\/\/swissbaker.ch\/fr\/panissimo-news\/nathalie-suter-1ere-femme-a-la-tete-dune-association-romande\/#primaryimage","url":"https:\/\/swissbaker.ch\/wp-content\/uploads\/2023\/05\/9_1_gv_neuchatel.jpg","contentUrl":"https:\/\/swissbaker.ch\/wp-content\/uploads\/2023\/05\/9_1_gv_neuchatel.jpg","width":1200,"height":712},{"@type":"BreadcrumbList","@id":"https:\/\/swissbaker.ch\/fr\/panissimo-news\/nathalie-suter-1ere-femme-a-la-tete-dune-association-romande\/#breadcrumb","itemListElement":[{"@type":"ListItem","position":1,"name":"","item":"https:\/\/swissbaker.ch\/fr\/"},{"@type":"ListItem","position":2,"name":"Des cantons","item":"https:\/\/swissbaker.ch\/fr\/panissimo-news\/category\/des-cantons\/"},{"@type":"ListItem","position":3,"name":"Nathalie Suter \u00e0 la t\u00eate des boulangers-confiseurs neuch\u00e2telois"}]},{"@type":"WebSite","@id":"https:\/\/swissbaker.ch\/fr\/#website","url":"https:\/\/swissbaker.ch\/fr\/","name":"SBC","description":"","publisher":{"@id":"https:\/\/swissbaker.ch\/fr\/#organization"},"potentialAction":[{"@type":"SearchAction","target":{"@type":"EntryPoint","urlTemplate":"https:\/\/swissbaker.ch\/fr\/?s={search_term_string}"},"query-input":{"@type":"PropertyValueSpecification","valueRequired":true,"valueName":"search_term_string"}}],"inLanguage":"fr-FR"},{"@type":"Organization","@id":"https:\/\/swissbaker.ch\/fr\/#organization","name":"Schweizerischer B\u00e4cker-Confiseurmeister-Verband","url":"https:\/\/swissbaker.ch\/fr\/","logo":{"@type":"ImageObject","inLanguage":"fr-FR","@id":"https:\/\/swissbaker.ch\/fr\/#\/schema\/logo\/image\/","url":"https:\/\/swissbaker.ch\/wp-content\/uploads\/2022\/04\/sbc-logo-yoast.jpg","contentUrl":"https:\/\/swissbaker.ch\/wp-content\/uploads\/2022\/04\/sbc-logo-yoast.jpg","width":512,"height":512,"caption":"Schweizerischer B\u00e4cker-Confiseurmeister-Verband"},"image":{"@id":"https:\/\/swissbaker.ch\/fr\/#\/schema\/logo\/image\/"},"sameAs":["https:\/\/www.facebook.com\/swissbaker.ch","https:\/\/x.com\/ch_swissbaker"]},{"@type":"Person","@id":"https:\/\/swissbaker.ch\/fr\/#\/schema\/person\/74bd327b08c18ca6042c02ff6f0ed5e2","name":"Simon Nussbaum","image":{"@type":"ImageObject","inLanguage":"fr-FR","@id":"https:\/\/swissbaker.ch\/fr\/#\/schema\/person\/image\/","url":"https:\/\/secure.gravatar.com\/avatar\/df0eced3bb556c806cb760cf503ade1ed1df25b4104d80d6fd28d93a9509aa12?s=96&d=mm&r=g","contentUrl":"https:\/\/secure.gravatar.com\/avatar\/df0eced3bb556c806cb760cf503ade1ed1df25b4104d80d6fd28d93a9509aa12?s=96&d=mm&r=g","caption":"Simon Nussbaum"},"url":"https:\/\/swissbaker.ch\/fr\/panissimo-news\/author\/simon-nussbaum\/"}]}},"_links":{"self":[{"href":"https:\/\/swissbaker.ch\/fr\/wp-json\/wp\/v2\/posts\/60858","targetHints":{"allow":["GET"]}}],"collection":[{"href":"https:\/\/swissbaker.ch\/fr\/wp-json\/wp\/v2\/posts"}],"about":[{"href":"https:\/\/swissbaker.ch\/fr\/wp-json\/wp\/v2\/types\/post"}],"author":[{"embeddable":true,"href":"https:\/\/swissbaker.ch\/fr\/wp-json\/wp\/v2\/users\/5"}],"replies":[{"embeddable":true,"href":"https:\/\/swissbaker.ch\/fr\/wp-json\/wp\/v2\/comments?post=60858"}],"version-history":[{"count":0,"href":"https:\/\/swissbaker.ch\/fr\/wp-json\/wp\/v2\/posts\/60858\/revisions"}],"wp:featuredmedia":[{"embeddable":true,"href":"https:\/\/swissbaker.ch\/fr\/wp-json\/wp\/v2\/media\/60859"}],"wp:attachment":[{"href":"https:\/\/swissbaker.ch\/fr\/wp-json\/wp\/v2\/media?parent=60858"}],"wp:term":[{"taxonomy":"category","embeddable":true,"href":"https:\/\/swissbaker.ch\/fr\/wp-json\/wp\/v2\/categories?post=60858"},{"taxonomy":"post_tag","embeddable":true,"href":"https:\/\/swissbaker.ch\/fr\/wp-json\/wp\/v2\/tags?post=60858"}],"curies":[{"name":"wp","href":"https:\/\/api.w.org\/{rel}","templated":true}]}}