{"id":60775,"date":"2023-05-03T15:07:37","date_gmt":"2023-05-03T13:07:37","guid":{"rendered":"https:\/\/swissbaker.ch\/panissimo-news\/auf-tour-du-pain-et-du-chocolat\/"},"modified":"2023-05-04T14:21:34","modified_gmt":"2023-05-04T12:21:34","slug":"auf-tour-du-pain-et-du-chocolat","status":"publish","type":"post","link":"https:\/\/swissbaker.ch\/fr\/panissimo-news\/auf-tour-du-pain-et-du-chocolat\/","title":{"rendered":"Tour du pain et du chocolat"},"content":{"rendered":"\n<p><strong>Le congr\u00e8s de la BCS, le 13\u202fjuin, marquera la fin du mandat de deux ans en tant qu\u2019Ambassadeur du pain et du chocolat de Patrick Zbinden. Ce fut un partenariat enrichissant auquel le sp\u00e9cialiste renomm\u00e9 de l\u2019analyse sensorielle alimentaire a particip\u00e9 avec beaucoup de passion et de savoir-faire. Le Tour du pain et du chocolat est venu couronner le tout\u2009: la visite de dix boulangeries, confiseries et d\u2019une \u00e9picerie, dans et autour de Zurich. Un voyage de d\u00e9couverte passionnant et inspirant.<\/strong><\/p>\n\n\n\n<p>Non, il ne s\u2019agit pas d\u2019un article r\u00e9trospectif habituel sur les deux ann\u00e9es pass\u00e9es en tant que repr\u00e9sentant de la branche artisanale de la boulangerie-confiserie suisse, mais d\u2019une vir\u00e9e panaire et chocolat\u00e9e dans la r\u00e9gion zurichoise, o\u00f9 Patrick Zbinden est domicili\u00e9. Les dix points de vente s\u00e9lectionn\u00e9s doivent servir d\u2019inspiration aux lecteurs, selon lui. Chacun de ces \u00e9tablissements a quelque chose de particulier, ce qui refl\u00e8te une valeur ajout\u00e9e pour les membres.<\/p>\n\n\n\n<h2 class=\"wp-block-heading\" id=\"h-ambassadeur-des-saveurs-de-haut-vol\">Ambassadeur des saveurs de haut vol<\/h2>\n\n\n\n<p>C\u2019est par un beau temps printanier que le tour a d\u00e9but\u00e9 en Vespa \u00e0 la gare de Zurich. Finalement, ce dernier a dur\u00e9 douze heures, sans pause. Les entreprises vari\u00e9es et innovantes, les discussions enrichissantes et les d\u00e9gustations, ainsi que les produits fabriqu\u00e9s et pr\u00e9sent\u00e9s avec beaucoup d\u2019amour et de savoir-faire, ont v\u00e9ritablement donn\u00e9 des ailes et de l\u2019\u00e9nergie \u00e0 ce voyage gourmand et instructif. L\u2019accueil chaleureux dans les entreprises a \u00e9t\u00e9 la cerise sur le g\u00e2teau. \u00ab\u2009Notre secteur est reconnaissant de te savoir, Patrick Zbinden, ambassadeur des plaisirs culinaires de qualit\u00e9\u2009\u00bb, a soulign\u00e9 le confiseur de B\u00fclach (ZH) Mischa Klaus.<\/p>\n\n\n\n<p><br>La conclusion de Patrick Zbinden\u2009: \u00ab\u2009Le succ\u00e8s ne fonctionne que si le m\u00e9tier est li\u00e9 \u00e0 la passion, et ce de la production \u00e0 la vente. V\u00e9ritable passion, qualit\u00e9, authenticit\u00e9 et \u00e9motion &#8211; tels sont les ma\u00eetres mots\u2009\u00bb. Au cours de la tourn\u00e9e, des choses nouvelles et surprenantes ont toujours \u00e9t\u00e9 d\u00e9couvertes. \u00ab\u2009Il faut s\u2019y tenir constamment, avoir des visions. Il y a toujours des champs qui ne sont pas encore exploit\u00e9s\u2009\u00bb. Patrick Zbinden a cit\u00e9 en exemple le pain de mie japonais sans gluten sur lequel Seri travaille actuellement.<\/p>\n\n\n\n<p class=\"has-text-align-right\">Texte et Photos: Claudia Vernocchi<\/p>\n\n\n\n<div class=\"wp-block-columns\">\n<div class=\"wp-block-column\"><div class=\"wp-block-image\">\n<figure class=\"alignleft size-large is-resized\"><img decoding=\"async\" src=\"https:\/\/swissbaker.ch\/wp-content\/uploads\/2023\/05\/tour_patrick-zbinden_seri_05.05.2023_web-1024x606.jpg\" alt=\"\" class=\"wp-image-60668\" width=\"308\" height=\"182\" srcset=\"https:\/\/swissbaker.ch\/wp-content\/uploads\/2023\/05\/tour_patrick-zbinden_seri_05.05.2023_web-1024x606.jpg 1024w, https:\/\/swissbaker.ch\/wp-content\/uploads\/2023\/05\/tour_patrick-zbinden_seri_05.05.2023_web-768x454.jpg 768w, https:\/\/swissbaker.ch\/wp-content\/uploads\/2023\/05\/tour_patrick-zbinden_seri_05.05.2023_web-1536x909.jpg 1536w, https:\/\/swissbaker.ch\/wp-content\/uploads\/2023\/05\/tour_patrick-zbinden_seri_05.05.2023_web-scaled.jpg 2048w\" sizes=\"(max-width: 308px) 100vw, 308px\" \/><\/figure>\n<\/div><\/div>\n\n\n\n<div class=\"wp-block-column\">\n<h3 class=\"wp-block-heading\" id=\"h-seri-bridge-europaallee-zurich\">Seri, Bridge Europaallee, Z\u00fcrich<\/h3>\n\n\n\n<p>\u00ab\u2009Au d\u00e9but, ma mission \u00e9tait\u2009: The best Baguette\u2009\u00bb, d\u00e9clare le fondateur et propri\u00e9taire Seri Wada, que nous rencontrons devant son shop dans Bridge. Cet ancien gestionnaire de fortune s\u2019est lanc\u00e9 dans le secteur de la boulangerie il y a quelques ann\u00e9es. \u00ab\u2009Seri a une vision et il est en outre motiv\u00e9 par la qualit\u00e9\u2009\u00bb, explique Patrick Zbinden pour justifier son choix. Il a \u00e9t\u00e9 l\u2019un des premiers \u00e0 changer d\u2019orientation et a suivi sa voie de mani\u00e8re cons\u00e9quente en ne m\u00e9nageant pas ses efforts. Ces derni\u00e8res ann\u00e9es, de nombreuses start-up ont essay\u00e9 sans succ\u00e8s de se lancer dans le secteur alimentaire \u2013 l\u2019id\u00e9alisme seul ne suffisant pas. Patrick Zbinden adore ses baguettes, mais surtout ses croissants, qui selon lui, \u00ab\u2009font partie des meilleurs de Zurich, car ce ne sont d\u00e9finitivement pas des croissants ordinaires\u2009\u00bb. Apr\u00e8s avoir d\u00e9gust\u00e9 un croissant et un petit pain au chocolat, son commentaire enthousiaste est le suivant\u2009: \u00ab\u2009Incroyable\u2009! Seri c\u00e9l\u00e8bre le croissant.\u2009\u00bb<\/p>\n<\/div>\n<\/div>\n\n\n\n<div class=\"wp-block-columns\">\n<div class=\"wp-block-column\"><div class=\"wp-block-image\">\n<figure class=\"alignleft size-large is-resized\"><img decoding=\"async\" src=\"https:\/\/swissbaker.ch\/wp-content\/uploads\/2023\/05\/tour_patrick-zbinden_johnbaker_05.05.2023-768x1024.jpg\" alt=\"\" class=\"wp-image-60670\" width=\"414\" height=\"552\" srcset=\"https:\/\/swissbaker.ch\/wp-content\/uploads\/2023\/05\/tour_patrick-zbinden_johnbaker_05.05.2023-768x1024.jpg 768w, https:\/\/swissbaker.ch\/wp-content\/uploads\/2023\/05\/tour_patrick-zbinden_johnbaker_05.05.2023-1152x1536.jpg 1152w, https:\/\/swissbaker.ch\/wp-content\/uploads\/2023\/05\/tour_patrick-zbinden_johnbaker_05.05.2023-scaled.jpg 1536w\" sizes=\"(max-width: 414px) 100vw, 414px\" \/><\/figure>\n<\/div><\/div>\n\n\n\n<div class=\"wp-block-column\">\n<h3 class=\"wp-block-heading\" id=\"h-john-baker-helvetiaplatz-zurich\">John Baker, Helvetiaplatz, Z\u00fcrich<\/h3>\n\n\n\n<p>Jens Jung, le fondateur et propri\u00e9taire de John Baker, est celui qui, selon Zbinden, a donn\u00e9 une nouvelle dimension \u00e0 l\u2019artisanat de la boulangerie \u00e0 Zurich. Et ce, gr\u00e2ce \u00e0 une qualit\u00e9 exceptionnelle, \u00e0 une production transparente, \u00e0 son authenticit\u00e9 et \u00e0 une vente de pain moderne. John Baker a du style, sans \u00eatre \u00e9litiste. John Baker s\u00e9duit donc notamment un public jeune et urbain avec son pain et ses d\u00e9licieuses p\u00e2tisseries. \u00ab\u2009On doit beaucoup \u00e0 Jens Jung\u2009\u00bb, souligne Patrick Zbinden. Il se souvient encore de la premi\u00e8re fois o\u00f9 il a go\u00fbt\u00e9 un pain John Baker avant de conclure\u2009: \u00ab\u2009Quand cette premi\u00e8re bouch\u00e9e, cette exp\u00e9rience gustative reste en m\u00e9moire, c\u2019est que l\u2019on a affaire \u00e0 quelque chose de bien\u2009!\u2009\u00bb Un d\u00e9tail attire l\u2019attention de Patrick Zbinden lors de notre visite \u2013 un bouquet a\u00e9r\u00e9 de fleurs multicolores \u2013, les aimables d\u00e9tails de ce genre contribuant \u00e0 conf\u00e9rer une atmosph\u00e8re harmonieuse \u00e0 un magasin.<\/p>\n<\/div>\n<\/div>\n\n\n\n<div class=\"wp-block-columns\">\n<div class=\"wp-block-column\"><div class=\"wp-block-image\">\n<figure class=\"alignleft size-large\"><img decoding=\"async\" width=\"1024\" height=\"768\" src=\"https:\/\/swissbaker.ch\/wp-content\/uploads\/2023\/05\/tour_patrick-zbinden_bachsermaert_05.05.2023-1024x768.jpg\" alt=\"\" class=\"wp-image-60680\" srcset=\"https:\/\/swissbaker.ch\/wp-content\/uploads\/2023\/05\/tour_patrick-zbinden_bachsermaert_05.05.2023-1024x768.jpg 1024w, https:\/\/swissbaker.ch\/wp-content\/uploads\/2023\/05\/tour_patrick-zbinden_bachsermaert_05.05.2023-768x576.jpg 768w, https:\/\/swissbaker.ch\/wp-content\/uploads\/2023\/05\/tour_patrick-zbinden_bachsermaert_05.05.2023-1536x1152.jpg 1536w, https:\/\/swissbaker.ch\/wp-content\/uploads\/2023\/05\/tour_patrick-zbinden_bachsermaert_05.05.2023-scaled.jpg 2048w, https:\/\/swissbaker.ch\/wp-content\/uploads\/2023\/05\/tour_patrick-zbinden_bachsermaert_05.05.2023-1000x750.jpg 1000w\" sizes=\"(max-width: 1024px) 100vw, 1024px\" \/><\/figure>\n<\/div><\/div>\n\n\n\n<div class=\"wp-block-column\">\n<h3 class=\"wp-block-heading\" id=\"h-bachsermart-kalkbreite-zurich\">BachserM\u00e4rt, Kalkbreite, Z\u00fcrich<\/h3>\n\n\n\n<p>BachserM\u00e4rt est un magasin d\u2019alimentation bio tout sauf normal. Il mise en effet sur la r\u00e9gionalit\u00e9, la qualit\u00e9 et la durabilit\u00e9, et vend en outre de nombreuses d\u00e9licatesses bio de choix. Les boulangeries suivantes approvisionnent BachserM\u00e4rt en p\u00e2tisseries et en pains\u2009: Bio Beck Lehmann (Lanterswil), B\u00e4ckerei Pl\u00fcss (Weiningen), Vierlinden (Zurich), Kwass (Jona), Feinb\u00e4ckerei Guggenloch (Au), Sourgood (Zurich), de m\u00eame que Vollkornb\u00e4ckerei Scharrenberg (Oetwil am See) le vendredi et le samedi, la tourte aux noix prim\u00e9e de Meier Beck \u00e0 Val M\u00fcstair faisant \u00e9galement partie de l\u2019assortiment. Lorsque nous demandons \u00e0 Zbinden pourquoi il a choisi BachserM\u00e4rt, il nous r\u00e9pond que ce magasin est unique par son choix vari\u00e9 de pains et ses excellents produits. Ce magasin de sp\u00e9cialit\u00e9s s\u2019adresse \u00e0 une client\u00e8le sensible au sujet du d\u00e9veloppement durable, malgr\u00e9 les prix \u00e9lev\u00e9s des produits. Zbinden recommande \u00e0 toutes les boulangeries de participer \u00e0 un concept \u00ab\u2009best of\u2009\u00bb de ce genre.<\/p>\n<\/div>\n<\/div>\n\n\n\n<div class=\"wp-block-columns\">\n<div class=\"wp-block-column\"><div class=\"wp-block-image\">\n<figure class=\"alignleft size-large\"><img decoding=\"async\" width=\"839\" height=\"1024\" src=\"https:\/\/swissbaker.ch\/wp-content\/uploads\/2023\/05\/tour_patrick-zbinden_vuaillat3_05.05.2023_web-839x1024.jpg\" alt=\"\" class=\"wp-image-60682\" srcset=\"https:\/\/swissbaker.ch\/wp-content\/uploads\/2023\/05\/tour_patrick-zbinden_vuaillat3_05.05.2023_web-839x1024.jpg 839w, https:\/\/swissbaker.ch\/wp-content\/uploads\/2023\/05\/tour_patrick-zbinden_vuaillat3_05.05.2023_web-768x937.jpg 768w, https:\/\/swissbaker.ch\/wp-content\/uploads\/2023\/05\/tour_patrick-zbinden_vuaillat3_05.05.2023_web-1259x1536.jpg 1259w, https:\/\/swissbaker.ch\/wp-content\/uploads\/2023\/05\/tour_patrick-zbinden_vuaillat3_05.05.2023_web-scaled.jpg 1678w\" sizes=\"(max-width: 839px) 100vw, 839px\" \/><\/figure>\n<\/div><\/div>\n\n\n\n<div class=\"wp-block-column\">\n<h3 class=\"wp-block-heading\" id=\"h-backerei-vuaillat-aemtlerstrasse-zurich\">B\u00e4ckerei Vuaillat, Aemtlerstrasse, Z\u00fcrich<\/h3>\n\n\n\n<p>\u00ab\u2009Tout le monde parle du levain\u2009\u00bb, explique Patrick Zbinden. \u00ab\u2009Mais c\u2018est le propri\u00e9taire, Martin Mayer, qui a mis en \u0153uvre de mani\u00e8re cons\u00e9quente le th\u00e8me du levain. \u00ab\u2009L\u2019offre semble naturelle et ne se veut en aucun cas dogmatique \u2013 c\u2019est l\u2019une des recettes du succ\u00e8s de Vuaillat.\u2009\u00bb Le pain trio \u00e0 base de trois levains diff\u00e9rents (pain au levain blanc, pain au levain \u00e0 la bi\u00e8re et pain au levain) est un bon exemple et une bonne id\u00e9e selon Patrick Zbinden, qui fait \u00e9galement l\u2019\u00e9loge des barres aux noix et des petites tresses \u00e0 la levure \u2013 la garniture aux noix \u00e9tant faite maison. \u00ab\u2009Il n\u2019est pas concevable que la farce de ces produits ait le m\u00eame go\u00fbt que celle des grands distributeurs\u2009!\u2009\u00bb La boulangerie Vuaillat (production \u00e0 Uster) propose aujourd\u2019hui 15 pains au levain. \u00ab\u2009Lors de la fabrication, nous utilisons un processus lent et doux qui ne n\u00e9cessite pas de levure produite commercialement et nous profitons de la force de la nature\u2009\u00bb, peut-on lire dans le magasin.<\/p>\n<\/div>\n<\/div>\n\n\n\n<div class=\"wp-block-columns\">\n<div class=\"wp-block-column\"><div class=\"wp-block-image\">\n<figure class=\"alignleft size-large\"><img decoding=\"async\" width=\"1024\" height=\"768\" src=\"https:\/\/swissbaker.ch\/wp-content\/uploads\/2023\/05\/tour_patrick-zbinden_collectivebakery_05.05.2023-1024x768.jpg\" alt=\"\" class=\"wp-image-60684\" srcset=\"https:\/\/swissbaker.ch\/wp-content\/uploads\/2023\/05\/tour_patrick-zbinden_collectivebakery_05.05.2023-1024x768.jpg 1024w, https:\/\/swissbaker.ch\/wp-content\/uploads\/2023\/05\/tour_patrick-zbinden_collectivebakery_05.05.2023-768x576.jpg 768w, https:\/\/swissbaker.ch\/wp-content\/uploads\/2023\/05\/tour_patrick-zbinden_collectivebakery_05.05.2023-1536x1152.jpg 1536w, https:\/\/swissbaker.ch\/wp-content\/uploads\/2023\/05\/tour_patrick-zbinden_collectivebakery_05.05.2023-scaled.jpg 2048w, https:\/\/swissbaker.ch\/wp-content\/uploads\/2023\/05\/tour_patrick-zbinden_collectivebakery_05.05.2023-1000x750.jpg 1000w\" sizes=\"(max-width: 1024px) 100vw, 1024px\" \/><\/figure>\n<\/div><\/div>\n\n\n\n<div class=\"wp-block-column\">\n<h3 class=\"wp-block-heading\" id=\"h-collective-bakery-forrlibuckstrasse-zurich\">Collective Bakery, F\u00f6rrlibuckstrasse, Z\u00fcrich<\/h3>\n\n\n\n<p>Depuis 2021, les \u00ab\u2009jeunes boulangers sauvages\u2009\u00bb, comme les surnomment les m\u00e9dias, r\u00e9galent les habitants et habitantes et les employ\u00e9s et employ\u00e9es de ce quartier urbain r\u00e9sidentiel et commercial dans un cube en b\u00e9ton tr\u00e8s tendance au parvis intime. La file d\u2019attente est tr\u00e8s longue, m\u00eame le week-end. Outre le pain, les g\u00e2teaux et les p\u00e2tisseries, du caf\u00e9 de qualit\u00e9 est propos\u00e9 par deux baristi professionnels. La th\u00e9matique du gaspillage alimentaire est au c\u0153ur des pr\u00e9occupations de l\u2019\u00e9quipe tr\u00e8s motiv\u00e9e. Ce qui reste \u00e0 la fermeture est transform\u00e9. Le croissant, par exemple, devient un croissant double baked. \u00ab\u2009Le produit est valoris\u00e9\u2009\u00bb, explique la p\u00e2tissi\u00e8re\u2009: pour ce faire, le croissant est coup\u00e9 en deux, puis badigeonn\u00e9 de jus d\u2019orange \u00e9paissi et fourr\u00e9 de cr\u00e8me. \u00ab\u2009La combinaison de la qualit\u00e9 du caf\u00e9 et de la boulangerie urbaine est convaincante\u2009\u00bb, constate Patrick Zbinden en quittant la Collective Bakery.<\/p>\n<\/div>\n<\/div>\n\n\n\n<div class=\"wp-block-columns\">\n<div class=\"wp-block-column\"><div class=\"wp-block-image\">\n<figure class=\"alignleft size-large\"><img decoding=\"async\" width=\"768\" height=\"1024\" src=\"https:\/\/swissbaker.ch\/wp-content\/uploads\/2023\/05\/tour_patrick-zbinden_juliettepan2_05.05.2023-768x1024.jpg\" alt=\"\" class=\"wp-image-60686\" srcset=\"https:\/\/swissbaker.ch\/wp-content\/uploads\/2023\/05\/tour_patrick-zbinden_juliettepan2_05.05.2023-768x1024.jpg 768w, https:\/\/swissbaker.ch\/wp-content\/uploads\/2023\/05\/tour_patrick-zbinden_juliettepan2_05.05.2023-1152x1536.jpg 1152w, https:\/\/swissbaker.ch\/wp-content\/uploads\/2023\/05\/tour_patrick-zbinden_juliettepan2_05.05.2023-scaled.jpg 1536w\" sizes=\"(max-width: 768px) 100vw, 768px\" \/><\/figure>\n<\/div><\/div>\n\n\n\n<div class=\"wp-block-column\">\n<h3 class=\"wp-block-heading\" id=\"h-juliette-bleicherweg-zurich\">Juliette, Bleicherweg, Z\u00fcrich<\/h3>\n\n\n\n<p>\u00ab\u2009C\u2019est g\u00e9nial qu\u2019il y ait quelque chose comme \u00e7a \u00e0 Zurich\u2009\u00bb, se r\u00e9jouit Patrick Zbinden en entrant dans cette boulangerie au charme bien fran\u00e7ais. La Parisienne St\u00e9phanie Borge a apport\u00e9 le savoir-vivre \u00e0 Zurich. \u00ab\u2009Si quelqu\u2019un cherche une tresse, il ne la trouvera pas ici\u2009\u00bb, souligne la propri\u00e9taire. On y trouve par contre notamment des baguettes traditionnelles, des croissants beurr\u00e9s et de s\u00e9duisantes p\u00e2tisseries, telles que la tartelette au citron. La nourriture est li\u00e9e \u00e0 l\u2019\u00e9motionnel. Quand on croque dans une baguette, on doit avoir l\u2019impression d\u2019\u00eatre en France. Juliette importe la farine de France. Le succ\u00e8s lui donne raison\u2009: plus de 10\u2009000 croissants au beurre et pr\u00e8s de 5000 baguettes ont \u00e9t\u00e9 servis depuis l\u2019ouverture fin f\u00e9vrier\u202f2023. \u00ab\u2009Il y a ici une offre qui se d\u00e9marque, tant au niveau de la viennoiserie que de la p\u00e2tisserie\u2009\u00bb, rel\u00e8ve Patrick Zbinden. \u00ab\u2009Il faut plus de Juliettes en Suisse\u2009!\u2009\u00bb<\/p>\n<\/div>\n<\/div>\n\n\n\n<div class=\"wp-block-columns\">\n<div class=\"wp-block-column\"><div class=\"wp-block-image\">\n<figure class=\"alignleft size-large\"><img decoding=\"async\" width=\"1024\" height=\"768\" src=\"https:\/\/swissbaker.ch\/wp-content\/uploads\/2023\/05\/tour_patrick-zbinden_berner6_05.05.2023-1024x768.jpg\" alt=\"\" class=\"wp-image-60688\" srcset=\"https:\/\/swissbaker.ch\/wp-content\/uploads\/2023\/05\/tour_patrick-zbinden_berner6_05.05.2023-1024x768.jpg 1024w, https:\/\/swissbaker.ch\/wp-content\/uploads\/2023\/05\/tour_patrick-zbinden_berner6_05.05.2023-768x576.jpg 768w, https:\/\/swissbaker.ch\/wp-content\/uploads\/2023\/05\/tour_patrick-zbinden_berner6_05.05.2023-1536x1152.jpg 1536w, https:\/\/swissbaker.ch\/wp-content\/uploads\/2023\/05\/tour_patrick-zbinden_berner6_05.05.2023-scaled.jpg 2048w, https:\/\/swissbaker.ch\/wp-content\/uploads\/2023\/05\/tour_patrick-zbinden_berner6_05.05.2023-1000x750.jpg 1000w\" sizes=\"(max-width: 1024px) 100vw, 1024px\" \/><\/figure>\n<\/div><\/div>\n\n\n\n<div class=\"wp-block-column\">\n<h3 class=\"wp-block-heading\" id=\"h-walter-buchmann-cafe-berner-hottingerstrasse-zurich\">Walter Buchmann, Caf\u00e9 Berner, Hottingerstrasse, Z\u00fcrich<\/h3>\n\n\n\n<p>En jetant un coup d\u2019\u0153il \u00e0 la vitrine, qui pr\u00e9sente un grand choix de tartes, on comprend vite: \u00abIci, nous sommes au paradis des tartes\u00bb, s\u2019enthousiasme Patrick Zbinden, avant d\u2019opter pour une tarte \u00e0 la rhubarbe et une tarte aux quetsches (cette derni\u00e8re \u00e9tant disponible avec ou sans nappage). \u00abPour moi, c\u2019est la quintessence de la tarte, respectivement les tartes sont une r\u00e9f\u00e9rence ici\u00bb. Selon Zbinden, il n\u2019est pas possible qu\u2019il n\u2019y ait pas de diff\u00e9rence de qualit\u00e9 sensorielle entre la tarte d\u2019un boulanger-confiseur artisanal et celle d\u2019un grand distributeur. Le fond de la tarte est g\u00e9n\u00e9reusement et magnifiquement d\u00e9cor\u00e9 de fruits. Dans celle \u00e0 la rhubarbe que nous d\u00e9gustons, on sent l\u2019acidit\u00e9 douce harmonieuse et la fine couche de noisettes sur le fond croustillant. Le caf\u00e9 Berner est une \u00abinstitution de la tarte\u00bb depuis des d\u00e9cennies. Et oui, ce produit a marqu\u00e9 l\u2019enfance de Patrick: il y avait en effet toujours des tartes chez les Zbinden le vendredi.<\/p>\n<\/div>\n<\/div>\n\n\n\n<div class=\"wp-block-columns\">\n<div class=\"wp-block-column\"><div class=\"wp-block-image\">\n<figure class=\"alignleft size-large\"><img decoding=\"async\" width=\"1024\" height=\"825\" src=\"https:\/\/swissbaker.ch\/wp-content\/uploads\/2023\/05\/tour_patrick-zbinden_baumann_05.05.2023-1024x825.jpg\" alt=\"\" class=\"wp-image-60691\" srcset=\"https:\/\/swissbaker.ch\/wp-content\/uploads\/2023\/05\/tour_patrick-zbinden_baumann_05.05.2023-1024x825.jpg 1024w, https:\/\/swissbaker.ch\/wp-content\/uploads\/2023\/05\/tour_patrick-zbinden_baumann_05.05.2023-768x619.jpg 768w, https:\/\/swissbaker.ch\/wp-content\/uploads\/2023\/05\/tour_patrick-zbinden_baumann_05.05.2023.jpg 1080w\" sizes=\"(max-width: 1024px) 100vw, 1024px\" \/><\/figure>\n<\/div><\/div>\n\n\n\n<div class=\"wp-block-column\">\n<h3 class=\"wp-block-heading\" id=\"h-confiserie-baumann-balgriststrasse-zurich\">Confiserie Baumann, Balgriststrasse, Z\u00fcrich<\/h3>\n\n\n\n<p>La c\u00e9l\u00e8bre confiserie Baumann \u2013 membre du Relais Dessert exclusif et du \u00abConfiseurring\u00bb \u2013 mise \u00e0 100 % sur la fra\u00eecheur et les mati\u00e8res premi\u00e8res les plus nobles. Le propri\u00e9taire Eric Baumann confirme que l\u2019entreprise fabrique elle-m\u00eame 98 % des produits, dont la vanille: Baumann transforme plusieurs sortes de vanille en une p\u00e2te au go\u00fbt harmonieux qui est utilis\u00e9e de diverses mani\u00e8res. La production se faisant sur dix heures par jour et \u00e9tant livr\u00e9e directement au magasin, on trouve encore en vente des bretzels et autres produits frais en fin d\u2019apr\u00e8s-midi. Chaque ann\u00e9e, la confiserie Baumann choisit un th\u00e8me auquel se consacrent Eric Baumann et son \u00e9quipe. Tout est pass\u00e9 au crible \u00e0 cette occasion, et adapt\u00e9 le cas \u00e9ch\u00e9ant. Selon Baumann, ses produits doivent \u00eatre une exp\u00e9rience pour les sens. Patrick Zbinden est impressionn\u00e9 par le souci de qualit\u00e9 et la cr\u00e9ativit\u00e9 de ce dernier, et esp\u00e8re que de tels magasins continueront d\u2019exister \u00e0 l\u2019avenir.<\/p>\n<\/div>\n<\/div>\n\n\n\n<div class=\"wp-block-columns\">\n<div class=\"wp-block-column\"><div class=\"wp-block-image\">\n<figure class=\"alignleft size-large\"><img decoding=\"async\" width=\"768\" height=\"1024\" src=\"https:\/\/swissbaker.ch\/wp-content\/uploads\/2023\/05\/tour_patrick-zbinden_hotz_05.05.2023_web-768x1024.jpg\" alt=\"\" class=\"wp-image-60702\" srcset=\"https:\/\/swissbaker.ch\/wp-content\/uploads\/2023\/05\/tour_patrick-zbinden_hotz_05.05.2023_web-768x1024.jpg 768w, https:\/\/swissbaker.ch\/wp-content\/uploads\/2023\/05\/tour_patrick-zbinden_hotz_05.05.2023_web-1152x1536.jpg 1152w, https:\/\/swissbaker.ch\/wp-content\/uploads\/2023\/05\/tour_patrick-zbinden_hotz_05.05.2023_web-scaled.jpg 1536w\" sizes=\"(max-width: 768px) 100vw, 768px\" \/><\/figure>\n<\/div><\/div>\n\n\n\n<div class=\"wp-block-column\">\n<h3 class=\"wp-block-heading\" id=\"h-backerei-konditorei-confiserie-hotz-dubendorf\">B\u00e4ckerei-Konditorei-Confiserie Hotz, D\u00fcbendorf<\/h3>\n\n\n\n<p>Nous sommes assis sur l\u2019agr\u00e9able terrasse avec le responsable de production, Andreas Stricker, et Patrick Zbinden se rem\u00e9more des souvenirs d\u2019enfance. Pendant les pauses scolaires, les \u00e9l\u00e8ves se faufilaient chez Hotz pour \u00ab\u2009d\u00e9vorer\u2009\u00bb des tas de mini-croissants au beurre ou de tranches d\u2019\u00e9tudiants bon march\u00e9. \u00ab\u2009C\u2019\u00e9tait le nec plus ultra\u2009!\u2009\u00bb Un surveillant d\u2019\u00e9cole \u00e9tait parfois positionn\u00e9 sur le trottoir devant chez Hotz, car il \u00e9tait officiellement interdit d\u2019y aller pendant les pauses, ce qui serait inimaginable de nos jours\u2026 Les tranches d\u2019\u00e9tudiants font toujours partie de l\u2019assortiment Hotz, mais les petits croissants ont disparu, ce que Zbinden regrette beaucoup. L\u2019adaptation de l\u2019assortiment est toujours un exercice d\u2019\u00e9quilibre, explique Andreas Stricker, qui va n\u00e9anmoins rechercher la recette des mini-croissants et, si la production devait reprendre, en informer Patrick Zbinden. Les \u00ab\u2009K\u00fcssli\u2009\u00bb sont l\u2019un des produits phares de Hotz, avec plus de 100 000 unit\u00e9s produites chaque ann\u00e9e.<\/p>\n<\/div>\n<\/div>\n\n\n\n<div class=\"wp-block-columns\">\n<div class=\"wp-block-column\"><div class=\"wp-block-image\">\n<figure class=\"alignleft size-large\"><img decoding=\"async\" width=\"768\" height=\"1024\" src=\"https:\/\/swissbaker.ch\/wp-content\/uploads\/2023\/05\/tour_patrick-zbinden_klaus_05.05.2023-768x1024.jpg\" alt=\"\" class=\"wp-image-60704\" srcset=\"https:\/\/swissbaker.ch\/wp-content\/uploads\/2023\/05\/tour_patrick-zbinden_klaus_05.05.2023-768x1024.jpg 768w, https:\/\/swissbaker.ch\/wp-content\/uploads\/2023\/05\/tour_patrick-zbinden_klaus_05.05.2023-1152x1536.jpg 1152w, https:\/\/swissbaker.ch\/wp-content\/uploads\/2023\/05\/tour_patrick-zbinden_klaus_05.05.2023-scaled.jpg 1536w\" sizes=\"(max-width: 768px) 100vw, 768px\" \/><\/figure>\n<\/div><\/div>\n\n\n\n<div class=\"wp-block-column\">\n<h3 class=\"wp-block-heading\" id=\"h-klaus-genuss-manufaktur-confiserie-bulach\">Klaus Genuss Manufaktur\u2009\/\u2009Confiserie, B\u00fclach<\/h3>\n\n\n\n<p>En entrant dans Klaus Genuss Manufaktur, on se rend vite compte qu\u2019un concept unique de magasin et de vente a \u00e9t\u00e9 mis en place. \u00ab\u2009Le nouvel univers veut mettre la client\u00e8le au centre de l\u2019exp\u00e9rience\u2009\u00bb souligne Mischa Klaus (voir aussi \u00abPanissimo\u00bb du 23 novembre). Pour Zbinden, c\u2019est actuellement la plus belle confiserie de Suisse. Il est extr\u00eamement s\u00e9duit non seulement par l\u2019architecture int\u00e9rieure belle et fonctionnelle, mais aussi par les produits propos\u00e9s dans les vitrines diversement positionn\u00e9es. Pour les pralin\u00e9s et les amarettis contenant de l\u2019alcool, Klaus utilise des spiritueux de qualit\u00e9 sup\u00e9rieure d\u2019une distillerie locale \u2013 ce que Zbinden, analyste sensoriel et expert en spiritueux, sent imm\u00e9diatement \u00e0 la d\u00e9gustation. Genuss Manufaktur Klaus n\u2019\u00e9tait pas une entreprise inconnue pour lui. Il savait en effet que des amis faisaient sp\u00e9cialement le d\u00e9placement de Zurich \u00e0 B\u00fclach pour y acheter d\u2019excellents biscuits ap\u00e9ritifs.<\/p>\n<\/div>\n<\/div>\n\n\n\n<hr class=\"wp-block-separator has-alpha-channel-opacity\"\/>\n\n\n\n<p class=\"has-large-font-size\"><strong>Plus d&#8217;impressions dans <a href=\"https:\/\/swissbaker.ch\/fr\/panissimo-news\/galerie\/impressions-du-tour-du-pain-et-du-chocolat\/\" target=\"_blank\" rel=\"noreferrer noopener\">la galerie de photos<\/a><\/strong><\/p>\n\n\n\n<hr class=\"wp-block-separator has-alpha-channel-opacity\"\/>\n","protected":false},"excerpt":{"rendered":"<p>Am SBC-Kongress vom 13. Juni, geht die zweij\u00e4hrige Amtszeit des renommierten Foodsensorikers Patrick Zbinden als Ambassadeur du pain et du chocolat zu Ende. Den kr\u00f6nenden Abschluss bildet die Tour du pain et du chocolat.<\/p>\n","protected":false},"author":14,"featured_media":60663,"comment_status":"closed","ping_status":"closed","sticky":true,"template":"","format":"standard","meta":{"_acf_changed":false,"footnotes":""},"categories":[42,84,39],"tags":[],"class_list":["post-60775","post","type-post","status-publish","format-standard","has-post-thumbnail","hentry","category-boulangeries-confiseries","category-courant","category-de-la-branche"],"acf":[],"yoast_head":"<!-- This site is optimized with the Yoast SEO Premium plugin v26.8 (Yoast SEO v26.8) - https:\/\/yoast.com\/product\/yoast-seo-premium-wordpress\/ -->\n<title>Tour du pain et du chocolat | SBC<\/title>\n<meta name=\"robots\" content=\"index, follow, max-snippet:-1, max-image-preview:large, max-video-preview:-1\" \/>\n<link rel=\"canonical\" href=\"https:\/\/swissbaker.ch\/fr\/panissimo-news\/auf-tour-du-pain-et-du-chocolat\/\" \/>\n<meta property=\"og:locale\" content=\"fr_FR\" \/>\n<meta property=\"og:type\" content=\"article\" \/>\n<meta property=\"og:title\" content=\"Tour du pain et du chocolat\" \/>\n<meta property=\"og:description\" content=\"Am SBC-Kongress vom 13. Juni, geht die zweij\u00e4hrige Amtszeit des renommierten Foodsensorikers Patrick Zbinden als Ambassadeur du pain et du chocolat zu Ende. Den kr\u00f6nenden Abschluss bildet die Tour du pain et du chocolat.\" \/>\n<meta property=\"og:url\" content=\"https:\/\/swissbaker.ch\/fr\/panissimo-news\/auf-tour-du-pain-et-du-chocolat\/\" \/>\n<meta property=\"og:site_name\" content=\"SBC\" \/>\n<meta property=\"article:publisher\" content=\"https:\/\/www.facebook.com\/swissbaker.ch\" \/>\n<meta property=\"article:published_time\" content=\"2023-05-03T13:07:37+00:00\" \/>\n<meta property=\"article:modified_time\" content=\"2023-05-04T12:21:34+00:00\" \/>\n<meta property=\"og:image\" content=\"https:\/\/swissbaker.ch\/wp-content\/uploads\/2023\/05\/patrick-zbinden_portrait_front_05.05.2023_web-scaled.jpg\" \/>\n\t<meta property=\"og:image:width\" content=\"2048\" \/>\n\t<meta property=\"og:image:height\" content=\"1211\" \/>\n\t<meta property=\"og:image:type\" content=\"image\/jpeg\" \/>\n<meta name=\"author\" content=\"Franzisca Ellenberger\" \/>\n<meta name=\"twitter:card\" content=\"summary_large_image\" \/>\n<meta name=\"twitter:creator\" content=\"@ch_swissbaker\" \/>\n<meta name=\"twitter:site\" content=\"@ch_swissbaker\" \/>\n<meta name=\"twitter:label1\" content=\"Written by\" \/>\n\t<meta name=\"twitter:data1\" content=\"Franzisca Ellenberger\" \/>\n\t<meta name=\"twitter:label2\" content=\"Est. reading time\" \/>\n\t<meta name=\"twitter:data2\" content=\"13 minutes\" \/>\n<script type=\"application\/ld+json\" class=\"yoast-schema-graph\">{\"@context\":\"https:\/\/schema.org\",\"@graph\":[{\"@type\":\"Article\",\"@id\":\"https:\/\/swissbaker.ch\/fr\/panissimo-news\/auf-tour-du-pain-et-du-chocolat\/#article\",\"isPartOf\":{\"@id\":\"https:\/\/swissbaker.ch\/fr\/panissimo-news\/auf-tour-du-pain-et-du-chocolat\/\"},\"author\":{\"name\":\"Franzisca Ellenberger\",\"@id\":\"https:\/\/swissbaker.ch\/fr\/#\/schema\/person\/882cf7a0c343605a02113006afd3cf48\"},\"headline\":\"Tour du pain et du chocolat\",\"datePublished\":\"2023-05-03T13:07:37+00:00\",\"dateModified\":\"2023-05-04T12:21:34+00:00\",\"mainEntityOfPage\":{\"@id\":\"https:\/\/swissbaker.ch\/fr\/panissimo-news\/auf-tour-du-pain-et-du-chocolat\/\"},\"wordCount\":2143,\"publisher\":{\"@id\":\"https:\/\/swissbaker.ch\/fr\/#organization\"},\"image\":{\"@id\":\"https:\/\/swissbaker.ch\/fr\/panissimo-news\/auf-tour-du-pain-et-du-chocolat\/#primaryimage\"},\"thumbnailUrl\":\"https:\/\/swissbaker.ch\/wp-content\/uploads\/2023\/05\/patrick-zbinden_portrait_front_05.05.2023_web-scaled.jpg\",\"articleSection\":[\"Boulangeries\/Confiseries\",\"Courant\",\"De la branche\"],\"inLanguage\":\"fr-FR\"},{\"@type\":\"WebPage\",\"@id\":\"https:\/\/swissbaker.ch\/fr\/panissimo-news\/auf-tour-du-pain-et-du-chocolat\/\",\"url\":\"https:\/\/swissbaker.ch\/fr\/panissimo-news\/auf-tour-du-pain-et-du-chocolat\/\",\"name\":\"Tour du pain et du chocolat | SBC\",\"isPartOf\":{\"@id\":\"https:\/\/swissbaker.ch\/fr\/#website\"},\"primaryImageOfPage\":{\"@id\":\"https:\/\/swissbaker.ch\/fr\/panissimo-news\/auf-tour-du-pain-et-du-chocolat\/#primaryimage\"},\"image\":{\"@id\":\"https:\/\/swissbaker.ch\/fr\/panissimo-news\/auf-tour-du-pain-et-du-chocolat\/#primaryimage\"},\"thumbnailUrl\":\"https:\/\/swissbaker.ch\/wp-content\/uploads\/2023\/05\/patrick-zbinden_portrait_front_05.05.2023_web-scaled.jpg\",\"datePublished\":\"2023-05-03T13:07:37+00:00\",\"dateModified\":\"2023-05-04T12:21:34+00:00\",\"breadcrumb\":{\"@id\":\"https:\/\/swissbaker.ch\/fr\/panissimo-news\/auf-tour-du-pain-et-du-chocolat\/#breadcrumb\"},\"inLanguage\":\"fr-FR\",\"potentialAction\":[{\"@type\":\"ReadAction\",\"target\":[\"https:\/\/swissbaker.ch\/fr\/panissimo-news\/auf-tour-du-pain-et-du-chocolat\/\"]}]},{\"@type\":\"ImageObject\",\"inLanguage\":\"fr-FR\",\"@id\":\"https:\/\/swissbaker.ch\/fr\/panissimo-news\/auf-tour-du-pain-et-du-chocolat\/#primaryimage\",\"url\":\"https:\/\/swissbaker.ch\/wp-content\/uploads\/2023\/05\/patrick-zbinden_portrait_front_05.05.2023_web-scaled.jpg\",\"contentUrl\":\"https:\/\/swissbaker.ch\/wp-content\/uploads\/2023\/05\/patrick-zbinden_portrait_front_05.05.2023_web-scaled.jpg\",\"width\":2048,\"height\":1211,\"caption\":\"OLYMPUS DIGITAL CAMERA\"},{\"@type\":\"BreadcrumbList\",\"@id\":\"https:\/\/swissbaker.ch\/fr\/panissimo-news\/auf-tour-du-pain-et-du-chocolat\/#breadcrumb\",\"itemListElement\":[{\"@type\":\"ListItem\",\"position\":1,\"name\":\"\",\"item\":\"https:\/\/swissbaker.ch\/fr\/\"},{\"@type\":\"ListItem\",\"position\":2,\"name\":\"Courant\",\"item\":\"https:\/\/swissbaker.ch\/fr\/panissimo-news\/category\/courant\/\"},{\"@type\":\"ListItem\",\"position\":3,\"name\":\"Tour du pain et du chocolat\"}]},{\"@type\":\"WebSite\",\"@id\":\"https:\/\/swissbaker.ch\/fr\/#website\",\"url\":\"https:\/\/swissbaker.ch\/fr\/\",\"name\":\"SBC\",\"description\":\"\",\"publisher\":{\"@id\":\"https:\/\/swissbaker.ch\/fr\/#organization\"},\"potentialAction\":[{\"@type\":\"SearchAction\",\"target\":{\"@type\":\"EntryPoint\",\"urlTemplate\":\"https:\/\/swissbaker.ch\/fr\/?s={search_term_string}\"},\"query-input\":{\"@type\":\"PropertyValueSpecification\",\"valueRequired\":true,\"valueName\":\"search_term_string\"}}],\"inLanguage\":\"fr-FR\"},{\"@type\":\"Organization\",\"@id\":\"https:\/\/swissbaker.ch\/fr\/#organization\",\"name\":\"Schweizerischer B\u00e4cker-Confiseurmeister-Verband\",\"url\":\"https:\/\/swissbaker.ch\/fr\/\",\"logo\":{\"@type\":\"ImageObject\",\"inLanguage\":\"fr-FR\",\"@id\":\"https:\/\/swissbaker.ch\/fr\/#\/schema\/logo\/image\/\",\"url\":\"https:\/\/swissbaker.ch\/wp-content\/uploads\/2022\/04\/sbc-logo-yoast.jpg\",\"contentUrl\":\"https:\/\/swissbaker.ch\/wp-content\/uploads\/2022\/04\/sbc-logo-yoast.jpg\",\"width\":512,\"height\":512,\"caption\":\"Schweizerischer B\u00e4cker-Confiseurmeister-Verband\"},\"image\":{\"@id\":\"https:\/\/swissbaker.ch\/fr\/#\/schema\/logo\/image\/\"},\"sameAs\":[\"https:\/\/www.facebook.com\/swissbaker.ch\",\"https:\/\/x.com\/ch_swissbaker\"]},{\"@type\":\"Person\",\"@id\":\"https:\/\/swissbaker.ch\/fr\/#\/schema\/person\/882cf7a0c343605a02113006afd3cf48\",\"name\":\"Franzisca Ellenberger\",\"image\":{\"@type\":\"ImageObject\",\"inLanguage\":\"fr-FR\",\"@id\":\"https:\/\/swissbaker.ch\/fr\/#\/schema\/person\/image\/\",\"url\":\"https:\/\/secure.gravatar.com\/avatar\/cfbbf5e1c965abf6a3e577fb088280ca678978f8d63bfc6ea7a2f0dca671ee5f?s=96&d=mm&r=g\",\"contentUrl\":\"https:\/\/secure.gravatar.com\/avatar\/cfbbf5e1c965abf6a3e577fb088280ca678978f8d63bfc6ea7a2f0dca671ee5f?s=96&d=mm&r=g\",\"caption\":\"Franzisca Ellenberger\"},\"url\":\"https:\/\/swissbaker.ch\/fr\/panissimo-news\/author\/franzisca-ellenberger\/\"}]}<\/script>\n<!-- \/ Yoast SEO Premium plugin. -->","yoast_head_json":{"title":"Tour du pain et du chocolat | SBC","robots":{"index":"index","follow":"follow","max-snippet":"max-snippet:-1","max-image-preview":"max-image-preview:large","max-video-preview":"max-video-preview:-1"},"canonical":"https:\/\/swissbaker.ch\/fr\/panissimo-news\/auf-tour-du-pain-et-du-chocolat\/","og_locale":"fr_FR","og_type":"article","og_title":"Tour du pain et du chocolat","og_description":"Am SBC-Kongress vom 13. Juni, geht die zweij\u00e4hrige Amtszeit des renommierten Foodsensorikers Patrick Zbinden als Ambassadeur du pain et du chocolat zu Ende. Den kr\u00f6nenden Abschluss bildet die Tour du pain et du chocolat.","og_url":"https:\/\/swissbaker.ch\/fr\/panissimo-news\/auf-tour-du-pain-et-du-chocolat\/","og_site_name":"SBC","article_publisher":"https:\/\/www.facebook.com\/swissbaker.ch","article_published_time":"2023-05-03T13:07:37+00:00","article_modified_time":"2023-05-04T12:21:34+00:00","og_image":[{"width":2048,"height":1211,"url":"https:\/\/swissbaker.ch\/wp-content\/uploads\/2023\/05\/patrick-zbinden_portrait_front_05.05.2023_web-scaled.jpg","type":"image\/jpeg"}],"author":"Franzisca Ellenberger","twitter_card":"summary_large_image","twitter_creator":"@ch_swissbaker","twitter_site":"@ch_swissbaker","twitter_misc":{"Written by":"Franzisca Ellenberger","Est. reading time":"13 minutes"},"schema":{"@context":"https:\/\/schema.org","@graph":[{"@type":"Article","@id":"https:\/\/swissbaker.ch\/fr\/panissimo-news\/auf-tour-du-pain-et-du-chocolat\/#article","isPartOf":{"@id":"https:\/\/swissbaker.ch\/fr\/panissimo-news\/auf-tour-du-pain-et-du-chocolat\/"},"author":{"name":"Franzisca Ellenberger","@id":"https:\/\/swissbaker.ch\/fr\/#\/schema\/person\/882cf7a0c343605a02113006afd3cf48"},"headline":"Tour du pain et du chocolat","datePublished":"2023-05-03T13:07:37+00:00","dateModified":"2023-05-04T12:21:34+00:00","mainEntityOfPage":{"@id":"https:\/\/swissbaker.ch\/fr\/panissimo-news\/auf-tour-du-pain-et-du-chocolat\/"},"wordCount":2143,"publisher":{"@id":"https:\/\/swissbaker.ch\/fr\/#organization"},"image":{"@id":"https:\/\/swissbaker.ch\/fr\/panissimo-news\/auf-tour-du-pain-et-du-chocolat\/#primaryimage"},"thumbnailUrl":"https:\/\/swissbaker.ch\/wp-content\/uploads\/2023\/05\/patrick-zbinden_portrait_front_05.05.2023_web-scaled.jpg","articleSection":["Boulangeries\/Confiseries","Courant","De la branche"],"inLanguage":"fr-FR"},{"@type":"WebPage","@id":"https:\/\/swissbaker.ch\/fr\/panissimo-news\/auf-tour-du-pain-et-du-chocolat\/","url":"https:\/\/swissbaker.ch\/fr\/panissimo-news\/auf-tour-du-pain-et-du-chocolat\/","name":"Tour du pain et du chocolat | SBC","isPartOf":{"@id":"https:\/\/swissbaker.ch\/fr\/#website"},"primaryImageOfPage":{"@id":"https:\/\/swissbaker.ch\/fr\/panissimo-news\/auf-tour-du-pain-et-du-chocolat\/#primaryimage"},"image":{"@id":"https:\/\/swissbaker.ch\/fr\/panissimo-news\/auf-tour-du-pain-et-du-chocolat\/#primaryimage"},"thumbnailUrl":"https:\/\/swissbaker.ch\/wp-content\/uploads\/2023\/05\/patrick-zbinden_portrait_front_05.05.2023_web-scaled.jpg","datePublished":"2023-05-03T13:07:37+00:00","dateModified":"2023-05-04T12:21:34+00:00","breadcrumb":{"@id":"https:\/\/swissbaker.ch\/fr\/panissimo-news\/auf-tour-du-pain-et-du-chocolat\/#breadcrumb"},"inLanguage":"fr-FR","potentialAction":[{"@type":"ReadAction","target":["https:\/\/swissbaker.ch\/fr\/panissimo-news\/auf-tour-du-pain-et-du-chocolat\/"]}]},{"@type":"ImageObject","inLanguage":"fr-FR","@id":"https:\/\/swissbaker.ch\/fr\/panissimo-news\/auf-tour-du-pain-et-du-chocolat\/#primaryimage","url":"https:\/\/swissbaker.ch\/wp-content\/uploads\/2023\/05\/patrick-zbinden_portrait_front_05.05.2023_web-scaled.jpg","contentUrl":"https:\/\/swissbaker.ch\/wp-content\/uploads\/2023\/05\/patrick-zbinden_portrait_front_05.05.2023_web-scaled.jpg","width":2048,"height":1211,"caption":"OLYMPUS DIGITAL CAMERA"},{"@type":"BreadcrumbList","@id":"https:\/\/swissbaker.ch\/fr\/panissimo-news\/auf-tour-du-pain-et-du-chocolat\/#breadcrumb","itemListElement":[{"@type":"ListItem","position":1,"name":"","item":"https:\/\/swissbaker.ch\/fr\/"},{"@type":"ListItem","position":2,"name":"Courant","item":"https:\/\/swissbaker.ch\/fr\/panissimo-news\/category\/courant\/"},{"@type":"ListItem","position":3,"name":"Tour du pain et du chocolat"}]},{"@type":"WebSite","@id":"https:\/\/swissbaker.ch\/fr\/#website","url":"https:\/\/swissbaker.ch\/fr\/","name":"SBC","description":"","publisher":{"@id":"https:\/\/swissbaker.ch\/fr\/#organization"},"potentialAction":[{"@type":"SearchAction","target":{"@type":"EntryPoint","urlTemplate":"https:\/\/swissbaker.ch\/fr\/?s={search_term_string}"},"query-input":{"@type":"PropertyValueSpecification","valueRequired":true,"valueName":"search_term_string"}}],"inLanguage":"fr-FR"},{"@type":"Organization","@id":"https:\/\/swissbaker.ch\/fr\/#organization","name":"Schweizerischer B\u00e4cker-Confiseurmeister-Verband","url":"https:\/\/swissbaker.ch\/fr\/","logo":{"@type":"ImageObject","inLanguage":"fr-FR","@id":"https:\/\/swissbaker.ch\/fr\/#\/schema\/logo\/image\/","url":"https:\/\/swissbaker.ch\/wp-content\/uploads\/2022\/04\/sbc-logo-yoast.jpg","contentUrl":"https:\/\/swissbaker.ch\/wp-content\/uploads\/2022\/04\/sbc-logo-yoast.jpg","width":512,"height":512,"caption":"Schweizerischer B\u00e4cker-Confiseurmeister-Verband"},"image":{"@id":"https:\/\/swissbaker.ch\/fr\/#\/schema\/logo\/image\/"},"sameAs":["https:\/\/www.facebook.com\/swissbaker.ch","https:\/\/x.com\/ch_swissbaker"]},{"@type":"Person","@id":"https:\/\/swissbaker.ch\/fr\/#\/schema\/person\/882cf7a0c343605a02113006afd3cf48","name":"Franzisca Ellenberger","image":{"@type":"ImageObject","inLanguage":"fr-FR","@id":"https:\/\/swissbaker.ch\/fr\/#\/schema\/person\/image\/","url":"https:\/\/secure.gravatar.com\/avatar\/cfbbf5e1c965abf6a3e577fb088280ca678978f8d63bfc6ea7a2f0dca671ee5f?s=96&d=mm&r=g","contentUrl":"https:\/\/secure.gravatar.com\/avatar\/cfbbf5e1c965abf6a3e577fb088280ca678978f8d63bfc6ea7a2f0dca671ee5f?s=96&d=mm&r=g","caption":"Franzisca Ellenberger"},"url":"https:\/\/swissbaker.ch\/fr\/panissimo-news\/author\/franzisca-ellenberger\/"}]}},"_links":{"self":[{"href":"https:\/\/swissbaker.ch\/fr\/wp-json\/wp\/v2\/posts\/60775","targetHints":{"allow":["GET"]}}],"collection":[{"href":"https:\/\/swissbaker.ch\/fr\/wp-json\/wp\/v2\/posts"}],"about":[{"href":"https:\/\/swissbaker.ch\/fr\/wp-json\/wp\/v2\/types\/post"}],"author":[{"embeddable":true,"href":"https:\/\/swissbaker.ch\/fr\/wp-json\/wp\/v2\/users\/14"}],"replies":[{"embeddable":true,"href":"https:\/\/swissbaker.ch\/fr\/wp-json\/wp\/v2\/comments?post=60775"}],"version-history":[{"count":0,"href":"https:\/\/swissbaker.ch\/fr\/wp-json\/wp\/v2\/posts\/60775\/revisions"}],"wp:featuredmedia":[{"embeddable":true,"href":"https:\/\/swissbaker.ch\/fr\/wp-json\/wp\/v2\/media\/60663"}],"wp:attachment":[{"href":"https:\/\/swissbaker.ch\/fr\/wp-json\/wp\/v2\/media?parent=60775"}],"wp:term":[{"taxonomy":"category","embeddable":true,"href":"https:\/\/swissbaker.ch\/fr\/wp-json\/wp\/v2\/categories?post=60775"},{"taxonomy":"post_tag","embeddable":true,"href":"https:\/\/swissbaker.ch\/fr\/wp-json\/wp\/v2\/tags?post=60775"}],"curies":[{"name":"wp","href":"https:\/\/api.w.org\/{rel}","templated":true}]}}