{"id":60248,"date":"2023-04-21T10:21:33","date_gmt":"2023-04-21T08:21:33","guid":{"rendered":"https:\/\/swissbaker.ch\/?p=60248"},"modified":"2023-04-21T10:21:34","modified_gmt":"2023-04-21T08:21:34","slug":"tarifs-delectricite-lisses","status":"publish","type":"post","link":"https:\/\/swissbaker.ch\/fr\/panissimo-news\/tarifs-delectricite-lisses\/","title":{"rendered":"Tarifs d\u2019\u00e9lectricit\u00e9 liss\u00e9s"},"content":{"rendered":"\n<p><strong>Dans le dossier des prix de l\u2019\u00e9lectricit\u00e9, les responsables de Romande Energie et ceux de l\u2019association vaudoise des boulangers-confiseurs ont trouv\u00e9 un accord. Les artisans les plus impact\u00e9s voient leurs tarifs liss\u00e9s sur la dur\u00e9e de leur contrat&nbsp;; de quoi leur permettre d\u2019envisager l\u2019avenir plus sereinement.<\/strong><\/p>\n\n\n\n<p>\u00ab&nbsp;L\u2019Etat nous a fait comprendre que ce n\u2019\u00e9tait pas \u00e0 lui d\u2019aider les entreprises impact\u00e9es. Nous nous sommes alors tourn\u00e9s vers le fournisseur d\u2019\u00e9nergie&nbsp;\u00bb, explique Yves Girard, secr\u00e9taire g\u00e9n\u00e9rale des Artisans boulangers-p\u00e2tissiers-confiseurs du canton de Vaud (ABPCV). Durant l\u2019\u00e9t\u00e9, l\u2019association a pr\u00e9alablement effectu\u00e9 un sondage aupr\u00e8s de ses membres afin de cerner l\u2019ampleur du probl\u00e8me. \u00ab&nbsp;Sur les 20 patrons qui nous ont fait parvenir leur contrat, dix n\u2019auraient pas pass\u00e9 l\u2019ann\u00e9e&nbsp;\u00bb, r\u00e9sume-t-il. C\u2019est donc montants \u00e0 l\u2019appui que l\u2019ABPCV contacte Romande Energie. Les parties se rencontrent \u00e0 deux reprises&nbsp;: d\u2019un c\u00f4t\u00e9, pr\u00e9sident, secr\u00e9taire et un membre, de l\u2019autre, directeur g\u00e9n\u00e9ral et responsable de la client\u00e8le.<\/p>\n\n\n\n<h2 class=\"wp-block-heading\" id=\"h-pas-au-dela-de-25-centimes\">Pas au-del\u00e0 de 25 centimes<\/h2>\n\n\n\n<p>\u00ab&nbsp;Ils ont compris la situation&nbsp;\u00bb, assure Yves Girard avant de poursuivre. \u00ab&nbsp;Ils nous ont \u00e9galement expliqu\u00e9 que le 90% du montant des factures en question est constitu\u00e9 de courant acquis aupr\u00e8s de fournisseurs tiers. Leur propre production est destin\u00e9e au march\u00e9 r\u00e9gul\u00e9.&nbsp;\u00bb L\u2019\u00e9lectricit\u00e9 ayant \u00e9t\u00e9 achet\u00e9e, il est tr\u00e8s compliqu\u00e9 d\u2019annuler un contrat. Toutefois, les tarifs sont d\u00e9gressifs. Le fournisseur a donc propos\u00e9 de les \u00ab&nbsp;lisser&nbsp;\u00bb sur l\u2019ensemble de la dur\u00e9e du contrat. L\u2019ABPCV a accept\u00e9 ; \u00e0 ceci pr\u00e8s que cette moyenne ne doit pas d\u00e9passer 25 centimes le kilowattheure. \u00ab&nbsp;Supportable selon nos calculs pour une entreprise, c\u2019est aussi plus ou moins ce que l\u2019on trouve sur le march\u00e9 r\u00e9gul\u00e9.&nbsp;\u00bb Pour les cas o\u00f9 le r\u00e9sultat obtenu est sup\u00e9rieur, le contrat est prolong\u00e9 autant que n\u00e9cessaire pour atteindre la limite fix\u00e9e.<\/p>\n\n\n\n<p>Le secr\u00e9taire vaudois se dit satisfait de la solution trouv\u00e9e. Il encourage cependant ses membres \u00e0 aller plus loin, en r\u00e9alisant un audit sur la consommation&nbsp;: \u00ab&nbsp;Il faut qu\u2019ils y songent. Ils existent certainement des solutions pour diminuer leur consommation.&nbsp;\u00bb<\/p>\n\n\n\n<p class=\"has-text-align-right\"><em>Johann Ruppen<\/em><\/p>\n","protected":false},"excerpt":{"rendered":"<p>Dans le dossier des prix de l\u2019\u00e9lectricit\u00e9, les responsables de Romande Energie et ceux de l\u2019association vaudoise des boulangers-confiseurs ont trouv\u00e9 un accord. Les artisans les plus impact\u00e9s voient leurs tarifs liss\u00e9s sur la dur\u00e9e de leur contrat ; de quoi leur permettre d\u2019envisager l\u2019avenir plus sereinement.<\/p>\n","protected":false},"author":4,"featured_media":50941,"comment_status":"closed","ping_status":"closed","sticky":false,"template":"","format":"standard","meta":{"_acf_changed":false,"footnotes":""},"categories":[40],"tags":[],"class_list":["post-60248","post","type-post","status-publish","format-standard","has-post-thumbnail","hentry","category-des-cantons"],"acf":[],"yoast_head":"<!-- This site is optimized with the Yoast SEO Premium plugin v26.8 (Yoast SEO v26.8) - https:\/\/yoast.com\/product\/yoast-seo-premium-wordpress\/ -->\n<title>Tarifs d\u2019\u00e9lectricit\u00e9 liss\u00e9s | SBC<\/title>\n<meta name=\"description\" content=\"Dans le dossier des prix de l\u2019\u00e9lectricit\u00e9, les responsables de Romande Energie et ceux de l\u2019association vaudoise des boulangers-confiseurs ont trouv\u00e9 un accord.\" \/>\n<meta name=\"robots\" content=\"index, follow, max-snippet:-1, max-image-preview:large, max-video-preview:-1\" \/>\n<link rel=\"canonical\" href=\"https:\/\/swissbaker.ch\/fr\/panissimo-news\/tarifs-delectricite-lisses\/\" \/>\n<meta property=\"og:locale\" content=\"fr_FR\" \/>\n<meta property=\"og:type\" content=\"article\" \/>\n<meta property=\"og:title\" content=\"Tarifs d\u2019\u00e9lectricit\u00e9 liss\u00e9s\" \/>\n<meta property=\"og:description\" content=\"Dans le dossier des prix de l\u2019\u00e9lectricit\u00e9, les responsables de Romande Energie et ceux de l\u2019association vaudoise des boulangers-confiseurs ont trouv\u00e9 un accord.\" \/>\n<meta property=\"og:url\" content=\"https:\/\/swissbaker.ch\/fr\/panissimo-news\/tarifs-delectricite-lisses\/\" \/>\n<meta property=\"og:site_name\" content=\"SBC\" \/>\n<meta property=\"article:publisher\" content=\"https:\/\/www.facebook.com\/swissbaker.ch\" \/>\n<meta property=\"article:published_time\" content=\"2023-04-21T08:21:33+00:00\" \/>\n<meta property=\"article:modified_time\" content=\"2023-04-21T08:21:34+00:00\" \/>\n<meta property=\"og:image\" content=\"https:\/\/swissbaker.ch\/wp-content\/uploads\/2022\/10\/19_1_energie.jpg\" \/>\n\t<meta property=\"og:image:width\" content=\"800\" \/>\n\t<meta property=\"og:image:height\" content=\"474\" \/>\n\t<meta property=\"og:image:type\" content=\"image\/jpeg\" \/>\n<meta name=\"author\" content=\"Elina Laich\" \/>\n<meta name=\"twitter:card\" content=\"summary_large_image\" \/>\n<meta name=\"twitter:creator\" content=\"@ch_swissbaker\" \/>\n<meta name=\"twitter:site\" content=\"@ch_swissbaker\" \/>\n<meta name=\"twitter:label1\" content=\"Written by\" \/>\n\t<meta name=\"twitter:data1\" content=\"Elina Laich\" \/>\n\t<meta name=\"twitter:label2\" content=\"Est. reading time\" \/>\n\t<meta name=\"twitter:data2\" content=\"2 minutes\" \/>\n<script type=\"application\/ld+json\" class=\"yoast-schema-graph\">{\"@context\":\"https:\/\/schema.org\",\"@graph\":[{\"@type\":\"Article\",\"@id\":\"https:\/\/swissbaker.ch\/fr\/panissimo-news\/tarifs-delectricite-lisses\/#article\",\"isPartOf\":{\"@id\":\"https:\/\/swissbaker.ch\/fr\/panissimo-news\/tarifs-delectricite-lisses\/\"},\"author\":{\"name\":\"Elina Laich\",\"@id\":\"https:\/\/swissbaker.ch\/fr\/#\/schema\/person\/0c7464407782a0917d6e91a74206a176\"},\"headline\":\"Tarifs d\u2019\u00e9lectricit\u00e9 liss\u00e9s\",\"datePublished\":\"2023-04-21T08:21:33+00:00\",\"dateModified\":\"2023-04-21T08:21:34+00:00\",\"mainEntityOfPage\":{\"@id\":\"https:\/\/swissbaker.ch\/fr\/panissimo-news\/tarifs-delectricite-lisses\/\"},\"wordCount\":404,\"publisher\":{\"@id\":\"https:\/\/swissbaker.ch\/fr\/#organization\"},\"image\":{\"@id\":\"https:\/\/swissbaker.ch\/fr\/panissimo-news\/tarifs-delectricite-lisses\/#primaryimage\"},\"thumbnailUrl\":\"https:\/\/swissbaker.ch\/wp-content\/uploads\/2022\/10\/19_1_energie.jpg\",\"articleSection\":[\"Des cantons\"],\"inLanguage\":\"fr-FR\"},{\"@type\":\"WebPage\",\"@id\":\"https:\/\/swissbaker.ch\/fr\/panissimo-news\/tarifs-delectricite-lisses\/\",\"url\":\"https:\/\/swissbaker.ch\/fr\/panissimo-news\/tarifs-delectricite-lisses\/\",\"name\":\"Tarifs d\u2019\u00e9lectricit\u00e9 liss\u00e9s | SBC\",\"isPartOf\":{\"@id\":\"https:\/\/swissbaker.ch\/fr\/#website\"},\"primaryImageOfPage\":{\"@id\":\"https:\/\/swissbaker.ch\/fr\/panissimo-news\/tarifs-delectricite-lisses\/#primaryimage\"},\"image\":{\"@id\":\"https:\/\/swissbaker.ch\/fr\/panissimo-news\/tarifs-delectricite-lisses\/#primaryimage\"},\"thumbnailUrl\":\"https:\/\/swissbaker.ch\/wp-content\/uploads\/2022\/10\/19_1_energie.jpg\",\"datePublished\":\"2023-04-21T08:21:33+00:00\",\"dateModified\":\"2023-04-21T08:21:34+00:00\",\"description\":\"Dans le dossier des prix de l\u2019\u00e9lectricit\u00e9, les responsables de Romande Energie et ceux de l\u2019association vaudoise des boulangers-confiseurs ont trouv\u00e9 un accord.\",\"breadcrumb\":{\"@id\":\"https:\/\/swissbaker.ch\/fr\/panissimo-news\/tarifs-delectricite-lisses\/#breadcrumb\"},\"inLanguage\":\"fr-FR\",\"potentialAction\":[{\"@type\":\"ReadAction\",\"target\":[\"https:\/\/swissbaker.ch\/fr\/panissimo-news\/tarifs-delectricite-lisses\/\"]}]},{\"@type\":\"ImageObject\",\"inLanguage\":\"fr-FR\",\"@id\":\"https:\/\/swissbaker.ch\/fr\/panissimo-news\/tarifs-delectricite-lisses\/#primaryimage\",\"url\":\"https:\/\/swissbaker.ch\/wp-content\/uploads\/2022\/10\/19_1_energie.jpg\",\"contentUrl\":\"https:\/\/swissbaker.ch\/wp-content\/uploads\/2022\/10\/19_1_energie.jpg\",\"width\":800,\"height\":474,\"caption\":\"Energie Strom\"},{\"@type\":\"BreadcrumbList\",\"@id\":\"https:\/\/swissbaker.ch\/fr\/panissimo-news\/tarifs-delectricite-lisses\/#breadcrumb\",\"itemListElement\":[{\"@type\":\"ListItem\",\"position\":1,\"name\":\"\",\"item\":\"https:\/\/swissbaker.ch\/fr\/\"},{\"@type\":\"ListItem\",\"position\":2,\"name\":\"Des cantons\",\"item\":\"https:\/\/swissbaker.ch\/fr\/panissimo-news\/category\/des-cantons\/\"},{\"@type\":\"ListItem\",\"position\":3,\"name\":\"Tarifs d\u2019\u00e9lectricit\u00e9 liss\u00e9s\"}]},{\"@type\":\"WebSite\",\"@id\":\"https:\/\/swissbaker.ch\/fr\/#website\",\"url\":\"https:\/\/swissbaker.ch\/fr\/\",\"name\":\"SBC\",\"description\":\"\",\"publisher\":{\"@id\":\"https:\/\/swissbaker.ch\/fr\/#organization\"},\"potentialAction\":[{\"@type\":\"SearchAction\",\"target\":{\"@type\":\"EntryPoint\",\"urlTemplate\":\"https:\/\/swissbaker.ch\/fr\/?s={search_term_string}\"},\"query-input\":{\"@type\":\"PropertyValueSpecification\",\"valueRequired\":true,\"valueName\":\"search_term_string\"}}],\"inLanguage\":\"fr-FR\"},{\"@type\":\"Organization\",\"@id\":\"https:\/\/swissbaker.ch\/fr\/#organization\",\"name\":\"Schweizerischer B\u00e4cker-Confiseurmeister-Verband\",\"url\":\"https:\/\/swissbaker.ch\/fr\/\",\"logo\":{\"@type\":\"ImageObject\",\"inLanguage\":\"fr-FR\",\"@id\":\"https:\/\/swissbaker.ch\/fr\/#\/schema\/logo\/image\/\",\"url\":\"https:\/\/swissbaker.ch\/wp-content\/uploads\/2022\/04\/sbc-logo-yoast.jpg\",\"contentUrl\":\"https:\/\/swissbaker.ch\/wp-content\/uploads\/2022\/04\/sbc-logo-yoast.jpg\",\"width\":512,\"height\":512,\"caption\":\"Schweizerischer B\u00e4cker-Confiseurmeister-Verband\"},\"image\":{\"@id\":\"https:\/\/swissbaker.ch\/fr\/#\/schema\/logo\/image\/\"},\"sameAs\":[\"https:\/\/www.facebook.com\/swissbaker.ch\",\"https:\/\/x.com\/ch_swissbaker\"]},{\"@type\":\"Person\",\"@id\":\"https:\/\/swissbaker.ch\/fr\/#\/schema\/person\/0c7464407782a0917d6e91a74206a176\",\"name\":\"Elina Laich\",\"image\":{\"@type\":\"ImageObject\",\"inLanguage\":\"fr-FR\",\"@id\":\"https:\/\/swissbaker.ch\/fr\/#\/schema\/person\/image\/\",\"url\":\"https:\/\/secure.gravatar.com\/avatar\/f942ca5f8668781d3ded9592a21de46001e053aff264ff1c6deb97b59d3604b2?s=96&d=mm&r=g\",\"contentUrl\":\"https:\/\/secure.gravatar.com\/avatar\/f942ca5f8668781d3ded9592a21de46001e053aff264ff1c6deb97b59d3604b2?s=96&d=mm&r=g\",\"caption\":\"Elina Laich\"},\"url\":\"https:\/\/swissbaker.ch\/fr\/panissimo-news\/author\/elina-laich\/\"}]}<\/script>\n<!-- \/ Yoast SEO Premium plugin. -->","yoast_head_json":{"title":"Tarifs d\u2019\u00e9lectricit\u00e9 liss\u00e9s | SBC","description":"Dans le dossier des prix de l\u2019\u00e9lectricit\u00e9, les responsables de Romande Energie et ceux de l\u2019association vaudoise des boulangers-confiseurs ont trouv\u00e9 un accord.","robots":{"index":"index","follow":"follow","max-snippet":"max-snippet:-1","max-image-preview":"max-image-preview:large","max-video-preview":"max-video-preview:-1"},"canonical":"https:\/\/swissbaker.ch\/fr\/panissimo-news\/tarifs-delectricite-lisses\/","og_locale":"fr_FR","og_type":"article","og_title":"Tarifs d\u2019\u00e9lectricit\u00e9 liss\u00e9s","og_description":"Dans le dossier des prix de l\u2019\u00e9lectricit\u00e9, les responsables de Romande Energie et ceux de l\u2019association vaudoise des boulangers-confiseurs ont trouv\u00e9 un accord.","og_url":"https:\/\/swissbaker.ch\/fr\/panissimo-news\/tarifs-delectricite-lisses\/","og_site_name":"SBC","article_publisher":"https:\/\/www.facebook.com\/swissbaker.ch","article_published_time":"2023-04-21T08:21:33+00:00","article_modified_time":"2023-04-21T08:21:34+00:00","og_image":[{"width":800,"height":474,"url":"https:\/\/swissbaker.ch\/wp-content\/uploads\/2022\/10\/19_1_energie.jpg","type":"image\/jpeg"}],"author":"Elina Laich","twitter_card":"summary_large_image","twitter_creator":"@ch_swissbaker","twitter_site":"@ch_swissbaker","twitter_misc":{"Written by":"Elina Laich","Est. reading time":"2 minutes"},"schema":{"@context":"https:\/\/schema.org","@graph":[{"@type":"Article","@id":"https:\/\/swissbaker.ch\/fr\/panissimo-news\/tarifs-delectricite-lisses\/#article","isPartOf":{"@id":"https:\/\/swissbaker.ch\/fr\/panissimo-news\/tarifs-delectricite-lisses\/"},"author":{"name":"Elina Laich","@id":"https:\/\/swissbaker.ch\/fr\/#\/schema\/person\/0c7464407782a0917d6e91a74206a176"},"headline":"Tarifs d\u2019\u00e9lectricit\u00e9 liss\u00e9s","datePublished":"2023-04-21T08:21:33+00:00","dateModified":"2023-04-21T08:21:34+00:00","mainEntityOfPage":{"@id":"https:\/\/swissbaker.ch\/fr\/panissimo-news\/tarifs-delectricite-lisses\/"},"wordCount":404,"publisher":{"@id":"https:\/\/swissbaker.ch\/fr\/#organization"},"image":{"@id":"https:\/\/swissbaker.ch\/fr\/panissimo-news\/tarifs-delectricite-lisses\/#primaryimage"},"thumbnailUrl":"https:\/\/swissbaker.ch\/wp-content\/uploads\/2022\/10\/19_1_energie.jpg","articleSection":["Des cantons"],"inLanguage":"fr-FR"},{"@type":"WebPage","@id":"https:\/\/swissbaker.ch\/fr\/panissimo-news\/tarifs-delectricite-lisses\/","url":"https:\/\/swissbaker.ch\/fr\/panissimo-news\/tarifs-delectricite-lisses\/","name":"Tarifs d\u2019\u00e9lectricit\u00e9 liss\u00e9s | SBC","isPartOf":{"@id":"https:\/\/swissbaker.ch\/fr\/#website"},"primaryImageOfPage":{"@id":"https:\/\/swissbaker.ch\/fr\/panissimo-news\/tarifs-delectricite-lisses\/#primaryimage"},"image":{"@id":"https:\/\/swissbaker.ch\/fr\/panissimo-news\/tarifs-delectricite-lisses\/#primaryimage"},"thumbnailUrl":"https:\/\/swissbaker.ch\/wp-content\/uploads\/2022\/10\/19_1_energie.jpg","datePublished":"2023-04-21T08:21:33+00:00","dateModified":"2023-04-21T08:21:34+00:00","description":"Dans le dossier des prix de l\u2019\u00e9lectricit\u00e9, les responsables de Romande Energie et ceux de l\u2019association vaudoise des boulangers-confiseurs ont trouv\u00e9 un accord.","breadcrumb":{"@id":"https:\/\/swissbaker.ch\/fr\/panissimo-news\/tarifs-delectricite-lisses\/#breadcrumb"},"inLanguage":"fr-FR","potentialAction":[{"@type":"ReadAction","target":["https:\/\/swissbaker.ch\/fr\/panissimo-news\/tarifs-delectricite-lisses\/"]}]},{"@type":"ImageObject","inLanguage":"fr-FR","@id":"https:\/\/swissbaker.ch\/fr\/panissimo-news\/tarifs-delectricite-lisses\/#primaryimage","url":"https:\/\/swissbaker.ch\/wp-content\/uploads\/2022\/10\/19_1_energie.jpg","contentUrl":"https:\/\/swissbaker.ch\/wp-content\/uploads\/2022\/10\/19_1_energie.jpg","width":800,"height":474,"caption":"Energie Strom"},{"@type":"BreadcrumbList","@id":"https:\/\/swissbaker.ch\/fr\/panissimo-news\/tarifs-delectricite-lisses\/#breadcrumb","itemListElement":[{"@type":"ListItem","position":1,"name":"","item":"https:\/\/swissbaker.ch\/fr\/"},{"@type":"ListItem","position":2,"name":"Des cantons","item":"https:\/\/swissbaker.ch\/fr\/panissimo-news\/category\/des-cantons\/"},{"@type":"ListItem","position":3,"name":"Tarifs d\u2019\u00e9lectricit\u00e9 liss\u00e9s"}]},{"@type":"WebSite","@id":"https:\/\/swissbaker.ch\/fr\/#website","url":"https:\/\/swissbaker.ch\/fr\/","name":"SBC","description":"","publisher":{"@id":"https:\/\/swissbaker.ch\/fr\/#organization"},"potentialAction":[{"@type":"SearchAction","target":{"@type":"EntryPoint","urlTemplate":"https:\/\/swissbaker.ch\/fr\/?s={search_term_string}"},"query-input":{"@type":"PropertyValueSpecification","valueRequired":true,"valueName":"search_term_string"}}],"inLanguage":"fr-FR"},{"@type":"Organization","@id":"https:\/\/swissbaker.ch\/fr\/#organization","name":"Schweizerischer B\u00e4cker-Confiseurmeister-Verband","url":"https:\/\/swissbaker.ch\/fr\/","logo":{"@type":"ImageObject","inLanguage":"fr-FR","@id":"https:\/\/swissbaker.ch\/fr\/#\/schema\/logo\/image\/","url":"https:\/\/swissbaker.ch\/wp-content\/uploads\/2022\/04\/sbc-logo-yoast.jpg","contentUrl":"https:\/\/swissbaker.ch\/wp-content\/uploads\/2022\/04\/sbc-logo-yoast.jpg","width":512,"height":512,"caption":"Schweizerischer B\u00e4cker-Confiseurmeister-Verband"},"image":{"@id":"https:\/\/swissbaker.ch\/fr\/#\/schema\/logo\/image\/"},"sameAs":["https:\/\/www.facebook.com\/swissbaker.ch","https:\/\/x.com\/ch_swissbaker"]},{"@type":"Person","@id":"https:\/\/swissbaker.ch\/fr\/#\/schema\/person\/0c7464407782a0917d6e91a74206a176","name":"Elina Laich","image":{"@type":"ImageObject","inLanguage":"fr-FR","@id":"https:\/\/swissbaker.ch\/fr\/#\/schema\/person\/image\/","url":"https:\/\/secure.gravatar.com\/avatar\/f942ca5f8668781d3ded9592a21de46001e053aff264ff1c6deb97b59d3604b2?s=96&d=mm&r=g","contentUrl":"https:\/\/secure.gravatar.com\/avatar\/f942ca5f8668781d3ded9592a21de46001e053aff264ff1c6deb97b59d3604b2?s=96&d=mm&r=g","caption":"Elina Laich"},"url":"https:\/\/swissbaker.ch\/fr\/panissimo-news\/author\/elina-laich\/"}]}},"_links":{"self":[{"href":"https:\/\/swissbaker.ch\/fr\/wp-json\/wp\/v2\/posts\/60248","targetHints":{"allow":["GET"]}}],"collection":[{"href":"https:\/\/swissbaker.ch\/fr\/wp-json\/wp\/v2\/posts"}],"about":[{"href":"https:\/\/swissbaker.ch\/fr\/wp-json\/wp\/v2\/types\/post"}],"author":[{"embeddable":true,"href":"https:\/\/swissbaker.ch\/fr\/wp-json\/wp\/v2\/users\/4"}],"replies":[{"embeddable":true,"href":"https:\/\/swissbaker.ch\/fr\/wp-json\/wp\/v2\/comments?post=60248"}],"version-history":[{"count":0,"href":"https:\/\/swissbaker.ch\/fr\/wp-json\/wp\/v2\/posts\/60248\/revisions"}],"wp:featuredmedia":[{"embeddable":true,"href":"https:\/\/swissbaker.ch\/fr\/wp-json\/wp\/v2\/media\/50941"}],"wp:attachment":[{"href":"https:\/\/swissbaker.ch\/fr\/wp-json\/wp\/v2\/media?parent=60248"}],"wp:term":[{"taxonomy":"category","embeddable":true,"href":"https:\/\/swissbaker.ch\/fr\/wp-json\/wp\/v2\/categories?post=60248"},{"taxonomy":"post_tag","embeddable":true,"href":"https:\/\/swissbaker.ch\/fr\/wp-json\/wp\/v2\/tags?post=60248"}],"curies":[{"name":"wp","href":"https:\/\/api.w.org\/{rel}","templated":true}]}}