{"id":60212,"date":"2023-04-19T13:51:37","date_gmt":"2023-04-19T11:51:37","guid":{"rendered":"https:\/\/swissbaker.ch\/?p=60212"},"modified":"2023-04-20T11:39:13","modified_gmt":"2023-04-20T09:39:13","slug":"lutte-contre-le-gaspillage-alimentaire-3","status":"publish","type":"post","link":"https:\/\/swissbaker.ch\/fr\/panissimo-news\/lutte-contre-le-gaspillage-alimentaire-3\/","title":{"rendered":"<strong>Lutte contre le gaspillage alimentaire<\/strong>"},"content":{"rendered":"\n<p><strong>La branche artisanale de la boulangerie-confiserie d\u00e9clare la guerre au gaspillage alimentaire en collaboration avec United Against Waste (UAW) et l&#8217;Office f\u00e9d\u00e9ral de l&#8217;environnement (OFEFP). Quelque 40 entreprises membres de l&#8217;Association suisse des patrons boulangers-confiseurs BCS ont particip\u00e9 mardi au Kick-off Workshop au si\u00e8ge de Pistor \u00e0 Rothenburg (LU). Un groupe de travail est maintenant charg\u00e9 d\u2019\u00e9laborer un projet pilote en collaboration avec l&#8217;UAW et l&#8217;OFEFP.<\/strong><\/p>\n\n\n\n<p>L&#8217;automne dernier, la BCS a sign\u00e9 un accord interprofessionnel pour la r\u00e9duction du gaspillage alimentaire. Avec ce plan d&#8217;action contre le gaspillage des denr\u00e9es alimentaires, le Conseil f\u00e9d\u00e9ral veut r\u00e9duire de moiti\u00e9 les pertes alimentaires pouvant \u00eatre \u00e9vit\u00e9es d&#8217;ici 2030 par rapport \u00e0 2017.<\/p>\n\n\n\n<h2 class=\"wp-block-heading\" id=\"h-pas-d-effort-supplementaire\"><strong>Pas d&#8217;effort suppl\u00e9mentaire<\/strong><strong><\/strong><\/h2>\n\n\n\n<p>Ce plan d&#8217;action est divis\u00e9 en deux phases. La premi\u00e8re phase (2022 \u00e0 2025) comprend sept mesures de responsabilit\u00e9 de l&#8217;\u00e9conomie, cinq mesures des pouvoirs publics et deux mesures d&#8217;information et de formation. En 2025, la Conf\u00e9d\u00e9ration publiera des donn\u00e9es actualis\u00e9es sur les pertes de denr\u00e9es alimentaires \u00e0 tous les niveaux de la cha\u00eene d&#8217;approvisionnement ou de cr\u00e9ation de valeur, c&#8217;est-\u00e0-dire l&#8217;agriculture, l&#8217;industrie de transformation, le commerce, la restauration et les m\u00e9nages, et analysera si les mesures du plan d&#8217;action sont suffisantes.<\/p>\n\n\n\n<h2 class=\"wp-block-heading\"><strong>Des solutions r\u00e9alisables<\/strong><strong><\/strong><\/h2>\n\n\n\n<p>\u00abLa BCS a d\u00e9clar\u00e9 la guerre au gaspillage alimentaire depuis longtemps d\u00e9j\u00e0\u00bb, a soulign\u00e9 le directeur de la BCS Urs Wellauer-Boschung lors du Workshop, et rappel\u00e9 que l&#8217;association compte parmi les membres fondateurs de l&#8217;UAW. Cet atelier sert \u00e0 faire un premier pas et \u00e0 recueillir des impulsions. Il a plaid\u00e9 pour des solutions r\u00e9alisables ne g\u00e9n\u00e9rant pas de charges administratives suppl\u00e9mentaires pour les membres.<\/p>\n\n\n\n<p>2,8 millions de tonnes de d\u00e9chets alimentaires sont jet\u00e9s chaque ann\u00e9e en Suisse, a constat\u00e9 Markus Hurschler, directeur de l&#8217;UAW. Deux tiers de ces d\u00e9chets pourraient \u00eatre \u00e9vit\u00e9s. La pression pour trouver des solutions contre le gaspillage alimentaire est \u00e9norme, \u00abil est grand temps!\u00bb, a soulign\u00e9 Susanne Blank, responsable de la division \u00c9conomie et Innovation \u00e0 l&#8217;Office f\u00e9d\u00e9ral de l&#8217;environnement (OFEFP), qui a pr\u00e9sent\u00e9 le plan d&#8217;action et les objectifs.<\/p>\n\n\n\n<p>Pour la gestion des d\u00e9chets alimentaires, il faut appliquer 4 principes, a expliqu\u00e9 Reto Fries, directeur de l&#8217;\u00e9cole professionnelle Richemont \u00e0 Lucerne: responsabiliser, r\u00e9duire, \u00e9viter, valoriser. Il a pr\u00e9sent\u00e9 une \u00e9tude sur la boulangerie UAW datant de 2014.<\/p>\n\n\n\n<h2 class=\"wp-block-heading\"><strong>Une mise en \u0153uvre pas toujours facile<\/strong><strong><\/strong><\/h2>\n\n\n\n<p>Les participants se sont montr\u00e9s int\u00e9ress\u00e9s et engag\u00e9s. Certains ont d\u00e9clar\u00e9 qu&#8217;ils avaient d\u00e9j\u00e0 entrepris beaucoup dans le domaine du gaspillage alimentaire. D\u2019autres membres ont \u00e9galement soulign\u00e9 que la mise en \u0153uvre ne serait pas facile, car il faut tenir compte de trois domaines: la production, la vente et la restauration. Quels tools peuvent \u00eatre utilis\u00e9s? C&#8217;est pr\u00e9cis\u00e9ment pour cette raison que cet atelier a \u00e9t\u00e9 organis\u00e9, a expliqu\u00e9 Urs Wellauer.<\/p>\n\n\n\n<p class=\"has-text-align-right\"><em>Claudia Vernocchi<\/em><\/p>\n\n\n\n<figure class=\"wp-block-gallery has-nested-images columns-1 wp-block-gallery-1\">\n<figure class=\"wp-block-image size-large\"><img decoding=\"async\" width=\"1024\" height=\"684\" data-id=\"60043\" src=\"https:\/\/swissbaker.ch\/wp-content\/uploads\/2023\/04\/dsc3158-1024x684.jpeg\" alt=\"UAW Food Waste 2023\" class=\"wp-image-60043\" srcset=\"https:\/\/swissbaker.ch\/wp-content\/uploads\/2023\/04\/dsc3158-1024x684.jpeg 1024w, https:\/\/swissbaker.ch\/wp-content\/uploads\/2023\/04\/dsc3158-768x513.jpeg 768w, https:\/\/swissbaker.ch\/wp-content\/uploads\/2023\/04\/dsc3158-1536x1025.jpeg 1536w, https:\/\/swissbaker.ch\/wp-content\/uploads\/2023\/04\/dsc3158-scaled.jpeg 2048w\" sizes=\"(max-width: 1024px) 100vw, 1024px\" \/><figcaption class=\"wp-element-caption\">Fokus Food Save 2023 \u00a9Patrik Walker<\/figcaption><\/figure>\n\n\n\n<figure class=\"wp-block-image size-large\"><img decoding=\"async\" width=\"1024\" height=\"684\" data-id=\"60037\" src=\"https:\/\/swissbaker.ch\/wp-content\/uploads\/2023\/04\/dsc3168-1024x684.jpeg\" alt=\"UAW Food Waste 2023\" class=\"wp-image-60037\" srcset=\"https:\/\/swissbaker.ch\/wp-content\/uploads\/2023\/04\/dsc3168-1024x684.jpeg 1024w, https:\/\/swissbaker.ch\/wp-content\/uploads\/2023\/04\/dsc3168-768x513.jpeg 768w, https:\/\/swissbaker.ch\/wp-content\/uploads\/2023\/04\/dsc3168-1536x1025.jpeg 1536w, https:\/\/swissbaker.ch\/wp-content\/uploads\/2023\/04\/dsc3168-scaled.jpeg 2048w\" sizes=\"(max-width: 1024px) 100vw, 1024px\" \/><figcaption class=\"wp-element-caption\">Fokus Food Save 2023 \u00a9Patrik Walker<\/figcaption><\/figure>\n\n\n\n<figure class=\"wp-block-image size-large\"><img decoding=\"async\" width=\"1024\" height=\"684\" data-id=\"60041\" src=\"https:\/\/swissbaker.ch\/wp-content\/uploads\/2023\/04\/dsc3162-1024x684.jpeg\" alt=\"UAW Food Waste 2023\" class=\"wp-image-60041\" srcset=\"https:\/\/swissbaker.ch\/wp-content\/uploads\/2023\/04\/dsc3162-1024x684.jpeg 1024w, https:\/\/swissbaker.ch\/wp-content\/uploads\/2023\/04\/dsc3162-768x513.jpeg 768w, https:\/\/swissbaker.ch\/wp-content\/uploads\/2023\/04\/dsc3162-1536x1025.jpeg 1536w, https:\/\/swissbaker.ch\/wp-content\/uploads\/2023\/04\/dsc3162-scaled.jpeg 2048w\" sizes=\"(max-width: 1024px) 100vw, 1024px\" \/><figcaption class=\"wp-element-caption\">Fokus Food Save 2023 \u00a9Patrik Walker<\/figcaption><\/figure>\n\n\n\n<figure class=\"wp-block-image size-large\"><img decoding=\"async\" width=\"1024\" height=\"684\" data-id=\"60039\" src=\"https:\/\/swissbaker.ch\/wp-content\/uploads\/2023\/04\/dsc3188-1024x684.jpeg\" alt=\"UAW Food Waste 2023\" class=\"wp-image-60039\" srcset=\"https:\/\/swissbaker.ch\/wp-content\/uploads\/2023\/04\/dsc3188-1024x684.jpeg 1024w, https:\/\/swissbaker.ch\/wp-content\/uploads\/2023\/04\/dsc3188-768x513.jpeg 768w, https:\/\/swissbaker.ch\/wp-content\/uploads\/2023\/04\/dsc3188-1536x1025.jpeg 1536w, https:\/\/swissbaker.ch\/wp-content\/uploads\/2023\/04\/dsc3188-scaled.jpeg 2048w\" sizes=\"(max-width: 1024px) 100vw, 1024px\" \/><figcaption class=\"wp-element-caption\">Fokus Food Save 2023 \u00a9Patrik Walker<\/figcaption><\/figure>\n\n\n\n<figure class=\"wp-block-image size-large\"><img decoding=\"async\" width=\"1024\" height=\"684\" data-id=\"60045\" src=\"https:\/\/swissbaker.ch\/wp-content\/uploads\/2023\/04\/dsc3170-1024x684.jpeg\" alt=\"UAW Food Waste 2023\" class=\"wp-image-60045\" srcset=\"https:\/\/swissbaker.ch\/wp-content\/uploads\/2023\/04\/dsc3170-1024x684.jpeg 1024w, https:\/\/swissbaker.ch\/wp-content\/uploads\/2023\/04\/dsc3170-768x513.jpeg 768w, https:\/\/swissbaker.ch\/wp-content\/uploads\/2023\/04\/dsc3170-1536x1025.jpeg 1536w, https:\/\/swissbaker.ch\/wp-content\/uploads\/2023\/04\/dsc3170-scaled.jpeg 2048w\" sizes=\"(max-width: 1024px) 100vw, 1024px\" \/><figcaption class=\"wp-element-caption\">Fokus Food Save 2023 \u00a9Patrik Walker<\/figcaption><\/figure>\n\n\n\n<figure class=\"wp-block-image size-large\"><img decoding=\"async\" width=\"1024\" height=\"684\" data-id=\"60035\" src=\"https:\/\/swissbaker.ch\/wp-content\/uploads\/2023\/04\/dsc3176-1024x684.jpeg\" alt=\"UAW Food Waste 2023\" class=\"wp-image-60035\" srcset=\"https:\/\/swissbaker.ch\/wp-content\/uploads\/2023\/04\/dsc3176-1024x684.jpeg 1024w, https:\/\/swissbaker.ch\/wp-content\/uploads\/2023\/04\/dsc3176-768x513.jpeg 768w, https:\/\/swissbaker.ch\/wp-content\/uploads\/2023\/04\/dsc3176-1536x1025.jpeg 1536w, https:\/\/swissbaker.ch\/wp-content\/uploads\/2023\/04\/dsc3176-scaled.jpeg 2048w\" sizes=\"(max-width: 1024px) 100vw, 1024px\" \/><figcaption class=\"wp-element-caption\">Fokus Food Save 2023 \u00a9Patrik Walker<\/figcaption><\/figure>\n\n\n\n<figure class=\"wp-block-image size-large\"><img decoding=\"async\" width=\"1024\" height=\"684\" data-id=\"60048\" src=\"https:\/\/swissbaker.ch\/wp-content\/uploads\/2023\/04\/dsc3200-1024x684.jpeg\" alt=\"UAW Food Waste 2023\" class=\"wp-image-60048\" srcset=\"https:\/\/swissbaker.ch\/wp-content\/uploads\/2023\/04\/dsc3200-1024x684.jpeg 1024w, https:\/\/swissbaker.ch\/wp-content\/uploads\/2023\/04\/dsc3200-768x513.jpeg 768w, https:\/\/swissbaker.ch\/wp-content\/uploads\/2023\/04\/dsc3200-1536x1025.jpeg 1536w, https:\/\/swissbaker.ch\/wp-content\/uploads\/2023\/04\/dsc3200-scaled.jpeg 2048w\" sizes=\"(max-width: 1024px) 100vw, 1024px\" \/><figcaption class=\"wp-element-caption\">Fokus Food Save 2023 \u00a9Patrik Walker<\/figcaption><\/figure>\n\n\n\n<figure class=\"wp-block-image size-large\"><img decoding=\"async\" width=\"1024\" height=\"684\" data-id=\"60049\" src=\"https:\/\/swissbaker.ch\/wp-content\/uploads\/2023\/04\/dsc3196-1024x684.jpeg\" alt=\"UAW Food Waste 2023\" class=\"wp-image-60049\" srcset=\"https:\/\/swissbaker.ch\/wp-content\/uploads\/2023\/04\/dsc3196-1024x684.jpeg 1024w, https:\/\/swissbaker.ch\/wp-content\/uploads\/2023\/04\/dsc3196-768x513.jpeg 768w, https:\/\/swissbaker.ch\/wp-content\/uploads\/2023\/04\/dsc3196-1536x1025.jpeg 1536w, https:\/\/swissbaker.ch\/wp-content\/uploads\/2023\/04\/dsc3196-scaled.jpeg 2048w\" sizes=\"(max-width: 1024px) 100vw, 1024px\" \/><figcaption class=\"wp-element-caption\">Fokus Food Save 2023 \u00a9Patrik Walker<\/figcaption><\/figure>\n\n\n\n<figure class=\"wp-block-image size-large\"><img decoding=\"async\" width=\"1024\" height=\"684\" data-id=\"60051\" src=\"https:\/\/swissbaker.ch\/wp-content\/uploads\/2023\/04\/dsc3190-1024x684.jpeg\" alt=\"UAW Food Waste 2023\" class=\"wp-image-60051\" srcset=\"https:\/\/swissbaker.ch\/wp-content\/uploads\/2023\/04\/dsc3190-1024x684.jpeg 1024w, https:\/\/swissbaker.ch\/wp-content\/uploads\/2023\/04\/dsc3190-768x513.jpeg 768w, https:\/\/swissbaker.ch\/wp-content\/uploads\/2023\/04\/dsc3190-1536x1025.jpeg 1536w, https:\/\/swissbaker.ch\/wp-content\/uploads\/2023\/04\/dsc3190-scaled.jpeg 2048w\" sizes=\"(max-width: 1024px) 100vw, 1024px\" \/><figcaption class=\"wp-element-caption\">Fokus Food Save 2023 \u00a9Patrik Walker<\/figcaption><\/figure>\n<\/figure>\n","protected":false},"excerpt":{"rendered":"<p>La branche artisanale de la boulangerie-confiserie d\u00e9clare la guerre au gaspillage alimentaire en collaboration avec United Against Waste (UAW) et l&#8217;Office f\u00e9d\u00e9ral de l&#8217;environnement (OFEFP). <\/p>\n","protected":false},"author":4,"featured_media":60053,"comment_status":"closed","ping_status":"closed","sticky":true,"template":"","format":"standard","meta":{"_acf_changed":false,"footnotes":""},"categories":[41,39,190],"tags":[],"class_list":["post-60212","post","type-post","status-publish","format-standard","has-post-thumbnail","hentry","category-association","category-de-la-branche","category-food-save-fr"],"acf":[],"yoast_head":"<!-- This site is optimized with the Yoast SEO Premium plugin v26.8 (Yoast SEO v26.8) - https:\/\/yoast.com\/product\/yoast-seo-premium-wordpress\/ -->\n<title>Lutte contre le gaspillage alimentaire | SBC<\/title>\n<meta name=\"description\" content=\"La branche de la boulangerie-confiserie d\u00e9clare la guerre au gaspillage alimentaire en collaboration avec UAW et l&#039;OFEFP.\" \/>\n<meta name=\"robots\" content=\"index, follow, max-snippet:-1, max-image-preview:large, max-video-preview:-1\" \/>\n<link rel=\"canonical\" href=\"https:\/\/swissbaker.ch\/fr\/panissimo-news\/lutte-contre-le-gaspillage-alimentaire-3\/\" \/>\n<meta property=\"og:locale\" content=\"fr_FR\" \/>\n<meta property=\"og:type\" content=\"article\" \/>\n<meta property=\"og:title\" content=\"Lutte contre le gaspillage alimentaire\" \/>\n<meta property=\"og:description\" content=\"La branche de la boulangerie-confiserie d\u00e9clare la guerre au gaspillage alimentaire en collaboration avec UAW et l&#039;OFEFP.\" \/>\n<meta property=\"og:url\" content=\"https:\/\/swissbaker.ch\/fr\/panissimo-news\/lutte-contre-le-gaspillage-alimentaire-3\/\" \/>\n<meta property=\"og:site_name\" content=\"SBC\" \/>\n<meta property=\"article:publisher\" content=\"https:\/\/www.facebook.com\/swissbaker.ch\" \/>\n<meta property=\"article:published_time\" content=\"2023-04-19T11:51:37+00:00\" \/>\n<meta property=\"article:modified_time\" content=\"2023-04-20T09:39:13+00:00\" \/>\n<meta property=\"og:image\" content=\"https:\/\/swissbaker.ch\/wp-content\/uploads\/2023\/04\/8_1_uaw.jpg\" \/>\n\t<meta property=\"og:image:width\" content=\"800\" \/>\n\t<meta property=\"og:image:height\" content=\"474\" \/>\n\t<meta property=\"og:image:type\" content=\"image\/jpeg\" \/>\n<meta name=\"author\" content=\"Elina Laich\" \/>\n<meta name=\"twitter:card\" content=\"summary_large_image\" \/>\n<meta name=\"twitter:creator\" content=\"@ch_swissbaker\" \/>\n<meta name=\"twitter:site\" content=\"@ch_swissbaker\" \/>\n<meta name=\"twitter:label1\" content=\"Written by\" \/>\n\t<meta name=\"twitter:data1\" content=\"Elina Laich\" \/>\n\t<meta name=\"twitter:label2\" content=\"Est. reading time\" \/>\n\t<meta name=\"twitter:data2\" content=\"5 minutes\" \/>\n<script type=\"application\/ld+json\" class=\"yoast-schema-graph\">{\"@context\":\"https:\/\/schema.org\",\"@graph\":[{\"@type\":\"Article\",\"@id\":\"https:\/\/swissbaker.ch\/fr\/panissimo-news\/lutte-contre-le-gaspillage-alimentaire-3\/#article\",\"isPartOf\":{\"@id\":\"https:\/\/swissbaker.ch\/fr\/panissimo-news\/lutte-contre-le-gaspillage-alimentaire-3\/\"},\"author\":{\"name\":\"Elina Laich\",\"@id\":\"https:\/\/swissbaker.ch\/fr\/#\/schema\/person\/0c7464407782a0917d6e91a74206a176\"},\"headline\":\"Lutte contre le gaspillage alimentaire\",\"datePublished\":\"2023-04-19T11:51:37+00:00\",\"dateModified\":\"2023-04-20T09:39:13+00:00\",\"mainEntityOfPage\":{\"@id\":\"https:\/\/swissbaker.ch\/fr\/panissimo-news\/lutte-contre-le-gaspillage-alimentaire-3\/\"},\"wordCount\":560,\"publisher\":{\"@id\":\"https:\/\/swissbaker.ch\/fr\/#organization\"},\"image\":{\"@id\":\"https:\/\/swissbaker.ch\/fr\/panissimo-news\/lutte-contre-le-gaspillage-alimentaire-3\/#primaryimage\"},\"thumbnailUrl\":\"https:\/\/swissbaker.ch\/wp-content\/uploads\/2023\/04\/8_1_uaw.jpg\",\"articleSection\":[\"Association\",\"De la branche\",\"Food save\"],\"inLanguage\":\"fr-FR\"},{\"@type\":\"WebPage\",\"@id\":\"https:\/\/swissbaker.ch\/fr\/panissimo-news\/lutte-contre-le-gaspillage-alimentaire-3\/\",\"url\":\"https:\/\/swissbaker.ch\/fr\/panissimo-news\/lutte-contre-le-gaspillage-alimentaire-3\/\",\"name\":\"Lutte contre le gaspillage alimentaire | SBC\",\"isPartOf\":{\"@id\":\"https:\/\/swissbaker.ch\/fr\/#website\"},\"primaryImageOfPage\":{\"@id\":\"https:\/\/swissbaker.ch\/fr\/panissimo-news\/lutte-contre-le-gaspillage-alimentaire-3\/#primaryimage\"},\"image\":{\"@id\":\"https:\/\/swissbaker.ch\/fr\/panissimo-news\/lutte-contre-le-gaspillage-alimentaire-3\/#primaryimage\"},\"thumbnailUrl\":\"https:\/\/swissbaker.ch\/wp-content\/uploads\/2023\/04\/8_1_uaw.jpg\",\"datePublished\":\"2023-04-19T11:51:37+00:00\",\"dateModified\":\"2023-04-20T09:39:13+00:00\",\"description\":\"La branche de la boulangerie-confiserie d\u00e9clare la guerre au gaspillage alimentaire en collaboration avec UAW et l'OFEFP.\",\"breadcrumb\":{\"@id\":\"https:\/\/swissbaker.ch\/fr\/panissimo-news\/lutte-contre-le-gaspillage-alimentaire-3\/#breadcrumb\"},\"inLanguage\":\"fr-FR\",\"potentialAction\":[{\"@type\":\"ReadAction\",\"target\":[\"https:\/\/swissbaker.ch\/fr\/panissimo-news\/lutte-contre-le-gaspillage-alimentaire-3\/\"]}]},{\"@type\":\"ImageObject\",\"inLanguage\":\"fr-FR\",\"@id\":\"https:\/\/swissbaker.ch\/fr\/panissimo-news\/lutte-contre-le-gaspillage-alimentaire-3\/#primaryimage\",\"url\":\"https:\/\/swissbaker.ch\/wp-content\/uploads\/2023\/04\/8_1_uaw.jpg\",\"contentUrl\":\"https:\/\/swissbaker.ch\/wp-content\/uploads\/2023\/04\/8_1_uaw.jpg\",\"width\":800,\"height\":474,\"caption\":\"UAW Food Waste 2023\"},{\"@type\":\"BreadcrumbList\",\"@id\":\"https:\/\/swissbaker.ch\/fr\/panissimo-news\/lutte-contre-le-gaspillage-alimentaire-3\/#breadcrumb\",\"itemListElement\":[{\"@type\":\"ListItem\",\"position\":1,\"name\":\"\",\"item\":\"https:\/\/swissbaker.ch\/fr\/\"},{\"@type\":\"ListItem\",\"position\":2,\"name\":\"Association\",\"item\":\"https:\/\/swissbaker.ch\/fr\/panissimo-news\/category\/association\/\"},{\"@type\":\"ListItem\",\"position\":3,\"name\":\"Lutte contre le gaspillage alimentaire\"}]},{\"@type\":\"WebSite\",\"@id\":\"https:\/\/swissbaker.ch\/fr\/#website\",\"url\":\"https:\/\/swissbaker.ch\/fr\/\",\"name\":\"SBC\",\"description\":\"\",\"publisher\":{\"@id\":\"https:\/\/swissbaker.ch\/fr\/#organization\"},\"potentialAction\":[{\"@type\":\"SearchAction\",\"target\":{\"@type\":\"EntryPoint\",\"urlTemplate\":\"https:\/\/swissbaker.ch\/fr\/?s={search_term_string}\"},\"query-input\":{\"@type\":\"PropertyValueSpecification\",\"valueRequired\":true,\"valueName\":\"search_term_string\"}}],\"inLanguage\":\"fr-FR\"},{\"@type\":\"Organization\",\"@id\":\"https:\/\/swissbaker.ch\/fr\/#organization\",\"name\":\"Schweizerischer B\u00e4cker-Confiseurmeister-Verband\",\"url\":\"https:\/\/swissbaker.ch\/fr\/\",\"logo\":{\"@type\":\"ImageObject\",\"inLanguage\":\"fr-FR\",\"@id\":\"https:\/\/swissbaker.ch\/fr\/#\/schema\/logo\/image\/\",\"url\":\"https:\/\/swissbaker.ch\/wp-content\/uploads\/2022\/04\/sbc-logo-yoast.jpg\",\"contentUrl\":\"https:\/\/swissbaker.ch\/wp-content\/uploads\/2022\/04\/sbc-logo-yoast.jpg\",\"width\":512,\"height\":512,\"caption\":\"Schweizerischer B\u00e4cker-Confiseurmeister-Verband\"},\"image\":{\"@id\":\"https:\/\/swissbaker.ch\/fr\/#\/schema\/logo\/image\/\"},\"sameAs\":[\"https:\/\/www.facebook.com\/swissbaker.ch\",\"https:\/\/x.com\/ch_swissbaker\"]},{\"@type\":\"Person\",\"@id\":\"https:\/\/swissbaker.ch\/fr\/#\/schema\/person\/0c7464407782a0917d6e91a74206a176\",\"name\":\"Elina Laich\",\"image\":{\"@type\":\"ImageObject\",\"inLanguage\":\"fr-FR\",\"@id\":\"https:\/\/swissbaker.ch\/fr\/#\/schema\/person\/image\/\",\"url\":\"https:\/\/secure.gravatar.com\/avatar\/f942ca5f8668781d3ded9592a21de46001e053aff264ff1c6deb97b59d3604b2?s=96&d=mm&r=g\",\"contentUrl\":\"https:\/\/secure.gravatar.com\/avatar\/f942ca5f8668781d3ded9592a21de46001e053aff264ff1c6deb97b59d3604b2?s=96&d=mm&r=g\",\"caption\":\"Elina Laich\"},\"url\":\"https:\/\/swissbaker.ch\/fr\/panissimo-news\/author\/elina-laich\/\"}]}<\/script>\n<!-- \/ Yoast SEO Premium plugin. -->","yoast_head_json":{"title":"Lutte contre le gaspillage alimentaire | SBC","description":"La branche de la boulangerie-confiserie d\u00e9clare la guerre au gaspillage alimentaire en collaboration avec UAW et l'OFEFP.","robots":{"index":"index","follow":"follow","max-snippet":"max-snippet:-1","max-image-preview":"max-image-preview:large","max-video-preview":"max-video-preview:-1"},"canonical":"https:\/\/swissbaker.ch\/fr\/panissimo-news\/lutte-contre-le-gaspillage-alimentaire-3\/","og_locale":"fr_FR","og_type":"article","og_title":"Lutte contre le gaspillage alimentaire","og_description":"La branche de la boulangerie-confiserie d\u00e9clare la guerre au gaspillage alimentaire en collaboration avec UAW et l'OFEFP.","og_url":"https:\/\/swissbaker.ch\/fr\/panissimo-news\/lutte-contre-le-gaspillage-alimentaire-3\/","og_site_name":"SBC","article_publisher":"https:\/\/www.facebook.com\/swissbaker.ch","article_published_time":"2023-04-19T11:51:37+00:00","article_modified_time":"2023-04-20T09:39:13+00:00","og_image":[{"width":800,"height":474,"url":"https:\/\/swissbaker.ch\/wp-content\/uploads\/2023\/04\/8_1_uaw.jpg","type":"image\/jpeg"}],"author":"Elina Laich","twitter_card":"summary_large_image","twitter_creator":"@ch_swissbaker","twitter_site":"@ch_swissbaker","twitter_misc":{"Written by":"Elina Laich","Est. reading time":"5 minutes"},"schema":{"@context":"https:\/\/schema.org","@graph":[{"@type":"Article","@id":"https:\/\/swissbaker.ch\/fr\/panissimo-news\/lutte-contre-le-gaspillage-alimentaire-3\/#article","isPartOf":{"@id":"https:\/\/swissbaker.ch\/fr\/panissimo-news\/lutte-contre-le-gaspillage-alimentaire-3\/"},"author":{"name":"Elina Laich","@id":"https:\/\/swissbaker.ch\/fr\/#\/schema\/person\/0c7464407782a0917d6e91a74206a176"},"headline":"Lutte contre le gaspillage alimentaire","datePublished":"2023-04-19T11:51:37+00:00","dateModified":"2023-04-20T09:39:13+00:00","mainEntityOfPage":{"@id":"https:\/\/swissbaker.ch\/fr\/panissimo-news\/lutte-contre-le-gaspillage-alimentaire-3\/"},"wordCount":560,"publisher":{"@id":"https:\/\/swissbaker.ch\/fr\/#organization"},"image":{"@id":"https:\/\/swissbaker.ch\/fr\/panissimo-news\/lutte-contre-le-gaspillage-alimentaire-3\/#primaryimage"},"thumbnailUrl":"https:\/\/swissbaker.ch\/wp-content\/uploads\/2023\/04\/8_1_uaw.jpg","articleSection":["Association","De la branche","Food save"],"inLanguage":"fr-FR"},{"@type":"WebPage","@id":"https:\/\/swissbaker.ch\/fr\/panissimo-news\/lutte-contre-le-gaspillage-alimentaire-3\/","url":"https:\/\/swissbaker.ch\/fr\/panissimo-news\/lutte-contre-le-gaspillage-alimentaire-3\/","name":"Lutte contre le gaspillage alimentaire | SBC","isPartOf":{"@id":"https:\/\/swissbaker.ch\/fr\/#website"},"primaryImageOfPage":{"@id":"https:\/\/swissbaker.ch\/fr\/panissimo-news\/lutte-contre-le-gaspillage-alimentaire-3\/#primaryimage"},"image":{"@id":"https:\/\/swissbaker.ch\/fr\/panissimo-news\/lutte-contre-le-gaspillage-alimentaire-3\/#primaryimage"},"thumbnailUrl":"https:\/\/swissbaker.ch\/wp-content\/uploads\/2023\/04\/8_1_uaw.jpg","datePublished":"2023-04-19T11:51:37+00:00","dateModified":"2023-04-20T09:39:13+00:00","description":"La branche de la boulangerie-confiserie d\u00e9clare la guerre au gaspillage alimentaire en collaboration avec UAW et l'OFEFP.","breadcrumb":{"@id":"https:\/\/swissbaker.ch\/fr\/panissimo-news\/lutte-contre-le-gaspillage-alimentaire-3\/#breadcrumb"},"inLanguage":"fr-FR","potentialAction":[{"@type":"ReadAction","target":["https:\/\/swissbaker.ch\/fr\/panissimo-news\/lutte-contre-le-gaspillage-alimentaire-3\/"]}]},{"@type":"ImageObject","inLanguage":"fr-FR","@id":"https:\/\/swissbaker.ch\/fr\/panissimo-news\/lutte-contre-le-gaspillage-alimentaire-3\/#primaryimage","url":"https:\/\/swissbaker.ch\/wp-content\/uploads\/2023\/04\/8_1_uaw.jpg","contentUrl":"https:\/\/swissbaker.ch\/wp-content\/uploads\/2023\/04\/8_1_uaw.jpg","width":800,"height":474,"caption":"UAW Food Waste 2023"},{"@type":"BreadcrumbList","@id":"https:\/\/swissbaker.ch\/fr\/panissimo-news\/lutte-contre-le-gaspillage-alimentaire-3\/#breadcrumb","itemListElement":[{"@type":"ListItem","position":1,"name":"","item":"https:\/\/swissbaker.ch\/fr\/"},{"@type":"ListItem","position":2,"name":"Association","item":"https:\/\/swissbaker.ch\/fr\/panissimo-news\/category\/association\/"},{"@type":"ListItem","position":3,"name":"Lutte contre le gaspillage alimentaire"}]},{"@type":"WebSite","@id":"https:\/\/swissbaker.ch\/fr\/#website","url":"https:\/\/swissbaker.ch\/fr\/","name":"SBC","description":"","publisher":{"@id":"https:\/\/swissbaker.ch\/fr\/#organization"},"potentialAction":[{"@type":"SearchAction","target":{"@type":"EntryPoint","urlTemplate":"https:\/\/swissbaker.ch\/fr\/?s={search_term_string}"},"query-input":{"@type":"PropertyValueSpecification","valueRequired":true,"valueName":"search_term_string"}}],"inLanguage":"fr-FR"},{"@type":"Organization","@id":"https:\/\/swissbaker.ch\/fr\/#organization","name":"Schweizerischer B\u00e4cker-Confiseurmeister-Verband","url":"https:\/\/swissbaker.ch\/fr\/","logo":{"@type":"ImageObject","inLanguage":"fr-FR","@id":"https:\/\/swissbaker.ch\/fr\/#\/schema\/logo\/image\/","url":"https:\/\/swissbaker.ch\/wp-content\/uploads\/2022\/04\/sbc-logo-yoast.jpg","contentUrl":"https:\/\/swissbaker.ch\/wp-content\/uploads\/2022\/04\/sbc-logo-yoast.jpg","width":512,"height":512,"caption":"Schweizerischer B\u00e4cker-Confiseurmeister-Verband"},"image":{"@id":"https:\/\/swissbaker.ch\/fr\/#\/schema\/logo\/image\/"},"sameAs":["https:\/\/www.facebook.com\/swissbaker.ch","https:\/\/x.com\/ch_swissbaker"]},{"@type":"Person","@id":"https:\/\/swissbaker.ch\/fr\/#\/schema\/person\/0c7464407782a0917d6e91a74206a176","name":"Elina Laich","image":{"@type":"ImageObject","inLanguage":"fr-FR","@id":"https:\/\/swissbaker.ch\/fr\/#\/schema\/person\/image\/","url":"https:\/\/secure.gravatar.com\/avatar\/f942ca5f8668781d3ded9592a21de46001e053aff264ff1c6deb97b59d3604b2?s=96&d=mm&r=g","contentUrl":"https:\/\/secure.gravatar.com\/avatar\/f942ca5f8668781d3ded9592a21de46001e053aff264ff1c6deb97b59d3604b2?s=96&d=mm&r=g","caption":"Elina Laich"},"url":"https:\/\/swissbaker.ch\/fr\/panissimo-news\/author\/elina-laich\/"}]}},"_links":{"self":[{"href":"https:\/\/swissbaker.ch\/fr\/wp-json\/wp\/v2\/posts\/60212","targetHints":{"allow":["GET"]}}],"collection":[{"href":"https:\/\/swissbaker.ch\/fr\/wp-json\/wp\/v2\/posts"}],"about":[{"href":"https:\/\/swissbaker.ch\/fr\/wp-json\/wp\/v2\/types\/post"}],"author":[{"embeddable":true,"href":"https:\/\/swissbaker.ch\/fr\/wp-json\/wp\/v2\/users\/4"}],"replies":[{"embeddable":true,"href":"https:\/\/swissbaker.ch\/fr\/wp-json\/wp\/v2\/comments?post=60212"}],"version-history":[{"count":0,"href":"https:\/\/swissbaker.ch\/fr\/wp-json\/wp\/v2\/posts\/60212\/revisions"}],"wp:featuredmedia":[{"embeddable":true,"href":"https:\/\/swissbaker.ch\/fr\/wp-json\/wp\/v2\/media\/60053"}],"wp:attachment":[{"href":"https:\/\/swissbaker.ch\/fr\/wp-json\/wp\/v2\/media?parent=60212"}],"wp:term":[{"taxonomy":"category","embeddable":true,"href":"https:\/\/swissbaker.ch\/fr\/wp-json\/wp\/v2\/categories?post=60212"},{"taxonomy":"post_tag","embeddable":true,"href":"https:\/\/swissbaker.ch\/fr\/wp-json\/wp\/v2\/tags?post=60212"}],"curies":[{"name":"wp","href":"https:\/\/api.w.org\/{rel}","templated":true}]}}