{"id":60029,"date":"2023-04-19T13:25:22","date_gmt":"2023-04-19T11:25:22","guid":{"rendered":"https:\/\/swissbaker.ch\/?p=60029"},"modified":"2023-04-19T13:36:37","modified_gmt":"2023-04-19T11:36:37","slug":"valoriser-les-matieres-premieres-locales","status":"publish","type":"post","link":"https:\/\/swissbaker.ch\/fr\/panissimo-news\/valoriser-les-matieres-premieres-locales\/","title":{"rendered":"Valoriser les mati\u00e8res premi\u00e8res locales"},"content":{"rendered":"\n<p><strong>Quelques jours avant l\u2019arriv\u00e9e du printemps, rencontre avec Albert Michellod, boulanger-p\u00e2tissier-confiseur valaisan. Cet homme authentique pr\u00f4ne l\u2019importance de la transmission du savoir-faire artisanal, la n\u00e9cessit\u00e9 d\u2019utiliser des mati\u00e8res premi\u00e8res locales et les bienfaits d\u2019un travail main dans la main. Une rencontre teint\u00e9e d\u2019optimisme qui dresse quelques pistes pour pr\u00e9server la branche et stopper l\u2019\u00e9rosion des boulangeries artisanales.<\/strong><\/p>\n\n\n\n<figure class=\"wp-block-image size-large is-resized\"><img decoding=\"async\" src=\"https:\/\/swissbaker.ch\/wp-content\/uploads\/2023\/04\/j7a4389-683x1024.jpg\" alt=\"Schweizer Brot Albert Michellod\" class=\"wp-image-60025\" width=\"342\" height=\"512\" srcset=\"https:\/\/swissbaker.ch\/wp-content\/uploads\/2023\/04\/j7a4389-683x1024.jpg 683w, https:\/\/swissbaker.ch\/wp-content\/uploads\/2023\/04\/j7a4389-768x1152.jpg 768w, https:\/\/swissbaker.ch\/wp-content\/uploads\/2023\/04\/j7a4389-1024x1536.jpg 1024w, https:\/\/swissbaker.ch\/wp-content\/uploads\/2023\/04\/j7a4389-scaled.jpg 1365w\" sizes=\"(max-width: 342px) 100vw, 342px\" \/><figcaption class=\"wp-element-caption\"><em>Albert Michellod<\/em><\/figcaption><\/figure>\n\n\n\n<p>On le retrouve \u00e0 Leytron, village viticole valaisan de 3300 habitants. Sur la route, on per\u00e7oit au loin les deux clochers du village qui tr\u00f4nent au c\u0153ur des rues escarp\u00e9es entre les murs de pierres s\u00e8ches. Un d\u00e9cor de carte postale qui ancre en profondeur les traditions et la culture cantonales.<br>C\u2019est ici, le long de la route principale qu\u2019Albert Michellod, boulan-ger-p\u00e2tissier-confiseur a ouvert son commerce \u00ab Le D\u00e9lice \u00bb il y a 40 ans. Un lieu rassembleur, rep\u00e8re des habitants et des clients de passage. La boulangerie sent bon le pain chaud. Elle ne se contente toutefois pas d\u2019ouvrir sa porte sur ses d\u00e9lices gustatifs, mais \u00e9galement sur ceux de la vie, des \u00e9changes, des d\u00e9bats et des discussions. Un lieu empreint de g\u00e9n\u00e9rosi-t\u00e9 et d\u2019authenticit\u00e9, \u00e0 l\u2019image de son patron, fermement engag\u00e9 dans la d\u00e9fense du savoir-faire d\u2019un m\u00e9tier en difficult\u00e9.<\/p>\n\n\n\n<h2 class=\"wp-block-heading\" id=\"h-matieres-premieres-locales\">MATI\u00c8RES PREMI\u00c8RES LOCALES<\/h2>\n\n\n\n<p>La branche de la boulangerie-p\u00e2tisserie-confiserie traverse de grandes turbulences. Mais le m\u00e9tier est essentiel, il est beau, il faut le pr\u00e9server. Albert Michellod n\u2019a pas attendu la situation actuelle pour valoriser l\u2019importance du local et pour miser sur le circuit court. Face \u00e0 la concur-rence grandissante, il sait qu\u2019il n\u2019a pas le droit \u00e0 l\u2019erreur et qu\u2019il doit offrir un produit de premi\u00e8re qualit\u00e9 qui se distingue tant par son go\u00fbt que par son aspect. En \u00e9cho \u00e0 une client\u00e8le toujours plus sensible aux produits locaux, l\u2019artisan offre un aliment de premi\u00e8re n\u00e9cessit\u00e9 certes, mais dans sa version \u00ab luxe \u00bb, puisqu\u2019exclusivement compos\u00e9 de mati\u00e8res premi\u00e8res r\u00e9gionales ou nationales.<br>Un proc\u00e9d\u00e9 qui implique de travailler main dans la main avec ses voisins directs : les producteurs suisses. \u00ab Je me bats avec ardeur et passion contre l\u2019\u00e9rosion des boulangeries artisanales, que ce soit dans les villes ou dans les villages. \u00bb<\/p>\n\n\n\n<blockquote class=\"wp-block-quote\">\n<p>\u00ab Je veux revenir \u00e0 ca qui se passait avant : utiliser des produits nobles dans l&#8217;aire moderne. \u00bb<\/p>\n<cite>Albert Michellod<\/cite><\/blockquote>\n\n\n\n<h2 class=\"wp-block-heading\">SOUTIEN MUTUEL<\/h2>\n\n\n\n<p>Fer de lance de la sauvegarde de la branche, Albert Michellod d\u00e9marre l\u2019entretien en dressant le tableau suivant : \u00ab En 1985, le Valais comptait 270 boulangeries, contre 55 aujourd\u2019hui. Au niveau national, on est pass\u00e9 de 4500 \u00e0 1300 \u00bb.<br>L\u2019arriv\u00e9e de la grande distribution et de sa production propre a mis un terme aux livraisons par les boulangeries r\u00e9gionales, au d\u00e9triment de la survie d\u2019une grande partie d\u2019entre elles. \u00ab Je veux revenir \u00e0 ce qui se passait avant : utiliser des produits nobles dans l\u2019aire moderne. En Valais, on peut tout avoir. Tout. Il faut se produire sur place. \u00bb<br>M. Michellod livre le magasin Volg de Saillon (VS) \u2013 qui a une strat\u00e9gie de partenariats avec les artisans locaux &#8211; et quelques \u0153noth\u00e8ques de la r\u00e9gion. Il se r\u00e9jouit \u00e9galement d\u2019apporter trois pains nouveaux \u00e0 chaque changement de carte du restaurant gastronomique \u00ab le Nouveau Bourg \u00bb \u00e0 Saillon (VS). Convaincu de l\u2019importance d\u2019un travail artisanal noble et de qualit\u00e9, il rejoint la marque Pain Suisse en 2022.<\/p>\n\n\n\n<h2 class=\"wp-block-heading\">REJOINDRE LA MARQUE PAIN SUISSE : UNE D\u00c9CISION DANS LA CONTINUIT\u00c9 DE SES CONVICTIONS<\/h2>\n\n\n\n<p>Le label Pain Suisse informe sur l\u2019origine suisse du pain. Albert Michellod se bat depuis plus de dix ans contre les produits import\u00e9s. Chaque ann\u00e9e, des dizaines de milliers de tonnes de produits import\u00e9s traversent la fronti\u00e8re. \u00ab Je veux lutter contre \u00e7a dans mon travail quotidien : rejoindre Pain Suisse et ses crit\u00e8res fait enti\u00e8rement partie de mes valeurs. \u00bb<br>Si la marque est parfaitement en ligne avec ses convictions de production, elle lui assure aussi et surtout une meilleure visibilit\u00e9 gr\u00e2ce \u00e0 des actions de communication cibl\u00e9es et professionnelles.<br>\u00ab Heureusement pour nos agriculteurs, le pain r\u00e9siste, il fait m\u00eame partie des produits de consommation pr\u00e9f\u00e9r\u00e9s des suisses et est un \u00e9l\u00e9ment cl\u00e9 de notre patrimoine culturel. Je soutiens l\u2019association qui est un centre de comp\u00e9tences pour toutes les questions li\u00e9es au pain, \u00e0 la farine et aux c\u00e9r\u00e9ales. Nous avons grandement besoin de leur travail de promotion et d\u2019information aupr\u00e8s des professionnels et des consommateurs. \u00bb<\/p>\n\n\n\n<p class=\"has-text-align-right\"><em>Pain suisse<\/em><\/p>\n\n\n\n<p><em>\u2026 Lisez l\u2019article complet dans \u00abPanissimo\u00bb du 21 avril 2023<\/em>.<\/p>\n\n\n\n<p><a href=\"https:\/\/painsuisse.ch\/logodelamarque\/\" target=\"_blank\" rel=\"noreferrer noopener\">Plus d&#8217;informations sur la marque Pain Suisse&#8230;\u00bb<\/a><\/p>\n","protected":false},"excerpt":{"rendered":"<p>Albert Michellod pr\u00f4ne l\u2019importance de la transmission du savoir-faire artisanal, la n\u00e9cessit\u00e9 d\u2019utiliser des mati\u00e8res premi\u00e8res locales et les bienfaits d\u2019un travail main dans la main.<\/p>\n","protected":false},"author":4,"featured_media":60028,"comment_status":"closed","ping_status":"closed","sticky":true,"template":"","format":"standard","meta":{"_acf_changed":false,"footnotes":""},"categories":[42],"tags":[],"class_list":["post-60029","post","type-post","status-publish","format-standard","has-post-thumbnail","hentry","category-boulangeries-confiseries"],"acf":[],"yoast_head":"<!-- This site is optimized with the Yoast SEO Premium plugin v26.8 (Yoast SEO v26.8) - https:\/\/yoast.com\/product\/yoast-seo-premium-wordpress\/ -->\n<title>Valoriser les mati\u00e8res premi\u00e8res locales | SBC<\/title>\n<meta name=\"description\" content=\"Albert Michellod pr\u00f4ne l\u2019importance de la transmission du savoir-faire artisanal, la n\u00e9cessit\u00e9 d\u2019utiliser des mati\u00e8res premi\u00e8res locales et les bienfaits d\u2019un travail main dans la main.\" \/>\n<meta name=\"robots\" content=\"index, follow, max-snippet:-1, max-image-preview:large, max-video-preview:-1\" \/>\n<link rel=\"canonical\" href=\"https:\/\/swissbaker.ch\/fr\/panissimo-news\/valoriser-les-matieres-premieres-locales\/\" \/>\n<meta property=\"og:locale\" content=\"fr_FR\" \/>\n<meta property=\"og:type\" content=\"article\" \/>\n<meta property=\"og:title\" content=\"Valoriser les mati\u00e8res premi\u00e8res locales\" \/>\n<meta property=\"og:description\" content=\"Albert Michellod pr\u00f4ne l\u2019importance de la transmission du savoir-faire artisanal, la n\u00e9cessit\u00e9 d\u2019utiliser des mati\u00e8res premi\u00e8res locales et les bienfaits d\u2019un travail main dans la main.\" \/>\n<meta property=\"og:url\" content=\"https:\/\/swissbaker.ch\/fr\/panissimo-news\/valoriser-les-matieres-premieres-locales\/\" \/>\n<meta property=\"og:site_name\" content=\"SBC\" \/>\n<meta property=\"article:publisher\" content=\"https:\/\/www.facebook.com\/swissbaker.ch\" \/>\n<meta property=\"article:published_time\" content=\"2023-04-19T11:25:22+00:00\" \/>\n<meta property=\"article:modified_time\" content=\"2023-04-19T11:36:37+00:00\" \/>\n<meta property=\"og:image\" content=\"https:\/\/swissbaker.ch\/wp-content\/uploads\/2023\/04\/8_1_schweizer-brot_web.jpg\" \/>\n\t<meta property=\"og:image:width\" content=\"1200\" \/>\n\t<meta property=\"og:image:height\" content=\"712\" \/>\n\t<meta property=\"og:image:type\" content=\"image\/jpeg\" \/>\n<meta name=\"author\" content=\"Elina Laich\" \/>\n<meta name=\"twitter:card\" content=\"summary_large_image\" \/>\n<meta name=\"twitter:creator\" content=\"@ch_swissbaker\" \/>\n<meta name=\"twitter:site\" content=\"@ch_swissbaker\" \/>\n<meta name=\"twitter:label1\" content=\"Written by\" \/>\n\t<meta name=\"twitter:data1\" content=\"Elina Laich\" \/>\n\t<meta name=\"twitter:label2\" content=\"Est. reading time\" \/>\n\t<meta name=\"twitter:data2\" content=\"5 minutes\" \/>\n<script type=\"application\/ld+json\" class=\"yoast-schema-graph\">{\"@context\":\"https:\/\/schema.org\",\"@graph\":[{\"@type\":\"Article\",\"@id\":\"https:\/\/swissbaker.ch\/fr\/panissimo-news\/valoriser-les-matieres-premieres-locales\/#article\",\"isPartOf\":{\"@id\":\"https:\/\/swissbaker.ch\/fr\/panissimo-news\/valoriser-les-matieres-premieres-locales\/\"},\"author\":{\"name\":\"Elina Laich\",\"@id\":\"https:\/\/swissbaker.ch\/fr\/#\/schema\/person\/0c7464407782a0917d6e91a74206a176\"},\"headline\":\"Valoriser les mati\u00e8res premi\u00e8res locales\",\"datePublished\":\"2023-04-19T11:25:22+00:00\",\"dateModified\":\"2023-04-19T11:36:37+00:00\",\"mainEntityOfPage\":{\"@id\":\"https:\/\/swissbaker.ch\/fr\/panissimo-news\/valoriser-les-matieres-premieres-locales\/\"},\"wordCount\":803,\"publisher\":{\"@id\":\"https:\/\/swissbaker.ch\/fr\/#organization\"},\"image\":{\"@id\":\"https:\/\/swissbaker.ch\/fr\/panissimo-news\/valoriser-les-matieres-premieres-locales\/#primaryimage\"},\"thumbnailUrl\":\"https:\/\/swissbaker.ch\/wp-content\/uploads\/2023\/04\/8_1_schweizer-brot_web.jpg\",\"articleSection\":[\"Boulangeries\/Confiseries\"],\"inLanguage\":\"fr-FR\"},{\"@type\":\"WebPage\",\"@id\":\"https:\/\/swissbaker.ch\/fr\/panissimo-news\/valoriser-les-matieres-premieres-locales\/\",\"url\":\"https:\/\/swissbaker.ch\/fr\/panissimo-news\/valoriser-les-matieres-premieres-locales\/\",\"name\":\"Valoriser les mati\u00e8res premi\u00e8res locales | SBC\",\"isPartOf\":{\"@id\":\"https:\/\/swissbaker.ch\/fr\/#website\"},\"primaryImageOfPage\":{\"@id\":\"https:\/\/swissbaker.ch\/fr\/panissimo-news\/valoriser-les-matieres-premieres-locales\/#primaryimage\"},\"image\":{\"@id\":\"https:\/\/swissbaker.ch\/fr\/panissimo-news\/valoriser-les-matieres-premieres-locales\/#primaryimage\"},\"thumbnailUrl\":\"https:\/\/swissbaker.ch\/wp-content\/uploads\/2023\/04\/8_1_schweizer-brot_web.jpg\",\"datePublished\":\"2023-04-19T11:25:22+00:00\",\"dateModified\":\"2023-04-19T11:36:37+00:00\",\"description\":\"Albert Michellod pr\u00f4ne l\u2019importance de la transmission du savoir-faire artisanal, la n\u00e9cessit\u00e9 d\u2019utiliser des mati\u00e8res premi\u00e8res locales et les bienfaits d\u2019un travail main dans la main.\",\"breadcrumb\":{\"@id\":\"https:\/\/swissbaker.ch\/fr\/panissimo-news\/valoriser-les-matieres-premieres-locales\/#breadcrumb\"},\"inLanguage\":\"fr-FR\",\"potentialAction\":[{\"@type\":\"ReadAction\",\"target\":[\"https:\/\/swissbaker.ch\/fr\/panissimo-news\/valoriser-les-matieres-premieres-locales\/\"]}]},{\"@type\":\"ImageObject\",\"inLanguage\":\"fr-FR\",\"@id\":\"https:\/\/swissbaker.ch\/fr\/panissimo-news\/valoriser-les-matieres-premieres-locales\/#primaryimage\",\"url\":\"https:\/\/swissbaker.ch\/wp-content\/uploads\/2023\/04\/8_1_schweizer-brot_web.jpg\",\"contentUrl\":\"https:\/\/swissbaker.ch\/wp-content\/uploads\/2023\/04\/8_1_schweizer-brot_web.jpg\",\"width\":1200,\"height\":712,\"caption\":\"Schweizer Brot Albert Michellod\"},{\"@type\":\"BreadcrumbList\",\"@id\":\"https:\/\/swissbaker.ch\/fr\/panissimo-news\/valoriser-les-matieres-premieres-locales\/#breadcrumb\",\"itemListElement\":[{\"@type\":\"ListItem\",\"position\":1,\"name\":\"\",\"item\":\"https:\/\/swissbaker.ch\/fr\/\"},{\"@type\":\"ListItem\",\"position\":2,\"name\":\"Boulangeries\/Confiseries\",\"item\":\"https:\/\/swissbaker.ch\/fr\/panissimo-news\/category\/boulangeries-confiseries\/\"},{\"@type\":\"ListItem\",\"position\":3,\"name\":\"Valoriser les mati\u00e8res premi\u00e8res locales\"}]},{\"@type\":\"WebSite\",\"@id\":\"https:\/\/swissbaker.ch\/fr\/#website\",\"url\":\"https:\/\/swissbaker.ch\/fr\/\",\"name\":\"SBC\",\"description\":\"\",\"publisher\":{\"@id\":\"https:\/\/swissbaker.ch\/fr\/#organization\"},\"potentialAction\":[{\"@type\":\"SearchAction\",\"target\":{\"@type\":\"EntryPoint\",\"urlTemplate\":\"https:\/\/swissbaker.ch\/fr\/?s={search_term_string}\"},\"query-input\":{\"@type\":\"PropertyValueSpecification\",\"valueRequired\":true,\"valueName\":\"search_term_string\"}}],\"inLanguage\":\"fr-FR\"},{\"@type\":\"Organization\",\"@id\":\"https:\/\/swissbaker.ch\/fr\/#organization\",\"name\":\"Schweizerischer B\u00e4cker-Confiseurmeister-Verband\",\"url\":\"https:\/\/swissbaker.ch\/fr\/\",\"logo\":{\"@type\":\"ImageObject\",\"inLanguage\":\"fr-FR\",\"@id\":\"https:\/\/swissbaker.ch\/fr\/#\/schema\/logo\/image\/\",\"url\":\"https:\/\/swissbaker.ch\/wp-content\/uploads\/2022\/04\/sbc-logo-yoast.jpg\",\"contentUrl\":\"https:\/\/swissbaker.ch\/wp-content\/uploads\/2022\/04\/sbc-logo-yoast.jpg\",\"width\":512,\"height\":512,\"caption\":\"Schweizerischer B\u00e4cker-Confiseurmeister-Verband\"},\"image\":{\"@id\":\"https:\/\/swissbaker.ch\/fr\/#\/schema\/logo\/image\/\"},\"sameAs\":[\"https:\/\/www.facebook.com\/swissbaker.ch\",\"https:\/\/x.com\/ch_swissbaker\"]},{\"@type\":\"Person\",\"@id\":\"https:\/\/swissbaker.ch\/fr\/#\/schema\/person\/0c7464407782a0917d6e91a74206a176\",\"name\":\"Elina Laich\",\"image\":{\"@type\":\"ImageObject\",\"inLanguage\":\"fr-FR\",\"@id\":\"https:\/\/swissbaker.ch\/fr\/#\/schema\/person\/image\/\",\"url\":\"https:\/\/secure.gravatar.com\/avatar\/f942ca5f8668781d3ded9592a21de46001e053aff264ff1c6deb97b59d3604b2?s=96&d=mm&r=g\",\"contentUrl\":\"https:\/\/secure.gravatar.com\/avatar\/f942ca5f8668781d3ded9592a21de46001e053aff264ff1c6deb97b59d3604b2?s=96&d=mm&r=g\",\"caption\":\"Elina Laich\"},\"url\":\"https:\/\/swissbaker.ch\/fr\/panissimo-news\/author\/elina-laich\/\"}]}<\/script>\n<!-- \/ Yoast SEO Premium plugin. -->","yoast_head_json":{"title":"Valoriser les mati\u00e8res premi\u00e8res locales | SBC","description":"Albert Michellod pr\u00f4ne l\u2019importance de la transmission du savoir-faire artisanal, la n\u00e9cessit\u00e9 d\u2019utiliser des mati\u00e8res premi\u00e8res locales et les bienfaits d\u2019un travail main dans la main.","robots":{"index":"index","follow":"follow","max-snippet":"max-snippet:-1","max-image-preview":"max-image-preview:large","max-video-preview":"max-video-preview:-1"},"canonical":"https:\/\/swissbaker.ch\/fr\/panissimo-news\/valoriser-les-matieres-premieres-locales\/","og_locale":"fr_FR","og_type":"article","og_title":"Valoriser les mati\u00e8res premi\u00e8res locales","og_description":"Albert Michellod pr\u00f4ne l\u2019importance de la transmission du savoir-faire artisanal, la n\u00e9cessit\u00e9 d\u2019utiliser des mati\u00e8res premi\u00e8res locales et les bienfaits d\u2019un travail main dans la main.","og_url":"https:\/\/swissbaker.ch\/fr\/panissimo-news\/valoriser-les-matieres-premieres-locales\/","og_site_name":"SBC","article_publisher":"https:\/\/www.facebook.com\/swissbaker.ch","article_published_time":"2023-04-19T11:25:22+00:00","article_modified_time":"2023-04-19T11:36:37+00:00","og_image":[{"width":1200,"height":712,"url":"https:\/\/swissbaker.ch\/wp-content\/uploads\/2023\/04\/8_1_schweizer-brot_web.jpg","type":"image\/jpeg"}],"author":"Elina Laich","twitter_card":"summary_large_image","twitter_creator":"@ch_swissbaker","twitter_site":"@ch_swissbaker","twitter_misc":{"Written by":"Elina Laich","Est. reading time":"5 minutes"},"schema":{"@context":"https:\/\/schema.org","@graph":[{"@type":"Article","@id":"https:\/\/swissbaker.ch\/fr\/panissimo-news\/valoriser-les-matieres-premieres-locales\/#article","isPartOf":{"@id":"https:\/\/swissbaker.ch\/fr\/panissimo-news\/valoriser-les-matieres-premieres-locales\/"},"author":{"name":"Elina Laich","@id":"https:\/\/swissbaker.ch\/fr\/#\/schema\/person\/0c7464407782a0917d6e91a74206a176"},"headline":"Valoriser les mati\u00e8res premi\u00e8res locales","datePublished":"2023-04-19T11:25:22+00:00","dateModified":"2023-04-19T11:36:37+00:00","mainEntityOfPage":{"@id":"https:\/\/swissbaker.ch\/fr\/panissimo-news\/valoriser-les-matieres-premieres-locales\/"},"wordCount":803,"publisher":{"@id":"https:\/\/swissbaker.ch\/fr\/#organization"},"image":{"@id":"https:\/\/swissbaker.ch\/fr\/panissimo-news\/valoriser-les-matieres-premieres-locales\/#primaryimage"},"thumbnailUrl":"https:\/\/swissbaker.ch\/wp-content\/uploads\/2023\/04\/8_1_schweizer-brot_web.jpg","articleSection":["Boulangeries\/Confiseries"],"inLanguage":"fr-FR"},{"@type":"WebPage","@id":"https:\/\/swissbaker.ch\/fr\/panissimo-news\/valoriser-les-matieres-premieres-locales\/","url":"https:\/\/swissbaker.ch\/fr\/panissimo-news\/valoriser-les-matieres-premieres-locales\/","name":"Valoriser les mati\u00e8res premi\u00e8res locales | SBC","isPartOf":{"@id":"https:\/\/swissbaker.ch\/fr\/#website"},"primaryImageOfPage":{"@id":"https:\/\/swissbaker.ch\/fr\/panissimo-news\/valoriser-les-matieres-premieres-locales\/#primaryimage"},"image":{"@id":"https:\/\/swissbaker.ch\/fr\/panissimo-news\/valoriser-les-matieres-premieres-locales\/#primaryimage"},"thumbnailUrl":"https:\/\/swissbaker.ch\/wp-content\/uploads\/2023\/04\/8_1_schweizer-brot_web.jpg","datePublished":"2023-04-19T11:25:22+00:00","dateModified":"2023-04-19T11:36:37+00:00","description":"Albert Michellod pr\u00f4ne l\u2019importance de la transmission du savoir-faire artisanal, la n\u00e9cessit\u00e9 d\u2019utiliser des mati\u00e8res premi\u00e8res locales et les bienfaits d\u2019un travail main dans la main.","breadcrumb":{"@id":"https:\/\/swissbaker.ch\/fr\/panissimo-news\/valoriser-les-matieres-premieres-locales\/#breadcrumb"},"inLanguage":"fr-FR","potentialAction":[{"@type":"ReadAction","target":["https:\/\/swissbaker.ch\/fr\/panissimo-news\/valoriser-les-matieres-premieres-locales\/"]}]},{"@type":"ImageObject","inLanguage":"fr-FR","@id":"https:\/\/swissbaker.ch\/fr\/panissimo-news\/valoriser-les-matieres-premieres-locales\/#primaryimage","url":"https:\/\/swissbaker.ch\/wp-content\/uploads\/2023\/04\/8_1_schweizer-brot_web.jpg","contentUrl":"https:\/\/swissbaker.ch\/wp-content\/uploads\/2023\/04\/8_1_schweizer-brot_web.jpg","width":1200,"height":712,"caption":"Schweizer Brot Albert Michellod"},{"@type":"BreadcrumbList","@id":"https:\/\/swissbaker.ch\/fr\/panissimo-news\/valoriser-les-matieres-premieres-locales\/#breadcrumb","itemListElement":[{"@type":"ListItem","position":1,"name":"","item":"https:\/\/swissbaker.ch\/fr\/"},{"@type":"ListItem","position":2,"name":"Boulangeries\/Confiseries","item":"https:\/\/swissbaker.ch\/fr\/panissimo-news\/category\/boulangeries-confiseries\/"},{"@type":"ListItem","position":3,"name":"Valoriser les mati\u00e8res premi\u00e8res locales"}]},{"@type":"WebSite","@id":"https:\/\/swissbaker.ch\/fr\/#website","url":"https:\/\/swissbaker.ch\/fr\/","name":"SBC","description":"","publisher":{"@id":"https:\/\/swissbaker.ch\/fr\/#organization"},"potentialAction":[{"@type":"SearchAction","target":{"@type":"EntryPoint","urlTemplate":"https:\/\/swissbaker.ch\/fr\/?s={search_term_string}"},"query-input":{"@type":"PropertyValueSpecification","valueRequired":true,"valueName":"search_term_string"}}],"inLanguage":"fr-FR"},{"@type":"Organization","@id":"https:\/\/swissbaker.ch\/fr\/#organization","name":"Schweizerischer B\u00e4cker-Confiseurmeister-Verband","url":"https:\/\/swissbaker.ch\/fr\/","logo":{"@type":"ImageObject","inLanguage":"fr-FR","@id":"https:\/\/swissbaker.ch\/fr\/#\/schema\/logo\/image\/","url":"https:\/\/swissbaker.ch\/wp-content\/uploads\/2022\/04\/sbc-logo-yoast.jpg","contentUrl":"https:\/\/swissbaker.ch\/wp-content\/uploads\/2022\/04\/sbc-logo-yoast.jpg","width":512,"height":512,"caption":"Schweizerischer B\u00e4cker-Confiseurmeister-Verband"},"image":{"@id":"https:\/\/swissbaker.ch\/fr\/#\/schema\/logo\/image\/"},"sameAs":["https:\/\/www.facebook.com\/swissbaker.ch","https:\/\/x.com\/ch_swissbaker"]},{"@type":"Person","@id":"https:\/\/swissbaker.ch\/fr\/#\/schema\/person\/0c7464407782a0917d6e91a74206a176","name":"Elina Laich","image":{"@type":"ImageObject","inLanguage":"fr-FR","@id":"https:\/\/swissbaker.ch\/fr\/#\/schema\/person\/image\/","url":"https:\/\/secure.gravatar.com\/avatar\/f942ca5f8668781d3ded9592a21de46001e053aff264ff1c6deb97b59d3604b2?s=96&d=mm&r=g","contentUrl":"https:\/\/secure.gravatar.com\/avatar\/f942ca5f8668781d3ded9592a21de46001e053aff264ff1c6deb97b59d3604b2?s=96&d=mm&r=g","caption":"Elina Laich"},"url":"https:\/\/swissbaker.ch\/fr\/panissimo-news\/author\/elina-laich\/"}]}},"_links":{"self":[{"href":"https:\/\/swissbaker.ch\/fr\/wp-json\/wp\/v2\/posts\/60029","targetHints":{"allow":["GET"]}}],"collection":[{"href":"https:\/\/swissbaker.ch\/fr\/wp-json\/wp\/v2\/posts"}],"about":[{"href":"https:\/\/swissbaker.ch\/fr\/wp-json\/wp\/v2\/types\/post"}],"author":[{"embeddable":true,"href":"https:\/\/swissbaker.ch\/fr\/wp-json\/wp\/v2\/users\/4"}],"replies":[{"embeddable":true,"href":"https:\/\/swissbaker.ch\/fr\/wp-json\/wp\/v2\/comments?post=60029"}],"version-history":[{"count":0,"href":"https:\/\/swissbaker.ch\/fr\/wp-json\/wp\/v2\/posts\/60029\/revisions"}],"wp:featuredmedia":[{"embeddable":true,"href":"https:\/\/swissbaker.ch\/fr\/wp-json\/wp\/v2\/media\/60028"}],"wp:attachment":[{"href":"https:\/\/swissbaker.ch\/fr\/wp-json\/wp\/v2\/media?parent=60029"}],"wp:term":[{"taxonomy":"category","embeddable":true,"href":"https:\/\/swissbaker.ch\/fr\/wp-json\/wp\/v2\/categories?post=60029"},{"taxonomy":"post_tag","embeddable":true,"href":"https:\/\/swissbaker.ch\/fr\/wp-json\/wp\/v2\/tags?post=60029"}],"curies":[{"name":"wp","href":"https:\/\/api.w.org\/{rel}","templated":true}]}}