{"id":59884,"date":"2023-04-19T14:00:00","date_gmt":"2023-04-19T12:00:00","guid":{"rendered":"https:\/\/swissbaker.ch\/?p=59884"},"modified":"2023-04-19T10:52:28","modified_gmt":"2023-04-19T08:52:28","slug":"marche-des-cereales-panifiables","status":"publish","type":"post","link":"https:\/\/swissbaker.ch\/fr\/panissimo-news\/marche-des-cereales-panifiables\/","title":{"rendered":"<strong>March\u00e9 des c\u00e9r\u00e9ales panifiables<\/strong>"},"content":{"rendered":"\n<p>Malgr\u00e9 les turbulences sur les march\u00e9s internationaux, les conditions de commercialisation de la r\u00e9colte de c\u00e9r\u00e9ales panifiables 2022 sont beaucoup plus calmes et \u00e9quilibr\u00e9es apr\u00e8s une r\u00e9colte 2021 catastrophique, lit-on dans le \u00ab&nbsp;Bulletin de march\u00e9&nbsp;\u00bb de la F\u00e9d\u00e9ration suisse des producteurs de c\u00e9r\u00e9ales. Les chiffres d\u00e9finitifs de swiss granum pour la r\u00e9colte confirmeraient le bilan \u00e9quilibr\u00e9 esquiss\u00e9 en octobre.<\/p>\n\n\n\n<p><a href=\"http:\/\/www.bit.ly\/3MwtlAW\" target=\"_blank\" rel=\"noreferrer noopener\">Plus d&#8217;informations<\/a><\/p>\n","protected":false},"excerpt":{"rendered":"<p>Malgr\u00e9 les turbulences sur les march\u00e9s internationaux, les conditions de commercialisation de la r\u00e9colte de c\u00e9r\u00e9ales panifiables 2022 sont beaucoup plus calmes et \u00e9quilibr\u00e9es apr\u00e8s une r\u00e9colte 2021 catastrophique, lit-on dans le \u00ab&nbsp;Bulletin de march\u00e9&nbsp;\u00bb de la F\u00e9d\u00e9ration suisse des producteurs de c\u00e9r\u00e9ales. Les chiffres d\u00e9finitifs de swiss granum pour la r\u00e9colte confirmeraient le bilan \u00e9quilibr\u00e9 esquiss\u00e9 en octobre. Plus [&hellip;]<\/p>\n","protected":false},"author":14,"featured_media":59889,"comment_status":"closed","ping_status":"closed","sticky":false,"template":"","format":"standard","meta":{"_acf_changed":false,"footnotes":""},"categories":[39],"tags":[],"class_list":["post-59884","post","type-post","status-publish","format-standard","has-post-thumbnail","hentry","category-de-la-branche"],"acf":[],"yoast_head":"<!-- This site is optimized with the Yoast SEO Premium plugin v26.8 (Yoast SEO v26.8) - https:\/\/yoast.com\/product\/yoast-seo-premium-wordpress\/ -->\n<title>March\u00e9 des c\u00e9r\u00e9ales panifiables | SBC<\/title>\n<meta name=\"description\" content=\"Malgr\u00e9 les turbulences sur les march\u00e9s internationaux, les conditions de commercialisation de la r\u00e9colte de c\u00e9r\u00e9ales panifiables 2022 sont beaucoup plus calmes et \u00e9quilibr\u00e9es apr\u00e8s une r\u00e9colte 2021 catastrophique, lit-on dans le \u00ab Bulletin de march\u00e9 \u00bb de la F\u00e9d\u00e9ration suisse des producteurs de c\u00e9r\u00e9ales.\" \/>\n<meta name=\"robots\" content=\"index, follow, max-snippet:-1, max-image-preview:large, max-video-preview:-1\" \/>\n<link rel=\"canonical\" href=\"https:\/\/swissbaker.ch\/fr\/panissimo-news\/marche-des-cereales-panifiables\/\" \/>\n<meta property=\"og:locale\" content=\"fr_FR\" \/>\n<meta property=\"og:type\" content=\"article\" \/>\n<meta property=\"og:title\" content=\"March\u00e9 des c\u00e9r\u00e9ales panifiables\" \/>\n<meta property=\"og:description\" content=\"Malgr\u00e9 les turbulences sur les march\u00e9s internationaux, les conditions de commercialisation de la r\u00e9colte de c\u00e9r\u00e9ales panifiables 2022 sont beaucoup plus calmes et \u00e9quilibr\u00e9es apr\u00e8s une r\u00e9colte 2021 catastrophique, lit-on dans le \u00ab Bulletin de march\u00e9 \u00bb de la F\u00e9d\u00e9ration suisse des producteurs de c\u00e9r\u00e9ales.\" \/>\n<meta property=\"og:url\" content=\"https:\/\/swissbaker.ch\/fr\/panissimo-news\/marche-des-cereales-panifiables\/\" \/>\n<meta property=\"og:site_name\" content=\"SBC\" \/>\n<meta property=\"article:publisher\" content=\"https:\/\/www.facebook.com\/swissbaker.ch\" \/>\n<meta property=\"article:published_time\" content=\"2023-04-19T12:00:00+00:00\" \/>\n<meta property=\"og:image\" content=\"https:\/\/swissbaker.ch\/wp-content\/uploads\/2023\/04\/dinkelverein_schweizer_brot.jpg\" \/>\n\t<meta property=\"og:image:width\" content=\"1799\" \/>\n\t<meta property=\"og:image:height\" content=\"1181\" \/>\n\t<meta property=\"og:image:type\" content=\"image\/jpeg\" \/>\n<meta name=\"author\" content=\"Franzisca Ellenberger\" \/>\n<meta name=\"twitter:card\" content=\"summary_large_image\" \/>\n<meta name=\"twitter:creator\" content=\"@ch_swissbaker\" \/>\n<meta name=\"twitter:site\" content=\"@ch_swissbaker\" \/>\n<meta name=\"twitter:label1\" content=\"Written by\" \/>\n\t<meta name=\"twitter:data1\" content=\"Franzisca Ellenberger\" \/>\n\t<meta name=\"twitter:label2\" content=\"Est. reading time\" \/>\n\t<meta name=\"twitter:data2\" content=\"1 minute\" \/>\n<script type=\"application\/ld+json\" class=\"yoast-schema-graph\">{\"@context\":\"https:\/\/schema.org\",\"@graph\":[{\"@type\":\"Article\",\"@id\":\"https:\/\/swissbaker.ch\/fr\/panissimo-news\/marche-des-cereales-panifiables\/#article\",\"isPartOf\":{\"@id\":\"https:\/\/swissbaker.ch\/fr\/panissimo-news\/marche-des-cereales-panifiables\/\"},\"author\":{\"name\":\"Franzisca Ellenberger\",\"@id\":\"https:\/\/swissbaker.ch\/fr\/#\/schema\/person\/882cf7a0c343605a02113006afd3cf48\"},\"headline\":\"March\u00e9 des c\u00e9r\u00e9ales panifiables\",\"datePublished\":\"2023-04-19T12:00:00+00:00\",\"mainEntityOfPage\":{\"@id\":\"https:\/\/swissbaker.ch\/fr\/panissimo-news\/marche-des-cereales-panifiables\/\"},\"wordCount\":81,\"publisher\":{\"@id\":\"https:\/\/swissbaker.ch\/fr\/#organization\"},\"image\":{\"@id\":\"https:\/\/swissbaker.ch\/fr\/panissimo-news\/marche-des-cereales-panifiables\/#primaryimage\"},\"thumbnailUrl\":\"https:\/\/swissbaker.ch\/wp-content\/uploads\/2023\/04\/dinkelverein_schweizer_brot.jpg\",\"articleSection\":[\"De la branche\"],\"inLanguage\":\"fr-FR\"},{\"@type\":\"WebPage\",\"@id\":\"https:\/\/swissbaker.ch\/fr\/panissimo-news\/marche-des-cereales-panifiables\/\",\"url\":\"https:\/\/swissbaker.ch\/fr\/panissimo-news\/marche-des-cereales-panifiables\/\",\"name\":\"March\u00e9 des c\u00e9r\u00e9ales panifiables | SBC\",\"isPartOf\":{\"@id\":\"https:\/\/swissbaker.ch\/fr\/#website\"},\"primaryImageOfPage\":{\"@id\":\"https:\/\/swissbaker.ch\/fr\/panissimo-news\/marche-des-cereales-panifiables\/#primaryimage\"},\"image\":{\"@id\":\"https:\/\/swissbaker.ch\/fr\/panissimo-news\/marche-des-cereales-panifiables\/#primaryimage\"},\"thumbnailUrl\":\"https:\/\/swissbaker.ch\/wp-content\/uploads\/2023\/04\/dinkelverein_schweizer_brot.jpg\",\"datePublished\":\"2023-04-19T12:00:00+00:00\",\"description\":\"Malgr\u00e9 les turbulences sur les march\u00e9s internationaux, les conditions de commercialisation de la r\u00e9colte de c\u00e9r\u00e9ales panifiables 2022 sont beaucoup plus calmes et \u00e9quilibr\u00e9es apr\u00e8s une r\u00e9colte 2021 catastrophique, lit-on dans le \u00ab Bulletin de march\u00e9 \u00bb de la F\u00e9d\u00e9ration suisse des producteurs de c\u00e9r\u00e9ales.\",\"breadcrumb\":{\"@id\":\"https:\/\/swissbaker.ch\/fr\/panissimo-news\/marche-des-cereales-panifiables\/#breadcrumb\"},\"inLanguage\":\"fr-FR\",\"potentialAction\":[{\"@type\":\"ReadAction\",\"target\":[\"https:\/\/swissbaker.ch\/fr\/panissimo-news\/marche-des-cereales-panifiables\/\"]}]},{\"@type\":\"ImageObject\",\"inLanguage\":\"fr-FR\",\"@id\":\"https:\/\/swissbaker.ch\/fr\/panissimo-news\/marche-des-cereales-panifiables\/#primaryimage\",\"url\":\"https:\/\/swissbaker.ch\/wp-content\/uploads\/2023\/04\/dinkelverein_schweizer_brot.jpg\",\"contentUrl\":\"https:\/\/swissbaker.ch\/wp-content\/uploads\/2023\/04\/dinkelverein_schweizer_brot.jpg\",\"width\":1799,\"height\":1181},{\"@type\":\"BreadcrumbList\",\"@id\":\"https:\/\/swissbaker.ch\/fr\/panissimo-news\/marche-des-cereales-panifiables\/#breadcrumb\",\"itemListElement\":[{\"@type\":\"ListItem\",\"position\":1,\"name\":\"\",\"item\":\"https:\/\/swissbaker.ch\/fr\/\"},{\"@type\":\"ListItem\",\"position\":2,\"name\":\"De la branche\",\"item\":\"https:\/\/swissbaker.ch\/fr\/panissimo-news\/category\/de-la-branche\/\"},{\"@type\":\"ListItem\",\"position\":3,\"name\":\"March\u00e9 des c\u00e9r\u00e9ales panifiables\"}]},{\"@type\":\"WebSite\",\"@id\":\"https:\/\/swissbaker.ch\/fr\/#website\",\"url\":\"https:\/\/swissbaker.ch\/fr\/\",\"name\":\"SBC\",\"description\":\"\",\"publisher\":{\"@id\":\"https:\/\/swissbaker.ch\/fr\/#organization\"},\"potentialAction\":[{\"@type\":\"SearchAction\",\"target\":{\"@type\":\"EntryPoint\",\"urlTemplate\":\"https:\/\/swissbaker.ch\/fr\/?s={search_term_string}\"},\"query-input\":{\"@type\":\"PropertyValueSpecification\",\"valueRequired\":true,\"valueName\":\"search_term_string\"}}],\"inLanguage\":\"fr-FR\"},{\"@type\":\"Organization\",\"@id\":\"https:\/\/swissbaker.ch\/fr\/#organization\",\"name\":\"Schweizerischer B\u00e4cker-Confiseurmeister-Verband\",\"url\":\"https:\/\/swissbaker.ch\/fr\/\",\"logo\":{\"@type\":\"ImageObject\",\"inLanguage\":\"fr-FR\",\"@id\":\"https:\/\/swissbaker.ch\/fr\/#\/schema\/logo\/image\/\",\"url\":\"https:\/\/swissbaker.ch\/wp-content\/uploads\/2022\/04\/sbc-logo-yoast.jpg\",\"contentUrl\":\"https:\/\/swissbaker.ch\/wp-content\/uploads\/2022\/04\/sbc-logo-yoast.jpg\",\"width\":512,\"height\":512,\"caption\":\"Schweizerischer B\u00e4cker-Confiseurmeister-Verband\"},\"image\":{\"@id\":\"https:\/\/swissbaker.ch\/fr\/#\/schema\/logo\/image\/\"},\"sameAs\":[\"https:\/\/www.facebook.com\/swissbaker.ch\",\"https:\/\/x.com\/ch_swissbaker\"]},{\"@type\":\"Person\",\"@id\":\"https:\/\/swissbaker.ch\/fr\/#\/schema\/person\/882cf7a0c343605a02113006afd3cf48\",\"name\":\"Franzisca Ellenberger\",\"image\":{\"@type\":\"ImageObject\",\"inLanguage\":\"fr-FR\",\"@id\":\"https:\/\/swissbaker.ch\/fr\/#\/schema\/person\/image\/\",\"url\":\"https:\/\/secure.gravatar.com\/avatar\/cfbbf5e1c965abf6a3e577fb088280ca678978f8d63bfc6ea7a2f0dca671ee5f?s=96&d=mm&r=g\",\"contentUrl\":\"https:\/\/secure.gravatar.com\/avatar\/cfbbf5e1c965abf6a3e577fb088280ca678978f8d63bfc6ea7a2f0dca671ee5f?s=96&d=mm&r=g\",\"caption\":\"Franzisca Ellenberger\"},\"url\":\"https:\/\/swissbaker.ch\/fr\/panissimo-news\/author\/franzisca-ellenberger\/\"}]}<\/script>\n<!-- \/ Yoast SEO Premium plugin. -->","yoast_head_json":{"title":"March\u00e9 des c\u00e9r\u00e9ales panifiables | SBC","description":"Malgr\u00e9 les turbulences sur les march\u00e9s internationaux, les conditions de commercialisation de la r\u00e9colte de c\u00e9r\u00e9ales panifiables 2022 sont beaucoup plus calmes et \u00e9quilibr\u00e9es apr\u00e8s une r\u00e9colte 2021 catastrophique, lit-on dans le \u00ab Bulletin de march\u00e9 \u00bb de la F\u00e9d\u00e9ration suisse des producteurs de c\u00e9r\u00e9ales.","robots":{"index":"index","follow":"follow","max-snippet":"max-snippet:-1","max-image-preview":"max-image-preview:large","max-video-preview":"max-video-preview:-1"},"canonical":"https:\/\/swissbaker.ch\/fr\/panissimo-news\/marche-des-cereales-panifiables\/","og_locale":"fr_FR","og_type":"article","og_title":"March\u00e9 des c\u00e9r\u00e9ales panifiables","og_description":"Malgr\u00e9 les turbulences sur les march\u00e9s internationaux, les conditions de commercialisation de la r\u00e9colte de c\u00e9r\u00e9ales panifiables 2022 sont beaucoup plus calmes et \u00e9quilibr\u00e9es apr\u00e8s une r\u00e9colte 2021 catastrophique, lit-on dans le \u00ab Bulletin de march\u00e9 \u00bb de la F\u00e9d\u00e9ration suisse des producteurs de c\u00e9r\u00e9ales.","og_url":"https:\/\/swissbaker.ch\/fr\/panissimo-news\/marche-des-cereales-panifiables\/","og_site_name":"SBC","article_publisher":"https:\/\/www.facebook.com\/swissbaker.ch","article_published_time":"2023-04-19T12:00:00+00:00","og_image":[{"width":1799,"height":1181,"url":"https:\/\/swissbaker.ch\/wp-content\/uploads\/2023\/04\/dinkelverein_schweizer_brot.jpg","type":"image\/jpeg"}],"author":"Franzisca Ellenberger","twitter_card":"summary_large_image","twitter_creator":"@ch_swissbaker","twitter_site":"@ch_swissbaker","twitter_misc":{"Written by":"Franzisca Ellenberger","Est. reading time":"1 minute"},"schema":{"@context":"https:\/\/schema.org","@graph":[{"@type":"Article","@id":"https:\/\/swissbaker.ch\/fr\/panissimo-news\/marche-des-cereales-panifiables\/#article","isPartOf":{"@id":"https:\/\/swissbaker.ch\/fr\/panissimo-news\/marche-des-cereales-panifiables\/"},"author":{"name":"Franzisca Ellenberger","@id":"https:\/\/swissbaker.ch\/fr\/#\/schema\/person\/882cf7a0c343605a02113006afd3cf48"},"headline":"March\u00e9 des c\u00e9r\u00e9ales panifiables","datePublished":"2023-04-19T12:00:00+00:00","mainEntityOfPage":{"@id":"https:\/\/swissbaker.ch\/fr\/panissimo-news\/marche-des-cereales-panifiables\/"},"wordCount":81,"publisher":{"@id":"https:\/\/swissbaker.ch\/fr\/#organization"},"image":{"@id":"https:\/\/swissbaker.ch\/fr\/panissimo-news\/marche-des-cereales-panifiables\/#primaryimage"},"thumbnailUrl":"https:\/\/swissbaker.ch\/wp-content\/uploads\/2023\/04\/dinkelverein_schweizer_brot.jpg","articleSection":["De la branche"],"inLanguage":"fr-FR"},{"@type":"WebPage","@id":"https:\/\/swissbaker.ch\/fr\/panissimo-news\/marche-des-cereales-panifiables\/","url":"https:\/\/swissbaker.ch\/fr\/panissimo-news\/marche-des-cereales-panifiables\/","name":"March\u00e9 des c\u00e9r\u00e9ales panifiables | SBC","isPartOf":{"@id":"https:\/\/swissbaker.ch\/fr\/#website"},"primaryImageOfPage":{"@id":"https:\/\/swissbaker.ch\/fr\/panissimo-news\/marche-des-cereales-panifiables\/#primaryimage"},"image":{"@id":"https:\/\/swissbaker.ch\/fr\/panissimo-news\/marche-des-cereales-panifiables\/#primaryimage"},"thumbnailUrl":"https:\/\/swissbaker.ch\/wp-content\/uploads\/2023\/04\/dinkelverein_schweizer_brot.jpg","datePublished":"2023-04-19T12:00:00+00:00","description":"Malgr\u00e9 les turbulences sur les march\u00e9s internationaux, les conditions de commercialisation de la r\u00e9colte de c\u00e9r\u00e9ales panifiables 2022 sont beaucoup plus calmes et \u00e9quilibr\u00e9es apr\u00e8s une r\u00e9colte 2021 catastrophique, lit-on dans le \u00ab Bulletin de march\u00e9 \u00bb de la F\u00e9d\u00e9ration suisse des producteurs de c\u00e9r\u00e9ales.","breadcrumb":{"@id":"https:\/\/swissbaker.ch\/fr\/panissimo-news\/marche-des-cereales-panifiables\/#breadcrumb"},"inLanguage":"fr-FR","potentialAction":[{"@type":"ReadAction","target":["https:\/\/swissbaker.ch\/fr\/panissimo-news\/marche-des-cereales-panifiables\/"]}]},{"@type":"ImageObject","inLanguage":"fr-FR","@id":"https:\/\/swissbaker.ch\/fr\/panissimo-news\/marche-des-cereales-panifiables\/#primaryimage","url":"https:\/\/swissbaker.ch\/wp-content\/uploads\/2023\/04\/dinkelverein_schweizer_brot.jpg","contentUrl":"https:\/\/swissbaker.ch\/wp-content\/uploads\/2023\/04\/dinkelverein_schweizer_brot.jpg","width":1799,"height":1181},{"@type":"BreadcrumbList","@id":"https:\/\/swissbaker.ch\/fr\/panissimo-news\/marche-des-cereales-panifiables\/#breadcrumb","itemListElement":[{"@type":"ListItem","position":1,"name":"","item":"https:\/\/swissbaker.ch\/fr\/"},{"@type":"ListItem","position":2,"name":"De la branche","item":"https:\/\/swissbaker.ch\/fr\/panissimo-news\/category\/de-la-branche\/"},{"@type":"ListItem","position":3,"name":"March\u00e9 des c\u00e9r\u00e9ales panifiables"}]},{"@type":"WebSite","@id":"https:\/\/swissbaker.ch\/fr\/#website","url":"https:\/\/swissbaker.ch\/fr\/","name":"SBC","description":"","publisher":{"@id":"https:\/\/swissbaker.ch\/fr\/#organization"},"potentialAction":[{"@type":"SearchAction","target":{"@type":"EntryPoint","urlTemplate":"https:\/\/swissbaker.ch\/fr\/?s={search_term_string}"},"query-input":{"@type":"PropertyValueSpecification","valueRequired":true,"valueName":"search_term_string"}}],"inLanguage":"fr-FR"},{"@type":"Organization","@id":"https:\/\/swissbaker.ch\/fr\/#organization","name":"Schweizerischer B\u00e4cker-Confiseurmeister-Verband","url":"https:\/\/swissbaker.ch\/fr\/","logo":{"@type":"ImageObject","inLanguage":"fr-FR","@id":"https:\/\/swissbaker.ch\/fr\/#\/schema\/logo\/image\/","url":"https:\/\/swissbaker.ch\/wp-content\/uploads\/2022\/04\/sbc-logo-yoast.jpg","contentUrl":"https:\/\/swissbaker.ch\/wp-content\/uploads\/2022\/04\/sbc-logo-yoast.jpg","width":512,"height":512,"caption":"Schweizerischer B\u00e4cker-Confiseurmeister-Verband"},"image":{"@id":"https:\/\/swissbaker.ch\/fr\/#\/schema\/logo\/image\/"},"sameAs":["https:\/\/www.facebook.com\/swissbaker.ch","https:\/\/x.com\/ch_swissbaker"]},{"@type":"Person","@id":"https:\/\/swissbaker.ch\/fr\/#\/schema\/person\/882cf7a0c343605a02113006afd3cf48","name":"Franzisca Ellenberger","image":{"@type":"ImageObject","inLanguage":"fr-FR","@id":"https:\/\/swissbaker.ch\/fr\/#\/schema\/person\/image\/","url":"https:\/\/secure.gravatar.com\/avatar\/cfbbf5e1c965abf6a3e577fb088280ca678978f8d63bfc6ea7a2f0dca671ee5f?s=96&d=mm&r=g","contentUrl":"https:\/\/secure.gravatar.com\/avatar\/cfbbf5e1c965abf6a3e577fb088280ca678978f8d63bfc6ea7a2f0dca671ee5f?s=96&d=mm&r=g","caption":"Franzisca Ellenberger"},"url":"https:\/\/swissbaker.ch\/fr\/panissimo-news\/author\/franzisca-ellenberger\/"}]}},"_links":{"self":[{"href":"https:\/\/swissbaker.ch\/fr\/wp-json\/wp\/v2\/posts\/59884","targetHints":{"allow":["GET"]}}],"collection":[{"href":"https:\/\/swissbaker.ch\/fr\/wp-json\/wp\/v2\/posts"}],"about":[{"href":"https:\/\/swissbaker.ch\/fr\/wp-json\/wp\/v2\/types\/post"}],"author":[{"embeddable":true,"href":"https:\/\/swissbaker.ch\/fr\/wp-json\/wp\/v2\/users\/14"}],"replies":[{"embeddable":true,"href":"https:\/\/swissbaker.ch\/fr\/wp-json\/wp\/v2\/comments?post=59884"}],"version-history":[{"count":0,"href":"https:\/\/swissbaker.ch\/fr\/wp-json\/wp\/v2\/posts\/59884\/revisions"}],"wp:featuredmedia":[{"embeddable":true,"href":"https:\/\/swissbaker.ch\/fr\/wp-json\/wp\/v2\/media\/59889"}],"wp:attachment":[{"href":"https:\/\/swissbaker.ch\/fr\/wp-json\/wp\/v2\/media?parent=59884"}],"wp:term":[{"taxonomy":"category","embeddable":true,"href":"https:\/\/swissbaker.ch\/fr\/wp-json\/wp\/v2\/categories?post=59884"},{"taxonomy":"post_tag","embeddable":true,"href":"https:\/\/swissbaker.ch\/fr\/wp-json\/wp\/v2\/tags?post=59884"}],"curies":[{"name":"wp","href":"https:\/\/api.w.org\/{rel}","templated":true}]}}