{"id":59822,"date":"2023-04-13T08:10:02","date_gmt":"2023-04-13T06:10:02","guid":{"rendered":"https:\/\/swissbaker.ch\/?p=59822"},"modified":"2023-04-13T14:20:49","modified_gmt":"2023-04-13T12:20:49","slug":"la-flute-decroche-son-mondial","status":"publish","type":"post","link":"https:\/\/swissbaker.ch\/fr\/panissimo-news\/la-flute-decroche-son-mondial\/","title":{"rendered":"<strong>La fl\u00fbte d\u00e9croche son mondial<\/strong>"},"content":{"rendered":"\n<p><strong>Croustillante, sal\u00e9e, en forme de b\u00e2ton\u2026 Biscuit ap\u00e9ro par excellence, la fl\u00fbte pr\u00e9pare son premier championnat du monde. L\u2019\u00e9v\u00e9nement se d\u00e9roulera \u00e0 la mi-juin \u00e0 Tolochenaz (VD). Pr\u00e9cisions avec son chef de projet, le boulanger vaudois Pascal Cl\u00e9ment\u2026<\/strong><\/p>\n\n\n\n<p>Aux abords du L\u00e9man, Tolochenaz (VD) accueillera le 1<sup>er<\/sup> Mondial de la fl\u00fbte, le 17 juin. Cette sp\u00e9cialit\u00e9 est particuli\u00e8rement appr\u00e9ci\u00e9e lors d\u2019ap\u00e9ritifs et d\u2019agapes vaudois et romands. \u00ab\u00a0St\u00e4cklini\u00a0\u00bb dans le Haut-Valais ou \u00ab\u00a0St\u00e4ngeli\u00a0\u00bb en Suisse al\u00e9manique, on les retrouve quasiment dans tout le pays. \u00ab\u00a0Et, aussi parfois hors de nos fronti\u00e8res\u00a0\u00bb, souligne le vice-Grand Ma\u00eetre des Chevaliers du bon pain vaudois Pascal Cl\u00e9ment. C\u2019est pourquoi, la comp\u00e9tition est ouverte aux entreprises du secteur sur le plan international. \u00ab\u00a0Elles doivent cependant produire et commercialiser elles-m\u00eames les fl\u00fbtes\u00a0\u00bb, pr\u00e9cise-t-il.<\/p>\n\n\n\n<p>Sur leurs \u00e9tals, les craquants b\u00e2tonnets se d\u00e9clinent \u00e0 l\u2019infini&nbsp;: fromage, herbes, cumin, s\u00e9same, piquants\u2026 Pour le concours, seule la version au beurre et nature sera admise. \u00ab&nbsp;Un jury de professionnels se r\u00e9unira afin de taxer les \u00e9chantillons qui lui seront parvenus, le 2 juin. Les dix meilleurs produits seront s\u00e9lectionn\u00e9s pour la finale du 17 juin.&nbsp;\u00bb Public, l\u2019\u00e9v\u00e9nement se d\u00e9roulera dans les locaux de la Cave de la C\u00f4te, co-partenaire du mondial avec la Confr\u00e9rie vaudoise des Chevaliers du bon pain. A pr\u00e9ciser que pour cette seconde \u00e9valuation, des personnalit\u00e9s et des amateurs avertis s\u2019assi\u00e9ront \u00e9galement \u00e0 la table des juges. Entre autres crit\u00e8res, ils appr\u00e9cieront l\u2019aspect, le go\u00fbt, la couleur, la r\u00e9gularit\u00e9\u2026 Le gagnant sera proclam\u00e9 Champion du monde de la fl\u00fbte au terme du concours. Le troph\u00e9e restera en sa possession durant deux ans, avant d\u2019\u00eatre transmis au laur\u00e9at de l\u2019\u00e9dition suivante.<\/p>\n\n\n\n<p><strong>Peut-\u00eatre bient\u00f4t la table du canton<\/strong><br>L\u2019id\u00e9e d\u2019un Mondial de la fl\u00fbte, la Confr\u00e9rie vaudoise la doit au vin d\u2019honneur et au fromage d\u2019excellence des autorit\u00e9s cantonales. \u00ab&nbsp;Chaque ann\u00e9e, le gouvernement s\u00e9lectionne un vin et un fromage qui sont servis lors de ses manifestations officielles. Dans nos s\u00e9ances du conseil, nous nous sommes toujours dit qu\u2019il manquait un produit boulanger.&nbsp;\u00bb De r\u00e9flexion en r\u00e9flexion, la fl\u00fbte et son championnat ont fait leur apparition. \u00ab&nbsp;L\u2019objectif est le m\u00eame&nbsp;: la mise en valeur d\u2019une sp\u00e9cialit\u00e9 r\u00e9gionale et la d\u00e9fense du patrimoine. \u00bb Et qui sait, d\u2019ici quelque temps, des fl\u00fbtes enchanteront peut-\u00eatre les invit\u00e9s des r\u00e9ceptions du canton. \u00ab Des discussions sont en cours \u00bb, affirme le boulanger de Daillens (VD).<\/p>\n\n\n\n<p class=\"has-text-align-right\"><em>Johann Ruppen<\/em><\/p>\n\n\n\n<hr class=\"wp-block-separator has-alpha-channel-opacity\"\/>\n\n\n\n<div class=\"wp-block-columns\">\n<div class=\"wp-block-column\"><div class=\"wp-block-image\">\n<figure class=\"aligncenter size-large is-resized\"><img decoding=\"async\" src=\"https:\/\/swissbaker.ch\/wp-content\/uploads\/2023\/04\/logo_flute-1024x1024.png\" alt=\"\" class=\"wp-image-59838\" width=\"192\" height=\"192\" srcset=\"https:\/\/swissbaker.ch\/wp-content\/uploads\/2023\/04\/logo_flute-1024x1024.png 1024w, https:\/\/swissbaker.ch\/wp-content\/uploads\/2023\/04\/logo_flute-150x150.png 150w, https:\/\/swissbaker.ch\/wp-content\/uploads\/2023\/04\/logo_flute-768x768.png 768w, https:\/\/swissbaker.ch\/wp-content\/uploads\/2023\/04\/logo_flute.png 1181w\" sizes=\"(max-width: 192px) 100vw, 192px\" \/><\/figure>\n<\/div><\/div>\n\n\n\n<div class=\"wp-block-column\">\n<p><strong>D\u00e9tails et inscriptions:<\/strong><br>Confr\u00e9rie vaudoise des Chevaliers du bon pain, <a href=\"https:\/\/www.boulangerie-vd.ch\/mondial-de-la-flute.html\" target=\"_blank\" rel=\"noreferrer noopener\">boulangerie-vd.ch<\/a>, <br>+41 21 728 47 31<\/p>\n<\/div>\n<\/div>\n\n\n\n<hr class=\"wp-block-separator has-alpha-channel-opacity\"\/>\n","protected":false},"excerpt":{"rendered":"<p>Croustillante, sal\u00e9e, en forme de b\u00e2ton\u2026 Biscuit ap\u00e9ro par excellence, la fl\u00fbte pr\u00e9pare son premier championnat du monde. L\u2019\u00e9v\u00e9nement se d\u00e9roulera \u00e0 la mi-juin \u00e0 Tolochenaz (VD). Pr\u00e9cisions avec son chef de projet, le boulanger vaudois Pascal Cl\u00e9ment\u2026<\/p>\n","protected":false},"author":14,"featured_media":59813,"comment_status":"closed","ping_status":"closed","sticky":true,"template":"","format":"standard","meta":{"_acf_changed":false,"footnotes":""},"categories":[40],"tags":[],"class_list":["post-59822","post","type-post","status-publish","format-standard","has-post-thumbnail","hentry","category-des-cantons"],"acf":[],"yoast_head":"<!-- This site is optimized with the Yoast SEO Premium plugin v26.8 (Yoast SEO v26.8) - https:\/\/yoast.com\/product\/yoast-seo-premium-wordpress\/ -->\n<title>La fl\u00fbte d\u00e9croche son mondial | SBC<\/title>\n<meta name=\"description\" content=\"Croustillante, sal\u00e9e, en forme de b\u00e2ton\u2026 Biscuit ap\u00e9ro par excellence, la fl\u00fbte pr\u00e9pare son premier championnat du monde.\" \/>\n<meta name=\"robots\" content=\"index, follow, max-snippet:-1, max-image-preview:large, max-video-preview:-1\" \/>\n<link rel=\"canonical\" href=\"https:\/\/swissbaker.ch\/fr\/panissimo-news\/la-flute-decroche-son-mondial\/\" \/>\n<meta property=\"og:locale\" content=\"fr_FR\" \/>\n<meta property=\"og:type\" content=\"article\" \/>\n<meta property=\"og:title\" content=\"La fl\u00fbte d\u00e9croche son mondial\" \/>\n<meta property=\"og:description\" content=\"Croustillante, sal\u00e9e, en forme de b\u00e2ton\u2026 Biscuit ap\u00e9ro par excellence, la fl\u00fbte pr\u00e9pare son premier championnat du monde.\" \/>\n<meta property=\"og:url\" content=\"https:\/\/swissbaker.ch\/fr\/panissimo-news\/la-flute-decroche-son-mondial\/\" \/>\n<meta property=\"og:site_name\" content=\"SBC\" \/>\n<meta property=\"article:publisher\" content=\"https:\/\/www.facebook.com\/swissbaker.ch\" \/>\n<meta property=\"article:published_time\" content=\"2023-04-13T06:10:02+00:00\" \/>\n<meta property=\"article:modified_time\" content=\"2023-04-13T12:20:49+00:00\" \/>\n<meta property=\"og:image\" content=\"https:\/\/swissbaker.ch\/wp-content\/uploads\/2023\/04\/7_2_flutes.jpg\" \/>\n\t<meta property=\"og:image:width\" content=\"1200\" \/>\n\t<meta property=\"og:image:height\" content=\"712\" \/>\n\t<meta property=\"og:image:type\" content=\"image\/jpeg\" \/>\n<meta name=\"author\" content=\"Franzisca Ellenberger\" \/>\n<meta name=\"twitter:card\" content=\"summary_large_image\" \/>\n<meta name=\"twitter:creator\" content=\"@ch_swissbaker\" \/>\n<meta name=\"twitter:site\" content=\"@ch_swissbaker\" \/>\n<meta name=\"twitter:label1\" content=\"Written by\" \/>\n\t<meta name=\"twitter:data1\" content=\"Franzisca Ellenberger\" \/>\n\t<meta name=\"twitter:label2\" content=\"Est. reading time\" \/>\n\t<meta name=\"twitter:data2\" content=\"3 minutes\" \/>\n<script type=\"application\/ld+json\" class=\"yoast-schema-graph\">{\"@context\":\"https:\/\/schema.org\",\"@graph\":[{\"@type\":\"Article\",\"@id\":\"https:\/\/swissbaker.ch\/fr\/panissimo-news\/la-flute-decroche-son-mondial\/#article\",\"isPartOf\":{\"@id\":\"https:\/\/swissbaker.ch\/fr\/panissimo-news\/la-flute-decroche-son-mondial\/\"},\"author\":{\"name\":\"Franzisca Ellenberger\",\"@id\":\"https:\/\/swissbaker.ch\/fr\/#\/schema\/person\/882cf7a0c343605a02113006afd3cf48\"},\"headline\":\"La fl\u00fbte d\u00e9croche son mondial\",\"datePublished\":\"2023-04-13T06:10:02+00:00\",\"dateModified\":\"2023-04-13T12:20:49+00:00\",\"mainEntityOfPage\":{\"@id\":\"https:\/\/swissbaker.ch\/fr\/panissimo-news\/la-flute-decroche-son-mondial\/\"},\"wordCount\":494,\"publisher\":{\"@id\":\"https:\/\/swissbaker.ch\/fr\/#organization\"},\"image\":{\"@id\":\"https:\/\/swissbaker.ch\/fr\/panissimo-news\/la-flute-decroche-son-mondial\/#primaryimage\"},\"thumbnailUrl\":\"https:\/\/swissbaker.ch\/wp-content\/uploads\/2023\/04\/7_2_flutes.jpg\",\"articleSection\":[\"Des cantons\"],\"inLanguage\":\"fr-FR\"},{\"@type\":\"WebPage\",\"@id\":\"https:\/\/swissbaker.ch\/fr\/panissimo-news\/la-flute-decroche-son-mondial\/\",\"url\":\"https:\/\/swissbaker.ch\/fr\/panissimo-news\/la-flute-decroche-son-mondial\/\",\"name\":\"La fl\u00fbte d\u00e9croche son mondial | SBC\",\"isPartOf\":{\"@id\":\"https:\/\/swissbaker.ch\/fr\/#website\"},\"primaryImageOfPage\":{\"@id\":\"https:\/\/swissbaker.ch\/fr\/panissimo-news\/la-flute-decroche-son-mondial\/#primaryimage\"},\"image\":{\"@id\":\"https:\/\/swissbaker.ch\/fr\/panissimo-news\/la-flute-decroche-son-mondial\/#primaryimage\"},\"thumbnailUrl\":\"https:\/\/swissbaker.ch\/wp-content\/uploads\/2023\/04\/7_2_flutes.jpg\",\"datePublished\":\"2023-04-13T06:10:02+00:00\",\"dateModified\":\"2023-04-13T12:20:49+00:00\",\"description\":\"Croustillante, sal\u00e9e, en forme de b\u00e2ton\u2026 Biscuit ap\u00e9ro par excellence, la fl\u00fbte pr\u00e9pare son premier championnat du monde.\",\"breadcrumb\":{\"@id\":\"https:\/\/swissbaker.ch\/fr\/panissimo-news\/la-flute-decroche-son-mondial\/#breadcrumb\"},\"inLanguage\":\"fr-FR\",\"potentialAction\":[{\"@type\":\"ReadAction\",\"target\":[\"https:\/\/swissbaker.ch\/fr\/panissimo-news\/la-flute-decroche-son-mondial\/\"]}]},{\"@type\":\"ImageObject\",\"inLanguage\":\"fr-FR\",\"@id\":\"https:\/\/swissbaker.ch\/fr\/panissimo-news\/la-flute-decroche-son-mondial\/#primaryimage\",\"url\":\"https:\/\/swissbaker.ch\/wp-content\/uploads\/2023\/04\/7_2_flutes.jpg\",\"contentUrl\":\"https:\/\/swissbaker.ch\/wp-content\/uploads\/2023\/04\/7_2_flutes.jpg\",\"width\":1200,\"height\":712},{\"@type\":\"BreadcrumbList\",\"@id\":\"https:\/\/swissbaker.ch\/fr\/panissimo-news\/la-flute-decroche-son-mondial\/#breadcrumb\",\"itemListElement\":[{\"@type\":\"ListItem\",\"position\":1,\"name\":\"\",\"item\":\"https:\/\/swissbaker.ch\/fr\/\"},{\"@type\":\"ListItem\",\"position\":2,\"name\":\"Des cantons\",\"item\":\"https:\/\/swissbaker.ch\/fr\/panissimo-news\/category\/des-cantons\/\"},{\"@type\":\"ListItem\",\"position\":3,\"name\":\"La fl\u00fbte d\u00e9croche son mondial\"}]},{\"@type\":\"WebSite\",\"@id\":\"https:\/\/swissbaker.ch\/fr\/#website\",\"url\":\"https:\/\/swissbaker.ch\/fr\/\",\"name\":\"SBC\",\"description\":\"\",\"publisher\":{\"@id\":\"https:\/\/swissbaker.ch\/fr\/#organization\"},\"potentialAction\":[{\"@type\":\"SearchAction\",\"target\":{\"@type\":\"EntryPoint\",\"urlTemplate\":\"https:\/\/swissbaker.ch\/fr\/?s={search_term_string}\"},\"query-input\":{\"@type\":\"PropertyValueSpecification\",\"valueRequired\":true,\"valueName\":\"search_term_string\"}}],\"inLanguage\":\"fr-FR\"},{\"@type\":\"Organization\",\"@id\":\"https:\/\/swissbaker.ch\/fr\/#organization\",\"name\":\"Schweizerischer B\u00e4cker-Confiseurmeister-Verband\",\"url\":\"https:\/\/swissbaker.ch\/fr\/\",\"logo\":{\"@type\":\"ImageObject\",\"inLanguage\":\"fr-FR\",\"@id\":\"https:\/\/swissbaker.ch\/fr\/#\/schema\/logo\/image\/\",\"url\":\"https:\/\/swissbaker.ch\/wp-content\/uploads\/2022\/04\/sbc-logo-yoast.jpg\",\"contentUrl\":\"https:\/\/swissbaker.ch\/wp-content\/uploads\/2022\/04\/sbc-logo-yoast.jpg\",\"width\":512,\"height\":512,\"caption\":\"Schweizerischer B\u00e4cker-Confiseurmeister-Verband\"},\"image\":{\"@id\":\"https:\/\/swissbaker.ch\/fr\/#\/schema\/logo\/image\/\"},\"sameAs\":[\"https:\/\/www.facebook.com\/swissbaker.ch\",\"https:\/\/x.com\/ch_swissbaker\"]},{\"@type\":\"Person\",\"@id\":\"https:\/\/swissbaker.ch\/fr\/#\/schema\/person\/882cf7a0c343605a02113006afd3cf48\",\"name\":\"Franzisca Ellenberger\",\"image\":{\"@type\":\"ImageObject\",\"inLanguage\":\"fr-FR\",\"@id\":\"https:\/\/swissbaker.ch\/fr\/#\/schema\/person\/image\/\",\"url\":\"https:\/\/secure.gravatar.com\/avatar\/cfbbf5e1c965abf6a3e577fb088280ca678978f8d63bfc6ea7a2f0dca671ee5f?s=96&d=mm&r=g\",\"contentUrl\":\"https:\/\/secure.gravatar.com\/avatar\/cfbbf5e1c965abf6a3e577fb088280ca678978f8d63bfc6ea7a2f0dca671ee5f?s=96&d=mm&r=g\",\"caption\":\"Franzisca Ellenberger\"},\"url\":\"https:\/\/swissbaker.ch\/fr\/panissimo-news\/author\/franzisca-ellenberger\/\"}]}<\/script>\n<!-- \/ Yoast SEO Premium plugin. -->","yoast_head_json":{"title":"La fl\u00fbte d\u00e9croche son mondial | SBC","description":"Croustillante, sal\u00e9e, en forme de b\u00e2ton\u2026 Biscuit ap\u00e9ro par excellence, la fl\u00fbte pr\u00e9pare son premier championnat du monde.","robots":{"index":"index","follow":"follow","max-snippet":"max-snippet:-1","max-image-preview":"max-image-preview:large","max-video-preview":"max-video-preview:-1"},"canonical":"https:\/\/swissbaker.ch\/fr\/panissimo-news\/la-flute-decroche-son-mondial\/","og_locale":"fr_FR","og_type":"article","og_title":"La fl\u00fbte d\u00e9croche son mondial","og_description":"Croustillante, sal\u00e9e, en forme de b\u00e2ton\u2026 Biscuit ap\u00e9ro par excellence, la fl\u00fbte pr\u00e9pare son premier championnat du monde.","og_url":"https:\/\/swissbaker.ch\/fr\/panissimo-news\/la-flute-decroche-son-mondial\/","og_site_name":"SBC","article_publisher":"https:\/\/www.facebook.com\/swissbaker.ch","article_published_time":"2023-04-13T06:10:02+00:00","article_modified_time":"2023-04-13T12:20:49+00:00","og_image":[{"width":1200,"height":712,"url":"https:\/\/swissbaker.ch\/wp-content\/uploads\/2023\/04\/7_2_flutes.jpg","type":"image\/jpeg"}],"author":"Franzisca Ellenberger","twitter_card":"summary_large_image","twitter_creator":"@ch_swissbaker","twitter_site":"@ch_swissbaker","twitter_misc":{"Written by":"Franzisca Ellenberger","Est. reading time":"3 minutes"},"schema":{"@context":"https:\/\/schema.org","@graph":[{"@type":"Article","@id":"https:\/\/swissbaker.ch\/fr\/panissimo-news\/la-flute-decroche-son-mondial\/#article","isPartOf":{"@id":"https:\/\/swissbaker.ch\/fr\/panissimo-news\/la-flute-decroche-son-mondial\/"},"author":{"name":"Franzisca Ellenberger","@id":"https:\/\/swissbaker.ch\/fr\/#\/schema\/person\/882cf7a0c343605a02113006afd3cf48"},"headline":"La fl\u00fbte d\u00e9croche son mondial","datePublished":"2023-04-13T06:10:02+00:00","dateModified":"2023-04-13T12:20:49+00:00","mainEntityOfPage":{"@id":"https:\/\/swissbaker.ch\/fr\/panissimo-news\/la-flute-decroche-son-mondial\/"},"wordCount":494,"publisher":{"@id":"https:\/\/swissbaker.ch\/fr\/#organization"},"image":{"@id":"https:\/\/swissbaker.ch\/fr\/panissimo-news\/la-flute-decroche-son-mondial\/#primaryimage"},"thumbnailUrl":"https:\/\/swissbaker.ch\/wp-content\/uploads\/2023\/04\/7_2_flutes.jpg","articleSection":["Des cantons"],"inLanguage":"fr-FR"},{"@type":"WebPage","@id":"https:\/\/swissbaker.ch\/fr\/panissimo-news\/la-flute-decroche-son-mondial\/","url":"https:\/\/swissbaker.ch\/fr\/panissimo-news\/la-flute-decroche-son-mondial\/","name":"La fl\u00fbte d\u00e9croche son mondial | SBC","isPartOf":{"@id":"https:\/\/swissbaker.ch\/fr\/#website"},"primaryImageOfPage":{"@id":"https:\/\/swissbaker.ch\/fr\/panissimo-news\/la-flute-decroche-son-mondial\/#primaryimage"},"image":{"@id":"https:\/\/swissbaker.ch\/fr\/panissimo-news\/la-flute-decroche-son-mondial\/#primaryimage"},"thumbnailUrl":"https:\/\/swissbaker.ch\/wp-content\/uploads\/2023\/04\/7_2_flutes.jpg","datePublished":"2023-04-13T06:10:02+00:00","dateModified":"2023-04-13T12:20:49+00:00","description":"Croustillante, sal\u00e9e, en forme de b\u00e2ton\u2026 Biscuit ap\u00e9ro par excellence, la fl\u00fbte pr\u00e9pare son premier championnat du monde.","breadcrumb":{"@id":"https:\/\/swissbaker.ch\/fr\/panissimo-news\/la-flute-decroche-son-mondial\/#breadcrumb"},"inLanguage":"fr-FR","potentialAction":[{"@type":"ReadAction","target":["https:\/\/swissbaker.ch\/fr\/panissimo-news\/la-flute-decroche-son-mondial\/"]}]},{"@type":"ImageObject","inLanguage":"fr-FR","@id":"https:\/\/swissbaker.ch\/fr\/panissimo-news\/la-flute-decroche-son-mondial\/#primaryimage","url":"https:\/\/swissbaker.ch\/wp-content\/uploads\/2023\/04\/7_2_flutes.jpg","contentUrl":"https:\/\/swissbaker.ch\/wp-content\/uploads\/2023\/04\/7_2_flutes.jpg","width":1200,"height":712},{"@type":"BreadcrumbList","@id":"https:\/\/swissbaker.ch\/fr\/panissimo-news\/la-flute-decroche-son-mondial\/#breadcrumb","itemListElement":[{"@type":"ListItem","position":1,"name":"","item":"https:\/\/swissbaker.ch\/fr\/"},{"@type":"ListItem","position":2,"name":"Des cantons","item":"https:\/\/swissbaker.ch\/fr\/panissimo-news\/category\/des-cantons\/"},{"@type":"ListItem","position":3,"name":"La fl\u00fbte d\u00e9croche son mondial"}]},{"@type":"WebSite","@id":"https:\/\/swissbaker.ch\/fr\/#website","url":"https:\/\/swissbaker.ch\/fr\/","name":"SBC","description":"","publisher":{"@id":"https:\/\/swissbaker.ch\/fr\/#organization"},"potentialAction":[{"@type":"SearchAction","target":{"@type":"EntryPoint","urlTemplate":"https:\/\/swissbaker.ch\/fr\/?s={search_term_string}"},"query-input":{"@type":"PropertyValueSpecification","valueRequired":true,"valueName":"search_term_string"}}],"inLanguage":"fr-FR"},{"@type":"Organization","@id":"https:\/\/swissbaker.ch\/fr\/#organization","name":"Schweizerischer B\u00e4cker-Confiseurmeister-Verband","url":"https:\/\/swissbaker.ch\/fr\/","logo":{"@type":"ImageObject","inLanguage":"fr-FR","@id":"https:\/\/swissbaker.ch\/fr\/#\/schema\/logo\/image\/","url":"https:\/\/swissbaker.ch\/wp-content\/uploads\/2022\/04\/sbc-logo-yoast.jpg","contentUrl":"https:\/\/swissbaker.ch\/wp-content\/uploads\/2022\/04\/sbc-logo-yoast.jpg","width":512,"height":512,"caption":"Schweizerischer B\u00e4cker-Confiseurmeister-Verband"},"image":{"@id":"https:\/\/swissbaker.ch\/fr\/#\/schema\/logo\/image\/"},"sameAs":["https:\/\/www.facebook.com\/swissbaker.ch","https:\/\/x.com\/ch_swissbaker"]},{"@type":"Person","@id":"https:\/\/swissbaker.ch\/fr\/#\/schema\/person\/882cf7a0c343605a02113006afd3cf48","name":"Franzisca Ellenberger","image":{"@type":"ImageObject","inLanguage":"fr-FR","@id":"https:\/\/swissbaker.ch\/fr\/#\/schema\/person\/image\/","url":"https:\/\/secure.gravatar.com\/avatar\/cfbbf5e1c965abf6a3e577fb088280ca678978f8d63bfc6ea7a2f0dca671ee5f?s=96&d=mm&r=g","contentUrl":"https:\/\/secure.gravatar.com\/avatar\/cfbbf5e1c965abf6a3e577fb088280ca678978f8d63bfc6ea7a2f0dca671ee5f?s=96&d=mm&r=g","caption":"Franzisca Ellenberger"},"url":"https:\/\/swissbaker.ch\/fr\/panissimo-news\/author\/franzisca-ellenberger\/"}]}},"_links":{"self":[{"href":"https:\/\/swissbaker.ch\/fr\/wp-json\/wp\/v2\/posts\/59822","targetHints":{"allow":["GET"]}}],"collection":[{"href":"https:\/\/swissbaker.ch\/fr\/wp-json\/wp\/v2\/posts"}],"about":[{"href":"https:\/\/swissbaker.ch\/fr\/wp-json\/wp\/v2\/types\/post"}],"author":[{"embeddable":true,"href":"https:\/\/swissbaker.ch\/fr\/wp-json\/wp\/v2\/users\/14"}],"replies":[{"embeddable":true,"href":"https:\/\/swissbaker.ch\/fr\/wp-json\/wp\/v2\/comments?post=59822"}],"version-history":[{"count":0,"href":"https:\/\/swissbaker.ch\/fr\/wp-json\/wp\/v2\/posts\/59822\/revisions"}],"wp:featuredmedia":[{"embeddable":true,"href":"https:\/\/swissbaker.ch\/fr\/wp-json\/wp\/v2\/media\/59813"}],"wp:attachment":[{"href":"https:\/\/swissbaker.ch\/fr\/wp-json\/wp\/v2\/media?parent=59822"}],"wp:term":[{"taxonomy":"category","embeddable":true,"href":"https:\/\/swissbaker.ch\/fr\/wp-json\/wp\/v2\/categories?post=59822"},{"taxonomy":"post_tag","embeddable":true,"href":"https:\/\/swissbaker.ch\/fr\/wp-json\/wp\/v2\/tags?post=59822"}],"curies":[{"name":"wp","href":"https:\/\/api.w.org\/{rel}","templated":true}]}}