{"id":59747,"date":"2023-04-05T16:19:41","date_gmt":"2023-04-05T14:19:41","guid":{"rendered":"https:\/\/swissbaker.ch\/?p=59747"},"modified":"2023-04-05T16:30:26","modified_gmt":"2023-04-05T14:30:26","slug":"allez-y-lancez-vous","status":"publish","type":"post","link":"https:\/\/swissbaker.ch\/fr\/panissimo-news\/allez-y-lancez-vous\/","title":{"rendered":"Allez-y, lancez-vous\u2009!"},"content":{"rendered":"\n<p>Ch\u00e8re lectrice, cher lecteur,<\/p>\n\n\n\n<p>A l\u2019image de nos vies \u00e0 tous, le monde aussi est tr\u00e8s actif. Je ne vais pas vous \u00e9num\u00e9rer les principaux titres que la presse diffuse ces derniers temps. Tous ces \u00e9v\u00e8nements, \u00e9mouvants, tragiques ou incroyables, n\u2019auraient pas pu \u00eatre \u00e9vit\u00e9s par nos d\u00e9cisions de simples citoyens. Cela nous d\u00e9passe et nous en subissons juste les cons\u00e9quences. <\/p>\n\n\n\n<p>Par contre, \u00e0 notre niveau, nous pouvons agir sur ce qui nous tient vraiment \u00e0 c\u0153ur, soutenir notre belle profession et avoir le courage de reprendre un commerce, par exemple.<\/p>\n\n\n\n<p>Ces derni\u00e8res ann\u00e9es, des dizaines, voire des centaines de jeunes professionnels ont franchi le cap du brevet professionnel ou de la ma\u00eetrise f\u00e9d\u00e9rale par passion et par amour du m\u00e9tier. <\/p>\n\n\n\n<figure class=\"wp-block-pullquote has-medium-font-size\" style=\"font-style:normal;font-weight:600\"><blockquote><p>\u00ab J\u2019entame ma 35e ann\u00e9e en tant qu\u2019ind\u00e9pendant et je n\u2019ai jamais regrett\u00e9 mon choix. \u00bb<\/p><cite><em>Jean-Fran\u00e7ois Leuenberger<\/em><\/cite><\/blockquote><\/figure>\n\n\n\n<p>O\u00f9 vous cachez-vous\u2009? Que vous manque-t-il pour franchir le pas de reprendre un commerce\u2009? Vous avez le choix entre ville ou campagne, dans les 4 r\u00e9gions linguistiques de notre beau pays et de cibler plut\u00f4t un commerce familial ou une entreprise plus cons\u00e9quente. Il ne vous manque plus que ce brin de courage comme juste avant de sauter \u00e0 l\u2019\u00e9lastique pour la premi\u00e8re fois\u2009!<\/p>\n\n\n\n<p>J\u2019entame ma 35e ann\u00e9e en tant qu\u2019ind\u00e9pendant et je n\u2019ai jamais regrett\u00e9 mon choix. A 25 ans, ma ma\u00eetrise f\u00e9d\u00e9rale en poche et des id\u00e9es plein la t\u00eate, j\u2019avais juste envie de voler de mes propres ailes, prendre ma vie en main et d\u00e9cider de mon propre chemin. Bien s\u00fbr, il a fallu faire des sacrifices mais cela ne m\u2019a pas emp\u00each\u00e9 de fonder une famille heureuse, de m\u2019occuper de mes enfants, d\u2019avoir des hobbies, de partir en vacances et de finalement vivre normalement. En prenant quelques mandats au sein de la BCS, j\u2019ai aussi pu go\u00fbter aux joies mais aussi aux responsabilit\u00e9s de la gestion d\u2019une association et combler ainsi mon envie de participer \u00e0 la destin\u00e9e de notre noble profession.<\/p>\n\n\n\n<p>Avec Proback, vos meuniers, la BCS, les associations cantonales et vos sources professionnelles, vous avez l\u2019embarras du choix pour vous renseigner sur les nombreux commerces \u00e0 remettre imm\u00e9diatement ou dans un proche avenir.<\/p>\n\n\n\n<p>Alors encore une fois, ayez le courage de vous lancer et soyez les prochains repr\u00e9sentants et d\u00e9fenseurs des boulangers-p\u00e2tissiers-confiseurs suisses afin d\u2019assurer la p\u00e9rennit\u00e9 des 1300 commerces ind\u00e9pendants actuels.<\/p>\n\n\n\n<p class=\"has-text-align-right\"><em>Jean-Fran\u00e7ois Leuenberger, Vice-pr\u00e9sident de la BCS<\/em><\/p>\n","protected":false},"excerpt":{"rendered":"<p>O\u00f9 vous cachez-vous\u2009? Que vous manque-t-il pour franchir le pas de reprendre un commerce\u2009? Vous avez le choix entre ville ou campagne, dans les 4 r\u00e9gions linguistiques de notre beau pays et de cibler plut\u00f4t un commerce familial ou une entreprise plus cons\u00e9quente.<\/p>\n","protected":false},"author":5,"featured_media":59737,"comment_status":"closed","ping_status":"closed","sticky":false,"template":"","format":"standard","meta":{"_acf_changed":false,"footnotes":""},"categories":[41],"tags":[],"class_list":["post-59747","post","type-post","status-publish","format-standard","has-post-thumbnail","hentry","category-association"],"acf":[],"yoast_head":"<!-- This site is optimized with the Yoast SEO Premium plugin v26.8 (Yoast SEO v26.8) - https:\/\/yoast.com\/product\/yoast-seo-premium-wordpress\/ -->\n<title>Allez-y, lancez-vous\u2009! | SBC<\/title>\n<meta name=\"robots\" content=\"index, follow, max-snippet:-1, max-image-preview:large, max-video-preview:-1\" \/>\n<link rel=\"canonical\" href=\"https:\/\/swissbaker.ch\/fr\/panissimo-news\/allez-y-lancez-vous\/\" \/>\n<meta property=\"og:locale\" content=\"fr_FR\" \/>\n<meta property=\"og:type\" content=\"article\" \/>\n<meta property=\"og:title\" content=\"Allez-y, lancez-vous\u2009!\" \/>\n<meta property=\"og:description\" content=\"O\u00f9 vous cachez-vous\u2009? Que vous manque-t-il pour franchir le pas de reprendre un commerce\u2009? Vous avez le choix entre ville ou campagne, dans les 4 r\u00e9gions linguistiques de notre beau pays et de cibler plut\u00f4t un commerce familial ou une entreprise plus cons\u00e9quente.\" \/>\n<meta property=\"og:url\" content=\"https:\/\/swissbaker.ch\/fr\/panissimo-news\/allez-y-lancez-vous\/\" \/>\n<meta property=\"og:site_name\" content=\"SBC\" \/>\n<meta property=\"article:publisher\" content=\"https:\/\/www.facebook.com\/swissbaker.ch\" \/>\n<meta property=\"article:published_time\" content=\"2023-04-05T14:19:41+00:00\" \/>\n<meta property=\"article:modified_time\" content=\"2023-04-05T14:30:26+00:00\" \/>\n<meta property=\"og:image\" content=\"https:\/\/swissbaker.ch\/wp-content\/uploads\/2023\/04\/j_f_leuenberger.jpg\" \/>\n\t<meta property=\"og:image:width\" content=\"1200\" \/>\n\t<meta property=\"og:image:height\" content=\"712\" \/>\n\t<meta property=\"og:image:type\" content=\"image\/jpeg\" \/>\n<meta name=\"author\" content=\"Simon Nussbaum\" \/>\n<meta name=\"twitter:card\" content=\"summary_large_image\" \/>\n<meta name=\"twitter:creator\" content=\"@ch_swissbaker\" \/>\n<meta name=\"twitter:site\" content=\"@ch_swissbaker\" \/>\n<meta name=\"twitter:label1\" content=\"Written by\" \/>\n\t<meta name=\"twitter:data1\" content=\"Simon Nussbaum\" \/>\n\t<meta name=\"twitter:label2\" content=\"Est. reading time\" \/>\n\t<meta name=\"twitter:data2\" content=\"3 minutes\" \/>\n<script type=\"application\/ld+json\" class=\"yoast-schema-graph\">{\"@context\":\"https:\/\/schema.org\",\"@graph\":[{\"@type\":\"Article\",\"@id\":\"https:\/\/swissbaker.ch\/fr\/panissimo-news\/allez-y-lancez-vous\/#article\",\"isPartOf\":{\"@id\":\"https:\/\/swissbaker.ch\/fr\/panissimo-news\/allez-y-lancez-vous\/\"},\"author\":{\"name\":\"Simon Nussbaum\",\"@id\":\"https:\/\/swissbaker.ch\/fr\/#\/schema\/person\/74bd327b08c18ca6042c02ff6f0ed5e2\"},\"headline\":\"Allez-y, lancez-vous\u2009!\",\"datePublished\":\"2023-04-05T14:19:41+00:00\",\"dateModified\":\"2023-04-05T14:30:26+00:00\",\"mainEntityOfPage\":{\"@id\":\"https:\/\/swissbaker.ch\/fr\/panissimo-news\/allez-y-lancez-vous\/\"},\"wordCount\":444,\"publisher\":{\"@id\":\"https:\/\/swissbaker.ch\/fr\/#organization\"},\"image\":{\"@id\":\"https:\/\/swissbaker.ch\/fr\/panissimo-news\/allez-y-lancez-vous\/#primaryimage\"},\"thumbnailUrl\":\"https:\/\/swissbaker.ch\/wp-content\/uploads\/2023\/04\/j_f_leuenberger.jpg\",\"articleSection\":[\"Association\"],\"inLanguage\":\"fr-FR\"},{\"@type\":\"WebPage\",\"@id\":\"https:\/\/swissbaker.ch\/fr\/panissimo-news\/allez-y-lancez-vous\/\",\"url\":\"https:\/\/swissbaker.ch\/fr\/panissimo-news\/allez-y-lancez-vous\/\",\"name\":\"Allez-y, lancez-vous\u2009! | SBC\",\"isPartOf\":{\"@id\":\"https:\/\/swissbaker.ch\/fr\/#website\"},\"primaryImageOfPage\":{\"@id\":\"https:\/\/swissbaker.ch\/fr\/panissimo-news\/allez-y-lancez-vous\/#primaryimage\"},\"image\":{\"@id\":\"https:\/\/swissbaker.ch\/fr\/panissimo-news\/allez-y-lancez-vous\/#primaryimage\"},\"thumbnailUrl\":\"https:\/\/swissbaker.ch\/wp-content\/uploads\/2023\/04\/j_f_leuenberger.jpg\",\"datePublished\":\"2023-04-05T14:19:41+00:00\",\"dateModified\":\"2023-04-05T14:30:26+00:00\",\"breadcrumb\":{\"@id\":\"https:\/\/swissbaker.ch\/fr\/panissimo-news\/allez-y-lancez-vous\/#breadcrumb\"},\"inLanguage\":\"fr-FR\",\"potentialAction\":[{\"@type\":\"ReadAction\",\"target\":[\"https:\/\/swissbaker.ch\/fr\/panissimo-news\/allez-y-lancez-vous\/\"]}]},{\"@type\":\"ImageObject\",\"inLanguage\":\"fr-FR\",\"@id\":\"https:\/\/swissbaker.ch\/fr\/panissimo-news\/allez-y-lancez-vous\/#primaryimage\",\"url\":\"https:\/\/swissbaker.ch\/wp-content\/uploads\/2023\/04\/j_f_leuenberger.jpg\",\"contentUrl\":\"https:\/\/swissbaker.ch\/wp-content\/uploads\/2023\/04\/j_f_leuenberger.jpg\",\"width\":1200,\"height\":712},{\"@type\":\"BreadcrumbList\",\"@id\":\"https:\/\/swissbaker.ch\/fr\/panissimo-news\/allez-y-lancez-vous\/#breadcrumb\",\"itemListElement\":[{\"@type\":\"ListItem\",\"position\":1,\"name\":\"\",\"item\":\"https:\/\/swissbaker.ch\/fr\/\"},{\"@type\":\"ListItem\",\"position\":2,\"name\":\"Association\",\"item\":\"https:\/\/swissbaker.ch\/fr\/panissimo-news\/category\/association\/\"},{\"@type\":\"ListItem\",\"position\":3,\"name\":\"Allez-y, lancez-vous\u2009!\"}]},{\"@type\":\"WebSite\",\"@id\":\"https:\/\/swissbaker.ch\/fr\/#website\",\"url\":\"https:\/\/swissbaker.ch\/fr\/\",\"name\":\"SBC\",\"description\":\"\",\"publisher\":{\"@id\":\"https:\/\/swissbaker.ch\/fr\/#organization\"},\"potentialAction\":[{\"@type\":\"SearchAction\",\"target\":{\"@type\":\"EntryPoint\",\"urlTemplate\":\"https:\/\/swissbaker.ch\/fr\/?s={search_term_string}\"},\"query-input\":{\"@type\":\"PropertyValueSpecification\",\"valueRequired\":true,\"valueName\":\"search_term_string\"}}],\"inLanguage\":\"fr-FR\"},{\"@type\":\"Organization\",\"@id\":\"https:\/\/swissbaker.ch\/fr\/#organization\",\"name\":\"Schweizerischer B\u00e4cker-Confiseurmeister-Verband\",\"url\":\"https:\/\/swissbaker.ch\/fr\/\",\"logo\":{\"@type\":\"ImageObject\",\"inLanguage\":\"fr-FR\",\"@id\":\"https:\/\/swissbaker.ch\/fr\/#\/schema\/logo\/image\/\",\"url\":\"https:\/\/swissbaker.ch\/wp-content\/uploads\/2022\/04\/sbc-logo-yoast.jpg\",\"contentUrl\":\"https:\/\/swissbaker.ch\/wp-content\/uploads\/2022\/04\/sbc-logo-yoast.jpg\",\"width\":512,\"height\":512,\"caption\":\"Schweizerischer B\u00e4cker-Confiseurmeister-Verband\"},\"image\":{\"@id\":\"https:\/\/swissbaker.ch\/fr\/#\/schema\/logo\/image\/\"},\"sameAs\":[\"https:\/\/www.facebook.com\/swissbaker.ch\",\"https:\/\/x.com\/ch_swissbaker\"]},{\"@type\":\"Person\",\"@id\":\"https:\/\/swissbaker.ch\/fr\/#\/schema\/person\/74bd327b08c18ca6042c02ff6f0ed5e2\",\"name\":\"Simon Nussbaum\",\"image\":{\"@type\":\"ImageObject\",\"inLanguage\":\"fr-FR\",\"@id\":\"https:\/\/swissbaker.ch\/fr\/#\/schema\/person\/image\/\",\"url\":\"https:\/\/secure.gravatar.com\/avatar\/df0eced3bb556c806cb760cf503ade1ed1df25b4104d80d6fd28d93a9509aa12?s=96&d=mm&r=g\",\"contentUrl\":\"https:\/\/secure.gravatar.com\/avatar\/df0eced3bb556c806cb760cf503ade1ed1df25b4104d80d6fd28d93a9509aa12?s=96&d=mm&r=g\",\"caption\":\"Simon Nussbaum\"},\"url\":\"https:\/\/swissbaker.ch\/fr\/panissimo-news\/author\/simon-nussbaum\/\"}]}<\/script>\n<!-- \/ Yoast SEO Premium plugin. -->","yoast_head_json":{"title":"Allez-y, lancez-vous\u2009! | SBC","robots":{"index":"index","follow":"follow","max-snippet":"max-snippet:-1","max-image-preview":"max-image-preview:large","max-video-preview":"max-video-preview:-1"},"canonical":"https:\/\/swissbaker.ch\/fr\/panissimo-news\/allez-y-lancez-vous\/","og_locale":"fr_FR","og_type":"article","og_title":"Allez-y, lancez-vous\u2009!","og_description":"O\u00f9 vous cachez-vous\u2009? Que vous manque-t-il pour franchir le pas de reprendre un commerce\u2009? Vous avez le choix entre ville ou campagne, dans les 4 r\u00e9gions linguistiques de notre beau pays et de cibler plut\u00f4t un commerce familial ou une entreprise plus cons\u00e9quente.","og_url":"https:\/\/swissbaker.ch\/fr\/panissimo-news\/allez-y-lancez-vous\/","og_site_name":"SBC","article_publisher":"https:\/\/www.facebook.com\/swissbaker.ch","article_published_time":"2023-04-05T14:19:41+00:00","article_modified_time":"2023-04-05T14:30:26+00:00","og_image":[{"width":1200,"height":712,"url":"https:\/\/swissbaker.ch\/wp-content\/uploads\/2023\/04\/j_f_leuenberger.jpg","type":"image\/jpeg"}],"author":"Simon Nussbaum","twitter_card":"summary_large_image","twitter_creator":"@ch_swissbaker","twitter_site":"@ch_swissbaker","twitter_misc":{"Written by":"Simon Nussbaum","Est. reading time":"3 minutes"},"schema":{"@context":"https:\/\/schema.org","@graph":[{"@type":"Article","@id":"https:\/\/swissbaker.ch\/fr\/panissimo-news\/allez-y-lancez-vous\/#article","isPartOf":{"@id":"https:\/\/swissbaker.ch\/fr\/panissimo-news\/allez-y-lancez-vous\/"},"author":{"name":"Simon Nussbaum","@id":"https:\/\/swissbaker.ch\/fr\/#\/schema\/person\/74bd327b08c18ca6042c02ff6f0ed5e2"},"headline":"Allez-y, lancez-vous\u2009!","datePublished":"2023-04-05T14:19:41+00:00","dateModified":"2023-04-05T14:30:26+00:00","mainEntityOfPage":{"@id":"https:\/\/swissbaker.ch\/fr\/panissimo-news\/allez-y-lancez-vous\/"},"wordCount":444,"publisher":{"@id":"https:\/\/swissbaker.ch\/fr\/#organization"},"image":{"@id":"https:\/\/swissbaker.ch\/fr\/panissimo-news\/allez-y-lancez-vous\/#primaryimage"},"thumbnailUrl":"https:\/\/swissbaker.ch\/wp-content\/uploads\/2023\/04\/j_f_leuenberger.jpg","articleSection":["Association"],"inLanguage":"fr-FR"},{"@type":"WebPage","@id":"https:\/\/swissbaker.ch\/fr\/panissimo-news\/allez-y-lancez-vous\/","url":"https:\/\/swissbaker.ch\/fr\/panissimo-news\/allez-y-lancez-vous\/","name":"Allez-y, lancez-vous\u2009! | SBC","isPartOf":{"@id":"https:\/\/swissbaker.ch\/fr\/#website"},"primaryImageOfPage":{"@id":"https:\/\/swissbaker.ch\/fr\/panissimo-news\/allez-y-lancez-vous\/#primaryimage"},"image":{"@id":"https:\/\/swissbaker.ch\/fr\/panissimo-news\/allez-y-lancez-vous\/#primaryimage"},"thumbnailUrl":"https:\/\/swissbaker.ch\/wp-content\/uploads\/2023\/04\/j_f_leuenberger.jpg","datePublished":"2023-04-05T14:19:41+00:00","dateModified":"2023-04-05T14:30:26+00:00","breadcrumb":{"@id":"https:\/\/swissbaker.ch\/fr\/panissimo-news\/allez-y-lancez-vous\/#breadcrumb"},"inLanguage":"fr-FR","potentialAction":[{"@type":"ReadAction","target":["https:\/\/swissbaker.ch\/fr\/panissimo-news\/allez-y-lancez-vous\/"]}]},{"@type":"ImageObject","inLanguage":"fr-FR","@id":"https:\/\/swissbaker.ch\/fr\/panissimo-news\/allez-y-lancez-vous\/#primaryimage","url":"https:\/\/swissbaker.ch\/wp-content\/uploads\/2023\/04\/j_f_leuenberger.jpg","contentUrl":"https:\/\/swissbaker.ch\/wp-content\/uploads\/2023\/04\/j_f_leuenberger.jpg","width":1200,"height":712},{"@type":"BreadcrumbList","@id":"https:\/\/swissbaker.ch\/fr\/panissimo-news\/allez-y-lancez-vous\/#breadcrumb","itemListElement":[{"@type":"ListItem","position":1,"name":"","item":"https:\/\/swissbaker.ch\/fr\/"},{"@type":"ListItem","position":2,"name":"Association","item":"https:\/\/swissbaker.ch\/fr\/panissimo-news\/category\/association\/"},{"@type":"ListItem","position":3,"name":"Allez-y, lancez-vous\u2009!"}]},{"@type":"WebSite","@id":"https:\/\/swissbaker.ch\/fr\/#website","url":"https:\/\/swissbaker.ch\/fr\/","name":"SBC","description":"","publisher":{"@id":"https:\/\/swissbaker.ch\/fr\/#organization"},"potentialAction":[{"@type":"SearchAction","target":{"@type":"EntryPoint","urlTemplate":"https:\/\/swissbaker.ch\/fr\/?s={search_term_string}"},"query-input":{"@type":"PropertyValueSpecification","valueRequired":true,"valueName":"search_term_string"}}],"inLanguage":"fr-FR"},{"@type":"Organization","@id":"https:\/\/swissbaker.ch\/fr\/#organization","name":"Schweizerischer B\u00e4cker-Confiseurmeister-Verband","url":"https:\/\/swissbaker.ch\/fr\/","logo":{"@type":"ImageObject","inLanguage":"fr-FR","@id":"https:\/\/swissbaker.ch\/fr\/#\/schema\/logo\/image\/","url":"https:\/\/swissbaker.ch\/wp-content\/uploads\/2022\/04\/sbc-logo-yoast.jpg","contentUrl":"https:\/\/swissbaker.ch\/wp-content\/uploads\/2022\/04\/sbc-logo-yoast.jpg","width":512,"height":512,"caption":"Schweizerischer B\u00e4cker-Confiseurmeister-Verband"},"image":{"@id":"https:\/\/swissbaker.ch\/fr\/#\/schema\/logo\/image\/"},"sameAs":["https:\/\/www.facebook.com\/swissbaker.ch","https:\/\/x.com\/ch_swissbaker"]},{"@type":"Person","@id":"https:\/\/swissbaker.ch\/fr\/#\/schema\/person\/74bd327b08c18ca6042c02ff6f0ed5e2","name":"Simon Nussbaum","image":{"@type":"ImageObject","inLanguage":"fr-FR","@id":"https:\/\/swissbaker.ch\/fr\/#\/schema\/person\/image\/","url":"https:\/\/secure.gravatar.com\/avatar\/df0eced3bb556c806cb760cf503ade1ed1df25b4104d80d6fd28d93a9509aa12?s=96&d=mm&r=g","contentUrl":"https:\/\/secure.gravatar.com\/avatar\/df0eced3bb556c806cb760cf503ade1ed1df25b4104d80d6fd28d93a9509aa12?s=96&d=mm&r=g","caption":"Simon Nussbaum"},"url":"https:\/\/swissbaker.ch\/fr\/panissimo-news\/author\/simon-nussbaum\/"}]}},"_links":{"self":[{"href":"https:\/\/swissbaker.ch\/fr\/wp-json\/wp\/v2\/posts\/59747","targetHints":{"allow":["GET"]}}],"collection":[{"href":"https:\/\/swissbaker.ch\/fr\/wp-json\/wp\/v2\/posts"}],"about":[{"href":"https:\/\/swissbaker.ch\/fr\/wp-json\/wp\/v2\/types\/post"}],"author":[{"embeddable":true,"href":"https:\/\/swissbaker.ch\/fr\/wp-json\/wp\/v2\/users\/5"}],"replies":[{"embeddable":true,"href":"https:\/\/swissbaker.ch\/fr\/wp-json\/wp\/v2\/comments?post=59747"}],"version-history":[{"count":0,"href":"https:\/\/swissbaker.ch\/fr\/wp-json\/wp\/v2\/posts\/59747\/revisions"}],"wp:featuredmedia":[{"embeddable":true,"href":"https:\/\/swissbaker.ch\/fr\/wp-json\/wp\/v2\/media\/59737"}],"wp:attachment":[{"href":"https:\/\/swissbaker.ch\/fr\/wp-json\/wp\/v2\/media?parent=59747"}],"wp:term":[{"taxonomy":"category","embeddable":true,"href":"https:\/\/swissbaker.ch\/fr\/wp-json\/wp\/v2\/categories?post=59747"},{"taxonomy":"post_tag","embeddable":true,"href":"https:\/\/swissbaker.ch\/fr\/wp-json\/wp\/v2\/tags?post=59747"}],"curies":[{"name":"wp","href":"https:\/\/api.w.org\/{rel}","templated":true}]}}