{"id":59331,"date":"2023-03-30T15:59:25","date_gmt":"2023-03-30T13:59:25","guid":{"rendered":"https:\/\/swissbaker.ch\/?p=59331"},"modified":"2023-03-31T16:05:35","modified_gmt":"2023-03-31T14:05:35","slug":"gv-sbc-treuhand-ag","status":"publish","type":"post","link":"https:\/\/swissbaker.ch\/fr\/panissimo-news\/gv-sbc-treuhand-ag\/","title":{"rendered":"GV SBC Treuhand AG"},"content":{"rendered":"\n<p>A Salavaux (VD) au bord du lac de Morat, tous les points \u00e0 l&#8217;ordre du jour de la 24e assembl\u00e9e g\u00e9n\u00e9rale ordinaire de SBC Fiduciaire SA ont \u00e9t\u00e9 approuv\u00e9s \u00e0 l&#8217;unanimit\u00e9, le 27 mars. La fiduciaire des boulangers-confiseurs peut jeter un regard r\u00e9trospectif sur un exercice 2022 mouvement\u00e9, au cours duquel l&#8217;accent a surtout \u00e9t\u00e9 mis sur le succ\u00e8s de la transformation des syst\u00e8mes informatiques internes. Outre les repr\u00e9sentants de l&#8217;actionnariat, quelques invit\u00e9s ont \u00e9galement assist\u00e9 \u00e0 l&#8217;assembl\u00e9e.<\/p>\n","protected":false},"excerpt":{"rendered":"<p>A Salavaux (VD) au bord du lac de Morat, tous les points \u00e0 l&#8217;ordre du jour de la 24e assembl\u00e9e g\u00e9n\u00e9rale ordinaire de SBC Fiduciaire SA ont \u00e9t\u00e9 approuv\u00e9s \u00e0 l&#8217;unanimit\u00e9, le 27 mars. La fiduciaire des boulangers-confiseurs peut jeter un regard r\u00e9trospectif sur un exercice 2022 mouvement\u00e9, au cours duquel l&#8217;accent a surtout \u00e9t\u00e9 mis sur le succ\u00e8s de [&hellip;]<\/p>\n","protected":false},"author":5,"featured_media":59310,"comment_status":"closed","ping_status":"closed","sticky":true,"template":"","format":"standard","meta":{"_acf_changed":false,"footnotes":""},"categories":[41,39],"tags":[],"class_list":["post-59331","post","type-post","status-publish","format-standard","has-post-thumbnail","hentry","category-association","category-de-la-branche"],"acf":[],"yoast_head":"<!-- This site is optimized with the Yoast SEO Premium plugin v26.8 (Yoast SEO v26.8) - https:\/\/yoast.com\/product\/yoast-seo-premium-wordpress\/ -->\n<title>GV SBC Treuhand AG | SBC<\/title>\n<meta name=\"description\" content=\"A Salavaux (VD) au bord du lac de Morat, tous les points \u00e0 l&#039;ordre du jour de la 24e assembl\u00e9e g\u00e9n\u00e9rale ordinaire de SBC Fiduciaire SA ont \u00e9t\u00e9 approuv\u00e9s \u00e0 l&#039;unanimit\u00e9, le 27 mars\" \/>\n<meta name=\"robots\" content=\"index, follow, max-snippet:-1, max-image-preview:large, max-video-preview:-1\" \/>\n<link rel=\"canonical\" href=\"https:\/\/swissbaker.ch\/fr\/panissimo-news\/gv-sbc-treuhand-ag\/\" \/>\n<meta property=\"og:locale\" content=\"fr_FR\" \/>\n<meta property=\"og:type\" content=\"article\" \/>\n<meta property=\"og:title\" content=\"GV SBC Treuhand AG\" \/>\n<meta property=\"og:description\" content=\"A Salavaux (VD) au bord du lac de Morat, tous les points \u00e0 l&#039;ordre du jour de la 24e assembl\u00e9e g\u00e9n\u00e9rale ordinaire de SBC Fiduciaire SA ont \u00e9t\u00e9 approuv\u00e9s \u00e0 l&#039;unanimit\u00e9, le 27 mars\" \/>\n<meta property=\"og:url\" content=\"https:\/\/swissbaker.ch\/fr\/panissimo-news\/gv-sbc-treuhand-ag\/\" \/>\n<meta property=\"og:site_name\" content=\"SBC\" \/>\n<meta property=\"article:publisher\" content=\"https:\/\/www.facebook.com\/swissbaker.ch\" \/>\n<meta property=\"article:published_time\" content=\"2023-03-30T13:59:25+00:00\" \/>\n<meta property=\"article:modified_time\" content=\"2023-03-31T14:05:35+00:00\" \/>\n<meta property=\"og:image\" content=\"https:\/\/swissbaker.ch\/wp-content\/uploads\/2023\/03\/6_2_gv_sbc-treuhand_2023.jpg\" \/>\n\t<meta property=\"og:image:width\" content=\"1200\" \/>\n\t<meta property=\"og:image:height\" content=\"712\" \/>\n\t<meta property=\"og:image:type\" content=\"image\/jpeg\" \/>\n<meta name=\"author\" content=\"Simon Nussbaum\" \/>\n<meta name=\"twitter:card\" content=\"summary_large_image\" \/>\n<meta name=\"twitter:creator\" content=\"@ch_swissbaker\" \/>\n<meta name=\"twitter:site\" content=\"@ch_swissbaker\" \/>\n<meta name=\"twitter:label1\" content=\"Written by\" \/>\n\t<meta name=\"twitter:data1\" content=\"Simon Nussbaum\" \/>\n\t<meta name=\"twitter:label2\" content=\"Est. reading time\" \/>\n\t<meta name=\"twitter:data2\" content=\"1 minute\" \/>\n<script type=\"application\/ld+json\" class=\"yoast-schema-graph\">{\"@context\":\"https:\/\/schema.org\",\"@graph\":[{\"@type\":\"Article\",\"@id\":\"https:\/\/swissbaker.ch\/fr\/panissimo-news\/gv-sbc-treuhand-ag\/#article\",\"isPartOf\":{\"@id\":\"https:\/\/swissbaker.ch\/fr\/panissimo-news\/gv-sbc-treuhand-ag\/\"},\"author\":{\"name\":\"Simon Nussbaum\",\"@id\":\"https:\/\/swissbaker.ch\/fr\/#\/schema\/person\/74bd327b08c18ca6042c02ff6f0ed5e2\"},\"headline\":\"GV SBC Treuhand AG\",\"datePublished\":\"2023-03-30T13:59:25+00:00\",\"dateModified\":\"2023-03-31T14:05:35+00:00\",\"mainEntityOfPage\":{\"@id\":\"https:\/\/swissbaker.ch\/fr\/panissimo-news\/gv-sbc-treuhand-ag\/\"},\"wordCount\":92,\"publisher\":{\"@id\":\"https:\/\/swissbaker.ch\/fr\/#organization\"},\"image\":{\"@id\":\"https:\/\/swissbaker.ch\/fr\/panissimo-news\/gv-sbc-treuhand-ag\/#primaryimage\"},\"thumbnailUrl\":\"https:\/\/swissbaker.ch\/wp-content\/uploads\/2023\/03\/6_2_gv_sbc-treuhand_2023.jpg\",\"articleSection\":[\"Association\",\"De la branche\"],\"inLanguage\":\"fr-FR\"},{\"@type\":\"WebPage\",\"@id\":\"https:\/\/swissbaker.ch\/fr\/panissimo-news\/gv-sbc-treuhand-ag\/\",\"url\":\"https:\/\/swissbaker.ch\/fr\/panissimo-news\/gv-sbc-treuhand-ag\/\",\"name\":\"GV SBC Treuhand AG | SBC\",\"isPartOf\":{\"@id\":\"https:\/\/swissbaker.ch\/fr\/#website\"},\"primaryImageOfPage\":{\"@id\":\"https:\/\/swissbaker.ch\/fr\/panissimo-news\/gv-sbc-treuhand-ag\/#primaryimage\"},\"image\":{\"@id\":\"https:\/\/swissbaker.ch\/fr\/panissimo-news\/gv-sbc-treuhand-ag\/#primaryimage\"},\"thumbnailUrl\":\"https:\/\/swissbaker.ch\/wp-content\/uploads\/2023\/03\/6_2_gv_sbc-treuhand_2023.jpg\",\"datePublished\":\"2023-03-30T13:59:25+00:00\",\"dateModified\":\"2023-03-31T14:05:35+00:00\",\"description\":\"A Salavaux (VD) au bord du lac de Morat, tous les points \u00e0 l'ordre du jour de la 24e assembl\u00e9e g\u00e9n\u00e9rale ordinaire de SBC Fiduciaire SA ont \u00e9t\u00e9 approuv\u00e9s \u00e0 l'unanimit\u00e9, le 27 mars\",\"breadcrumb\":{\"@id\":\"https:\/\/swissbaker.ch\/fr\/panissimo-news\/gv-sbc-treuhand-ag\/#breadcrumb\"},\"inLanguage\":\"fr-FR\",\"potentialAction\":[{\"@type\":\"ReadAction\",\"target\":[\"https:\/\/swissbaker.ch\/fr\/panissimo-news\/gv-sbc-treuhand-ag\/\"]}]},{\"@type\":\"ImageObject\",\"inLanguage\":\"fr-FR\",\"@id\":\"https:\/\/swissbaker.ch\/fr\/panissimo-news\/gv-sbc-treuhand-ag\/#primaryimage\",\"url\":\"https:\/\/swissbaker.ch\/wp-content\/uploads\/2023\/03\/6_2_gv_sbc-treuhand_2023.jpg\",\"contentUrl\":\"https:\/\/swissbaker.ch\/wp-content\/uploads\/2023\/03\/6_2_gv_sbc-treuhand_2023.jpg\",\"width\":1200,\"height\":712},{\"@type\":\"BreadcrumbList\",\"@id\":\"https:\/\/swissbaker.ch\/fr\/panissimo-news\/gv-sbc-treuhand-ag\/#breadcrumb\",\"itemListElement\":[{\"@type\":\"ListItem\",\"position\":1,\"name\":\"\",\"item\":\"https:\/\/swissbaker.ch\/fr\/\"},{\"@type\":\"ListItem\",\"position\":2,\"name\":\"Association\",\"item\":\"https:\/\/swissbaker.ch\/fr\/panissimo-news\/category\/association\/\"},{\"@type\":\"ListItem\",\"position\":3,\"name\":\"GV SBC Treuhand AG\"}]},{\"@type\":\"WebSite\",\"@id\":\"https:\/\/swissbaker.ch\/fr\/#website\",\"url\":\"https:\/\/swissbaker.ch\/fr\/\",\"name\":\"SBC\",\"description\":\"\",\"publisher\":{\"@id\":\"https:\/\/swissbaker.ch\/fr\/#organization\"},\"potentialAction\":[{\"@type\":\"SearchAction\",\"target\":{\"@type\":\"EntryPoint\",\"urlTemplate\":\"https:\/\/swissbaker.ch\/fr\/?s={search_term_string}\"},\"query-input\":{\"@type\":\"PropertyValueSpecification\",\"valueRequired\":true,\"valueName\":\"search_term_string\"}}],\"inLanguage\":\"fr-FR\"},{\"@type\":\"Organization\",\"@id\":\"https:\/\/swissbaker.ch\/fr\/#organization\",\"name\":\"Schweizerischer B\u00e4cker-Confiseurmeister-Verband\",\"url\":\"https:\/\/swissbaker.ch\/fr\/\",\"logo\":{\"@type\":\"ImageObject\",\"inLanguage\":\"fr-FR\",\"@id\":\"https:\/\/swissbaker.ch\/fr\/#\/schema\/logo\/image\/\",\"url\":\"https:\/\/swissbaker.ch\/wp-content\/uploads\/2022\/04\/sbc-logo-yoast.jpg\",\"contentUrl\":\"https:\/\/swissbaker.ch\/wp-content\/uploads\/2022\/04\/sbc-logo-yoast.jpg\",\"width\":512,\"height\":512,\"caption\":\"Schweizerischer B\u00e4cker-Confiseurmeister-Verband\"},\"image\":{\"@id\":\"https:\/\/swissbaker.ch\/fr\/#\/schema\/logo\/image\/\"},\"sameAs\":[\"https:\/\/www.facebook.com\/swissbaker.ch\",\"https:\/\/x.com\/ch_swissbaker\"]},{\"@type\":\"Person\",\"@id\":\"https:\/\/swissbaker.ch\/fr\/#\/schema\/person\/74bd327b08c18ca6042c02ff6f0ed5e2\",\"name\":\"Simon Nussbaum\",\"image\":{\"@type\":\"ImageObject\",\"inLanguage\":\"fr-FR\",\"@id\":\"https:\/\/swissbaker.ch\/fr\/#\/schema\/person\/image\/\",\"url\":\"https:\/\/secure.gravatar.com\/avatar\/df0eced3bb556c806cb760cf503ade1ed1df25b4104d80d6fd28d93a9509aa12?s=96&d=mm&r=g\",\"contentUrl\":\"https:\/\/secure.gravatar.com\/avatar\/df0eced3bb556c806cb760cf503ade1ed1df25b4104d80d6fd28d93a9509aa12?s=96&d=mm&r=g\",\"caption\":\"Simon Nussbaum\"},\"url\":\"https:\/\/swissbaker.ch\/fr\/panissimo-news\/author\/simon-nussbaum\/\"}]}<\/script>\n<!-- \/ Yoast SEO Premium plugin. -->","yoast_head_json":{"title":"GV SBC Treuhand AG | SBC","description":"A Salavaux (VD) au bord du lac de Morat, tous les points \u00e0 l'ordre du jour de la 24e assembl\u00e9e g\u00e9n\u00e9rale ordinaire de SBC Fiduciaire SA ont \u00e9t\u00e9 approuv\u00e9s \u00e0 l'unanimit\u00e9, le 27 mars","robots":{"index":"index","follow":"follow","max-snippet":"max-snippet:-1","max-image-preview":"max-image-preview:large","max-video-preview":"max-video-preview:-1"},"canonical":"https:\/\/swissbaker.ch\/fr\/panissimo-news\/gv-sbc-treuhand-ag\/","og_locale":"fr_FR","og_type":"article","og_title":"GV SBC Treuhand AG","og_description":"A Salavaux (VD) au bord du lac de Morat, tous les points \u00e0 l'ordre du jour de la 24e assembl\u00e9e g\u00e9n\u00e9rale ordinaire de SBC Fiduciaire SA ont \u00e9t\u00e9 approuv\u00e9s \u00e0 l'unanimit\u00e9, le 27 mars","og_url":"https:\/\/swissbaker.ch\/fr\/panissimo-news\/gv-sbc-treuhand-ag\/","og_site_name":"SBC","article_publisher":"https:\/\/www.facebook.com\/swissbaker.ch","article_published_time":"2023-03-30T13:59:25+00:00","article_modified_time":"2023-03-31T14:05:35+00:00","og_image":[{"width":1200,"height":712,"url":"https:\/\/swissbaker.ch\/wp-content\/uploads\/2023\/03\/6_2_gv_sbc-treuhand_2023.jpg","type":"image\/jpeg"}],"author":"Simon Nussbaum","twitter_card":"summary_large_image","twitter_creator":"@ch_swissbaker","twitter_site":"@ch_swissbaker","twitter_misc":{"Written by":"Simon Nussbaum","Est. reading time":"1 minute"},"schema":{"@context":"https:\/\/schema.org","@graph":[{"@type":"Article","@id":"https:\/\/swissbaker.ch\/fr\/panissimo-news\/gv-sbc-treuhand-ag\/#article","isPartOf":{"@id":"https:\/\/swissbaker.ch\/fr\/panissimo-news\/gv-sbc-treuhand-ag\/"},"author":{"name":"Simon Nussbaum","@id":"https:\/\/swissbaker.ch\/fr\/#\/schema\/person\/74bd327b08c18ca6042c02ff6f0ed5e2"},"headline":"GV SBC Treuhand AG","datePublished":"2023-03-30T13:59:25+00:00","dateModified":"2023-03-31T14:05:35+00:00","mainEntityOfPage":{"@id":"https:\/\/swissbaker.ch\/fr\/panissimo-news\/gv-sbc-treuhand-ag\/"},"wordCount":92,"publisher":{"@id":"https:\/\/swissbaker.ch\/fr\/#organization"},"image":{"@id":"https:\/\/swissbaker.ch\/fr\/panissimo-news\/gv-sbc-treuhand-ag\/#primaryimage"},"thumbnailUrl":"https:\/\/swissbaker.ch\/wp-content\/uploads\/2023\/03\/6_2_gv_sbc-treuhand_2023.jpg","articleSection":["Association","De la branche"],"inLanguage":"fr-FR"},{"@type":"WebPage","@id":"https:\/\/swissbaker.ch\/fr\/panissimo-news\/gv-sbc-treuhand-ag\/","url":"https:\/\/swissbaker.ch\/fr\/panissimo-news\/gv-sbc-treuhand-ag\/","name":"GV SBC Treuhand AG | SBC","isPartOf":{"@id":"https:\/\/swissbaker.ch\/fr\/#website"},"primaryImageOfPage":{"@id":"https:\/\/swissbaker.ch\/fr\/panissimo-news\/gv-sbc-treuhand-ag\/#primaryimage"},"image":{"@id":"https:\/\/swissbaker.ch\/fr\/panissimo-news\/gv-sbc-treuhand-ag\/#primaryimage"},"thumbnailUrl":"https:\/\/swissbaker.ch\/wp-content\/uploads\/2023\/03\/6_2_gv_sbc-treuhand_2023.jpg","datePublished":"2023-03-30T13:59:25+00:00","dateModified":"2023-03-31T14:05:35+00:00","description":"A Salavaux (VD) au bord du lac de Morat, tous les points \u00e0 l'ordre du jour de la 24e assembl\u00e9e g\u00e9n\u00e9rale ordinaire de SBC Fiduciaire SA ont \u00e9t\u00e9 approuv\u00e9s \u00e0 l'unanimit\u00e9, le 27 mars","breadcrumb":{"@id":"https:\/\/swissbaker.ch\/fr\/panissimo-news\/gv-sbc-treuhand-ag\/#breadcrumb"},"inLanguage":"fr-FR","potentialAction":[{"@type":"ReadAction","target":["https:\/\/swissbaker.ch\/fr\/panissimo-news\/gv-sbc-treuhand-ag\/"]}]},{"@type":"ImageObject","inLanguage":"fr-FR","@id":"https:\/\/swissbaker.ch\/fr\/panissimo-news\/gv-sbc-treuhand-ag\/#primaryimage","url":"https:\/\/swissbaker.ch\/wp-content\/uploads\/2023\/03\/6_2_gv_sbc-treuhand_2023.jpg","contentUrl":"https:\/\/swissbaker.ch\/wp-content\/uploads\/2023\/03\/6_2_gv_sbc-treuhand_2023.jpg","width":1200,"height":712},{"@type":"BreadcrumbList","@id":"https:\/\/swissbaker.ch\/fr\/panissimo-news\/gv-sbc-treuhand-ag\/#breadcrumb","itemListElement":[{"@type":"ListItem","position":1,"name":"","item":"https:\/\/swissbaker.ch\/fr\/"},{"@type":"ListItem","position":2,"name":"Association","item":"https:\/\/swissbaker.ch\/fr\/panissimo-news\/category\/association\/"},{"@type":"ListItem","position":3,"name":"GV SBC Treuhand AG"}]},{"@type":"WebSite","@id":"https:\/\/swissbaker.ch\/fr\/#website","url":"https:\/\/swissbaker.ch\/fr\/","name":"SBC","description":"","publisher":{"@id":"https:\/\/swissbaker.ch\/fr\/#organization"},"potentialAction":[{"@type":"SearchAction","target":{"@type":"EntryPoint","urlTemplate":"https:\/\/swissbaker.ch\/fr\/?s={search_term_string}"},"query-input":{"@type":"PropertyValueSpecification","valueRequired":true,"valueName":"search_term_string"}}],"inLanguage":"fr-FR"},{"@type":"Organization","@id":"https:\/\/swissbaker.ch\/fr\/#organization","name":"Schweizerischer B\u00e4cker-Confiseurmeister-Verband","url":"https:\/\/swissbaker.ch\/fr\/","logo":{"@type":"ImageObject","inLanguage":"fr-FR","@id":"https:\/\/swissbaker.ch\/fr\/#\/schema\/logo\/image\/","url":"https:\/\/swissbaker.ch\/wp-content\/uploads\/2022\/04\/sbc-logo-yoast.jpg","contentUrl":"https:\/\/swissbaker.ch\/wp-content\/uploads\/2022\/04\/sbc-logo-yoast.jpg","width":512,"height":512,"caption":"Schweizerischer B\u00e4cker-Confiseurmeister-Verband"},"image":{"@id":"https:\/\/swissbaker.ch\/fr\/#\/schema\/logo\/image\/"},"sameAs":["https:\/\/www.facebook.com\/swissbaker.ch","https:\/\/x.com\/ch_swissbaker"]},{"@type":"Person","@id":"https:\/\/swissbaker.ch\/fr\/#\/schema\/person\/74bd327b08c18ca6042c02ff6f0ed5e2","name":"Simon Nussbaum","image":{"@type":"ImageObject","inLanguage":"fr-FR","@id":"https:\/\/swissbaker.ch\/fr\/#\/schema\/person\/image\/","url":"https:\/\/secure.gravatar.com\/avatar\/df0eced3bb556c806cb760cf503ade1ed1df25b4104d80d6fd28d93a9509aa12?s=96&d=mm&r=g","contentUrl":"https:\/\/secure.gravatar.com\/avatar\/df0eced3bb556c806cb760cf503ade1ed1df25b4104d80d6fd28d93a9509aa12?s=96&d=mm&r=g","caption":"Simon Nussbaum"},"url":"https:\/\/swissbaker.ch\/fr\/panissimo-news\/author\/simon-nussbaum\/"}]}},"_links":{"self":[{"href":"https:\/\/swissbaker.ch\/fr\/wp-json\/wp\/v2\/posts\/59331","targetHints":{"allow":["GET"]}}],"collection":[{"href":"https:\/\/swissbaker.ch\/fr\/wp-json\/wp\/v2\/posts"}],"about":[{"href":"https:\/\/swissbaker.ch\/fr\/wp-json\/wp\/v2\/types\/post"}],"author":[{"embeddable":true,"href":"https:\/\/swissbaker.ch\/fr\/wp-json\/wp\/v2\/users\/5"}],"replies":[{"embeddable":true,"href":"https:\/\/swissbaker.ch\/fr\/wp-json\/wp\/v2\/comments?post=59331"}],"version-history":[{"count":0,"href":"https:\/\/swissbaker.ch\/fr\/wp-json\/wp\/v2\/posts\/59331\/revisions"}],"wp:featuredmedia":[{"embeddable":true,"href":"https:\/\/swissbaker.ch\/fr\/wp-json\/wp\/v2\/media\/59310"}],"wp:attachment":[{"href":"https:\/\/swissbaker.ch\/fr\/wp-json\/wp\/v2\/media?parent=59331"}],"wp:term":[{"taxonomy":"category","embeddable":true,"href":"https:\/\/swissbaker.ch\/fr\/wp-json\/wp\/v2\/categories?post=59331"},{"taxonomy":"post_tag","embeddable":true,"href":"https:\/\/swissbaker.ch\/fr\/wp-json\/wp\/v2\/tags?post=59331"}],"curies":[{"name":"wp","href":"https:\/\/api.w.org\/{rel}","templated":true}]}}