{"id":59248,"date":"2023-03-30T08:31:55","date_gmt":"2023-03-30T06:31:55","guid":{"rendered":"https:\/\/swissbaker.ch\/?p=59248"},"modified":"2023-03-30T09:12:11","modified_gmt":"2023-03-30T07:12:11","slug":"retrospective-et-perspectives-de-championne-du-monde","status":"publish","type":"post","link":"https:\/\/swissbaker.ch\/fr\/panissimo-news\/retrospective-et-perspectives-de-championne-du-monde\/","title":{"rendered":"R\u00e9trospective et perspectives de championne du monde"},"content":{"rendered":"\n<p><strong>Six mois se sont \u00e9coul\u00e9s depuis que Juliana Th\u00f6ny a remport\u00e9 la m\u00e9daille d\u2019or en p\u00e2tisserie-confiserie aux WorldSkills 2022 \u00e0 Lucerne. Depuis, son travail quotidien \u00e0 l\u2019Ecole professionnelle Richemont de Lucerne a repris son rythme de croisi\u00e8re. Comment la championne du monde en titre se sent-elle\u2009? Quelles sont les exp\u00e9riences qui l\u2019ont marqu\u00e9e\u2009? Comment envisage-t-elle l\u2019avenir\u2009?<\/strong><\/p>\n\n\n\n<p><strong>Six mois en tant que championne du monde, comment vous sentez-vous\u2009?<\/strong><br>Parfaitement bien\u2009! Je me r\u00e9jouis toujours autant d\u2019avoir gagn\u00e9 cette importante comp\u00e9tition. Mais maintenant, je profite aussi de mon travail actuel, avec des journ\u00e9es et des loisirs bien r\u00e9gl\u00e9s.<\/p>\n\n\n\n<p><strong>Qu\u2019est-ce qui a chang\u00e9 dans votre vie\u2009?<\/strong><br>En principe, c\u2019est presque comme avant. Ce qui est nouveau, ce sont de petites apparitions en public, des projets et un coaching, autant de choses que j\u2019aime bien faire en plus de mon travail quotidien.<\/p>\n\n\n\n<p><strong>R\u00e9trospectivement, vous \u00eates particuli\u00e8rement fi\u00e8re de\u2026<\/strong><br>\u2026 des efforts que j\u2019ai fournis pendant des mois et du fait que j\u2019ai r\u00e9ussi \u00e0 rester focus sur une belle comp\u00e9tition.<\/p>\n\n\n\n<p><strong>Une situation embarrassante\u2009?<\/strong><br>Au d\u00e9but des WorldSkills, nous avons fait une visite guid\u00e9e de Lucerne avec tous les candidats des autres pays. Bien que je vive ici depuis plus d\u2019un an, c\u2019\u00e9tait la premi\u00e8re fois que je visitais certains lieux et places et j\u2019\u00e9tais incapable de donner des informations.<\/p>\n\n\n\n<p><strong>Pendant l\u2019entra\u00eenement aux WorldSkills, vous \u00e9tiez notamment avec des cracks suisses. Qu\u2019est-ce qui reste inoubliable\u2009?<\/strong><br>L\u2019entra\u00eenement avec mes coachs \u00e9tait super, sur le plan professionnel et personnel\u2009; tous des personnalit\u00e9s tellement sympathiques.<\/p>\n\n\n\n<p><strong>Vanessa Schnyder \u00e9tait \u00e0 vos c\u00f4t\u00e9s en tant que coach principale. Qu\u2019est-ce que vous avez particuli\u00e8rement appr\u00e9ci\u00e9\u2009?<\/strong><br>Quelles que soient mes questions, j\u2019ai toujours pu demander conseil \u00e0 Vanessa. Nous avons fait un beau bout de chemin ensemble, qui nous a aussi beaucoup sollicit\u00e9es toutes les deux. Sans son soutien, la victoire n\u2019aurait d\u00e9finitivement pas \u00e9t\u00e9 possible.<\/p>\n\n\n<div class=\"wp-block-image\">\n<figure class=\"aligncenter size-large is-resized\"><img decoding=\"async\" src=\"https:\/\/swissbaker.ch\/wp-content\/uploads\/2022\/10\/juliana_thoeny_vanessa_schnyder_2-768x1024.jpg\" alt=\"\" class=\"wp-image-51051\" width=\"368\" height=\"491\" srcset=\"https:\/\/swissbaker.ch\/wp-content\/uploads\/2022\/10\/juliana_thoeny_vanessa_schnyder_2-768x1024.jpg 768w, https:\/\/swissbaker.ch\/wp-content\/uploads\/2022\/10\/juliana_thoeny_vanessa_schnyder_2-1152x1536.jpg 1152w, https:\/\/swissbaker.ch\/wp-content\/uploads\/2022\/10\/juliana_thoeny_vanessa_schnyder_2-scaled.jpg 1536w\" sizes=\"(max-width: 368px) 100vw, 368px\" \/><figcaption class=\"wp-element-caption\"><em>Juliana Th\u00f6ny et son coach Vanessa Schnyder se r\u00e9jouissent de leur m\u00e9daille d&#8217;or.<\/em><\/figcaption><\/figure>\n<\/div>\n\n\n<p><strong>Depuis votre victoire, vous avez \u00e9t\u00e9 pr\u00e9sente dans les m\u00e9dias. Vous avez notamment \u00e9t\u00e9 invit\u00e9e \u00e0 l\u2019\u00e9mission t\u00e9l\u00e9vis\u00e9e \u00ab\u2009Gesichter &amp; Geschichten\u2009\u00bb de SRF 1. Emmenez-nous dans les coulisses\u2009!<\/strong><br>Participer pour la premi\u00e8re fois \u00e0 une \u00e9mission en direct a \u00e9t\u00e9 pour moi une exp\u00e9rience passionnante. A commencer par la s\u00e9ance maquillage. Ensuite, j\u2019ai eu droit \u00e0 une br\u00e8ve introduction \u00e0 l\u2019\u00e9mission. Entre-deux, je me suis \u00e9gar\u00e9e du b\u00e2timent de la SRF en compagnie de l\u2019animatrice, mais peu apr\u00e8s, on m\u2019a c\u00e2bl\u00e9e et nous \u00e9tions d\u00e9j\u00e0 \u00e0 l\u2019antenne en direct. C\u2019\u00e9tait plus excitant que d\u2019habitude, car je n\u2019avais pas pu me pr\u00e9parer aux questions. Nous \u00e9tions entre nous (\u00e0 part quelques cam\u00e9ras) dans ce studio confortable, dans une ambiance agr\u00e9able et d\u00e9contract\u00e9e.<\/p>\n\n\n\n<hr class=\"wp-block-separator has-alpha-channel-opacity\"\/>\n\n\n\n<p class=\"has-text-align-center\"><strong><a href=\"https:\/\/www.srf.ch\/play\/tv\/gesichter--geschichten\/video\/konditorin-und-confiseurin-juliana-thoeny-im-talk?urn=urn:srf:video:3b631a12-b4ab-4144-8b7a-0f6c2f25fcbf\" target=\"_blank\" rel=\"noreferrer noopener\">Emission SRF\u00ab\u2009Gesichter &amp; Geschichten\u2009\u00bb<\/a><\/strong><\/p>\n\n\n\n<hr class=\"wp-block-separator has-alpha-channel-opacity\"\/>\n\n\n\n<p><strong>Une question qui ne vous a jamais \u00e9t\u00e9 pos\u00e9e et \u00e0 laquelle vous aimeriez r\u00e9pondre\u2009?<\/strong><br>Je me suis souvent demand\u00e9 pendant les pr\u00e9paratifs\u2009: pourquoi donner tout mon temps libre, mon \u00e9nergie et ma motivation pour mon entra\u00eenement aux WorldSkills\u2009? C\u2019\u00e9tait d\u00e9finitivement une chance unique dans ma vie, pour laquelle je voulais donner le meilleur de moi-m\u00eame afin d\u2019arriver au sommet et, en m\u00eame temps, de repr\u00e9senter au mieux la branche et la Suisse. Pour moi, c\u2019\u00e9tait aussi un nouveau d\u00e9fi, dont j\u2019avais besoin pour \u00e9voluer et m\u2019atteler \u00e0 mes nouvelles t\u00e2ches. L\u2019ann\u00e9e derni\u00e8re, j\u2019ai pu vivre des choses qui n\u2019auraient probablement jamais \u00e9t\u00e9 possibles autrement.<\/p>\n\n\n\n<p><strong>Quels sont vos objectifs professionnels\u2009?<\/strong><br>Je dirais qu\u2019il est toujours permis de r\u00eaver. Voyons ce que l\u2019avenir nous r\u00e9serve\u2026<\/p>\n\n\n\n<p><strong>Votre souhait pour la branche \u2026<\/strong><br>\u2026 de l\u2019estime pour chacun d\u2019entre nous et notre m\u00e9tier.<\/p>\n\n\n\n<p><strong>Votre conseil pour les futurs candidats aux SwissSkills et WorldSkills \u2026<\/strong><br>\u2026 si tu le sens bien, profite d\u00e9finitivement de la chance de participer \u00e0 un tel concours. Reste positif et donne le meilleur de toi-m\u00eame. Qu\u2019il s\u2019agisse d\u2019une comp\u00e9tition ou d\u2019un examen\u2009: savoure et appr\u00e9cie tous les succ\u00e8s, qu\u2019ils soient grands ou petits. <\/p>\n\n\n\n<p class=\"has-text-align-right\"><em>Propos recueillis par Elina Laich<\/em><\/p>\n","protected":false},"excerpt":{"rendered":"<p>Six mois se sont \u00e9coul\u00e9s depuis que Juliana Th\u00f6ny a remport\u00e9 la m\u00e9daille d\u2019or en p\u00e2tisserie-confiserie aux WorldSkills 2022 \u00e0 Lucerne. Depuis, son travail quotidien \u00e0 l\u2019Ecole professionnelle Richemont de Lucerne a repris son rythme de croisi\u00e8re. Comment la championne du monde en titre se sent-elle\u2009? Quelles sont les exp\u00e9riences qui l\u2019ont marqu\u00e9e\u2009? Comment envisage-t-elle l\u2019avenir\u2009?<\/p>\n","protected":false},"author":5,"featured_media":59233,"comment_status":"closed","ping_status":"closed","sticky":true,"template":"","format":"standard","meta":{"_acf_changed":false,"footnotes":""},"categories":[43,53],"tags":[],"class_list":["post-59248","post","type-post","status-publish","format-standard","has-post-thumbnail","hentry","category-concours","category-our-future-fr"],"acf":[],"yoast_head":"<!-- This site is optimized with the Yoast SEO Premium plugin v26.8 (Yoast SEO v26.8) - https:\/\/yoast.com\/product\/yoast-seo-premium-wordpress\/ -->\n<title>R\u00e9trospective et perspectives de championne du monde | SBC<\/title>\n<meta name=\"robots\" content=\"index, follow, max-snippet:-1, max-image-preview:large, max-video-preview:-1\" \/>\n<link rel=\"canonical\" href=\"https:\/\/swissbaker.ch\/fr\/panissimo-news\/retrospective-et-perspectives-de-championne-du-monde\/\" \/>\n<meta property=\"og:locale\" content=\"fr_FR\" \/>\n<meta property=\"og:type\" content=\"article\" \/>\n<meta property=\"og:title\" content=\"R\u00e9trospective et perspectives de championne du monde\" \/>\n<meta property=\"og:description\" content=\"Six mois se sont \u00e9coul\u00e9s depuis que Juliana Th\u00f6ny a remport\u00e9 la m\u00e9daille d\u2019or en p\u00e2tisserie-confiserie aux WorldSkills 2022 \u00e0 Lucerne. Depuis, son travail quotidien \u00e0 l\u2019Ecole professionnelle Richemont de Lucerne a repris son rythme de croisi\u00e8re. Comment la championne du monde en titre se sent-elle\u2009? Quelles sont les exp\u00e9riences qui l\u2019ont marqu\u00e9e\u2009? Comment envisage-t-elle l\u2019avenir\u2009?\" \/>\n<meta property=\"og:url\" content=\"https:\/\/swissbaker.ch\/fr\/panissimo-news\/retrospective-et-perspectives-de-championne-du-monde\/\" \/>\n<meta property=\"og:site_name\" content=\"SBC\" \/>\n<meta property=\"article:publisher\" content=\"https:\/\/www.facebook.com\/swissbaker.ch\" \/>\n<meta property=\"article:published_time\" content=\"2023-03-30T06:31:55+00:00\" \/>\n<meta property=\"article:modified_time\" content=\"2023-03-30T07:12:11+00:00\" \/>\n<meta property=\"og:image\" content=\"https:\/\/swissbaker.ch\/wp-content\/uploads\/2023\/03\/6_2_juliana_thoeny.jpg\" \/>\n\t<meta property=\"og:image:width\" content=\"1200\" \/>\n\t<meta property=\"og:image:height\" content=\"712\" \/>\n\t<meta property=\"og:image:type\" content=\"image\/jpeg\" \/>\n<meta name=\"author\" content=\"Simon Nussbaum\" \/>\n<meta name=\"twitter:card\" content=\"summary_large_image\" \/>\n<meta name=\"twitter:creator\" content=\"@ch_swissbaker\" \/>\n<meta name=\"twitter:site\" content=\"@ch_swissbaker\" \/>\n<meta name=\"twitter:label1\" content=\"Written by\" \/>\n\t<meta name=\"twitter:data1\" content=\"Simon Nussbaum\" \/>\n\t<meta name=\"twitter:label2\" content=\"Est. reading time\" \/>\n\t<meta name=\"twitter:data2\" content=\"4 minutes\" \/>\n<script type=\"application\/ld+json\" class=\"yoast-schema-graph\">{\"@context\":\"https:\/\/schema.org\",\"@graph\":[{\"@type\":\"Article\",\"@id\":\"https:\/\/swissbaker.ch\/fr\/panissimo-news\/retrospective-et-perspectives-de-championne-du-monde\/#article\",\"isPartOf\":{\"@id\":\"https:\/\/swissbaker.ch\/fr\/panissimo-news\/retrospective-et-perspectives-de-championne-du-monde\/\"},\"author\":{\"name\":\"Simon Nussbaum\",\"@id\":\"https:\/\/swissbaker.ch\/fr\/#\/schema\/person\/74bd327b08c18ca6042c02ff6f0ed5e2\"},\"headline\":\"R\u00e9trospective et perspectives de championne du monde\",\"datePublished\":\"2023-03-30T06:31:55+00:00\",\"dateModified\":\"2023-03-30T07:12:11+00:00\",\"mainEntityOfPage\":{\"@id\":\"https:\/\/swissbaker.ch\/fr\/panissimo-news\/retrospective-et-perspectives-de-championne-du-monde\/\"},\"wordCount\":748,\"publisher\":{\"@id\":\"https:\/\/swissbaker.ch\/fr\/#organization\"},\"image\":{\"@id\":\"https:\/\/swissbaker.ch\/fr\/panissimo-news\/retrospective-et-perspectives-de-championne-du-monde\/#primaryimage\"},\"thumbnailUrl\":\"https:\/\/swissbaker.ch\/wp-content\/uploads\/2023\/03\/6_2_juliana_thoeny.jpg\",\"articleSection\":[\"Concours\",\"Our Future\"],\"inLanguage\":\"fr-FR\"},{\"@type\":\"WebPage\",\"@id\":\"https:\/\/swissbaker.ch\/fr\/panissimo-news\/retrospective-et-perspectives-de-championne-du-monde\/\",\"url\":\"https:\/\/swissbaker.ch\/fr\/panissimo-news\/retrospective-et-perspectives-de-championne-du-monde\/\",\"name\":\"R\u00e9trospective et perspectives de championne du monde | SBC\",\"isPartOf\":{\"@id\":\"https:\/\/swissbaker.ch\/fr\/#website\"},\"primaryImageOfPage\":{\"@id\":\"https:\/\/swissbaker.ch\/fr\/panissimo-news\/retrospective-et-perspectives-de-championne-du-monde\/#primaryimage\"},\"image\":{\"@id\":\"https:\/\/swissbaker.ch\/fr\/panissimo-news\/retrospective-et-perspectives-de-championne-du-monde\/#primaryimage\"},\"thumbnailUrl\":\"https:\/\/swissbaker.ch\/wp-content\/uploads\/2023\/03\/6_2_juliana_thoeny.jpg\",\"datePublished\":\"2023-03-30T06:31:55+00:00\",\"dateModified\":\"2023-03-30T07:12:11+00:00\",\"breadcrumb\":{\"@id\":\"https:\/\/swissbaker.ch\/fr\/panissimo-news\/retrospective-et-perspectives-de-championne-du-monde\/#breadcrumb\"},\"inLanguage\":\"fr-FR\",\"potentialAction\":[{\"@type\":\"ReadAction\",\"target\":[\"https:\/\/swissbaker.ch\/fr\/panissimo-news\/retrospective-et-perspectives-de-championne-du-monde\/\"]}]},{\"@type\":\"ImageObject\",\"inLanguage\":\"fr-FR\",\"@id\":\"https:\/\/swissbaker.ch\/fr\/panissimo-news\/retrospective-et-perspectives-de-championne-du-monde\/#primaryimage\",\"url\":\"https:\/\/swissbaker.ch\/wp-content\/uploads\/2023\/03\/6_2_juliana_thoeny.jpg\",\"contentUrl\":\"https:\/\/swissbaker.ch\/wp-content\/uploads\/2023\/03\/6_2_juliana_thoeny.jpg\",\"width\":1200,\"height\":712},{\"@type\":\"BreadcrumbList\",\"@id\":\"https:\/\/swissbaker.ch\/fr\/panissimo-news\/retrospective-et-perspectives-de-championne-du-monde\/#breadcrumb\",\"itemListElement\":[{\"@type\":\"ListItem\",\"position\":1,\"name\":\"\",\"item\":\"https:\/\/swissbaker.ch\/fr\/\"},{\"@type\":\"ListItem\",\"position\":2,\"name\":\"Concours\",\"item\":\"https:\/\/swissbaker.ch\/fr\/panissimo-news\/category\/concours\/\"},{\"@type\":\"ListItem\",\"position\":3,\"name\":\"R\u00e9trospective et perspectives de championne du monde\"}]},{\"@type\":\"WebSite\",\"@id\":\"https:\/\/swissbaker.ch\/fr\/#website\",\"url\":\"https:\/\/swissbaker.ch\/fr\/\",\"name\":\"SBC\",\"description\":\"\",\"publisher\":{\"@id\":\"https:\/\/swissbaker.ch\/fr\/#organization\"},\"potentialAction\":[{\"@type\":\"SearchAction\",\"target\":{\"@type\":\"EntryPoint\",\"urlTemplate\":\"https:\/\/swissbaker.ch\/fr\/?s={search_term_string}\"},\"query-input\":{\"@type\":\"PropertyValueSpecification\",\"valueRequired\":true,\"valueName\":\"search_term_string\"}}],\"inLanguage\":\"fr-FR\"},{\"@type\":\"Organization\",\"@id\":\"https:\/\/swissbaker.ch\/fr\/#organization\",\"name\":\"Schweizerischer B\u00e4cker-Confiseurmeister-Verband\",\"url\":\"https:\/\/swissbaker.ch\/fr\/\",\"logo\":{\"@type\":\"ImageObject\",\"inLanguage\":\"fr-FR\",\"@id\":\"https:\/\/swissbaker.ch\/fr\/#\/schema\/logo\/image\/\",\"url\":\"https:\/\/swissbaker.ch\/wp-content\/uploads\/2022\/04\/sbc-logo-yoast.jpg\",\"contentUrl\":\"https:\/\/swissbaker.ch\/wp-content\/uploads\/2022\/04\/sbc-logo-yoast.jpg\",\"width\":512,\"height\":512,\"caption\":\"Schweizerischer B\u00e4cker-Confiseurmeister-Verband\"},\"image\":{\"@id\":\"https:\/\/swissbaker.ch\/fr\/#\/schema\/logo\/image\/\"},\"sameAs\":[\"https:\/\/www.facebook.com\/swissbaker.ch\",\"https:\/\/x.com\/ch_swissbaker\"]},{\"@type\":\"Person\",\"@id\":\"https:\/\/swissbaker.ch\/fr\/#\/schema\/person\/74bd327b08c18ca6042c02ff6f0ed5e2\",\"name\":\"Simon Nussbaum\",\"image\":{\"@type\":\"ImageObject\",\"inLanguage\":\"fr-FR\",\"@id\":\"https:\/\/swissbaker.ch\/fr\/#\/schema\/person\/image\/\",\"url\":\"https:\/\/secure.gravatar.com\/avatar\/df0eced3bb556c806cb760cf503ade1ed1df25b4104d80d6fd28d93a9509aa12?s=96&d=mm&r=g\",\"contentUrl\":\"https:\/\/secure.gravatar.com\/avatar\/df0eced3bb556c806cb760cf503ade1ed1df25b4104d80d6fd28d93a9509aa12?s=96&d=mm&r=g\",\"caption\":\"Simon Nussbaum\"},\"url\":\"https:\/\/swissbaker.ch\/fr\/panissimo-news\/author\/simon-nussbaum\/\"}]}<\/script>\n<!-- \/ Yoast SEO Premium plugin. -->","yoast_head_json":{"title":"R\u00e9trospective et perspectives de championne du monde | SBC","robots":{"index":"index","follow":"follow","max-snippet":"max-snippet:-1","max-image-preview":"max-image-preview:large","max-video-preview":"max-video-preview:-1"},"canonical":"https:\/\/swissbaker.ch\/fr\/panissimo-news\/retrospective-et-perspectives-de-championne-du-monde\/","og_locale":"fr_FR","og_type":"article","og_title":"R\u00e9trospective et perspectives de championne du monde","og_description":"Six mois se sont \u00e9coul\u00e9s depuis que Juliana Th\u00f6ny a remport\u00e9 la m\u00e9daille d\u2019or en p\u00e2tisserie-confiserie aux WorldSkills 2022 \u00e0 Lucerne. Depuis, son travail quotidien \u00e0 l\u2019Ecole professionnelle Richemont de Lucerne a repris son rythme de croisi\u00e8re. Comment la championne du monde en titre se sent-elle\u2009? Quelles sont les exp\u00e9riences qui l\u2019ont marqu\u00e9e\u2009? Comment envisage-t-elle l\u2019avenir\u2009?","og_url":"https:\/\/swissbaker.ch\/fr\/panissimo-news\/retrospective-et-perspectives-de-championne-du-monde\/","og_site_name":"SBC","article_publisher":"https:\/\/www.facebook.com\/swissbaker.ch","article_published_time":"2023-03-30T06:31:55+00:00","article_modified_time":"2023-03-30T07:12:11+00:00","og_image":[{"width":1200,"height":712,"url":"https:\/\/swissbaker.ch\/wp-content\/uploads\/2023\/03\/6_2_juliana_thoeny.jpg","type":"image\/jpeg"}],"author":"Simon Nussbaum","twitter_card":"summary_large_image","twitter_creator":"@ch_swissbaker","twitter_site":"@ch_swissbaker","twitter_misc":{"Written by":"Simon Nussbaum","Est. reading time":"4 minutes"},"schema":{"@context":"https:\/\/schema.org","@graph":[{"@type":"Article","@id":"https:\/\/swissbaker.ch\/fr\/panissimo-news\/retrospective-et-perspectives-de-championne-du-monde\/#article","isPartOf":{"@id":"https:\/\/swissbaker.ch\/fr\/panissimo-news\/retrospective-et-perspectives-de-championne-du-monde\/"},"author":{"name":"Simon Nussbaum","@id":"https:\/\/swissbaker.ch\/fr\/#\/schema\/person\/74bd327b08c18ca6042c02ff6f0ed5e2"},"headline":"R\u00e9trospective et perspectives de championne du monde","datePublished":"2023-03-30T06:31:55+00:00","dateModified":"2023-03-30T07:12:11+00:00","mainEntityOfPage":{"@id":"https:\/\/swissbaker.ch\/fr\/panissimo-news\/retrospective-et-perspectives-de-championne-du-monde\/"},"wordCount":748,"publisher":{"@id":"https:\/\/swissbaker.ch\/fr\/#organization"},"image":{"@id":"https:\/\/swissbaker.ch\/fr\/panissimo-news\/retrospective-et-perspectives-de-championne-du-monde\/#primaryimage"},"thumbnailUrl":"https:\/\/swissbaker.ch\/wp-content\/uploads\/2023\/03\/6_2_juliana_thoeny.jpg","articleSection":["Concours","Our Future"],"inLanguage":"fr-FR"},{"@type":"WebPage","@id":"https:\/\/swissbaker.ch\/fr\/panissimo-news\/retrospective-et-perspectives-de-championne-du-monde\/","url":"https:\/\/swissbaker.ch\/fr\/panissimo-news\/retrospective-et-perspectives-de-championne-du-monde\/","name":"R\u00e9trospective et perspectives de championne du monde | SBC","isPartOf":{"@id":"https:\/\/swissbaker.ch\/fr\/#website"},"primaryImageOfPage":{"@id":"https:\/\/swissbaker.ch\/fr\/panissimo-news\/retrospective-et-perspectives-de-championne-du-monde\/#primaryimage"},"image":{"@id":"https:\/\/swissbaker.ch\/fr\/panissimo-news\/retrospective-et-perspectives-de-championne-du-monde\/#primaryimage"},"thumbnailUrl":"https:\/\/swissbaker.ch\/wp-content\/uploads\/2023\/03\/6_2_juliana_thoeny.jpg","datePublished":"2023-03-30T06:31:55+00:00","dateModified":"2023-03-30T07:12:11+00:00","breadcrumb":{"@id":"https:\/\/swissbaker.ch\/fr\/panissimo-news\/retrospective-et-perspectives-de-championne-du-monde\/#breadcrumb"},"inLanguage":"fr-FR","potentialAction":[{"@type":"ReadAction","target":["https:\/\/swissbaker.ch\/fr\/panissimo-news\/retrospective-et-perspectives-de-championne-du-monde\/"]}]},{"@type":"ImageObject","inLanguage":"fr-FR","@id":"https:\/\/swissbaker.ch\/fr\/panissimo-news\/retrospective-et-perspectives-de-championne-du-monde\/#primaryimage","url":"https:\/\/swissbaker.ch\/wp-content\/uploads\/2023\/03\/6_2_juliana_thoeny.jpg","contentUrl":"https:\/\/swissbaker.ch\/wp-content\/uploads\/2023\/03\/6_2_juliana_thoeny.jpg","width":1200,"height":712},{"@type":"BreadcrumbList","@id":"https:\/\/swissbaker.ch\/fr\/panissimo-news\/retrospective-et-perspectives-de-championne-du-monde\/#breadcrumb","itemListElement":[{"@type":"ListItem","position":1,"name":"","item":"https:\/\/swissbaker.ch\/fr\/"},{"@type":"ListItem","position":2,"name":"Concours","item":"https:\/\/swissbaker.ch\/fr\/panissimo-news\/category\/concours\/"},{"@type":"ListItem","position":3,"name":"R\u00e9trospective et perspectives de championne du monde"}]},{"@type":"WebSite","@id":"https:\/\/swissbaker.ch\/fr\/#website","url":"https:\/\/swissbaker.ch\/fr\/","name":"SBC","description":"","publisher":{"@id":"https:\/\/swissbaker.ch\/fr\/#organization"},"potentialAction":[{"@type":"SearchAction","target":{"@type":"EntryPoint","urlTemplate":"https:\/\/swissbaker.ch\/fr\/?s={search_term_string}"},"query-input":{"@type":"PropertyValueSpecification","valueRequired":true,"valueName":"search_term_string"}}],"inLanguage":"fr-FR"},{"@type":"Organization","@id":"https:\/\/swissbaker.ch\/fr\/#organization","name":"Schweizerischer B\u00e4cker-Confiseurmeister-Verband","url":"https:\/\/swissbaker.ch\/fr\/","logo":{"@type":"ImageObject","inLanguage":"fr-FR","@id":"https:\/\/swissbaker.ch\/fr\/#\/schema\/logo\/image\/","url":"https:\/\/swissbaker.ch\/wp-content\/uploads\/2022\/04\/sbc-logo-yoast.jpg","contentUrl":"https:\/\/swissbaker.ch\/wp-content\/uploads\/2022\/04\/sbc-logo-yoast.jpg","width":512,"height":512,"caption":"Schweizerischer B\u00e4cker-Confiseurmeister-Verband"},"image":{"@id":"https:\/\/swissbaker.ch\/fr\/#\/schema\/logo\/image\/"},"sameAs":["https:\/\/www.facebook.com\/swissbaker.ch","https:\/\/x.com\/ch_swissbaker"]},{"@type":"Person","@id":"https:\/\/swissbaker.ch\/fr\/#\/schema\/person\/74bd327b08c18ca6042c02ff6f0ed5e2","name":"Simon Nussbaum","image":{"@type":"ImageObject","inLanguage":"fr-FR","@id":"https:\/\/swissbaker.ch\/fr\/#\/schema\/person\/image\/","url":"https:\/\/secure.gravatar.com\/avatar\/df0eced3bb556c806cb760cf503ade1ed1df25b4104d80d6fd28d93a9509aa12?s=96&d=mm&r=g","contentUrl":"https:\/\/secure.gravatar.com\/avatar\/df0eced3bb556c806cb760cf503ade1ed1df25b4104d80d6fd28d93a9509aa12?s=96&d=mm&r=g","caption":"Simon Nussbaum"},"url":"https:\/\/swissbaker.ch\/fr\/panissimo-news\/author\/simon-nussbaum\/"}]}},"_links":{"self":[{"href":"https:\/\/swissbaker.ch\/fr\/wp-json\/wp\/v2\/posts\/59248","targetHints":{"allow":["GET"]}}],"collection":[{"href":"https:\/\/swissbaker.ch\/fr\/wp-json\/wp\/v2\/posts"}],"about":[{"href":"https:\/\/swissbaker.ch\/fr\/wp-json\/wp\/v2\/types\/post"}],"author":[{"embeddable":true,"href":"https:\/\/swissbaker.ch\/fr\/wp-json\/wp\/v2\/users\/5"}],"replies":[{"embeddable":true,"href":"https:\/\/swissbaker.ch\/fr\/wp-json\/wp\/v2\/comments?post=59248"}],"version-history":[{"count":0,"href":"https:\/\/swissbaker.ch\/fr\/wp-json\/wp\/v2\/posts\/59248\/revisions"}],"wp:featuredmedia":[{"embeddable":true,"href":"https:\/\/swissbaker.ch\/fr\/wp-json\/wp\/v2\/media\/59233"}],"wp:attachment":[{"href":"https:\/\/swissbaker.ch\/fr\/wp-json\/wp\/v2\/media?parent=59248"}],"wp:term":[{"taxonomy":"category","embeddable":true,"href":"https:\/\/swissbaker.ch\/fr\/wp-json\/wp\/v2\/categories?post=59248"},{"taxonomy":"post_tag","embeddable":true,"href":"https:\/\/swissbaker.ch\/fr\/wp-json\/wp\/v2\/tags?post=59248"}],"curies":[{"name":"wp","href":"https:\/\/api.w.org\/{rel}","templated":true}]}}