{"id":59058,"date":"2023-03-24T13:00:20","date_gmt":"2023-03-24T12:00:20","guid":{"rendered":"https:\/\/swissbaker.ch\/?p=59058"},"modified":"2023-03-24T13:00:21","modified_gmt":"2023-03-24T12:00:21","slug":"nouveau-grand-maitre-pour-lordre-des-chevaliers","status":"publish","type":"post","link":"https:\/\/swissbaker.ch\/fr\/panissimo-news\/nouveau-grand-maitre-pour-lordre-des-chevaliers\/","title":{"rendered":"<strong>Nouveau Grand Ma\u00eetre pour l\u2019Ordre des chevaliers<\/strong>"},"content":{"rendered":"\n<p><strong>Le Conseil de l\u2019Ordre des chevaliers du bon pain (OCBP) s\u2019est r\u00e9uni \u00e0 Yverdon-les-Bains (VD) pour sa s\u00e9ance statutaire, lundi 20 mars. Elections et modification des statuts \u00e9taient au programme de la r\u00e9union.<\/strong><\/p>\n\n\n\n<p>Apr\u00e8s dix-sept ann\u00e9es \u00e0 la t\u00eate de l\u2019OCBP, avec un engagement sans faille pour la promotion du bon pain, Robert Porchet (devant \u00e0 droite sur la photo) a eu l\u2019immense plaisir de transmettre son titre de Grand Ma\u00eetre \u00e0 Leonhard Bernard (derri\u00e8re \u00e0 droite). Fervent d\u00e9fenseur des artisans, des produits de qualit\u00e9 et du terroir, celui qui est aussi Grand Ma\u00eetre de la confr\u00e9rie genevoise s\u2019engage avec \u00e9nergie pour une reconnaissance du pain et qu\u2019il demeure artisanal, sain et savoureux. A pr\u00e9ciser que M. Porchet continue de repr\u00e9senter les Chevaliers du bon pain aupr\u00e8s de la F\u00e9d\u00e9ration des confr\u00e9ries bachiques et gastronomiques. Pour \u00e9pauler le nouveau Grand Ma\u00eetre, le conseil a \u00e9lu deux nouveaux membres du Bureau\u00a0: Simon Nicod, Grand Ma\u00eetre de la confr\u00e9rie vaudoise, et Bernard Scherrer, Chevaliers du bon pain neuch\u00e2telois.<\/p>\n\n\n\n<p><strong>Modification des statuts<\/strong><\/p>\n\n\n\n<p>L\u2019Ordre des chevaliers du bon pain de la Suisse latine et des Pays de Savoie est la nouvelle d\u00e9nomination de l\u2019ordre\u00a0; de quoi permettre une int\u00e9gration officielle, mais r\u00e9elle depuis de nombreuses ann\u00e9es, des Tessinois et des Savoyards. Le mandat de Grand Ma\u00eetre demande de l\u2019investissement et du temps, difficile \u00e0 assumer aujourd\u2019hui par les boulangers. A la suite de longues d\u00e9cisions, le conseil a d\u00e9cid\u00e9 qu\u2019une confr\u00e9rie cantonale l\u2019assume durant trois\u00a0; selon un tournus pr\u00e9d\u00e9fini. Il reviendra \u00e0 cette derni\u00e8re de proposer un de ses membres pour assumer la fonction de Grand Ma\u00eetre.<\/p>\n\n\n\n<p class=\"has-text-align-right\">com\/jr<\/p>\n","protected":false},"excerpt":{"rendered":"<p>Le Conseil de l\u2019Ordre des chevaliers du bon pain (OCBP) s\u2019est r\u00e9uni \u00e0 Yverdon-les-Bains (VD) pour sa s\u00e9ance statutaire, lundi 20 mars. Elections et modification des statuts \u00e9taient au programme de la r\u00e9union.<\/p>\n","protected":false},"author":8,"featured_media":59059,"comment_status":"closed","ping_status":"closed","sticky":false,"template":"","format":"standard","meta":{"_acf_changed":false,"footnotes":""},"categories":[52,40],"tags":[],"class_list":["post-59058","post","type-post","status-publish","format-standard","has-post-thumbnail","hentry","category-actuel","category-des-cantons"],"acf":[],"yoast_head":"<!-- This site is optimized with the Yoast SEO Premium plugin v26.8 (Yoast SEO v26.8) - https:\/\/yoast.com\/product\/yoast-seo-premium-wordpress\/ -->\n<title>Nouveau Grand Ma\u00eetre pour l\u2019Ordre des chevaliers | SBC<\/title>\n<meta name=\"description\" content=\"Le Conseil de l\u2019Ordre des chevaliers du bon pain (OCBP) s\u2019est r\u00e9uni \u00e0 Yverdon-les-Bains (VD) pour sa s\u00e9ance statutaire, lundi 20 mars. Elections et modification des statuts \u00e9taient au programme de la r\u00e9union.\" \/>\n<meta name=\"robots\" content=\"index, follow, max-snippet:-1, max-image-preview:large, max-video-preview:-1\" \/>\n<link rel=\"canonical\" href=\"https:\/\/swissbaker.ch\/fr\/panissimo-news\/nouveau-grand-maitre-pour-lordre-des-chevaliers\/\" \/>\n<meta property=\"og:locale\" content=\"fr_FR\" \/>\n<meta property=\"og:type\" content=\"article\" \/>\n<meta property=\"og:title\" content=\"Nouveau Grand Ma\u00eetre pour l\u2019Ordre des chevaliers\" \/>\n<meta property=\"og:description\" content=\"Le Conseil de l\u2019Ordre des chevaliers du bon pain (OCBP) s\u2019est r\u00e9uni \u00e0 Yverdon-les-Bains (VD) pour sa s\u00e9ance statutaire, lundi 20 mars. Elections et modification des statuts \u00e9taient au programme de la r\u00e9union.\" \/>\n<meta property=\"og:url\" content=\"https:\/\/swissbaker.ch\/fr\/panissimo-news\/nouveau-grand-maitre-pour-lordre-des-chevaliers\/\" \/>\n<meta property=\"og:site_name\" content=\"SBC\" \/>\n<meta property=\"article:publisher\" content=\"https:\/\/www.facebook.com\/swissbaker.ch\" \/>\n<meta property=\"article:published_time\" content=\"2023-03-24T12:00:20+00:00\" \/>\n<meta property=\"article:modified_time\" content=\"2023-03-24T12:00:21+00:00\" \/>\n<meta property=\"og:image\" content=\"https:\/\/swissbaker.ch\/wp-content\/uploads\/2023\/03\/20220321-cbp-comite-img_5434ccbp-c-scaled.jpg\" \/>\n\t<meta property=\"og:image:width\" content=\"2048\" \/>\n\t<meta property=\"og:image:height\" content=\"1536\" \/>\n\t<meta property=\"og:image:type\" content=\"image\/jpeg\" \/>\n<meta name=\"author\" content=\"Johann Ruppen\" \/>\n<meta name=\"twitter:card\" content=\"summary_large_image\" \/>\n<meta name=\"twitter:creator\" content=\"@ch_swissbaker\" \/>\n<meta name=\"twitter:site\" content=\"@ch_swissbaker\" \/>\n<meta name=\"twitter:label1\" content=\"Written by\" \/>\n\t<meta name=\"twitter:data1\" content=\"Johann Ruppen\" \/>\n\t<meta name=\"twitter:label2\" content=\"Est. reading time\" \/>\n\t<meta name=\"twitter:data2\" content=\"2 minutes\" \/>\n<script type=\"application\/ld+json\" class=\"yoast-schema-graph\">{\"@context\":\"https:\/\/schema.org\",\"@graph\":[{\"@type\":\"Article\",\"@id\":\"https:\/\/swissbaker.ch\/fr\/panissimo-news\/nouveau-grand-maitre-pour-lordre-des-chevaliers\/#article\",\"isPartOf\":{\"@id\":\"https:\/\/swissbaker.ch\/fr\/panissimo-news\/nouveau-grand-maitre-pour-lordre-des-chevaliers\/\"},\"author\":{\"name\":\"Johann Ruppen\",\"@id\":\"https:\/\/swissbaker.ch\/fr\/#\/schema\/person\/abb9dbbf5af9443c30618295ec9cb74e\"},\"headline\":\"Nouveau Grand Ma\u00eetre pour l\u2019Ordre des chevaliers\",\"datePublished\":\"2023-03-24T12:00:20+00:00\",\"dateModified\":\"2023-03-24T12:00:21+00:00\",\"mainEntityOfPage\":{\"@id\":\"https:\/\/swissbaker.ch\/fr\/panissimo-news\/nouveau-grand-maitre-pour-lordre-des-chevaliers\/\"},\"wordCount\":311,\"publisher\":{\"@id\":\"https:\/\/swissbaker.ch\/fr\/#organization\"},\"image\":{\"@id\":\"https:\/\/swissbaker.ch\/fr\/panissimo-news\/nouveau-grand-maitre-pour-lordre-des-chevaliers\/#primaryimage\"},\"thumbnailUrl\":\"https:\/\/swissbaker.ch\/wp-content\/uploads\/2023\/03\/20220321-cbp-comite-img_5434ccbp-c-scaled.jpg\",\"articleSection\":[\"Actuel\",\"Des cantons\"],\"inLanguage\":\"fr-FR\"},{\"@type\":\"WebPage\",\"@id\":\"https:\/\/swissbaker.ch\/fr\/panissimo-news\/nouveau-grand-maitre-pour-lordre-des-chevaliers\/\",\"url\":\"https:\/\/swissbaker.ch\/fr\/panissimo-news\/nouveau-grand-maitre-pour-lordre-des-chevaliers\/\",\"name\":\"Nouveau Grand Ma\u00eetre pour l\u2019Ordre des chevaliers | SBC\",\"isPartOf\":{\"@id\":\"https:\/\/swissbaker.ch\/fr\/#website\"},\"primaryImageOfPage\":{\"@id\":\"https:\/\/swissbaker.ch\/fr\/panissimo-news\/nouveau-grand-maitre-pour-lordre-des-chevaliers\/#primaryimage\"},\"image\":{\"@id\":\"https:\/\/swissbaker.ch\/fr\/panissimo-news\/nouveau-grand-maitre-pour-lordre-des-chevaliers\/#primaryimage\"},\"thumbnailUrl\":\"https:\/\/swissbaker.ch\/wp-content\/uploads\/2023\/03\/20220321-cbp-comite-img_5434ccbp-c-scaled.jpg\",\"datePublished\":\"2023-03-24T12:00:20+00:00\",\"dateModified\":\"2023-03-24T12:00:21+00:00\",\"description\":\"Le Conseil de l\u2019Ordre des chevaliers du bon pain (OCBP) s\u2019est r\u00e9uni \u00e0 Yverdon-les-Bains (VD) pour sa s\u00e9ance statutaire, lundi 20 mars. Elections et modification des statuts \u00e9taient au programme de la r\u00e9union.\",\"breadcrumb\":{\"@id\":\"https:\/\/swissbaker.ch\/fr\/panissimo-news\/nouveau-grand-maitre-pour-lordre-des-chevaliers\/#breadcrumb\"},\"inLanguage\":\"fr-FR\",\"potentialAction\":[{\"@type\":\"ReadAction\",\"target\":[\"https:\/\/swissbaker.ch\/fr\/panissimo-news\/nouveau-grand-maitre-pour-lordre-des-chevaliers\/\"]}]},{\"@type\":\"ImageObject\",\"inLanguage\":\"fr-FR\",\"@id\":\"https:\/\/swissbaker.ch\/fr\/panissimo-news\/nouveau-grand-maitre-pour-lordre-des-chevaliers\/#primaryimage\",\"url\":\"https:\/\/swissbaker.ch\/wp-content\/uploads\/2023\/03\/20220321-cbp-comite-img_5434ccbp-c-scaled.jpg\",\"contentUrl\":\"https:\/\/swissbaker.ch\/wp-content\/uploads\/2023\/03\/20220321-cbp-comite-img_5434ccbp-c-scaled.jpg\",\"width\":2048,\"height\":1536,\"caption\":\"Yves Beuchat, Simon Nicod, Anita Dahan, Robert Porchet, Pascal Favre, Leonhard Bernard\"},{\"@type\":\"BreadcrumbList\",\"@id\":\"https:\/\/swissbaker.ch\/fr\/panissimo-news\/nouveau-grand-maitre-pour-lordre-des-chevaliers\/#breadcrumb\",\"itemListElement\":[{\"@type\":\"ListItem\",\"position\":1,\"name\":\"\",\"item\":\"https:\/\/swissbaker.ch\/fr\/\"},{\"@type\":\"ListItem\",\"position\":2,\"name\":\"Actuel\",\"item\":\"https:\/\/swissbaker.ch\/fr\/panissimo-news\/category\/actuel\/\"},{\"@type\":\"ListItem\",\"position\":3,\"name\":\"Nouveau Grand Ma\u00eetre pour l\u2019Ordre des chevaliers\"}]},{\"@type\":\"WebSite\",\"@id\":\"https:\/\/swissbaker.ch\/fr\/#website\",\"url\":\"https:\/\/swissbaker.ch\/fr\/\",\"name\":\"SBC\",\"description\":\"\",\"publisher\":{\"@id\":\"https:\/\/swissbaker.ch\/fr\/#organization\"},\"potentialAction\":[{\"@type\":\"SearchAction\",\"target\":{\"@type\":\"EntryPoint\",\"urlTemplate\":\"https:\/\/swissbaker.ch\/fr\/?s={search_term_string}\"},\"query-input\":{\"@type\":\"PropertyValueSpecification\",\"valueRequired\":true,\"valueName\":\"search_term_string\"}}],\"inLanguage\":\"fr-FR\"},{\"@type\":\"Organization\",\"@id\":\"https:\/\/swissbaker.ch\/fr\/#organization\",\"name\":\"Schweizerischer B\u00e4cker-Confiseurmeister-Verband\",\"url\":\"https:\/\/swissbaker.ch\/fr\/\",\"logo\":{\"@type\":\"ImageObject\",\"inLanguage\":\"fr-FR\",\"@id\":\"https:\/\/swissbaker.ch\/fr\/#\/schema\/logo\/image\/\",\"url\":\"https:\/\/swissbaker.ch\/wp-content\/uploads\/2022\/04\/sbc-logo-yoast.jpg\",\"contentUrl\":\"https:\/\/swissbaker.ch\/wp-content\/uploads\/2022\/04\/sbc-logo-yoast.jpg\",\"width\":512,\"height\":512,\"caption\":\"Schweizerischer B\u00e4cker-Confiseurmeister-Verband\"},\"image\":{\"@id\":\"https:\/\/swissbaker.ch\/fr\/#\/schema\/logo\/image\/\"},\"sameAs\":[\"https:\/\/www.facebook.com\/swissbaker.ch\",\"https:\/\/x.com\/ch_swissbaker\"]},{\"@type\":\"Person\",\"@id\":\"https:\/\/swissbaker.ch\/fr\/#\/schema\/person\/abb9dbbf5af9443c30618295ec9cb74e\",\"name\":\"Johann Ruppen\",\"image\":{\"@type\":\"ImageObject\",\"inLanguage\":\"fr-FR\",\"@id\":\"https:\/\/swissbaker.ch\/fr\/#\/schema\/person\/image\/\",\"url\":\"https:\/\/secure.gravatar.com\/avatar\/779632f9a53a98ad01f956c0ab0333a9abed519eb0a7248909af8cf14497dedd?s=96&d=mm&r=g\",\"contentUrl\":\"https:\/\/secure.gravatar.com\/avatar\/779632f9a53a98ad01f956c0ab0333a9abed519eb0a7248909af8cf14497dedd?s=96&d=mm&r=g\",\"caption\":\"Johann Ruppen\"},\"sameAs\":[\"http:\/\/swissbaker.ch\"],\"url\":\"https:\/\/swissbaker.ch\/fr\/panissimo-news\/author\/johann-ruppenswissbaker-ch\/\"}]}<\/script>\n<!-- \/ Yoast SEO Premium plugin. -->","yoast_head_json":{"title":"Nouveau Grand Ma\u00eetre pour l\u2019Ordre des chevaliers | SBC","description":"Le Conseil de l\u2019Ordre des chevaliers du bon pain (OCBP) s\u2019est r\u00e9uni \u00e0 Yverdon-les-Bains (VD) pour sa s\u00e9ance statutaire, lundi 20 mars. Elections et modification des statuts \u00e9taient au programme de la r\u00e9union.","robots":{"index":"index","follow":"follow","max-snippet":"max-snippet:-1","max-image-preview":"max-image-preview:large","max-video-preview":"max-video-preview:-1"},"canonical":"https:\/\/swissbaker.ch\/fr\/panissimo-news\/nouveau-grand-maitre-pour-lordre-des-chevaliers\/","og_locale":"fr_FR","og_type":"article","og_title":"Nouveau Grand Ma\u00eetre pour l\u2019Ordre des chevaliers","og_description":"Le Conseil de l\u2019Ordre des chevaliers du bon pain (OCBP) s\u2019est r\u00e9uni \u00e0 Yverdon-les-Bains (VD) pour sa s\u00e9ance statutaire, lundi 20 mars. Elections et modification des statuts \u00e9taient au programme de la r\u00e9union.","og_url":"https:\/\/swissbaker.ch\/fr\/panissimo-news\/nouveau-grand-maitre-pour-lordre-des-chevaliers\/","og_site_name":"SBC","article_publisher":"https:\/\/www.facebook.com\/swissbaker.ch","article_published_time":"2023-03-24T12:00:20+00:00","article_modified_time":"2023-03-24T12:00:21+00:00","og_image":[{"width":2048,"height":1536,"url":"https:\/\/swissbaker.ch\/wp-content\/uploads\/2023\/03\/20220321-cbp-comite-img_5434ccbp-c-scaled.jpg","type":"image\/jpeg"}],"author":"Johann Ruppen","twitter_card":"summary_large_image","twitter_creator":"@ch_swissbaker","twitter_site":"@ch_swissbaker","twitter_misc":{"Written by":"Johann Ruppen","Est. reading time":"2 minutes"},"schema":{"@context":"https:\/\/schema.org","@graph":[{"@type":"Article","@id":"https:\/\/swissbaker.ch\/fr\/panissimo-news\/nouveau-grand-maitre-pour-lordre-des-chevaliers\/#article","isPartOf":{"@id":"https:\/\/swissbaker.ch\/fr\/panissimo-news\/nouveau-grand-maitre-pour-lordre-des-chevaliers\/"},"author":{"name":"Johann Ruppen","@id":"https:\/\/swissbaker.ch\/fr\/#\/schema\/person\/abb9dbbf5af9443c30618295ec9cb74e"},"headline":"Nouveau Grand Ma\u00eetre pour l\u2019Ordre des chevaliers","datePublished":"2023-03-24T12:00:20+00:00","dateModified":"2023-03-24T12:00:21+00:00","mainEntityOfPage":{"@id":"https:\/\/swissbaker.ch\/fr\/panissimo-news\/nouveau-grand-maitre-pour-lordre-des-chevaliers\/"},"wordCount":311,"publisher":{"@id":"https:\/\/swissbaker.ch\/fr\/#organization"},"image":{"@id":"https:\/\/swissbaker.ch\/fr\/panissimo-news\/nouveau-grand-maitre-pour-lordre-des-chevaliers\/#primaryimage"},"thumbnailUrl":"https:\/\/swissbaker.ch\/wp-content\/uploads\/2023\/03\/20220321-cbp-comite-img_5434ccbp-c-scaled.jpg","articleSection":["Actuel","Des cantons"],"inLanguage":"fr-FR"},{"@type":"WebPage","@id":"https:\/\/swissbaker.ch\/fr\/panissimo-news\/nouveau-grand-maitre-pour-lordre-des-chevaliers\/","url":"https:\/\/swissbaker.ch\/fr\/panissimo-news\/nouveau-grand-maitre-pour-lordre-des-chevaliers\/","name":"Nouveau Grand Ma\u00eetre pour l\u2019Ordre des chevaliers | SBC","isPartOf":{"@id":"https:\/\/swissbaker.ch\/fr\/#website"},"primaryImageOfPage":{"@id":"https:\/\/swissbaker.ch\/fr\/panissimo-news\/nouveau-grand-maitre-pour-lordre-des-chevaliers\/#primaryimage"},"image":{"@id":"https:\/\/swissbaker.ch\/fr\/panissimo-news\/nouveau-grand-maitre-pour-lordre-des-chevaliers\/#primaryimage"},"thumbnailUrl":"https:\/\/swissbaker.ch\/wp-content\/uploads\/2023\/03\/20220321-cbp-comite-img_5434ccbp-c-scaled.jpg","datePublished":"2023-03-24T12:00:20+00:00","dateModified":"2023-03-24T12:00:21+00:00","description":"Le Conseil de l\u2019Ordre des chevaliers du bon pain (OCBP) s\u2019est r\u00e9uni \u00e0 Yverdon-les-Bains (VD) pour sa s\u00e9ance statutaire, lundi 20 mars. Elections et modification des statuts \u00e9taient au programme de la r\u00e9union.","breadcrumb":{"@id":"https:\/\/swissbaker.ch\/fr\/panissimo-news\/nouveau-grand-maitre-pour-lordre-des-chevaliers\/#breadcrumb"},"inLanguage":"fr-FR","potentialAction":[{"@type":"ReadAction","target":["https:\/\/swissbaker.ch\/fr\/panissimo-news\/nouveau-grand-maitre-pour-lordre-des-chevaliers\/"]}]},{"@type":"ImageObject","inLanguage":"fr-FR","@id":"https:\/\/swissbaker.ch\/fr\/panissimo-news\/nouveau-grand-maitre-pour-lordre-des-chevaliers\/#primaryimage","url":"https:\/\/swissbaker.ch\/wp-content\/uploads\/2023\/03\/20220321-cbp-comite-img_5434ccbp-c-scaled.jpg","contentUrl":"https:\/\/swissbaker.ch\/wp-content\/uploads\/2023\/03\/20220321-cbp-comite-img_5434ccbp-c-scaled.jpg","width":2048,"height":1536,"caption":"Yves Beuchat, Simon Nicod, Anita Dahan, Robert Porchet, Pascal Favre, Leonhard Bernard"},{"@type":"BreadcrumbList","@id":"https:\/\/swissbaker.ch\/fr\/panissimo-news\/nouveau-grand-maitre-pour-lordre-des-chevaliers\/#breadcrumb","itemListElement":[{"@type":"ListItem","position":1,"name":"","item":"https:\/\/swissbaker.ch\/fr\/"},{"@type":"ListItem","position":2,"name":"Actuel","item":"https:\/\/swissbaker.ch\/fr\/panissimo-news\/category\/actuel\/"},{"@type":"ListItem","position":3,"name":"Nouveau Grand Ma\u00eetre pour l\u2019Ordre des chevaliers"}]},{"@type":"WebSite","@id":"https:\/\/swissbaker.ch\/fr\/#website","url":"https:\/\/swissbaker.ch\/fr\/","name":"SBC","description":"","publisher":{"@id":"https:\/\/swissbaker.ch\/fr\/#organization"},"potentialAction":[{"@type":"SearchAction","target":{"@type":"EntryPoint","urlTemplate":"https:\/\/swissbaker.ch\/fr\/?s={search_term_string}"},"query-input":{"@type":"PropertyValueSpecification","valueRequired":true,"valueName":"search_term_string"}}],"inLanguage":"fr-FR"},{"@type":"Organization","@id":"https:\/\/swissbaker.ch\/fr\/#organization","name":"Schweizerischer B\u00e4cker-Confiseurmeister-Verband","url":"https:\/\/swissbaker.ch\/fr\/","logo":{"@type":"ImageObject","inLanguage":"fr-FR","@id":"https:\/\/swissbaker.ch\/fr\/#\/schema\/logo\/image\/","url":"https:\/\/swissbaker.ch\/wp-content\/uploads\/2022\/04\/sbc-logo-yoast.jpg","contentUrl":"https:\/\/swissbaker.ch\/wp-content\/uploads\/2022\/04\/sbc-logo-yoast.jpg","width":512,"height":512,"caption":"Schweizerischer B\u00e4cker-Confiseurmeister-Verband"},"image":{"@id":"https:\/\/swissbaker.ch\/fr\/#\/schema\/logo\/image\/"},"sameAs":["https:\/\/www.facebook.com\/swissbaker.ch","https:\/\/x.com\/ch_swissbaker"]},{"@type":"Person","@id":"https:\/\/swissbaker.ch\/fr\/#\/schema\/person\/abb9dbbf5af9443c30618295ec9cb74e","name":"Johann Ruppen","image":{"@type":"ImageObject","inLanguage":"fr-FR","@id":"https:\/\/swissbaker.ch\/fr\/#\/schema\/person\/image\/","url":"https:\/\/secure.gravatar.com\/avatar\/779632f9a53a98ad01f956c0ab0333a9abed519eb0a7248909af8cf14497dedd?s=96&d=mm&r=g","contentUrl":"https:\/\/secure.gravatar.com\/avatar\/779632f9a53a98ad01f956c0ab0333a9abed519eb0a7248909af8cf14497dedd?s=96&d=mm&r=g","caption":"Johann Ruppen"},"sameAs":["http:\/\/swissbaker.ch"],"url":"https:\/\/swissbaker.ch\/fr\/panissimo-news\/author\/johann-ruppenswissbaker-ch\/"}]}},"_links":{"self":[{"href":"https:\/\/swissbaker.ch\/fr\/wp-json\/wp\/v2\/posts\/59058","targetHints":{"allow":["GET"]}}],"collection":[{"href":"https:\/\/swissbaker.ch\/fr\/wp-json\/wp\/v2\/posts"}],"about":[{"href":"https:\/\/swissbaker.ch\/fr\/wp-json\/wp\/v2\/types\/post"}],"author":[{"embeddable":true,"href":"https:\/\/swissbaker.ch\/fr\/wp-json\/wp\/v2\/users\/8"}],"replies":[{"embeddable":true,"href":"https:\/\/swissbaker.ch\/fr\/wp-json\/wp\/v2\/comments?post=59058"}],"version-history":[{"count":0,"href":"https:\/\/swissbaker.ch\/fr\/wp-json\/wp\/v2\/posts\/59058\/revisions"}],"wp:featuredmedia":[{"embeddable":true,"href":"https:\/\/swissbaker.ch\/fr\/wp-json\/wp\/v2\/media\/59059"}],"wp:attachment":[{"href":"https:\/\/swissbaker.ch\/fr\/wp-json\/wp\/v2\/media?parent=59058"}],"wp:term":[{"taxonomy":"category","embeddable":true,"href":"https:\/\/swissbaker.ch\/fr\/wp-json\/wp\/v2\/categories?post=59058"},{"taxonomy":"post_tag","embeddable":true,"href":"https:\/\/swissbaker.ch\/fr\/wp-json\/wp\/v2\/tags?post=59058"}],"curies":[{"name":"wp","href":"https:\/\/api.w.org\/{rel}","templated":true}]}}