{"id":58737,"date":"2023-03-23T07:38:06","date_gmt":"2023-03-23T06:38:06","guid":{"rendered":"https:\/\/swissbaker.ch\/?p=58737"},"modified":"2023-03-23T18:03:05","modified_gmt":"2023-03-23T17:03:05","slug":"patrick-lobsiger-ceo-de-pistor-au-comite-central","status":"publish","type":"post","link":"https:\/\/swissbaker.ch\/fr\/panissimo-news\/patrick-lobsiger-ceo-de-pistor-au-comite-central\/","title":{"rendered":"Le comit\u00e9 central en bref"},"content":{"rendered":"\n<p><strong>Le comit\u00e9 central de l&#8217;Association suisse des patrons boulangers-p\u00e2tissiers-confiseurs s&#8217;est r\u00e9uni pendant deux jours d\u00e9but mars \u00e0 B\u00e2le. L&#8217;essentiel est \u00e0 d\u00e9couvrir dans le \u00ab CC en bref \u00bb :<\/strong><\/p>\n\n\n\n<h2 class=\"wp-block-heading\" id=\"h-divers\"><strong>Divers<\/strong><\/h2>\n\n\n\n<p><strong>Informations du pr\u00e9sident<\/strong><br>Le pr\u00e9sident de la BCS, Silvan Hotz, a donn\u00e9 des informations sur le Forum PME et sur son travail en tant que membre du comit\u00e9 directeur de l&#8217;Union suisse des arts et m\u00e9tiers (usam). En f\u00e9vrier, un nouveau directeur a \u00e9t\u00e9 \u00e9lu en la personne d&#8217;Henrique Schneider. Il succ\u00e8de \u00e0 Hans-Ulrich Bigler, qui va prendre sa retraite. Le Forum PME a notamment abord\u00e9 le r\u00e9sultat du dernier monitoring de la bureaucratie du Secr\u00e9tariat d&#8217;\u00c9tat \u00e0 l&#8217;\u00e9conomie (SECO). C&#8217;est surtout dans les domaines des projets de construction et du secteur alimentaire que la charge est consid\u00e9r\u00e9e comme importante. <\/p>\n\n\n\n<p><strong>Service juridique<\/strong><br>Le service juridique t\u00e9l\u00e9phonique a \u00e9t\u00e9 r\u00e9duit \u00e0 trois jours, soit une journ\u00e9e compl\u00e8te et deux demi-journ\u00e9es. Comme mesure d&#8217;accompagnement, Harisa Reiz, directrice adjointe de la BCS et responsable du service juridique, publie r\u00e9guli\u00e8rement depuis le d\u00e9but de l&#8217;ann\u00e9e dans \u00abPanissimo\u00bb, dans la newsletter et sur l&#8217;intranet des informations et des conseils aux membres, sur le th\u00e8me de la convention collective de travail notamment, ayant trait entre autres au salaire horaire, au contr\u00f4le de la comptabilit\u00e9 salariale ou \u00e0 l&#8217;obligation de d\u00e9clarer. Des fiches d&#8217;information simples sont mises <a href=\"https:\/\/swissbaker.ch\/fr\/intranet\/\" target=\"_blank\" rel=\"noreferrer noopener\">en ligne sur l\u2019intranet.<\/a><\/p>\n\n\n\n<p><strong>SBC Fiduciaire sur la bonne voie<\/strong><br>Selon le directeur Markus K\u00fcnzli, la migration informatique de SBC Fiduciaire dans le groupe Gastroconsult se d\u00e9roule comme pr\u00e9vu \u2013 une simplification des processus visant \u00e0 optimiser le rapport entre les charges et les produits. Il est r\u00e9jouissant de constater que quelques nouveaux clients ont pu \u00eatre acquis, bien que les changements structurels dans le secteur se fassent \u00e9galement sentir chez SBC\u00a0Fiduciaire. Markus K\u00fcnzli a bri\u00e8vement pr\u00e9sent\u00e9 la situation actuelle de notre secteur: les chiffres d&#8217;affaires ont certes pu \u00eatre augment\u00e9s, mais les hausses de prix ont un impact. Il a appel\u00e9 les membres \u00e0 augmenter courageusement les prix pour pouvoir maintenir la marge. <\/p>\n\n\n\n<p><strong><br>Panvica: utiliser connect<\/strong><br>Le navire Panvica revient sur la bonne voie apr\u00e8s une p\u00e9riode de turbulences. Le pr\u00e9sident de Panvica, Roland R\u00e4ber, s&#8217;est montr\u00e9 confiant \u2013 \u00abPanvica affiche un taux de couverture de plus de 100\u00a0%\u00bb \u2013 et a promis de tirer un premier bilan en automne. Il a invit\u00e9 les pr\u00e9sidents et secr\u00e9taires cantonaux et r\u00e9gionaux \u00e0 utiliser activement connect, le nouvel outil en ligne pratique de Panvica. <br><a href=\"https:\/\/www.panvica.ch\/index.php?id=partnerweb&amp;L=1\" target=\"_blank\" rel=\"noreferrer noopener\">Panvica connect<\/a><strong><br><\/strong><\/p>\n\n\n\n<h2 class=\"wp-block-heading\"><strong>Finances<\/strong><\/h2>\n\n\n\n<p><strong>Des comptes annuels r\u00e9jouissants pour la BCS<\/strong><br>Les comptes annuels 2022 de l&#8217;Association suisse des patrons boulangers-confiseurs (BCS) se soldent par un b\u00e9n\u00e9fice de 21&#8217;413&nbsp;francs, \u00abun excellent r\u00e9sultat\u00bb, s&#8217;est r\u00e9joui le chef des finances Martin Schnyder lors de la s\u00e9ance du comit\u00e9 central. Le capital s&#8217;\u00e9l\u00e8ve \u00e0 4,8 millions de francs. Les membres du CC ont approuv\u00e9 \u00e0 l&#8217;unanimit\u00e9 les comptes \u00e0 l&#8217;attention du congr\u00e8s. Les comptes annuels doivent encore \u00eatre d\u00e9finitivement approuv\u00e9s par l&#8217;assembl\u00e9e des d\u00e9l\u00e9gu\u00e9s le 3&nbsp;juin \u00e0 Berne.<\/p>\n\n\n\n<p><strong>Caisse de secours de la BCS<\/strong><br>Les comptes 2022 de la caisse de secours de la BCS ont \u00e9galement \u00e9t\u00e9 approuv\u00e9s. Ceux-ci se soldent par un b\u00e9n\u00e9fice de 16&#8217;066&nbsp;francs. Le CC a approuv\u00e9 les comptes annuels \u00e0 l&#8217;unanimit\u00e9. Les d\u00e9l\u00e9gu\u00e9s du congr\u00e8s doivent simplement en \u00eatre inform\u00e9s. Le capital de la fondation s&#8217;\u00e9l\u00e8ve \u00e0 2,036 millions de francs<a>.<\/a><\/p>\n\n\n\n<p><\/p>\n\n\n\n<h2 class=\"wp-block-heading\"><strong>Politique<\/strong><\/h2>\n\n\n\n<p><strong>cpbc: commission de 3&nbsp;%<\/strong><br>Il s&#8217;est av\u00e9r\u00e9 que de nombreuses entreprises n&#8217;ont pas fait usage de la commission de 3&nbsp;%, ce qui est en partie d\u00fb au malheureux formulaire de d\u00e9claration, a relev\u00e9 Harisa Reiz, directrice adjointe de la BCS, lors de la s\u00e9ance du CC. La commission paritaire des boulangers-confiseurs (cpbc) a donc d\u00e9cid\u00e9 que la commission de 3&nbsp;% sur les cotisations des employ\u00e9s et employ\u00e9es serait rembours\u00e9e si les conditions \u00e9taient remplies \u2013 c&#8217;est-\u00e0-dire en cas de d\u00e9claration correcte dans les d\u00e9lais et de paiement cons\u00e9cutif. La demande peut \u00eatre faite r\u00e9troactivement jusqu&#8217;en 2019. La BCS informera qui de droit de la disponibilit\u00e9 du formulaire de demande.<\/p>\n\n\n\n<p><strong>Energie<\/strong><br>Lors de la s\u00e9ance du CC, le directeur de la BCS, Urs Wellauer-Boschung, a expliqu\u00e9 les tenants et aboutissants complexes de la politique \u00e9nerg\u00e9tique et donc des prix de l&#8217;\u00e9lectricit\u00e9 en Suisse. Il a lanc\u00e9 une mise en garde dans le contexte de la p\u00e9nurie d&#8217;\u00e9nergie: \u00abNous nous en sortons bien cet hiver, mais d&#8217;autres d\u00e9fis de taille nous attendent pour les hivers prochains!\u00bb\u00a0 <\/p>\n\n\n\n<p><strong>D\u00e9claration du pain et des produits de boulangerie<\/strong><br>Le Conseil f\u00e9d\u00e9ral est en train d\u2019\u00e9valuer la consultation relative \u00e0 l&#8217;ordonnance concernant l&#8217;information relative aux denr\u00e9es alimentaires (Stretto\u00a04). L\u2019ordonnance est cens\u00e9e entrer en vigueur \u00e0 l&#8217;automne, mais les responsables estiment que cela ne sera pas le cas avant d\u00e9but 2024. <br><a href=\"https:\/\/swissbaker.ch\/fr\/panissimo-news\/session-de-printemps-du-parlement-reforme-de-la-lpp-adoptee\/\" target=\"_blank\" rel=\"noreferrer noopener\">Rapport de session Urs Wellauer-Boschung<\/a><\/p>\n\n\n\n<p><strong>Initiative sur les d\u00e9dommagements<\/strong><br>Il s\u2019est av\u00e9r\u00e9 \u00e9tonnamment difficile de r\u00e9unir les signatures n\u00e9cessaires pour l&#8217;initiative sur les d\u00e9dommagements, a d\u00e9plor\u00e9 le directeur de la BCS, Urs Wellauer-Boschung, lors de la s\u00e9ance du CC. L\u2019association d&#8217;initiative a donc arr\u00eat\u00e9 \u00e0 mi-parcours sa collecte de signatures en faveur de l&#8217;initiative populaire \u00abPour des d\u00e9dommagements r\u00e9glement\u00e9s en cas d&#8217;\u00e9pid\u00e9mie (initiative sur les d\u00e9dommagements)\u00bb. Cette mesure a fait suite au rejet de l\u2019augmentation des cotisations des membres n\u00e9cessaire au financement de la collecte prononc\u00e9 par les membres de l\u2019association. Il va maintenant falloir faire valoir certaines revendications de l&#8217;initiative par le biais du processus politique (loi sur les \u00e9pid\u00e9mies p. ex.). \u00abIl est tr\u00e8s d\u00e9cevant que les associations n&#8217;aient pas r\u00e9ussi \u00e0 rassembler les signatures \u2013 malgr\u00e9 leur potentiel\u00bb, a d\u00e9clar\u00e9 Urs Wellauer-Boschung.<\/p>\n\n\n\n<p><strong>R\u00e9vision de la LPP<\/strong><br>Lors de la r\u00e9union du CC, le directeur de la BCS, Urs Wellauer-Boschung, a donn\u00e9 des informations sur la r\u00e9vision en cours de la LPP, qui ne concerne que la partie obligatoire de la pr\u00e9voyance professionnelle, c&#8217;est-\u00e0-dire quelque 15 pour cent des assur\u00e9s et assur\u00e9es. Le taux de conversion, qui permet de transformer le capital en rente annuelle, doit \u00eatre abaiss\u00e9: de 6,8 \u00e0 6,0 pour cent. Cela entra\u00eenera des r\u00e9ductions de rentes dans certains cas, les g\u00e9n\u00e9rations de transition devant \u00eatre indemnis\u00e9es \u00e0 cet effet. Les femmes travaillant \u00e0 temps partiel devraient en outre obtenir de meilleures rentes. La session de printemps \u00e9tait en cours au moment de la s\u00e9ance du CC. \u00abLes membres de la BCS comptant de nombreux collaborateurs et collaboratrices soumis au r\u00e9gime obligatoire seraient concern\u00e9s par des cotisations plus \u00e9lev\u00e9es, tant pour les employ\u00e9s et employ\u00e9es que pour les employeurs et employeuses. Nous analyserons la situation apr\u00e8s la fin des d\u00e9bats au Parlement, en collaboration avec l&#8217;Union suisse des arts et m\u00e9tiers (usam)\u00bb, a assur\u00e9 Urs Wellauer-Boschung. <\/p>\n\n\n\n<p><strong>Food save<\/strong><br>L\u2019Association suisse des patrons boulangers-confiseurs (BCS) a sign\u00e9 l\u2019automne dernier l\u2019accord intersectoriel sur la r\u00e9duction des pertes alimentaires.\u00a0Avec le plan\u00a0d\u2019action contre le gaspillage alimentaire, le Conseil f\u00e9d\u00e9ral vise \u00e0 r\u00e9duire de\u00a0moiti\u00e9 les pertes alimentaires \u00e9vitables d\u2019ici 2030 par rapport au niveau 2017. Un atelier sur le sujet pour la boulangerie-confiserie aura lieu le 18\u00a0avril au si\u00e8ge de Pistor AG \u00e0 Rothenburg. Urs Wellauer-Boschung a appel\u00e9 les membres du CC \u00e0 participer \u00e0 cet \u00e9v\u00e9nement. Plus d&#8217;informations: <a href=\"https:\/\/united-against-waste.ch\" target=\"_blank\" rel=\"noreferrer noopener\">united-against-waste.ch<\/a><\/p>\n\n\n\n<h2 class=\"wp-block-heading\"><strong>Formation professionnelle et continue<\/strong><\/h2>\n\n\n\n<p><strong>Examen professionnel<\/strong><br>Les 11 et 19 janvier, les experts aux examens professionnels ont \u00e9t\u00e9 pr\u00e9par\u00e9s \u00e0 leurs prochaines missions. Les travaux pratiques sont effectu\u00e9s de mi-janvier \u00e0 fin mars.<\/p>\n\n\n\n<p><strong>Participer au sondage sur l&#8217;avenir<\/strong><br>Le sondage sur l&#8217;examen quinquennal est actif depuis le d\u00e9but de l&#8217;ann\u00e9e. Il est encore possible pour chacun et chacune de s&#8217;exprimer sur le sujet jusqu&#8217;au 20 mai. Des membres du secteur ont certes r\u00e9pondu, mais pas encore en nombre suffisant. Peter Signer, responsable de la formation professionnelle et continue dans le domaine de la production, a appel\u00e9 \u00e0 motiver les membres \u00e0 participer \u00e0 cette enqu\u00eate tourn\u00e9e vers l&#8217;avenir. <\/p>\n\n\n\n<ul class=\"wp-block-list\">\n<li><a href=\"https:\/\/e-study.ch\/225yrvebafr\" target=\"_blank\" rel=\"noreferrer noopener\">Sondage BPC pour l\u2019AFP<\/a><\/li>\n\n\n\n<li><a href=\"https:\/\/e-study.ch\/225yrvefzfr\" target=\"_blank\" rel=\"noreferrer noopener\">Sondage BPC pour la CFC<\/a><\/li>\n<\/ul>\n\n\n\n<p><strong>Vente 2022+ \u2013 travailler avec Konvink<\/strong><br>Le projet Vente 2022+ a \u00e9t\u00e9 lanc\u00e9 l&#8217;automne dernier. Son introduction implique \u00e9galement l\u2019utilisation du nouvel outil d&#8217;enseignement en ligne Konvink. Il est\u00a0maintenant important que toutes les \u00e9coles professionnelles et tous les formateurs et formatrices travaillent avec ce nouvel outil d&#8217;enseignement en ligne, a soulign\u00e9 Lisa Frunz, responsable du domaine du commerce de d\u00e9tail au sein de la BCS. Le vice-directeur de l&#8217;Ecole professionnelle Richemont, Markus Zimmerli, se tient \u00e0 disposition en cas de questions.\u00a0<a href=\"https:\/\/forme-ton-avenir.ch\/fr\/nouveaux\/107-vente-2022\" target=\"_blank\" rel=\"noreferrer noopener\"> Aper\u00e7u formateur\/formatrices <\/a><\/p>\n\n\n\n<p><strong>R\u00e9union des cheffes expertes du commerce de d\u00e9tail<\/strong><br>Les cheffes expertes du commerce de d\u00e9tail se sont r\u00e9unies en f\u00e9vrier \u00e0 l&#8217;Ecole professionnelle Richemont d\u2019Yverdon-les-Bains (VD). Lisa Frunz, responsable du commerce de d\u00e9tail pour la BCS, a donn\u00e9 des informations sur la r\u00e9union. Le th\u00e8me principal \u00e9tait le lancement de Vente 2022+.<\/p>\n\n\n\n<p><strong>Nouveau cours pour futurs responsables de succursales<\/strong><br>Un nouveau cours d\u00e9butera le 31\u00a0mai \u00e0 l&#8217;Ecole professionnelle Richemont de Lucerne: il s&#8217;adresse aux futurs responsables de succursales et aborde les th\u00e8mes du positionnement, de la communication, de la d\u00e9cision, de la gestion et du changement. L&#8217;objectif de la formation est de pr\u00e9parer les participants et participantes \u00e0 leur r\u00f4le dirigeant et de les sensibiliser en la mati\u00e8re. <a href=\"https:\/\/richemont.swiss\/event\/entwicklungswerkstatt-fuer-filialleitende\/\" target=\"_blank\" rel=\"noreferrer noopener\">Inscription et informations: <\/a><\/p>\n\n\n\n<p><strong>Cours th\u00e9matique annuel 2024<\/strong><br>L&#8217;Ecole professionnelle Richemont est en train d\u2019\u00e9laborer une nouvelle id\u00e9e de concept pour les futurs cours th\u00e9matiques annuels qui seront \u00e0 nouveau propos\u00e9s en&nbsp;2024. \u00abNous pourrions imaginer un m\u00e9lange entre cours, r\u00e9union et salon interne\u00bb, a expliqu\u00e9 Reto Fries, directeur de Richemont, lors de la r\u00e9union du CC.<\/p>\n\n\n\n<p><strong>Prix attractifs pour les cours<\/strong><br>Reto Fries, directeur de l&#8217;Ecole professionnelle Richemont, a \u00e9voqu\u00e9 les prix tr\u00e8s attractifs des cours de formation professionnelle et continue, gr\u00e2ce au subventionnement de la commission paritaire des boulangers-confiseurs (cpbc). <a href=\"https:\/\/richemont.swiss\/fr\/subventions\/\" target=\"_blank\" rel=\"noreferrer noopener\">Subventions de cours<\/a><\/p>\n\n\n\n<h2 class=\"wp-block-heading\"><strong>Events \/ Marketing \/ Communication<\/strong><\/h2>\n\n\n\n<p><strong>Congr\u00e8s de la BCS<\/strong><br>Le congr\u00e8s aura lieu le mardi 13 juin \u00e0 Berne. Les associations cantonales ont jusqu\u2019au 15&nbsp;avril pour notifier les d\u00e9l\u00e9gu\u00e9s au secr\u00e9tariat central de la BCS. En cas de tenue de l&#8217;assembl\u00e9e g\u00e9n\u00e9rale cantonale ult\u00e9rieure \u00e0 ce d\u00e9lai d&#8217;annonce, le retard doit \u00eatre communiqu\u00e9 imm\u00e9diatement par courriel adress\u00e9 \u00e0 <a href=\"mailto:franca.huerta@swissbaker.ch\">franca.huerta@swissbaker.ch<\/a>.<\/p>\n\n\n\n<p><strong>\u00c9v\u00e9nement de la veille du congr\u00e8s<\/strong><br>La veille du congr\u00e8s, le 12 juin, un nouvel \u00e9v\u00e9nement de r\u00e9seautage sera organis\u00e9 sur la montagne embl\u00e9matique de Berne, le Gurten. Le pr\u00e9sident de la BCS, Silvan Hotz, a appel\u00e9 les d\u00e9l\u00e9gu\u00e9s du CC \u00e0 motiver leurs membres \u00e0 y participer (<a href=\"https:\/\/swissbaker.ch\/fr\/panissimo-news\/congres-2013-les-boulangers-confiseurs-suisses-se-reunissent\/\" target=\"_blank\" rel=\"noreferrer noopener\">voir \u00abPanissimo\u00bb du 10\u00a0mars<\/a>).<\/p>\n\n\n\n<p><strong>\u00abZukunftstreff Verkauf<\/strong>\u00a0<strong>\u00bb: le 24\u00a0avril<\/strong><br><a href=\"https:\/\/richemont.swiss\/beratungen\/verkauf\/gemeinsam-die-zukunft-des-verkaufs-gestalten\/\" target=\"_blank\" rel=\"noreferrer noopener\">\u00abZukunftstreff Verkauf\u00bb<\/a> aura lieu le 24\u00a0avril \u00e0 l&#8217;Ecole professionnelle Richemont de Lucerne. Pr\u00e8s de 40\u00a0personnes se sont d\u00e9j\u00e0 inscrites \u00e0 cet \u00e9v\u00e9nement. \u00abCela me fait extr\u00eamement plaisir et me montre que le commerce de d\u00e9tail est en train de gagner en importance\u00bb, s\u2019est r\u00e9jouie Lisa Frunz, responsable du commerce de d\u00e9tail, lors de la s\u00e9ance du CC. <\/p>\n\n\n\n<p><strong>Concours<\/strong><br>Les SwissSkills internes au secteur se d\u00e9rouleront du 21 au 23 novembre 2023 \u00e0 l&#8217;Ecole professionnelle Richemont de Lucerne. La c\u00e9r\u00e9monie de cl\u00f4ture aura lieu le 23&nbsp;novembre. L&#8217;apr\u00e8s-midi d&#8217;information est pr\u00e9vu le 31 ao\u00fbt, la journ\u00e9e d&#8217;\u00e9quipe le 1<sup>er<\/sup>&nbsp;septembre.<\/p>\n\n\n\n<p>Les WorldSkills se tiendront \u00e0 Lyon du 11 au 15 septembre 2024.<\/p>\n\n\n\n<p><strong>Campagne de rel\u00e8ve<\/strong><br>La troisi\u00e8me vague de la campagne nationale de la BCS en faveur de rel\u00e8ve sera lanc\u00e9e en automne. Les associations cantonales et r\u00e9gionales disposent d&#8217;un choix vari\u00e9 de mat\u00e9riel publicitaire pour les salons professionnels et autres \u00e9v\u00e9nements. Une guideline a \u00e9t\u00e9 sp\u00e9cialement \u00e9labor\u00e9e \u00e0 leur intention. Lien guideline, informations et commandes: <a href=\"mailto:sarah.rosch@swissbaker.ch\">sarah.rosch@swissbaker.ch<\/a>.<\/p>\n\n\n\n<p><br><strong>Campagne des Rois<\/strong><br>La BCS m\u00e8ne une nouvelle campagne des Rois depuis&nbsp;2022. Le nombre de membres de la BCS participant \u00e0 ladite campagne est toutefois d\u00e9cevant. Le comit\u00e9 central de la BCS s&#8217;est n\u00e9anmoins clairement prononc\u00e9 en faveur d&#8217;une troisi\u00e8me tentative. Un groupe de travail va se pencher sur le sujet. La d\u00e9cision a \u00e9t\u00e9 motiv\u00e9e par le fait qu&#8217;il s&#8217;agit pour le secteur du jour le plus important en termes de chiffre d&#8217;affaires, et qu\u2019il ne faut pas le laisser aux grands distributeurs et aux discounters. Les personnes pr\u00e9sentes ont une nouvelle fois \u00e9t\u00e9 invit\u00e9es \u00e0 soutenir activement cette campagne.<\/p>\n\n\n\n<p><strong>Calendrier des saveurs 2025<\/strong><br>Le nombre de membres de la BCS qui commandent un calendrier des saveurs ne cesse de diminuer. Le comit\u00e9 central tient au maintien du calendrier des saveurs qui, outre deux pages de calendrier diff\u00e9rentes et de superbes photos, contient \u00e9galement des recettes raffin\u00e9es. Il y aura donc \u00e9galement un calendrier en 2025. Lisa Frunz, responsable du commerce de d\u00e9tail, a recommand\u00e9 \u00e0 chacun et chacune de remettre personnellement ce cadeau \u00e0 la client\u00e8le d\u00e8s le mois d&#8217;octobre ou au plus tard en novembre, en \u00e9vitant de le laisser simplement tra\u00eener sur le comptoir. \u00a0<\/p>\n\n\n\n<p><br><strong>Distinction pour David Pasquier et Giuseppe Piffaretti<\/strong><br>Le chocolatier valaisan David Pasquier et le boulanger-p\u00e2tissier tessinois Giuseppe Piffaretti ont re\u00e7u le M\u00e9rite culinaire suisse, ce qui a \u00e9t\u00e9 salu\u00e9 lors de la s\u00e9ance du CC. Il s&#8217;agit d\u2019une excellente publicit\u00e9 pour les boulangeries-confiseries artisanales. Les deux laur\u00e9ats sont les premiers de notre secteur \u00e0 recevoir ce prix. <\/p>\n\n\n\n<p><strong>Premi\u00e8re confiserie 5 \u00e9toiles<\/strong><br>Peter Signer, membre du CC, a inform\u00e9 ses coll\u00e8gues d&#8217;une premi\u00e8re: Klaus Confiserie Caf\u00e9 AG \u00e0 B\u00fclach est en effet la premi\u00e8re confiserie \u00e0 avoir d\u00e9croch\u00e9 les 5&nbsp;\u00e9toiles \u2013 la boulangerie-p\u00e2tisserie Signer \u00e0 Zizers ayant \u00e9t\u00e9 la premi\u00e8re entreprise de notre secteur \u00e0 obtenir lesdites \u00e9toiles.<\/p>\n\n\n\n<p><strong>Farine d\u2019insectes: wording et informations<\/strong><br>Au d\u00e9but de l\u2019ann\u00e9e, l\u2019Union europ\u00e9enne a autoris\u00e9 l\u2019utilisation de poudre partiellement d\u00e9graiss\u00e9e d\u2019Acheta domesticus (grillon domestique). En Suisse, elle est d\u00e9sormais autoris\u00e9e. Certains consommateurs et consommatrices r\u00e9agissent avec inqui\u00e9tude. Le fait est que l\u2019utilisation de poudre d\u2019insectes doit \u00eatre clairement d\u00e9clar\u00e9e, selon la loi suisse.\u00a0<br>La BCS a \u00e9labor\u00e9 un document sur le sujet exclusivement destin\u00e9 \u00e0 ses membres et \u00e0 leur personnel de vente notamment. <a href=\"https:\/\/swissbaker.ch\/fr\/intranet\/\" target=\"_blank\" rel=\"noreferrer noopener\">Intranet<\/a><\/p>\n\n\n\n<p><strong>Newsletter: grande visibilit\u00e9<\/strong><br>La newsletter BCS \/ Richemont b\u00e9n\u00e9ficie d\u2018une tr\u00e8s grande visibilit\u00e9 dans le secteur de la boulangerie-confiserie. Les taux d&#8217;ouverture en d\u00e9but d&#8217;ann\u00e9e sont notamment \u00e9loquents: ils se situent entre 33 et 47 %. Le sondage des membres sur la situation actuelle dans le secteur, le portrait de Monika Stampfli (Confiserie Hofer, Soleure), porteuse d&#8217;avenir, et l&#8217;article sur la nouvelle orientation de la boulangerie Ackermann \u00e0 Grandson ont particuli\u00e8rement retenu l&#8217;attention des destinataires.<\/p>\n\n\n\n<p><strong>Sondage \u00abPanissimo\u00bb des membres<\/strong><br>P\u00e9nurie de main-d&#8217;\u0153uvre qualifi\u00e9e, hausse des co\u00fbts, crise \u00e9nerg\u00e9tique \u2013 en d\u00e9but d&#8217;ann\u00e9e, l&#8217;\u00e9quipe de \u00abPanissimo\u00bb a, dans le cadre d\u2019une enqu\u00eate non repr\u00e9sentative, sond\u00e9 les membres de la BCS sur la situation actuelle dans le secteur. L&#8217;article sur le sujet paru dans le magazine \u00abPanissimo\u00bb et en ligne a suscit\u00e9 un vif int\u00e9r\u00eat. <\/p>\n\n\n\n<p class=\"has-text-align-right\"><em>Claudia Vernocchi<\/em><\/p>\n","protected":false},"excerpt":{"rendered":"<p>Le comit\u00e9 central de l&#8217;Association suisse des patrons boulangers-p\u00e2tissiers-confiseurs s&#8217;est r\u00e9uni pendant deux jours d\u00e9but mars \u00e0 B\u00e2le. L&#8217;essentiel est \u00e0 d\u00e9couvrir dans le \u00ab CC en bref \u00bb :<\/p>\n","protected":false},"author":5,"featured_media":11457,"comment_status":"closed","ping_status":"closed","sticky":true,"template":"","format":"standard","meta":{"_acf_changed":false,"footnotes":""},"categories":[41],"tags":[],"class_list":["post-58737","post","type-post","status-publish","format-standard","has-post-thumbnail","hentry","category-association"],"acf":[],"yoast_head":"<!-- This site is optimized with the Yoast SEO Premium plugin v26.8 (Yoast SEO v26.8) - https:\/\/yoast.com\/product\/yoast-seo-premium-wordpress\/ -->\n<title>Le comit\u00e9 central en bref | SBC<\/title>\n<meta name=\"description\" content=\"Le comit\u00e9 central de l&#039;Association suisse des patrons boulangers-confiseurs (BCS) s&#039;est r\u00e9uni pendant deux jours d\u00e9but mars \u00e0 B\u00e2le.\" \/>\n<meta name=\"robots\" content=\"index, follow, max-snippet:-1, max-image-preview:large, max-video-preview:-1\" \/>\n<link rel=\"canonical\" href=\"https:\/\/swissbaker.ch\/fr\/panissimo-news\/patrick-lobsiger-ceo-de-pistor-au-comite-central\/\" \/>\n<meta property=\"og:locale\" content=\"fr_FR\" \/>\n<meta property=\"og:type\" content=\"article\" \/>\n<meta property=\"og:title\" content=\"Le comit\u00e9 central en bref\" \/>\n<meta property=\"og:description\" content=\"Le comit\u00e9 central de l&#039;Association suisse des patrons boulangers-confiseurs (BCS) s&#039;est r\u00e9uni pendant deux jours d\u00e9but mars \u00e0 B\u00e2le.\" \/>\n<meta property=\"og:url\" content=\"https:\/\/swissbaker.ch\/fr\/panissimo-news\/patrick-lobsiger-ceo-de-pistor-au-comite-central\/\" \/>\n<meta property=\"og:site_name\" content=\"SBC\" \/>\n<meta property=\"article:publisher\" content=\"https:\/\/www.facebook.com\/swissbaker.ch\" \/>\n<meta property=\"article:published_time\" content=\"2023-03-23T06:38:06+00:00\" \/>\n<meta property=\"article:modified_time\" content=\"2023-03-23T17:03:05+00:00\" \/>\n<meta property=\"og:image\" content=\"https:\/\/swissbaker.ch\/wp-content\/uploads\/2022\/05\/zentralvorstand_in_kuerze-2.jpeg\" \/>\n\t<meta property=\"og:image:width\" content=\"800\" \/>\n\t<meta property=\"og:image:height\" content=\"474\" \/>\n\t<meta property=\"og:image:type\" content=\"image\/jpeg\" \/>\n<meta name=\"author\" content=\"Simon Nussbaum\" \/>\n<meta name=\"twitter:card\" content=\"summary_large_image\" \/>\n<meta name=\"twitter:creator\" content=\"@ch_swissbaker\" \/>\n<meta name=\"twitter:site\" content=\"@ch_swissbaker\" \/>\n<meta name=\"twitter:label1\" content=\"Written by\" \/>\n\t<meta name=\"twitter:data1\" content=\"Simon Nussbaum\" \/>\n\t<meta name=\"twitter:label2\" content=\"Est. reading time\" \/>\n\t<meta name=\"twitter:data2\" content=\"14 minutes\" \/>\n<script type=\"application\/ld+json\" class=\"yoast-schema-graph\">{\"@context\":\"https:\/\/schema.org\",\"@graph\":[{\"@type\":\"Article\",\"@id\":\"https:\/\/swissbaker.ch\/fr\/panissimo-news\/patrick-lobsiger-ceo-de-pistor-au-comite-central\/#article\",\"isPartOf\":{\"@id\":\"https:\/\/swissbaker.ch\/fr\/panissimo-news\/patrick-lobsiger-ceo-de-pistor-au-comite-central\/\"},\"author\":{\"name\":\"Simon Nussbaum\",\"@id\":\"https:\/\/swissbaker.ch\/fr\/#\/schema\/person\/74bd327b08c18ca6042c02ff6f0ed5e2\"},\"headline\":\"Le comit\u00e9 central en bref\",\"datePublished\":\"2023-03-23T06:38:06+00:00\",\"dateModified\":\"2023-03-23T17:03:05+00:00\",\"mainEntityOfPage\":{\"@id\":\"https:\/\/swissbaker.ch\/fr\/panissimo-news\/patrick-lobsiger-ceo-de-pistor-au-comite-central\/\"},\"wordCount\":2664,\"publisher\":{\"@id\":\"https:\/\/swissbaker.ch\/fr\/#organization\"},\"image\":{\"@id\":\"https:\/\/swissbaker.ch\/fr\/panissimo-news\/patrick-lobsiger-ceo-de-pistor-au-comite-central\/#primaryimage\"},\"thumbnailUrl\":\"https:\/\/swissbaker.ch\/wp-content\/uploads\/2022\/05\/zentralvorstand_in_kuerze-2.jpeg\",\"articleSection\":[\"Association\"],\"inLanguage\":\"fr-FR\"},{\"@type\":\"WebPage\",\"@id\":\"https:\/\/swissbaker.ch\/fr\/panissimo-news\/patrick-lobsiger-ceo-de-pistor-au-comite-central\/\",\"url\":\"https:\/\/swissbaker.ch\/fr\/panissimo-news\/patrick-lobsiger-ceo-de-pistor-au-comite-central\/\",\"name\":\"Le comit\u00e9 central en bref | SBC\",\"isPartOf\":{\"@id\":\"https:\/\/swissbaker.ch\/fr\/#website\"},\"primaryImageOfPage\":{\"@id\":\"https:\/\/swissbaker.ch\/fr\/panissimo-news\/patrick-lobsiger-ceo-de-pistor-au-comite-central\/#primaryimage\"},\"image\":{\"@id\":\"https:\/\/swissbaker.ch\/fr\/panissimo-news\/patrick-lobsiger-ceo-de-pistor-au-comite-central\/#primaryimage\"},\"thumbnailUrl\":\"https:\/\/swissbaker.ch\/wp-content\/uploads\/2022\/05\/zentralvorstand_in_kuerze-2.jpeg\",\"datePublished\":\"2023-03-23T06:38:06+00:00\",\"dateModified\":\"2023-03-23T17:03:05+00:00\",\"description\":\"Le comit\u00e9 central de l'Association suisse des patrons boulangers-confiseurs (BCS) s'est r\u00e9uni pendant deux jours d\u00e9but mars \u00e0 B\u00e2le.\",\"breadcrumb\":{\"@id\":\"https:\/\/swissbaker.ch\/fr\/panissimo-news\/patrick-lobsiger-ceo-de-pistor-au-comite-central\/#breadcrumb\"},\"inLanguage\":\"fr-FR\",\"potentialAction\":[{\"@type\":\"ReadAction\",\"target\":[\"https:\/\/swissbaker.ch\/fr\/panissimo-news\/patrick-lobsiger-ceo-de-pistor-au-comite-central\/\"]}]},{\"@type\":\"ImageObject\",\"inLanguage\":\"fr-FR\",\"@id\":\"https:\/\/swissbaker.ch\/fr\/panissimo-news\/patrick-lobsiger-ceo-de-pistor-au-comite-central\/#primaryimage\",\"url\":\"https:\/\/swissbaker.ch\/wp-content\/uploads\/2022\/05\/zentralvorstand_in_kuerze-2.jpeg\",\"contentUrl\":\"https:\/\/swissbaker.ch\/wp-content\/uploads\/2022\/05\/zentralvorstand_in_kuerze-2.jpeg\",\"width\":800,\"height\":474,\"caption\":\"Un ordre du jour charg\u00e9\"},{\"@type\":\"BreadcrumbList\",\"@id\":\"https:\/\/swissbaker.ch\/fr\/panissimo-news\/patrick-lobsiger-ceo-de-pistor-au-comite-central\/#breadcrumb\",\"itemListElement\":[{\"@type\":\"ListItem\",\"position\":1,\"name\":\"\",\"item\":\"https:\/\/swissbaker.ch\/fr\/\"},{\"@type\":\"ListItem\",\"position\":2,\"name\":\"Association\",\"item\":\"https:\/\/swissbaker.ch\/fr\/panissimo-news\/category\/association\/\"},{\"@type\":\"ListItem\",\"position\":3,\"name\":\"Le comit\u00e9 central en bref\"}]},{\"@type\":\"WebSite\",\"@id\":\"https:\/\/swissbaker.ch\/fr\/#website\",\"url\":\"https:\/\/swissbaker.ch\/fr\/\",\"name\":\"SBC\",\"description\":\"\",\"publisher\":{\"@id\":\"https:\/\/swissbaker.ch\/fr\/#organization\"},\"potentialAction\":[{\"@type\":\"SearchAction\",\"target\":{\"@type\":\"EntryPoint\",\"urlTemplate\":\"https:\/\/swissbaker.ch\/fr\/?s={search_term_string}\"},\"query-input\":{\"@type\":\"PropertyValueSpecification\",\"valueRequired\":true,\"valueName\":\"search_term_string\"}}],\"inLanguage\":\"fr-FR\"},{\"@type\":\"Organization\",\"@id\":\"https:\/\/swissbaker.ch\/fr\/#organization\",\"name\":\"Schweizerischer B\u00e4cker-Confiseurmeister-Verband\",\"url\":\"https:\/\/swissbaker.ch\/fr\/\",\"logo\":{\"@type\":\"ImageObject\",\"inLanguage\":\"fr-FR\",\"@id\":\"https:\/\/swissbaker.ch\/fr\/#\/schema\/logo\/image\/\",\"url\":\"https:\/\/swissbaker.ch\/wp-content\/uploads\/2022\/04\/sbc-logo-yoast.jpg\",\"contentUrl\":\"https:\/\/swissbaker.ch\/wp-content\/uploads\/2022\/04\/sbc-logo-yoast.jpg\",\"width\":512,\"height\":512,\"caption\":\"Schweizerischer B\u00e4cker-Confiseurmeister-Verband\"},\"image\":{\"@id\":\"https:\/\/swissbaker.ch\/fr\/#\/schema\/logo\/image\/\"},\"sameAs\":[\"https:\/\/www.facebook.com\/swissbaker.ch\",\"https:\/\/x.com\/ch_swissbaker\"]},{\"@type\":\"Person\",\"@id\":\"https:\/\/swissbaker.ch\/fr\/#\/schema\/person\/74bd327b08c18ca6042c02ff6f0ed5e2\",\"name\":\"Simon Nussbaum\",\"image\":{\"@type\":\"ImageObject\",\"inLanguage\":\"fr-FR\",\"@id\":\"https:\/\/swissbaker.ch\/fr\/#\/schema\/person\/image\/\",\"url\":\"https:\/\/secure.gravatar.com\/avatar\/df0eced3bb556c806cb760cf503ade1ed1df25b4104d80d6fd28d93a9509aa12?s=96&d=mm&r=g\",\"contentUrl\":\"https:\/\/secure.gravatar.com\/avatar\/df0eced3bb556c806cb760cf503ade1ed1df25b4104d80d6fd28d93a9509aa12?s=96&d=mm&r=g\",\"caption\":\"Simon Nussbaum\"},\"url\":\"https:\/\/swissbaker.ch\/fr\/panissimo-news\/author\/simon-nussbaum\/\"}]}<\/script>\n<!-- \/ Yoast SEO Premium plugin. -->","yoast_head_json":{"title":"Le comit\u00e9 central en bref | SBC","description":"Le comit\u00e9 central de l'Association suisse des patrons boulangers-confiseurs (BCS) s'est r\u00e9uni pendant deux jours d\u00e9but mars \u00e0 B\u00e2le.","robots":{"index":"index","follow":"follow","max-snippet":"max-snippet:-1","max-image-preview":"max-image-preview:large","max-video-preview":"max-video-preview:-1"},"canonical":"https:\/\/swissbaker.ch\/fr\/panissimo-news\/patrick-lobsiger-ceo-de-pistor-au-comite-central\/","og_locale":"fr_FR","og_type":"article","og_title":"Le comit\u00e9 central en bref","og_description":"Le comit\u00e9 central de l'Association suisse des patrons boulangers-confiseurs (BCS) s'est r\u00e9uni pendant deux jours d\u00e9but mars \u00e0 B\u00e2le.","og_url":"https:\/\/swissbaker.ch\/fr\/panissimo-news\/patrick-lobsiger-ceo-de-pistor-au-comite-central\/","og_site_name":"SBC","article_publisher":"https:\/\/www.facebook.com\/swissbaker.ch","article_published_time":"2023-03-23T06:38:06+00:00","article_modified_time":"2023-03-23T17:03:05+00:00","og_image":[{"width":800,"height":474,"url":"https:\/\/swissbaker.ch\/wp-content\/uploads\/2022\/05\/zentralvorstand_in_kuerze-2.jpeg","type":"image\/jpeg"}],"author":"Simon Nussbaum","twitter_card":"summary_large_image","twitter_creator":"@ch_swissbaker","twitter_site":"@ch_swissbaker","twitter_misc":{"Written by":"Simon Nussbaum","Est. reading time":"14 minutes"},"schema":{"@context":"https:\/\/schema.org","@graph":[{"@type":"Article","@id":"https:\/\/swissbaker.ch\/fr\/panissimo-news\/patrick-lobsiger-ceo-de-pistor-au-comite-central\/#article","isPartOf":{"@id":"https:\/\/swissbaker.ch\/fr\/panissimo-news\/patrick-lobsiger-ceo-de-pistor-au-comite-central\/"},"author":{"name":"Simon Nussbaum","@id":"https:\/\/swissbaker.ch\/fr\/#\/schema\/person\/74bd327b08c18ca6042c02ff6f0ed5e2"},"headline":"Le comit\u00e9 central en bref","datePublished":"2023-03-23T06:38:06+00:00","dateModified":"2023-03-23T17:03:05+00:00","mainEntityOfPage":{"@id":"https:\/\/swissbaker.ch\/fr\/panissimo-news\/patrick-lobsiger-ceo-de-pistor-au-comite-central\/"},"wordCount":2664,"publisher":{"@id":"https:\/\/swissbaker.ch\/fr\/#organization"},"image":{"@id":"https:\/\/swissbaker.ch\/fr\/panissimo-news\/patrick-lobsiger-ceo-de-pistor-au-comite-central\/#primaryimage"},"thumbnailUrl":"https:\/\/swissbaker.ch\/wp-content\/uploads\/2022\/05\/zentralvorstand_in_kuerze-2.jpeg","articleSection":["Association"],"inLanguage":"fr-FR"},{"@type":"WebPage","@id":"https:\/\/swissbaker.ch\/fr\/panissimo-news\/patrick-lobsiger-ceo-de-pistor-au-comite-central\/","url":"https:\/\/swissbaker.ch\/fr\/panissimo-news\/patrick-lobsiger-ceo-de-pistor-au-comite-central\/","name":"Le comit\u00e9 central en bref | SBC","isPartOf":{"@id":"https:\/\/swissbaker.ch\/fr\/#website"},"primaryImageOfPage":{"@id":"https:\/\/swissbaker.ch\/fr\/panissimo-news\/patrick-lobsiger-ceo-de-pistor-au-comite-central\/#primaryimage"},"image":{"@id":"https:\/\/swissbaker.ch\/fr\/panissimo-news\/patrick-lobsiger-ceo-de-pistor-au-comite-central\/#primaryimage"},"thumbnailUrl":"https:\/\/swissbaker.ch\/wp-content\/uploads\/2022\/05\/zentralvorstand_in_kuerze-2.jpeg","datePublished":"2023-03-23T06:38:06+00:00","dateModified":"2023-03-23T17:03:05+00:00","description":"Le comit\u00e9 central de l'Association suisse des patrons boulangers-confiseurs (BCS) s'est r\u00e9uni pendant deux jours d\u00e9but mars \u00e0 B\u00e2le.","breadcrumb":{"@id":"https:\/\/swissbaker.ch\/fr\/panissimo-news\/patrick-lobsiger-ceo-de-pistor-au-comite-central\/#breadcrumb"},"inLanguage":"fr-FR","potentialAction":[{"@type":"ReadAction","target":["https:\/\/swissbaker.ch\/fr\/panissimo-news\/patrick-lobsiger-ceo-de-pistor-au-comite-central\/"]}]},{"@type":"ImageObject","inLanguage":"fr-FR","@id":"https:\/\/swissbaker.ch\/fr\/panissimo-news\/patrick-lobsiger-ceo-de-pistor-au-comite-central\/#primaryimage","url":"https:\/\/swissbaker.ch\/wp-content\/uploads\/2022\/05\/zentralvorstand_in_kuerze-2.jpeg","contentUrl":"https:\/\/swissbaker.ch\/wp-content\/uploads\/2022\/05\/zentralvorstand_in_kuerze-2.jpeg","width":800,"height":474,"caption":"Un ordre du jour charg\u00e9"},{"@type":"BreadcrumbList","@id":"https:\/\/swissbaker.ch\/fr\/panissimo-news\/patrick-lobsiger-ceo-de-pistor-au-comite-central\/#breadcrumb","itemListElement":[{"@type":"ListItem","position":1,"name":"","item":"https:\/\/swissbaker.ch\/fr\/"},{"@type":"ListItem","position":2,"name":"Association","item":"https:\/\/swissbaker.ch\/fr\/panissimo-news\/category\/association\/"},{"@type":"ListItem","position":3,"name":"Le comit\u00e9 central en bref"}]},{"@type":"WebSite","@id":"https:\/\/swissbaker.ch\/fr\/#website","url":"https:\/\/swissbaker.ch\/fr\/","name":"SBC","description":"","publisher":{"@id":"https:\/\/swissbaker.ch\/fr\/#organization"},"potentialAction":[{"@type":"SearchAction","target":{"@type":"EntryPoint","urlTemplate":"https:\/\/swissbaker.ch\/fr\/?s={search_term_string}"},"query-input":{"@type":"PropertyValueSpecification","valueRequired":true,"valueName":"search_term_string"}}],"inLanguage":"fr-FR"},{"@type":"Organization","@id":"https:\/\/swissbaker.ch\/fr\/#organization","name":"Schweizerischer B\u00e4cker-Confiseurmeister-Verband","url":"https:\/\/swissbaker.ch\/fr\/","logo":{"@type":"ImageObject","inLanguage":"fr-FR","@id":"https:\/\/swissbaker.ch\/fr\/#\/schema\/logo\/image\/","url":"https:\/\/swissbaker.ch\/wp-content\/uploads\/2022\/04\/sbc-logo-yoast.jpg","contentUrl":"https:\/\/swissbaker.ch\/wp-content\/uploads\/2022\/04\/sbc-logo-yoast.jpg","width":512,"height":512,"caption":"Schweizerischer B\u00e4cker-Confiseurmeister-Verband"},"image":{"@id":"https:\/\/swissbaker.ch\/fr\/#\/schema\/logo\/image\/"},"sameAs":["https:\/\/www.facebook.com\/swissbaker.ch","https:\/\/x.com\/ch_swissbaker"]},{"@type":"Person","@id":"https:\/\/swissbaker.ch\/fr\/#\/schema\/person\/74bd327b08c18ca6042c02ff6f0ed5e2","name":"Simon Nussbaum","image":{"@type":"ImageObject","inLanguage":"fr-FR","@id":"https:\/\/swissbaker.ch\/fr\/#\/schema\/person\/image\/","url":"https:\/\/secure.gravatar.com\/avatar\/df0eced3bb556c806cb760cf503ade1ed1df25b4104d80d6fd28d93a9509aa12?s=96&d=mm&r=g","contentUrl":"https:\/\/secure.gravatar.com\/avatar\/df0eced3bb556c806cb760cf503ade1ed1df25b4104d80d6fd28d93a9509aa12?s=96&d=mm&r=g","caption":"Simon Nussbaum"},"url":"https:\/\/swissbaker.ch\/fr\/panissimo-news\/author\/simon-nussbaum\/"}]}},"_links":{"self":[{"href":"https:\/\/swissbaker.ch\/fr\/wp-json\/wp\/v2\/posts\/58737","targetHints":{"allow":["GET"]}}],"collection":[{"href":"https:\/\/swissbaker.ch\/fr\/wp-json\/wp\/v2\/posts"}],"about":[{"href":"https:\/\/swissbaker.ch\/fr\/wp-json\/wp\/v2\/types\/post"}],"author":[{"embeddable":true,"href":"https:\/\/swissbaker.ch\/fr\/wp-json\/wp\/v2\/users\/5"}],"replies":[{"embeddable":true,"href":"https:\/\/swissbaker.ch\/fr\/wp-json\/wp\/v2\/comments?post=58737"}],"version-history":[{"count":0,"href":"https:\/\/swissbaker.ch\/fr\/wp-json\/wp\/v2\/posts\/58737\/revisions"}],"wp:featuredmedia":[{"embeddable":true,"href":"https:\/\/swissbaker.ch\/fr\/wp-json\/wp\/v2\/media\/11457"}],"wp:attachment":[{"href":"https:\/\/swissbaker.ch\/fr\/wp-json\/wp\/v2\/media?parent=58737"}],"wp:term":[{"taxonomy":"category","embeddable":true,"href":"https:\/\/swissbaker.ch\/fr\/wp-json\/wp\/v2\/categories?post=58737"},{"taxonomy":"post_tag","embeddable":true,"href":"https:\/\/swissbaker.ch\/fr\/wp-json\/wp\/v2\/tags?post=58737"}],"curies":[{"name":"wp","href":"https:\/\/api.w.org\/{rel}","templated":true}]}}