{"id":58728,"date":"2023-03-23T08:30:26","date_gmt":"2023-03-23T07:30:26","guid":{"rendered":"https:\/\/swissbaker.ch\/?p=58728"},"modified":"2023-03-23T15:52:28","modified_gmt":"2023-03-23T14:52:28","slug":"les-bonnes-idees-sont-les-bienvenues","status":"publish","type":"post","link":"https:\/\/swissbaker.ch\/fr\/panissimo-news\/les-bonnes-idees-sont-les-bienvenues\/","title":{"rendered":"Les bonnes id\u00e9es sont les bienvenues\u2009!"},"content":{"rendered":"\n<p>La p\u00e9nurie de personnel qualifi\u00e9 et la domination publicitaire des grands distributeurs et des discounters est un th\u00e8me r\u00e9current dans tout le pays. Mais faisons-nous, chacun d\u2019entre nous, suffisamment pour lutter contre ce ph\u00e9nom\u00e8ne\u2009?<\/p>\n\n\n\n<p>Nuit des boulangers, Journ\u00e9e du pain, campagne des Rois, calendrier des saveurs ou campagne de rel\u00e8ve\u2009: ce ne sont l\u00e0 que quelques-uns des efforts que la BCS entreprend ou a entrepris pour pr\u00e9senter notre branche et nos exploitations artisanales sous leur meilleur jour aux jeunes et aux moins jeunes\u2009; notamment dans le but de faire conna\u00eetre nos beaux m\u00e9tiers aux jeunes et de promouvoir notre branche, nos produits.<\/p>\n\n\n\n<p>Mais est-ce vraiment ce que souhaitent nos membres\u2009? Les taux de participation aux derni\u00e8res campagnes \u00e9taient ou sont plut\u00f4t d\u00e9cevants. Il n\u2019est donc pas \u00e9tonnant que beaucoup de ces actions disparaissent ou sont en train de dispara\u00eetre\u2026 Pour le calendrier des saveurs, on peut \u00e9ventuellement l\u2019expliquer par la num\u00e9risation croissante, mais pour les autres\u2009?\u2009!\u2009?<\/p>\n\n\n\n<p>Il serait pourtant simple de sauter le pas et d\u2019adapter \u00e0 peu de frais de telles actions \u00e0 sa propre exploitation afin d\u2019enthousiasmer ses propres clients. Des exemples\u2009? Ne pas se contenter de d\u00e9poser le calendrier des saveurs dans la boulangerie au mois de d\u00e9cembre, mais le proposer aux clients avec un sourire et quelques mots en guise de remerciement pour leur fid\u00e9lit\u00e9. Ou encore\u2009: attirer l\u2019attention sur la campagne des Rois avec une couronne originale et un concours attrayant\u2026 Ne serait-ce pas l\u00e0 une publicit\u00e9 simple pour vos exploitations respectives et pour toute notre branche\u2009? Mais pour ce faire, il faudrait une participation nationale \u00e0 grande \u00e9chelle, l\u2019initiative de chaque entrepreneuse et de chaque entrepreneur, afin que les campagnes soient couronn\u00e9es de succ\u00e8s.<\/p>\n\n\n\n<p>Je lance un appel \u00e0 tous nos propri\u00e9taires d\u2019exploitations\u2009: participez\u2009! Aidez-nous\u2009! Ce n\u2019est qu\u2019ensemble que nous pourrons r\u00e9sister \u00e0 la pression d\u2019un march\u00e9 tr\u00e8s concurrentiel et donner \u00e0 nos beaux m\u00e9tiers et produits cr\u00e9atifs la valeur n\u00e9cessaire pour continuer \u00e0 trouver suffisamment de main-d\u2019\u0153uvre qualifi\u00e9e.<\/p>\n\n\n\n<p>Vous avez peut-\u00eatre aussi de bonnes id\u00e9es. Partagez-les avec nous\u2009!<\/p>\n\n\n\n<p class=\"has-text-align-right\"><em>Silvan Hotz,<br>Votre Pr\u00e9sident de la BCS<\/em><\/p>\n\n\n\n<p class=\"has-text-align-right\"><\/p>\n","protected":false},"excerpt":{"rendered":"<p>La p\u00e9nurie de personnel qualifi\u00e9 et la domination publicitaire des grands distributeurs et des discounters est un th\u00e8me r\u00e9current dans tout le pays. Mais faisons-nous, chacun d\u2019entre nous, suffisamment pour lutter contre ce ph\u00e9nom\u00e8ne\u2009?<\/p>\n","protected":false},"author":5,"featured_media":5149,"comment_status":"closed","ping_status":"closed","sticky":true,"template":"","format":"standard","meta":{"_acf_changed":false,"footnotes":""},"categories":[41],"tags":[],"class_list":["post-58728","post","type-post","status-publish","format-standard","has-post-thumbnail","hentry","category-association"],"acf":[],"yoast_head":"<!-- This site is optimized with the Yoast SEO Premium plugin v26.8 (Yoast SEO v26.8) - https:\/\/yoast.com\/product\/yoast-seo-premium-wordpress\/ -->\n<title>Les bonnes id\u00e9es sont les bienvenues\u2009! | SBC<\/title>\n<meta name=\"description\" content=\"La p\u00e9nurie de personnel qualifi\u00e9 et la domination publicitaire des grands distributeurs et des discounters est un th\u00e8me r\u00e9current dans tout le pays. Mais faisons-nous, chacun d\u2019entre nous, suffisamment pour lutter contre ce ph\u00e9nom\u00e8ne\u2009?\" \/>\n<meta name=\"robots\" content=\"index, follow, max-snippet:-1, max-image-preview:large, max-video-preview:-1\" \/>\n<link rel=\"canonical\" href=\"https:\/\/swissbaker.ch\/fr\/panissimo-news\/les-bonnes-idees-sont-les-bienvenues\/\" \/>\n<meta property=\"og:locale\" content=\"fr_FR\" \/>\n<meta property=\"og:type\" content=\"article\" \/>\n<meta property=\"og:title\" content=\"Les bonnes id\u00e9es sont les bienvenues\u2009!\" \/>\n<meta property=\"og:description\" content=\"La p\u00e9nurie de personnel qualifi\u00e9 et la domination publicitaire des grands distributeurs et des discounters est un th\u00e8me r\u00e9current dans tout le pays. Mais faisons-nous, chacun d\u2019entre nous, suffisamment pour lutter contre ce ph\u00e9nom\u00e8ne\u2009?\" \/>\n<meta property=\"og:url\" content=\"https:\/\/swissbaker.ch\/fr\/panissimo-news\/les-bonnes-idees-sont-les-bienvenues\/\" \/>\n<meta property=\"og:site_name\" content=\"SBC\" \/>\n<meta property=\"article:publisher\" content=\"https:\/\/www.facebook.com\/swissbaker.ch\" \/>\n<meta property=\"article:published_time\" content=\"2023-03-23T07:30:26+00:00\" \/>\n<meta property=\"article:modified_time\" content=\"2023-03-23T14:52:28+00:00\" \/>\n<meta property=\"og:image\" content=\"https:\/\/swissbaker.ch\/wp-content\/uploads\/2022\/03\/21_2_silvan_hotz_uibc.jpeg\" \/>\n\t<meta property=\"og:image:width\" content=\"800\" \/>\n\t<meta property=\"og:image:height\" content=\"474\" \/>\n\t<meta property=\"og:image:type\" content=\"image\/jpeg\" \/>\n<meta name=\"author\" content=\"Simon Nussbaum\" \/>\n<meta name=\"twitter:card\" content=\"summary_large_image\" \/>\n<meta name=\"twitter:creator\" content=\"@ch_swissbaker\" \/>\n<meta name=\"twitter:site\" content=\"@ch_swissbaker\" \/>\n<meta name=\"twitter:label1\" content=\"Written by\" \/>\n\t<meta name=\"twitter:data1\" content=\"Simon Nussbaum\" \/>\n\t<meta name=\"twitter:label2\" content=\"Est. reading time\" \/>\n\t<meta name=\"twitter:data2\" content=\"2 minutes\" \/>\n<script type=\"application\/ld+json\" class=\"yoast-schema-graph\">{\"@context\":\"https:\/\/schema.org\",\"@graph\":[{\"@type\":\"Article\",\"@id\":\"https:\/\/swissbaker.ch\/fr\/panissimo-news\/les-bonnes-idees-sont-les-bienvenues\/#article\",\"isPartOf\":{\"@id\":\"https:\/\/swissbaker.ch\/fr\/panissimo-news\/les-bonnes-idees-sont-les-bienvenues\/\"},\"author\":{\"name\":\"Simon Nussbaum\",\"@id\":\"https:\/\/swissbaker.ch\/fr\/#\/schema\/person\/74bd327b08c18ca6042c02ff6f0ed5e2\"},\"headline\":\"Les bonnes id\u00e9es sont les bienvenues\u2009!\",\"datePublished\":\"2023-03-23T07:30:26+00:00\",\"dateModified\":\"2023-03-23T14:52:28+00:00\",\"mainEntityOfPage\":{\"@id\":\"https:\/\/swissbaker.ch\/fr\/panissimo-news\/les-bonnes-idees-sont-les-bienvenues\/\"},\"wordCount\":384,\"publisher\":{\"@id\":\"https:\/\/swissbaker.ch\/fr\/#organization\"},\"image\":{\"@id\":\"https:\/\/swissbaker.ch\/fr\/panissimo-news\/les-bonnes-idees-sont-les-bienvenues\/#primaryimage\"},\"thumbnailUrl\":\"https:\/\/swissbaker.ch\/wp-content\/uploads\/2022\/03\/21_2_silvan_hotz_uibc.jpeg\",\"articleSection\":[\"Association\"],\"inLanguage\":\"fr-FR\"},{\"@type\":\"WebPage\",\"@id\":\"https:\/\/swissbaker.ch\/fr\/panissimo-news\/les-bonnes-idees-sont-les-bienvenues\/\",\"url\":\"https:\/\/swissbaker.ch\/fr\/panissimo-news\/les-bonnes-idees-sont-les-bienvenues\/\",\"name\":\"Les bonnes id\u00e9es sont les bienvenues\u2009! | SBC\",\"isPartOf\":{\"@id\":\"https:\/\/swissbaker.ch\/fr\/#website\"},\"primaryImageOfPage\":{\"@id\":\"https:\/\/swissbaker.ch\/fr\/panissimo-news\/les-bonnes-idees-sont-les-bienvenues\/#primaryimage\"},\"image\":{\"@id\":\"https:\/\/swissbaker.ch\/fr\/panissimo-news\/les-bonnes-idees-sont-les-bienvenues\/#primaryimage\"},\"thumbnailUrl\":\"https:\/\/swissbaker.ch\/wp-content\/uploads\/2022\/03\/21_2_silvan_hotz_uibc.jpeg\",\"datePublished\":\"2023-03-23T07:30:26+00:00\",\"dateModified\":\"2023-03-23T14:52:28+00:00\",\"description\":\"La p\u00e9nurie de personnel qualifi\u00e9 et la domination publicitaire des grands distributeurs et des discounters est un th\u00e8me r\u00e9current dans tout le pays. Mais faisons-nous, chacun d\u2019entre nous, suffisamment pour lutter contre ce ph\u00e9nom\u00e8ne\u2009?\",\"breadcrumb\":{\"@id\":\"https:\/\/swissbaker.ch\/fr\/panissimo-news\/les-bonnes-idees-sont-les-bienvenues\/#breadcrumb\"},\"inLanguage\":\"fr-FR\",\"potentialAction\":[{\"@type\":\"ReadAction\",\"target\":[\"https:\/\/swissbaker.ch\/fr\/panissimo-news\/les-bonnes-idees-sont-les-bienvenues\/\"]}]},{\"@type\":\"ImageObject\",\"inLanguage\":\"fr-FR\",\"@id\":\"https:\/\/swissbaker.ch\/fr\/panissimo-news\/les-bonnes-idees-sont-les-bienvenues\/#primaryimage\",\"url\":\"https:\/\/swissbaker.ch\/wp-content\/uploads\/2022\/03\/21_2_silvan_hotz_uibc.jpeg\",\"contentUrl\":\"https:\/\/swissbaker.ch\/wp-content\/uploads\/2022\/03\/21_2_silvan_hotz_uibc.jpeg\",\"width\":800,\"height\":474,\"caption\":\"Le pr\u00e9sident de la BCS, Silvan Hotz, au comit\u00e9 directeur de l\u2019association internationale\"},{\"@type\":\"BreadcrumbList\",\"@id\":\"https:\/\/swissbaker.ch\/fr\/panissimo-news\/les-bonnes-idees-sont-les-bienvenues\/#breadcrumb\",\"itemListElement\":[{\"@type\":\"ListItem\",\"position\":1,\"name\":\"\",\"item\":\"https:\/\/swissbaker.ch\/fr\/\"},{\"@type\":\"ListItem\",\"position\":2,\"name\":\"Association\",\"item\":\"https:\/\/swissbaker.ch\/fr\/panissimo-news\/category\/association\/\"},{\"@type\":\"ListItem\",\"position\":3,\"name\":\"Les bonnes id\u00e9es sont les bienvenues\u2009!\"}]},{\"@type\":\"WebSite\",\"@id\":\"https:\/\/swissbaker.ch\/fr\/#website\",\"url\":\"https:\/\/swissbaker.ch\/fr\/\",\"name\":\"SBC\",\"description\":\"\",\"publisher\":{\"@id\":\"https:\/\/swissbaker.ch\/fr\/#organization\"},\"potentialAction\":[{\"@type\":\"SearchAction\",\"target\":{\"@type\":\"EntryPoint\",\"urlTemplate\":\"https:\/\/swissbaker.ch\/fr\/?s={search_term_string}\"},\"query-input\":{\"@type\":\"PropertyValueSpecification\",\"valueRequired\":true,\"valueName\":\"search_term_string\"}}],\"inLanguage\":\"fr-FR\"},{\"@type\":\"Organization\",\"@id\":\"https:\/\/swissbaker.ch\/fr\/#organization\",\"name\":\"Schweizerischer B\u00e4cker-Confiseurmeister-Verband\",\"url\":\"https:\/\/swissbaker.ch\/fr\/\",\"logo\":{\"@type\":\"ImageObject\",\"inLanguage\":\"fr-FR\",\"@id\":\"https:\/\/swissbaker.ch\/fr\/#\/schema\/logo\/image\/\",\"url\":\"https:\/\/swissbaker.ch\/wp-content\/uploads\/2022\/04\/sbc-logo-yoast.jpg\",\"contentUrl\":\"https:\/\/swissbaker.ch\/wp-content\/uploads\/2022\/04\/sbc-logo-yoast.jpg\",\"width\":512,\"height\":512,\"caption\":\"Schweizerischer B\u00e4cker-Confiseurmeister-Verband\"},\"image\":{\"@id\":\"https:\/\/swissbaker.ch\/fr\/#\/schema\/logo\/image\/\"},\"sameAs\":[\"https:\/\/www.facebook.com\/swissbaker.ch\",\"https:\/\/x.com\/ch_swissbaker\"]},{\"@type\":\"Person\",\"@id\":\"https:\/\/swissbaker.ch\/fr\/#\/schema\/person\/74bd327b08c18ca6042c02ff6f0ed5e2\",\"name\":\"Simon Nussbaum\",\"image\":{\"@type\":\"ImageObject\",\"inLanguage\":\"fr-FR\",\"@id\":\"https:\/\/swissbaker.ch\/fr\/#\/schema\/person\/image\/\",\"url\":\"https:\/\/secure.gravatar.com\/avatar\/df0eced3bb556c806cb760cf503ade1ed1df25b4104d80d6fd28d93a9509aa12?s=96&d=mm&r=g\",\"contentUrl\":\"https:\/\/secure.gravatar.com\/avatar\/df0eced3bb556c806cb760cf503ade1ed1df25b4104d80d6fd28d93a9509aa12?s=96&d=mm&r=g\",\"caption\":\"Simon Nussbaum\"},\"url\":\"https:\/\/swissbaker.ch\/fr\/panissimo-news\/author\/simon-nussbaum\/\"}]}<\/script>\n<!-- \/ Yoast SEO Premium plugin. -->","yoast_head_json":{"title":"Les bonnes id\u00e9es sont les bienvenues\u2009! | SBC","description":"La p\u00e9nurie de personnel qualifi\u00e9 et la domination publicitaire des grands distributeurs et des discounters est un th\u00e8me r\u00e9current dans tout le pays. Mais faisons-nous, chacun d\u2019entre nous, suffisamment pour lutter contre ce ph\u00e9nom\u00e8ne\u2009?","robots":{"index":"index","follow":"follow","max-snippet":"max-snippet:-1","max-image-preview":"max-image-preview:large","max-video-preview":"max-video-preview:-1"},"canonical":"https:\/\/swissbaker.ch\/fr\/panissimo-news\/les-bonnes-idees-sont-les-bienvenues\/","og_locale":"fr_FR","og_type":"article","og_title":"Les bonnes id\u00e9es sont les bienvenues\u2009!","og_description":"La p\u00e9nurie de personnel qualifi\u00e9 et la domination publicitaire des grands distributeurs et des discounters est un th\u00e8me r\u00e9current dans tout le pays. Mais faisons-nous, chacun d\u2019entre nous, suffisamment pour lutter contre ce ph\u00e9nom\u00e8ne\u2009?","og_url":"https:\/\/swissbaker.ch\/fr\/panissimo-news\/les-bonnes-idees-sont-les-bienvenues\/","og_site_name":"SBC","article_publisher":"https:\/\/www.facebook.com\/swissbaker.ch","article_published_time":"2023-03-23T07:30:26+00:00","article_modified_time":"2023-03-23T14:52:28+00:00","og_image":[{"width":800,"height":474,"url":"https:\/\/swissbaker.ch\/wp-content\/uploads\/2022\/03\/21_2_silvan_hotz_uibc.jpeg","type":"image\/jpeg"}],"author":"Simon Nussbaum","twitter_card":"summary_large_image","twitter_creator":"@ch_swissbaker","twitter_site":"@ch_swissbaker","twitter_misc":{"Written by":"Simon Nussbaum","Est. reading time":"2 minutes"},"schema":{"@context":"https:\/\/schema.org","@graph":[{"@type":"Article","@id":"https:\/\/swissbaker.ch\/fr\/panissimo-news\/les-bonnes-idees-sont-les-bienvenues\/#article","isPartOf":{"@id":"https:\/\/swissbaker.ch\/fr\/panissimo-news\/les-bonnes-idees-sont-les-bienvenues\/"},"author":{"name":"Simon Nussbaum","@id":"https:\/\/swissbaker.ch\/fr\/#\/schema\/person\/74bd327b08c18ca6042c02ff6f0ed5e2"},"headline":"Les bonnes id\u00e9es sont les bienvenues\u2009!","datePublished":"2023-03-23T07:30:26+00:00","dateModified":"2023-03-23T14:52:28+00:00","mainEntityOfPage":{"@id":"https:\/\/swissbaker.ch\/fr\/panissimo-news\/les-bonnes-idees-sont-les-bienvenues\/"},"wordCount":384,"publisher":{"@id":"https:\/\/swissbaker.ch\/fr\/#organization"},"image":{"@id":"https:\/\/swissbaker.ch\/fr\/panissimo-news\/les-bonnes-idees-sont-les-bienvenues\/#primaryimage"},"thumbnailUrl":"https:\/\/swissbaker.ch\/wp-content\/uploads\/2022\/03\/21_2_silvan_hotz_uibc.jpeg","articleSection":["Association"],"inLanguage":"fr-FR"},{"@type":"WebPage","@id":"https:\/\/swissbaker.ch\/fr\/panissimo-news\/les-bonnes-idees-sont-les-bienvenues\/","url":"https:\/\/swissbaker.ch\/fr\/panissimo-news\/les-bonnes-idees-sont-les-bienvenues\/","name":"Les bonnes id\u00e9es sont les bienvenues\u2009! | SBC","isPartOf":{"@id":"https:\/\/swissbaker.ch\/fr\/#website"},"primaryImageOfPage":{"@id":"https:\/\/swissbaker.ch\/fr\/panissimo-news\/les-bonnes-idees-sont-les-bienvenues\/#primaryimage"},"image":{"@id":"https:\/\/swissbaker.ch\/fr\/panissimo-news\/les-bonnes-idees-sont-les-bienvenues\/#primaryimage"},"thumbnailUrl":"https:\/\/swissbaker.ch\/wp-content\/uploads\/2022\/03\/21_2_silvan_hotz_uibc.jpeg","datePublished":"2023-03-23T07:30:26+00:00","dateModified":"2023-03-23T14:52:28+00:00","description":"La p\u00e9nurie de personnel qualifi\u00e9 et la domination publicitaire des grands distributeurs et des discounters est un th\u00e8me r\u00e9current dans tout le pays. Mais faisons-nous, chacun d\u2019entre nous, suffisamment pour lutter contre ce ph\u00e9nom\u00e8ne\u2009?","breadcrumb":{"@id":"https:\/\/swissbaker.ch\/fr\/panissimo-news\/les-bonnes-idees-sont-les-bienvenues\/#breadcrumb"},"inLanguage":"fr-FR","potentialAction":[{"@type":"ReadAction","target":["https:\/\/swissbaker.ch\/fr\/panissimo-news\/les-bonnes-idees-sont-les-bienvenues\/"]}]},{"@type":"ImageObject","inLanguage":"fr-FR","@id":"https:\/\/swissbaker.ch\/fr\/panissimo-news\/les-bonnes-idees-sont-les-bienvenues\/#primaryimage","url":"https:\/\/swissbaker.ch\/wp-content\/uploads\/2022\/03\/21_2_silvan_hotz_uibc.jpeg","contentUrl":"https:\/\/swissbaker.ch\/wp-content\/uploads\/2022\/03\/21_2_silvan_hotz_uibc.jpeg","width":800,"height":474,"caption":"Le pr\u00e9sident de la BCS, Silvan Hotz, au comit\u00e9 directeur de l\u2019association internationale"},{"@type":"BreadcrumbList","@id":"https:\/\/swissbaker.ch\/fr\/panissimo-news\/les-bonnes-idees-sont-les-bienvenues\/#breadcrumb","itemListElement":[{"@type":"ListItem","position":1,"name":"","item":"https:\/\/swissbaker.ch\/fr\/"},{"@type":"ListItem","position":2,"name":"Association","item":"https:\/\/swissbaker.ch\/fr\/panissimo-news\/category\/association\/"},{"@type":"ListItem","position":3,"name":"Les bonnes id\u00e9es sont les bienvenues\u2009!"}]},{"@type":"WebSite","@id":"https:\/\/swissbaker.ch\/fr\/#website","url":"https:\/\/swissbaker.ch\/fr\/","name":"SBC","description":"","publisher":{"@id":"https:\/\/swissbaker.ch\/fr\/#organization"},"potentialAction":[{"@type":"SearchAction","target":{"@type":"EntryPoint","urlTemplate":"https:\/\/swissbaker.ch\/fr\/?s={search_term_string}"},"query-input":{"@type":"PropertyValueSpecification","valueRequired":true,"valueName":"search_term_string"}}],"inLanguage":"fr-FR"},{"@type":"Organization","@id":"https:\/\/swissbaker.ch\/fr\/#organization","name":"Schweizerischer B\u00e4cker-Confiseurmeister-Verband","url":"https:\/\/swissbaker.ch\/fr\/","logo":{"@type":"ImageObject","inLanguage":"fr-FR","@id":"https:\/\/swissbaker.ch\/fr\/#\/schema\/logo\/image\/","url":"https:\/\/swissbaker.ch\/wp-content\/uploads\/2022\/04\/sbc-logo-yoast.jpg","contentUrl":"https:\/\/swissbaker.ch\/wp-content\/uploads\/2022\/04\/sbc-logo-yoast.jpg","width":512,"height":512,"caption":"Schweizerischer B\u00e4cker-Confiseurmeister-Verband"},"image":{"@id":"https:\/\/swissbaker.ch\/fr\/#\/schema\/logo\/image\/"},"sameAs":["https:\/\/www.facebook.com\/swissbaker.ch","https:\/\/x.com\/ch_swissbaker"]},{"@type":"Person","@id":"https:\/\/swissbaker.ch\/fr\/#\/schema\/person\/74bd327b08c18ca6042c02ff6f0ed5e2","name":"Simon Nussbaum","image":{"@type":"ImageObject","inLanguage":"fr-FR","@id":"https:\/\/swissbaker.ch\/fr\/#\/schema\/person\/image\/","url":"https:\/\/secure.gravatar.com\/avatar\/df0eced3bb556c806cb760cf503ade1ed1df25b4104d80d6fd28d93a9509aa12?s=96&d=mm&r=g","contentUrl":"https:\/\/secure.gravatar.com\/avatar\/df0eced3bb556c806cb760cf503ade1ed1df25b4104d80d6fd28d93a9509aa12?s=96&d=mm&r=g","caption":"Simon Nussbaum"},"url":"https:\/\/swissbaker.ch\/fr\/panissimo-news\/author\/simon-nussbaum\/"}]}},"_links":{"self":[{"href":"https:\/\/swissbaker.ch\/fr\/wp-json\/wp\/v2\/posts\/58728","targetHints":{"allow":["GET"]}}],"collection":[{"href":"https:\/\/swissbaker.ch\/fr\/wp-json\/wp\/v2\/posts"}],"about":[{"href":"https:\/\/swissbaker.ch\/fr\/wp-json\/wp\/v2\/types\/post"}],"author":[{"embeddable":true,"href":"https:\/\/swissbaker.ch\/fr\/wp-json\/wp\/v2\/users\/5"}],"replies":[{"embeddable":true,"href":"https:\/\/swissbaker.ch\/fr\/wp-json\/wp\/v2\/comments?post=58728"}],"version-history":[{"count":0,"href":"https:\/\/swissbaker.ch\/fr\/wp-json\/wp\/v2\/posts\/58728\/revisions"}],"wp:featuredmedia":[{"embeddable":true,"href":"https:\/\/swissbaker.ch\/fr\/wp-json\/wp\/v2\/media\/5149"}],"wp:attachment":[{"href":"https:\/\/swissbaker.ch\/fr\/wp-json\/wp\/v2\/media?parent=58728"}],"wp:term":[{"taxonomy":"category","embeddable":true,"href":"https:\/\/swissbaker.ch\/fr\/wp-json\/wp\/v2\/categories?post=58728"},{"taxonomy":"post_tag","embeddable":true,"href":"https:\/\/swissbaker.ch\/fr\/wp-json\/wp\/v2\/tags?post=58728"}],"curies":[{"name":"wp","href":"https:\/\/api.w.org\/{rel}","templated":true}]}}