{"id":57970,"date":"2023-03-10T08:00:39","date_gmt":"2023-03-10T07:00:39","guid":{"rendered":"https:\/\/swissbaker.ch\/?p=57970"},"modified":"2023-03-10T08:04:49","modified_gmt":"2023-03-10T07:04:49","slug":"la-vie-serait-moins-belle-sains-eux","status":"publish","type":"post","link":"https:\/\/swissbaker.ch\/fr\/panissimo-news\/la-vie-serait-moins-belle-sains-eux\/","title":{"rendered":"La vie serait moins belle sains eux &#8230;"},"content":{"rendered":"\n<p>Les petites et moyennes entreprises (PME) constituent l\u2019essentiel du tissu \u00e9conomique suisse. Selon l\u2019Office f\u00e9d\u00e9ral de la statistique, 99,8&nbsp;% de toutes les entreprises sont des PME comptant moins de 250 personnes, 88&nbsp;% d\u2019entre elles occupant m\u00eame moins de 10 personnes. Ces entreprises offrent environ 70&nbsp;% de tous les emplois en Suisse. Globalement, les PME contribuent pour 60&nbsp;% \u00e0 la cr\u00e9ation de richesse en Suisse.<\/p>\n\n\n\n<p>La valeur des PME est particuli\u00e8rement manifeste dans la formation professionnelle. Plus de&nbsp;70&nbsp;% des apprentis sont form\u00e9s dans des PME. L\u2019objectif principal de la formation professionnelle est d\u2019assurer l\u2019employabilit\u00e9. Il faut renforcer le syst\u00e8me dual de la formation professionnelle \u00e0 tous les niveaux et en particulier promouvoir la formation professionnelle sup\u00e9rieure comme voie de carri\u00e8re. Il faut \u00e9galement renforcer les associations professionnelles, organisations du monde du travail (OrTra) responsables de la formation et des examens, dont l\u2019Association suisse des patrons boulangers-confiseurs (BCS), dans le partenariat entre les diff\u00e9rents acteurs de la formation professionnelle, et assumer avec elles le leadership sur les th\u00e8mes de la formation professionnelle.<\/p>\n\n\n\n<p>Deux tiers des jeunes&nbsp;\u2013 soit environ 60000 par an&nbsp;\u2013 effectuent une formation professionnelle initiale apr\u00e8s l\u2018\u00e9cole obligatoire. Nous devons leur pr\u00e9senter les perspectives de la formation professionnelle sup\u00e9rieure comme une possibilit\u00e9 de carri\u00e8re \u00e9quivalente \u00e0 celle des hautes \u00e9coles sp\u00e9cialis\u00e9es et des universit\u00e9s. Au cours de la l\u00e9gislature qui s&#8217;ach\u00e8ve au National, je me suis engag\u00e9e \u00e0 maints \u00e9gards pour le renforcement du syst\u00e8me dual de la formation professionnelle \u2013 dans le cadre d\u2019interviews et de d\u00e9bats politiques. J&#8217;aime aussi toujours me rendre aux Swiss Skills, o\u00f9 la nouvelle g\u00e9n\u00e9ration montre ce qu&#8217;elle sait faire. Les \u0153uvres d&#8217;art pr\u00e9sent\u00e9es par les boulangers-confiseurs sont incroyablement impressionnantes. On ne peut que f\u00e9liciter chaleureusement les championnes suisses L\u00e9ane Plumey, Vera Stocker et Nadia Koller pour leur belle performance \u2013 symbole du pouvoir f\u00e9minin.<\/p>\n\n\n\n<p>Je trouve aussi toujours tr\u00e8s inspirant de voir comment ces m\u00e9tiers apportent de la joie et de la couleur dans la vie quotidienne, \u00e0 la Saint-Valentin avec des produits en forme de c\u0153ur, ou \u00e0 carnaval avec des masques aussi sauvages et color\u00e9s que les originaux \u2013 comme autant d\u2019\u0153uvres d\u2019art presque trop belles pour \u00eatre mang\u00e9es, mais presque seulement. Les classiques tels que les fougasses du mardi gras et les croissants viennois ne sont pas en reste: d\u00e9licieux, ils font aussi partie de notre culture.<\/p>\n\n\n\n<p>J&#8217;aime aussi beaucoup la joie, l&#8217;innovation et la r\u00e9activit\u00e9 des boulangers et des confiseurs \u2013 qui aiment choyer les gens et savent faire de chaque jour une f\u00eate. Le bon pain frais, la tresse du dimanche, l\u2019excellent g\u00e2teau d\u2019anniversaire, la vie serait moins belle sans eux. Vous avez tout mon soutien.<\/p>\n\n\n\n<p class=\"has-text-align-right\">Daniela Schneeberger<\/p>\n\n\n\n<hr class=\"wp-block-separator has-alpha-channel-opacity\"\/>\n\n\n\n<p>Daniela Schneeberger est conseill\u00e8re nationale PLR de B\u00e2le-Campagne et agent fiduciaire. Elle est \u00e9galement pr\u00e9sidente de Fiduciaire Suisse et vice-pr\u00e9sidente de l\u2019usam et du groupe parlementaire PLR \u00e0 l\u2019Assembl\u00e9e f\u00e9d\u00e9rale.<\/p>\n\n\n\n<hr class=\"wp-block-separator has-alpha-channel-opacity\"\/>\n\n\n\n<p><em>Les swissbaker-blogs refl\u00e8tent l\u2019opinion de leur auteur. \u00ab Panissimo \u00bb d\u00e9cline toute responsabilit\u00e9 quant \u00e0 l\u2019exactitude et l\u2019exhaustivit\u00e9 de leur contenu.<\/em><\/p>\n","protected":false},"excerpt":{"rendered":"<p>Les petites et moyennes entreprises (PME) constituent l\u2019essentiel du tissu \u00e9conomique suisse. Selon l\u2019Office f\u00e9d\u00e9ral de la statistique, 99,8\u00a0% de toutes les entreprises sont des PME comptant moins de 250 personnes, 88\u00a0% d\u2019entre elles occupant m\u00eame moins de 10 personnes.<\/p>\n","protected":false},"author":4,"featured_media":57710,"comment_status":"closed","ping_status":"closed","sticky":true,"template":"","format":"standard","meta":{"_acf_changed":false,"footnotes":""},"categories":[58],"tags":[],"class_list":["post-57970","post","type-post","status-publish","format-standard","has-post-thumbnail","hentry","category-swissbaker-blog-fr"],"acf":[],"yoast_head":"<!-- This site is optimized with the Yoast SEO Premium plugin v26.8 (Yoast SEO v26.8) - https:\/\/yoast.com\/product\/yoast-seo-premium-wordpress\/ -->\n<title>La vie serait moins belle sains eux ... | SBC<\/title>\n<meta name=\"description\" content=\"Le bon pain frais, la tresse du dimanche, l\u2019excellent g\u00e2teau d\u2019anniversaire, la vie serait moins belle sans eux.\" \/>\n<meta name=\"robots\" content=\"index, follow, max-snippet:-1, max-image-preview:large, max-video-preview:-1\" \/>\n<link rel=\"canonical\" href=\"https:\/\/swissbaker.ch\/fr\/panissimo-news\/la-vie-serait-moins-belle-sains-eux\/\" \/>\n<meta property=\"og:locale\" content=\"fr_FR\" \/>\n<meta property=\"og:type\" content=\"article\" \/>\n<meta property=\"og:title\" content=\"La vie serait moins belle sains eux ...\" \/>\n<meta property=\"og:description\" content=\"Le bon pain frais, la tresse du dimanche, l\u2019excellent g\u00e2teau d\u2019anniversaire, la vie serait moins belle sans eux.\" \/>\n<meta property=\"og:url\" content=\"https:\/\/swissbaker.ch\/fr\/panissimo-news\/la-vie-serait-moins-belle-sains-eux\/\" \/>\n<meta property=\"og:site_name\" content=\"SBC\" \/>\n<meta property=\"article:publisher\" content=\"https:\/\/www.facebook.com\/swissbaker.ch\" \/>\n<meta property=\"article:published_time\" content=\"2023-03-10T07:00:39+00:00\" \/>\n<meta property=\"article:modified_time\" content=\"2023-03-10T07:04:49+00:00\" \/>\n<meta property=\"og:image\" content=\"https:\/\/swissbaker.ch\/wp-content\/uploads\/2023\/03\/daniela-schneeberger-scaled.jpg\" \/>\n\t<meta property=\"og:image:width\" content=\"2048\" \/>\n\t<meta property=\"og:image:height\" content=\"1365\" \/>\n\t<meta property=\"og:image:type\" content=\"image\/jpeg\" \/>\n<meta name=\"author\" content=\"Elina Laich\" \/>\n<meta name=\"twitter:card\" content=\"summary_large_image\" \/>\n<meta name=\"twitter:creator\" content=\"@ch_swissbaker\" \/>\n<meta name=\"twitter:site\" content=\"@ch_swissbaker\" \/>\n<meta name=\"twitter:label1\" content=\"Written by\" \/>\n\t<meta name=\"twitter:data1\" content=\"Elina Laich\" \/>\n\t<meta name=\"twitter:label2\" content=\"Est. reading time\" \/>\n\t<meta name=\"twitter:data2\" content=\"3 minutes\" \/>\n<script type=\"application\/ld+json\" class=\"yoast-schema-graph\">{\"@context\":\"https:\/\/schema.org\",\"@graph\":[{\"@type\":\"Article\",\"@id\":\"https:\/\/swissbaker.ch\/fr\/panissimo-news\/la-vie-serait-moins-belle-sains-eux\/#article\",\"isPartOf\":{\"@id\":\"https:\/\/swissbaker.ch\/fr\/panissimo-news\/la-vie-serait-moins-belle-sains-eux\/\"},\"author\":{\"name\":\"Elina Laich\",\"@id\":\"https:\/\/swissbaker.ch\/fr\/#\/schema\/person\/0c7464407782a0917d6e91a74206a176\"},\"headline\":\"La vie serait moins belle sains eux &#8230;\",\"datePublished\":\"2023-03-10T07:00:39+00:00\",\"dateModified\":\"2023-03-10T07:04:49+00:00\",\"mainEntityOfPage\":{\"@id\":\"https:\/\/swissbaker.ch\/fr\/panissimo-news\/la-vie-serait-moins-belle-sains-eux\/\"},\"wordCount\":556,\"publisher\":{\"@id\":\"https:\/\/swissbaker.ch\/fr\/#organization\"},\"image\":{\"@id\":\"https:\/\/swissbaker.ch\/fr\/panissimo-news\/la-vie-serait-moins-belle-sains-eux\/#primaryimage\"},\"thumbnailUrl\":\"https:\/\/swissbaker.ch\/wp-content\/uploads\/2023\/03\/daniela-schneeberger-scaled.jpg\",\"articleSection\":[\"swissbaker-blog\"],\"inLanguage\":\"fr-FR\"},{\"@type\":\"WebPage\",\"@id\":\"https:\/\/swissbaker.ch\/fr\/panissimo-news\/la-vie-serait-moins-belle-sains-eux\/\",\"url\":\"https:\/\/swissbaker.ch\/fr\/panissimo-news\/la-vie-serait-moins-belle-sains-eux\/\",\"name\":\"La vie serait moins belle sains eux ... | SBC\",\"isPartOf\":{\"@id\":\"https:\/\/swissbaker.ch\/fr\/#website\"},\"primaryImageOfPage\":{\"@id\":\"https:\/\/swissbaker.ch\/fr\/panissimo-news\/la-vie-serait-moins-belle-sains-eux\/#primaryimage\"},\"image\":{\"@id\":\"https:\/\/swissbaker.ch\/fr\/panissimo-news\/la-vie-serait-moins-belle-sains-eux\/#primaryimage\"},\"thumbnailUrl\":\"https:\/\/swissbaker.ch\/wp-content\/uploads\/2023\/03\/daniela-schneeberger-scaled.jpg\",\"datePublished\":\"2023-03-10T07:00:39+00:00\",\"dateModified\":\"2023-03-10T07:04:49+00:00\",\"description\":\"Le bon pain frais, la tresse du dimanche, l\u2019excellent g\u00e2teau d\u2019anniversaire, la vie serait moins belle sans eux.\",\"breadcrumb\":{\"@id\":\"https:\/\/swissbaker.ch\/fr\/panissimo-news\/la-vie-serait-moins-belle-sains-eux\/#breadcrumb\"},\"inLanguage\":\"fr-FR\",\"potentialAction\":[{\"@type\":\"ReadAction\",\"target\":[\"https:\/\/swissbaker.ch\/fr\/panissimo-news\/la-vie-serait-moins-belle-sains-eux\/\"]}]},{\"@type\":\"ImageObject\",\"inLanguage\":\"fr-FR\",\"@id\":\"https:\/\/swissbaker.ch\/fr\/panissimo-news\/la-vie-serait-moins-belle-sains-eux\/#primaryimage\",\"url\":\"https:\/\/swissbaker.ch\/wp-content\/uploads\/2023\/03\/daniela-schneeberger-scaled.jpg\",\"contentUrl\":\"https:\/\/swissbaker.ch\/wp-content\/uploads\/2023\/03\/daniela-schneeberger-scaled.jpg\",\"width\":2048,\"height\":1365,\"caption\":\"Interview mit Nationalr\u00e4tin Daniela Schneeberger.\"},{\"@type\":\"BreadcrumbList\",\"@id\":\"https:\/\/swissbaker.ch\/fr\/panissimo-news\/la-vie-serait-moins-belle-sains-eux\/#breadcrumb\",\"itemListElement\":[{\"@type\":\"ListItem\",\"position\":1,\"name\":\"\",\"item\":\"https:\/\/swissbaker.ch\/fr\/\"},{\"@type\":\"ListItem\",\"position\":2,\"name\":\"swissbaker-blog\",\"item\":\"https:\/\/swissbaker.ch\/fr\/panissimo-news\/category\/swissbaker-blog-fr\/\"},{\"@type\":\"ListItem\",\"position\":3,\"name\":\"La vie serait moins belle sains eux &#8230;\"}]},{\"@type\":\"WebSite\",\"@id\":\"https:\/\/swissbaker.ch\/fr\/#website\",\"url\":\"https:\/\/swissbaker.ch\/fr\/\",\"name\":\"SBC\",\"description\":\"\",\"publisher\":{\"@id\":\"https:\/\/swissbaker.ch\/fr\/#organization\"},\"potentialAction\":[{\"@type\":\"SearchAction\",\"target\":{\"@type\":\"EntryPoint\",\"urlTemplate\":\"https:\/\/swissbaker.ch\/fr\/?s={search_term_string}\"},\"query-input\":{\"@type\":\"PropertyValueSpecification\",\"valueRequired\":true,\"valueName\":\"search_term_string\"}}],\"inLanguage\":\"fr-FR\"},{\"@type\":\"Organization\",\"@id\":\"https:\/\/swissbaker.ch\/fr\/#organization\",\"name\":\"Schweizerischer B\u00e4cker-Confiseurmeister-Verband\",\"url\":\"https:\/\/swissbaker.ch\/fr\/\",\"logo\":{\"@type\":\"ImageObject\",\"inLanguage\":\"fr-FR\",\"@id\":\"https:\/\/swissbaker.ch\/fr\/#\/schema\/logo\/image\/\",\"url\":\"https:\/\/swissbaker.ch\/wp-content\/uploads\/2022\/04\/sbc-logo-yoast.jpg\",\"contentUrl\":\"https:\/\/swissbaker.ch\/wp-content\/uploads\/2022\/04\/sbc-logo-yoast.jpg\",\"width\":512,\"height\":512,\"caption\":\"Schweizerischer B\u00e4cker-Confiseurmeister-Verband\"},\"image\":{\"@id\":\"https:\/\/swissbaker.ch\/fr\/#\/schema\/logo\/image\/\"},\"sameAs\":[\"https:\/\/www.facebook.com\/swissbaker.ch\",\"https:\/\/x.com\/ch_swissbaker\"]},{\"@type\":\"Person\",\"@id\":\"https:\/\/swissbaker.ch\/fr\/#\/schema\/person\/0c7464407782a0917d6e91a74206a176\",\"name\":\"Elina Laich\",\"image\":{\"@type\":\"ImageObject\",\"inLanguage\":\"fr-FR\",\"@id\":\"https:\/\/swissbaker.ch\/fr\/#\/schema\/person\/image\/\",\"url\":\"https:\/\/secure.gravatar.com\/avatar\/f942ca5f8668781d3ded9592a21de46001e053aff264ff1c6deb97b59d3604b2?s=96&d=mm&r=g\",\"contentUrl\":\"https:\/\/secure.gravatar.com\/avatar\/f942ca5f8668781d3ded9592a21de46001e053aff264ff1c6deb97b59d3604b2?s=96&d=mm&r=g\",\"caption\":\"Elina Laich\"},\"url\":\"https:\/\/swissbaker.ch\/fr\/panissimo-news\/author\/elina-laich\/\"}]}<\/script>\n<!-- \/ Yoast SEO Premium plugin. -->","yoast_head_json":{"title":"La vie serait moins belle sains eux ... | SBC","description":"Le bon pain frais, la tresse du dimanche, l\u2019excellent g\u00e2teau d\u2019anniversaire, la vie serait moins belle sans eux.","robots":{"index":"index","follow":"follow","max-snippet":"max-snippet:-1","max-image-preview":"max-image-preview:large","max-video-preview":"max-video-preview:-1"},"canonical":"https:\/\/swissbaker.ch\/fr\/panissimo-news\/la-vie-serait-moins-belle-sains-eux\/","og_locale":"fr_FR","og_type":"article","og_title":"La vie serait moins belle sains eux ...","og_description":"Le bon pain frais, la tresse du dimanche, l\u2019excellent g\u00e2teau d\u2019anniversaire, la vie serait moins belle sans eux.","og_url":"https:\/\/swissbaker.ch\/fr\/panissimo-news\/la-vie-serait-moins-belle-sains-eux\/","og_site_name":"SBC","article_publisher":"https:\/\/www.facebook.com\/swissbaker.ch","article_published_time":"2023-03-10T07:00:39+00:00","article_modified_time":"2023-03-10T07:04:49+00:00","og_image":[{"width":2048,"height":1365,"url":"https:\/\/swissbaker.ch\/wp-content\/uploads\/2023\/03\/daniela-schneeberger-scaled.jpg","type":"image\/jpeg"}],"author":"Elina Laich","twitter_card":"summary_large_image","twitter_creator":"@ch_swissbaker","twitter_site":"@ch_swissbaker","twitter_misc":{"Written by":"Elina Laich","Est. reading time":"3 minutes"},"schema":{"@context":"https:\/\/schema.org","@graph":[{"@type":"Article","@id":"https:\/\/swissbaker.ch\/fr\/panissimo-news\/la-vie-serait-moins-belle-sains-eux\/#article","isPartOf":{"@id":"https:\/\/swissbaker.ch\/fr\/panissimo-news\/la-vie-serait-moins-belle-sains-eux\/"},"author":{"name":"Elina Laich","@id":"https:\/\/swissbaker.ch\/fr\/#\/schema\/person\/0c7464407782a0917d6e91a74206a176"},"headline":"La vie serait moins belle sains eux &#8230;","datePublished":"2023-03-10T07:00:39+00:00","dateModified":"2023-03-10T07:04:49+00:00","mainEntityOfPage":{"@id":"https:\/\/swissbaker.ch\/fr\/panissimo-news\/la-vie-serait-moins-belle-sains-eux\/"},"wordCount":556,"publisher":{"@id":"https:\/\/swissbaker.ch\/fr\/#organization"},"image":{"@id":"https:\/\/swissbaker.ch\/fr\/panissimo-news\/la-vie-serait-moins-belle-sains-eux\/#primaryimage"},"thumbnailUrl":"https:\/\/swissbaker.ch\/wp-content\/uploads\/2023\/03\/daniela-schneeberger-scaled.jpg","articleSection":["swissbaker-blog"],"inLanguage":"fr-FR"},{"@type":"WebPage","@id":"https:\/\/swissbaker.ch\/fr\/panissimo-news\/la-vie-serait-moins-belle-sains-eux\/","url":"https:\/\/swissbaker.ch\/fr\/panissimo-news\/la-vie-serait-moins-belle-sains-eux\/","name":"La vie serait moins belle sains eux ... | SBC","isPartOf":{"@id":"https:\/\/swissbaker.ch\/fr\/#website"},"primaryImageOfPage":{"@id":"https:\/\/swissbaker.ch\/fr\/panissimo-news\/la-vie-serait-moins-belle-sains-eux\/#primaryimage"},"image":{"@id":"https:\/\/swissbaker.ch\/fr\/panissimo-news\/la-vie-serait-moins-belle-sains-eux\/#primaryimage"},"thumbnailUrl":"https:\/\/swissbaker.ch\/wp-content\/uploads\/2023\/03\/daniela-schneeberger-scaled.jpg","datePublished":"2023-03-10T07:00:39+00:00","dateModified":"2023-03-10T07:04:49+00:00","description":"Le bon pain frais, la tresse du dimanche, l\u2019excellent g\u00e2teau d\u2019anniversaire, la vie serait moins belle sans eux.","breadcrumb":{"@id":"https:\/\/swissbaker.ch\/fr\/panissimo-news\/la-vie-serait-moins-belle-sains-eux\/#breadcrumb"},"inLanguage":"fr-FR","potentialAction":[{"@type":"ReadAction","target":["https:\/\/swissbaker.ch\/fr\/panissimo-news\/la-vie-serait-moins-belle-sains-eux\/"]}]},{"@type":"ImageObject","inLanguage":"fr-FR","@id":"https:\/\/swissbaker.ch\/fr\/panissimo-news\/la-vie-serait-moins-belle-sains-eux\/#primaryimage","url":"https:\/\/swissbaker.ch\/wp-content\/uploads\/2023\/03\/daniela-schneeberger-scaled.jpg","contentUrl":"https:\/\/swissbaker.ch\/wp-content\/uploads\/2023\/03\/daniela-schneeberger-scaled.jpg","width":2048,"height":1365,"caption":"Interview mit Nationalr\u00e4tin Daniela Schneeberger."},{"@type":"BreadcrumbList","@id":"https:\/\/swissbaker.ch\/fr\/panissimo-news\/la-vie-serait-moins-belle-sains-eux\/#breadcrumb","itemListElement":[{"@type":"ListItem","position":1,"name":"","item":"https:\/\/swissbaker.ch\/fr\/"},{"@type":"ListItem","position":2,"name":"swissbaker-blog","item":"https:\/\/swissbaker.ch\/fr\/panissimo-news\/category\/swissbaker-blog-fr\/"},{"@type":"ListItem","position":3,"name":"La vie serait moins belle sains eux &#8230;"}]},{"@type":"WebSite","@id":"https:\/\/swissbaker.ch\/fr\/#website","url":"https:\/\/swissbaker.ch\/fr\/","name":"SBC","description":"","publisher":{"@id":"https:\/\/swissbaker.ch\/fr\/#organization"},"potentialAction":[{"@type":"SearchAction","target":{"@type":"EntryPoint","urlTemplate":"https:\/\/swissbaker.ch\/fr\/?s={search_term_string}"},"query-input":{"@type":"PropertyValueSpecification","valueRequired":true,"valueName":"search_term_string"}}],"inLanguage":"fr-FR"},{"@type":"Organization","@id":"https:\/\/swissbaker.ch\/fr\/#organization","name":"Schweizerischer B\u00e4cker-Confiseurmeister-Verband","url":"https:\/\/swissbaker.ch\/fr\/","logo":{"@type":"ImageObject","inLanguage":"fr-FR","@id":"https:\/\/swissbaker.ch\/fr\/#\/schema\/logo\/image\/","url":"https:\/\/swissbaker.ch\/wp-content\/uploads\/2022\/04\/sbc-logo-yoast.jpg","contentUrl":"https:\/\/swissbaker.ch\/wp-content\/uploads\/2022\/04\/sbc-logo-yoast.jpg","width":512,"height":512,"caption":"Schweizerischer B\u00e4cker-Confiseurmeister-Verband"},"image":{"@id":"https:\/\/swissbaker.ch\/fr\/#\/schema\/logo\/image\/"},"sameAs":["https:\/\/www.facebook.com\/swissbaker.ch","https:\/\/x.com\/ch_swissbaker"]},{"@type":"Person","@id":"https:\/\/swissbaker.ch\/fr\/#\/schema\/person\/0c7464407782a0917d6e91a74206a176","name":"Elina Laich","image":{"@type":"ImageObject","inLanguage":"fr-FR","@id":"https:\/\/swissbaker.ch\/fr\/#\/schema\/person\/image\/","url":"https:\/\/secure.gravatar.com\/avatar\/f942ca5f8668781d3ded9592a21de46001e053aff264ff1c6deb97b59d3604b2?s=96&d=mm&r=g","contentUrl":"https:\/\/secure.gravatar.com\/avatar\/f942ca5f8668781d3ded9592a21de46001e053aff264ff1c6deb97b59d3604b2?s=96&d=mm&r=g","caption":"Elina Laich"},"url":"https:\/\/swissbaker.ch\/fr\/panissimo-news\/author\/elina-laich\/"}]}},"_links":{"self":[{"href":"https:\/\/swissbaker.ch\/fr\/wp-json\/wp\/v2\/posts\/57970","targetHints":{"allow":["GET"]}}],"collection":[{"href":"https:\/\/swissbaker.ch\/fr\/wp-json\/wp\/v2\/posts"}],"about":[{"href":"https:\/\/swissbaker.ch\/fr\/wp-json\/wp\/v2\/types\/post"}],"author":[{"embeddable":true,"href":"https:\/\/swissbaker.ch\/fr\/wp-json\/wp\/v2\/users\/4"}],"replies":[{"embeddable":true,"href":"https:\/\/swissbaker.ch\/fr\/wp-json\/wp\/v2\/comments?post=57970"}],"version-history":[{"count":0,"href":"https:\/\/swissbaker.ch\/fr\/wp-json\/wp\/v2\/posts\/57970\/revisions"}],"wp:featuredmedia":[{"embeddable":true,"href":"https:\/\/swissbaker.ch\/fr\/wp-json\/wp\/v2\/media\/57710"}],"wp:attachment":[{"href":"https:\/\/swissbaker.ch\/fr\/wp-json\/wp\/v2\/media?parent=57970"}],"wp:term":[{"taxonomy":"category","embeddable":true,"href":"https:\/\/swissbaker.ch\/fr\/wp-json\/wp\/v2\/categories?post=57970"},{"taxonomy":"post_tag","embeddable":true,"href":"https:\/\/swissbaker.ch\/fr\/wp-json\/wp\/v2\/tags?post=57970"}],"curies":[{"name":"wp","href":"https:\/\/api.w.org\/{rel}","templated":true}]}}