{"id":57892,"date":"2023-03-09T08:55:00","date_gmt":"2023-03-09T07:55:00","guid":{"rendered":"https:\/\/swissbaker.ch\/?p=57892"},"modified":"2023-03-09T11:01:46","modified_gmt":"2023-03-09T10:01:46","slug":"la-charge-administrativedes-pme","status":"publish","type":"post","link":"https:\/\/swissbaker.ch\/fr\/panissimo-news\/la-charge-administrativedes-pme\/","title":{"rendered":"La charge administrativedes PME"},"content":{"rendered":"\n<p><strong>60 % des entreprises per\u00e7oivent la charge administrative comme \u00abplut\u00f4t lourde\u00bb ou \u00ablourde\u00bb en Suisse. C\u2019est ce qui ressort du dernier barom\u00e8tre de la bureaucratie du Secr\u00e9tariat d\u2019\u00c9tat \u00e0 l\u2019\u00c9conomie (SECO) publi\u00e9 ce mois. C&#8217;est surtout dans les domaines des projets de construction et du secteur alimentaire que la charge est consid\u00e9r\u00e9e comme importante.<\/strong><\/p>\n\n\n\n<p>Selon le barom\u00e8tre de la bureaucratie du SECO, la charge ressentie demeure \u00e9lev\u00e9e, mais elle a l\u00e9g\u00e8rement faibli par rapport au sondage pr\u00e9c\u00e9dent, qui date de 2018. 1500\u00a0entreprises ont \u00e9t\u00e9 sond\u00e9es. Alors que 40 % (2018: 32,5 %) des entreprises interrog\u00e9es jugent la charge administrative \u00abplut\u00f4t faible\u00bb ou \u00abfaible\u00bb, 60 % (2018: 67,5 %) la consid\u00e8rent comme \u00abplut\u00f4t lourde\u00bb ou \u00ablourde\u00bb. Par ailleurs, 60 % des entreprises estiment avoir plus de travail administratif \u00e0 faire qu\u2019avant (2018: 67 %).<br><br>Plus de la moiti\u00e9 des entreprises interrog\u00e9es ont jug\u00e9 \u00abplut\u00f4t lourde\u00bb ou \u00ablourde\u00bb la charge administrative li\u00e9e \u00e0 certaines prescriptions l\u00e9gales en vigueur dans les domaines des projets de construction (67 %), de l\u2019hygi\u00e8ne des denr\u00e9es alimentaires (56 %), des importations et des exportations (55 %), de l\u2019obtention d\u2019autorisations (53 %) et de l\u2019expansion des installations de production (51 %). En revanche, plus de 70 % des entreprises sont d\u2019avis que la charge est \u00abplut\u00f4t faible\u00bb ou \u00abfaible\u00bb dans les domaines du registre du commerce\/Feuille officielle du commerce (FOSC), de l\u2019assurance-accidents\/SUVA et de l\u2019AVS.<br><br>Extrapol\u00e9s sur les quelque 206 000 PME suisses comptant au moins trois collaborateurs, les co\u00fbts externes mensuels g\u00e9n\u00e9r\u00e9s par la charge administrative li\u00e9e aux r\u00e9glementations se montent \u00e0 environ 525 millions de francs, ce qui repr\u00e9sente quelque 6,3 milliards de francs par an. <\/p>\n\n\n\n<p class=\"has-text-align-right\"><em>com\/cv<\/em><\/p>\n","protected":false},"excerpt":{"rendered":"<p>60 % des entreprises per\u00e7oivent la charge administrative comme \u00abplut\u00f4t lourde\u00bb ou \u00ablourde\u00bb en Suisse. C\u2019est ce qui ressort du dernier barom\u00e8tre de la bureaucratie du Secr\u00e9tariat d\u2019\u00c9tat \u00e0 l\u2019\u00c9conomie (SECO) publi\u00e9 ce mois. C&#8217;est surtout dans les domaines des projets de construction et du secteur alimentaire que la charge est consid\u00e9r\u00e9e comme importante.<\/p>\n","protected":false},"author":5,"featured_media":57885,"comment_status":"closed","ping_status":"closed","sticky":true,"template":"","format":"standard","meta":{"_acf_changed":false,"footnotes":""},"categories":[45],"tags":[],"class_list":["post-57892","post","type-post","status-publish","format-standard","has-post-thumbnail","hentry","category-environnement-professionnel"],"acf":[],"yoast_head":"<!-- This site is optimized with the Yoast SEO Premium plugin v26.8 (Yoast SEO v26.8) - https:\/\/yoast.com\/product\/yoast-seo-premium-wordpress\/ -->\n<title>La charge administrativedes PME | SBC<\/title>\n<meta name=\"description\" content=\"60 % des entreprises per\u00e7oivent la charge administrative comme \u00abplut\u00f4t lourde\u00bb ou \u00ablourde\u00bb en Suisse.\" \/>\n<meta name=\"robots\" content=\"index, follow, max-snippet:-1, max-image-preview:large, max-video-preview:-1\" \/>\n<link rel=\"canonical\" href=\"https:\/\/swissbaker.ch\/fr\/panissimo-news\/la-charge-administrativedes-pme\/\" \/>\n<meta property=\"og:locale\" content=\"fr_FR\" \/>\n<meta property=\"og:type\" content=\"article\" \/>\n<meta property=\"og:title\" content=\"La charge administrativedes PME\" \/>\n<meta property=\"og:description\" content=\"60 % des entreprises per\u00e7oivent la charge administrative comme \u00abplut\u00f4t lourde\u00bb ou \u00ablourde\u00bb en Suisse.\" \/>\n<meta property=\"og:url\" content=\"https:\/\/swissbaker.ch\/fr\/panissimo-news\/la-charge-administrativedes-pme\/\" \/>\n<meta property=\"og:site_name\" content=\"SBC\" \/>\n<meta property=\"article:publisher\" content=\"https:\/\/www.facebook.com\/swissbaker.ch\" \/>\n<meta property=\"article:published_time\" content=\"2023-03-09T07:55:00+00:00\" \/>\n<meta property=\"article:modified_time\" content=\"2023-03-09T10:01:46+00:00\" \/>\n<meta property=\"og:image\" content=\"https:\/\/swissbaker.ch\/wp-content\/uploads\/2023\/03\/5_1_buero.jpg\" \/>\n\t<meta property=\"og:image:width\" content=\"1200\" \/>\n\t<meta property=\"og:image:height\" content=\"712\" \/>\n\t<meta property=\"og:image:type\" content=\"image\/jpeg\" \/>\n<meta name=\"author\" content=\"Simon Nussbaum\" \/>\n<meta name=\"twitter:card\" content=\"summary_large_image\" \/>\n<meta name=\"twitter:creator\" content=\"@ch_swissbaker\" \/>\n<meta name=\"twitter:site\" content=\"@ch_swissbaker\" \/>\n<meta name=\"twitter:label1\" content=\"Written by\" \/>\n\t<meta name=\"twitter:data1\" content=\"Simon Nussbaum\" \/>\n\t<meta name=\"twitter:label2\" content=\"Est. reading time\" \/>\n\t<meta name=\"twitter:data2\" content=\"2 minutes\" \/>\n<script type=\"application\/ld+json\" class=\"yoast-schema-graph\">{\"@context\":\"https:\/\/schema.org\",\"@graph\":[{\"@type\":\"Article\",\"@id\":\"https:\/\/swissbaker.ch\/fr\/panissimo-news\/la-charge-administrativedes-pme\/#article\",\"isPartOf\":{\"@id\":\"https:\/\/swissbaker.ch\/fr\/panissimo-news\/la-charge-administrativedes-pme\/\"},\"author\":{\"name\":\"Simon Nussbaum\",\"@id\":\"https:\/\/swissbaker.ch\/fr\/#\/schema\/person\/74bd327b08c18ca6042c02ff6f0ed5e2\"},\"headline\":\"La charge administrativedes PME\",\"datePublished\":\"2023-03-09T07:55:00+00:00\",\"dateModified\":\"2023-03-09T10:01:46+00:00\",\"mainEntityOfPage\":{\"@id\":\"https:\/\/swissbaker.ch\/fr\/panissimo-news\/la-charge-administrativedes-pme\/\"},\"wordCount\":284,\"publisher\":{\"@id\":\"https:\/\/swissbaker.ch\/fr\/#organization\"},\"image\":{\"@id\":\"https:\/\/swissbaker.ch\/fr\/panissimo-news\/la-charge-administrativedes-pme\/#primaryimage\"},\"thumbnailUrl\":\"https:\/\/swissbaker.ch\/wp-content\/uploads\/2023\/03\/5_1_buero.jpg\",\"articleSection\":[\"Environnement professionnel\"],\"inLanguage\":\"fr-FR\"},{\"@type\":\"WebPage\",\"@id\":\"https:\/\/swissbaker.ch\/fr\/panissimo-news\/la-charge-administrativedes-pme\/\",\"url\":\"https:\/\/swissbaker.ch\/fr\/panissimo-news\/la-charge-administrativedes-pme\/\",\"name\":\"La charge administrativedes PME | SBC\",\"isPartOf\":{\"@id\":\"https:\/\/swissbaker.ch\/fr\/#website\"},\"primaryImageOfPage\":{\"@id\":\"https:\/\/swissbaker.ch\/fr\/panissimo-news\/la-charge-administrativedes-pme\/#primaryimage\"},\"image\":{\"@id\":\"https:\/\/swissbaker.ch\/fr\/panissimo-news\/la-charge-administrativedes-pme\/#primaryimage\"},\"thumbnailUrl\":\"https:\/\/swissbaker.ch\/wp-content\/uploads\/2023\/03\/5_1_buero.jpg\",\"datePublished\":\"2023-03-09T07:55:00+00:00\",\"dateModified\":\"2023-03-09T10:01:46+00:00\",\"description\":\"60 % des entreprises per\u00e7oivent la charge administrative comme \u00abplut\u00f4t lourde\u00bb ou \u00ablourde\u00bb en Suisse.\",\"breadcrumb\":{\"@id\":\"https:\/\/swissbaker.ch\/fr\/panissimo-news\/la-charge-administrativedes-pme\/#breadcrumb\"},\"inLanguage\":\"fr-FR\",\"potentialAction\":[{\"@type\":\"ReadAction\",\"target\":[\"https:\/\/swissbaker.ch\/fr\/panissimo-news\/la-charge-administrativedes-pme\/\"]}]},{\"@type\":\"ImageObject\",\"inLanguage\":\"fr-FR\",\"@id\":\"https:\/\/swissbaker.ch\/fr\/panissimo-news\/la-charge-administrativedes-pme\/#primaryimage\",\"url\":\"https:\/\/swissbaker.ch\/wp-content\/uploads\/2023\/03\/5_1_buero.jpg\",\"contentUrl\":\"https:\/\/swissbaker.ch\/wp-content\/uploads\/2023\/03\/5_1_buero.jpg\",\"width\":1200,\"height\":712},{\"@type\":\"BreadcrumbList\",\"@id\":\"https:\/\/swissbaker.ch\/fr\/panissimo-news\/la-charge-administrativedes-pme\/#breadcrumb\",\"itemListElement\":[{\"@type\":\"ListItem\",\"position\":1,\"name\":\"\",\"item\":\"https:\/\/swissbaker.ch\/fr\/\"},{\"@type\":\"ListItem\",\"position\":2,\"name\":\"Environnement professionnel\",\"item\":\"https:\/\/swissbaker.ch\/fr\/panissimo-news\/category\/environnement-professionnel\/\"},{\"@type\":\"ListItem\",\"position\":3,\"name\":\"La charge administrativedes PME\"}]},{\"@type\":\"WebSite\",\"@id\":\"https:\/\/swissbaker.ch\/fr\/#website\",\"url\":\"https:\/\/swissbaker.ch\/fr\/\",\"name\":\"SBC\",\"description\":\"\",\"publisher\":{\"@id\":\"https:\/\/swissbaker.ch\/fr\/#organization\"},\"potentialAction\":[{\"@type\":\"SearchAction\",\"target\":{\"@type\":\"EntryPoint\",\"urlTemplate\":\"https:\/\/swissbaker.ch\/fr\/?s={search_term_string}\"},\"query-input\":{\"@type\":\"PropertyValueSpecification\",\"valueRequired\":true,\"valueName\":\"search_term_string\"}}],\"inLanguage\":\"fr-FR\"},{\"@type\":\"Organization\",\"@id\":\"https:\/\/swissbaker.ch\/fr\/#organization\",\"name\":\"Schweizerischer B\u00e4cker-Confiseurmeister-Verband\",\"url\":\"https:\/\/swissbaker.ch\/fr\/\",\"logo\":{\"@type\":\"ImageObject\",\"inLanguage\":\"fr-FR\",\"@id\":\"https:\/\/swissbaker.ch\/fr\/#\/schema\/logo\/image\/\",\"url\":\"https:\/\/swissbaker.ch\/wp-content\/uploads\/2022\/04\/sbc-logo-yoast.jpg\",\"contentUrl\":\"https:\/\/swissbaker.ch\/wp-content\/uploads\/2022\/04\/sbc-logo-yoast.jpg\",\"width\":512,\"height\":512,\"caption\":\"Schweizerischer B\u00e4cker-Confiseurmeister-Verband\"},\"image\":{\"@id\":\"https:\/\/swissbaker.ch\/fr\/#\/schema\/logo\/image\/\"},\"sameAs\":[\"https:\/\/www.facebook.com\/swissbaker.ch\",\"https:\/\/x.com\/ch_swissbaker\"]},{\"@type\":\"Person\",\"@id\":\"https:\/\/swissbaker.ch\/fr\/#\/schema\/person\/74bd327b08c18ca6042c02ff6f0ed5e2\",\"name\":\"Simon Nussbaum\",\"image\":{\"@type\":\"ImageObject\",\"inLanguage\":\"fr-FR\",\"@id\":\"https:\/\/swissbaker.ch\/fr\/#\/schema\/person\/image\/\",\"url\":\"https:\/\/secure.gravatar.com\/avatar\/df0eced3bb556c806cb760cf503ade1ed1df25b4104d80d6fd28d93a9509aa12?s=96&d=mm&r=g\",\"contentUrl\":\"https:\/\/secure.gravatar.com\/avatar\/df0eced3bb556c806cb760cf503ade1ed1df25b4104d80d6fd28d93a9509aa12?s=96&d=mm&r=g\",\"caption\":\"Simon Nussbaum\"},\"url\":\"https:\/\/swissbaker.ch\/fr\/panissimo-news\/author\/simon-nussbaum\/\"}]}<\/script>\n<!-- \/ Yoast SEO Premium plugin. -->","yoast_head_json":{"title":"La charge administrativedes PME | SBC","description":"60 % des entreprises per\u00e7oivent la charge administrative comme \u00abplut\u00f4t lourde\u00bb ou \u00ablourde\u00bb en Suisse.","robots":{"index":"index","follow":"follow","max-snippet":"max-snippet:-1","max-image-preview":"max-image-preview:large","max-video-preview":"max-video-preview:-1"},"canonical":"https:\/\/swissbaker.ch\/fr\/panissimo-news\/la-charge-administrativedes-pme\/","og_locale":"fr_FR","og_type":"article","og_title":"La charge administrativedes PME","og_description":"60 % des entreprises per\u00e7oivent la charge administrative comme \u00abplut\u00f4t lourde\u00bb ou \u00ablourde\u00bb en Suisse.","og_url":"https:\/\/swissbaker.ch\/fr\/panissimo-news\/la-charge-administrativedes-pme\/","og_site_name":"SBC","article_publisher":"https:\/\/www.facebook.com\/swissbaker.ch","article_published_time":"2023-03-09T07:55:00+00:00","article_modified_time":"2023-03-09T10:01:46+00:00","og_image":[{"width":1200,"height":712,"url":"https:\/\/swissbaker.ch\/wp-content\/uploads\/2023\/03\/5_1_buero.jpg","type":"image\/jpeg"}],"author":"Simon Nussbaum","twitter_card":"summary_large_image","twitter_creator":"@ch_swissbaker","twitter_site":"@ch_swissbaker","twitter_misc":{"Written by":"Simon Nussbaum","Est. reading time":"2 minutes"},"schema":{"@context":"https:\/\/schema.org","@graph":[{"@type":"Article","@id":"https:\/\/swissbaker.ch\/fr\/panissimo-news\/la-charge-administrativedes-pme\/#article","isPartOf":{"@id":"https:\/\/swissbaker.ch\/fr\/panissimo-news\/la-charge-administrativedes-pme\/"},"author":{"name":"Simon Nussbaum","@id":"https:\/\/swissbaker.ch\/fr\/#\/schema\/person\/74bd327b08c18ca6042c02ff6f0ed5e2"},"headline":"La charge administrativedes PME","datePublished":"2023-03-09T07:55:00+00:00","dateModified":"2023-03-09T10:01:46+00:00","mainEntityOfPage":{"@id":"https:\/\/swissbaker.ch\/fr\/panissimo-news\/la-charge-administrativedes-pme\/"},"wordCount":284,"publisher":{"@id":"https:\/\/swissbaker.ch\/fr\/#organization"},"image":{"@id":"https:\/\/swissbaker.ch\/fr\/panissimo-news\/la-charge-administrativedes-pme\/#primaryimage"},"thumbnailUrl":"https:\/\/swissbaker.ch\/wp-content\/uploads\/2023\/03\/5_1_buero.jpg","articleSection":["Environnement professionnel"],"inLanguage":"fr-FR"},{"@type":"WebPage","@id":"https:\/\/swissbaker.ch\/fr\/panissimo-news\/la-charge-administrativedes-pme\/","url":"https:\/\/swissbaker.ch\/fr\/panissimo-news\/la-charge-administrativedes-pme\/","name":"La charge administrativedes PME | SBC","isPartOf":{"@id":"https:\/\/swissbaker.ch\/fr\/#website"},"primaryImageOfPage":{"@id":"https:\/\/swissbaker.ch\/fr\/panissimo-news\/la-charge-administrativedes-pme\/#primaryimage"},"image":{"@id":"https:\/\/swissbaker.ch\/fr\/panissimo-news\/la-charge-administrativedes-pme\/#primaryimage"},"thumbnailUrl":"https:\/\/swissbaker.ch\/wp-content\/uploads\/2023\/03\/5_1_buero.jpg","datePublished":"2023-03-09T07:55:00+00:00","dateModified":"2023-03-09T10:01:46+00:00","description":"60 % des entreprises per\u00e7oivent la charge administrative comme \u00abplut\u00f4t lourde\u00bb ou \u00ablourde\u00bb en Suisse.","breadcrumb":{"@id":"https:\/\/swissbaker.ch\/fr\/panissimo-news\/la-charge-administrativedes-pme\/#breadcrumb"},"inLanguage":"fr-FR","potentialAction":[{"@type":"ReadAction","target":["https:\/\/swissbaker.ch\/fr\/panissimo-news\/la-charge-administrativedes-pme\/"]}]},{"@type":"ImageObject","inLanguage":"fr-FR","@id":"https:\/\/swissbaker.ch\/fr\/panissimo-news\/la-charge-administrativedes-pme\/#primaryimage","url":"https:\/\/swissbaker.ch\/wp-content\/uploads\/2023\/03\/5_1_buero.jpg","contentUrl":"https:\/\/swissbaker.ch\/wp-content\/uploads\/2023\/03\/5_1_buero.jpg","width":1200,"height":712},{"@type":"BreadcrumbList","@id":"https:\/\/swissbaker.ch\/fr\/panissimo-news\/la-charge-administrativedes-pme\/#breadcrumb","itemListElement":[{"@type":"ListItem","position":1,"name":"","item":"https:\/\/swissbaker.ch\/fr\/"},{"@type":"ListItem","position":2,"name":"Environnement professionnel","item":"https:\/\/swissbaker.ch\/fr\/panissimo-news\/category\/environnement-professionnel\/"},{"@type":"ListItem","position":3,"name":"La charge administrativedes PME"}]},{"@type":"WebSite","@id":"https:\/\/swissbaker.ch\/fr\/#website","url":"https:\/\/swissbaker.ch\/fr\/","name":"SBC","description":"","publisher":{"@id":"https:\/\/swissbaker.ch\/fr\/#organization"},"potentialAction":[{"@type":"SearchAction","target":{"@type":"EntryPoint","urlTemplate":"https:\/\/swissbaker.ch\/fr\/?s={search_term_string}"},"query-input":{"@type":"PropertyValueSpecification","valueRequired":true,"valueName":"search_term_string"}}],"inLanguage":"fr-FR"},{"@type":"Organization","@id":"https:\/\/swissbaker.ch\/fr\/#organization","name":"Schweizerischer B\u00e4cker-Confiseurmeister-Verband","url":"https:\/\/swissbaker.ch\/fr\/","logo":{"@type":"ImageObject","inLanguage":"fr-FR","@id":"https:\/\/swissbaker.ch\/fr\/#\/schema\/logo\/image\/","url":"https:\/\/swissbaker.ch\/wp-content\/uploads\/2022\/04\/sbc-logo-yoast.jpg","contentUrl":"https:\/\/swissbaker.ch\/wp-content\/uploads\/2022\/04\/sbc-logo-yoast.jpg","width":512,"height":512,"caption":"Schweizerischer B\u00e4cker-Confiseurmeister-Verband"},"image":{"@id":"https:\/\/swissbaker.ch\/fr\/#\/schema\/logo\/image\/"},"sameAs":["https:\/\/www.facebook.com\/swissbaker.ch","https:\/\/x.com\/ch_swissbaker"]},{"@type":"Person","@id":"https:\/\/swissbaker.ch\/fr\/#\/schema\/person\/74bd327b08c18ca6042c02ff6f0ed5e2","name":"Simon Nussbaum","image":{"@type":"ImageObject","inLanguage":"fr-FR","@id":"https:\/\/swissbaker.ch\/fr\/#\/schema\/person\/image\/","url":"https:\/\/secure.gravatar.com\/avatar\/df0eced3bb556c806cb760cf503ade1ed1df25b4104d80d6fd28d93a9509aa12?s=96&d=mm&r=g","contentUrl":"https:\/\/secure.gravatar.com\/avatar\/df0eced3bb556c806cb760cf503ade1ed1df25b4104d80d6fd28d93a9509aa12?s=96&d=mm&r=g","caption":"Simon Nussbaum"},"url":"https:\/\/swissbaker.ch\/fr\/panissimo-news\/author\/simon-nussbaum\/"}]}},"_links":{"self":[{"href":"https:\/\/swissbaker.ch\/fr\/wp-json\/wp\/v2\/posts\/57892","targetHints":{"allow":["GET"]}}],"collection":[{"href":"https:\/\/swissbaker.ch\/fr\/wp-json\/wp\/v2\/posts"}],"about":[{"href":"https:\/\/swissbaker.ch\/fr\/wp-json\/wp\/v2\/types\/post"}],"author":[{"embeddable":true,"href":"https:\/\/swissbaker.ch\/fr\/wp-json\/wp\/v2\/users\/5"}],"replies":[{"embeddable":true,"href":"https:\/\/swissbaker.ch\/fr\/wp-json\/wp\/v2\/comments?post=57892"}],"version-history":[{"count":0,"href":"https:\/\/swissbaker.ch\/fr\/wp-json\/wp\/v2\/posts\/57892\/revisions"}],"wp:featuredmedia":[{"embeddable":true,"href":"https:\/\/swissbaker.ch\/fr\/wp-json\/wp\/v2\/media\/57885"}],"wp:attachment":[{"href":"https:\/\/swissbaker.ch\/fr\/wp-json\/wp\/v2\/media?parent=57892"}],"wp:term":[{"taxonomy":"category","embeddable":true,"href":"https:\/\/swissbaker.ch\/fr\/wp-json\/wp\/v2\/categories?post=57892"},{"taxonomy":"post_tag","embeddable":true,"href":"https:\/\/swissbaker.ch\/fr\/wp-json\/wp\/v2\/tags?post=57892"}],"curies":[{"name":"wp","href":"https:\/\/api.w.org\/{rel}","templated":true}]}}