{"id":57880,"date":"2023-03-09T10:23:27","date_gmt":"2023-03-09T09:23:27","guid":{"rendered":"https:\/\/swissbaker.ch\/?p=57880"},"modified":"2023-03-09T10:47:24","modified_gmt":"2023-03-09T09:47:24","slug":"une-haute-saison-maitrisee","status":"publish","type":"post","link":"https:\/\/swissbaker.ch\/fr\/panissimo-news\/une-haute-saison-maitrisee\/","title":{"rendered":"Une haute saison ma\u00eetris\u00e9e"},"content":{"rendered":"\n<p><strong>Davos vit principalement du tourisme et de diverses manifestations annuelles\u2009; ce qui n\u2019est pas toujours facile pour cette ville des Grisons et ses commerces. La boulangerie Weber n\u2019est pas \u00e9pargn\u00e9e par ces fluctuations saisonni\u00e8res. Toutefois, ses propri\u00e9taires ont r\u00e9ussi \u00e0 bien g\u00e9rer le pic de cet hiver, gr\u00e2ce \u00e0 une aide technique.<\/strong><\/p>\n\n\n\n<p>La boulangerie Weber AG est aux mains de la quatri\u00e8me g\u00e9n\u00e9ration. Dans la production, c\u2019est Rolf Weber qui est aux commandes. Son fr\u00e8re Adrian, \u00e9paul\u00e9 par sa femme Sarah, est responsable de la vente, de l\u2019administration, de la cuisine et du service. L\u2019entreprise familiale mise sur la qualit\u00e9 et travaille selon la devise\u2009: \u00ab\u2009Nous vivons le plaisir du bon pain\u2009\u00bb.<\/p>\n\n\n\n<h2 class=\"wp-block-heading\" id=\"h-transmettre-la-qualite\">Transmettre la qualit\u00e9<\/h2>\n\n\n\n<p>Les deux fr\u00e8res contr\u00f4lent r\u00e9guli\u00e8rement leur assortiment et proc\u00e8dent \u00e0 des adaptations. Ils \u00e9tablissent ensuite leur \u00ab\u2009catalogue de pain\u2009\u00bb, dans lequel ils pr\u00e9sentent leur philosophie, la qualit\u00e9 Weber et les diff\u00e9rents produits de boulangerie. \u00ab\u2009Il nous tient \u00e0 c\u0153ur de pouvoir communiquer \u00e0 nos clients notre exigence en mati\u00e8re de qualit\u00e9\u2009\u00bb, souligne Adrian Weber. C\u2019est pourquoi les m\u00e9dailles d\u2019or du Swiss Bakery Trophy ornent les murs du magasin. D\u2019ailleurs, son levain \u00ab\u2009Ursin\u2009\u00bb a vu le jour pendant la p\u00e9riode du coronavirus. Six produits sont d\u00e9sormais fabriqu\u00e9s avec ce levain, sans ajout de levure. \u00ab\u2009A midi, nous servons notre pain \u2039Wildheuerbrot\u203a de notre gamme de levains avec de la soupe et de la salade. Il est pr\u00e9sent\u00e9 sur une planche en bois sur laquelle on peut lire tout ce qu\u2019il faut savoir sur ce pain. &#8230;.<\/p>\n\n\n\n<p>&#8230;<em>Lire l&#8217;article complet dans \u00abPanissimo\u00bb du 10 mars 2023<\/em>.<\/p>\n\n\n\n<p class=\"has-text-align-right\"><em>Elina Laich<\/em><\/p>\n","protected":false},"excerpt":{"rendered":"<p>Davos vit principalement du tourisme et de diverses manifestations annuelles\u2009; ce qui n\u2019est pas toujours facile pour cette ville des Grisons et ses commerces. La boulangerie Weber n\u2019est pas \u00e9pargn\u00e9e par ces fluctuations saisonni\u00e8res. Toutefois, ses propri\u00e9taires ont r\u00e9ussi \u00e0 bien g\u00e9rer le pic de cet hiver, gr\u00e2ce \u00e0 une aide technique.<\/p>\n","protected":false},"author":5,"featured_media":57869,"comment_status":"closed","ping_status":"closed","sticky":true,"template":"","format":"standard","meta":{"_acf_changed":false,"footnotes":""},"categories":[42],"tags":[],"class_list":["post-57880","post","type-post","status-publish","format-standard","has-post-thumbnail","hentry","category-boulangeries-confiseries"],"acf":[],"yoast_head":"<!-- This site is optimized with the Yoast SEO Premium plugin v26.8 (Yoast SEO v26.8) - https:\/\/yoast.com\/product\/yoast-seo-premium-wordpress\/ -->\n<title>Une haute saison ma\u00eetris\u00e9e | SBC<\/title>\n<meta name=\"description\" content=\"Davos vit principalement du tourisme et de diverses manifestations annuelles\u2009; ce qui n\u2019est pas toujours facile pour cette ville des Grisons et ses commerces.\" \/>\n<meta name=\"robots\" content=\"index, follow, max-snippet:-1, max-image-preview:large, max-video-preview:-1\" \/>\n<link rel=\"canonical\" href=\"https:\/\/swissbaker.ch\/fr\/panissimo-news\/une-haute-saison-maitrisee\/\" \/>\n<meta property=\"og:locale\" content=\"fr_FR\" \/>\n<meta property=\"og:type\" content=\"article\" \/>\n<meta property=\"og:title\" content=\"Une haute saison ma\u00eetris\u00e9e\" \/>\n<meta property=\"og:description\" content=\"Davos vit principalement du tourisme et de diverses manifestations annuelles\u2009; ce qui n\u2019est pas toujours facile pour cette ville des Grisons et ses commerces.\" \/>\n<meta property=\"og:url\" content=\"https:\/\/swissbaker.ch\/fr\/panissimo-news\/une-haute-saison-maitrisee\/\" \/>\n<meta property=\"og:site_name\" content=\"SBC\" \/>\n<meta property=\"article:publisher\" content=\"https:\/\/www.facebook.com\/swissbaker.ch\" \/>\n<meta property=\"article:published_time\" content=\"2023-03-09T09:23:27+00:00\" \/>\n<meta property=\"article:modified_time\" content=\"2023-03-09T09:47:24+00:00\" \/>\n<meta property=\"og:image\" content=\"https:\/\/swissbaker.ch\/wp-content\/uploads\/2023\/03\/5_1_weber_davos.jpg\" \/>\n\t<meta property=\"og:image:width\" content=\"1200\" \/>\n\t<meta property=\"og:image:height\" content=\"712\" \/>\n\t<meta property=\"og:image:type\" content=\"image\/jpeg\" \/>\n<meta name=\"author\" content=\"Simon Nussbaum\" \/>\n<meta name=\"twitter:card\" content=\"summary_large_image\" \/>\n<meta name=\"twitter:creator\" content=\"@ch_swissbaker\" \/>\n<meta name=\"twitter:site\" content=\"@ch_swissbaker\" \/>\n<meta name=\"twitter:label1\" content=\"Written by\" \/>\n\t<meta name=\"twitter:data1\" content=\"Simon Nussbaum\" \/>\n\t<meta name=\"twitter:label2\" content=\"Est. reading time\" \/>\n\t<meta name=\"twitter:data2\" content=\"2 minutes\" \/>\n<script type=\"application\/ld+json\" class=\"yoast-schema-graph\">{\"@context\":\"https:\/\/schema.org\",\"@graph\":[{\"@type\":\"Article\",\"@id\":\"https:\/\/swissbaker.ch\/fr\/panissimo-news\/une-haute-saison-maitrisee\/#article\",\"isPartOf\":{\"@id\":\"https:\/\/swissbaker.ch\/fr\/panissimo-news\/une-haute-saison-maitrisee\/\"},\"author\":{\"name\":\"Simon Nussbaum\",\"@id\":\"https:\/\/swissbaker.ch\/fr\/#\/schema\/person\/74bd327b08c18ca6042c02ff6f0ed5e2\"},\"headline\":\"Une haute saison ma\u00eetris\u00e9e\",\"datePublished\":\"2023-03-09T09:23:27+00:00\",\"dateModified\":\"2023-03-09T09:47:24+00:00\",\"mainEntityOfPage\":{\"@id\":\"https:\/\/swissbaker.ch\/fr\/panissimo-news\/une-haute-saison-maitrisee\/\"},\"wordCount\":293,\"publisher\":{\"@id\":\"https:\/\/swissbaker.ch\/fr\/#organization\"},\"image\":{\"@id\":\"https:\/\/swissbaker.ch\/fr\/panissimo-news\/une-haute-saison-maitrisee\/#primaryimage\"},\"thumbnailUrl\":\"https:\/\/swissbaker.ch\/wp-content\/uploads\/2023\/03\/5_1_weber_davos.jpg\",\"articleSection\":[\"Boulangeries\/Confiseries\"],\"inLanguage\":\"fr-FR\"},{\"@type\":\"WebPage\",\"@id\":\"https:\/\/swissbaker.ch\/fr\/panissimo-news\/une-haute-saison-maitrisee\/\",\"url\":\"https:\/\/swissbaker.ch\/fr\/panissimo-news\/une-haute-saison-maitrisee\/\",\"name\":\"Une haute saison ma\u00eetris\u00e9e | SBC\",\"isPartOf\":{\"@id\":\"https:\/\/swissbaker.ch\/fr\/#website\"},\"primaryImageOfPage\":{\"@id\":\"https:\/\/swissbaker.ch\/fr\/panissimo-news\/une-haute-saison-maitrisee\/#primaryimage\"},\"image\":{\"@id\":\"https:\/\/swissbaker.ch\/fr\/panissimo-news\/une-haute-saison-maitrisee\/#primaryimage\"},\"thumbnailUrl\":\"https:\/\/swissbaker.ch\/wp-content\/uploads\/2023\/03\/5_1_weber_davos.jpg\",\"datePublished\":\"2023-03-09T09:23:27+00:00\",\"dateModified\":\"2023-03-09T09:47:24+00:00\",\"description\":\"Davos vit principalement du tourisme et de diverses manifestations annuelles\u2009; ce qui n\u2019est pas toujours facile pour cette ville des Grisons et ses commerces.\",\"breadcrumb\":{\"@id\":\"https:\/\/swissbaker.ch\/fr\/panissimo-news\/une-haute-saison-maitrisee\/#breadcrumb\"},\"inLanguage\":\"fr-FR\",\"potentialAction\":[{\"@type\":\"ReadAction\",\"target\":[\"https:\/\/swissbaker.ch\/fr\/panissimo-news\/une-haute-saison-maitrisee\/\"]}]},{\"@type\":\"ImageObject\",\"inLanguage\":\"fr-FR\",\"@id\":\"https:\/\/swissbaker.ch\/fr\/panissimo-news\/une-haute-saison-maitrisee\/#primaryimage\",\"url\":\"https:\/\/swissbaker.ch\/wp-content\/uploads\/2023\/03\/5_1_weber_davos.jpg\",\"contentUrl\":\"https:\/\/swissbaker.ch\/wp-content\/uploads\/2023\/03\/5_1_weber_davos.jpg\",\"width\":1200,\"height\":712},{\"@type\":\"BreadcrumbList\",\"@id\":\"https:\/\/swissbaker.ch\/fr\/panissimo-news\/une-haute-saison-maitrisee\/#breadcrumb\",\"itemListElement\":[{\"@type\":\"ListItem\",\"position\":1,\"name\":\"\",\"item\":\"https:\/\/swissbaker.ch\/fr\/\"},{\"@type\":\"ListItem\",\"position\":2,\"name\":\"Boulangeries\/Confiseries\",\"item\":\"https:\/\/swissbaker.ch\/fr\/panissimo-news\/category\/boulangeries-confiseries\/\"},{\"@type\":\"ListItem\",\"position\":3,\"name\":\"Une haute saison ma\u00eetris\u00e9e\"}]},{\"@type\":\"WebSite\",\"@id\":\"https:\/\/swissbaker.ch\/fr\/#website\",\"url\":\"https:\/\/swissbaker.ch\/fr\/\",\"name\":\"SBC\",\"description\":\"\",\"publisher\":{\"@id\":\"https:\/\/swissbaker.ch\/fr\/#organization\"},\"potentialAction\":[{\"@type\":\"SearchAction\",\"target\":{\"@type\":\"EntryPoint\",\"urlTemplate\":\"https:\/\/swissbaker.ch\/fr\/?s={search_term_string}\"},\"query-input\":{\"@type\":\"PropertyValueSpecification\",\"valueRequired\":true,\"valueName\":\"search_term_string\"}}],\"inLanguage\":\"fr-FR\"},{\"@type\":\"Organization\",\"@id\":\"https:\/\/swissbaker.ch\/fr\/#organization\",\"name\":\"Schweizerischer B\u00e4cker-Confiseurmeister-Verband\",\"url\":\"https:\/\/swissbaker.ch\/fr\/\",\"logo\":{\"@type\":\"ImageObject\",\"inLanguage\":\"fr-FR\",\"@id\":\"https:\/\/swissbaker.ch\/fr\/#\/schema\/logo\/image\/\",\"url\":\"https:\/\/swissbaker.ch\/wp-content\/uploads\/2022\/04\/sbc-logo-yoast.jpg\",\"contentUrl\":\"https:\/\/swissbaker.ch\/wp-content\/uploads\/2022\/04\/sbc-logo-yoast.jpg\",\"width\":512,\"height\":512,\"caption\":\"Schweizerischer B\u00e4cker-Confiseurmeister-Verband\"},\"image\":{\"@id\":\"https:\/\/swissbaker.ch\/fr\/#\/schema\/logo\/image\/\"},\"sameAs\":[\"https:\/\/www.facebook.com\/swissbaker.ch\",\"https:\/\/x.com\/ch_swissbaker\"]},{\"@type\":\"Person\",\"@id\":\"https:\/\/swissbaker.ch\/fr\/#\/schema\/person\/74bd327b08c18ca6042c02ff6f0ed5e2\",\"name\":\"Simon Nussbaum\",\"image\":{\"@type\":\"ImageObject\",\"inLanguage\":\"fr-FR\",\"@id\":\"https:\/\/swissbaker.ch\/fr\/#\/schema\/person\/image\/\",\"url\":\"https:\/\/secure.gravatar.com\/avatar\/df0eced3bb556c806cb760cf503ade1ed1df25b4104d80d6fd28d93a9509aa12?s=96&d=mm&r=g\",\"contentUrl\":\"https:\/\/secure.gravatar.com\/avatar\/df0eced3bb556c806cb760cf503ade1ed1df25b4104d80d6fd28d93a9509aa12?s=96&d=mm&r=g\",\"caption\":\"Simon Nussbaum\"},\"url\":\"https:\/\/swissbaker.ch\/fr\/panissimo-news\/author\/simon-nussbaum\/\"}]}<\/script>\n<!-- \/ Yoast SEO Premium plugin. -->","yoast_head_json":{"title":"Une haute saison ma\u00eetris\u00e9e | SBC","description":"Davos vit principalement du tourisme et de diverses manifestations annuelles\u2009; ce qui n\u2019est pas toujours facile pour cette ville des Grisons et ses commerces.","robots":{"index":"index","follow":"follow","max-snippet":"max-snippet:-1","max-image-preview":"max-image-preview:large","max-video-preview":"max-video-preview:-1"},"canonical":"https:\/\/swissbaker.ch\/fr\/panissimo-news\/une-haute-saison-maitrisee\/","og_locale":"fr_FR","og_type":"article","og_title":"Une haute saison ma\u00eetris\u00e9e","og_description":"Davos vit principalement du tourisme et de diverses manifestations annuelles\u2009; ce qui n\u2019est pas toujours facile pour cette ville des Grisons et ses commerces.","og_url":"https:\/\/swissbaker.ch\/fr\/panissimo-news\/une-haute-saison-maitrisee\/","og_site_name":"SBC","article_publisher":"https:\/\/www.facebook.com\/swissbaker.ch","article_published_time":"2023-03-09T09:23:27+00:00","article_modified_time":"2023-03-09T09:47:24+00:00","og_image":[{"width":1200,"height":712,"url":"https:\/\/swissbaker.ch\/wp-content\/uploads\/2023\/03\/5_1_weber_davos.jpg","type":"image\/jpeg"}],"author":"Simon Nussbaum","twitter_card":"summary_large_image","twitter_creator":"@ch_swissbaker","twitter_site":"@ch_swissbaker","twitter_misc":{"Written by":"Simon Nussbaum","Est. reading time":"2 minutes"},"schema":{"@context":"https:\/\/schema.org","@graph":[{"@type":"Article","@id":"https:\/\/swissbaker.ch\/fr\/panissimo-news\/une-haute-saison-maitrisee\/#article","isPartOf":{"@id":"https:\/\/swissbaker.ch\/fr\/panissimo-news\/une-haute-saison-maitrisee\/"},"author":{"name":"Simon Nussbaum","@id":"https:\/\/swissbaker.ch\/fr\/#\/schema\/person\/74bd327b08c18ca6042c02ff6f0ed5e2"},"headline":"Une haute saison ma\u00eetris\u00e9e","datePublished":"2023-03-09T09:23:27+00:00","dateModified":"2023-03-09T09:47:24+00:00","mainEntityOfPage":{"@id":"https:\/\/swissbaker.ch\/fr\/panissimo-news\/une-haute-saison-maitrisee\/"},"wordCount":293,"publisher":{"@id":"https:\/\/swissbaker.ch\/fr\/#organization"},"image":{"@id":"https:\/\/swissbaker.ch\/fr\/panissimo-news\/une-haute-saison-maitrisee\/#primaryimage"},"thumbnailUrl":"https:\/\/swissbaker.ch\/wp-content\/uploads\/2023\/03\/5_1_weber_davos.jpg","articleSection":["Boulangeries\/Confiseries"],"inLanguage":"fr-FR"},{"@type":"WebPage","@id":"https:\/\/swissbaker.ch\/fr\/panissimo-news\/une-haute-saison-maitrisee\/","url":"https:\/\/swissbaker.ch\/fr\/panissimo-news\/une-haute-saison-maitrisee\/","name":"Une haute saison ma\u00eetris\u00e9e | SBC","isPartOf":{"@id":"https:\/\/swissbaker.ch\/fr\/#website"},"primaryImageOfPage":{"@id":"https:\/\/swissbaker.ch\/fr\/panissimo-news\/une-haute-saison-maitrisee\/#primaryimage"},"image":{"@id":"https:\/\/swissbaker.ch\/fr\/panissimo-news\/une-haute-saison-maitrisee\/#primaryimage"},"thumbnailUrl":"https:\/\/swissbaker.ch\/wp-content\/uploads\/2023\/03\/5_1_weber_davos.jpg","datePublished":"2023-03-09T09:23:27+00:00","dateModified":"2023-03-09T09:47:24+00:00","description":"Davos vit principalement du tourisme et de diverses manifestations annuelles\u2009; ce qui n\u2019est pas toujours facile pour cette ville des Grisons et ses commerces.","breadcrumb":{"@id":"https:\/\/swissbaker.ch\/fr\/panissimo-news\/une-haute-saison-maitrisee\/#breadcrumb"},"inLanguage":"fr-FR","potentialAction":[{"@type":"ReadAction","target":["https:\/\/swissbaker.ch\/fr\/panissimo-news\/une-haute-saison-maitrisee\/"]}]},{"@type":"ImageObject","inLanguage":"fr-FR","@id":"https:\/\/swissbaker.ch\/fr\/panissimo-news\/une-haute-saison-maitrisee\/#primaryimage","url":"https:\/\/swissbaker.ch\/wp-content\/uploads\/2023\/03\/5_1_weber_davos.jpg","contentUrl":"https:\/\/swissbaker.ch\/wp-content\/uploads\/2023\/03\/5_1_weber_davos.jpg","width":1200,"height":712},{"@type":"BreadcrumbList","@id":"https:\/\/swissbaker.ch\/fr\/panissimo-news\/une-haute-saison-maitrisee\/#breadcrumb","itemListElement":[{"@type":"ListItem","position":1,"name":"","item":"https:\/\/swissbaker.ch\/fr\/"},{"@type":"ListItem","position":2,"name":"Boulangeries\/Confiseries","item":"https:\/\/swissbaker.ch\/fr\/panissimo-news\/category\/boulangeries-confiseries\/"},{"@type":"ListItem","position":3,"name":"Une haute saison ma\u00eetris\u00e9e"}]},{"@type":"WebSite","@id":"https:\/\/swissbaker.ch\/fr\/#website","url":"https:\/\/swissbaker.ch\/fr\/","name":"SBC","description":"","publisher":{"@id":"https:\/\/swissbaker.ch\/fr\/#organization"},"potentialAction":[{"@type":"SearchAction","target":{"@type":"EntryPoint","urlTemplate":"https:\/\/swissbaker.ch\/fr\/?s={search_term_string}"},"query-input":{"@type":"PropertyValueSpecification","valueRequired":true,"valueName":"search_term_string"}}],"inLanguage":"fr-FR"},{"@type":"Organization","@id":"https:\/\/swissbaker.ch\/fr\/#organization","name":"Schweizerischer B\u00e4cker-Confiseurmeister-Verband","url":"https:\/\/swissbaker.ch\/fr\/","logo":{"@type":"ImageObject","inLanguage":"fr-FR","@id":"https:\/\/swissbaker.ch\/fr\/#\/schema\/logo\/image\/","url":"https:\/\/swissbaker.ch\/wp-content\/uploads\/2022\/04\/sbc-logo-yoast.jpg","contentUrl":"https:\/\/swissbaker.ch\/wp-content\/uploads\/2022\/04\/sbc-logo-yoast.jpg","width":512,"height":512,"caption":"Schweizerischer B\u00e4cker-Confiseurmeister-Verband"},"image":{"@id":"https:\/\/swissbaker.ch\/fr\/#\/schema\/logo\/image\/"},"sameAs":["https:\/\/www.facebook.com\/swissbaker.ch","https:\/\/x.com\/ch_swissbaker"]},{"@type":"Person","@id":"https:\/\/swissbaker.ch\/fr\/#\/schema\/person\/74bd327b08c18ca6042c02ff6f0ed5e2","name":"Simon Nussbaum","image":{"@type":"ImageObject","inLanguage":"fr-FR","@id":"https:\/\/swissbaker.ch\/fr\/#\/schema\/person\/image\/","url":"https:\/\/secure.gravatar.com\/avatar\/df0eced3bb556c806cb760cf503ade1ed1df25b4104d80d6fd28d93a9509aa12?s=96&d=mm&r=g","contentUrl":"https:\/\/secure.gravatar.com\/avatar\/df0eced3bb556c806cb760cf503ade1ed1df25b4104d80d6fd28d93a9509aa12?s=96&d=mm&r=g","caption":"Simon Nussbaum"},"url":"https:\/\/swissbaker.ch\/fr\/panissimo-news\/author\/simon-nussbaum\/"}]}},"_links":{"self":[{"href":"https:\/\/swissbaker.ch\/fr\/wp-json\/wp\/v2\/posts\/57880","targetHints":{"allow":["GET"]}}],"collection":[{"href":"https:\/\/swissbaker.ch\/fr\/wp-json\/wp\/v2\/posts"}],"about":[{"href":"https:\/\/swissbaker.ch\/fr\/wp-json\/wp\/v2\/types\/post"}],"author":[{"embeddable":true,"href":"https:\/\/swissbaker.ch\/fr\/wp-json\/wp\/v2\/users\/5"}],"replies":[{"embeddable":true,"href":"https:\/\/swissbaker.ch\/fr\/wp-json\/wp\/v2\/comments?post=57880"}],"version-history":[{"count":0,"href":"https:\/\/swissbaker.ch\/fr\/wp-json\/wp\/v2\/posts\/57880\/revisions"}],"wp:featuredmedia":[{"embeddable":true,"href":"https:\/\/swissbaker.ch\/fr\/wp-json\/wp\/v2\/media\/57869"}],"wp:attachment":[{"href":"https:\/\/swissbaker.ch\/fr\/wp-json\/wp\/v2\/media?parent=57880"}],"wp:term":[{"taxonomy":"category","embeddable":true,"href":"https:\/\/swissbaker.ch\/fr\/wp-json\/wp\/v2\/categories?post=57880"},{"taxonomy":"post_tag","embeddable":true,"href":"https:\/\/swissbaker.ch\/fr\/wp-json\/wp\/v2\/tags?post=57880"}],"curies":[{"name":"wp","href":"https:\/\/api.w.org\/{rel}","templated":true}]}}