{"id":57280,"date":"2023-02-24T11:34:00","date_gmt":"2023-02-24T10:34:00","guid":{"rendered":"https:\/\/swissbaker.ch\/?p=57280"},"modified":"2023-02-23T16:12:18","modified_gmt":"2023-02-23T15:12:18","slug":"sur-la-bonne-voie","status":"publish","type":"post","link":"https:\/\/swissbaker.ch\/fr\/panissimo-news\/sur-la-bonne-voie\/","title":{"rendered":"\u00abSur la bonne voie\u00bb"},"content":{"rendered":"\n<p><strong>A Gen\u00e8ve, une solution \u00e9merge pour lutter contre la crise \u00e9nerg\u00e9tique, \u00e0 la suite notamment d\u2019une rencontre entre l\u2019ABCGe et la ministre de l\u2019\u00e9conomie. Le pr\u00e9sident Eric Emery encourage ses coll\u00e8gues \u00e0 en faire autant \u00e0 l\u2019\u00e9chelle nationale.<\/strong><\/p>\n\n\n\n<figure class=\"wp-block-image size-full is-resized\"><img decoding=\"async\" src=\"https:\/\/swissbaker.ch\/wp-content\/uploads\/2023\/02\/4_1_eric_emery.jpg\" alt=\"\" class=\"wp-image-57290\" width=\"310\" height=\"480\"\/><figcaption><em>Eric Emery, pr\u00e9sident de l\u2019ABCGe<\/em><\/figcaption><\/figure>\n\n\n\n<p>Des membres du comit\u00e9 directeur de l\u2019Association des artisans boulangers-confiseurs du canton de Gen\u00e8ve (ABCGe) ont rencontr\u00e9 leur conseill\u00e8re d\u2019Etat de l\u2019\u00e9conomie et de l\u2019emploi, Fabienne Fischer (Verts). Initialement, la r\u00e9union portait sur la CCT. Le sujet rapidement parcouru, ils ont abord\u00e9 celui<br>de la crise \u00e9nerg\u00e9tique. \u00ab Mme Fischer nous a tr\u00e8s clairement expliqu\u00e9 que le canton ne paierait aucune facture. Toutefois, un projet de loi incitant les entreprises \u00e0 transiter vers des infrastructures \u00e9nerg\u00e9tiques durables \u00e9tait en cours. (\u2026) Si un cr\u00e9dit est obtenu, la ministre pourrait aider \u00e0 financer des boulangeries qui changeraient une ou plusieurs machines trop vieilles et trop \u00e9nergivores \u00bb, souligne le pr\u00e9sident de l\u2019ABCGe Eric Emery, qui illustre. \u00ab Un four du milieu des ann\u00e9es 90 de 14 m2 consommant 120 kWh pourrait \u00eatre remplac\u00e9 par un mod\u00e8le r\u00e9cent de 45 kWh. \u00bb Dans le concret, chaque entreprise concern\u00e9e pourrait disposer d\u2019un montant de 250 000 francs au maximum pour entreprendre une transition. Les conditions pour en b\u00e9n\u00e9ficier ne sont pas d\u00e9finies.<\/p>\n\n\n\n<h2 class=\"wp-block-heading\" id=\"h-d-ici-une-annee\">D\u2019ICI UNE ANN\u00c9E<\/h2>\n\n\n\n<p>Les premi\u00e8res subventions pourraient \u00eatre accord\u00e9es d\u2019ici une ann\u00e9e, selon le pr\u00e9sident du bout du lac. Conscient que cela ne r\u00e9soudra pas l\u2019urgence dans laquelle se trouvent certains de ses membres, il y voit cependant une lueur d\u2019espoir. \u00ab Nous sommes sur la bonne voie. (\u2026) Nous ne sommes plus faussement consid\u00e9r\u00e9s comme ceux qui ont voulu profiter du march\u00e9 libre. \u00bb M. Emery souligne par ailleurs que \u00ab seul 1\/3 des artisans boulangers-confiseurs avait franchi le cap ; et la majorit\u00e9 d\u2019entre eux n\u2019avait pas chang\u00e9 de fournisseurs \u00bb.<\/p>\n\n\n\n<p>Le Genevois lance un appel \u00e0 ses homologues cantonaux afin qu\u2019ils prennent rendez-vous avec leur ministre afin de trouver des solutions. Des discussions ont d\u2019ailleurs eu lieu entre la Soci\u00e9t\u00e9 des boulangers-confiseurs du canton de Vaud, la conseill\u00e8re d\u2019Etat Isabelle Moret (PLR), des d\u00e9put\u00e9s et les fournisseurs. \u00ab En parall\u00e8le, l\u2019association fa\u00eeti\u00e8re suisse devrait activer ses groupes parlementaires \u00e0 Berne \u00bb, conclut-il.<\/p>\n\n\n\n<p class=\"has-text-align-right\">Johann Ruppen<\/p>\n","protected":false},"excerpt":{"rendered":"<p>A Gen\u00e8ve, une solution \u00e9merge pour lutter contre la crise \u00e9nerg\u00e9tique, \u00e0 la suite notamment d\u2019une rencontre entre l\u2019ABCGe et la ministre de l\u2019\u00e9conomie. Le pr\u00e9sident Eric Emery encourage ses coll\u00e8gues \u00e0 en faire autant \u00e0 l\u2019\u00e9chelle nationale.<\/p>\n","protected":false},"author":4,"featured_media":50941,"comment_status":"closed","ping_status":"closed","sticky":false,"template":"","format":"standard","meta":{"_acf_changed":false,"footnotes":""},"categories":[40],"tags":[],"class_list":["post-57280","post","type-post","status-publish","format-standard","has-post-thumbnail","hentry","category-des-cantons"],"acf":[],"yoast_head":"<!-- This site is optimized with the Yoast SEO Premium plugin v26.8 (Yoast SEO v26.8) - https:\/\/yoast.com\/product\/yoast-seo-premium-wordpress\/ -->\n<title>\u00abSur la bonne voie\u00bb | SBC<\/title>\n<meta name=\"description\" content=\"A Gen\u00e8ve, une solution \u00e9merge pour lutter contre la crise \u00e9nerg\u00e9tique, \u00e0 la suite notamment d\u2019une rencontre entre l\u2019ABCGe et la ministre de l\u2019\u00e9conomie.\" \/>\n<meta name=\"robots\" content=\"index, follow, max-snippet:-1, max-image-preview:large, max-video-preview:-1\" \/>\n<link rel=\"canonical\" href=\"https:\/\/swissbaker.ch\/fr\/panissimo-news\/sur-la-bonne-voie\/\" \/>\n<meta property=\"og:locale\" content=\"fr_FR\" \/>\n<meta property=\"og:type\" content=\"article\" \/>\n<meta property=\"og:title\" content=\"\u00abSur la bonne voie\u00bb\" \/>\n<meta property=\"og:description\" content=\"A Gen\u00e8ve, une solution \u00e9merge pour lutter contre la crise \u00e9nerg\u00e9tique, \u00e0 la suite notamment d\u2019une rencontre entre l\u2019ABCGe et la ministre de l\u2019\u00e9conomie.\" \/>\n<meta property=\"og:url\" content=\"https:\/\/swissbaker.ch\/fr\/panissimo-news\/sur-la-bonne-voie\/\" \/>\n<meta property=\"og:site_name\" content=\"SBC\" \/>\n<meta property=\"article:publisher\" content=\"https:\/\/www.facebook.com\/swissbaker.ch\" \/>\n<meta property=\"article:published_time\" content=\"2023-02-24T10:34:00+00:00\" \/>\n<meta property=\"og:image\" content=\"https:\/\/swissbaker.ch\/wp-content\/uploads\/2022\/10\/19_1_energie.jpg\" \/>\n\t<meta property=\"og:image:width\" content=\"800\" \/>\n\t<meta property=\"og:image:height\" content=\"474\" \/>\n\t<meta property=\"og:image:type\" content=\"image\/jpeg\" \/>\n<meta name=\"author\" content=\"Elina Laich\" \/>\n<meta name=\"twitter:card\" content=\"summary_large_image\" \/>\n<meta name=\"twitter:creator\" content=\"@ch_swissbaker\" \/>\n<meta name=\"twitter:site\" content=\"@ch_swissbaker\" \/>\n<meta name=\"twitter:label1\" content=\"Written by\" \/>\n\t<meta name=\"twitter:data1\" content=\"Elina Laich\" \/>\n\t<meta name=\"twitter:label2\" content=\"Est. reading time\" \/>\n\t<meta name=\"twitter:data2\" content=\"3 minutes\" \/>\n<script type=\"application\/ld+json\" class=\"yoast-schema-graph\">{\"@context\":\"https:\/\/schema.org\",\"@graph\":[{\"@type\":\"Article\",\"@id\":\"https:\/\/swissbaker.ch\/fr\/panissimo-news\/sur-la-bonne-voie\/#article\",\"isPartOf\":{\"@id\":\"https:\/\/swissbaker.ch\/fr\/panissimo-news\/sur-la-bonne-voie\/\"},\"author\":{\"name\":\"Elina Laich\",\"@id\":\"https:\/\/swissbaker.ch\/fr\/#\/schema\/person\/0c7464407782a0917d6e91a74206a176\"},\"headline\":\"\u00abSur la bonne voie\u00bb\",\"datePublished\":\"2023-02-24T10:34:00+00:00\",\"mainEntityOfPage\":{\"@id\":\"https:\/\/swissbaker.ch\/fr\/panissimo-news\/sur-la-bonne-voie\/\"},\"wordCount\":401,\"publisher\":{\"@id\":\"https:\/\/swissbaker.ch\/fr\/#organization\"},\"image\":{\"@id\":\"https:\/\/swissbaker.ch\/fr\/panissimo-news\/sur-la-bonne-voie\/#primaryimage\"},\"thumbnailUrl\":\"https:\/\/swissbaker.ch\/wp-content\/uploads\/2022\/10\/19_1_energie.jpg\",\"articleSection\":[\"Des cantons\"],\"inLanguage\":\"fr-FR\"},{\"@type\":\"WebPage\",\"@id\":\"https:\/\/swissbaker.ch\/fr\/panissimo-news\/sur-la-bonne-voie\/\",\"url\":\"https:\/\/swissbaker.ch\/fr\/panissimo-news\/sur-la-bonne-voie\/\",\"name\":\"\u00abSur la bonne voie\u00bb | SBC\",\"isPartOf\":{\"@id\":\"https:\/\/swissbaker.ch\/fr\/#website\"},\"primaryImageOfPage\":{\"@id\":\"https:\/\/swissbaker.ch\/fr\/panissimo-news\/sur-la-bonne-voie\/#primaryimage\"},\"image\":{\"@id\":\"https:\/\/swissbaker.ch\/fr\/panissimo-news\/sur-la-bonne-voie\/#primaryimage\"},\"thumbnailUrl\":\"https:\/\/swissbaker.ch\/wp-content\/uploads\/2022\/10\/19_1_energie.jpg\",\"datePublished\":\"2023-02-24T10:34:00+00:00\",\"description\":\"A Gen\u00e8ve, une solution \u00e9merge pour lutter contre la crise \u00e9nerg\u00e9tique, \u00e0 la suite notamment d\u2019une rencontre entre l\u2019ABCGe et la ministre de l\u2019\u00e9conomie.\",\"breadcrumb\":{\"@id\":\"https:\/\/swissbaker.ch\/fr\/panissimo-news\/sur-la-bonne-voie\/#breadcrumb\"},\"inLanguage\":\"fr-FR\",\"potentialAction\":[{\"@type\":\"ReadAction\",\"target\":[\"https:\/\/swissbaker.ch\/fr\/panissimo-news\/sur-la-bonne-voie\/\"]}]},{\"@type\":\"ImageObject\",\"inLanguage\":\"fr-FR\",\"@id\":\"https:\/\/swissbaker.ch\/fr\/panissimo-news\/sur-la-bonne-voie\/#primaryimage\",\"url\":\"https:\/\/swissbaker.ch\/wp-content\/uploads\/2022\/10\/19_1_energie.jpg\",\"contentUrl\":\"https:\/\/swissbaker.ch\/wp-content\/uploads\/2022\/10\/19_1_energie.jpg\",\"width\":800,\"height\":474,\"caption\":\"Energie Strom\"},{\"@type\":\"BreadcrumbList\",\"@id\":\"https:\/\/swissbaker.ch\/fr\/panissimo-news\/sur-la-bonne-voie\/#breadcrumb\",\"itemListElement\":[{\"@type\":\"ListItem\",\"position\":1,\"name\":\"\",\"item\":\"https:\/\/swissbaker.ch\/fr\/\"},{\"@type\":\"ListItem\",\"position\":2,\"name\":\"Des cantons\",\"item\":\"https:\/\/swissbaker.ch\/fr\/panissimo-news\/category\/des-cantons\/\"},{\"@type\":\"ListItem\",\"position\":3,\"name\":\"\u00abSur la bonne voie\u00bb\"}]},{\"@type\":\"WebSite\",\"@id\":\"https:\/\/swissbaker.ch\/fr\/#website\",\"url\":\"https:\/\/swissbaker.ch\/fr\/\",\"name\":\"SBC\",\"description\":\"\",\"publisher\":{\"@id\":\"https:\/\/swissbaker.ch\/fr\/#organization\"},\"potentialAction\":[{\"@type\":\"SearchAction\",\"target\":{\"@type\":\"EntryPoint\",\"urlTemplate\":\"https:\/\/swissbaker.ch\/fr\/?s={search_term_string}\"},\"query-input\":{\"@type\":\"PropertyValueSpecification\",\"valueRequired\":true,\"valueName\":\"search_term_string\"}}],\"inLanguage\":\"fr-FR\"},{\"@type\":\"Organization\",\"@id\":\"https:\/\/swissbaker.ch\/fr\/#organization\",\"name\":\"Schweizerischer B\u00e4cker-Confiseurmeister-Verband\",\"url\":\"https:\/\/swissbaker.ch\/fr\/\",\"logo\":{\"@type\":\"ImageObject\",\"inLanguage\":\"fr-FR\",\"@id\":\"https:\/\/swissbaker.ch\/fr\/#\/schema\/logo\/image\/\",\"url\":\"https:\/\/swissbaker.ch\/wp-content\/uploads\/2022\/04\/sbc-logo-yoast.jpg\",\"contentUrl\":\"https:\/\/swissbaker.ch\/wp-content\/uploads\/2022\/04\/sbc-logo-yoast.jpg\",\"width\":512,\"height\":512,\"caption\":\"Schweizerischer B\u00e4cker-Confiseurmeister-Verband\"},\"image\":{\"@id\":\"https:\/\/swissbaker.ch\/fr\/#\/schema\/logo\/image\/\"},\"sameAs\":[\"https:\/\/www.facebook.com\/swissbaker.ch\",\"https:\/\/x.com\/ch_swissbaker\"]},{\"@type\":\"Person\",\"@id\":\"https:\/\/swissbaker.ch\/fr\/#\/schema\/person\/0c7464407782a0917d6e91a74206a176\",\"name\":\"Elina Laich\",\"image\":{\"@type\":\"ImageObject\",\"inLanguage\":\"fr-FR\",\"@id\":\"https:\/\/swissbaker.ch\/fr\/#\/schema\/person\/image\/\",\"url\":\"https:\/\/secure.gravatar.com\/avatar\/f942ca5f8668781d3ded9592a21de46001e053aff264ff1c6deb97b59d3604b2?s=96&d=mm&r=g\",\"contentUrl\":\"https:\/\/secure.gravatar.com\/avatar\/f942ca5f8668781d3ded9592a21de46001e053aff264ff1c6deb97b59d3604b2?s=96&d=mm&r=g\",\"caption\":\"Elina Laich\"},\"url\":\"https:\/\/swissbaker.ch\/fr\/panissimo-news\/author\/elina-laich\/\"}]}<\/script>\n<!-- \/ Yoast SEO Premium plugin. -->","yoast_head_json":{"title":"\u00abSur la bonne voie\u00bb | SBC","description":"A Gen\u00e8ve, une solution \u00e9merge pour lutter contre la crise \u00e9nerg\u00e9tique, \u00e0 la suite notamment d\u2019une rencontre entre l\u2019ABCGe et la ministre de l\u2019\u00e9conomie.","robots":{"index":"index","follow":"follow","max-snippet":"max-snippet:-1","max-image-preview":"max-image-preview:large","max-video-preview":"max-video-preview:-1"},"canonical":"https:\/\/swissbaker.ch\/fr\/panissimo-news\/sur-la-bonne-voie\/","og_locale":"fr_FR","og_type":"article","og_title":"\u00abSur la bonne voie\u00bb","og_description":"A Gen\u00e8ve, une solution \u00e9merge pour lutter contre la crise \u00e9nerg\u00e9tique, \u00e0 la suite notamment d\u2019une rencontre entre l\u2019ABCGe et la ministre de l\u2019\u00e9conomie.","og_url":"https:\/\/swissbaker.ch\/fr\/panissimo-news\/sur-la-bonne-voie\/","og_site_name":"SBC","article_publisher":"https:\/\/www.facebook.com\/swissbaker.ch","article_published_time":"2023-02-24T10:34:00+00:00","og_image":[{"width":800,"height":474,"url":"https:\/\/swissbaker.ch\/wp-content\/uploads\/2022\/10\/19_1_energie.jpg","type":"image\/jpeg"}],"author":"Elina Laich","twitter_card":"summary_large_image","twitter_creator":"@ch_swissbaker","twitter_site":"@ch_swissbaker","twitter_misc":{"Written by":"Elina Laich","Est. reading time":"3 minutes"},"schema":{"@context":"https:\/\/schema.org","@graph":[{"@type":"Article","@id":"https:\/\/swissbaker.ch\/fr\/panissimo-news\/sur-la-bonne-voie\/#article","isPartOf":{"@id":"https:\/\/swissbaker.ch\/fr\/panissimo-news\/sur-la-bonne-voie\/"},"author":{"name":"Elina Laich","@id":"https:\/\/swissbaker.ch\/fr\/#\/schema\/person\/0c7464407782a0917d6e91a74206a176"},"headline":"\u00abSur la bonne voie\u00bb","datePublished":"2023-02-24T10:34:00+00:00","mainEntityOfPage":{"@id":"https:\/\/swissbaker.ch\/fr\/panissimo-news\/sur-la-bonne-voie\/"},"wordCount":401,"publisher":{"@id":"https:\/\/swissbaker.ch\/fr\/#organization"},"image":{"@id":"https:\/\/swissbaker.ch\/fr\/panissimo-news\/sur-la-bonne-voie\/#primaryimage"},"thumbnailUrl":"https:\/\/swissbaker.ch\/wp-content\/uploads\/2022\/10\/19_1_energie.jpg","articleSection":["Des cantons"],"inLanguage":"fr-FR"},{"@type":"WebPage","@id":"https:\/\/swissbaker.ch\/fr\/panissimo-news\/sur-la-bonne-voie\/","url":"https:\/\/swissbaker.ch\/fr\/panissimo-news\/sur-la-bonne-voie\/","name":"\u00abSur la bonne voie\u00bb | SBC","isPartOf":{"@id":"https:\/\/swissbaker.ch\/fr\/#website"},"primaryImageOfPage":{"@id":"https:\/\/swissbaker.ch\/fr\/panissimo-news\/sur-la-bonne-voie\/#primaryimage"},"image":{"@id":"https:\/\/swissbaker.ch\/fr\/panissimo-news\/sur-la-bonne-voie\/#primaryimage"},"thumbnailUrl":"https:\/\/swissbaker.ch\/wp-content\/uploads\/2022\/10\/19_1_energie.jpg","datePublished":"2023-02-24T10:34:00+00:00","description":"A Gen\u00e8ve, une solution \u00e9merge pour lutter contre la crise \u00e9nerg\u00e9tique, \u00e0 la suite notamment d\u2019une rencontre entre l\u2019ABCGe et la ministre de l\u2019\u00e9conomie.","breadcrumb":{"@id":"https:\/\/swissbaker.ch\/fr\/panissimo-news\/sur-la-bonne-voie\/#breadcrumb"},"inLanguage":"fr-FR","potentialAction":[{"@type":"ReadAction","target":["https:\/\/swissbaker.ch\/fr\/panissimo-news\/sur-la-bonne-voie\/"]}]},{"@type":"ImageObject","inLanguage":"fr-FR","@id":"https:\/\/swissbaker.ch\/fr\/panissimo-news\/sur-la-bonne-voie\/#primaryimage","url":"https:\/\/swissbaker.ch\/wp-content\/uploads\/2022\/10\/19_1_energie.jpg","contentUrl":"https:\/\/swissbaker.ch\/wp-content\/uploads\/2022\/10\/19_1_energie.jpg","width":800,"height":474,"caption":"Energie Strom"},{"@type":"BreadcrumbList","@id":"https:\/\/swissbaker.ch\/fr\/panissimo-news\/sur-la-bonne-voie\/#breadcrumb","itemListElement":[{"@type":"ListItem","position":1,"name":"","item":"https:\/\/swissbaker.ch\/fr\/"},{"@type":"ListItem","position":2,"name":"Des cantons","item":"https:\/\/swissbaker.ch\/fr\/panissimo-news\/category\/des-cantons\/"},{"@type":"ListItem","position":3,"name":"\u00abSur la bonne voie\u00bb"}]},{"@type":"WebSite","@id":"https:\/\/swissbaker.ch\/fr\/#website","url":"https:\/\/swissbaker.ch\/fr\/","name":"SBC","description":"","publisher":{"@id":"https:\/\/swissbaker.ch\/fr\/#organization"},"potentialAction":[{"@type":"SearchAction","target":{"@type":"EntryPoint","urlTemplate":"https:\/\/swissbaker.ch\/fr\/?s={search_term_string}"},"query-input":{"@type":"PropertyValueSpecification","valueRequired":true,"valueName":"search_term_string"}}],"inLanguage":"fr-FR"},{"@type":"Organization","@id":"https:\/\/swissbaker.ch\/fr\/#organization","name":"Schweizerischer B\u00e4cker-Confiseurmeister-Verband","url":"https:\/\/swissbaker.ch\/fr\/","logo":{"@type":"ImageObject","inLanguage":"fr-FR","@id":"https:\/\/swissbaker.ch\/fr\/#\/schema\/logo\/image\/","url":"https:\/\/swissbaker.ch\/wp-content\/uploads\/2022\/04\/sbc-logo-yoast.jpg","contentUrl":"https:\/\/swissbaker.ch\/wp-content\/uploads\/2022\/04\/sbc-logo-yoast.jpg","width":512,"height":512,"caption":"Schweizerischer B\u00e4cker-Confiseurmeister-Verband"},"image":{"@id":"https:\/\/swissbaker.ch\/fr\/#\/schema\/logo\/image\/"},"sameAs":["https:\/\/www.facebook.com\/swissbaker.ch","https:\/\/x.com\/ch_swissbaker"]},{"@type":"Person","@id":"https:\/\/swissbaker.ch\/fr\/#\/schema\/person\/0c7464407782a0917d6e91a74206a176","name":"Elina Laich","image":{"@type":"ImageObject","inLanguage":"fr-FR","@id":"https:\/\/swissbaker.ch\/fr\/#\/schema\/person\/image\/","url":"https:\/\/secure.gravatar.com\/avatar\/f942ca5f8668781d3ded9592a21de46001e053aff264ff1c6deb97b59d3604b2?s=96&d=mm&r=g","contentUrl":"https:\/\/secure.gravatar.com\/avatar\/f942ca5f8668781d3ded9592a21de46001e053aff264ff1c6deb97b59d3604b2?s=96&d=mm&r=g","caption":"Elina Laich"},"url":"https:\/\/swissbaker.ch\/fr\/panissimo-news\/author\/elina-laich\/"}]}},"_links":{"self":[{"href":"https:\/\/swissbaker.ch\/fr\/wp-json\/wp\/v2\/posts\/57280","targetHints":{"allow":["GET"]}}],"collection":[{"href":"https:\/\/swissbaker.ch\/fr\/wp-json\/wp\/v2\/posts"}],"about":[{"href":"https:\/\/swissbaker.ch\/fr\/wp-json\/wp\/v2\/types\/post"}],"author":[{"embeddable":true,"href":"https:\/\/swissbaker.ch\/fr\/wp-json\/wp\/v2\/users\/4"}],"replies":[{"embeddable":true,"href":"https:\/\/swissbaker.ch\/fr\/wp-json\/wp\/v2\/comments?post=57280"}],"version-history":[{"count":0,"href":"https:\/\/swissbaker.ch\/fr\/wp-json\/wp\/v2\/posts\/57280\/revisions"}],"wp:featuredmedia":[{"embeddable":true,"href":"https:\/\/swissbaker.ch\/fr\/wp-json\/wp\/v2\/media\/50941"}],"wp:attachment":[{"href":"https:\/\/swissbaker.ch\/fr\/wp-json\/wp\/v2\/media?parent=57280"}],"wp:term":[{"taxonomy":"category","embeddable":true,"href":"https:\/\/swissbaker.ch\/fr\/wp-json\/wp\/v2\/categories?post=57280"},{"taxonomy":"post_tag","embeddable":true,"href":"https:\/\/swissbaker.ch\/fr\/wp-json\/wp\/v2\/tags?post=57280"}],"curies":[{"name":"wp","href":"https:\/\/api.w.org\/{rel}","templated":true}]}}