{"id":56677,"date":"2023-02-08T13:30:14","date_gmt":"2023-02-08T12:30:14","guid":{"rendered":"https:\/\/swissbaker.ch\/?p=56677"},"modified":"2023-02-08T13:30:15","modified_gmt":"2023-02-08T12:30:15","slug":"chrysantheme-ou-crise-en-theme","status":"publish","type":"post","link":"https:\/\/swissbaker.ch\/fr\/panissimo-news\/chrysantheme-ou-crise-en-theme\/","title":{"rendered":"Chrysanth\u00e8me ou crise en th\u00e8me ?"},"content":{"rendered":"\n<p>Si ce qui est mis en premier a une connotation florale, elle est li\u00e9e tr\u00e8s souvent \u00e0 la mort et fleurit les tombes de nos chers disparus. Fleur par excellence d\u00e9pos\u00e9e \u00e0 la Toussaint et qui r\u00e9siste aux affres du temps de ces moments de recueillement, d\u2019honneurs et de souvenirs pour ceux qui nous ont pr\u00e9c\u00e9d\u00e9s et souvent partis trop t\u00f4t.<\/p>\n\n\n\n<p>Mais parlons de vie, mais aussi de survie, de r\u00e9actions et d\u2019avenir car m\u00eame les tableaux les plus sombres renferment des parcelles de soleil et d\u2019espoir. Les crises sont le th\u00e8me pr\u00e9f\u00e9r\u00e9 de la sph\u00e8re m\u00e9diatique actuelle qui relate les d\u00e9boires du monde artisanal, de la paysannerie sur le plan \u00e9conomique. Il en va de m\u00eame par rapport \u00e0 la sph\u00e8re de la sant\u00e9 qui est en souffrance avec des mots divers comme autant de maux. Ne voir que les maux m\u00eame en y posant des mots c\u2019est un peu crier dans le d\u00e9sert car le vent disperse les mots et ne r\u00e8gle pas ceux qui sont si cruels qui ont pour noms facture de l\u2019\u00e9lectricit\u00e9, importation et de plus en plus de d\u00e9pendances ! Il est donc temps de r\u00e9agir, de se mettre en ordre de bataille, en arr\u00eatant de dire qu\u2019un commer\u00e7ant et un artisan ne peuvent faire de la politique active, ceci est un leurre.<\/p>\n\n\n\n<p>Que croyez-vous que font les grands distributeurs, les groupes p\u00e9troliers propri\u00e9taires de shops, le monde de l\u2019\u00e9lectricit\u00e9 et j\u2019en passe. La politique est la pointe de la d\u00e9mocratie et en Suisse celle de la d\u00e9mocratie directe que beaucoup nous envient. Faire de la politique c\u2019est aussi voter et \u00e9lire et ne pas s\u2019abstenir en ne votant pas et apr\u00e8s crier avec les loups.<\/p>\n\n\n\n<p>Etre actif, vous allez me r\u00e9pondre je n\u2019ai pas le temps, j\u2019ai d\u2019autres choses \u00e0 faire, j\u2019ai d\u00e9j\u00e0 trop ! Je peux vous comprendre mais rappelez-vous qu\u2019il faut savoir prendre le temps, s\u2019en donner les moyens, appuyer les revendications des associations fa\u00eeti\u00e8res et les partis qui nous d\u00e9fendent. Ceci sera certainement important et tr\u00e8s important pour l\u2019avenir de toutes et tous et surtout \u00e9vitera la d\u00e9pose de chrysanth\u00e8mes devant un commerce ferm\u00e9 \u00e0 la place que ceux-ci soient d\u00e9pos\u00e9s sur une pierre tombale. De tout c\u0153ur avec vous et \u00e0 vos c\u00f4t\u00e9s pour les combats \u00e0 venir, la solidarit\u00e9 est l\u2019essence de la r\u00e9ussite.<\/p>\n\n\n\n<p class=\"has-text-align-right\">Bernard Pignat, Chevalier d\u2019honneur de la confr\u00e9rie valaisanne<\/p>\n","protected":false},"excerpt":{"rendered":"<p>Si ce qui est mis en premier a une connotation florale, elle est li\u00e9e tr\u00e8s souvent \u00e0 la mort et fleurit les tombes de nos chers disparus. Fleur par excellence d\u00e9pos\u00e9e \u00e0 la Toussaint et qui r\u00e9siste aux affres du temps de ces moments de recueillement, d\u2019honneurs et de souvenirs pour ceux qui nous ont pr\u00e9c\u00e9d\u00e9s et souvent partis trop t\u00f4t.<\/p>\n","protected":false},"author":4,"featured_media":7213,"comment_status":"closed","ping_status":"closed","sticky":true,"template":"","format":"standard","meta":{"_acf_changed":false,"footnotes":""},"categories":[39],"tags":[],"class_list":["post-56677","post","type-post","status-publish","format-standard","has-post-thumbnail","hentry","category-de-la-branche"],"acf":[],"yoast_head":"<!-- This site is optimized with the Yoast SEO Premium plugin v26.8 (Yoast SEO v26.8) - https:\/\/yoast.com\/product\/yoast-seo-premium-wordpress\/ -->\n<title>Chrysanth\u00e8me ou crise en th\u00e8me ? | SBC<\/title>\n<meta name=\"description\" content=\"Si ce qui est mis en premier a une connotation florale, elle est li\u00e9e tr\u00e8s souvent \u00e0 la mort et fleurit les tombes de nos chers disparus ...\" \/>\n<meta name=\"robots\" content=\"index, follow, max-snippet:-1, max-image-preview:large, max-video-preview:-1\" \/>\n<link rel=\"canonical\" href=\"https:\/\/swissbaker.ch\/fr\/panissimo-news\/chrysantheme-ou-crise-en-theme\/\" \/>\n<meta property=\"og:locale\" content=\"fr_FR\" \/>\n<meta property=\"og:type\" content=\"article\" \/>\n<meta property=\"og:title\" content=\"Chrysanth\u00e8me ou crise en th\u00e8me ?\" \/>\n<meta property=\"og:description\" content=\"Si ce qui est mis en premier a une connotation florale, elle est li\u00e9e tr\u00e8s souvent \u00e0 la mort et fleurit les tombes de nos chers disparus ...\" \/>\n<meta property=\"og:url\" content=\"https:\/\/swissbaker.ch\/fr\/panissimo-news\/chrysantheme-ou-crise-en-theme\/\" \/>\n<meta property=\"og:site_name\" content=\"SBC\" \/>\n<meta property=\"article:publisher\" content=\"https:\/\/www.facebook.com\/swissbaker.ch\" \/>\n<meta property=\"article:published_time\" content=\"2023-02-08T12:30:14+00:00\" \/>\n<meta property=\"article:modified_time\" content=\"2023-02-08T12:30:15+00:00\" \/>\n<meta property=\"og:image\" content=\"https:\/\/swissbaker.ch\/wp-content\/uploads\/2022\/04\/le_chevalier.jpeg\" \/>\n\t<meta property=\"og:image:width\" content=\"800\" \/>\n\t<meta property=\"og:image:height\" content=\"474\" \/>\n\t<meta property=\"og:image:type\" content=\"image\/jpeg\" \/>\n<meta name=\"author\" content=\"Elina Laich\" \/>\n<meta name=\"twitter:card\" content=\"summary_large_image\" \/>\n<meta name=\"twitter:creator\" content=\"@ch_swissbaker\" \/>\n<meta name=\"twitter:site\" content=\"@ch_swissbaker\" \/>\n<meta name=\"twitter:label1\" content=\"Written by\" \/>\n\t<meta name=\"twitter:data1\" content=\"Elina Laich\" \/>\n\t<meta name=\"twitter:label2\" content=\"Est. reading time\" \/>\n\t<meta name=\"twitter:data2\" content=\"3 minutes\" \/>\n<script type=\"application\/ld+json\" class=\"yoast-schema-graph\">{\"@context\":\"https:\/\/schema.org\",\"@graph\":[{\"@type\":\"Article\",\"@id\":\"https:\/\/swissbaker.ch\/fr\/panissimo-news\/chrysantheme-ou-crise-en-theme\/#article\",\"isPartOf\":{\"@id\":\"https:\/\/swissbaker.ch\/fr\/panissimo-news\/chrysantheme-ou-crise-en-theme\/\"},\"author\":{\"name\":\"Elina Laich\",\"@id\":\"https:\/\/swissbaker.ch\/fr\/#\/schema\/person\/0c7464407782a0917d6e91a74206a176\"},\"headline\":\"Chrysanth\u00e8me ou crise en th\u00e8me ?\",\"datePublished\":\"2023-02-08T12:30:14+00:00\",\"dateModified\":\"2023-02-08T12:30:15+00:00\",\"mainEntityOfPage\":{\"@id\":\"https:\/\/swissbaker.ch\/fr\/panissimo-news\/chrysantheme-ou-crise-en-theme\/\"},\"wordCount\":457,\"publisher\":{\"@id\":\"https:\/\/swissbaker.ch\/fr\/#organization\"},\"image\":{\"@id\":\"https:\/\/swissbaker.ch\/fr\/panissimo-news\/chrysantheme-ou-crise-en-theme\/#primaryimage\"},\"thumbnailUrl\":\"https:\/\/swissbaker.ch\/wp-content\/uploads\/2022\/04\/le_chevalier.jpeg\",\"articleSection\":[\"De la branche\"],\"inLanguage\":\"fr-FR\"},{\"@type\":\"WebPage\",\"@id\":\"https:\/\/swissbaker.ch\/fr\/panissimo-news\/chrysantheme-ou-crise-en-theme\/\",\"url\":\"https:\/\/swissbaker.ch\/fr\/panissimo-news\/chrysantheme-ou-crise-en-theme\/\",\"name\":\"Chrysanth\u00e8me ou crise en th\u00e8me ? | SBC\",\"isPartOf\":{\"@id\":\"https:\/\/swissbaker.ch\/fr\/#website\"},\"primaryImageOfPage\":{\"@id\":\"https:\/\/swissbaker.ch\/fr\/panissimo-news\/chrysantheme-ou-crise-en-theme\/#primaryimage\"},\"image\":{\"@id\":\"https:\/\/swissbaker.ch\/fr\/panissimo-news\/chrysantheme-ou-crise-en-theme\/#primaryimage\"},\"thumbnailUrl\":\"https:\/\/swissbaker.ch\/wp-content\/uploads\/2022\/04\/le_chevalier.jpeg\",\"datePublished\":\"2023-02-08T12:30:14+00:00\",\"dateModified\":\"2023-02-08T12:30:15+00:00\",\"description\":\"Si ce qui est mis en premier a une connotation florale, elle est li\u00e9e tr\u00e8s souvent \u00e0 la mort et fleurit les tombes de nos chers disparus ...\",\"breadcrumb\":{\"@id\":\"https:\/\/swissbaker.ch\/fr\/panissimo-news\/chrysantheme-ou-crise-en-theme\/#breadcrumb\"},\"inLanguage\":\"fr-FR\",\"potentialAction\":[{\"@type\":\"ReadAction\",\"target\":[\"https:\/\/swissbaker.ch\/fr\/panissimo-news\/chrysantheme-ou-crise-en-theme\/\"]}]},{\"@type\":\"ImageObject\",\"inLanguage\":\"fr-FR\",\"@id\":\"https:\/\/swissbaker.ch\/fr\/panissimo-news\/chrysantheme-ou-crise-en-theme\/#primaryimage\",\"url\":\"https:\/\/swissbaker.ch\/wp-content\/uploads\/2022\/04\/le_chevalier.jpeg\",\"contentUrl\":\"https:\/\/swissbaker.ch\/wp-content\/uploads\/2022\/04\/le_chevalier.jpeg\",\"width\":800,\"height\":474,\"caption\":\"Traction avant\u2026Ou quatre fois quatre !\"},{\"@type\":\"BreadcrumbList\",\"@id\":\"https:\/\/swissbaker.ch\/fr\/panissimo-news\/chrysantheme-ou-crise-en-theme\/#breadcrumb\",\"itemListElement\":[{\"@type\":\"ListItem\",\"position\":1,\"name\":\"\",\"item\":\"https:\/\/swissbaker.ch\/fr\/\"},{\"@type\":\"ListItem\",\"position\":2,\"name\":\"De la branche\",\"item\":\"https:\/\/swissbaker.ch\/fr\/panissimo-news\/category\/de-la-branche\/\"},{\"@type\":\"ListItem\",\"position\":3,\"name\":\"Chrysanth\u00e8me ou crise en th\u00e8me ?\"}]},{\"@type\":\"WebSite\",\"@id\":\"https:\/\/swissbaker.ch\/fr\/#website\",\"url\":\"https:\/\/swissbaker.ch\/fr\/\",\"name\":\"SBC\",\"description\":\"\",\"publisher\":{\"@id\":\"https:\/\/swissbaker.ch\/fr\/#organization\"},\"potentialAction\":[{\"@type\":\"SearchAction\",\"target\":{\"@type\":\"EntryPoint\",\"urlTemplate\":\"https:\/\/swissbaker.ch\/fr\/?s={search_term_string}\"},\"query-input\":{\"@type\":\"PropertyValueSpecification\",\"valueRequired\":true,\"valueName\":\"search_term_string\"}}],\"inLanguage\":\"fr-FR\"},{\"@type\":\"Organization\",\"@id\":\"https:\/\/swissbaker.ch\/fr\/#organization\",\"name\":\"Schweizerischer B\u00e4cker-Confiseurmeister-Verband\",\"url\":\"https:\/\/swissbaker.ch\/fr\/\",\"logo\":{\"@type\":\"ImageObject\",\"inLanguage\":\"fr-FR\",\"@id\":\"https:\/\/swissbaker.ch\/fr\/#\/schema\/logo\/image\/\",\"url\":\"https:\/\/swissbaker.ch\/wp-content\/uploads\/2022\/04\/sbc-logo-yoast.jpg\",\"contentUrl\":\"https:\/\/swissbaker.ch\/wp-content\/uploads\/2022\/04\/sbc-logo-yoast.jpg\",\"width\":512,\"height\":512,\"caption\":\"Schweizerischer B\u00e4cker-Confiseurmeister-Verband\"},\"image\":{\"@id\":\"https:\/\/swissbaker.ch\/fr\/#\/schema\/logo\/image\/\"},\"sameAs\":[\"https:\/\/www.facebook.com\/swissbaker.ch\",\"https:\/\/x.com\/ch_swissbaker\"]},{\"@type\":\"Person\",\"@id\":\"https:\/\/swissbaker.ch\/fr\/#\/schema\/person\/0c7464407782a0917d6e91a74206a176\",\"name\":\"Elina Laich\",\"image\":{\"@type\":\"ImageObject\",\"inLanguage\":\"fr-FR\",\"@id\":\"https:\/\/swissbaker.ch\/fr\/#\/schema\/person\/image\/\",\"url\":\"https:\/\/secure.gravatar.com\/avatar\/f942ca5f8668781d3ded9592a21de46001e053aff264ff1c6deb97b59d3604b2?s=96&d=mm&r=g\",\"contentUrl\":\"https:\/\/secure.gravatar.com\/avatar\/f942ca5f8668781d3ded9592a21de46001e053aff264ff1c6deb97b59d3604b2?s=96&d=mm&r=g\",\"caption\":\"Elina Laich\"},\"url\":\"https:\/\/swissbaker.ch\/fr\/panissimo-news\/author\/elina-laich\/\"}]}<\/script>\n<!-- \/ Yoast SEO Premium plugin. -->","yoast_head_json":{"title":"Chrysanth\u00e8me ou crise en th\u00e8me ? | SBC","description":"Si ce qui est mis en premier a une connotation florale, elle est li\u00e9e tr\u00e8s souvent \u00e0 la mort et fleurit les tombes de nos chers disparus ...","robots":{"index":"index","follow":"follow","max-snippet":"max-snippet:-1","max-image-preview":"max-image-preview:large","max-video-preview":"max-video-preview:-1"},"canonical":"https:\/\/swissbaker.ch\/fr\/panissimo-news\/chrysantheme-ou-crise-en-theme\/","og_locale":"fr_FR","og_type":"article","og_title":"Chrysanth\u00e8me ou crise en th\u00e8me ?","og_description":"Si ce qui est mis en premier a une connotation florale, elle est li\u00e9e tr\u00e8s souvent \u00e0 la mort et fleurit les tombes de nos chers disparus ...","og_url":"https:\/\/swissbaker.ch\/fr\/panissimo-news\/chrysantheme-ou-crise-en-theme\/","og_site_name":"SBC","article_publisher":"https:\/\/www.facebook.com\/swissbaker.ch","article_published_time":"2023-02-08T12:30:14+00:00","article_modified_time":"2023-02-08T12:30:15+00:00","og_image":[{"width":800,"height":474,"url":"https:\/\/swissbaker.ch\/wp-content\/uploads\/2022\/04\/le_chevalier.jpeg","type":"image\/jpeg"}],"author":"Elina Laich","twitter_card":"summary_large_image","twitter_creator":"@ch_swissbaker","twitter_site":"@ch_swissbaker","twitter_misc":{"Written by":"Elina Laich","Est. reading time":"3 minutes"},"schema":{"@context":"https:\/\/schema.org","@graph":[{"@type":"Article","@id":"https:\/\/swissbaker.ch\/fr\/panissimo-news\/chrysantheme-ou-crise-en-theme\/#article","isPartOf":{"@id":"https:\/\/swissbaker.ch\/fr\/panissimo-news\/chrysantheme-ou-crise-en-theme\/"},"author":{"name":"Elina Laich","@id":"https:\/\/swissbaker.ch\/fr\/#\/schema\/person\/0c7464407782a0917d6e91a74206a176"},"headline":"Chrysanth\u00e8me ou crise en th\u00e8me ?","datePublished":"2023-02-08T12:30:14+00:00","dateModified":"2023-02-08T12:30:15+00:00","mainEntityOfPage":{"@id":"https:\/\/swissbaker.ch\/fr\/panissimo-news\/chrysantheme-ou-crise-en-theme\/"},"wordCount":457,"publisher":{"@id":"https:\/\/swissbaker.ch\/fr\/#organization"},"image":{"@id":"https:\/\/swissbaker.ch\/fr\/panissimo-news\/chrysantheme-ou-crise-en-theme\/#primaryimage"},"thumbnailUrl":"https:\/\/swissbaker.ch\/wp-content\/uploads\/2022\/04\/le_chevalier.jpeg","articleSection":["De la branche"],"inLanguage":"fr-FR"},{"@type":"WebPage","@id":"https:\/\/swissbaker.ch\/fr\/panissimo-news\/chrysantheme-ou-crise-en-theme\/","url":"https:\/\/swissbaker.ch\/fr\/panissimo-news\/chrysantheme-ou-crise-en-theme\/","name":"Chrysanth\u00e8me ou crise en th\u00e8me ? | SBC","isPartOf":{"@id":"https:\/\/swissbaker.ch\/fr\/#website"},"primaryImageOfPage":{"@id":"https:\/\/swissbaker.ch\/fr\/panissimo-news\/chrysantheme-ou-crise-en-theme\/#primaryimage"},"image":{"@id":"https:\/\/swissbaker.ch\/fr\/panissimo-news\/chrysantheme-ou-crise-en-theme\/#primaryimage"},"thumbnailUrl":"https:\/\/swissbaker.ch\/wp-content\/uploads\/2022\/04\/le_chevalier.jpeg","datePublished":"2023-02-08T12:30:14+00:00","dateModified":"2023-02-08T12:30:15+00:00","description":"Si ce qui est mis en premier a une connotation florale, elle est li\u00e9e tr\u00e8s souvent \u00e0 la mort et fleurit les tombes de nos chers disparus ...","breadcrumb":{"@id":"https:\/\/swissbaker.ch\/fr\/panissimo-news\/chrysantheme-ou-crise-en-theme\/#breadcrumb"},"inLanguage":"fr-FR","potentialAction":[{"@type":"ReadAction","target":["https:\/\/swissbaker.ch\/fr\/panissimo-news\/chrysantheme-ou-crise-en-theme\/"]}]},{"@type":"ImageObject","inLanguage":"fr-FR","@id":"https:\/\/swissbaker.ch\/fr\/panissimo-news\/chrysantheme-ou-crise-en-theme\/#primaryimage","url":"https:\/\/swissbaker.ch\/wp-content\/uploads\/2022\/04\/le_chevalier.jpeg","contentUrl":"https:\/\/swissbaker.ch\/wp-content\/uploads\/2022\/04\/le_chevalier.jpeg","width":800,"height":474,"caption":"Traction avant\u2026Ou quatre fois quatre !"},{"@type":"BreadcrumbList","@id":"https:\/\/swissbaker.ch\/fr\/panissimo-news\/chrysantheme-ou-crise-en-theme\/#breadcrumb","itemListElement":[{"@type":"ListItem","position":1,"name":"","item":"https:\/\/swissbaker.ch\/fr\/"},{"@type":"ListItem","position":2,"name":"De la branche","item":"https:\/\/swissbaker.ch\/fr\/panissimo-news\/category\/de-la-branche\/"},{"@type":"ListItem","position":3,"name":"Chrysanth\u00e8me ou crise en th\u00e8me ?"}]},{"@type":"WebSite","@id":"https:\/\/swissbaker.ch\/fr\/#website","url":"https:\/\/swissbaker.ch\/fr\/","name":"SBC","description":"","publisher":{"@id":"https:\/\/swissbaker.ch\/fr\/#organization"},"potentialAction":[{"@type":"SearchAction","target":{"@type":"EntryPoint","urlTemplate":"https:\/\/swissbaker.ch\/fr\/?s={search_term_string}"},"query-input":{"@type":"PropertyValueSpecification","valueRequired":true,"valueName":"search_term_string"}}],"inLanguage":"fr-FR"},{"@type":"Organization","@id":"https:\/\/swissbaker.ch\/fr\/#organization","name":"Schweizerischer B\u00e4cker-Confiseurmeister-Verband","url":"https:\/\/swissbaker.ch\/fr\/","logo":{"@type":"ImageObject","inLanguage":"fr-FR","@id":"https:\/\/swissbaker.ch\/fr\/#\/schema\/logo\/image\/","url":"https:\/\/swissbaker.ch\/wp-content\/uploads\/2022\/04\/sbc-logo-yoast.jpg","contentUrl":"https:\/\/swissbaker.ch\/wp-content\/uploads\/2022\/04\/sbc-logo-yoast.jpg","width":512,"height":512,"caption":"Schweizerischer B\u00e4cker-Confiseurmeister-Verband"},"image":{"@id":"https:\/\/swissbaker.ch\/fr\/#\/schema\/logo\/image\/"},"sameAs":["https:\/\/www.facebook.com\/swissbaker.ch","https:\/\/x.com\/ch_swissbaker"]},{"@type":"Person","@id":"https:\/\/swissbaker.ch\/fr\/#\/schema\/person\/0c7464407782a0917d6e91a74206a176","name":"Elina Laich","image":{"@type":"ImageObject","inLanguage":"fr-FR","@id":"https:\/\/swissbaker.ch\/fr\/#\/schema\/person\/image\/","url":"https:\/\/secure.gravatar.com\/avatar\/f942ca5f8668781d3ded9592a21de46001e053aff264ff1c6deb97b59d3604b2?s=96&d=mm&r=g","contentUrl":"https:\/\/secure.gravatar.com\/avatar\/f942ca5f8668781d3ded9592a21de46001e053aff264ff1c6deb97b59d3604b2?s=96&d=mm&r=g","caption":"Elina Laich"},"url":"https:\/\/swissbaker.ch\/fr\/panissimo-news\/author\/elina-laich\/"}]}},"_links":{"self":[{"href":"https:\/\/swissbaker.ch\/fr\/wp-json\/wp\/v2\/posts\/56677","targetHints":{"allow":["GET"]}}],"collection":[{"href":"https:\/\/swissbaker.ch\/fr\/wp-json\/wp\/v2\/posts"}],"about":[{"href":"https:\/\/swissbaker.ch\/fr\/wp-json\/wp\/v2\/types\/post"}],"author":[{"embeddable":true,"href":"https:\/\/swissbaker.ch\/fr\/wp-json\/wp\/v2\/users\/4"}],"replies":[{"embeddable":true,"href":"https:\/\/swissbaker.ch\/fr\/wp-json\/wp\/v2\/comments?post=56677"}],"version-history":[{"count":0,"href":"https:\/\/swissbaker.ch\/fr\/wp-json\/wp\/v2\/posts\/56677\/revisions"}],"wp:featuredmedia":[{"embeddable":true,"href":"https:\/\/swissbaker.ch\/fr\/wp-json\/wp\/v2\/media\/7213"}],"wp:attachment":[{"href":"https:\/\/swissbaker.ch\/fr\/wp-json\/wp\/v2\/media?parent=56677"}],"wp:term":[{"taxonomy":"category","embeddable":true,"href":"https:\/\/swissbaker.ch\/fr\/wp-json\/wp\/v2\/categories?post=56677"},{"taxonomy":"post_tag","embeddable":true,"href":"https:\/\/swissbaker.ch\/fr\/wp-json\/wp\/v2\/tags?post=56677"}],"curies":[{"name":"wp","href":"https:\/\/api.w.org\/{rel}","templated":true}]}}