{"id":56666,"date":"2023-02-08T12:18:39","date_gmt":"2023-02-08T11:18:39","guid":{"rendered":"https:\/\/swissbaker.ch\/?p=56666"},"modified":"2023-02-08T13:08:53","modified_gmt":"2023-02-08T12:08:53","slug":"etre-bon-producteur-et-bon-leader","status":"publish","type":"post","link":"https:\/\/swissbaker.ch\/fr\/panissimo-news\/etre-bon-producteur-et-bon-leader\/","title":{"rendered":"\u00catre bon producteur et bon leader"},"content":{"rendered":"\n<p><strong>Le brevet f\u00e9d\u00e9ral est une premi\u00e8re sp\u00e9cialisation apr\u00e8s le CFC. S\u00e9bastien Knecht, responsable de Richemont Romandie \u00e0 Yverdon (VD), r\u00e9pond aux questions pratiques concernant la pr\u00e9paration de cet examen professionnel.<\/strong><\/p>\n\n\n\n<figure class=\"wp-block-image size-large is-resized\"><img decoding=\"async\" src=\"https:\/\/swissbaker.ch\/wp-content\/uploads\/2023\/02\/3_1_sebastien-knecht_jr-1024x684.jpg\" alt=\"\" class=\"wp-image-56668\" width=\"512\" height=\"342\" srcset=\"https:\/\/swissbaker.ch\/wp-content\/uploads\/2023\/02\/3_1_sebastien-knecht_jr-1024x684.jpg 1024w, https:\/\/swissbaker.ch\/wp-content\/uploads\/2023\/02\/3_1_sebastien-knecht_jr-768x513.jpg 768w, https:\/\/swissbaker.ch\/wp-content\/uploads\/2023\/02\/3_1_sebastien-knecht_jr.jpg 1066w\" sizes=\"(max-width: 512px) 100vw, 512px\" \/><figcaption><em>S\u00e9bastien Knecht, responsable de Richemont Romandie \u00e0 Yverdon (VD)<\/em><\/figcaption><\/figure>\n\n\n\n<p><strong>S\u00e9bastien Knecht, qu&#8217;est-ce que le brevet f\u00e9d\u00e9ral ?<\/strong><br>Il s\u2019agit d\u2019une formation continue apr\u00e8s le certificat f\u00e9d\u00e9ral de capacit\u00e9 (CFC), afin d\u2019obtenir un approfondissement professionnel dans un domaine sp\u00e9cifique. A l\u2019image du m\u00e9decin qui termine ses \u00e9tudes et qui se sp\u00e9cialise en chirurgie, c\u2019est une sp\u00e9cialisation. Praticiens \u00e9clair\u00e9s, les dipl\u00f4m\u00e9s sont capables de synth\u00e9tiser, d\u2019\u00e9valuer, d\u2019anticiper, de se remettre en question et de cr\u00e9er. Le brevet existe dans chacune des orientations : boulangerie (nouveau), boulangerie-p\u00e2tisserie, p\u00e2tisserie-confiserie et vente (uniquement en Suisse allemande).<\/p>\n\n\n\n<p><strong>A qui s&#8217;adresse-t-il ?<\/strong><br>Il s\u2019adresse aux artisans qui ont au moins quatre ann\u00e9es d\u2019exp\u00e9rience professionnelle. Ils doivent non seulement \u00eatre pr\u00eats pas seulement \u00e0 devenir un bon producteur, mais aussi un bon manager. Etre en entreprise est n\u00e9cessaire notamment pour exp\u00e9rimenter un peu la gestion du personnel. Obtenir le brevet en travaillant sur une cha\u00eene de grande surface est difficilement imaginable. Il faut aussi l\u2019envie de faire des \u00e9tudes (\u2026) et avoir l\u2019audace de remettre en question ses comp\u00e9tences.<\/p>\n\n\n\n<p><strong>Comment se d\u00e9roule la formation ?<\/strong><br>Elle se compose de th\u00e9orie et de la pratique. La th\u00e9orie comprend quatre modules : connaissances professionnelles, gestion d\u2019entreprise, gestion du personnel ainsi qu\u2019organisation de l\u2019entreprise et gestion des marchandises. On leur apprend \u00e0 la fois \u00e0 \u00eatre des artistes fous, cr\u00e9atifs, passionn\u00e9s, mais aussi \u00e0 \u00eatre raisonn\u00e9s par rapport au co\u00fbt et \u00e0 la rentabilit\u00e9 de leur production ; l\u2019un ne peut pas aller sans l\u2019autre. Les travaux pratiques portent sur des sujets tels que la planification de la production, l\u2019approvi-sionnement en denr\u00e9es alimentaires, la fabrication et le stockage de produits adapt\u00e9s aux besoins des clients.<\/p>\n\n\n\n<p><strong>Durant combien de temps ? <\/strong><br>En Suisse romande, la formation s\u2019\u00e9tale sur deux ans et demi avec des pauses. La premi\u00e8re partie comprend huit mois de cours th\u00e9orique, un jour par semaine. Trois \u00e0 quatre mois de pratique \u00e0 Yverdon et \u00e0 Lucerne la compl\u00e8tent. Un examen cl\u00f4t chacun des modules. Pr\u00e9requis \u00e0 l\u2019examen final, ils peuvent \u00eatre repass\u00e9s autant de fois que n\u00e9cessaire.<\/p>\n\n\n\n<p><strong>Et l&#8217;examen ?<\/strong><br>L\u2019examen th\u00e9orique se d\u00e9roule sur plusieurs journ\u00e9es en novembre de la deuxi\u00e8me ann\u00e9e. Il s\u2019agit d\u2019une \u00e9tude de cas, de trois heures par \u00e9crit, qui m\u00e9lange les quatre modules. Les candidats auront \u00e9galement deux heures d\u2019oral dont deux fois trente minutes d\u2019oral en gestion du personnel et d\u2019entreprise. Apr\u00e8s quelques mois, ils passent leur pratique. Durant deux jours de suite, ils sont \u00e9valu\u00e9s sur leurs capacit\u00e9s \u00e0 g\u00e9rer un aide, et confectionnent des produits. Ils doivent aussi pr\u00e9senter une cr\u00e9ation personnelle inexistante dans l\u2019entreprise, satisfaire une commande leur parvenant 20 \u00e0 30 jours avant l\u2019examen et ex\u00e9cuter quelques devoirs surprises le jour m\u00eame. Contrairement au CFC, tous les produits sont go\u00fbt\u00e9s.<\/p>\n\n\n\n<p><strong>Quel est le taux de r\u00e9ussite ? <\/strong><br>Pour la Suisse romande, il se situe en g\u00e9n\u00e9ral au-dessus de 60 %. Il ne faut pas oublier cependant que c\u2019est un examen difficile et exigeant.<\/p>\n\n\n\n<p><strong>En cas d&#8217;\u00e9chec, est-il possible de le repasser ?<\/strong><br>L\u2019examen peut \u00eatre tent\u00e9 \u00e0 trois reprises. Lors de sa r\u00e9ussite, la BCS remet aux laur\u00e9ats un dipl\u00f4me officiel de la Conf\u00e9d\u00e9ration avec le titre de brevet f\u00e9d\u00e9ral, prot\u00e9g\u00e9 par la loi de \u00ab chef boulanger-p\u00e2tissier-confiseur orientation\u2026 \u00bb. C\u2019est une formation professionnelle sup\u00e9rieure, il faut se donner les moyens d\u2019apprendre, de r\u00e9viser, de s\u2019entra\u00eener, comme un sportif d\u2019\u00e9lite.<\/p>\n\n\n\n<p><strong>Tr\u00e8s concr\u00e8tement, qu&#8217;apporte l&#8217;obtention du brevet ?<\/strong><br>Il apporte la possibilit\u00e9 d\u2019\u00eatre reconnu en tant qu\u2019autorit\u00e9. Renforc\u00e9 dans son r\u00f4le, son d\u00e9tenteur peut ainsi pr\u00e9tendre \u00e0 une prise d\u2019autorit\u00e9 et une hausse de salaire.<\/p>\n\n\n\n<p><strong>En parlant d&#8217;argent, quel est son co\u00fbt ?<\/strong><br>Son co\u00fbt est de 26 500 francs, sans compter l\u2019h\u00f4tel, les d\u00e9placements ou les frais de recherches. Toutefois, il existe de nombreuses subventions (Conf\u00e9d\u00e9ration, cpbc), et des remboursements DFO si au moins 80 % des cours ont \u00e9t\u00e9 suivis. Pour finir, il ne reste plus que 2000 francs \u00e0 payer au candidat. Certains candidats se font aider par la famille ou font un pr\u00eat \u00e9tudiant. D\u2019autres trouvent un arrangement financier avec leur entreprise.<\/p>\n\n\n\n<p><strong>Quand d\u00e9bute la prochaine formation ?<\/strong><br>La prochaine \u00e9dition du brevet f\u00e9d\u00e9ral, 2023-2025 d\u00e9marre apr\u00e8s P\u00e2ques, dans les orientations boulangerie, boulangerie-p\u00e2tisserie, p\u00e2tisserie-confiserie.<\/p>\n\n\n\n<p class=\"has-text-align-right\">Entretien : Johann Ruppen<\/p>\n\n\n\n<p><a href=\"https:\/\/richemont.swiss\/fr\/education\/offres-de-formations\/formation-professionnelle-superieure\/examen-professionnel\/\" target=\"_blank\" rel=\"noreferrer noopener\">Plus d&#8217;informations&#8230;\u00bb<\/a><\/p>\n","protected":false},"excerpt":{"rendered":"<p>Le brevet f\u00e9d\u00e9ral est une premi\u00e8re sp\u00e9cialisation apr\u00e8s le CFC. S\u00e9bastien Knecht, responsable de Richemont Romandie \u00e0 Yverdon (VD), r\u00e9pond aux questions pratiques concernant la pr\u00e9paration de cet examen professionnel.<\/p>\n","protected":false},"author":4,"featured_media":56665,"comment_status":"closed","ping_status":"closed","sticky":true,"template":"","format":"standard","meta":{"_acf_changed":false,"footnotes":""},"categories":[47],"tags":[],"class_list":["post-56666","post","type-post","status-publish","format-standard","has-post-thumbnail","hentry","category-formation-releve"],"acf":[],"yoast_head":"<!-- This site is optimized with the Yoast SEO Premium plugin v26.8 (Yoast SEO v26.8) - https:\/\/yoast.com\/product\/yoast-seo-premium-wordpress\/ -->\n<title>\u00catre bon producteur et bon leader | SBC<\/title>\n<meta name=\"description\" content=\"Le brevet f\u00e9d\u00e9ral est une premi\u00e8re sp\u00e9cialisation apr\u00e8s le CFC. S\u00e9bastien Knecht, responsable de Richemont Romandie \u00e0 Yverdon (VD), r\u00e9pond aux questions pratiques concernant la pr\u00e9paration de cet examen professionnel.\" \/>\n<meta name=\"robots\" content=\"index, follow, max-snippet:-1, max-image-preview:large, max-video-preview:-1\" \/>\n<link rel=\"canonical\" href=\"https:\/\/swissbaker.ch\/fr\/panissimo-news\/etre-bon-producteur-et-bon-leader\/\" \/>\n<meta property=\"og:locale\" content=\"fr_FR\" \/>\n<meta property=\"og:type\" content=\"article\" \/>\n<meta property=\"og:title\" content=\"\u00catre bon producteur et bon leader\" \/>\n<meta property=\"og:description\" content=\"Le brevet f\u00e9d\u00e9ral est une premi\u00e8re sp\u00e9cialisation apr\u00e8s le CFC. S\u00e9bastien Knecht, responsable de Richemont Romandie \u00e0 Yverdon (VD), r\u00e9pond aux questions pratiques concernant la pr\u00e9paration de cet examen professionnel.\" \/>\n<meta property=\"og:url\" content=\"https:\/\/swissbaker.ch\/fr\/panissimo-news\/etre-bon-producteur-et-bon-leader\/\" \/>\n<meta property=\"og:site_name\" content=\"SBC\" \/>\n<meta property=\"article:publisher\" content=\"https:\/\/www.facebook.com\/swissbaker.ch\" \/>\n<meta property=\"article:published_time\" content=\"2023-02-08T11:18:39+00:00\" \/>\n<meta property=\"article:modified_time\" content=\"2023-02-08T12:08:53+00:00\" \/>\n<meta property=\"og:image\" content=\"https:\/\/swissbaker.ch\/wp-content\/uploads\/2023\/02\/3_1_berufspruefung.jpg\" \/>\n\t<meta property=\"og:image:width\" content=\"1200\" \/>\n\t<meta property=\"og:image:height\" content=\"712\" \/>\n\t<meta property=\"og:image:type\" content=\"image\/jpeg\" \/>\n<meta name=\"author\" content=\"Elina Laich\" \/>\n<meta name=\"twitter:card\" content=\"summary_large_image\" \/>\n<meta name=\"twitter:creator\" content=\"@ch_swissbaker\" \/>\n<meta name=\"twitter:site\" content=\"@ch_swissbaker\" \/>\n<meta name=\"twitter:label1\" content=\"Written by\" \/>\n\t<meta name=\"twitter:data1\" content=\"Elina Laich\" \/>\n\t<meta name=\"twitter:label2\" content=\"Est. reading time\" \/>\n\t<meta name=\"twitter:data2\" content=\"5 minutes\" \/>\n<script type=\"application\/ld+json\" class=\"yoast-schema-graph\">{\"@context\":\"https:\/\/schema.org\",\"@graph\":[{\"@type\":\"Article\",\"@id\":\"https:\/\/swissbaker.ch\/fr\/panissimo-news\/etre-bon-producteur-et-bon-leader\/#article\",\"isPartOf\":{\"@id\":\"https:\/\/swissbaker.ch\/fr\/panissimo-news\/etre-bon-producteur-et-bon-leader\/\"},\"author\":{\"name\":\"Elina Laich\",\"@id\":\"https:\/\/swissbaker.ch\/fr\/#\/schema\/person\/0c7464407782a0917d6e91a74206a176\"},\"headline\":\"\u00catre bon producteur et bon leader\",\"datePublished\":\"2023-02-08T11:18:39+00:00\",\"dateModified\":\"2023-02-08T12:08:53+00:00\",\"mainEntityOfPage\":{\"@id\":\"https:\/\/swissbaker.ch\/fr\/panissimo-news\/etre-bon-producteur-et-bon-leader\/\"},\"wordCount\":835,\"publisher\":{\"@id\":\"https:\/\/swissbaker.ch\/fr\/#organization\"},\"image\":{\"@id\":\"https:\/\/swissbaker.ch\/fr\/panissimo-news\/etre-bon-producteur-et-bon-leader\/#primaryimage\"},\"thumbnailUrl\":\"https:\/\/swissbaker.ch\/wp-content\/uploads\/2023\/02\/3_1_berufspruefung.jpg\",\"articleSection\":[\"Formation\/Rel\u00e8ve\"],\"inLanguage\":\"fr-FR\"},{\"@type\":\"WebPage\",\"@id\":\"https:\/\/swissbaker.ch\/fr\/panissimo-news\/etre-bon-producteur-et-bon-leader\/\",\"url\":\"https:\/\/swissbaker.ch\/fr\/panissimo-news\/etre-bon-producteur-et-bon-leader\/\",\"name\":\"\u00catre bon producteur et bon leader | SBC\",\"isPartOf\":{\"@id\":\"https:\/\/swissbaker.ch\/fr\/#website\"},\"primaryImageOfPage\":{\"@id\":\"https:\/\/swissbaker.ch\/fr\/panissimo-news\/etre-bon-producteur-et-bon-leader\/#primaryimage\"},\"image\":{\"@id\":\"https:\/\/swissbaker.ch\/fr\/panissimo-news\/etre-bon-producteur-et-bon-leader\/#primaryimage\"},\"thumbnailUrl\":\"https:\/\/swissbaker.ch\/wp-content\/uploads\/2023\/02\/3_1_berufspruefung.jpg\",\"datePublished\":\"2023-02-08T11:18:39+00:00\",\"dateModified\":\"2023-02-08T12:08:53+00:00\",\"description\":\"Le brevet f\u00e9d\u00e9ral est une premi\u00e8re sp\u00e9cialisation apr\u00e8s le CFC. S\u00e9bastien Knecht, responsable de Richemont Romandie \u00e0 Yverdon (VD), r\u00e9pond aux questions pratiques concernant la pr\u00e9paration de cet examen professionnel.\",\"breadcrumb\":{\"@id\":\"https:\/\/swissbaker.ch\/fr\/panissimo-news\/etre-bon-producteur-et-bon-leader\/#breadcrumb\"},\"inLanguage\":\"fr-FR\",\"potentialAction\":[{\"@type\":\"ReadAction\",\"target\":[\"https:\/\/swissbaker.ch\/fr\/panissimo-news\/etre-bon-producteur-et-bon-leader\/\"]}]},{\"@type\":\"ImageObject\",\"inLanguage\":\"fr-FR\",\"@id\":\"https:\/\/swissbaker.ch\/fr\/panissimo-news\/etre-bon-producteur-et-bon-leader\/#primaryimage\",\"url\":\"https:\/\/swissbaker.ch\/wp-content\/uploads\/2023\/02\/3_1_berufspruefung.jpg\",\"contentUrl\":\"https:\/\/swissbaker.ch\/wp-content\/uploads\/2023\/02\/3_1_berufspruefung.jpg\",\"width\":1200,\"height\":712},{\"@type\":\"BreadcrumbList\",\"@id\":\"https:\/\/swissbaker.ch\/fr\/panissimo-news\/etre-bon-producteur-et-bon-leader\/#breadcrumb\",\"itemListElement\":[{\"@type\":\"ListItem\",\"position\":1,\"name\":\"\",\"item\":\"https:\/\/swissbaker.ch\/fr\/\"},{\"@type\":\"ListItem\",\"position\":2,\"name\":\"Formation\/Rel\u00e8ve\",\"item\":\"https:\/\/swissbaker.ch\/fr\/panissimo-news\/category\/formation-releve\/\"},{\"@type\":\"ListItem\",\"position\":3,\"name\":\"\u00catre bon producteur et bon leader\"}]},{\"@type\":\"WebSite\",\"@id\":\"https:\/\/swissbaker.ch\/fr\/#website\",\"url\":\"https:\/\/swissbaker.ch\/fr\/\",\"name\":\"SBC\",\"description\":\"\",\"publisher\":{\"@id\":\"https:\/\/swissbaker.ch\/fr\/#organization\"},\"potentialAction\":[{\"@type\":\"SearchAction\",\"target\":{\"@type\":\"EntryPoint\",\"urlTemplate\":\"https:\/\/swissbaker.ch\/fr\/?s={search_term_string}\"},\"query-input\":{\"@type\":\"PropertyValueSpecification\",\"valueRequired\":true,\"valueName\":\"search_term_string\"}}],\"inLanguage\":\"fr-FR\"},{\"@type\":\"Organization\",\"@id\":\"https:\/\/swissbaker.ch\/fr\/#organization\",\"name\":\"Schweizerischer B\u00e4cker-Confiseurmeister-Verband\",\"url\":\"https:\/\/swissbaker.ch\/fr\/\",\"logo\":{\"@type\":\"ImageObject\",\"inLanguage\":\"fr-FR\",\"@id\":\"https:\/\/swissbaker.ch\/fr\/#\/schema\/logo\/image\/\",\"url\":\"https:\/\/swissbaker.ch\/wp-content\/uploads\/2022\/04\/sbc-logo-yoast.jpg\",\"contentUrl\":\"https:\/\/swissbaker.ch\/wp-content\/uploads\/2022\/04\/sbc-logo-yoast.jpg\",\"width\":512,\"height\":512,\"caption\":\"Schweizerischer B\u00e4cker-Confiseurmeister-Verband\"},\"image\":{\"@id\":\"https:\/\/swissbaker.ch\/fr\/#\/schema\/logo\/image\/\"},\"sameAs\":[\"https:\/\/www.facebook.com\/swissbaker.ch\",\"https:\/\/x.com\/ch_swissbaker\"]},{\"@type\":\"Person\",\"@id\":\"https:\/\/swissbaker.ch\/fr\/#\/schema\/person\/0c7464407782a0917d6e91a74206a176\",\"name\":\"Elina Laich\",\"image\":{\"@type\":\"ImageObject\",\"inLanguage\":\"fr-FR\",\"@id\":\"https:\/\/swissbaker.ch\/fr\/#\/schema\/person\/image\/\",\"url\":\"https:\/\/secure.gravatar.com\/avatar\/f942ca5f8668781d3ded9592a21de46001e053aff264ff1c6deb97b59d3604b2?s=96&d=mm&r=g\",\"contentUrl\":\"https:\/\/secure.gravatar.com\/avatar\/f942ca5f8668781d3ded9592a21de46001e053aff264ff1c6deb97b59d3604b2?s=96&d=mm&r=g\",\"caption\":\"Elina Laich\"},\"url\":\"https:\/\/swissbaker.ch\/fr\/panissimo-news\/author\/elina-laich\/\"}]}<\/script>\n<!-- \/ Yoast SEO Premium plugin. -->","yoast_head_json":{"title":"\u00catre bon producteur et bon leader | SBC","description":"Le brevet f\u00e9d\u00e9ral est une premi\u00e8re sp\u00e9cialisation apr\u00e8s le CFC. S\u00e9bastien Knecht, responsable de Richemont Romandie \u00e0 Yverdon (VD), r\u00e9pond aux questions pratiques concernant la pr\u00e9paration de cet examen professionnel.","robots":{"index":"index","follow":"follow","max-snippet":"max-snippet:-1","max-image-preview":"max-image-preview:large","max-video-preview":"max-video-preview:-1"},"canonical":"https:\/\/swissbaker.ch\/fr\/panissimo-news\/etre-bon-producteur-et-bon-leader\/","og_locale":"fr_FR","og_type":"article","og_title":"\u00catre bon producteur et bon leader","og_description":"Le brevet f\u00e9d\u00e9ral est une premi\u00e8re sp\u00e9cialisation apr\u00e8s le CFC. S\u00e9bastien Knecht, responsable de Richemont Romandie \u00e0 Yverdon (VD), r\u00e9pond aux questions pratiques concernant la pr\u00e9paration de cet examen professionnel.","og_url":"https:\/\/swissbaker.ch\/fr\/panissimo-news\/etre-bon-producteur-et-bon-leader\/","og_site_name":"SBC","article_publisher":"https:\/\/www.facebook.com\/swissbaker.ch","article_published_time":"2023-02-08T11:18:39+00:00","article_modified_time":"2023-02-08T12:08:53+00:00","og_image":[{"width":1200,"height":712,"url":"https:\/\/swissbaker.ch\/wp-content\/uploads\/2023\/02\/3_1_berufspruefung.jpg","type":"image\/jpeg"}],"author":"Elina Laich","twitter_card":"summary_large_image","twitter_creator":"@ch_swissbaker","twitter_site":"@ch_swissbaker","twitter_misc":{"Written by":"Elina Laich","Est. reading time":"5 minutes"},"schema":{"@context":"https:\/\/schema.org","@graph":[{"@type":"Article","@id":"https:\/\/swissbaker.ch\/fr\/panissimo-news\/etre-bon-producteur-et-bon-leader\/#article","isPartOf":{"@id":"https:\/\/swissbaker.ch\/fr\/panissimo-news\/etre-bon-producteur-et-bon-leader\/"},"author":{"name":"Elina Laich","@id":"https:\/\/swissbaker.ch\/fr\/#\/schema\/person\/0c7464407782a0917d6e91a74206a176"},"headline":"\u00catre bon producteur et bon leader","datePublished":"2023-02-08T11:18:39+00:00","dateModified":"2023-02-08T12:08:53+00:00","mainEntityOfPage":{"@id":"https:\/\/swissbaker.ch\/fr\/panissimo-news\/etre-bon-producteur-et-bon-leader\/"},"wordCount":835,"publisher":{"@id":"https:\/\/swissbaker.ch\/fr\/#organization"},"image":{"@id":"https:\/\/swissbaker.ch\/fr\/panissimo-news\/etre-bon-producteur-et-bon-leader\/#primaryimage"},"thumbnailUrl":"https:\/\/swissbaker.ch\/wp-content\/uploads\/2023\/02\/3_1_berufspruefung.jpg","articleSection":["Formation\/Rel\u00e8ve"],"inLanguage":"fr-FR"},{"@type":"WebPage","@id":"https:\/\/swissbaker.ch\/fr\/panissimo-news\/etre-bon-producteur-et-bon-leader\/","url":"https:\/\/swissbaker.ch\/fr\/panissimo-news\/etre-bon-producteur-et-bon-leader\/","name":"\u00catre bon producteur et bon leader | SBC","isPartOf":{"@id":"https:\/\/swissbaker.ch\/fr\/#website"},"primaryImageOfPage":{"@id":"https:\/\/swissbaker.ch\/fr\/panissimo-news\/etre-bon-producteur-et-bon-leader\/#primaryimage"},"image":{"@id":"https:\/\/swissbaker.ch\/fr\/panissimo-news\/etre-bon-producteur-et-bon-leader\/#primaryimage"},"thumbnailUrl":"https:\/\/swissbaker.ch\/wp-content\/uploads\/2023\/02\/3_1_berufspruefung.jpg","datePublished":"2023-02-08T11:18:39+00:00","dateModified":"2023-02-08T12:08:53+00:00","description":"Le brevet f\u00e9d\u00e9ral est une premi\u00e8re sp\u00e9cialisation apr\u00e8s le CFC. S\u00e9bastien Knecht, responsable de Richemont Romandie \u00e0 Yverdon (VD), r\u00e9pond aux questions pratiques concernant la pr\u00e9paration de cet examen professionnel.","breadcrumb":{"@id":"https:\/\/swissbaker.ch\/fr\/panissimo-news\/etre-bon-producteur-et-bon-leader\/#breadcrumb"},"inLanguage":"fr-FR","potentialAction":[{"@type":"ReadAction","target":["https:\/\/swissbaker.ch\/fr\/panissimo-news\/etre-bon-producteur-et-bon-leader\/"]}]},{"@type":"ImageObject","inLanguage":"fr-FR","@id":"https:\/\/swissbaker.ch\/fr\/panissimo-news\/etre-bon-producteur-et-bon-leader\/#primaryimage","url":"https:\/\/swissbaker.ch\/wp-content\/uploads\/2023\/02\/3_1_berufspruefung.jpg","contentUrl":"https:\/\/swissbaker.ch\/wp-content\/uploads\/2023\/02\/3_1_berufspruefung.jpg","width":1200,"height":712},{"@type":"BreadcrumbList","@id":"https:\/\/swissbaker.ch\/fr\/panissimo-news\/etre-bon-producteur-et-bon-leader\/#breadcrumb","itemListElement":[{"@type":"ListItem","position":1,"name":"","item":"https:\/\/swissbaker.ch\/fr\/"},{"@type":"ListItem","position":2,"name":"Formation\/Rel\u00e8ve","item":"https:\/\/swissbaker.ch\/fr\/panissimo-news\/category\/formation-releve\/"},{"@type":"ListItem","position":3,"name":"\u00catre bon producteur et bon leader"}]},{"@type":"WebSite","@id":"https:\/\/swissbaker.ch\/fr\/#website","url":"https:\/\/swissbaker.ch\/fr\/","name":"SBC","description":"","publisher":{"@id":"https:\/\/swissbaker.ch\/fr\/#organization"},"potentialAction":[{"@type":"SearchAction","target":{"@type":"EntryPoint","urlTemplate":"https:\/\/swissbaker.ch\/fr\/?s={search_term_string}"},"query-input":{"@type":"PropertyValueSpecification","valueRequired":true,"valueName":"search_term_string"}}],"inLanguage":"fr-FR"},{"@type":"Organization","@id":"https:\/\/swissbaker.ch\/fr\/#organization","name":"Schweizerischer B\u00e4cker-Confiseurmeister-Verband","url":"https:\/\/swissbaker.ch\/fr\/","logo":{"@type":"ImageObject","inLanguage":"fr-FR","@id":"https:\/\/swissbaker.ch\/fr\/#\/schema\/logo\/image\/","url":"https:\/\/swissbaker.ch\/wp-content\/uploads\/2022\/04\/sbc-logo-yoast.jpg","contentUrl":"https:\/\/swissbaker.ch\/wp-content\/uploads\/2022\/04\/sbc-logo-yoast.jpg","width":512,"height":512,"caption":"Schweizerischer B\u00e4cker-Confiseurmeister-Verband"},"image":{"@id":"https:\/\/swissbaker.ch\/fr\/#\/schema\/logo\/image\/"},"sameAs":["https:\/\/www.facebook.com\/swissbaker.ch","https:\/\/x.com\/ch_swissbaker"]},{"@type":"Person","@id":"https:\/\/swissbaker.ch\/fr\/#\/schema\/person\/0c7464407782a0917d6e91a74206a176","name":"Elina Laich","image":{"@type":"ImageObject","inLanguage":"fr-FR","@id":"https:\/\/swissbaker.ch\/fr\/#\/schema\/person\/image\/","url":"https:\/\/secure.gravatar.com\/avatar\/f942ca5f8668781d3ded9592a21de46001e053aff264ff1c6deb97b59d3604b2?s=96&d=mm&r=g","contentUrl":"https:\/\/secure.gravatar.com\/avatar\/f942ca5f8668781d3ded9592a21de46001e053aff264ff1c6deb97b59d3604b2?s=96&d=mm&r=g","caption":"Elina Laich"},"url":"https:\/\/swissbaker.ch\/fr\/panissimo-news\/author\/elina-laich\/"}]}},"_links":{"self":[{"href":"https:\/\/swissbaker.ch\/fr\/wp-json\/wp\/v2\/posts\/56666","targetHints":{"allow":["GET"]}}],"collection":[{"href":"https:\/\/swissbaker.ch\/fr\/wp-json\/wp\/v2\/posts"}],"about":[{"href":"https:\/\/swissbaker.ch\/fr\/wp-json\/wp\/v2\/types\/post"}],"author":[{"embeddable":true,"href":"https:\/\/swissbaker.ch\/fr\/wp-json\/wp\/v2\/users\/4"}],"replies":[{"embeddable":true,"href":"https:\/\/swissbaker.ch\/fr\/wp-json\/wp\/v2\/comments?post=56666"}],"version-history":[{"count":0,"href":"https:\/\/swissbaker.ch\/fr\/wp-json\/wp\/v2\/posts\/56666\/revisions"}],"wp:featuredmedia":[{"embeddable":true,"href":"https:\/\/swissbaker.ch\/fr\/wp-json\/wp\/v2\/media\/56665"}],"wp:attachment":[{"href":"https:\/\/swissbaker.ch\/fr\/wp-json\/wp\/v2\/media?parent=56666"}],"wp:term":[{"taxonomy":"category","embeddable":true,"href":"https:\/\/swissbaker.ch\/fr\/wp-json\/wp\/v2\/categories?post=56666"},{"taxonomy":"post_tag","embeddable":true,"href":"https:\/\/swissbaker.ch\/fr\/wp-json\/wp\/v2\/tags?post=56666"}],"curies":[{"name":"wp","href":"https:\/\/api.w.org\/{rel}","templated":true}]}}