{"id":56654,"date":"2023-02-08T11:56:32","date_gmt":"2023-02-08T10:56:32","guid":{"rendered":"https:\/\/swissbaker.ch\/?p=56654"},"modified":"2023-02-08T12:01:12","modified_gmt":"2023-02-08T11:01:12","slug":"oeufs-et-ovoproduits-attention-a-la-declaration","status":"publish","type":"post","link":"https:\/\/swissbaker.ch\/fr\/panissimo-news\/oeufs-et-ovoproduits-attention-a-la-declaration\/","title":{"rendered":"\u0152ufs et ovoproduits : attention \u00e0 la d\u00e9claration !"},"content":{"rendered":"\n<p><strong>Dans sa Lettre d\u2019information (2022\/3) publi\u00e9e r\u00e9cemment, l\u2019Office f\u00e9d\u00e9ral de la s\u00e9curit\u00e9 alimentaire et des affaires v\u00e9t\u00e9rinaires (OSAV) a concr\u00e9tis\u00e9 la d\u00e9claration dans la liste des ingr\u00e9dients. Le contenu de cette lettre est important pour le secteur de la boulangerie-confiserie.<\/strong><\/p>\n\n\n\n<p>Dans la <a href=\"https:\/\/www.blv.admin.ch\/blv\/fr\/home\/lebensmittel-und-ernaehrung\/rechts-und-vollzugsgrundlagen\/hilfsmittel-und-vollzugsgrundlagen\/informationsschreiben.html\" target=\"_blank\" rel=\"noreferrer noopener\">lettre d\u2019information 2022\/3<\/a>, l\u2019OSAV \u00e9nonce que la mention \u00ab fermier \u00e9lev\u00e9 en plein air \u00bb ne peut \u00eatre mise en avant que pour autant que les animaux aient \u00e9t\u00e9 d\u00e9tenus en cons\u00e9quence. Les d\u00e9tails figurent dans l\u2019ordonnance sur la d\u00e9signation de la volaille (ODVo ; RS 916.342). Les utilisateurs d\u2019\u0153ufs et d\u2018ovoproduits peuvent v\u00e9rifier dans les sp\u00e9cifications des fournisseurs quelle d\u00e9nomination sp\u00e9cifique est propos\u00e9e.<\/p>\n\n\n\n<h2 class=\"wp-block-heading\" id=\"h-denomination-elevage-en-plein-air\">D\u00c9NOMINATION \u00ab \u00c9LEVAGE EN PLEIN AIR \u00bb<\/h2>\n\n\n\n<p>Dans sa lettre, l\u2019OSAV indique \u00e9galement que la mention \u00ab \u00e9levage en plein air \u00bb concernant les \u0153ufs et les ovoproduits n\u2019est pas admise dans la liste des ingr\u00e9dients \u2013 une mention concernant la m\u00e9thode de production des \u0153ufs ne devant pas s\u2019intercaler dans la liste des ingr\u00e9dients selon lui. Cette information peut toutefois \u00eatre signal\u00e9e en dessous, \u00e0 l\u2019aide d\u2019un ast\u00e9risque par exemple. La mention \u00ab \u00e9levage en plein air \u00bb peut donc \u00eatre appos\u00e9e sur le produit ind\u00e9pendamment de la liste des ingr\u00e9dients.   com<\/p>\n","protected":false},"excerpt":{"rendered":"<p>Dans sa Lettre d\u2019information (2022\/3) publi\u00e9e r\u00e9cemment, l\u2019OSAV a concr\u00e9tis\u00e9 la d\u00e9claration dans la liste des ingr\u00e9dients. Le contenu de cette lettre est important pour le secteur de la boulangerie-confiserie.<\/p>\n","protected":false},"author":4,"featured_media":56651,"comment_status":"closed","ping_status":"closed","sticky":false,"template":"","format":"standard","meta":{"_acf_changed":false,"footnotes":""},"categories":[41,49],"tags":[],"class_list":["post-56654","post","type-post","status-publish","format-standard","has-post-thumbnail","hentry","category-association","category-sante-securite"],"acf":[],"yoast_head":"<!-- This site is optimized with the Yoast SEO Premium plugin v26.8 (Yoast SEO v26.8) - https:\/\/yoast.com\/product\/yoast-seo-premium-wordpress\/ -->\n<title>\u0152ufs et ovoproduits : attention \u00e0 la d\u00e9claration ! | SBC<\/title>\n<meta name=\"description\" content=\"Dans sa Lettre d\u2019information (2022\/3) publi\u00e9e r\u00e9cemment, lOSAV a concr\u00e9tis\u00e9 la d\u00e9claration dans la liste des ingr\u00e9dients.\" \/>\n<meta name=\"robots\" content=\"index, follow, max-snippet:-1, max-image-preview:large, max-video-preview:-1\" \/>\n<link rel=\"canonical\" href=\"https:\/\/swissbaker.ch\/fr\/panissimo-news\/oeufs-et-ovoproduits-attention-a-la-declaration\/\" \/>\n<meta property=\"og:locale\" content=\"fr_FR\" \/>\n<meta property=\"og:type\" content=\"article\" \/>\n<meta property=\"og:title\" content=\"\u0152ufs et ovoproduits : attention \u00e0 la d\u00e9claration !\" \/>\n<meta property=\"og:description\" content=\"Dans sa Lettre d\u2019information (2022\/3) publi\u00e9e r\u00e9cemment, lOSAV a concr\u00e9tis\u00e9 la d\u00e9claration dans la liste des ingr\u00e9dients.\" \/>\n<meta property=\"og:url\" content=\"https:\/\/swissbaker.ch\/fr\/panissimo-news\/oeufs-et-ovoproduits-attention-a-la-declaration\/\" \/>\n<meta property=\"og:site_name\" content=\"SBC\" \/>\n<meta property=\"article:publisher\" content=\"https:\/\/www.facebook.com\/swissbaker.ch\" \/>\n<meta property=\"article:published_time\" content=\"2023-02-08T10:56:32+00:00\" \/>\n<meta property=\"article:modified_time\" content=\"2023-02-08T11:01:12+00:00\" \/>\n<meta property=\"og:image\" content=\"https:\/\/swissbaker.ch\/wp-content\/uploads\/2023\/02\/3_1_eier_lebensmittelsicherheit.jpg\" \/>\n\t<meta property=\"og:image:width\" content=\"1200\" \/>\n\t<meta property=\"og:image:height\" content=\"712\" \/>\n\t<meta property=\"og:image:type\" content=\"image\/jpeg\" \/>\n<meta name=\"author\" content=\"Elina Laich\" \/>\n<meta name=\"twitter:card\" content=\"summary_large_image\" \/>\n<meta name=\"twitter:creator\" content=\"@ch_swissbaker\" \/>\n<meta name=\"twitter:site\" content=\"@ch_swissbaker\" \/>\n<meta name=\"twitter:label1\" content=\"Written by\" \/>\n\t<meta name=\"twitter:data1\" content=\"Elina Laich\" \/>\n\t<meta name=\"twitter:label2\" content=\"Est. reading time\" \/>\n\t<meta name=\"twitter:data2\" content=\"2 minutes\" \/>\n<script type=\"application\/ld+json\" class=\"yoast-schema-graph\">{\"@context\":\"https:\/\/schema.org\",\"@graph\":[{\"@type\":\"Article\",\"@id\":\"https:\/\/swissbaker.ch\/fr\/panissimo-news\/oeufs-et-ovoproduits-attention-a-la-declaration\/#article\",\"isPartOf\":{\"@id\":\"https:\/\/swissbaker.ch\/fr\/panissimo-news\/oeufs-et-ovoproduits-attention-a-la-declaration\/\"},\"author\":{\"name\":\"Elina Laich\",\"@id\":\"https:\/\/swissbaker.ch\/fr\/#\/schema\/person\/0c7464407782a0917d6e91a74206a176\"},\"headline\":\"\u0152ufs et ovoproduits : attention \u00e0 la d\u00e9claration !\",\"datePublished\":\"2023-02-08T10:56:32+00:00\",\"dateModified\":\"2023-02-08T11:01:12+00:00\",\"mainEntityOfPage\":{\"@id\":\"https:\/\/swissbaker.ch\/fr\/panissimo-news\/oeufs-et-ovoproduits-attention-a-la-declaration\/\"},\"wordCount\":232,\"publisher\":{\"@id\":\"https:\/\/swissbaker.ch\/fr\/#organization\"},\"image\":{\"@id\":\"https:\/\/swissbaker.ch\/fr\/panissimo-news\/oeufs-et-ovoproduits-attention-a-la-declaration\/#primaryimage\"},\"thumbnailUrl\":\"https:\/\/swissbaker.ch\/wp-content\/uploads\/2023\/02\/3_1_eier_lebensmittelsicherheit.jpg\",\"articleSection\":[\"Association\",\"Sant\u00e9\/S\u00e9curit\u00e9\"],\"inLanguage\":\"fr-FR\"},{\"@type\":\"WebPage\",\"@id\":\"https:\/\/swissbaker.ch\/fr\/panissimo-news\/oeufs-et-ovoproduits-attention-a-la-declaration\/\",\"url\":\"https:\/\/swissbaker.ch\/fr\/panissimo-news\/oeufs-et-ovoproduits-attention-a-la-declaration\/\",\"name\":\"\u0152ufs et ovoproduits : attention \u00e0 la d\u00e9claration ! | SBC\",\"isPartOf\":{\"@id\":\"https:\/\/swissbaker.ch\/fr\/#website\"},\"primaryImageOfPage\":{\"@id\":\"https:\/\/swissbaker.ch\/fr\/panissimo-news\/oeufs-et-ovoproduits-attention-a-la-declaration\/#primaryimage\"},\"image\":{\"@id\":\"https:\/\/swissbaker.ch\/fr\/panissimo-news\/oeufs-et-ovoproduits-attention-a-la-declaration\/#primaryimage\"},\"thumbnailUrl\":\"https:\/\/swissbaker.ch\/wp-content\/uploads\/2023\/02\/3_1_eier_lebensmittelsicherheit.jpg\",\"datePublished\":\"2023-02-08T10:56:32+00:00\",\"dateModified\":\"2023-02-08T11:01:12+00:00\",\"description\":\"Dans sa Lettre d\u2019information (2022\/3) publi\u00e9e r\u00e9cemment, lOSAV a concr\u00e9tis\u00e9 la d\u00e9claration dans la liste des ingr\u00e9dients.\",\"breadcrumb\":{\"@id\":\"https:\/\/swissbaker.ch\/fr\/panissimo-news\/oeufs-et-ovoproduits-attention-a-la-declaration\/#breadcrumb\"},\"inLanguage\":\"fr-FR\",\"potentialAction\":[{\"@type\":\"ReadAction\",\"target\":[\"https:\/\/swissbaker.ch\/fr\/panissimo-news\/oeufs-et-ovoproduits-attention-a-la-declaration\/\"]}]},{\"@type\":\"ImageObject\",\"inLanguage\":\"fr-FR\",\"@id\":\"https:\/\/swissbaker.ch\/fr\/panissimo-news\/oeufs-et-ovoproduits-attention-a-la-declaration\/#primaryimage\",\"url\":\"https:\/\/swissbaker.ch\/wp-content\/uploads\/2023\/02\/3_1_eier_lebensmittelsicherheit.jpg\",\"contentUrl\":\"https:\/\/swissbaker.ch\/wp-content\/uploads\/2023\/02\/3_1_eier_lebensmittelsicherheit.jpg\",\"width\":1200,\"height\":712},{\"@type\":\"BreadcrumbList\",\"@id\":\"https:\/\/swissbaker.ch\/fr\/panissimo-news\/oeufs-et-ovoproduits-attention-a-la-declaration\/#breadcrumb\",\"itemListElement\":[{\"@type\":\"ListItem\",\"position\":1,\"name\":\"\",\"item\":\"https:\/\/swissbaker.ch\/fr\/\"},{\"@type\":\"ListItem\",\"position\":2,\"name\":\"Association\",\"item\":\"https:\/\/swissbaker.ch\/fr\/panissimo-news\/category\/association\/\"},{\"@type\":\"ListItem\",\"position\":3,\"name\":\"\u0152ufs et ovoproduits : attention \u00e0 la d\u00e9claration !\"}]},{\"@type\":\"WebSite\",\"@id\":\"https:\/\/swissbaker.ch\/fr\/#website\",\"url\":\"https:\/\/swissbaker.ch\/fr\/\",\"name\":\"SBC\",\"description\":\"\",\"publisher\":{\"@id\":\"https:\/\/swissbaker.ch\/fr\/#organization\"},\"potentialAction\":[{\"@type\":\"SearchAction\",\"target\":{\"@type\":\"EntryPoint\",\"urlTemplate\":\"https:\/\/swissbaker.ch\/fr\/?s={search_term_string}\"},\"query-input\":{\"@type\":\"PropertyValueSpecification\",\"valueRequired\":true,\"valueName\":\"search_term_string\"}}],\"inLanguage\":\"fr-FR\"},{\"@type\":\"Organization\",\"@id\":\"https:\/\/swissbaker.ch\/fr\/#organization\",\"name\":\"Schweizerischer B\u00e4cker-Confiseurmeister-Verband\",\"url\":\"https:\/\/swissbaker.ch\/fr\/\",\"logo\":{\"@type\":\"ImageObject\",\"inLanguage\":\"fr-FR\",\"@id\":\"https:\/\/swissbaker.ch\/fr\/#\/schema\/logo\/image\/\",\"url\":\"https:\/\/swissbaker.ch\/wp-content\/uploads\/2022\/04\/sbc-logo-yoast.jpg\",\"contentUrl\":\"https:\/\/swissbaker.ch\/wp-content\/uploads\/2022\/04\/sbc-logo-yoast.jpg\",\"width\":512,\"height\":512,\"caption\":\"Schweizerischer B\u00e4cker-Confiseurmeister-Verband\"},\"image\":{\"@id\":\"https:\/\/swissbaker.ch\/fr\/#\/schema\/logo\/image\/\"},\"sameAs\":[\"https:\/\/www.facebook.com\/swissbaker.ch\",\"https:\/\/x.com\/ch_swissbaker\"]},{\"@type\":\"Person\",\"@id\":\"https:\/\/swissbaker.ch\/fr\/#\/schema\/person\/0c7464407782a0917d6e91a74206a176\",\"name\":\"Elina Laich\",\"image\":{\"@type\":\"ImageObject\",\"inLanguage\":\"fr-FR\",\"@id\":\"https:\/\/swissbaker.ch\/fr\/#\/schema\/person\/image\/\",\"url\":\"https:\/\/secure.gravatar.com\/avatar\/f942ca5f8668781d3ded9592a21de46001e053aff264ff1c6deb97b59d3604b2?s=96&d=mm&r=g\",\"contentUrl\":\"https:\/\/secure.gravatar.com\/avatar\/f942ca5f8668781d3ded9592a21de46001e053aff264ff1c6deb97b59d3604b2?s=96&d=mm&r=g\",\"caption\":\"Elina Laich\"},\"url\":\"https:\/\/swissbaker.ch\/fr\/panissimo-news\/author\/elina-laich\/\"}]}<\/script>\n<!-- \/ Yoast SEO Premium plugin. -->","yoast_head_json":{"title":"\u0152ufs et ovoproduits : attention \u00e0 la d\u00e9claration ! | SBC","description":"Dans sa Lettre d\u2019information (2022\/3) publi\u00e9e r\u00e9cemment, lOSAV a concr\u00e9tis\u00e9 la d\u00e9claration dans la liste des ingr\u00e9dients.","robots":{"index":"index","follow":"follow","max-snippet":"max-snippet:-1","max-image-preview":"max-image-preview:large","max-video-preview":"max-video-preview:-1"},"canonical":"https:\/\/swissbaker.ch\/fr\/panissimo-news\/oeufs-et-ovoproduits-attention-a-la-declaration\/","og_locale":"fr_FR","og_type":"article","og_title":"\u0152ufs et ovoproduits : attention \u00e0 la d\u00e9claration !","og_description":"Dans sa Lettre d\u2019information (2022\/3) publi\u00e9e r\u00e9cemment, lOSAV a concr\u00e9tis\u00e9 la d\u00e9claration dans la liste des ingr\u00e9dients.","og_url":"https:\/\/swissbaker.ch\/fr\/panissimo-news\/oeufs-et-ovoproduits-attention-a-la-declaration\/","og_site_name":"SBC","article_publisher":"https:\/\/www.facebook.com\/swissbaker.ch","article_published_time":"2023-02-08T10:56:32+00:00","article_modified_time":"2023-02-08T11:01:12+00:00","og_image":[{"width":1200,"height":712,"url":"https:\/\/swissbaker.ch\/wp-content\/uploads\/2023\/02\/3_1_eier_lebensmittelsicherheit.jpg","type":"image\/jpeg"}],"author":"Elina Laich","twitter_card":"summary_large_image","twitter_creator":"@ch_swissbaker","twitter_site":"@ch_swissbaker","twitter_misc":{"Written by":"Elina Laich","Est. reading time":"2 minutes"},"schema":{"@context":"https:\/\/schema.org","@graph":[{"@type":"Article","@id":"https:\/\/swissbaker.ch\/fr\/panissimo-news\/oeufs-et-ovoproduits-attention-a-la-declaration\/#article","isPartOf":{"@id":"https:\/\/swissbaker.ch\/fr\/panissimo-news\/oeufs-et-ovoproduits-attention-a-la-declaration\/"},"author":{"name":"Elina Laich","@id":"https:\/\/swissbaker.ch\/fr\/#\/schema\/person\/0c7464407782a0917d6e91a74206a176"},"headline":"\u0152ufs et ovoproduits : attention \u00e0 la d\u00e9claration !","datePublished":"2023-02-08T10:56:32+00:00","dateModified":"2023-02-08T11:01:12+00:00","mainEntityOfPage":{"@id":"https:\/\/swissbaker.ch\/fr\/panissimo-news\/oeufs-et-ovoproduits-attention-a-la-declaration\/"},"wordCount":232,"publisher":{"@id":"https:\/\/swissbaker.ch\/fr\/#organization"},"image":{"@id":"https:\/\/swissbaker.ch\/fr\/panissimo-news\/oeufs-et-ovoproduits-attention-a-la-declaration\/#primaryimage"},"thumbnailUrl":"https:\/\/swissbaker.ch\/wp-content\/uploads\/2023\/02\/3_1_eier_lebensmittelsicherheit.jpg","articleSection":["Association","Sant\u00e9\/S\u00e9curit\u00e9"],"inLanguage":"fr-FR"},{"@type":"WebPage","@id":"https:\/\/swissbaker.ch\/fr\/panissimo-news\/oeufs-et-ovoproduits-attention-a-la-declaration\/","url":"https:\/\/swissbaker.ch\/fr\/panissimo-news\/oeufs-et-ovoproduits-attention-a-la-declaration\/","name":"\u0152ufs et ovoproduits : attention \u00e0 la d\u00e9claration ! | SBC","isPartOf":{"@id":"https:\/\/swissbaker.ch\/fr\/#website"},"primaryImageOfPage":{"@id":"https:\/\/swissbaker.ch\/fr\/panissimo-news\/oeufs-et-ovoproduits-attention-a-la-declaration\/#primaryimage"},"image":{"@id":"https:\/\/swissbaker.ch\/fr\/panissimo-news\/oeufs-et-ovoproduits-attention-a-la-declaration\/#primaryimage"},"thumbnailUrl":"https:\/\/swissbaker.ch\/wp-content\/uploads\/2023\/02\/3_1_eier_lebensmittelsicherheit.jpg","datePublished":"2023-02-08T10:56:32+00:00","dateModified":"2023-02-08T11:01:12+00:00","description":"Dans sa Lettre d\u2019information (2022\/3) publi\u00e9e r\u00e9cemment, lOSAV a concr\u00e9tis\u00e9 la d\u00e9claration dans la liste des ingr\u00e9dients.","breadcrumb":{"@id":"https:\/\/swissbaker.ch\/fr\/panissimo-news\/oeufs-et-ovoproduits-attention-a-la-declaration\/#breadcrumb"},"inLanguage":"fr-FR","potentialAction":[{"@type":"ReadAction","target":["https:\/\/swissbaker.ch\/fr\/panissimo-news\/oeufs-et-ovoproduits-attention-a-la-declaration\/"]}]},{"@type":"ImageObject","inLanguage":"fr-FR","@id":"https:\/\/swissbaker.ch\/fr\/panissimo-news\/oeufs-et-ovoproduits-attention-a-la-declaration\/#primaryimage","url":"https:\/\/swissbaker.ch\/wp-content\/uploads\/2023\/02\/3_1_eier_lebensmittelsicherheit.jpg","contentUrl":"https:\/\/swissbaker.ch\/wp-content\/uploads\/2023\/02\/3_1_eier_lebensmittelsicherheit.jpg","width":1200,"height":712},{"@type":"BreadcrumbList","@id":"https:\/\/swissbaker.ch\/fr\/panissimo-news\/oeufs-et-ovoproduits-attention-a-la-declaration\/#breadcrumb","itemListElement":[{"@type":"ListItem","position":1,"name":"","item":"https:\/\/swissbaker.ch\/fr\/"},{"@type":"ListItem","position":2,"name":"Association","item":"https:\/\/swissbaker.ch\/fr\/panissimo-news\/category\/association\/"},{"@type":"ListItem","position":3,"name":"\u0152ufs et ovoproduits : attention \u00e0 la d\u00e9claration !"}]},{"@type":"WebSite","@id":"https:\/\/swissbaker.ch\/fr\/#website","url":"https:\/\/swissbaker.ch\/fr\/","name":"SBC","description":"","publisher":{"@id":"https:\/\/swissbaker.ch\/fr\/#organization"},"potentialAction":[{"@type":"SearchAction","target":{"@type":"EntryPoint","urlTemplate":"https:\/\/swissbaker.ch\/fr\/?s={search_term_string}"},"query-input":{"@type":"PropertyValueSpecification","valueRequired":true,"valueName":"search_term_string"}}],"inLanguage":"fr-FR"},{"@type":"Organization","@id":"https:\/\/swissbaker.ch\/fr\/#organization","name":"Schweizerischer B\u00e4cker-Confiseurmeister-Verband","url":"https:\/\/swissbaker.ch\/fr\/","logo":{"@type":"ImageObject","inLanguage":"fr-FR","@id":"https:\/\/swissbaker.ch\/fr\/#\/schema\/logo\/image\/","url":"https:\/\/swissbaker.ch\/wp-content\/uploads\/2022\/04\/sbc-logo-yoast.jpg","contentUrl":"https:\/\/swissbaker.ch\/wp-content\/uploads\/2022\/04\/sbc-logo-yoast.jpg","width":512,"height":512,"caption":"Schweizerischer B\u00e4cker-Confiseurmeister-Verband"},"image":{"@id":"https:\/\/swissbaker.ch\/fr\/#\/schema\/logo\/image\/"},"sameAs":["https:\/\/www.facebook.com\/swissbaker.ch","https:\/\/x.com\/ch_swissbaker"]},{"@type":"Person","@id":"https:\/\/swissbaker.ch\/fr\/#\/schema\/person\/0c7464407782a0917d6e91a74206a176","name":"Elina Laich","image":{"@type":"ImageObject","inLanguage":"fr-FR","@id":"https:\/\/swissbaker.ch\/fr\/#\/schema\/person\/image\/","url":"https:\/\/secure.gravatar.com\/avatar\/f942ca5f8668781d3ded9592a21de46001e053aff264ff1c6deb97b59d3604b2?s=96&d=mm&r=g","contentUrl":"https:\/\/secure.gravatar.com\/avatar\/f942ca5f8668781d3ded9592a21de46001e053aff264ff1c6deb97b59d3604b2?s=96&d=mm&r=g","caption":"Elina Laich"},"url":"https:\/\/swissbaker.ch\/fr\/panissimo-news\/author\/elina-laich\/"}]}},"_links":{"self":[{"href":"https:\/\/swissbaker.ch\/fr\/wp-json\/wp\/v2\/posts\/56654","targetHints":{"allow":["GET"]}}],"collection":[{"href":"https:\/\/swissbaker.ch\/fr\/wp-json\/wp\/v2\/posts"}],"about":[{"href":"https:\/\/swissbaker.ch\/fr\/wp-json\/wp\/v2\/types\/post"}],"author":[{"embeddable":true,"href":"https:\/\/swissbaker.ch\/fr\/wp-json\/wp\/v2\/users\/4"}],"replies":[{"embeddable":true,"href":"https:\/\/swissbaker.ch\/fr\/wp-json\/wp\/v2\/comments?post=56654"}],"version-history":[{"count":0,"href":"https:\/\/swissbaker.ch\/fr\/wp-json\/wp\/v2\/posts\/56654\/revisions"}],"wp:featuredmedia":[{"embeddable":true,"href":"https:\/\/swissbaker.ch\/fr\/wp-json\/wp\/v2\/media\/56651"}],"wp:attachment":[{"href":"https:\/\/swissbaker.ch\/fr\/wp-json\/wp\/v2\/media?parent=56654"}],"wp:term":[{"taxonomy":"category","embeddable":true,"href":"https:\/\/swissbaker.ch\/fr\/wp-json\/wp\/v2\/categories?post=56654"},{"taxonomy":"post_tag","embeddable":true,"href":"https:\/\/swissbaker.ch\/fr\/wp-json\/wp\/v2\/tags?post=56654"}],"curies":[{"name":"wp","href":"https:\/\/api.w.org\/{rel}","templated":true}]}}