{"id":56075,"date":"2023-01-27T15:42:44","date_gmt":"2023-01-27T14:42:44","guid":{"rendered":"https:\/\/swissbaker.ch\/?p=56075"},"modified":"2023-01-27T15:50:25","modified_gmt":"2023-01-27T14:50:25","slug":"agir-sur-la-direction-du-chemin-a-prendre","status":"publish","type":"post","link":"https:\/\/swissbaker.ch\/fr\/panissimo-news\/agir-sur-la-direction-du-chemin-a-prendre\/","title":{"rendered":"Agir sur la direction du chemin \u00e0 prendre !"},"content":{"rendered":"\n<p>Ch\u00e8res lectrices, chers lecteurs,<br>Ch\u00e8res formatrices, chers formateurs,<\/p>\n\n\n\n<p>Tout \u00e9tait mieux avant, tout \u00e9tait plus simple, mais avant aussi, il fallait constamment proc\u00e9der \u00e0 des ajustements. La \u00ab\u2009nouveaut\u00e9\u2009\u00bb est toujours difficile \u00e0 appr\u00e9hender, mais avec le temps, on se familiarise avec elle et elle devient la \u00ab\u2009normalit\u00e9\u2009\u00bb.<\/p>\n\n\n\n<figure class=\"wp-block-image size-large is-resized\"><img decoding=\"async\" src=\"https:\/\/swissbaker.ch\/wp-content\/uploads\/2022\/08\/15_1_peter_signer-1-1024x608.jpg\" alt=\"\" class=\"wp-image-44223\" width=\"512\" height=\"304\" srcset=\"https:\/\/swissbaker.ch\/wp-content\/uploads\/2022\/08\/15_1_peter_signer-1-1024x608.jpg 1024w, https:\/\/swissbaker.ch\/wp-content\/uploads\/2022\/08\/15_1_peter_signer-1-768x456.jpg 768w, https:\/\/swissbaker.ch\/wp-content\/uploads\/2022\/08\/15_1_peter_signer-1.jpg 1200w\" sizes=\"(max-width: 512px) 100vw, 512px\" \/><figcaption><em>Peter Signer, Membre du comit\u00e9 central, formation production<\/em><\/figcaption><\/figure>\n\n\n\n<p>Aujourd\u2019hui, l\u2019examen quinquennal exig\u00e9 par le Secr\u00e9tariat d\u2019Etat \u00e0 la formation, \u00e0 la recherche et \u00e0 l\u2019innovation (SEFRI) dans le domaine de la boulangerie-p\u00e2tisserie-confiserie nous permet \u00e0 nouveau de d\u00e9finir de nouvelles choses. Tous les acteurs du partenariat de la formation professionnelle, la Conf\u00e9d\u00e9ration (SEFRI), les cantons et l\u2019association professionnelle (BCS) ont leurs id\u00e9es. Elles sont g\u00e9n\u00e9ralement tr\u00e8s diff\u00e9rentes et, de fait, activent des m\u00e9canismes tr\u00e8s diff\u00e9rents.<\/p>\n\n\n\n<p>Vous, oui, vous avez aujourd\u2019hui la possibilit\u00e9 de nous faire part de vos attentes et de vos id\u00e9es\u2009! Les QR codes se trouvant dans \u00ab\u2009Panissimo\u2009\u00bb, dans le \u00ab\u2009Bulletin professionnel\u2009\u00bb et sur www.forme-ton-avenir.ch vous permettent en effet de nous notifier vos commentaires et vos id\u00e9es dans le cadre de votre fonction. Profitez de cette opportunit\u00e9, sachant que plus les retours seront nombreux, plus nous pourrons nous faire une id\u00e9e de la direction \u00e0 donner \u00e0 nos beaux m\u00e9tiers de la boulangerie-p\u00e2tisserie-confiserie.<\/p>\n\n\n\n<p>Le changement ne sera toutefois pas rapide, sachant que, selon les interventions des partenaires de la formation professionnelle, une modification de l\u2019ordonnance sur la formation et du plan de formation pourrait s\u2019av\u00e9rer n\u00e9cessaire, et que cela impliquerait une r\u00e9vision partielle ou totale. Les souhaits seront analys\u00e9s et discut\u00e9s en d\u00e9tail. Des solutions seront ensuite d\u00e9finies et examin\u00e9es par les partenaires de la formation professionnelle, la Conf\u00e9d\u00e9ration et les cantons. Selon le type de r\u00e9vision, l\u2019approbation du congr\u00e8s de la BCS pourrait \u00e9galement \u00eatre requise au final, ce qui offrirait \u00e0 nouveau la possibilit\u00e9 de participer \u00e0 la discussion.<\/p>\n\n\n\n<p>Je vous remercie de tout c\u0153ur pour votre aide\u2009!<\/p>\n\n\n\n<p class=\"has-text-align-right\">Peter Signer<br>Membre du comit\u00e9 central, formation production<\/p>\n\n\n\n<hr class=\"wp-block-separator has-alpha-channel-opacity\"\/>\n\n\n\n<ul class=\"wp-block-list\"><li><strong><a href=\"https:\/\/e-study.ch\/225yrvebafr\" target=\"_blank\" rel=\"noreferrer noopener\">Sondage BPC pour l\u2019AFP<\/a><\/strong><\/li><li><strong><a href=\"https:\/\/e-study.ch\/225yrvefzfr\" target=\"_blank\" rel=\"noreferrer noopener\">Sondage BPC pour la CFC<\/a><\/strong><\/li><\/ul>\n","protected":false},"excerpt":{"rendered":"<p>Ch\u00e8res lectrices, chers lecteurs,Ch\u00e8res formatrices, chers formateurs, Tout \u00e9tait mieux avant, tout \u00e9tait plus simple, mais avant aussi, il fallait constamment proc\u00e9der \u00e0 des ajustements. La \u00ab\u2009nouveaut\u00e9\u2009\u00bb est toujours difficile \u00e0 appr\u00e9hender, mais avec le temps, on se familiarise avec elle et elle devient la \u00ab\u2009normalit\u00e9\u2009\u00bb. Aujourd\u2019hui, l\u2019examen quinquennal exig\u00e9 par le Secr\u00e9tariat d\u2019Etat \u00e0 la formation, \u00e0 la recherche [&hellip;]<\/p>\n","protected":false},"author":4,"featured_media":56073,"comment_status":"closed","ping_status":"closed","sticky":true,"template":"","format":"standard","meta":{"_acf_changed":false,"footnotes":""},"categories":[41,47],"tags":[],"class_list":["post-56075","post","type-post","status-publish","format-standard","has-post-thumbnail","hentry","category-association","category-formation-releve"],"acf":[],"yoast_head":"<!-- This site is optimized with the Yoast SEO Premium plugin v26.8 (Yoast SEO v26.8) - https:\/\/yoast.com\/product\/yoast-seo-premium-wordpress\/ -->\n<title>Agir sur la direction du chemin \u00e0 prendre ! | SBC<\/title>\n<meta name=\"description\" content=\"Peter Signer appelle les membres \u00e0 participer \u00e0 l&#039;enqu\u00eate sur la formation professionnelle dans la production.\" \/>\n<meta name=\"robots\" content=\"index, follow, max-snippet:-1, max-image-preview:large, max-video-preview:-1\" \/>\n<link rel=\"canonical\" href=\"https:\/\/swissbaker.ch\/fr\/panissimo-news\/agir-sur-la-direction-du-chemin-a-prendre\/\" \/>\n<meta property=\"og:locale\" content=\"fr_FR\" \/>\n<meta property=\"og:type\" content=\"article\" \/>\n<meta property=\"og:title\" content=\"Agir sur la direction du chemin \u00e0 prendre !\" \/>\n<meta property=\"og:description\" content=\"Peter Signer appelle les membres \u00e0 participer \u00e0 l&#039;enqu\u00eate sur la formation professionnelle dans la production.\" \/>\n<meta property=\"og:url\" content=\"https:\/\/swissbaker.ch\/fr\/panissimo-news\/agir-sur-la-direction-du-chemin-a-prendre\/\" \/>\n<meta property=\"og:site_name\" content=\"SBC\" \/>\n<meta property=\"article:publisher\" content=\"https:\/\/www.facebook.com\/swissbaker.ch\" \/>\n<meta property=\"article:published_time\" content=\"2023-01-27T14:42:44+00:00\" \/>\n<meta property=\"article:modified_time\" content=\"2023-01-27T14:50:25+00:00\" \/>\n<meta property=\"og:image\" content=\"https:\/\/swissbaker.ch\/wp-content\/uploads\/2023\/01\/2_2_umfage_nachwuchskampagne.jpg\" \/>\n\t<meta property=\"og:image:width\" content=\"1200\" \/>\n\t<meta property=\"og:image:height\" content=\"712\" \/>\n\t<meta property=\"og:image:type\" content=\"image\/jpeg\" \/>\n<meta name=\"author\" content=\"Elina Laich\" \/>\n<meta name=\"twitter:card\" content=\"summary_large_image\" \/>\n<meta name=\"twitter:creator\" content=\"@ch_swissbaker\" \/>\n<meta name=\"twitter:site\" content=\"@ch_swissbaker\" \/>\n<meta name=\"twitter:label1\" content=\"Written by\" \/>\n\t<meta name=\"twitter:data1\" content=\"Elina Laich\" \/>\n\t<meta name=\"twitter:label2\" content=\"Est. reading time\" \/>\n\t<meta name=\"twitter:data2\" content=\"3 minutes\" \/>\n<script type=\"application\/ld+json\" class=\"yoast-schema-graph\">{\"@context\":\"https:\/\/schema.org\",\"@graph\":[{\"@type\":\"Article\",\"@id\":\"https:\/\/swissbaker.ch\/fr\/panissimo-news\/agir-sur-la-direction-du-chemin-a-prendre\/#article\",\"isPartOf\":{\"@id\":\"https:\/\/swissbaker.ch\/fr\/panissimo-news\/agir-sur-la-direction-du-chemin-a-prendre\/\"},\"author\":{\"name\":\"Elina Laich\",\"@id\":\"https:\/\/swissbaker.ch\/fr\/#\/schema\/person\/0c7464407782a0917d6e91a74206a176\"},\"headline\":\"Agir sur la direction du chemin \u00e0 prendre !\",\"datePublished\":\"2023-01-27T14:42:44+00:00\",\"dateModified\":\"2023-01-27T14:50:25+00:00\",\"mainEntityOfPage\":{\"@id\":\"https:\/\/swissbaker.ch\/fr\/panissimo-news\/agir-sur-la-direction-du-chemin-a-prendre\/\"},\"wordCount\":369,\"publisher\":{\"@id\":\"https:\/\/swissbaker.ch\/fr\/#organization\"},\"image\":{\"@id\":\"https:\/\/swissbaker.ch\/fr\/panissimo-news\/agir-sur-la-direction-du-chemin-a-prendre\/#primaryimage\"},\"thumbnailUrl\":\"https:\/\/swissbaker.ch\/wp-content\/uploads\/2023\/01\/2_2_umfage_nachwuchskampagne.jpg\",\"articleSection\":[\"Association\",\"Formation\/Rel\u00e8ve\"],\"inLanguage\":\"fr-FR\"},{\"@type\":\"WebPage\",\"@id\":\"https:\/\/swissbaker.ch\/fr\/panissimo-news\/agir-sur-la-direction-du-chemin-a-prendre\/\",\"url\":\"https:\/\/swissbaker.ch\/fr\/panissimo-news\/agir-sur-la-direction-du-chemin-a-prendre\/\",\"name\":\"Agir sur la direction du chemin \u00e0 prendre ! | SBC\",\"isPartOf\":{\"@id\":\"https:\/\/swissbaker.ch\/fr\/#website\"},\"primaryImageOfPage\":{\"@id\":\"https:\/\/swissbaker.ch\/fr\/panissimo-news\/agir-sur-la-direction-du-chemin-a-prendre\/#primaryimage\"},\"image\":{\"@id\":\"https:\/\/swissbaker.ch\/fr\/panissimo-news\/agir-sur-la-direction-du-chemin-a-prendre\/#primaryimage\"},\"thumbnailUrl\":\"https:\/\/swissbaker.ch\/wp-content\/uploads\/2023\/01\/2_2_umfage_nachwuchskampagne.jpg\",\"datePublished\":\"2023-01-27T14:42:44+00:00\",\"dateModified\":\"2023-01-27T14:50:25+00:00\",\"description\":\"Peter Signer appelle les membres \u00e0 participer \u00e0 l'enqu\u00eate sur la formation professionnelle dans la production.\",\"breadcrumb\":{\"@id\":\"https:\/\/swissbaker.ch\/fr\/panissimo-news\/agir-sur-la-direction-du-chemin-a-prendre\/#breadcrumb\"},\"inLanguage\":\"fr-FR\",\"potentialAction\":[{\"@type\":\"ReadAction\",\"target\":[\"https:\/\/swissbaker.ch\/fr\/panissimo-news\/agir-sur-la-direction-du-chemin-a-prendre\/\"]}]},{\"@type\":\"ImageObject\",\"inLanguage\":\"fr-FR\",\"@id\":\"https:\/\/swissbaker.ch\/fr\/panissimo-news\/agir-sur-la-direction-du-chemin-a-prendre\/#primaryimage\",\"url\":\"https:\/\/swissbaker.ch\/wp-content\/uploads\/2023\/01\/2_2_umfage_nachwuchskampagne.jpg\",\"contentUrl\":\"https:\/\/swissbaker.ch\/wp-content\/uploads\/2023\/01\/2_2_umfage_nachwuchskampagne.jpg\",\"width\":1200,\"height\":712},{\"@type\":\"BreadcrumbList\",\"@id\":\"https:\/\/swissbaker.ch\/fr\/panissimo-news\/agir-sur-la-direction-du-chemin-a-prendre\/#breadcrumb\",\"itemListElement\":[{\"@type\":\"ListItem\",\"position\":1,\"name\":\"\",\"item\":\"https:\/\/swissbaker.ch\/fr\/\"},{\"@type\":\"ListItem\",\"position\":2,\"name\":\"Association\",\"item\":\"https:\/\/swissbaker.ch\/fr\/panissimo-news\/category\/association\/\"},{\"@type\":\"ListItem\",\"position\":3,\"name\":\"Agir sur la direction du chemin \u00e0 prendre !\"}]},{\"@type\":\"WebSite\",\"@id\":\"https:\/\/swissbaker.ch\/fr\/#website\",\"url\":\"https:\/\/swissbaker.ch\/fr\/\",\"name\":\"SBC\",\"description\":\"\",\"publisher\":{\"@id\":\"https:\/\/swissbaker.ch\/fr\/#organization\"},\"potentialAction\":[{\"@type\":\"SearchAction\",\"target\":{\"@type\":\"EntryPoint\",\"urlTemplate\":\"https:\/\/swissbaker.ch\/fr\/?s={search_term_string}\"},\"query-input\":{\"@type\":\"PropertyValueSpecification\",\"valueRequired\":true,\"valueName\":\"search_term_string\"}}],\"inLanguage\":\"fr-FR\"},{\"@type\":\"Organization\",\"@id\":\"https:\/\/swissbaker.ch\/fr\/#organization\",\"name\":\"Schweizerischer B\u00e4cker-Confiseurmeister-Verband\",\"url\":\"https:\/\/swissbaker.ch\/fr\/\",\"logo\":{\"@type\":\"ImageObject\",\"inLanguage\":\"fr-FR\",\"@id\":\"https:\/\/swissbaker.ch\/fr\/#\/schema\/logo\/image\/\",\"url\":\"https:\/\/swissbaker.ch\/wp-content\/uploads\/2022\/04\/sbc-logo-yoast.jpg\",\"contentUrl\":\"https:\/\/swissbaker.ch\/wp-content\/uploads\/2022\/04\/sbc-logo-yoast.jpg\",\"width\":512,\"height\":512,\"caption\":\"Schweizerischer B\u00e4cker-Confiseurmeister-Verband\"},\"image\":{\"@id\":\"https:\/\/swissbaker.ch\/fr\/#\/schema\/logo\/image\/\"},\"sameAs\":[\"https:\/\/www.facebook.com\/swissbaker.ch\",\"https:\/\/x.com\/ch_swissbaker\"]},{\"@type\":\"Person\",\"@id\":\"https:\/\/swissbaker.ch\/fr\/#\/schema\/person\/0c7464407782a0917d6e91a74206a176\",\"name\":\"Elina Laich\",\"image\":{\"@type\":\"ImageObject\",\"inLanguage\":\"fr-FR\",\"@id\":\"https:\/\/swissbaker.ch\/fr\/#\/schema\/person\/image\/\",\"url\":\"https:\/\/secure.gravatar.com\/avatar\/f942ca5f8668781d3ded9592a21de46001e053aff264ff1c6deb97b59d3604b2?s=96&d=mm&r=g\",\"contentUrl\":\"https:\/\/secure.gravatar.com\/avatar\/f942ca5f8668781d3ded9592a21de46001e053aff264ff1c6deb97b59d3604b2?s=96&d=mm&r=g\",\"caption\":\"Elina Laich\"},\"url\":\"https:\/\/swissbaker.ch\/fr\/panissimo-news\/author\/elina-laich\/\"}]}<\/script>\n<!-- \/ Yoast SEO Premium plugin. -->","yoast_head_json":{"title":"Agir sur la direction du chemin \u00e0 prendre ! | SBC","description":"Peter Signer appelle les membres \u00e0 participer \u00e0 l'enqu\u00eate sur la formation professionnelle dans la production.","robots":{"index":"index","follow":"follow","max-snippet":"max-snippet:-1","max-image-preview":"max-image-preview:large","max-video-preview":"max-video-preview:-1"},"canonical":"https:\/\/swissbaker.ch\/fr\/panissimo-news\/agir-sur-la-direction-du-chemin-a-prendre\/","og_locale":"fr_FR","og_type":"article","og_title":"Agir sur la direction du chemin \u00e0 prendre !","og_description":"Peter Signer appelle les membres \u00e0 participer \u00e0 l'enqu\u00eate sur la formation professionnelle dans la production.","og_url":"https:\/\/swissbaker.ch\/fr\/panissimo-news\/agir-sur-la-direction-du-chemin-a-prendre\/","og_site_name":"SBC","article_publisher":"https:\/\/www.facebook.com\/swissbaker.ch","article_published_time":"2023-01-27T14:42:44+00:00","article_modified_time":"2023-01-27T14:50:25+00:00","og_image":[{"width":1200,"height":712,"url":"https:\/\/swissbaker.ch\/wp-content\/uploads\/2023\/01\/2_2_umfage_nachwuchskampagne.jpg","type":"image\/jpeg"}],"author":"Elina Laich","twitter_card":"summary_large_image","twitter_creator":"@ch_swissbaker","twitter_site":"@ch_swissbaker","twitter_misc":{"Written by":"Elina Laich","Est. reading time":"3 minutes"},"schema":{"@context":"https:\/\/schema.org","@graph":[{"@type":"Article","@id":"https:\/\/swissbaker.ch\/fr\/panissimo-news\/agir-sur-la-direction-du-chemin-a-prendre\/#article","isPartOf":{"@id":"https:\/\/swissbaker.ch\/fr\/panissimo-news\/agir-sur-la-direction-du-chemin-a-prendre\/"},"author":{"name":"Elina Laich","@id":"https:\/\/swissbaker.ch\/fr\/#\/schema\/person\/0c7464407782a0917d6e91a74206a176"},"headline":"Agir sur la direction du chemin \u00e0 prendre !","datePublished":"2023-01-27T14:42:44+00:00","dateModified":"2023-01-27T14:50:25+00:00","mainEntityOfPage":{"@id":"https:\/\/swissbaker.ch\/fr\/panissimo-news\/agir-sur-la-direction-du-chemin-a-prendre\/"},"wordCount":369,"publisher":{"@id":"https:\/\/swissbaker.ch\/fr\/#organization"},"image":{"@id":"https:\/\/swissbaker.ch\/fr\/panissimo-news\/agir-sur-la-direction-du-chemin-a-prendre\/#primaryimage"},"thumbnailUrl":"https:\/\/swissbaker.ch\/wp-content\/uploads\/2023\/01\/2_2_umfage_nachwuchskampagne.jpg","articleSection":["Association","Formation\/Rel\u00e8ve"],"inLanguage":"fr-FR"},{"@type":"WebPage","@id":"https:\/\/swissbaker.ch\/fr\/panissimo-news\/agir-sur-la-direction-du-chemin-a-prendre\/","url":"https:\/\/swissbaker.ch\/fr\/panissimo-news\/agir-sur-la-direction-du-chemin-a-prendre\/","name":"Agir sur la direction du chemin \u00e0 prendre ! | SBC","isPartOf":{"@id":"https:\/\/swissbaker.ch\/fr\/#website"},"primaryImageOfPage":{"@id":"https:\/\/swissbaker.ch\/fr\/panissimo-news\/agir-sur-la-direction-du-chemin-a-prendre\/#primaryimage"},"image":{"@id":"https:\/\/swissbaker.ch\/fr\/panissimo-news\/agir-sur-la-direction-du-chemin-a-prendre\/#primaryimage"},"thumbnailUrl":"https:\/\/swissbaker.ch\/wp-content\/uploads\/2023\/01\/2_2_umfage_nachwuchskampagne.jpg","datePublished":"2023-01-27T14:42:44+00:00","dateModified":"2023-01-27T14:50:25+00:00","description":"Peter Signer appelle les membres \u00e0 participer \u00e0 l'enqu\u00eate sur la formation professionnelle dans la production.","breadcrumb":{"@id":"https:\/\/swissbaker.ch\/fr\/panissimo-news\/agir-sur-la-direction-du-chemin-a-prendre\/#breadcrumb"},"inLanguage":"fr-FR","potentialAction":[{"@type":"ReadAction","target":["https:\/\/swissbaker.ch\/fr\/panissimo-news\/agir-sur-la-direction-du-chemin-a-prendre\/"]}]},{"@type":"ImageObject","inLanguage":"fr-FR","@id":"https:\/\/swissbaker.ch\/fr\/panissimo-news\/agir-sur-la-direction-du-chemin-a-prendre\/#primaryimage","url":"https:\/\/swissbaker.ch\/wp-content\/uploads\/2023\/01\/2_2_umfage_nachwuchskampagne.jpg","contentUrl":"https:\/\/swissbaker.ch\/wp-content\/uploads\/2023\/01\/2_2_umfage_nachwuchskampagne.jpg","width":1200,"height":712},{"@type":"BreadcrumbList","@id":"https:\/\/swissbaker.ch\/fr\/panissimo-news\/agir-sur-la-direction-du-chemin-a-prendre\/#breadcrumb","itemListElement":[{"@type":"ListItem","position":1,"name":"","item":"https:\/\/swissbaker.ch\/fr\/"},{"@type":"ListItem","position":2,"name":"Association","item":"https:\/\/swissbaker.ch\/fr\/panissimo-news\/category\/association\/"},{"@type":"ListItem","position":3,"name":"Agir sur la direction du chemin \u00e0 prendre !"}]},{"@type":"WebSite","@id":"https:\/\/swissbaker.ch\/fr\/#website","url":"https:\/\/swissbaker.ch\/fr\/","name":"SBC","description":"","publisher":{"@id":"https:\/\/swissbaker.ch\/fr\/#organization"},"potentialAction":[{"@type":"SearchAction","target":{"@type":"EntryPoint","urlTemplate":"https:\/\/swissbaker.ch\/fr\/?s={search_term_string}"},"query-input":{"@type":"PropertyValueSpecification","valueRequired":true,"valueName":"search_term_string"}}],"inLanguage":"fr-FR"},{"@type":"Organization","@id":"https:\/\/swissbaker.ch\/fr\/#organization","name":"Schweizerischer B\u00e4cker-Confiseurmeister-Verband","url":"https:\/\/swissbaker.ch\/fr\/","logo":{"@type":"ImageObject","inLanguage":"fr-FR","@id":"https:\/\/swissbaker.ch\/fr\/#\/schema\/logo\/image\/","url":"https:\/\/swissbaker.ch\/wp-content\/uploads\/2022\/04\/sbc-logo-yoast.jpg","contentUrl":"https:\/\/swissbaker.ch\/wp-content\/uploads\/2022\/04\/sbc-logo-yoast.jpg","width":512,"height":512,"caption":"Schweizerischer B\u00e4cker-Confiseurmeister-Verband"},"image":{"@id":"https:\/\/swissbaker.ch\/fr\/#\/schema\/logo\/image\/"},"sameAs":["https:\/\/www.facebook.com\/swissbaker.ch","https:\/\/x.com\/ch_swissbaker"]},{"@type":"Person","@id":"https:\/\/swissbaker.ch\/fr\/#\/schema\/person\/0c7464407782a0917d6e91a74206a176","name":"Elina Laich","image":{"@type":"ImageObject","inLanguage":"fr-FR","@id":"https:\/\/swissbaker.ch\/fr\/#\/schema\/person\/image\/","url":"https:\/\/secure.gravatar.com\/avatar\/f942ca5f8668781d3ded9592a21de46001e053aff264ff1c6deb97b59d3604b2?s=96&d=mm&r=g","contentUrl":"https:\/\/secure.gravatar.com\/avatar\/f942ca5f8668781d3ded9592a21de46001e053aff264ff1c6deb97b59d3604b2?s=96&d=mm&r=g","caption":"Elina Laich"},"url":"https:\/\/swissbaker.ch\/fr\/panissimo-news\/author\/elina-laich\/"}]}},"_links":{"self":[{"href":"https:\/\/swissbaker.ch\/fr\/wp-json\/wp\/v2\/posts\/56075","targetHints":{"allow":["GET"]}}],"collection":[{"href":"https:\/\/swissbaker.ch\/fr\/wp-json\/wp\/v2\/posts"}],"about":[{"href":"https:\/\/swissbaker.ch\/fr\/wp-json\/wp\/v2\/types\/post"}],"author":[{"embeddable":true,"href":"https:\/\/swissbaker.ch\/fr\/wp-json\/wp\/v2\/users\/4"}],"replies":[{"embeddable":true,"href":"https:\/\/swissbaker.ch\/fr\/wp-json\/wp\/v2\/comments?post=56075"}],"version-history":[{"count":0,"href":"https:\/\/swissbaker.ch\/fr\/wp-json\/wp\/v2\/posts\/56075\/revisions"}],"wp:featuredmedia":[{"embeddable":true,"href":"https:\/\/swissbaker.ch\/fr\/wp-json\/wp\/v2\/media\/56073"}],"wp:attachment":[{"href":"https:\/\/swissbaker.ch\/fr\/wp-json\/wp\/v2\/media?parent=56075"}],"wp:term":[{"taxonomy":"category","embeddable":true,"href":"https:\/\/swissbaker.ch\/fr\/wp-json\/wp\/v2\/categories?post=56075"},{"taxonomy":"post_tag","embeddable":true,"href":"https:\/\/swissbaker.ch\/fr\/wp-json\/wp\/v2\/tags?post=56075"}],"curies":[{"name":"wp","href":"https:\/\/api.w.org\/{rel}","templated":true}]}}