{"id":56029,"date":"2023-01-27T09:00:00","date_gmt":"2023-01-27T08:00:00","guid":{"rendered":"https:\/\/swissbaker.ch\/?p=56029"},"modified":"2023-01-27T09:38:18","modified_gmt":"2023-01-27T08:38:18","slug":"penser-a-son-futur-et-oser","status":"publish","type":"post","link":"https:\/\/swissbaker.ch\/fr\/panissimo-news\/penser-a-son-futur-et-oser\/","title":{"rendered":"\u00ab\u00a0Penser \u00e0 son futur et oser\u00a0!\u00a0\u00bb"},"content":{"rendered":"\n<p><strong>A 28 ans, Simon Spring g\u00e8re le P\u00e2tissier de La Roche (FR) depuis une ann\u00e9e&nbsp;; une opportunit\u00e9 qui s\u2019est pr\u00e9sent\u00e9e alors qu\u2019il y effectuait un stage dans le cadre d\u2019une formation en \u00e9cole sup\u00e9rieure. Non seulement le p\u00e2tissier-confiseur a accept\u00e9, mais il a aussi termin\u00e9 ses \u00e9tudes avec panache, le tout sur fond de covid. Gros plan sur le parcours atypique d\u2019un patron, pour qui la formation post-apprentissage est essentielle.<\/strong><\/p>\n\n\n\n<p>La boulangerie-confiserie Le P\u00e2tissier de La Roche est un lieu incontournable de la commune fribourgeoise. Fond\u00e9e et exploit\u00e9e par la famille Lehmann il y a plus d\u2019un si\u00e8cle, l\u2019entreprise a chang\u00e9 de main en 2022\u2026<\/p>\n\n\n\n<h2 class=\"wp-block-heading\" id=\"h-en-faire-plus\"><strong>En faire plus<\/strong><\/h2>\n\n\n\n<p>Huit ann\u00e9es auparavant, Simon Spring d\u00e9croche son CFC de p\u00e2tissier-confiseur avec une moyenne de 5,8. Le Fribourgeois poursuit son parcours professionnel dans l\u2019entreprise formatrice, au c\u0153ur du chef-lieu cantonal. Au c\u00f4t\u00e9 de ses obligations d\u2019ouvrier, il s\u2019occupe petit \u00e0 petit du logiciel de gestion et du syst\u00e8me informatique. Une discussion avec ses parents, infirmi\u00e8re et banquier, et trois ans plus tard, il quitte la soci\u00e9t\u00e9 et reprend des \u00e9tudes. \u00ab&nbsp;Ils m\u2019ont toujours dit qu\u2019il fallait en faire plus si je le souhaitais. (\u2026) Ce n\u2019est pas \u00e0 22 ans qu\u2019on a soudainement trouv\u00e9 le m\u00e9tier de sa vie. Il ne faut pas s\u2019arr\u00eater \u00e0 l\u2019apprentissage. Il faut prendre le temps de penser \u00e0 son avenir et oser&nbsp;\u00bb, explique M. Spring.<\/p>\n\n\n\n<p>Le natif de Saint-Sylvestre (FR) ne s\u2019est d\u2019ailleurs pas pr\u00e9cipit\u00e9 sur un apprentissage au sortir de l\u2019\u00e9cole obligatoire. \u00ab&nbsp;J\u2019ai entrepris une dixi\u00e8me ann\u00e9e linguistique. Cela m\u2019a fait beaucoup de bien&nbsp;; et pas uniquement en fran\u00e7ais. J\u2019ai gagn\u00e9 en maturit\u00e9 physique et intellectuelle.&nbsp;\u00bb<\/p>\n\n\n\n<p>Retour en 2017 o\u00f9 il s\u2019inscrit \u00e0 l\u2019Ecole h\u00f4teli\u00e8re de Lucerne avec le r\u00eave en t\u00eate de reprendre un commerce. \u00ab&nbsp;Sans des parents propri\u00e9taires d\u2019un \u00e9tablissement, c\u2019est bien compliqu\u00e9 pour un jeune, de nos jours. Je me lance donc dans cette formation afin d\u2019apprendre le management, la gestion de commerce et de trouver ma place, que ce soit dans un restaurant ou un h\u00f4tel.&nbsp;\u00bb<\/p>\n\n\n\n<p>Les stages obligatoires \u00e0 effectuer en entreprise dans les diff\u00e9rents secteurs l\u2019aiguillent, en plus de l\u2019aider financi\u00e8rement. A Zermatt (VS), il accomplit celui de cuisine et service. \u00ab&nbsp;Trop d\u2019employ\u00e9s, pas assez familiale\u2026 J\u2019ai compris que l\u2019h\u00f4tellerie n\u2019\u00e9tait pas pour moi. (\u2026) L\u2019ambiance de la boulangerie-confiserie et cette odeur de pain me manquaient.&nbsp;\u00bb L\u2019ann\u00e9e suivante, ses recherches d\u2019un stage en service aux alentours de son village natal l\u2019entra\u00eenent sur la route du P\u00e2tissier de La Roche. Son magasin, son tea-room ni son propri\u00e9taire ne lui sont inconnus&nbsp;: \u00ab&nbsp;Saint-Sylvestre se situe \u00e0 une dizaine de kilom\u00e8tres. Je m\u2019y \u00e9tais d\u00e9j\u00e0 rendu \u00e0 v\u00e9lomoteur pour acheter des croissants. (\u2026) J\u2019ai toujours eu de bons contacts avec Johnny (ndlr&nbsp;: John Lehmann) qui \u00e9tait mon professeur \u00e0 l\u2019Ecole professionnelle et artisanale de Fribourg.&nbsp;\u00bb<\/p>\n\n\n\n<h2 class=\"wp-block-heading\" id=\"h-risques-a-prendre\"><strong>Risques \u00e0 prendre<\/strong><\/h2>\n\n\n\n<p>Durant un semestre, il sert les clients au salon de th\u00e9. Le dimanche apr\u00e8s-midi, il aide le patron au bureau&nbsp;: \u00ab&nbsp;Je faisais un peu la compta et me familiarisais \u00e0 la gestion de commerce, au planning, aux commandes de marchandises\u2026&nbsp;\u00bb Et puis, un jour, apr\u00e8s environ un mois, John Lehmann lui propose de lui succ\u00e9der&nbsp;: \u00ab&nbsp;J\u2019avoue que la premi\u00e8re fois qu\u2019il m\u2019a fait cette proposition, cela m\u2019a travaill\u00e9. J\u2019\u00e9tais conscient qu\u2019\u00e0 26 ans, j\u2019\u00e9tais tr\u00e8s jeune pour reprendre un commerce.&nbsp;\u00bb A la fin du stage, il retourne sur les bancs lucernois. Une formation \u00e0 terminer, une entreprise \u00e0 reprendre alors que la pand\u00e9mie se d\u00e9clare\u2026 Il a jusqu\u2019\u00e0 l\u2019\u00e9t\u00e9 pour donner sa r\u00e9ponse. \u00ab&nbsp;Il fallait vraiment bien r\u00e9fl\u00e9chir. C\u2019est une opportunit\u00e9 que je n\u2019aurais peut-\u00eatre plus jamais. (\u2026) Dans la vie, si on veut vraiment r\u00e9ussir, il faut parfois prendre des risques.&nbsp;\u00bb<\/p>\n\n\n\n<p>C\u2019est finalement un \u00ab&nbsp;oui&nbsp;\u00bb, mais il veut terminer sa formation, avec les encouragements de ses parents. \u00ab&nbsp;Je ne souhaitais pas me lancer dans l\u2019aventure sans avoir appris la gestion de commerce, la comptabilit\u00e9, le droit. (\u2026) C\u2019est autant important que d\u2019avoir du bon personnel, de bonnes recettes et de bons produits.&nbsp;\u00bb Afin de concilier au mieux ses deux objectifs, le patron en devenir quitte Lucerne pour Thoune. L\u2019\u00e9cole bernoise lui octroie la possibilit\u00e9 de r\u00e9aliser une partie du stage de r\u00e9ception \u00e0 La Roche. Il y apprend ainsi la gestion propre \u00e0 l\u2019enseigne fribourgeoise.<\/p>\n\n\n\n<p>Ex-aequo avec une autre p\u00e2tissi\u00e8re-confiseuse, il r\u00e9ussit l\u2019examen final avec la meilleure note. Entre-temps, il s\u2019est officiellement mis \u00e0 son compte. \u00ab&nbsp;Du lundi au vendredi, j\u2019\u00e9tais \u00e0 l\u2019\u00e9cole. Le week-end, je donnais un coup de main \u00e0 mes employ\u00e9s. Il fallait aussi r\u00e9viser, sans quoi on ne r\u00e9ussit pas les examens de dipl\u00f4me d\u2019une \u00e9cole sup\u00e9rieure. Mais c\u2019est un choix que j\u2019avais fait, je devais l\u2019assumer.&nbsp;\u00bb<\/p>\n\n\n\n<h2 class=\"wp-block-heading\" id=\"h-une-douce-reprise\"><strong>Une douce reprise<\/strong><\/h2>\n\n\n\n<p>L\u2019implication au sein de l\u2019entreprise trois ans avant sa reprise officielle a permis \u00e0 M. Spring d\u2019\u00eatre au contact des collaborateurs et de la client\u00e8le&nbsp;; et r\u00e9ciproquement. \u00ab&nbsp;Je suis entr\u00e9 dans un syst\u00e8me qui fonctionnait et je l\u2019ai int\u00e9gr\u00e9.&nbsp;\u00bb La succession s\u2019est faite en douceur. Il est de m\u00eame pour la suite de l\u2019exploitation&nbsp;: hors de question de r\u00e9volutionner l\u2019assortiment&nbsp;: \u00ab&nbsp;Il faut \u00eatre \u00e0 l\u2019\u00e9coute de ses clients. (\u2026) On peut et doit apporter du changement, mais cela doit se faire dans le temps. Notre fid\u00e8le client\u00e8le, diff\u00e9rente de celle la ville, ne doit pas \u00eatre brusqu\u00e9e.&nbsp;\u00bb En revanche, la qualit\u00e9 doit rester inchang\u00e9e&nbsp;: des mati\u00e8res premi\u00e8res aux produits en passant par l\u2019accueil et le personnel. Le nouveau patron a conserv\u00e9 les recettes. Il en a fait autant pour les 32 collaborateurs. \u00ab&nbsp;Les clients viennent beaucoup plus pour eux que pour moi. (\u2026) Ils sont plus \u00e0 leur \u00e9coute que moi&nbsp;!&nbsp;\u00bb L\u2019avis de ses employ\u00e9s est donc primordial&nbsp;: \u00ab&nbsp;Ils ont d\u2019excellentes id\u00e9es et surtout ils sont au front. Ce n\u2019est pas moi qui roule ou vends les croissants le matin. Ecouter et mettre en valeur ses employ\u00e9s sont des points tr\u00e8s importants.&nbsp;\u00bb<\/p>\n\n\n\n<h2 class=\"wp-block-heading\" id=\"h-bon-patron-bon-chef-d-orchestre\"><strong>Bon patron, bon chef-d\u2019orchestre<\/strong><\/h2>\n\n\n\n<p>Au laboratoire, il peut compter sur son \u00e9quipe. \u00ab&nbsp;Avec onze personnes en production, cela ne sert \u00e0 rien d\u2019ajouter une douzi\u00e8me&nbsp;; si on peut se le permettre. J\u2019aurais plus de contr\u00f4le, mais ce n\u2019est peut-\u00eatre pas ce dont l\u2019entreprise a besoin.\u00bb Le p\u00e2tissier-confiseur est cependant le premier \u00e0 donner un coup de main, s\u2019il le faut&nbsp;; le samedi et le dimanche pour reproduire de la marchandise, par exemple. Durant le week-end, ses employ\u00e9s travaillent une demi-journ\u00e9e. La flexibilit\u00e9 est de mise. Lors de la planification, si un horaire pose un probl\u00e8me \u00e0 une personne, tout est mis en \u0153uvre pour trouver une solution. \u00ab&nbsp;Nous nous y reprenons parfois \u00e0 cinq fois, mais \u00e0 la fin, les horaires sont adapt\u00e9s au collaborateur.&nbsp;\u00bb Cette \u00e9coute permet \u00e0 l\u2019entrepreneur de rester attractif sur le march\u00e9 de l\u2019emploi, \u00e0 une \u00e9poque o\u00f9 les mentalit\u00e9s ont chang\u00e9. \u00ab&nbsp;La vie apr\u00e8s le travail devient de plus en plus importante. Il faut donc proposer des places qui donnent envie de travailler.&nbsp;\u00bb<\/p>\n\n\n\n<p>Mettre tout en \u0153uvre pour tirer le meilleur de sa troupe et offrir une prestation de qualit\u00e9, identique au quotidien, telle est la philosophie du ma\u00eetre des lieux qu\u2019il r\u00e9sume ainsi&nbsp;:\u00ab&nbsp;Un bon patron, c\u2019est un bon chef-d\u2019orchestre&nbsp;: dos au public, il fait face \u00e0 ses musiciens. C\u2019est de cette mani\u00e8re qu\u2019on arrive \u00e0 garder une \u00e9quipe motiv\u00e9e et passionn\u00e9e.&nbsp;\u00bb<\/p>\n\n\n\n<p class=\"has-text-align-right\"><em>Johann Ruppen<\/em><\/p>\n","protected":false},"excerpt":{"rendered":"<p>A 28 ans, Simon Spring g\u00e8re le P\u00e2tissier de La Roche (FR) depuis une ann\u00e9e\u00a0; une opportunit\u00e9 qui s\u2019est pr\u00e9sent\u00e9e alors qu\u2019il y effectuait un stage dans le cadre d\u2019une formation en \u00e9cole sup\u00e9rieure. Non seulement le p\u00e2tissier-confiseur a accept\u00e9, mais il a aussi termin\u00e9 ses \u00e9tudes avec panache, le tout sur fond de covid. Gros plan sur le parcours atypique d\u2019un patron, pour qui la formation post-apprentissage est essentielle.<\/p>\n","protected":false},"author":8,"featured_media":56038,"comment_status":"closed","ping_status":"closed","sticky":true,"template":"","format":"standard","meta":{"_acf_changed":false,"footnotes":""},"categories":[42,47],"tags":[],"class_list":["post-56029","post","type-post","status-publish","format-standard","has-post-thumbnail","hentry","category-boulangeries-confiseries","category-formation-releve"],"acf":[],"yoast_head":"<!-- This site is optimized with the Yoast SEO Premium plugin v26.8 (Yoast SEO v26.8) - https:\/\/yoast.com\/product\/yoast-seo-premium-wordpress\/ -->\n<title>\u00ab\u00a0Penser \u00e0 son futur et oser\u00a0!\u00a0\u00bb | SBC<\/title>\n<meta name=\"robots\" content=\"index, follow, max-snippet:-1, max-image-preview:large, max-video-preview:-1\" \/>\n<link rel=\"canonical\" href=\"https:\/\/swissbaker.ch\/fr\/panissimo-news\/penser-a-son-futur-et-oser\/\" \/>\n<meta property=\"og:locale\" content=\"fr_FR\" \/>\n<meta property=\"og:type\" content=\"article\" \/>\n<meta property=\"og:title\" content=\"\u00ab\u00a0Penser \u00e0 son futur et oser\u00a0!\u00a0\u00bb\" \/>\n<meta property=\"og:description\" content=\"A 28 ans, Simon Spring g\u00e8re le P\u00e2tissier de La Roche (FR) depuis une ann\u00e9e\u00a0; une opportunit\u00e9 qui s\u2019est pr\u00e9sent\u00e9e alors qu\u2019il y effectuait un stage dans le cadre d\u2019une formation en \u00e9cole sup\u00e9rieure. Non seulement le p\u00e2tissier-confiseur a accept\u00e9, mais il a aussi termin\u00e9 ses \u00e9tudes avec panache, le tout sur fond de covid. Gros plan sur le parcours atypique d\u2019un patron, pour qui la formation post-apprentissage est essentielle.\" \/>\n<meta property=\"og:url\" content=\"https:\/\/swissbaker.ch\/fr\/panissimo-news\/penser-a-son-futur-et-oser\/\" \/>\n<meta property=\"og:site_name\" content=\"SBC\" \/>\n<meta property=\"article:publisher\" content=\"https:\/\/www.facebook.com\/swissbaker.ch\" \/>\n<meta property=\"article:published_time\" content=\"2023-01-27T08:00:00+00:00\" \/>\n<meta property=\"article:modified_time\" content=\"2023-01-27T08:38:18+00:00\" \/>\n<meta property=\"og:image\" content=\"https:\/\/swissbaker.ch\/wp-content\/uploads\/2023\/01\/20221004.web-simon-spring-1895jruppen-ok-scaled.jpg\" \/>\n\t<meta property=\"og:image:width\" content=\"2048\" \/>\n\t<meta property=\"og:image:height\" content=\"1365\" \/>\n\t<meta property=\"og:image:type\" content=\"image\/jpeg\" \/>\n<meta name=\"author\" content=\"Johann Ruppen\" \/>\n<meta name=\"twitter:card\" content=\"summary_large_image\" \/>\n<meta name=\"twitter:creator\" content=\"@ch_swissbaker\" \/>\n<meta name=\"twitter:site\" content=\"@ch_swissbaker\" \/>\n<meta name=\"twitter:label1\" content=\"Written by\" \/>\n\t<meta name=\"twitter:data1\" content=\"Johann Ruppen\" \/>\n\t<meta name=\"twitter:label2\" content=\"Est. reading time\" \/>\n\t<meta name=\"twitter:data2\" content=\"7 minutes\" \/>\n<script type=\"application\/ld+json\" class=\"yoast-schema-graph\">{\"@context\":\"https:\/\/schema.org\",\"@graph\":[{\"@type\":\"Article\",\"@id\":\"https:\/\/swissbaker.ch\/fr\/panissimo-news\/penser-a-son-futur-et-oser\/#article\",\"isPartOf\":{\"@id\":\"https:\/\/swissbaker.ch\/fr\/panissimo-news\/penser-a-son-futur-et-oser\/\"},\"author\":{\"name\":\"Johann Ruppen\",\"@id\":\"https:\/\/swissbaker.ch\/fr\/#\/schema\/person\/abb9dbbf5af9443c30618295ec9cb74e\"},\"headline\":\"\u00ab\u00a0Penser \u00e0 son futur et oser\u00a0!\u00a0\u00bb\",\"datePublished\":\"2023-01-27T08:00:00+00:00\",\"dateModified\":\"2023-01-27T08:38:18+00:00\",\"mainEntityOfPage\":{\"@id\":\"https:\/\/swissbaker.ch\/fr\/panissimo-news\/penser-a-son-futur-et-oser\/\"},\"wordCount\":1389,\"publisher\":{\"@id\":\"https:\/\/swissbaker.ch\/fr\/#organization\"},\"image\":{\"@id\":\"https:\/\/swissbaker.ch\/fr\/panissimo-news\/penser-a-son-futur-et-oser\/#primaryimage\"},\"thumbnailUrl\":\"https:\/\/swissbaker.ch\/wp-content\/uploads\/2023\/01\/20221004.web-simon-spring-1895jruppen-ok-scaled.jpg\",\"articleSection\":[\"Boulangeries\/Confiseries\",\"Formation\/Rel\u00e8ve\"],\"inLanguage\":\"fr-FR\"},{\"@type\":\"WebPage\",\"@id\":\"https:\/\/swissbaker.ch\/fr\/panissimo-news\/penser-a-son-futur-et-oser\/\",\"url\":\"https:\/\/swissbaker.ch\/fr\/panissimo-news\/penser-a-son-futur-et-oser\/\",\"name\":\"\u00ab\u00a0Penser \u00e0 son futur et oser\u00a0!\u00a0\u00bb | SBC\",\"isPartOf\":{\"@id\":\"https:\/\/swissbaker.ch\/fr\/#website\"},\"primaryImageOfPage\":{\"@id\":\"https:\/\/swissbaker.ch\/fr\/panissimo-news\/penser-a-son-futur-et-oser\/#primaryimage\"},\"image\":{\"@id\":\"https:\/\/swissbaker.ch\/fr\/panissimo-news\/penser-a-son-futur-et-oser\/#primaryimage\"},\"thumbnailUrl\":\"https:\/\/swissbaker.ch\/wp-content\/uploads\/2023\/01\/20221004.web-simon-spring-1895jruppen-ok-scaled.jpg\",\"datePublished\":\"2023-01-27T08:00:00+00:00\",\"dateModified\":\"2023-01-27T08:38:18+00:00\",\"breadcrumb\":{\"@id\":\"https:\/\/swissbaker.ch\/fr\/panissimo-news\/penser-a-son-futur-et-oser\/#breadcrumb\"},\"inLanguage\":\"fr-FR\",\"potentialAction\":[{\"@type\":\"ReadAction\",\"target\":[\"https:\/\/swissbaker.ch\/fr\/panissimo-news\/penser-a-son-futur-et-oser\/\"]}]},{\"@type\":\"ImageObject\",\"inLanguage\":\"fr-FR\",\"@id\":\"https:\/\/swissbaker.ch\/fr\/panissimo-news\/penser-a-son-futur-et-oser\/#primaryimage\",\"url\":\"https:\/\/swissbaker.ch\/wp-content\/uploads\/2023\/01\/20221004.web-simon-spring-1895jruppen-ok-scaled.jpg\",\"contentUrl\":\"https:\/\/swissbaker.ch\/wp-content\/uploads\/2023\/01\/20221004.web-simon-spring-1895jruppen-ok-scaled.jpg\",\"width\":2048,\"height\":1365,\"caption\":\"Simon Spring, Le P\u00e2tissier de La Roche\"},{\"@type\":\"BreadcrumbList\",\"@id\":\"https:\/\/swissbaker.ch\/fr\/panissimo-news\/penser-a-son-futur-et-oser\/#breadcrumb\",\"itemListElement\":[{\"@type\":\"ListItem\",\"position\":1,\"name\":\"\",\"item\":\"https:\/\/swissbaker.ch\/fr\/\"},{\"@type\":\"ListItem\",\"position\":2,\"name\":\"Boulangeries\/Confiseries\",\"item\":\"https:\/\/swissbaker.ch\/fr\/panissimo-news\/category\/boulangeries-confiseries\/\"},{\"@type\":\"ListItem\",\"position\":3,\"name\":\"\u00ab\u00a0Penser \u00e0 son futur et oser\u00a0!\u00a0\u00bb\"}]},{\"@type\":\"WebSite\",\"@id\":\"https:\/\/swissbaker.ch\/fr\/#website\",\"url\":\"https:\/\/swissbaker.ch\/fr\/\",\"name\":\"SBC\",\"description\":\"\",\"publisher\":{\"@id\":\"https:\/\/swissbaker.ch\/fr\/#organization\"},\"potentialAction\":[{\"@type\":\"SearchAction\",\"target\":{\"@type\":\"EntryPoint\",\"urlTemplate\":\"https:\/\/swissbaker.ch\/fr\/?s={search_term_string}\"},\"query-input\":{\"@type\":\"PropertyValueSpecification\",\"valueRequired\":true,\"valueName\":\"search_term_string\"}}],\"inLanguage\":\"fr-FR\"},{\"@type\":\"Organization\",\"@id\":\"https:\/\/swissbaker.ch\/fr\/#organization\",\"name\":\"Schweizerischer B\u00e4cker-Confiseurmeister-Verband\",\"url\":\"https:\/\/swissbaker.ch\/fr\/\",\"logo\":{\"@type\":\"ImageObject\",\"inLanguage\":\"fr-FR\",\"@id\":\"https:\/\/swissbaker.ch\/fr\/#\/schema\/logo\/image\/\",\"url\":\"https:\/\/swissbaker.ch\/wp-content\/uploads\/2022\/04\/sbc-logo-yoast.jpg\",\"contentUrl\":\"https:\/\/swissbaker.ch\/wp-content\/uploads\/2022\/04\/sbc-logo-yoast.jpg\",\"width\":512,\"height\":512,\"caption\":\"Schweizerischer B\u00e4cker-Confiseurmeister-Verband\"},\"image\":{\"@id\":\"https:\/\/swissbaker.ch\/fr\/#\/schema\/logo\/image\/\"},\"sameAs\":[\"https:\/\/www.facebook.com\/swissbaker.ch\",\"https:\/\/x.com\/ch_swissbaker\"]},{\"@type\":\"Person\",\"@id\":\"https:\/\/swissbaker.ch\/fr\/#\/schema\/person\/abb9dbbf5af9443c30618295ec9cb74e\",\"name\":\"Johann Ruppen\",\"image\":{\"@type\":\"ImageObject\",\"inLanguage\":\"fr-FR\",\"@id\":\"https:\/\/swissbaker.ch\/fr\/#\/schema\/person\/image\/\",\"url\":\"https:\/\/secure.gravatar.com\/avatar\/779632f9a53a98ad01f956c0ab0333a9abed519eb0a7248909af8cf14497dedd?s=96&d=mm&r=g\",\"contentUrl\":\"https:\/\/secure.gravatar.com\/avatar\/779632f9a53a98ad01f956c0ab0333a9abed519eb0a7248909af8cf14497dedd?s=96&d=mm&r=g\",\"caption\":\"Johann Ruppen\"},\"sameAs\":[\"http:\/\/swissbaker.ch\"],\"url\":\"https:\/\/swissbaker.ch\/fr\/panissimo-news\/author\/johann-ruppenswissbaker-ch\/\"}]}<\/script>\n<!-- \/ Yoast SEO Premium plugin. -->","yoast_head_json":{"title":"\u00ab\u00a0Penser \u00e0 son futur et oser\u00a0!\u00a0\u00bb | SBC","robots":{"index":"index","follow":"follow","max-snippet":"max-snippet:-1","max-image-preview":"max-image-preview:large","max-video-preview":"max-video-preview:-1"},"canonical":"https:\/\/swissbaker.ch\/fr\/panissimo-news\/penser-a-son-futur-et-oser\/","og_locale":"fr_FR","og_type":"article","og_title":"\u00ab\u00a0Penser \u00e0 son futur et oser\u00a0!\u00a0\u00bb","og_description":"A 28 ans, Simon Spring g\u00e8re le P\u00e2tissier de La Roche (FR) depuis une ann\u00e9e\u00a0; une opportunit\u00e9 qui s\u2019est pr\u00e9sent\u00e9e alors qu\u2019il y effectuait un stage dans le cadre d\u2019une formation en \u00e9cole sup\u00e9rieure. Non seulement le p\u00e2tissier-confiseur a accept\u00e9, mais il a aussi termin\u00e9 ses \u00e9tudes avec panache, le tout sur fond de covid. Gros plan sur le parcours atypique d\u2019un patron, pour qui la formation post-apprentissage est essentielle.","og_url":"https:\/\/swissbaker.ch\/fr\/panissimo-news\/penser-a-son-futur-et-oser\/","og_site_name":"SBC","article_publisher":"https:\/\/www.facebook.com\/swissbaker.ch","article_published_time":"2023-01-27T08:00:00+00:00","article_modified_time":"2023-01-27T08:38:18+00:00","og_image":[{"width":2048,"height":1365,"url":"https:\/\/swissbaker.ch\/wp-content\/uploads\/2023\/01\/20221004.web-simon-spring-1895jruppen-ok-scaled.jpg","type":"image\/jpeg"}],"author":"Johann Ruppen","twitter_card":"summary_large_image","twitter_creator":"@ch_swissbaker","twitter_site":"@ch_swissbaker","twitter_misc":{"Written by":"Johann Ruppen","Est. reading time":"7 minutes"},"schema":{"@context":"https:\/\/schema.org","@graph":[{"@type":"Article","@id":"https:\/\/swissbaker.ch\/fr\/panissimo-news\/penser-a-son-futur-et-oser\/#article","isPartOf":{"@id":"https:\/\/swissbaker.ch\/fr\/panissimo-news\/penser-a-son-futur-et-oser\/"},"author":{"name":"Johann Ruppen","@id":"https:\/\/swissbaker.ch\/fr\/#\/schema\/person\/abb9dbbf5af9443c30618295ec9cb74e"},"headline":"\u00ab\u00a0Penser \u00e0 son futur et oser\u00a0!\u00a0\u00bb","datePublished":"2023-01-27T08:00:00+00:00","dateModified":"2023-01-27T08:38:18+00:00","mainEntityOfPage":{"@id":"https:\/\/swissbaker.ch\/fr\/panissimo-news\/penser-a-son-futur-et-oser\/"},"wordCount":1389,"publisher":{"@id":"https:\/\/swissbaker.ch\/fr\/#organization"},"image":{"@id":"https:\/\/swissbaker.ch\/fr\/panissimo-news\/penser-a-son-futur-et-oser\/#primaryimage"},"thumbnailUrl":"https:\/\/swissbaker.ch\/wp-content\/uploads\/2023\/01\/20221004.web-simon-spring-1895jruppen-ok-scaled.jpg","articleSection":["Boulangeries\/Confiseries","Formation\/Rel\u00e8ve"],"inLanguage":"fr-FR"},{"@type":"WebPage","@id":"https:\/\/swissbaker.ch\/fr\/panissimo-news\/penser-a-son-futur-et-oser\/","url":"https:\/\/swissbaker.ch\/fr\/panissimo-news\/penser-a-son-futur-et-oser\/","name":"\u00ab\u00a0Penser \u00e0 son futur et oser\u00a0!\u00a0\u00bb | SBC","isPartOf":{"@id":"https:\/\/swissbaker.ch\/fr\/#website"},"primaryImageOfPage":{"@id":"https:\/\/swissbaker.ch\/fr\/panissimo-news\/penser-a-son-futur-et-oser\/#primaryimage"},"image":{"@id":"https:\/\/swissbaker.ch\/fr\/panissimo-news\/penser-a-son-futur-et-oser\/#primaryimage"},"thumbnailUrl":"https:\/\/swissbaker.ch\/wp-content\/uploads\/2023\/01\/20221004.web-simon-spring-1895jruppen-ok-scaled.jpg","datePublished":"2023-01-27T08:00:00+00:00","dateModified":"2023-01-27T08:38:18+00:00","breadcrumb":{"@id":"https:\/\/swissbaker.ch\/fr\/panissimo-news\/penser-a-son-futur-et-oser\/#breadcrumb"},"inLanguage":"fr-FR","potentialAction":[{"@type":"ReadAction","target":["https:\/\/swissbaker.ch\/fr\/panissimo-news\/penser-a-son-futur-et-oser\/"]}]},{"@type":"ImageObject","inLanguage":"fr-FR","@id":"https:\/\/swissbaker.ch\/fr\/panissimo-news\/penser-a-son-futur-et-oser\/#primaryimage","url":"https:\/\/swissbaker.ch\/wp-content\/uploads\/2023\/01\/20221004.web-simon-spring-1895jruppen-ok-scaled.jpg","contentUrl":"https:\/\/swissbaker.ch\/wp-content\/uploads\/2023\/01\/20221004.web-simon-spring-1895jruppen-ok-scaled.jpg","width":2048,"height":1365,"caption":"Simon Spring, Le P\u00e2tissier de La Roche"},{"@type":"BreadcrumbList","@id":"https:\/\/swissbaker.ch\/fr\/panissimo-news\/penser-a-son-futur-et-oser\/#breadcrumb","itemListElement":[{"@type":"ListItem","position":1,"name":"","item":"https:\/\/swissbaker.ch\/fr\/"},{"@type":"ListItem","position":2,"name":"Boulangeries\/Confiseries","item":"https:\/\/swissbaker.ch\/fr\/panissimo-news\/category\/boulangeries-confiseries\/"},{"@type":"ListItem","position":3,"name":"\u00ab\u00a0Penser \u00e0 son futur et oser\u00a0!\u00a0\u00bb"}]},{"@type":"WebSite","@id":"https:\/\/swissbaker.ch\/fr\/#website","url":"https:\/\/swissbaker.ch\/fr\/","name":"SBC","description":"","publisher":{"@id":"https:\/\/swissbaker.ch\/fr\/#organization"},"potentialAction":[{"@type":"SearchAction","target":{"@type":"EntryPoint","urlTemplate":"https:\/\/swissbaker.ch\/fr\/?s={search_term_string}"},"query-input":{"@type":"PropertyValueSpecification","valueRequired":true,"valueName":"search_term_string"}}],"inLanguage":"fr-FR"},{"@type":"Organization","@id":"https:\/\/swissbaker.ch\/fr\/#organization","name":"Schweizerischer B\u00e4cker-Confiseurmeister-Verband","url":"https:\/\/swissbaker.ch\/fr\/","logo":{"@type":"ImageObject","inLanguage":"fr-FR","@id":"https:\/\/swissbaker.ch\/fr\/#\/schema\/logo\/image\/","url":"https:\/\/swissbaker.ch\/wp-content\/uploads\/2022\/04\/sbc-logo-yoast.jpg","contentUrl":"https:\/\/swissbaker.ch\/wp-content\/uploads\/2022\/04\/sbc-logo-yoast.jpg","width":512,"height":512,"caption":"Schweizerischer B\u00e4cker-Confiseurmeister-Verband"},"image":{"@id":"https:\/\/swissbaker.ch\/fr\/#\/schema\/logo\/image\/"},"sameAs":["https:\/\/www.facebook.com\/swissbaker.ch","https:\/\/x.com\/ch_swissbaker"]},{"@type":"Person","@id":"https:\/\/swissbaker.ch\/fr\/#\/schema\/person\/abb9dbbf5af9443c30618295ec9cb74e","name":"Johann Ruppen","image":{"@type":"ImageObject","inLanguage":"fr-FR","@id":"https:\/\/swissbaker.ch\/fr\/#\/schema\/person\/image\/","url":"https:\/\/secure.gravatar.com\/avatar\/779632f9a53a98ad01f956c0ab0333a9abed519eb0a7248909af8cf14497dedd?s=96&d=mm&r=g","contentUrl":"https:\/\/secure.gravatar.com\/avatar\/779632f9a53a98ad01f956c0ab0333a9abed519eb0a7248909af8cf14497dedd?s=96&d=mm&r=g","caption":"Johann Ruppen"},"sameAs":["http:\/\/swissbaker.ch"],"url":"https:\/\/swissbaker.ch\/fr\/panissimo-news\/author\/johann-ruppenswissbaker-ch\/"}]}},"_links":{"self":[{"href":"https:\/\/swissbaker.ch\/fr\/wp-json\/wp\/v2\/posts\/56029","targetHints":{"allow":["GET"]}}],"collection":[{"href":"https:\/\/swissbaker.ch\/fr\/wp-json\/wp\/v2\/posts"}],"about":[{"href":"https:\/\/swissbaker.ch\/fr\/wp-json\/wp\/v2\/types\/post"}],"author":[{"embeddable":true,"href":"https:\/\/swissbaker.ch\/fr\/wp-json\/wp\/v2\/users\/8"}],"replies":[{"embeddable":true,"href":"https:\/\/swissbaker.ch\/fr\/wp-json\/wp\/v2\/comments?post=56029"}],"version-history":[{"count":0,"href":"https:\/\/swissbaker.ch\/fr\/wp-json\/wp\/v2\/posts\/56029\/revisions"}],"wp:featuredmedia":[{"embeddable":true,"href":"https:\/\/swissbaker.ch\/fr\/wp-json\/wp\/v2\/media\/56038"}],"wp:attachment":[{"href":"https:\/\/swissbaker.ch\/fr\/wp-json\/wp\/v2\/media?parent=56029"}],"wp:term":[{"taxonomy":"category","embeddable":true,"href":"https:\/\/swissbaker.ch\/fr\/wp-json\/wp\/v2\/categories?post=56029"},{"taxonomy":"post_tag","embeddable":true,"href":"https:\/\/swissbaker.ch\/fr\/wp-json\/wp\/v2\/tags?post=56029"}],"curies":[{"name":"wp","href":"https:\/\/api.w.org\/{rel}","templated":true}]}}