{"id":55928,"date":"2023-01-26T08:22:48","date_gmt":"2023-01-26T07:22:48","guid":{"rendered":"https:\/\/swissbaker.ch\/?p=55928"},"modified":"2023-01-26T14:55:52","modified_gmt":"2023-01-26T13:55:52","slug":"qui-portera-la-couronne-boulangere-en-2023-participez-des-maintenant","status":"publish","type":"post","link":"https:\/\/swissbaker.ch\/fr\/panissimo-news\/qui-portera-la-couronne-boulangere-en-2023-participez-des-maintenant\/","title":{"rendered":"Qui portera la couronne boulang\u00e8re en 2023 ? Participez d\u00e8s maintenant !"},"content":{"rendered":"\n<p><strong>La remise de la couronne boulang\u00e8re aura bient\u00f4t lieu : cette ann\u00e9e aussi, nous recherchons des boulang\u00e8res et boulangers innovants ainsi que des confiseuses et confiseurs cr\u00e9atifs ; que ce soit dans le domaine professionnel, social, \u00e9conomique ou \u00e9cologique. La reine ou le roi de la boulangerie remportera le titre et le prix de 15 000 francs.<\/strong><\/p>\n\n\n\n<p>Avis aux boulang\u00e8res et boulangers, confiseuses et confiseurs : le coup d&#8217;envoi de l&#8217;appel \u00e0 candidatures pour la couronne boulang\u00e8re 2023 a \u00e9t\u00e9 donn\u00e9! Cette ann\u00e9e, ce sera la 11e fois d\u00e9j\u00e0 qu\u2019une boulang\u00e8re- confiseuse ou un boulanger-confiseur particuli\u00e8rement innovant(e) sera r\u00e9compens\u00e9(e). Qui h\u00e9ritera de la couronne de <a href=\"https:\/\/swissbaker.ch\/fr\/panissimo-news\/reussir-autrement\/\" target=\"_blank\" rel=\"noreferrer noopener\">l&#8217;actuel roi de la boulangerie \u00abEigenbr\u00f6tler\u00bb, Daniel Amrein<\/a> de Wauwil (LU) ?<\/p>\n\n\n\n<h2 class=\"wp-block-heading\" id=\"h-pour-participer-rien-de-plus-simple\">POUR PARTICIPER, RIEN DE PLUS SIMPLE \u2026<\/h2>\n\n\n\n<p>La couronne boulang\u00e8re est d\u00e9cern\u00e9e par l&#8217;Union suisse de la levure (SHV) en collaboration avec l&#8217;Association suisse des patrons boulangers-confiseurs (BCS). La proc\u00e9dure de participation est tr\u00e8s simple pour les candidats : \u00eates-vous membre de la BCS, soit \u00e0 titre individuel, soit en tant qu&#8217;entreprise ? Dans ce cas, d\u00e9crivez tr\u00e8s bri\u00e8vement votre particularit\u00e9 et envoyez-la au jury ou soumettez-la en ligne. Vous pouvez choisir librement le format ; variantes \u00e9crites, photos ou enregistrements vid\u00e9o sont possibles. Vous pouvez \u00e9galement motiver votre client\u00e8le \u00e0 vous nominer ou \u00e0 nominer votre entreprise en ligne et \u00e0 r\u00e9compenser ainsi vos particularit\u00e9s ou vos talents.<\/p>\n\n\n\n<h2 class=\"wp-block-heading\">CR\u00c9ATIF, INNOVANT OU AUTREMENT REMARQUABLE \u2026<\/h2>\n\n\n\n<p>Nous cherchons des id\u00e9es cr\u00e9atives, un comportement particuli\u00e8rement professionnel ou un engagement exceptionnel ; et le jury a d\u00e9j\u00e0 trouv\u00e9 dix fois ce qu&#8217;il cherchait ! Seront r\u00e9compens\u00e9s ceux qui ont fait briller notre branche au cours de l&#8217;ann\u00e9e \u00e9coul\u00e9e de mani\u00e8re sympathique, durable ou cr\u00e9ative. Le vainqueur ne remporte pas seulement le titre, mais aussi le prix de 15 000 francs offert par la SHV. La couronne boulang\u00e8re est d\u00e9cern\u00e9e sans limite pr\u00e9d\u00e9finie, ce qui rend la participation extr\u00eamement simple. Par exemple, l&#8217;un des points suivants pourrait \u00eatre d\u00e9terminant :<\/p>\n\n\n\n<ul class=\"wp-block-list\"><li>Innovations de produits sp\u00e9cifiques<\/li><li>Innovations cr\u00e9atives dans les entreprises<\/li><li>Engagement pour l&#8217;environnement<\/li><li>Encouragement exceptionnel des collaborateurs, soit des personnes<\/li><li>Responsabilit\u00e9 sociale<\/li><li>D\u00e9veloppement professionnel de la branche artisanale au niveau national<\/li><\/ul>\n\n\n\n<h2 class=\"wp-block-heading\">DE LA PUBLICIT\u00c9 ET DE L&#8217;ARGENT \u00c0 GAGNER \u2026<\/h2>\n\n\n\n<p>D&#8217;une part, le prix de 15000 francs permet de r\u00e9aliser certains projets et, d&#8217;autre part, il permet bien s\u00fbr de b\u00e9n\u00e9ficier d&#8217;une publicit\u00e9 nationale. De leur c\u00f4t\u00e9, la SHV et la BCS se r\u00e9jouissent de r\u00e9compenser des personnes engag\u00e9es et des id\u00e9es particuli\u00e8rement cr\u00e9atives. Une situation gagnant- gagnant !<\/p>\n\n\n\n<h2 class=\"wp-block-heading\">NOMINER SUR PAPIER, PAR VOIE \u00c9LECTRONIQUE OU EN LIGNE : TOUT EST POSSIBLE<\/h2>\n\n\n\n<p>Envoyez votre dossier au jury \u00e0 l&#8217;adresse postale suivante : <\/p>\n\n\n\n<p>Schweizerischer Hefeverband SHV<br>Thunstrasse 82<br>Postfach 1009<br>3000 Bern 6<\/p>\n\n\n\n<p>ou par e-mail \u00e0 <a href=\"mailto:info@baeckerkrone.ch\" target=\"_blank\" rel=\"noreferrer noopener\">info@baeckerkrone.ch<\/a>.<\/p>\n\n\n\n<p>Il est \u00e9galement possible de remplir directement le formulaire de nomination mis en ligne sur <a href=\"http:\/\/www.couronneboulangere.ch\/nominez\" target=\"_blank\" rel=\"noreferrer noopener\">www.couronneboulangere.ch<\/a> ou justement d&#8217;inciter les clients \u00e0 le faire.<br>La date limite d&#8217;inscription est fix\u00e9e au 24 mars 2023, apr\u00e8s quoi la balle sera dans le camp du jury. Compos\u00e9 de trois repr\u00e9sentants de la SHV et de trois repr\u00e9sentants de la BCS, il examinera les documents et les nomina- tions re\u00e7us, rendra visite aux finalistes et \u00e9lira finalement la nouvelle reine ou le nouveau roi de la boulangerie. La gagnante ou le gagnant de la couronne boulang\u00e8re 2023 sera officiellement r\u00e9compens\u00e9(e) \u00e0 l&#8217;occasion du congr\u00e8s de la BCS le 13 juin 2023.<\/p>\n\n\n\n<hr class=\"wp-block-separator has-alpha-channel-opacity\"\/>\n\n\n\n<h2 class=\"wp-block-heading\">Toutes les informations et le formulaire de nomination :<\/h2>\n\n\n\n<p><a href=\"http:\/\/www.couronneboulangere.ch\/nominez\" target=\"_blank\" rel=\"noreferrer noopener\"><strong>www.couronneboulangere.ch\/nominez <\/strong><\/a><\/p>\n\n\n\n<p><strong>Date limite d&#8217;envoi : 24 mars 2023<\/strong><\/p>\n\n\n\n<p class=\"has-text-align-right\"><em>Union suisse de la levure (SHV)<\/em><\/p>\n","protected":false},"excerpt":{"rendered":"<p>La remise de la couronne boulang\u00e8re aura bient\u00f4t lieu : cette ann\u00e9e aussi, nous recherchons des boulang\u00e8res et boulangers innovants ainsi que des confiseuses et confiseurs cr\u00e9atifs ; que ce soit dans le domaine professionnel, social, \u00e9conomique ou \u00e9cologique. La reine ou le roi de la boulangerie remportera le titre et le prix de 15 000 francs.<\/p>\n","protected":false},"author":5,"featured_media":55925,"comment_status":"closed","ping_status":"closed","sticky":true,"template":"","format":"standard","meta":{"_acf_changed":false,"footnotes":""},"categories":[39,46],"tags":[],"class_list":["post-55928","post","type-post","status-publish","format-standard","has-post-thumbnail","hentry","category-de-la-branche","category-evenement"],"acf":[],"yoast_head":"<!-- This site is optimized with the Yoast SEO Premium plugin v26.8 (Yoast SEO v26.8) - https:\/\/yoast.com\/product\/yoast-seo-premium-wordpress\/ -->\n<title>Qui portera la couronne boulang\u00e8re en 2023 ? Participez d\u00e8s maintenant ! | SBC<\/title>\n<meta name=\"description\" content=\"Cette ann\u00e9e aussi, nous recherchons des boulang\u00e8res et boulangers innovants ainsi que des confiseuses et confiseurs cr\u00e9atifs.\" \/>\n<meta name=\"robots\" content=\"index, follow, max-snippet:-1, max-image-preview:large, max-video-preview:-1\" \/>\n<link rel=\"canonical\" href=\"https:\/\/swissbaker.ch\/fr\/panissimo-news\/qui-portera-la-couronne-boulangere-en-2023-participez-des-maintenant\/\" \/>\n<meta property=\"og:locale\" content=\"fr_FR\" \/>\n<meta property=\"og:type\" content=\"article\" \/>\n<meta property=\"og:title\" content=\"Qui portera la couronne boulang\u00e8re en 2023 ? Participez d\u00e8s maintenant !\" \/>\n<meta property=\"og:description\" content=\"Cette ann\u00e9e aussi, nous recherchons des boulang\u00e8res et boulangers innovants ainsi que des confiseuses et confiseurs cr\u00e9atifs.\" \/>\n<meta property=\"og:url\" content=\"https:\/\/swissbaker.ch\/fr\/panissimo-news\/qui-portera-la-couronne-boulangere-en-2023-participez-des-maintenant\/\" \/>\n<meta property=\"og:site_name\" content=\"SBC\" \/>\n<meta property=\"article:publisher\" content=\"https:\/\/www.facebook.com\/swissbaker.ch\" \/>\n<meta property=\"article:published_time\" content=\"2023-01-26T07:22:48+00:00\" \/>\n<meta property=\"article:modified_time\" content=\"2023-01-26T13:55:52+00:00\" \/>\n<meta property=\"og:image\" content=\"https:\/\/swissbaker.ch\/wp-content\/uploads\/2023\/01\/2_1_couronne_boulangere.jpg\" \/>\n\t<meta property=\"og:image:width\" content=\"1200\" \/>\n\t<meta property=\"og:image:height\" content=\"712\" \/>\n\t<meta property=\"og:image:type\" content=\"image\/jpeg\" \/>\n<meta name=\"author\" content=\"Simon Nussbaum\" \/>\n<meta name=\"twitter:card\" content=\"summary_large_image\" \/>\n<meta name=\"twitter:creator\" content=\"@ch_swissbaker\" \/>\n<meta name=\"twitter:site\" content=\"@ch_swissbaker\" \/>\n<meta name=\"twitter:label1\" content=\"Written by\" \/>\n\t<meta name=\"twitter:data1\" content=\"Simon Nussbaum\" \/>\n\t<meta name=\"twitter:label2\" content=\"Est. reading time\" \/>\n\t<meta name=\"twitter:data2\" content=\"4 minutes\" \/>\n<script type=\"application\/ld+json\" class=\"yoast-schema-graph\">{\"@context\":\"https:\/\/schema.org\",\"@graph\":[{\"@type\":\"Article\",\"@id\":\"https:\/\/swissbaker.ch\/fr\/panissimo-news\/qui-portera-la-couronne-boulangere-en-2023-participez-des-maintenant\/#article\",\"isPartOf\":{\"@id\":\"https:\/\/swissbaker.ch\/fr\/panissimo-news\/qui-portera-la-couronne-boulangere-en-2023-participez-des-maintenant\/\"},\"author\":{\"name\":\"Simon Nussbaum\",\"@id\":\"https:\/\/swissbaker.ch\/fr\/#\/schema\/person\/74bd327b08c18ca6042c02ff6f0ed5e2\"},\"headline\":\"Qui portera la couronne boulang\u00e8re en 2023 ? Participez d\u00e8s maintenant !\",\"datePublished\":\"2023-01-26T07:22:48+00:00\",\"dateModified\":\"2023-01-26T13:55:52+00:00\",\"mainEntityOfPage\":{\"@id\":\"https:\/\/swissbaker.ch\/fr\/panissimo-news\/qui-portera-la-couronne-boulangere-en-2023-participez-des-maintenant\/\"},\"wordCount\":641,\"publisher\":{\"@id\":\"https:\/\/swissbaker.ch\/fr\/#organization\"},\"image\":{\"@id\":\"https:\/\/swissbaker.ch\/fr\/panissimo-news\/qui-portera-la-couronne-boulangere-en-2023-participez-des-maintenant\/#primaryimage\"},\"thumbnailUrl\":\"https:\/\/swissbaker.ch\/wp-content\/uploads\/2023\/01\/2_1_couronne_boulangere.jpg\",\"articleSection\":[\"De la branche\",\"Ev\u00e9nement\"],\"inLanguage\":\"fr-FR\"},{\"@type\":\"WebPage\",\"@id\":\"https:\/\/swissbaker.ch\/fr\/panissimo-news\/qui-portera-la-couronne-boulangere-en-2023-participez-des-maintenant\/\",\"url\":\"https:\/\/swissbaker.ch\/fr\/panissimo-news\/qui-portera-la-couronne-boulangere-en-2023-participez-des-maintenant\/\",\"name\":\"Qui portera la couronne boulang\u00e8re en 2023 ? Participez d\u00e8s maintenant ! | SBC\",\"isPartOf\":{\"@id\":\"https:\/\/swissbaker.ch\/fr\/#website\"},\"primaryImageOfPage\":{\"@id\":\"https:\/\/swissbaker.ch\/fr\/panissimo-news\/qui-portera-la-couronne-boulangere-en-2023-participez-des-maintenant\/#primaryimage\"},\"image\":{\"@id\":\"https:\/\/swissbaker.ch\/fr\/panissimo-news\/qui-portera-la-couronne-boulangere-en-2023-participez-des-maintenant\/#primaryimage\"},\"thumbnailUrl\":\"https:\/\/swissbaker.ch\/wp-content\/uploads\/2023\/01\/2_1_couronne_boulangere.jpg\",\"datePublished\":\"2023-01-26T07:22:48+00:00\",\"dateModified\":\"2023-01-26T13:55:52+00:00\",\"description\":\"Cette ann\u00e9e aussi, nous recherchons des boulang\u00e8res et boulangers innovants ainsi que des confiseuses et confiseurs cr\u00e9atifs.\",\"breadcrumb\":{\"@id\":\"https:\/\/swissbaker.ch\/fr\/panissimo-news\/qui-portera-la-couronne-boulangere-en-2023-participez-des-maintenant\/#breadcrumb\"},\"inLanguage\":\"fr-FR\",\"potentialAction\":[{\"@type\":\"ReadAction\",\"target\":[\"https:\/\/swissbaker.ch\/fr\/panissimo-news\/qui-portera-la-couronne-boulangere-en-2023-participez-des-maintenant\/\"]}]},{\"@type\":\"ImageObject\",\"inLanguage\":\"fr-FR\",\"@id\":\"https:\/\/swissbaker.ch\/fr\/panissimo-news\/qui-portera-la-couronne-boulangere-en-2023-participez-des-maintenant\/#primaryimage\",\"url\":\"https:\/\/swissbaker.ch\/wp-content\/uploads\/2023\/01\/2_1_couronne_boulangere.jpg\",\"contentUrl\":\"https:\/\/swissbaker.ch\/wp-content\/uploads\/2023\/01\/2_1_couronne_boulangere.jpg\",\"width\":1200,\"height\":712},{\"@type\":\"BreadcrumbList\",\"@id\":\"https:\/\/swissbaker.ch\/fr\/panissimo-news\/qui-portera-la-couronne-boulangere-en-2023-participez-des-maintenant\/#breadcrumb\",\"itemListElement\":[{\"@type\":\"ListItem\",\"position\":1,\"name\":\"\",\"item\":\"https:\/\/swissbaker.ch\/fr\/\"},{\"@type\":\"ListItem\",\"position\":2,\"name\":\"Ev\u00e9nement\",\"item\":\"https:\/\/swissbaker.ch\/fr\/panissimo-news\/category\/evenement\/\"},{\"@type\":\"ListItem\",\"position\":3,\"name\":\"Qui portera la couronne boulang\u00e8re en 2023 ? Participez d\u00e8s maintenant !\"}]},{\"@type\":\"WebSite\",\"@id\":\"https:\/\/swissbaker.ch\/fr\/#website\",\"url\":\"https:\/\/swissbaker.ch\/fr\/\",\"name\":\"SBC\",\"description\":\"\",\"publisher\":{\"@id\":\"https:\/\/swissbaker.ch\/fr\/#organization\"},\"potentialAction\":[{\"@type\":\"SearchAction\",\"target\":{\"@type\":\"EntryPoint\",\"urlTemplate\":\"https:\/\/swissbaker.ch\/fr\/?s={search_term_string}\"},\"query-input\":{\"@type\":\"PropertyValueSpecification\",\"valueRequired\":true,\"valueName\":\"search_term_string\"}}],\"inLanguage\":\"fr-FR\"},{\"@type\":\"Organization\",\"@id\":\"https:\/\/swissbaker.ch\/fr\/#organization\",\"name\":\"Schweizerischer B\u00e4cker-Confiseurmeister-Verband\",\"url\":\"https:\/\/swissbaker.ch\/fr\/\",\"logo\":{\"@type\":\"ImageObject\",\"inLanguage\":\"fr-FR\",\"@id\":\"https:\/\/swissbaker.ch\/fr\/#\/schema\/logo\/image\/\",\"url\":\"https:\/\/swissbaker.ch\/wp-content\/uploads\/2022\/04\/sbc-logo-yoast.jpg\",\"contentUrl\":\"https:\/\/swissbaker.ch\/wp-content\/uploads\/2022\/04\/sbc-logo-yoast.jpg\",\"width\":512,\"height\":512,\"caption\":\"Schweizerischer B\u00e4cker-Confiseurmeister-Verband\"},\"image\":{\"@id\":\"https:\/\/swissbaker.ch\/fr\/#\/schema\/logo\/image\/\"},\"sameAs\":[\"https:\/\/www.facebook.com\/swissbaker.ch\",\"https:\/\/x.com\/ch_swissbaker\"]},{\"@type\":\"Person\",\"@id\":\"https:\/\/swissbaker.ch\/fr\/#\/schema\/person\/74bd327b08c18ca6042c02ff6f0ed5e2\",\"name\":\"Simon Nussbaum\",\"image\":{\"@type\":\"ImageObject\",\"inLanguage\":\"fr-FR\",\"@id\":\"https:\/\/swissbaker.ch\/fr\/#\/schema\/person\/image\/\",\"url\":\"https:\/\/secure.gravatar.com\/avatar\/df0eced3bb556c806cb760cf503ade1ed1df25b4104d80d6fd28d93a9509aa12?s=96&d=mm&r=g\",\"contentUrl\":\"https:\/\/secure.gravatar.com\/avatar\/df0eced3bb556c806cb760cf503ade1ed1df25b4104d80d6fd28d93a9509aa12?s=96&d=mm&r=g\",\"caption\":\"Simon Nussbaum\"},\"url\":\"https:\/\/swissbaker.ch\/fr\/panissimo-news\/author\/simon-nussbaum\/\"}]}<\/script>\n<!-- \/ Yoast SEO Premium plugin. -->","yoast_head_json":{"title":"Qui portera la couronne boulang\u00e8re en 2023 ? Participez d\u00e8s maintenant ! | SBC","description":"Cette ann\u00e9e aussi, nous recherchons des boulang\u00e8res et boulangers innovants ainsi que des confiseuses et confiseurs cr\u00e9atifs.","robots":{"index":"index","follow":"follow","max-snippet":"max-snippet:-1","max-image-preview":"max-image-preview:large","max-video-preview":"max-video-preview:-1"},"canonical":"https:\/\/swissbaker.ch\/fr\/panissimo-news\/qui-portera-la-couronne-boulangere-en-2023-participez-des-maintenant\/","og_locale":"fr_FR","og_type":"article","og_title":"Qui portera la couronne boulang\u00e8re en 2023 ? Participez d\u00e8s maintenant !","og_description":"Cette ann\u00e9e aussi, nous recherchons des boulang\u00e8res et boulangers innovants ainsi que des confiseuses et confiseurs cr\u00e9atifs.","og_url":"https:\/\/swissbaker.ch\/fr\/panissimo-news\/qui-portera-la-couronne-boulangere-en-2023-participez-des-maintenant\/","og_site_name":"SBC","article_publisher":"https:\/\/www.facebook.com\/swissbaker.ch","article_published_time":"2023-01-26T07:22:48+00:00","article_modified_time":"2023-01-26T13:55:52+00:00","og_image":[{"width":1200,"height":712,"url":"https:\/\/swissbaker.ch\/wp-content\/uploads\/2023\/01\/2_1_couronne_boulangere.jpg","type":"image\/jpeg"}],"author":"Simon Nussbaum","twitter_card":"summary_large_image","twitter_creator":"@ch_swissbaker","twitter_site":"@ch_swissbaker","twitter_misc":{"Written by":"Simon Nussbaum","Est. reading time":"4 minutes"},"schema":{"@context":"https:\/\/schema.org","@graph":[{"@type":"Article","@id":"https:\/\/swissbaker.ch\/fr\/panissimo-news\/qui-portera-la-couronne-boulangere-en-2023-participez-des-maintenant\/#article","isPartOf":{"@id":"https:\/\/swissbaker.ch\/fr\/panissimo-news\/qui-portera-la-couronne-boulangere-en-2023-participez-des-maintenant\/"},"author":{"name":"Simon Nussbaum","@id":"https:\/\/swissbaker.ch\/fr\/#\/schema\/person\/74bd327b08c18ca6042c02ff6f0ed5e2"},"headline":"Qui portera la couronne boulang\u00e8re en 2023 ? Participez d\u00e8s maintenant !","datePublished":"2023-01-26T07:22:48+00:00","dateModified":"2023-01-26T13:55:52+00:00","mainEntityOfPage":{"@id":"https:\/\/swissbaker.ch\/fr\/panissimo-news\/qui-portera-la-couronne-boulangere-en-2023-participez-des-maintenant\/"},"wordCount":641,"publisher":{"@id":"https:\/\/swissbaker.ch\/fr\/#organization"},"image":{"@id":"https:\/\/swissbaker.ch\/fr\/panissimo-news\/qui-portera-la-couronne-boulangere-en-2023-participez-des-maintenant\/#primaryimage"},"thumbnailUrl":"https:\/\/swissbaker.ch\/wp-content\/uploads\/2023\/01\/2_1_couronne_boulangere.jpg","articleSection":["De la branche","Ev\u00e9nement"],"inLanguage":"fr-FR"},{"@type":"WebPage","@id":"https:\/\/swissbaker.ch\/fr\/panissimo-news\/qui-portera-la-couronne-boulangere-en-2023-participez-des-maintenant\/","url":"https:\/\/swissbaker.ch\/fr\/panissimo-news\/qui-portera-la-couronne-boulangere-en-2023-participez-des-maintenant\/","name":"Qui portera la couronne boulang\u00e8re en 2023 ? Participez d\u00e8s maintenant ! | SBC","isPartOf":{"@id":"https:\/\/swissbaker.ch\/fr\/#website"},"primaryImageOfPage":{"@id":"https:\/\/swissbaker.ch\/fr\/panissimo-news\/qui-portera-la-couronne-boulangere-en-2023-participez-des-maintenant\/#primaryimage"},"image":{"@id":"https:\/\/swissbaker.ch\/fr\/panissimo-news\/qui-portera-la-couronne-boulangere-en-2023-participez-des-maintenant\/#primaryimage"},"thumbnailUrl":"https:\/\/swissbaker.ch\/wp-content\/uploads\/2023\/01\/2_1_couronne_boulangere.jpg","datePublished":"2023-01-26T07:22:48+00:00","dateModified":"2023-01-26T13:55:52+00:00","description":"Cette ann\u00e9e aussi, nous recherchons des boulang\u00e8res et boulangers innovants ainsi que des confiseuses et confiseurs cr\u00e9atifs.","breadcrumb":{"@id":"https:\/\/swissbaker.ch\/fr\/panissimo-news\/qui-portera-la-couronne-boulangere-en-2023-participez-des-maintenant\/#breadcrumb"},"inLanguage":"fr-FR","potentialAction":[{"@type":"ReadAction","target":["https:\/\/swissbaker.ch\/fr\/panissimo-news\/qui-portera-la-couronne-boulangere-en-2023-participez-des-maintenant\/"]}]},{"@type":"ImageObject","inLanguage":"fr-FR","@id":"https:\/\/swissbaker.ch\/fr\/panissimo-news\/qui-portera-la-couronne-boulangere-en-2023-participez-des-maintenant\/#primaryimage","url":"https:\/\/swissbaker.ch\/wp-content\/uploads\/2023\/01\/2_1_couronne_boulangere.jpg","contentUrl":"https:\/\/swissbaker.ch\/wp-content\/uploads\/2023\/01\/2_1_couronne_boulangere.jpg","width":1200,"height":712},{"@type":"BreadcrumbList","@id":"https:\/\/swissbaker.ch\/fr\/panissimo-news\/qui-portera-la-couronne-boulangere-en-2023-participez-des-maintenant\/#breadcrumb","itemListElement":[{"@type":"ListItem","position":1,"name":"","item":"https:\/\/swissbaker.ch\/fr\/"},{"@type":"ListItem","position":2,"name":"Ev\u00e9nement","item":"https:\/\/swissbaker.ch\/fr\/panissimo-news\/category\/evenement\/"},{"@type":"ListItem","position":3,"name":"Qui portera la couronne boulang\u00e8re en 2023 ? Participez d\u00e8s maintenant !"}]},{"@type":"WebSite","@id":"https:\/\/swissbaker.ch\/fr\/#website","url":"https:\/\/swissbaker.ch\/fr\/","name":"SBC","description":"","publisher":{"@id":"https:\/\/swissbaker.ch\/fr\/#organization"},"potentialAction":[{"@type":"SearchAction","target":{"@type":"EntryPoint","urlTemplate":"https:\/\/swissbaker.ch\/fr\/?s={search_term_string}"},"query-input":{"@type":"PropertyValueSpecification","valueRequired":true,"valueName":"search_term_string"}}],"inLanguage":"fr-FR"},{"@type":"Organization","@id":"https:\/\/swissbaker.ch\/fr\/#organization","name":"Schweizerischer B\u00e4cker-Confiseurmeister-Verband","url":"https:\/\/swissbaker.ch\/fr\/","logo":{"@type":"ImageObject","inLanguage":"fr-FR","@id":"https:\/\/swissbaker.ch\/fr\/#\/schema\/logo\/image\/","url":"https:\/\/swissbaker.ch\/wp-content\/uploads\/2022\/04\/sbc-logo-yoast.jpg","contentUrl":"https:\/\/swissbaker.ch\/wp-content\/uploads\/2022\/04\/sbc-logo-yoast.jpg","width":512,"height":512,"caption":"Schweizerischer B\u00e4cker-Confiseurmeister-Verband"},"image":{"@id":"https:\/\/swissbaker.ch\/fr\/#\/schema\/logo\/image\/"},"sameAs":["https:\/\/www.facebook.com\/swissbaker.ch","https:\/\/x.com\/ch_swissbaker"]},{"@type":"Person","@id":"https:\/\/swissbaker.ch\/fr\/#\/schema\/person\/74bd327b08c18ca6042c02ff6f0ed5e2","name":"Simon Nussbaum","image":{"@type":"ImageObject","inLanguage":"fr-FR","@id":"https:\/\/swissbaker.ch\/fr\/#\/schema\/person\/image\/","url":"https:\/\/secure.gravatar.com\/avatar\/df0eced3bb556c806cb760cf503ade1ed1df25b4104d80d6fd28d93a9509aa12?s=96&d=mm&r=g","contentUrl":"https:\/\/secure.gravatar.com\/avatar\/df0eced3bb556c806cb760cf503ade1ed1df25b4104d80d6fd28d93a9509aa12?s=96&d=mm&r=g","caption":"Simon Nussbaum"},"url":"https:\/\/swissbaker.ch\/fr\/panissimo-news\/author\/simon-nussbaum\/"}]}},"_links":{"self":[{"href":"https:\/\/swissbaker.ch\/fr\/wp-json\/wp\/v2\/posts\/55928","targetHints":{"allow":["GET"]}}],"collection":[{"href":"https:\/\/swissbaker.ch\/fr\/wp-json\/wp\/v2\/posts"}],"about":[{"href":"https:\/\/swissbaker.ch\/fr\/wp-json\/wp\/v2\/types\/post"}],"author":[{"embeddable":true,"href":"https:\/\/swissbaker.ch\/fr\/wp-json\/wp\/v2\/users\/5"}],"replies":[{"embeddable":true,"href":"https:\/\/swissbaker.ch\/fr\/wp-json\/wp\/v2\/comments?post=55928"}],"version-history":[{"count":0,"href":"https:\/\/swissbaker.ch\/fr\/wp-json\/wp\/v2\/posts\/55928\/revisions"}],"wp:featuredmedia":[{"embeddable":true,"href":"https:\/\/swissbaker.ch\/fr\/wp-json\/wp\/v2\/media\/55925"}],"wp:attachment":[{"href":"https:\/\/swissbaker.ch\/fr\/wp-json\/wp\/v2\/media?parent=55928"}],"wp:term":[{"taxonomy":"category","embeddable":true,"href":"https:\/\/swissbaker.ch\/fr\/wp-json\/wp\/v2\/categories?post=55928"},{"taxonomy":"post_tag","embeddable":true,"href":"https:\/\/swissbaker.ch\/fr\/wp-json\/wp\/v2\/tags?post=55928"}],"curies":[{"name":"wp","href":"https:\/\/api.w.org\/{rel}","templated":true}]}}